{"id":3078,"date":"2023-09-11T14:41:45","date_gmt":"2023-09-11T17:41:45","guid":{"rendered":"https:\/\/apuntesdesanluis.com\/?p=3078"},"modified":"2023-09-11T14:41:45","modified_gmt":"2023-09-11T17:41:45","slug":"merlo-reabren-inscripcion-para-capacitacion-gratuita-en-neurosicoeducacion","status":"publish","type":"post","link":"https:\/\/apuntesdesanluis.com\/index.php\/2023\/09\/11\/merlo-reabren-inscripcion-para-capacitacion-gratuita-en-neurosicoeducacion\/","title":{"rendered":"MERLO: REABREN INSCRIPCI\u00d3N PARA CAPACITACI\u00d3N GRATUITA EN NEUROSICOEDUCACI\u00d3N"},"content":{"rendered":"<h3>La capacitaci\u00f3n gratuita de neuroeducaci\u00f3n ser\u00e1 dictada por Sandra Frattini y tendr\u00e1 lugar en el Colegio N\u00b0 435 Pueblo Comeching\u00f3n, ubicado en Bv. Alberto Olivera 1200, los d\u00edas <strong>viernes 22 de 18:00 a 21:00 hs <\/strong>y <strong>s\u00e1bado 23 de 9:00 a 13:30 hs<\/strong>.<\/h3>\n<h3>Al finalizar la jornada se otorgar\u00e1 puntaje.<\/h3>\n<h3>Estar\u00e1 destinada a docentes y directivos de todos los niveles educativos. Estudiantes de 3er y 4to a\u00f1o de las carreras de Profesorado de nivel inicial y primaria.<\/h3>\n<h3>Este tipo de iniciativas promovidas por la gesti\u00f3n municipal de Juan \u00c1lvarez Pinto son sumamente importantes, buscan que el proceso de educaci\u00f3n sea encaminado hacia el dinamismo y evoluci\u00f3n del ni\u00f1o, permitiendo una mayor adaptaci\u00f3n a la vida diaria.<\/h3>\n<h3>Inscripciones en el siguiente link: <span style=\"color: #0000ff;\"><a style=\"color: #0000ff;\" href=\"http:\/\/tisseramerlo.com\/neuro\">http:\/\/tisseramerlo.com\/neuro<\/a><\/span><\/h3>\n<p><img fetchpriority=\"high\" decoding=\"async\" class=\"wp-image-3080 aligncenter\" src=\"https:\/\/apuntesdesanluis.com\/wp-content\/uploads\/2023\/09\/taller-240x300.jpg\" alt=\"\" width=\"477\" height=\"596\" srcset=\"https:\/\/apuntesdesanluis.com\/wp-content\/uploads\/2023\/09\/taller-240x300.jpg 240w, https:\/\/apuntesdesanluis.com\/wp-content\/uploads\/2023\/09\/taller.jpg 600w\" sizes=\"(max-width: 477px) 100vw, 477px\" \/><\/p>\n","protected":false},"excerpt":{"rendered":"<p>La capacitaci\u00f3n gratuita de neuroeducaci\u00f3n ser\u00e1 dictada por Sandra Frattini y tendr\u00e1 lugar en el&#8230;<\/p>\n","protected":false},"author":1,"featured_media":3079,"comment_status":"closed","ping_status":"closed","sticky":false,"template":"","format":"standard","meta":{"footnotes":""},"categories":[6],"tags":[],"class_list":["post-3078","post","type-post","status-publish","format-standard","has-post-thumbnail","hentry","category-ciudad-provincia"],"yoast_head":"<!-- This site is optimized with the Yoast SEO plugin v26.1.1 - https:\/\/yoast.com\/wordpress\/plugins\/seo\/ -->\n<title>MERLO: REABREN INSCRIPCI\u00d3N PARA CAPACITACI\u00d3N GRATUITA EN NEUROSICOEDUCACI\u00d3N - Apuntes de San Luis<\/title>\n<meta name=\"robots\" content=\"index, follow, max-snippet:-1, max-image-preview:large, max-video-preview:-1\" \/>\n<link rel=\"canonical\" href=\"https:\/\/apuntesdesanluis.com\/index.php\/2023\/09\/11\/merlo-reabren-inscripcion-para-capacitacion-gratuita-en-neurosicoeducacion\/\" \/>\n<meta property=\"og:locale\" content=\"es_ES\" \/>\n<meta property=\"og:type\" content=\"article\" \/>\n<meta property=\"og:title\" content=\"MERLO: REABREN INSCRIPCI\u00d3N PARA CAPACITACI\u00d3N GRATUITA EN NEUROSICOEDUCACI\u00d3N - Apuntes de San Luis\" \/>\n<meta property=\"og:description\" content=\"La capacitaci\u00f3n gratuita de neuroeducaci\u00f3n ser\u00e1 dictada por Sandra Frattini y tendr\u00e1 lugar en el...\" \/>\n<meta property=\"og:url\" content=\"https:\/\/apuntesdesanluis.com\/index.php\/2023\/09\/11\/merlo-reabren-inscripcion-para-capacitacion-gratuita-en-neurosicoeducacion\/\" \/>\n<meta property=\"og:site_name\" content=\"Apuntes de San Luis\" \/>\n<meta property=\"article:published_time\" content=\"2023-09-11T17:41:45+00:00\" \/>\n<meta property=\"og:image\" content=\"https:\/\/apuntesdesanluis.com\/wp-content\/uploads\/2023\/09\/escuela-435.png\" \/>\n\t<meta property=\"og:image:width\" content=\"611\" \/>\n\t<meta property=\"og:image:height\" content=\"356\" \/>\n\t<meta property=\"og:image:type\" content=\"image\/png\" \/>\n<meta name=\"author\" content=\"apuntesdesanluis.com\" \/>\n<meta name=\"twitter:card\" content=\"summary_large_image\" \/>\n<meta name=\"twitter:label1\" content=\"Escrito por\" \/>\n\t<meta name=\"twitter:data1\" content=\"apuntesdesanluis.com\" \/>\n\t<meta name=\"twitter:label2\" content=\"Tiempo de lectura\" \/>\n\t<meta name=\"twitter:data2\" content=\"1 minuto\" \/>\n<script type=\"application\/ld+json\" class=\"yoast-schema-graph\">{\"@context\":\"https:\/\/schema.org\",\"@graph\":[{\"@type\":\"Article\",\"@id\":\"https:\/\/apuntesdesanluis.com\/index.php\/2023\/09\/11\/merlo-reabren-inscripcion-para-capacitacion-gratuita-en-neurosicoeducacion\/#article\",\"isPartOf\":{\"@id\":\"https:\/\/apuntesdesanluis.com\/index.php\/2023\/09\/11\/merlo-reabren-inscripcion-para-capacitacion-gratuita-en-neurosicoeducacion\/\"},\"author\":{\"name\":\"apuntesdesanluis.com\",\"@id\":\"https:\/\/apuntesdesanluis.com\/#\/schema\/person\/b55151d52296fcce64d1a72538a70b90\"},\"headline\":\"MERLO: REABREN INSCRIPCI\u00d3N PARA CAPACITACI\u00d3N GRATUITA EN NEUROSICOEDUCACI\u00d3N\",\"datePublished\":\"2023-09-11T17:41:45+00:00\",\"mainEntityOfPage\":{\"@id\":\"https:\/\/apuntesdesanluis.com\/index.php\/2023\/09\/11\/merlo-reabren-inscripcion-para-capacitacion-gratuita-en-neurosicoeducacion\/\"},\"wordCount\":139,\"publisher\":{\"@id\":\"https:\/\/apuntesdesanluis.com\/#\/schema\/person\/b55151d52296fcce64d1a72538a70b90\"},\"image\":{\"@id\":\"https:\/\/apuntesdesanluis.com\/index.php\/2023\/09\/11\/merlo-reabren-inscripcion-para-capacitacion-gratuita-en-neurosicoeducacion\/#primaryimage\"},\"thumbnailUrl\":\"https:\/\/apuntesdesanluis.com\/wp-content\/uploads\/2023\/09\/escuela-435.png\",\"articleSection\":[\"Ciudad\/Provincia\"],\"inLanguage\":\"es-AR\"},{\"@type\":\"WebPage\",\"@id\":\"https:\/\/apuntesdesanluis.com\/index.php\/2023\/09\/11\/merlo-reabren-inscripcion-para-capacitacion-gratuita-en-neurosicoeducacion\/\",\"url\":\"https:\/\/apuntesdesanluis.com\/index.php\/2023\/09\/11\/merlo-reabren-inscripcion-para-capacitacion-gratuita-en-neurosicoeducacion\/\",\"name\":\"MERLO: REABREN INSCRIPCI\u00d3N PARA CAPACITACI\u00d3N GRATUITA EN NEUROSICOEDUCACI\u00d3N - Apuntes de San Luis\",\"isPartOf\":{\"@id\":\"https:\/\/apuntesdesanluis.com\/#website\"},\"primaryImageOfPage\":{\"@id\":\"https:\/\/apuntesdesanluis.com\/index.php\/2023\/09\/11\/merlo-reabren-inscripcion-para-capacitacion-gratuita-en-neurosicoeducacion\/#primaryimage\"},\"image\":{\"@id\":\"https:\/\/apuntesdesanluis.com\/index.php\/2023\/09\/11\/merlo-reabren-inscripcion-para-capacitacion-gratuita-en-neurosicoeducacion\/#primaryimage\"},\"thumbnailUrl\":\"https:\/\/apuntesdesanluis.com\/wp-content\/uploads\/2023\/09\/escuela-435.png\",\"datePublished\":\"2023-09-11T17:41:45+00:00\",\"breadcrumb\":{\"@id\":\"https:\/\/apuntesdesanluis.com\/index.php\/2023\/09\/11\/merlo-reabren-inscripcion-para-capacitacion-gratuita-en-neurosicoeducacion\/#breadcrumb\"},\"inLanguage\":\"es-AR\",\"potentialAction\":[{\"@type\":\"ReadAction\",\"target\":[\"https:\/\/apuntesdesanluis.com\/index.php\/2023\/09\/11\/merlo-reabren-inscripcion-para-capacitacion-gratuita-en-neurosicoeducacion\/\"]}]},{\"@type\":\"ImageObject\",\"inLanguage\":\"es-AR\",\"@id\":\"https:\/\/apuntesdesanluis.com\/index.php\/2023\/09\/11\/merlo-reabren-inscripcion-para-capacitacion-gratuita-en-neurosicoeducacion\/#primaryimage\",\"url\":\"https:\/\/apuntesdesanluis.com\/wp-content\/uploads\/2023\/09\/escuela-435.png\",\"contentUrl\":\"https:\/\/apuntesdesanluis.com\/wp-content\/uploads\/2023\/09\/escuela-435.png\",\"width\":611,\"height\":356},{\"@type\":\"BreadcrumbList\",\"@id\":\"https:\/\/apuntesdesanluis.com\/index.php\/2023\/09\/11\/merlo-reabren-inscripcion-para-capacitacion-gratuita-en-neurosicoeducacion\/#breadcrumb\",\"itemListElement\":[{\"@type\":\"ListItem\",\"position\":1,\"name\":\"Inicio\",\"item\":\"https:\/\/apuntesdesanluis.com\/\"},{\"@type\":\"ListItem\",\"position\":2,\"name\":\"MERLO: REABREN INSCRIPCI\u00d3N PARA CAPACITACI\u00d3N GRATUITA EN NEUROSICOEDUCACI\u00d3N\"}]},{\"@type\":\"WebSite\",\"@id\":\"https:\/\/apuntesdesanluis.com\/#website\",\"url\":\"https:\/\/apuntesdesanluis.com\/\",\"name\":\"Apuntes de San Luis\",\"description\":\"\",\"publisher\":{\"@id\":\"https:\/\/apuntesdesanluis.com\/#\/schema\/person\/b55151d52296fcce64d1a72538a70b90\"},\"potentialAction\":[{\"@type\":\"SearchAction\",\"target\":{\"@type\":\"EntryPoint\",\"urlTemplate\":\"https:\/\/apuntesdesanluis.com\/?s={search_term_string}\"},\"query-input\":{\"@type\":\"PropertyValueSpecification\",\"valueRequired\":true,\"valueName\":\"search_term_string\"}}],\"inLanguage\":\"es-AR\"},{\"@type\":[\"Person\",\"Organization\"],\"@id\":\"https:\/\/apuntesdesanluis.com\/#\/schema\/person\/b55151d52296fcce64d1a72538a70b90\",\"name\":\"apuntesdesanluis.com\",\"image\":{\"@type\":\"ImageObject\",\"inLanguage\":\"es-AR\",\"@id\":\"https:\/\/apuntesdesanluis.com\/#\/schema\/person\/image\/\",\"url\":\"https:\/\/apuntesdesanluis.com\/wp-content\/uploads\/2023\/07\/cropped-apuntesdesanluis.png\",\"contentUrl\":\"https:\/\/apuntesdesanluis.com\/wp-content\/uploads\/2023\/07\/cropped-apuntesdesanluis.png\",\"width\":450,\"height\":112,\"caption\":\"apuntesdesanluis.com\"},\"logo\":{\"@id\":\"https:\/\/apuntesdesanluis.com\/#\/schema\/person\/image\/\"},\"sameAs\":[\"https:\/\/apuntesdesanluis.com\"],\"url\":\"https:\/\/apuntesdesanluis.com\/index.php\/author\/apuntesdesanluis-com\/\"}]}<\/script>\n<!-- \/ Yoast SEO plugin. -->","yoast_head_json":{"title":"MERLO: REABREN INSCRIPCI\u00d3N PARA CAPACITACI\u00d3N GRATUITA EN NEUROSICOEDUCACI\u00d3N - Apuntes de San Luis","robots":{"index":"index","follow":"follow","max-snippet":"max-snippet:-1","max-image-preview":"max-image-preview:large","max-video-preview":"max-video-preview:-1"},"canonical":"https:\/\/apuntesdesanluis.com\/index.php\/2023\/09\/11\/merlo-reabren-inscripcion-para-capacitacion-gratuita-en-neurosicoeducacion\/","og_locale":"es_ES","og_type":"article","og_title":"MERLO: REABREN INSCRIPCI\u00d3N PARA CAPACITACI\u00d3N GRATUITA EN NEUROSICOEDUCACI\u00d3N - Apuntes de San Luis","og_description":"La capacitaci\u00f3n gratuita de neuroeducaci\u00f3n ser\u00e1 dictada por Sandra Frattini y tendr\u00e1 lugar en el...","og_url":"https:\/\/apuntesdesanluis.com\/index.php\/2023\/09\/11\/merlo-reabren-inscripcion-para-capacitacion-gratuita-en-neurosicoeducacion\/","og_site_name":"Apuntes de San Luis","article_published_time":"2023-09-11T17:41:45+00:00","og_image":[{"width":611,"height":356,"url":"https:\/\/apuntesdesanluis.com\/wp-content\/uploads\/2023\/09\/escuela-435.png","type":"image\/png"}],"author":"apuntesdesanluis.com","twitter_card":"summary_large_image","twitter_misc":{"Escrito por":"apuntesdesanluis.com","Tiempo de lectura":"1 minuto"},"schema":{"@context":"https:\/\/schema.org","@graph":[{"@type":"Article","@id":"https:\/\/apuntesdesanluis.com\/index.php\/2023\/09\/11\/merlo-reabren-inscripcion-para-capacitacion-gratuita-en-neurosicoeducacion\/#article","isPartOf":{"@id":"https:\/\/apuntesdesanluis.com\/index.php\/2023\/09\/11\/merlo-reabren-inscripcion-para-capacitacion-gratuita-en-neurosicoeducacion\/"},"author":{"name":"apuntesdesanluis.com","@id":"https:\/\/apuntesdesanluis.com\/#\/schema\/person\/b55151d52296fcce64d1a72538a70b90"},"headline":"MERLO: REABREN INSCRIPCI\u00d3N PARA CAPACITACI\u00d3N GRATUITA EN NEUROSICOEDUCACI\u00d3N","datePublished":"2023-09-11T17:41:45+00:00","mainEntityOfPage":{"@id":"https:\/\/apuntesdesanluis.com\/index.php\/2023\/09\/11\/merlo-reabren-inscripcion-para-capacitacion-gratuita-en-neurosicoeducacion\/"},"wordCount":139,"publisher":{"@id":"https:\/\/apuntesdesanluis.com\/#\/schema\/person\/b55151d52296fcce64d1a72538a70b90"},"image":{"@id":"https:\/\/apuntesdesanluis.com\/index.php\/2023\/09\/11\/merlo-reabren-inscripcion-para-capacitacion-gratuita-en-neurosicoeducacion\/#primaryimage"},"thumbnailUrl":"https:\/\/apuntesdesanluis.com\/wp-content\/uploads\/2023\/09\/escuela-435.png","articleSection":["Ciudad\/Provincia"],"inLanguage":"es-AR"},{"@type":"WebPage","@id":"https:\/\/apuntesdesanluis.com\/index.php\/2023\/09\/11\/merlo-reabren-inscripcion-para-capacitacion-gratuita-en-neurosicoeducacion\/","url":"https:\/\/apuntesdesanluis.com\/index.php\/2023\/09\/11\/merlo-reabren-inscripcion-para-capacitacion-gratuita-en-neurosicoeducacion\/","name":"MERLO: REABREN INSCRIPCI\u00d3N PARA CAPACITACI\u00d3N GRATUITA EN NEUROSICOEDUCACI\u00d3N - Apuntes de San Luis","isPartOf":{"@id":"https:\/\/apuntesdesanluis.com\/#website"},"primaryImageOfPage":{"@id":"https:\/\/apuntesdesanluis.com\/index.php\/2023\/09\/11\/merlo-reabren-inscripcion-para-capacitacion-gratuita-en-neurosicoeducacion\/#primaryimage"},"image":{"@id":"https:\/\/apuntesdesanluis.com\/index.php\/2023\/09\/11\/merlo-reabren-inscripcion-para-capacitacion-gratuita-en-neurosicoeducacion\/#primaryimage"},"thumbnailUrl":"https:\/\/apuntesdesanluis.com\/wp-content\/uploads\/2023\/09\/escuela-435.png","datePublished":"2023-09-11T17:41:45+00:00","breadcrumb":{"@id":"https:\/\/apuntesdesanluis.com\/index.php\/2023\/09\/11\/merlo-reabren-inscripcion-para-capacitacion-gratuita-en-neurosicoeducacion\/#breadcrumb"},"inLanguage":"es-AR","potentialAction":[{"@type":"ReadAction","target":["https:\/\/apuntesdesanluis.com\/index.php\/2023\/09\/11\/merlo-reabren-inscripcion-para-capacitacion-gratuita-en-neurosicoeducacion\/"]}]},{"@type":"ImageObject","inLanguage":"es-AR","@id":"https:\/\/apuntesdesanluis.com\/index.php\/2023\/09\/11\/merlo-reabren-inscripcion-para-capacitacion-gratuita-en-neurosicoeducacion\/#primaryimage","url":"https:\/\/apuntesdesanluis.com\/wp-content\/uploads\/2023\/09\/escuela-435.png","contentUrl":"https:\/\/apuntesdesanluis.com\/wp-content\/uploads\/2023\/09\/escuela-435.png","width":611,"height":356},{"@type":"BreadcrumbList","@id":"https:\/\/apuntesdesanluis.com\/index.php\/2023\/09\/11\/merlo-reabren-inscripcion-para-capacitacion-gratuita-en-neurosicoeducacion\/#breadcrumb","itemListElement":[{"@type":"ListItem","position":1,"name":"Inicio","item":"https:\/\/apuntesdesanluis.com\/"},{"@type":"ListItem","position":2,"name":"MERLO: REABREN INSCRIPCI\u00d3N PARA CAPACITACI\u00d3N GRATUITA EN NEUROSICOEDUCACI\u00d3N"}]},{"@type":"WebSite","@id":"https:\/\/apuntesdesanluis.com\/#website","url":"https:\/\/apuntesdesanluis.com\/","name":"Apuntes de San Luis","description":"","publisher":{"@id":"https:\/\/apuntesdesanluis.com\/#\/schema\/person\/b55151d52296fcce64d1a72538a70b90"},"potentialAction":[{"@type":"SearchAction","target":{"@type":"EntryPoint","urlTemplate":"https:\/\/apuntesdesanluis.com\/?s={search_term_string}"},"query-input":{"@type":"PropertyValueSpecification","valueRequired":true,"valueName":"search_term_string"}}],"inLanguage":"es-AR"},{"@type":["Person","Organization"],"@id":"https:\/\/apuntesdesanluis.com\/#\/schema\/person\/b55151d52296fcce64d1a72538a70b90","name":"apuntesdesanluis.com","image":{"@type":"ImageObject","inLanguage":"es-AR","@id":"https:\/\/apuntesdesanluis.com\/#\/schema\/person\/image\/","url":"https:\/\/apuntesdesanluis.com\/wp-content\/uploads\/2023\/07\/cropped-apuntesdesanluis.png","contentUrl":"https:\/\/apuntesdesanluis.com\/wp-content\/uploads\/2023\/07\/cropped-apuntesdesanluis.png","width":450,"height":112,"caption":"apuntesdesanluis.com"},"logo":{"@id":"https:\/\/apuntesdesanluis.com\/#\/schema\/person\/image\/"},"sameAs":["https:\/\/apuntesdesanluis.com"],"url":"https:\/\/apuntesdesanluis.com\/index.php\/author\/apuntesdesanluis-com\/"}]}},"featured_image_urls":{"full":["https:\/\/apuntesdesanluis.com\/wp-content\/uploads\/2023\/09\/escuela-435.png",611,356,false],"thumbnail":["https:\/\/apuntesdesanluis.com\/wp-content\/uploads\/2023\/09\/escuela-435-150x150.png",150,150,true],"medium":["https:\/\/apuntesdesanluis.com\/wp-content\/uploads\/2023\/09\/escuela-435-300x175.png",300,175,true],"medium_large":["https:\/\/apuntesdesanluis.com\/wp-content\/uploads\/2023\/09\/escuela-435.png",611,356,false],"large":["https:\/\/apuntesdesanluis.com\/wp-content\/uploads\/2023\/09\/escuela-435.png",611,356,false],"1536x1536":["https:\/\/apuntesdesanluis.com\/wp-content\/uploads\/2023\/09\/escuela-435.png",611,356,false],"2048x2048":["https:\/\/apuntesdesanluis.com\/wp-content\/uploads\/2023\/09\/escuela-435.png",611,356,false],"newsever-slider-full":["https:\/\/apuntesdesanluis.com\/wp-content\/uploads\/2023\/09\/escuela-435.png",611,356,false],"newsever-featured":["https:\/\/apuntesdesanluis.com\/wp-content\/uploads\/2023\/09\/escuela-435.png",611,356,false],"newsever-medium":["https:\/\/apuntesdesanluis.com\/wp-content\/uploads\/2023\/09\/escuela-435.png",611,356,false]},"author_info":{"display_name":"apuntesdesanluis.com","author_link":"https:\/\/apuntesdesanluis.com\/index.php\/author\/apuntesdesanluis-com\/"},"category_info":"<a href=\"https:\/\/apuntesdesanluis.com\/index.php\/category\/ciudad-provincia\/\" rel=\"category tag\">Ciudad\/Provincia<\/a>","tag_info":"Ciudad\/Provincia","comment_count":"0","_links":{"self":[{"href":"https:\/\/apuntesdesanluis.com\/index.php\/wp-json\/wp\/v2\/posts\/3078","targetHints":{"allow":["GET"]}}],"collection":[{"href":"https:\/\/apuntesdesanluis.com\/index.php\/wp-json\/wp\/v2\/posts"}],"about":[{"href":"https:\/\/apuntesdesanluis.com\/index.php\/wp-json\/wp\/v2\/types\/post"}],"author":[{"embeddable":true,"href":"https:\/\/apuntesdesanluis.com\/index.php\/wp-json\/wp\/v2\/users\/1"}],"replies":[{"embeddable":true,"href":"https:\/\/apuntesdesanluis.com\/index.php\/wp-json\/wp\/v2\/comments?post=3078"}],"version-history":[{"count":1,"href":"https:\/\/apuntesdesanluis.com\/index.php\/wp-json\/wp\/v2\/posts\/3078\/revisions"}],"predecessor-version":[{"id":3081,"href":"https:\/\/apuntesdesanluis.com\/index.php\/wp-json\/wp\/v2\/posts\/3078\/revisions\/3081"}],"wp:featuredmedia":[{"embeddable":true,"href":"https:\/\/apuntesdesanluis.com\/index.php\/wp-json\/wp\/v2\/media\/3079"}],"wp:attachment":[{"href":"https:\/\/apuntesdesanluis.com\/index.php\/wp-json\/wp\/v2\/media?parent=3078"}],"wp:term":[{"taxonomy":"category","embeddable":true,"href":"https:\/\/apuntesdesanluis.com\/index.php\/wp-json\/wp\/v2\/categories?post=3078"},{"taxonomy":"post_tag","embeddable":true,"href":"https:\/\/apuntesdesanluis.com\/index.php\/wp-json\/wp\/v2\/tags?post=3078"}],"curies":[{"name":"wp","href":"https:\/\/api.w.org\/{rel}","templated":true}]}}