{"id":30782,"date":"2025-03-24T21:07:57","date_gmt":"2025-03-25T00:07:57","guid":{"rendered":"https:\/\/apuntesdesanluis.com\/?p=30782"},"modified":"2025-03-24T21:07:57","modified_gmt":"2025-03-25T00:07:57","slug":"el-gobierno-ordeno-desclasificar-la-documentacion-vinculada-al-accionar-de-las-fuerzas-armadas-durante-la-dictadura","status":"publish","type":"post","link":"https:\/\/apuntesdesanluis.com\/index.php\/2025\/03\/24\/el-gobierno-ordeno-desclasificar-la-documentacion-vinculada-al-accionar-de-las-fuerzas-armadas-durante-la-dictadura\/","title":{"rendered":"EL GOBIERNO ORDEN\u00d3 DESCLASIFICAR LA DOCUMENTACI\u00d3N VINCULADA AL ACCIONAR DE LAS FUERZAS ARMADAS DURANTE LA DICTADURA"},"content":{"rendered":"<h3>El vocero presidencial, <strong>Manuel Adorni<\/strong>, anunci\u00f3 que el presidente <strong>Javier Milei<\/strong> orden\u00f3 desclasificar toda la documentaci\u00f3n que existe sobre el accionar de las Fuerzas Armadas durante la \u00faltima dictadura militar. La medida tambi\u00e9n abarca a cualquier otra informaci\u00f3n producida en otro per\u00edodo pero relacionada con las Fuerzas.<\/h3>\n<h3>\u201cEsta decisi\u00f3n responde al cumplimiento del decreto 4 del a\u00f1o 2010, que si bien se dict\u00f3 hace 15 a\u00f1os, nunca fue implementado completamente\u201d, asegur\u00f3 Adorni en un video grabado en Casa Rosada que fue difundido a las 11.<\/h3>\n<h3>El funcionario inform\u00f3 que la medida implica el traspaso absoluto de archivos que est\u00e1n bajo la \u00f3rbita de la Secretar\u00eda de Inteligencia del Estado (SIDE) al Archivo General de la Naci\u00f3n, organismo encargado de la conservaci\u00f3n de documentos hist\u00f3ricos.<\/h3>\n<h3>\u00a0\u201cDurante d\u00e9cadas, los archivos en manos de la SIDE permanecieron en las sombras y s\u00f3lo los gobiernos de turno tuvieron acceso a esta informaci\u00f3n secreta. A pesar de esl\u00f3ganes vac\u00edos sobre su compromiso con la verdad, la memoria y la justicia, estos documentos fueron utilizados como un bot\u00edn de guerra vaya a saber uno con qu\u00e9 motivo\u201d, analiz\u00f3 Adorni.<\/h3>\n<h3>A la par, Adorni inform\u00f3 que a partir de ahora, el Gobierno reconocer\u00e1 ante la Comisi\u00f3n Interamericana de Derechos Humanos que el atentado del Ej\u00e9rcito Revolucionario del Pueblo (ERP) a la familia del capit\u00e1n <strong>Humberto Viola<\/strong> fue un crimen de lesa humanidad. La decisi\u00f3n alude a un ataque perpetrado el 1\u00b0 de diciembre de 1974, en el centro de San Miguel, en el que murieron Viola y su hija Mar\u00eda Cristina, de apenas 3 a\u00f1os de edad. Como el caso no era reconocido como de lesa humanidad, la Justicia no pod\u00eda avanzar con el pedido de la familia de reabrir la investigaci\u00f3n.<\/h3>\n<h3>Para que se cumpla ese objetivo, el presidente Milei instruy\u00f3 a la Secretar\u00eda de Culto y Civilizaci\u00f3n de la Canciller\u00eda Argentina, que encabeza Nahuel Sotelo, para que reconozca ante la CIDH que este crimen debe ser considerado un delito de lesa humanidad, ocurrido en el marco de un conflicto armado interno.<\/h3>\n<h3>Luego a trav\u00e9s de un comunicado de la Oficina de la Presidencia (OPRA) en la red social X (ex Twitter) se indic\u00f3 que \u201cel Gobierno enviar\u00e1 al Congreso de la Naci\u00f3n un proyecto de ley la imprescriptibilidad penal y civil de este tipo de delitos\u201d. Un rato m\u00e1s tarde, Milei lo retuite\u00f3 con el mensaje \u201ca fondo en la b\u00fasqueda de la verdad. En su defecto, jam\u00e1s habr\u00e1 justicia\u201d. en letras may\u00fasculas.<\/h3>\n<p><img fetchpriority=\"high\" decoding=\"async\" class=\"wp-image-30784 aligncenter\" src=\"https:\/\/apuntesdesanluis.com\/wp-content\/uploads\/2025\/03\/CAPITAN-VIOLA-300x216.png\" alt=\"\" width=\"718\" height=\"517\" srcset=\"https:\/\/apuntesdesanluis.com\/wp-content\/uploads\/2025\/03\/CAPITAN-VIOLA-300x216.png 300w, https:\/\/apuntesdesanluis.com\/wp-content\/uploads\/2025\/03\/CAPITAN-VIOLA.png 744w\" sizes=\"(max-width: 718px) 100vw, 718px\" \/><\/p>\n<h4 style=\"text-align: center;\"><em>El capit\u00e1n Humberto Viola,\u00a0 junto a su esposa Mar\u00eda Cristina Maby Pic\u00f3n.<\/em><\/h4>\n<h3>En su mensaje Adorni sostuvo que con esta determinaci\u00f3n que adopt\u00f3 el Presidente \u201clos archivos relacionados con el accionar de la \u00faltima dictadura militar pasar\u00e1n a estar al servicio de la memoria y no de la manipulaci\u00f3n pol\u00edtica. Esta iniciativa puede resultar novedosa para la Argentina, pero no lo es a nivel mundial\u201d.<\/h3>\n<h3>\u201cEsta decisi\u00f3n responde al cumplimiento del Decreto 4 del a\u00f1o 2010, que, si bien se dict\u00f3 hace ya 15 a\u00f1os, nunca fue implementado completamente. Esto implica el traspaso absoluto de estos archivos, en manos de la SIDE y la Secretar\u00eda de Inteligencia del Estado, a la \u00f3rbita del Archivo General de la Naci\u00f3n, organismo encargado de la conservaci\u00f3n y consulta de documentos hist\u00f3ricos\u201d, consign\u00f3. El decreto al que hizo alusi\u00f3n fue dictado por Cristina Kirchner pero qued\u00f3 inconcluso.<\/h3>\n<h3>El vocero presidencial detall\u00f3 lo que ocurri\u00f3 con el capit\u00e1n Viola y con su familia el 1\u00b0 de diciembre de 1974 en Tucum\u00e1n. \u201cUn grupo de guerrilleros, con escopetas y ametralladoras en mano, intercept\u00f3 el auto en el que el capit\u00e1n viajaba con su familia: su esposa, Mar\u00eda Cristina Pic\u00f3n, embarazada de cinco meses, y sus dos hijas, Mar\u00eda Fernanda, de cinco a\u00f1os, y Mar\u00eda Cristina, de tan solo tres a\u00f1os. Despu\u00e9s de una corta balacera, su hija menor, Mar\u00eda Cristina, fue asesinada. El capit\u00e1n Viola, gravemente herido, intent\u00f3 correr en la direcci\u00f3n opuesta al veh\u00edculo para salvaguardar al resto de su familia y fue asesinado por la espalda de un disparo en la cabeza. Su hija mayor, Mar\u00eda Fernanda, result\u00f3 herida de un disparo en la cabeza, estuvo en coma cuatro meses y sufri\u00f3 ocho operaciones, pero logr\u00f3 sobrevivir. Su esposa, que afortunadamente sali\u00f3 ilesa del atentado, falleci\u00f3 en el a\u00f1o 2021, despu\u00e9s de pasar el resto de sus d\u00edas bregando por justicia, dado que tuvo que ver c\u00f3mo los asesinos de su hija y su esposo, de apellidos N\u00fa\u00f1ez, Carrizo, Paz y Emperador, fueron liberados hacia finales de la d\u00e9cada del 80\u2033, describi\u00f3.<\/h3>\n","protected":false},"excerpt":{"rendered":"<p>El vocero presidencial, Manuel Adorni, anunci\u00f3 que el presidente Javier Milei orden\u00f3 desclasificar toda la&#8230;<\/p>\n","protected":false},"author":1,"featured_media":23656,"comment_status":"closed","ping_status":"closed","sticky":false,"template":"","format":"standard","meta":{"footnotes":""},"categories":[5],"tags":[],"class_list":["post-30782","post","type-post","status-publish","format-standard","has-post-thumbnail","hentry","category-nacionales-internacionales"],"yoast_head":"<!-- This site is optimized with the Yoast SEO plugin v26.1.1 - https:\/\/yoast.com\/wordpress\/plugins\/seo\/ -->\n<title>EL GOBIERNO ORDEN\u00d3 DESCLASIFICAR LA DOCUMENTACI\u00d3N VINCULADA AL ACCIONAR DE LAS FUERZAS ARMADAS DURANTE LA DICTADURA - Apuntes de San Luis<\/title>\n<meta name=\"robots\" content=\"index, follow, max-snippet:-1, max-image-preview:large, max-video-preview:-1\" \/>\n<link rel=\"canonical\" href=\"https:\/\/apuntesdesanluis.com\/index.php\/2025\/03\/24\/el-gobierno-ordeno-desclasificar-la-documentacion-vinculada-al-accionar-de-las-fuerzas-armadas-durante-la-dictadura\/\" \/>\n<meta property=\"og:locale\" content=\"es_ES\" \/>\n<meta property=\"og:type\" content=\"article\" \/>\n<meta property=\"og:title\" content=\"EL GOBIERNO ORDEN\u00d3 DESCLASIFICAR LA DOCUMENTACI\u00d3N VINCULADA AL ACCIONAR DE LAS FUERZAS ARMADAS DURANTE LA DICTADURA - Apuntes de San Luis\" \/>\n<meta property=\"og:description\" content=\"El vocero presidencial, Manuel Adorni, anunci\u00f3 que el presidente Javier Milei orden\u00f3 desclasificar toda la...\" \/>\n<meta property=\"og:url\" content=\"https:\/\/apuntesdesanluis.com\/index.php\/2025\/03\/24\/el-gobierno-ordeno-desclasificar-la-documentacion-vinculada-al-accionar-de-las-fuerzas-armadas-durante-la-dictadura\/\" \/>\n<meta property=\"og:site_name\" content=\"Apuntes de San Luis\" \/>\n<meta property=\"article:published_time\" content=\"2025-03-25T00:07:57+00:00\" \/>\n<meta property=\"og:image\" content=\"https:\/\/apuntesdesanluis.com\/wp-content\/uploads\/2024\/10\/ADORNI.png\" \/>\n\t<meta property=\"og:image:width\" content=\"735\" \/>\n\t<meta property=\"og:image:height\" content=\"436\" \/>\n\t<meta property=\"og:image:type\" content=\"image\/png\" \/>\n<meta name=\"author\" content=\"apuntesdesanluis.com\" \/>\n<meta name=\"twitter:card\" content=\"summary_large_image\" \/>\n<meta name=\"twitter:label1\" content=\"Escrito por\" \/>\n\t<meta name=\"twitter:data1\" content=\"apuntesdesanluis.com\" \/>\n\t<meta name=\"twitter:label2\" content=\"Tiempo de lectura\" \/>\n\t<meta name=\"twitter:data2\" content=\"4 minutos\" \/>\n<script type=\"application\/ld+json\" class=\"yoast-schema-graph\">{\"@context\":\"https:\/\/schema.org\",\"@graph\":[{\"@type\":\"Article\",\"@id\":\"https:\/\/apuntesdesanluis.com\/index.php\/2025\/03\/24\/el-gobierno-ordeno-desclasificar-la-documentacion-vinculada-al-accionar-de-las-fuerzas-armadas-durante-la-dictadura\/#article\",\"isPartOf\":{\"@id\":\"https:\/\/apuntesdesanluis.com\/index.php\/2025\/03\/24\/el-gobierno-ordeno-desclasificar-la-documentacion-vinculada-al-accionar-de-las-fuerzas-armadas-durante-la-dictadura\/\"},\"author\":{\"name\":\"apuntesdesanluis.com\",\"@id\":\"https:\/\/apuntesdesanluis.com\/#\/schema\/person\/b55151d52296fcce64d1a72538a70b90\"},\"headline\":\"EL GOBIERNO ORDEN\u00d3 DESCLASIFICAR LA DOCUMENTACI\u00d3N VINCULADA AL ACCIONAR DE LAS FUERZAS ARMADAS DURANTE LA DICTADURA\",\"datePublished\":\"2025-03-25T00:07:57+00:00\",\"mainEntityOfPage\":{\"@id\":\"https:\/\/apuntesdesanluis.com\/index.php\/2025\/03\/24\/el-gobierno-ordeno-desclasificar-la-documentacion-vinculada-al-accionar-de-las-fuerzas-armadas-durante-la-dictadura\/\"},\"wordCount\":820,\"publisher\":{\"@id\":\"https:\/\/apuntesdesanluis.com\/#\/schema\/person\/b55151d52296fcce64d1a72538a70b90\"},\"image\":{\"@id\":\"https:\/\/apuntesdesanluis.com\/index.php\/2025\/03\/24\/el-gobierno-ordeno-desclasificar-la-documentacion-vinculada-al-accionar-de-las-fuerzas-armadas-durante-la-dictadura\/#primaryimage\"},\"thumbnailUrl\":\"https:\/\/apuntesdesanluis.com\/wp-content\/uploads\/2024\/10\/ADORNI.png\",\"articleSection\":[\"Nacionales\/Internacionales\"],\"inLanguage\":\"es-AR\"},{\"@type\":\"WebPage\",\"@id\":\"https:\/\/apuntesdesanluis.com\/index.php\/2025\/03\/24\/el-gobierno-ordeno-desclasificar-la-documentacion-vinculada-al-accionar-de-las-fuerzas-armadas-durante-la-dictadura\/\",\"url\":\"https:\/\/apuntesdesanluis.com\/index.php\/2025\/03\/24\/el-gobierno-ordeno-desclasificar-la-documentacion-vinculada-al-accionar-de-las-fuerzas-armadas-durante-la-dictadura\/\",\"name\":\"EL GOBIERNO ORDEN\u00d3 DESCLASIFICAR LA DOCUMENTACI\u00d3N VINCULADA AL ACCIONAR DE LAS FUERZAS ARMADAS DURANTE LA DICTADURA - Apuntes de San Luis\",\"isPartOf\":{\"@id\":\"https:\/\/apuntesdesanluis.com\/#website\"},\"primaryImageOfPage\":{\"@id\":\"https:\/\/apuntesdesanluis.com\/index.php\/2025\/03\/24\/el-gobierno-ordeno-desclasificar-la-documentacion-vinculada-al-accionar-de-las-fuerzas-armadas-durante-la-dictadura\/#primaryimage\"},\"image\":{\"@id\":\"https:\/\/apuntesdesanluis.com\/index.php\/2025\/03\/24\/el-gobierno-ordeno-desclasificar-la-documentacion-vinculada-al-accionar-de-las-fuerzas-armadas-durante-la-dictadura\/#primaryimage\"},\"thumbnailUrl\":\"https:\/\/apuntesdesanluis.com\/wp-content\/uploads\/2024\/10\/ADORNI.png\",\"datePublished\":\"2025-03-25T00:07:57+00:00\",\"breadcrumb\":{\"@id\":\"https:\/\/apuntesdesanluis.com\/index.php\/2025\/03\/24\/el-gobierno-ordeno-desclasificar-la-documentacion-vinculada-al-accionar-de-las-fuerzas-armadas-durante-la-dictadura\/#breadcrumb\"},\"inLanguage\":\"es-AR\",\"potentialAction\":[{\"@type\":\"ReadAction\",\"target\":[\"https:\/\/apuntesdesanluis.com\/index.php\/2025\/03\/24\/el-gobierno-ordeno-desclasificar-la-documentacion-vinculada-al-accionar-de-las-fuerzas-armadas-durante-la-dictadura\/\"]}]},{\"@type\":\"ImageObject\",\"inLanguage\":\"es-AR\",\"@id\":\"https:\/\/apuntesdesanluis.com\/index.php\/2025\/03\/24\/el-gobierno-ordeno-desclasificar-la-documentacion-vinculada-al-accionar-de-las-fuerzas-armadas-durante-la-dictadura\/#primaryimage\",\"url\":\"https:\/\/apuntesdesanluis.com\/wp-content\/uploads\/2024\/10\/ADORNI.png\",\"contentUrl\":\"https:\/\/apuntesdesanluis.com\/wp-content\/uploads\/2024\/10\/ADORNI.png\",\"width\":735,\"height\":436},{\"@type\":\"BreadcrumbList\",\"@id\":\"https:\/\/apuntesdesanluis.com\/index.php\/2025\/03\/24\/el-gobierno-ordeno-desclasificar-la-documentacion-vinculada-al-accionar-de-las-fuerzas-armadas-durante-la-dictadura\/#breadcrumb\",\"itemListElement\":[{\"@type\":\"ListItem\",\"position\":1,\"name\":\"Inicio\",\"item\":\"https:\/\/apuntesdesanluis.com\/\"},{\"@type\":\"ListItem\",\"position\":2,\"name\":\"EL GOBIERNO ORDEN\u00d3 DESCLASIFICAR LA DOCUMENTACI\u00d3N VINCULADA AL ACCIONAR DE LAS FUERZAS ARMADAS DURANTE LA DICTADURA\"}]},{\"@type\":\"WebSite\",\"@id\":\"https:\/\/apuntesdesanluis.com\/#website\",\"url\":\"https:\/\/apuntesdesanluis.com\/\",\"name\":\"Apuntes de San Luis\",\"description\":\"\",\"publisher\":{\"@id\":\"https:\/\/apuntesdesanluis.com\/#\/schema\/person\/b55151d52296fcce64d1a72538a70b90\"},\"potentialAction\":[{\"@type\":\"SearchAction\",\"target\":{\"@type\":\"EntryPoint\",\"urlTemplate\":\"https:\/\/apuntesdesanluis.com\/?s={search_term_string}\"},\"query-input\":{\"@type\":\"PropertyValueSpecification\",\"valueRequired\":true,\"valueName\":\"search_term_string\"}}],\"inLanguage\":\"es-AR\"},{\"@type\":[\"Person\",\"Organization\"],\"@id\":\"https:\/\/apuntesdesanluis.com\/#\/schema\/person\/b55151d52296fcce64d1a72538a70b90\",\"name\":\"apuntesdesanluis.com\",\"image\":{\"@type\":\"ImageObject\",\"inLanguage\":\"es-AR\",\"@id\":\"https:\/\/apuntesdesanluis.com\/#\/schema\/person\/image\/\",\"url\":\"https:\/\/apuntesdesanluis.com\/wp-content\/uploads\/2023\/07\/cropped-apuntesdesanluis.png\",\"contentUrl\":\"https:\/\/apuntesdesanluis.com\/wp-content\/uploads\/2023\/07\/cropped-apuntesdesanluis.png\",\"width\":450,\"height\":112,\"caption\":\"apuntesdesanluis.com\"},\"logo\":{\"@id\":\"https:\/\/apuntesdesanluis.com\/#\/schema\/person\/image\/\"},\"sameAs\":[\"https:\/\/apuntesdesanluis.com\"],\"url\":\"https:\/\/apuntesdesanluis.com\/index.php\/author\/apuntesdesanluis-com\/\"}]}<\/script>\n<!-- \/ Yoast SEO plugin. -->","yoast_head_json":{"title":"EL GOBIERNO ORDEN\u00d3 DESCLASIFICAR LA DOCUMENTACI\u00d3N VINCULADA AL ACCIONAR DE LAS FUERZAS ARMADAS DURANTE LA DICTADURA - Apuntes de San Luis","robots":{"index":"index","follow":"follow","max-snippet":"max-snippet:-1","max-image-preview":"max-image-preview:large","max-video-preview":"max-video-preview:-1"},"canonical":"https:\/\/apuntesdesanluis.com\/index.php\/2025\/03\/24\/el-gobierno-ordeno-desclasificar-la-documentacion-vinculada-al-accionar-de-las-fuerzas-armadas-durante-la-dictadura\/","og_locale":"es_ES","og_type":"article","og_title":"EL GOBIERNO ORDEN\u00d3 DESCLASIFICAR LA DOCUMENTACI\u00d3N VINCULADA AL ACCIONAR DE LAS FUERZAS ARMADAS DURANTE LA DICTADURA - Apuntes de San Luis","og_description":"El vocero presidencial, Manuel Adorni, anunci\u00f3 que el presidente Javier Milei orden\u00f3 desclasificar toda la...","og_url":"https:\/\/apuntesdesanluis.com\/index.php\/2025\/03\/24\/el-gobierno-ordeno-desclasificar-la-documentacion-vinculada-al-accionar-de-las-fuerzas-armadas-durante-la-dictadura\/","og_site_name":"Apuntes de San Luis","article_published_time":"2025-03-25T00:07:57+00:00","og_image":[{"width":735,"height":436,"url":"https:\/\/apuntesdesanluis.com\/wp-content\/uploads\/2024\/10\/ADORNI.png","type":"image\/png"}],"author":"apuntesdesanluis.com","twitter_card":"summary_large_image","twitter_misc":{"Escrito por":"apuntesdesanluis.com","Tiempo de lectura":"4 minutos"},"schema":{"@context":"https:\/\/schema.org","@graph":[{"@type":"Article","@id":"https:\/\/apuntesdesanluis.com\/index.php\/2025\/03\/24\/el-gobierno-ordeno-desclasificar-la-documentacion-vinculada-al-accionar-de-las-fuerzas-armadas-durante-la-dictadura\/#article","isPartOf":{"@id":"https:\/\/apuntesdesanluis.com\/index.php\/2025\/03\/24\/el-gobierno-ordeno-desclasificar-la-documentacion-vinculada-al-accionar-de-las-fuerzas-armadas-durante-la-dictadura\/"},"author":{"name":"apuntesdesanluis.com","@id":"https:\/\/apuntesdesanluis.com\/#\/schema\/person\/b55151d52296fcce64d1a72538a70b90"},"headline":"EL GOBIERNO ORDEN\u00d3 DESCLASIFICAR LA DOCUMENTACI\u00d3N VINCULADA AL ACCIONAR DE LAS FUERZAS ARMADAS DURANTE LA DICTADURA","datePublished":"2025-03-25T00:07:57+00:00","mainEntityOfPage":{"@id":"https:\/\/apuntesdesanluis.com\/index.php\/2025\/03\/24\/el-gobierno-ordeno-desclasificar-la-documentacion-vinculada-al-accionar-de-las-fuerzas-armadas-durante-la-dictadura\/"},"wordCount":820,"publisher":{"@id":"https:\/\/apuntesdesanluis.com\/#\/schema\/person\/b55151d52296fcce64d1a72538a70b90"},"image":{"@id":"https:\/\/apuntesdesanluis.com\/index.php\/2025\/03\/24\/el-gobierno-ordeno-desclasificar-la-documentacion-vinculada-al-accionar-de-las-fuerzas-armadas-durante-la-dictadura\/#primaryimage"},"thumbnailUrl":"https:\/\/apuntesdesanluis.com\/wp-content\/uploads\/2024\/10\/ADORNI.png","articleSection":["Nacionales\/Internacionales"],"inLanguage":"es-AR"},{"@type":"WebPage","@id":"https:\/\/apuntesdesanluis.com\/index.php\/2025\/03\/24\/el-gobierno-ordeno-desclasificar-la-documentacion-vinculada-al-accionar-de-las-fuerzas-armadas-durante-la-dictadura\/","url":"https:\/\/apuntesdesanluis.com\/index.php\/2025\/03\/24\/el-gobierno-ordeno-desclasificar-la-documentacion-vinculada-al-accionar-de-las-fuerzas-armadas-durante-la-dictadura\/","name":"EL GOBIERNO ORDEN\u00d3 DESCLASIFICAR LA DOCUMENTACI\u00d3N VINCULADA AL ACCIONAR DE LAS FUERZAS ARMADAS DURANTE LA DICTADURA - Apuntes de San Luis","isPartOf":{"@id":"https:\/\/apuntesdesanluis.com\/#website"},"primaryImageOfPage":{"@id":"https:\/\/apuntesdesanluis.com\/index.php\/2025\/03\/24\/el-gobierno-ordeno-desclasificar-la-documentacion-vinculada-al-accionar-de-las-fuerzas-armadas-durante-la-dictadura\/#primaryimage"},"image":{"@id":"https:\/\/apuntesdesanluis.com\/index.php\/2025\/03\/24\/el-gobierno-ordeno-desclasificar-la-documentacion-vinculada-al-accionar-de-las-fuerzas-armadas-durante-la-dictadura\/#primaryimage"},"thumbnailUrl":"https:\/\/apuntesdesanluis.com\/wp-content\/uploads\/2024\/10\/ADORNI.png","datePublished":"2025-03-25T00:07:57+00:00","breadcrumb":{"@id":"https:\/\/apuntesdesanluis.com\/index.php\/2025\/03\/24\/el-gobierno-ordeno-desclasificar-la-documentacion-vinculada-al-accionar-de-las-fuerzas-armadas-durante-la-dictadura\/#breadcrumb"},"inLanguage":"es-AR","potentialAction":[{"@type":"ReadAction","target":["https:\/\/apuntesdesanluis.com\/index.php\/2025\/03\/24\/el-gobierno-ordeno-desclasificar-la-documentacion-vinculada-al-accionar-de-las-fuerzas-armadas-durante-la-dictadura\/"]}]},{"@type":"ImageObject","inLanguage":"es-AR","@id":"https:\/\/apuntesdesanluis.com\/index.php\/2025\/03\/24\/el-gobierno-ordeno-desclasificar-la-documentacion-vinculada-al-accionar-de-las-fuerzas-armadas-durante-la-dictadura\/#primaryimage","url":"https:\/\/apuntesdesanluis.com\/wp-content\/uploads\/2024\/10\/ADORNI.png","contentUrl":"https:\/\/apuntesdesanluis.com\/wp-content\/uploads\/2024\/10\/ADORNI.png","width":735,"height":436},{"@type":"BreadcrumbList","@id":"https:\/\/apuntesdesanluis.com\/index.php\/2025\/03\/24\/el-gobierno-ordeno-desclasificar-la-documentacion-vinculada-al-accionar-de-las-fuerzas-armadas-durante-la-dictadura\/#breadcrumb","itemListElement":[{"@type":"ListItem","position":1,"name":"Inicio","item":"https:\/\/apuntesdesanluis.com\/"},{"@type":"ListItem","position":2,"name":"EL GOBIERNO ORDEN\u00d3 DESCLASIFICAR LA DOCUMENTACI\u00d3N VINCULADA AL ACCIONAR DE LAS FUERZAS ARMADAS DURANTE LA DICTADURA"}]},{"@type":"WebSite","@id":"https:\/\/apuntesdesanluis.com\/#website","url":"https:\/\/apuntesdesanluis.com\/","name":"Apuntes de San Luis","description":"","publisher":{"@id":"https:\/\/apuntesdesanluis.com\/#\/schema\/person\/b55151d52296fcce64d1a72538a70b90"},"potentialAction":[{"@type":"SearchAction","target":{"@type":"EntryPoint","urlTemplate":"https:\/\/apuntesdesanluis.com\/?s={search_term_string}"},"query-input":{"@type":"PropertyValueSpecification","valueRequired":true,"valueName":"search_term_string"}}],"inLanguage":"es-AR"},{"@type":["Person","Organization"],"@id":"https:\/\/apuntesdesanluis.com\/#\/schema\/person\/b55151d52296fcce64d1a72538a70b90","name":"apuntesdesanluis.com","image":{"@type":"ImageObject","inLanguage":"es-AR","@id":"https:\/\/apuntesdesanluis.com\/#\/schema\/person\/image\/","url":"https:\/\/apuntesdesanluis.com\/wp-content\/uploads\/2023\/07\/cropped-apuntesdesanluis.png","contentUrl":"https:\/\/apuntesdesanluis.com\/wp-content\/uploads\/2023\/07\/cropped-apuntesdesanluis.png","width":450,"height":112,"caption":"apuntesdesanluis.com"},"logo":{"@id":"https:\/\/apuntesdesanluis.com\/#\/schema\/person\/image\/"},"sameAs":["https:\/\/apuntesdesanluis.com"],"url":"https:\/\/apuntesdesanluis.com\/index.php\/author\/apuntesdesanluis-com\/"}]}},"featured_image_urls":{"full":["https:\/\/apuntesdesanluis.com\/wp-content\/uploads\/2024\/10\/ADORNI.png",735,436,false],"thumbnail":["https:\/\/apuntesdesanluis.com\/wp-content\/uploads\/2024\/10\/ADORNI-150x150.png",150,150,true],"medium":["https:\/\/apuntesdesanluis.com\/wp-content\/uploads\/2024\/10\/ADORNI-300x178.png",300,178,true],"medium_large":["https:\/\/apuntesdesanluis.com\/wp-content\/uploads\/2024\/10\/ADORNI.png",640,380,false],"large":["https:\/\/apuntesdesanluis.com\/wp-content\/uploads\/2024\/10\/ADORNI.png",640,380,false],"1536x1536":["https:\/\/apuntesdesanluis.com\/wp-content\/uploads\/2024\/10\/ADORNI.png",735,436,false],"2048x2048":["https:\/\/apuntesdesanluis.com\/wp-content\/uploads\/2024\/10\/ADORNI.png",735,436,false],"newsever-slider-full":["https:\/\/apuntesdesanluis.com\/wp-content\/uploads\/2024\/10\/ADORNI.png",735,436,false],"newsever-featured":["https:\/\/apuntesdesanluis.com\/wp-content\/uploads\/2024\/10\/ADORNI.png",735,436,false],"newsever-medium":["https:\/\/apuntesdesanluis.com\/wp-content\/uploads\/2024\/10\/ADORNI-720x436.png",720,436,true]},"author_info":{"display_name":"apuntesdesanluis.com","author_link":"https:\/\/apuntesdesanluis.com\/index.php\/author\/apuntesdesanluis-com\/"},"category_info":"<a href=\"https:\/\/apuntesdesanluis.com\/index.php\/category\/nacionales-internacionales\/\" rel=\"category tag\">Nacionales\/Internacionales<\/a>","tag_info":"Nacionales\/Internacionales","comment_count":"0","_links":{"self":[{"href":"https:\/\/apuntesdesanluis.com\/index.php\/wp-json\/wp\/v2\/posts\/30782","targetHints":{"allow":["GET"]}}],"collection":[{"href":"https:\/\/apuntesdesanluis.com\/index.php\/wp-json\/wp\/v2\/posts"}],"about":[{"href":"https:\/\/apuntesdesanluis.com\/index.php\/wp-json\/wp\/v2\/types\/post"}],"author":[{"embeddable":true,"href":"https:\/\/apuntesdesanluis.com\/index.php\/wp-json\/wp\/v2\/users\/1"}],"replies":[{"embeddable":true,"href":"https:\/\/apuntesdesanluis.com\/index.php\/wp-json\/wp\/v2\/comments?post=30782"}],"version-history":[{"count":2,"href":"https:\/\/apuntesdesanluis.com\/index.php\/wp-json\/wp\/v2\/posts\/30782\/revisions"}],"predecessor-version":[{"id":30785,"href":"https:\/\/apuntesdesanluis.com\/index.php\/wp-json\/wp\/v2\/posts\/30782\/revisions\/30785"}],"wp:featuredmedia":[{"embeddable":true,"href":"https:\/\/apuntesdesanluis.com\/index.php\/wp-json\/wp\/v2\/media\/23656"}],"wp:attachment":[{"href":"https:\/\/apuntesdesanluis.com\/index.php\/wp-json\/wp\/v2\/media?parent=30782"}],"wp:term":[{"taxonomy":"category","embeddable":true,"href":"https:\/\/apuntesdesanluis.com\/index.php\/wp-json\/wp\/v2\/categories?post=30782"},{"taxonomy":"post_tag","embeddable":true,"href":"https:\/\/apuntesdesanluis.com\/index.php\/wp-json\/wp\/v2\/tags?post=30782"}],"curies":[{"name":"wp","href":"https:\/\/api.w.org\/{rel}","templated":true}]}}