{"id":30786,"date":"2025-03-24T20:23:07","date_gmt":"2025-03-24T23:23:07","guid":{"rendered":"https:\/\/apuntesdesanluis.com\/?p=30786"},"modified":"2025-03-24T21:23:46","modified_gmt":"2025-03-25T00:23:46","slug":"el-acto-por-el-dia-de-la-memoria-termino-con-criticas-al-gobierno-de-milei-y-al-fmi","status":"publish","type":"post","link":"https:\/\/apuntesdesanluis.com\/index.php\/2025\/03\/24\/el-acto-por-el-dia-de-la-memoria-termino-con-criticas-al-gobierno-de-milei-y-al-fmi\/","title":{"rendered":"EL ACTO POR EL D\u00cdA DE LA MEMORIA TERMIN\u00d3 CON CR\u00cdTICAS AL GOBIERNO DE MILEI Y AL FMI"},"content":{"rendered":"<h3>Referentes de Derechos Humanos leyeron un documento durante el acto central por el <strong>24 de Marzo<\/strong> donde exigieron el juicio a genocidas y la desclasificaci\u00f3n de archivos, adem\u00e1s de apuntar contra la represi\u00f3n, el desmantelamiento del Estado y el acuerdo con el Fondo Monetario.<\/h3>\n<h3>Los organismos de derechos humanos marcharon unidos en la movilizaci\u00f3n por el D\u00eda de la Memoria por la Verdad y la Justicia con un documento en conjunto con cr\u00edticas al Gobierno Javier Milei. La titular de Abuelas de Plaza de Mayo, Estela de Carlotto, brind\u00f3 un discurso en el que sostuvo que el Estado debe &#8220;garantizar la restituci\u00f3n de la identidad de los nietos de desaparecidos&#8221; antes de que se leyera el texto que apunt\u00f3 contra las pol\u00edticas negacionistas de la Administraci\u00f3n libertaria y el acuerdo con el Fondo Monetario Internacional (FMI).<\/h3>\n<h3>\u201cLa apropiaci\u00f3n de beb\u00e9s fue una desaparici\u00f3n forzada que contin\u00faa hasta que no se recupera la verdadera identidad\u201d, sostuvo Carlotto frente a los miles de manifestantes desde el escenario montado en Plaza de Mayo, acompa\u00f1ada de otros referentes de Derechos Humanos como el premio Nobel de la Paz Adolfo P\u00e9rez Esquivel y Taty Almeida, integrante de las Madres de Plaza de Mayo L\u00ednea Fundadora.<\/h3>\n<p><img fetchpriority=\"high\" decoding=\"async\" class=\"wp-image-30787 aligncenter\" src=\"https:\/\/apuntesdesanluis.com\/wp-content\/uploads\/2025\/03\/PEREZ-ESQUIVEL-CARLOTO-300x183.png\" alt=\"\" width=\"625\" height=\"381\" srcset=\"https:\/\/apuntesdesanluis.com\/wp-content\/uploads\/2025\/03\/PEREZ-ESQUIVEL-CARLOTO-300x183.png 300w, https:\/\/apuntesdesanluis.com\/wp-content\/uploads\/2025\/03\/PEREZ-ESQUIVEL-CARLOTO-768x469.png 768w, https:\/\/apuntesdesanluis.com\/wp-content\/uploads\/2025\/03\/PEREZ-ESQUIVEL-CARLOTO.png 1006w\" sizes=\"(max-width: 625px) 100vw, 625px\" \/><\/p>\n<h3>\u201cLuchamos para restituir la identidad a los cientos de beb\u00e9s robados por la dictadura. Perpetuando su falsa genealog\u00eda impuesta por el terrorismo de Estado, adem\u00e1s sus familias los buscan desde hace m\u00e1s de cuatro d\u00e9cadas y tienen derecho a la verdad y al reencuentro, al igual que toda la sociedad\u201d, denunci\u00f3.<\/h3>\n<h3>Al mismo tiempo que celebr\u00f3 que ya se haya restituido la identidad de 139 nitos y nietas, y record\u00f3 los \u00faltimos dos casos resueltos hace dos meses atr\u00e1s. \u201cPedimos a quienes tengan dudas sobre su identidad que se acerquen y a quienes tengan informaci\u00f3n que la compartan&#8221;, agreg\u00f3.<\/h3>\n<h3>\u201cHace apenas dos meses restituyeron la identidad de un nieto y una nieta que nunca hab\u00edan sospechado de su origen. Necesitamos de toda la sociedad para encontrarlos a todos. Nunca es tarde\u201d, complet\u00f3 antes miles de manifestantes.<\/h3>\n<h3>A 49 a\u00f1os del \u00faltimo golpe de Estado, los organismos de derechos humanos exigieron juicio y castigo a los genocidas y la desclasificaci\u00f3n de archivos para conocer d\u00f3nde est\u00e1n los beb\u00e9s apropiados y las personas desaparecidas. El documento que se ley\u00f3 hacia el final del acto fue firmado por Abuelas y Madres de Plaza de Mayo, la Asamblea Permanente por los Derechos Humanos, el Centro de Estudios Legales y Sociales (CELS) e H.I.J.O.S. Capital, entre otras agrupaciones.<\/h3>\n<h3>&#8220;A 49 a\u00f1os del inicio del golpe genocida estamos en esta Plaza para decir todos juntos:\u00a1Son 30 mil detenidos desaparecidos! \u00a1Fue y es genocidio! \u00a1No olvidamos, no perdonamos y no nos reconciliamos!&#8221;, comenz\u00f3 el texto oficial que se ley\u00f3 en la Plaza de Mayo.<\/h3>\n<p><img decoding=\"async\" class=\"wp-image-30789 aligncenter\" src=\"https:\/\/apuntesdesanluis.com\/wp-content\/uploads\/2025\/03\/acto-1-300x182.png\" alt=\"\" width=\"630\" height=\"382\" srcset=\"https:\/\/apuntesdesanluis.com\/wp-content\/uploads\/2025\/03\/acto-1-300x182.png 300w, https:\/\/apuntesdesanluis.com\/wp-content\/uploads\/2025\/03\/acto-1-768x466.png 768w, https:\/\/apuntesdesanluis.com\/wp-content\/uploads\/2025\/03\/acto-1.png 882w\" sizes=\"(max-width: 630px) 100vw, 630px\" \/><\/p>\n<h3>&#8220;Basta de despidos a los trabajadores del sector p\u00fablico y privado \u00a1Rechazamos el intento del gobierno de desmantelar el Estado y de privatizar los servicios y bienes comunes! \u00a1Exigimos el aumento de las jubilaciones ya! Repudiamos el brutal ataque a lxs jubiladxs y todxs los que se manifestaron el mi\u00e9rcoles 12 y el mi\u00e9rcoles 19 en Congreso&#8221;, agregaron.<\/h3>\n<h3>En esa l\u00ednea, se manifestaron acerca del caso del fot\u00f3grafo Pablo Grillo, herido de gravedad tras recibir un disparo de gas lacrim\u00f3geno en la cabeza, y dijeron que &#8220;se debate entre la vida y la muerte&#8221;. Luego, expresaron: &#8220;Abrazamos a su familia y exigimos, \u00a1Justicia para Pablo Grillo y castigo a los responsables! \u00a1Fuera (Patricia) Bullrich! \u00a1Derogaci\u00f3n del protocolo anti-piquetes inconstitucional!&#8221;.<\/h3>\n<h3>Adem\u00e1s de reivindicar el &#8220;rol hist\u00f3rico de nuestras Madres en el derrotero de las luchas populares por memoria, verdad y justicia&#8221; y de pedir que el Estado garantice &#8220;la restituci\u00f3n de la identidad de los nietos&#8221;, exclamaron la aparici\u00f3n de Jorge Julio L\u00f3pez, y castigo a los responsables materiales y pol\u00edticos de su desaparici\u00f3n en democracia, y solicitaron la &#8220;libertad a Milagro Sala y a todos los presos y presas pol\u00edticos&#8221;.<\/h3>\n<h3>&#8220;\u00a1A m\u00e1s de 20 a\u00f1os de la Masacre de Avellaneda, exigimos juicio y castigo a los responsables pol\u00edticos de los asesinatos de Dar\u00edo Santill\u00e1n y Maxi Kosteki! \u00a1Justicia por Santiago Maldonado, Rafael Nahuel, Facundo Castro, El\u00edas Garay, Luis Espinosa, Facundo Molares, Florencia Morales y dem\u00e1s v\u00edctimas de la represi\u00f3n estatal!&#8221;, prosigue el documento.<\/h3>\n<h3>En esa l\u00ednea, cuestionaron la crisis econ\u00f3mica y que se &#8220;derogue del DNU 70\/23, la corrupta Ley Bases, las facultades delegadas y el RIGI (R\u00e9gimen de Incentivos para Grandes Inversiones)&#8221;.<\/h3>\n<h3>Por otro lado, el documento apunta contra el \u00faltimo acuerdo con el FMI. &#8220;La deuda es con el pueblo, plata para jubilaciones, medicamentos, empleo protecci\u00f3n social, vivienda, salud y educaci\u00f3n&#8221;. Asimismo, sostuvieron que las grandes centrales sindicales tienen que llevar adelante un paro general y un plan de lucha por el aumento de salarios, jubilaciones y los programas sociales.<\/h3>\n<h3>&#8220;Estamos en esta plaza, con los 30 mil como bandera, con las Madres y las Abuelas, con los sobrevivientes de los campos de concentraci\u00f3n, con los hijos, hijas y los nietos y las nietas, hermanos y hermanas de los detenidos desaparecidos y con el conjunto de organismos de derechos humanos para decirle a Milei: LA MEMORIA ES NUESTRA HERRAMIENTA. Tenemos la fuerza de la historia de nuestro pueblo, y por eso Milei y Villarruel pretenden negar el genocidio y desmantelar las conquistas en materia de Memoria, Verdad y Justicia&#8221;, afirmaron.<\/h3>\n<h3>&#8220;Basta de discursos de odio y mis\u00f3ginos de los Trump y los Milei. Por una Palestina libre. Repudiamos el genocidio en Gaza. Contra el racismo, la xenofobia y la pol\u00edtica fascistizante del gobierno. Basta de atacar y perseguir a lxs migrantes, j\u00f3venes y pueblos originarios. Basta de Milei. Fuera Bullrich. Nunca m\u00e1s es nunca m\u00e1s. Nunca m\u00e1s el silencio \u00a130.000 detenidos desaparecidos, presente! \u00a1Ahora, y siempre!&#8221;, concluyeron.<\/h3>\n<h3><\/h3>\n<h3><\/h3>\n<p>&nbsp;<\/p>\n","protected":false},"excerpt":{"rendered":"<p>Referentes de Derechos Humanos leyeron un documento durante el acto central por el 24 de&#8230;<\/p>\n","protected":false},"author":1,"featured_media":30788,"comment_status":"closed","ping_status":"closed","sticky":false,"template":"","format":"standard","meta":{"footnotes":""},"categories":[5],"tags":[],"class_list":["post-30786","post","type-post","status-publish","format-standard","has-post-thumbnail","hentry","category-nacionales-internacionales"],"yoast_head":"<!-- This site is optimized with the Yoast SEO plugin v26.1.1 - https:\/\/yoast.com\/wordpress\/plugins\/seo\/ -->\n<title>EL ACTO POR EL D\u00cdA DE LA MEMORIA TERMIN\u00d3 CON CR\u00cdTICAS AL GOBIERNO DE MILEI Y AL FMI - Apuntes de San Luis<\/title>\n<meta name=\"robots\" content=\"index, follow, max-snippet:-1, max-image-preview:large, max-video-preview:-1\" \/>\n<link rel=\"canonical\" href=\"https:\/\/apuntesdesanluis.com\/index.php\/2025\/03\/24\/el-acto-por-el-dia-de-la-memoria-termino-con-criticas-al-gobierno-de-milei-y-al-fmi\/\" \/>\n<meta property=\"og:locale\" content=\"es_ES\" \/>\n<meta property=\"og:type\" content=\"article\" \/>\n<meta property=\"og:title\" content=\"EL ACTO POR EL D\u00cdA DE LA MEMORIA TERMIN\u00d3 CON CR\u00cdTICAS AL GOBIERNO DE MILEI Y AL FMI - Apuntes de San Luis\" \/>\n<meta property=\"og:description\" content=\"Referentes de Derechos Humanos leyeron un documento durante el acto central por el 24 de...\" \/>\n<meta property=\"og:url\" content=\"https:\/\/apuntesdesanluis.com\/index.php\/2025\/03\/24\/el-acto-por-el-dia-de-la-memoria-termino-con-criticas-al-gobierno-de-milei-y-al-fmi\/\" \/>\n<meta property=\"og:site_name\" content=\"Apuntes de San Luis\" \/>\n<meta property=\"article:published_time\" content=\"2025-03-24T23:23:07+00:00\" \/>\n<meta property=\"article:modified_time\" content=\"2025-03-25T00:23:46+00:00\" \/>\n<meta property=\"og:image\" content=\"https:\/\/apuntesdesanluis.com\/wp-content\/uploads\/2025\/03\/marcha.png\" \/>\n\t<meta property=\"og:image:width\" content=\"862\" \/>\n\t<meta property=\"og:image:height\" content=\"545\" \/>\n\t<meta property=\"og:image:type\" content=\"image\/png\" \/>\n<meta name=\"author\" content=\"apuntesdesanluis.com\" \/>\n<meta name=\"twitter:card\" content=\"summary_large_image\" \/>\n<meta name=\"twitter:label1\" content=\"Escrito por\" \/>\n\t<meta name=\"twitter:data1\" content=\"apuntesdesanluis.com\" \/>\n\t<meta name=\"twitter:label2\" content=\"Tiempo de lectura\" \/>\n\t<meta name=\"twitter:data2\" content=\"5 minutos\" \/>\n<script type=\"application\/ld+json\" class=\"yoast-schema-graph\">{\"@context\":\"https:\/\/schema.org\",\"@graph\":[{\"@type\":\"Article\",\"@id\":\"https:\/\/apuntesdesanluis.com\/index.php\/2025\/03\/24\/el-acto-por-el-dia-de-la-memoria-termino-con-criticas-al-gobierno-de-milei-y-al-fmi\/#article\",\"isPartOf\":{\"@id\":\"https:\/\/apuntesdesanluis.com\/index.php\/2025\/03\/24\/el-acto-por-el-dia-de-la-memoria-termino-con-criticas-al-gobierno-de-milei-y-al-fmi\/\"},\"author\":{\"name\":\"apuntesdesanluis.com\",\"@id\":\"https:\/\/apuntesdesanluis.com\/#\/schema\/person\/b55151d52296fcce64d1a72538a70b90\"},\"headline\":\"EL ACTO POR EL D\u00cdA DE LA MEMORIA TERMIN\u00d3 CON CR\u00cdTICAS AL GOBIERNO DE MILEI Y AL FMI\",\"datePublished\":\"2025-03-24T23:23:07+00:00\",\"dateModified\":\"2025-03-25T00:23:46+00:00\",\"mainEntityOfPage\":{\"@id\":\"https:\/\/apuntesdesanluis.com\/index.php\/2025\/03\/24\/el-acto-por-el-dia-de-la-memoria-termino-con-criticas-al-gobierno-de-milei-y-al-fmi\/\"},\"wordCount\":1027,\"publisher\":{\"@id\":\"https:\/\/apuntesdesanluis.com\/#\/schema\/person\/b55151d52296fcce64d1a72538a70b90\"},\"image\":{\"@id\":\"https:\/\/apuntesdesanluis.com\/index.php\/2025\/03\/24\/el-acto-por-el-dia-de-la-memoria-termino-con-criticas-al-gobierno-de-milei-y-al-fmi\/#primaryimage\"},\"thumbnailUrl\":\"https:\/\/apuntesdesanluis.com\/wp-content\/uploads\/2025\/03\/marcha.png\",\"articleSection\":[\"Nacionales\/Internacionales\"],\"inLanguage\":\"es-AR\"},{\"@type\":\"WebPage\",\"@id\":\"https:\/\/apuntesdesanluis.com\/index.php\/2025\/03\/24\/el-acto-por-el-dia-de-la-memoria-termino-con-criticas-al-gobierno-de-milei-y-al-fmi\/\",\"url\":\"https:\/\/apuntesdesanluis.com\/index.php\/2025\/03\/24\/el-acto-por-el-dia-de-la-memoria-termino-con-criticas-al-gobierno-de-milei-y-al-fmi\/\",\"name\":\"EL ACTO POR EL D\u00cdA DE LA MEMORIA TERMIN\u00d3 CON CR\u00cdTICAS AL GOBIERNO DE MILEI Y AL FMI - Apuntes de San Luis\",\"isPartOf\":{\"@id\":\"https:\/\/apuntesdesanluis.com\/#website\"},\"primaryImageOfPage\":{\"@id\":\"https:\/\/apuntesdesanluis.com\/index.php\/2025\/03\/24\/el-acto-por-el-dia-de-la-memoria-termino-con-criticas-al-gobierno-de-milei-y-al-fmi\/#primaryimage\"},\"image\":{\"@id\":\"https:\/\/apuntesdesanluis.com\/index.php\/2025\/03\/24\/el-acto-por-el-dia-de-la-memoria-termino-con-criticas-al-gobierno-de-milei-y-al-fmi\/#primaryimage\"},\"thumbnailUrl\":\"https:\/\/apuntesdesanluis.com\/wp-content\/uploads\/2025\/03\/marcha.png\",\"datePublished\":\"2025-03-24T23:23:07+00:00\",\"dateModified\":\"2025-03-25T00:23:46+00:00\",\"breadcrumb\":{\"@id\":\"https:\/\/apuntesdesanluis.com\/index.php\/2025\/03\/24\/el-acto-por-el-dia-de-la-memoria-termino-con-criticas-al-gobierno-de-milei-y-al-fmi\/#breadcrumb\"},\"inLanguage\":\"es-AR\",\"potentialAction\":[{\"@type\":\"ReadAction\",\"target\":[\"https:\/\/apuntesdesanluis.com\/index.php\/2025\/03\/24\/el-acto-por-el-dia-de-la-memoria-termino-con-criticas-al-gobierno-de-milei-y-al-fmi\/\"]}]},{\"@type\":\"ImageObject\",\"inLanguage\":\"es-AR\",\"@id\":\"https:\/\/apuntesdesanluis.com\/index.php\/2025\/03\/24\/el-acto-por-el-dia-de-la-memoria-termino-con-criticas-al-gobierno-de-milei-y-al-fmi\/#primaryimage\",\"url\":\"https:\/\/apuntesdesanluis.com\/wp-content\/uploads\/2025\/03\/marcha.png\",\"contentUrl\":\"https:\/\/apuntesdesanluis.com\/wp-content\/uploads\/2025\/03\/marcha.png\",\"width\":862,\"height\":545},{\"@type\":\"BreadcrumbList\",\"@id\":\"https:\/\/apuntesdesanluis.com\/index.php\/2025\/03\/24\/el-acto-por-el-dia-de-la-memoria-termino-con-criticas-al-gobierno-de-milei-y-al-fmi\/#breadcrumb\",\"itemListElement\":[{\"@type\":\"ListItem\",\"position\":1,\"name\":\"Inicio\",\"item\":\"https:\/\/apuntesdesanluis.com\/\"},{\"@type\":\"ListItem\",\"position\":2,\"name\":\"EL ACTO POR EL D\u00cdA DE LA MEMORIA TERMIN\u00d3 CON CR\u00cdTICAS AL GOBIERNO DE MILEI Y AL FMI\"}]},{\"@type\":\"WebSite\",\"@id\":\"https:\/\/apuntesdesanluis.com\/#website\",\"url\":\"https:\/\/apuntesdesanluis.com\/\",\"name\":\"Apuntes de San Luis\",\"description\":\"\",\"publisher\":{\"@id\":\"https:\/\/apuntesdesanluis.com\/#\/schema\/person\/b55151d52296fcce64d1a72538a70b90\"},\"potentialAction\":[{\"@type\":\"SearchAction\",\"target\":{\"@type\":\"EntryPoint\",\"urlTemplate\":\"https:\/\/apuntesdesanluis.com\/?s={search_term_string}\"},\"query-input\":{\"@type\":\"PropertyValueSpecification\",\"valueRequired\":true,\"valueName\":\"search_term_string\"}}],\"inLanguage\":\"es-AR\"},{\"@type\":[\"Person\",\"Organization\"],\"@id\":\"https:\/\/apuntesdesanluis.com\/#\/schema\/person\/b55151d52296fcce64d1a72538a70b90\",\"name\":\"apuntesdesanluis.com\",\"image\":{\"@type\":\"ImageObject\",\"inLanguage\":\"es-AR\",\"@id\":\"https:\/\/apuntesdesanluis.com\/#\/schema\/person\/image\/\",\"url\":\"https:\/\/apuntesdesanluis.com\/wp-content\/uploads\/2023\/07\/cropped-apuntesdesanluis.png\",\"contentUrl\":\"https:\/\/apuntesdesanluis.com\/wp-content\/uploads\/2023\/07\/cropped-apuntesdesanluis.png\",\"width\":450,\"height\":112,\"caption\":\"apuntesdesanluis.com\"},\"logo\":{\"@id\":\"https:\/\/apuntesdesanluis.com\/#\/schema\/person\/image\/\"},\"sameAs\":[\"https:\/\/apuntesdesanluis.com\"],\"url\":\"https:\/\/apuntesdesanluis.com\/index.php\/author\/apuntesdesanluis-com\/\"}]}<\/script>\n<!-- \/ Yoast SEO plugin. -->","yoast_head_json":{"title":"EL ACTO POR EL D\u00cdA DE LA MEMORIA TERMIN\u00d3 CON CR\u00cdTICAS AL GOBIERNO DE MILEI Y AL FMI - Apuntes de San Luis","robots":{"index":"index","follow":"follow","max-snippet":"max-snippet:-1","max-image-preview":"max-image-preview:large","max-video-preview":"max-video-preview:-1"},"canonical":"https:\/\/apuntesdesanluis.com\/index.php\/2025\/03\/24\/el-acto-por-el-dia-de-la-memoria-termino-con-criticas-al-gobierno-de-milei-y-al-fmi\/","og_locale":"es_ES","og_type":"article","og_title":"EL ACTO POR EL D\u00cdA DE LA MEMORIA TERMIN\u00d3 CON CR\u00cdTICAS AL GOBIERNO DE MILEI Y AL FMI - Apuntes de San Luis","og_description":"Referentes de Derechos Humanos leyeron un documento durante el acto central por el 24 de...","og_url":"https:\/\/apuntesdesanluis.com\/index.php\/2025\/03\/24\/el-acto-por-el-dia-de-la-memoria-termino-con-criticas-al-gobierno-de-milei-y-al-fmi\/","og_site_name":"Apuntes de San Luis","article_published_time":"2025-03-24T23:23:07+00:00","article_modified_time":"2025-03-25T00:23:46+00:00","og_image":[{"width":862,"height":545,"url":"https:\/\/apuntesdesanluis.com\/wp-content\/uploads\/2025\/03\/marcha.png","type":"image\/png"}],"author":"apuntesdesanluis.com","twitter_card":"summary_large_image","twitter_misc":{"Escrito por":"apuntesdesanluis.com","Tiempo de lectura":"5 minutos"},"schema":{"@context":"https:\/\/schema.org","@graph":[{"@type":"Article","@id":"https:\/\/apuntesdesanluis.com\/index.php\/2025\/03\/24\/el-acto-por-el-dia-de-la-memoria-termino-con-criticas-al-gobierno-de-milei-y-al-fmi\/#article","isPartOf":{"@id":"https:\/\/apuntesdesanluis.com\/index.php\/2025\/03\/24\/el-acto-por-el-dia-de-la-memoria-termino-con-criticas-al-gobierno-de-milei-y-al-fmi\/"},"author":{"name":"apuntesdesanluis.com","@id":"https:\/\/apuntesdesanluis.com\/#\/schema\/person\/b55151d52296fcce64d1a72538a70b90"},"headline":"EL ACTO POR EL D\u00cdA DE LA MEMORIA TERMIN\u00d3 CON CR\u00cdTICAS AL GOBIERNO DE MILEI Y AL FMI","datePublished":"2025-03-24T23:23:07+00:00","dateModified":"2025-03-25T00:23:46+00:00","mainEntityOfPage":{"@id":"https:\/\/apuntesdesanluis.com\/index.php\/2025\/03\/24\/el-acto-por-el-dia-de-la-memoria-termino-con-criticas-al-gobierno-de-milei-y-al-fmi\/"},"wordCount":1027,"publisher":{"@id":"https:\/\/apuntesdesanluis.com\/#\/schema\/person\/b55151d52296fcce64d1a72538a70b90"},"image":{"@id":"https:\/\/apuntesdesanluis.com\/index.php\/2025\/03\/24\/el-acto-por-el-dia-de-la-memoria-termino-con-criticas-al-gobierno-de-milei-y-al-fmi\/#primaryimage"},"thumbnailUrl":"https:\/\/apuntesdesanluis.com\/wp-content\/uploads\/2025\/03\/marcha.png","articleSection":["Nacionales\/Internacionales"],"inLanguage":"es-AR"},{"@type":"WebPage","@id":"https:\/\/apuntesdesanluis.com\/index.php\/2025\/03\/24\/el-acto-por-el-dia-de-la-memoria-termino-con-criticas-al-gobierno-de-milei-y-al-fmi\/","url":"https:\/\/apuntesdesanluis.com\/index.php\/2025\/03\/24\/el-acto-por-el-dia-de-la-memoria-termino-con-criticas-al-gobierno-de-milei-y-al-fmi\/","name":"EL ACTO POR EL D\u00cdA DE LA MEMORIA TERMIN\u00d3 CON CR\u00cdTICAS AL GOBIERNO DE MILEI Y AL FMI - Apuntes de San Luis","isPartOf":{"@id":"https:\/\/apuntesdesanluis.com\/#website"},"primaryImageOfPage":{"@id":"https:\/\/apuntesdesanluis.com\/index.php\/2025\/03\/24\/el-acto-por-el-dia-de-la-memoria-termino-con-criticas-al-gobierno-de-milei-y-al-fmi\/#primaryimage"},"image":{"@id":"https:\/\/apuntesdesanluis.com\/index.php\/2025\/03\/24\/el-acto-por-el-dia-de-la-memoria-termino-con-criticas-al-gobierno-de-milei-y-al-fmi\/#primaryimage"},"thumbnailUrl":"https:\/\/apuntesdesanluis.com\/wp-content\/uploads\/2025\/03\/marcha.png","datePublished":"2025-03-24T23:23:07+00:00","dateModified":"2025-03-25T00:23:46+00:00","breadcrumb":{"@id":"https:\/\/apuntesdesanluis.com\/index.php\/2025\/03\/24\/el-acto-por-el-dia-de-la-memoria-termino-con-criticas-al-gobierno-de-milei-y-al-fmi\/#breadcrumb"},"inLanguage":"es-AR","potentialAction":[{"@type":"ReadAction","target":["https:\/\/apuntesdesanluis.com\/index.php\/2025\/03\/24\/el-acto-por-el-dia-de-la-memoria-termino-con-criticas-al-gobierno-de-milei-y-al-fmi\/"]}]},{"@type":"ImageObject","inLanguage":"es-AR","@id":"https:\/\/apuntesdesanluis.com\/index.php\/2025\/03\/24\/el-acto-por-el-dia-de-la-memoria-termino-con-criticas-al-gobierno-de-milei-y-al-fmi\/#primaryimage","url":"https:\/\/apuntesdesanluis.com\/wp-content\/uploads\/2025\/03\/marcha.png","contentUrl":"https:\/\/apuntesdesanluis.com\/wp-content\/uploads\/2025\/03\/marcha.png","width":862,"height":545},{"@type":"BreadcrumbList","@id":"https:\/\/apuntesdesanluis.com\/index.php\/2025\/03\/24\/el-acto-por-el-dia-de-la-memoria-termino-con-criticas-al-gobierno-de-milei-y-al-fmi\/#breadcrumb","itemListElement":[{"@type":"ListItem","position":1,"name":"Inicio","item":"https:\/\/apuntesdesanluis.com\/"},{"@type":"ListItem","position":2,"name":"EL ACTO POR EL D\u00cdA DE LA MEMORIA TERMIN\u00d3 CON CR\u00cdTICAS AL GOBIERNO DE MILEI Y AL FMI"}]},{"@type":"WebSite","@id":"https:\/\/apuntesdesanluis.com\/#website","url":"https:\/\/apuntesdesanluis.com\/","name":"Apuntes de San Luis","description":"","publisher":{"@id":"https:\/\/apuntesdesanluis.com\/#\/schema\/person\/b55151d52296fcce64d1a72538a70b90"},"potentialAction":[{"@type":"SearchAction","target":{"@type":"EntryPoint","urlTemplate":"https:\/\/apuntesdesanluis.com\/?s={search_term_string}"},"query-input":{"@type":"PropertyValueSpecification","valueRequired":true,"valueName":"search_term_string"}}],"inLanguage":"es-AR"},{"@type":["Person","Organization"],"@id":"https:\/\/apuntesdesanluis.com\/#\/schema\/person\/b55151d52296fcce64d1a72538a70b90","name":"apuntesdesanluis.com","image":{"@type":"ImageObject","inLanguage":"es-AR","@id":"https:\/\/apuntesdesanluis.com\/#\/schema\/person\/image\/","url":"https:\/\/apuntesdesanluis.com\/wp-content\/uploads\/2023\/07\/cropped-apuntesdesanluis.png","contentUrl":"https:\/\/apuntesdesanluis.com\/wp-content\/uploads\/2023\/07\/cropped-apuntesdesanluis.png","width":450,"height":112,"caption":"apuntesdesanluis.com"},"logo":{"@id":"https:\/\/apuntesdesanluis.com\/#\/schema\/person\/image\/"},"sameAs":["https:\/\/apuntesdesanluis.com"],"url":"https:\/\/apuntesdesanluis.com\/index.php\/author\/apuntesdesanluis-com\/"}]}},"featured_image_urls":{"full":["https:\/\/apuntesdesanluis.com\/wp-content\/uploads\/2025\/03\/marcha.png",862,545,false],"thumbnail":["https:\/\/apuntesdesanluis.com\/wp-content\/uploads\/2025\/03\/marcha-150x150.png",150,150,true],"medium":["https:\/\/apuntesdesanluis.com\/wp-content\/uploads\/2025\/03\/marcha-300x190.png",300,190,true],"medium_large":["https:\/\/apuntesdesanluis.com\/wp-content\/uploads\/2025\/03\/marcha-768x486.png",640,405,true],"large":["https:\/\/apuntesdesanluis.com\/wp-content\/uploads\/2025\/03\/marcha.png",640,405,false],"1536x1536":["https:\/\/apuntesdesanluis.com\/wp-content\/uploads\/2025\/03\/marcha.png",862,545,false],"2048x2048":["https:\/\/apuntesdesanluis.com\/wp-content\/uploads\/2025\/03\/marcha.png",862,545,false],"newsever-slider-full":["https:\/\/apuntesdesanluis.com\/wp-content\/uploads\/2025\/03\/marcha.png",862,545,false],"newsever-featured":["https:\/\/apuntesdesanluis.com\/wp-content\/uploads\/2025\/03\/marcha.png",862,545,false],"newsever-medium":["https:\/\/apuntesdesanluis.com\/wp-content\/uploads\/2025\/03\/marcha-720x475.png",720,475,true]},"author_info":{"display_name":"apuntesdesanluis.com","author_link":"https:\/\/apuntesdesanluis.com\/index.php\/author\/apuntesdesanluis-com\/"},"category_info":"<a href=\"https:\/\/apuntesdesanluis.com\/index.php\/category\/nacionales-internacionales\/\" rel=\"category tag\">Nacionales\/Internacionales<\/a>","tag_info":"Nacionales\/Internacionales","comment_count":"0","_links":{"self":[{"href":"https:\/\/apuntesdesanluis.com\/index.php\/wp-json\/wp\/v2\/posts\/30786","targetHints":{"allow":["GET"]}}],"collection":[{"href":"https:\/\/apuntesdesanluis.com\/index.php\/wp-json\/wp\/v2\/posts"}],"about":[{"href":"https:\/\/apuntesdesanluis.com\/index.php\/wp-json\/wp\/v2\/types\/post"}],"author":[{"embeddable":true,"href":"https:\/\/apuntesdesanluis.com\/index.php\/wp-json\/wp\/v2\/users\/1"}],"replies":[{"embeddable":true,"href":"https:\/\/apuntesdesanluis.com\/index.php\/wp-json\/wp\/v2\/comments?post=30786"}],"version-history":[{"count":1,"href":"https:\/\/apuntesdesanluis.com\/index.php\/wp-json\/wp\/v2\/posts\/30786\/revisions"}],"predecessor-version":[{"id":30790,"href":"https:\/\/apuntesdesanluis.com\/index.php\/wp-json\/wp\/v2\/posts\/30786\/revisions\/30790"}],"wp:featuredmedia":[{"embeddable":true,"href":"https:\/\/apuntesdesanluis.com\/index.php\/wp-json\/wp\/v2\/media\/30788"}],"wp:attachment":[{"href":"https:\/\/apuntesdesanluis.com\/index.php\/wp-json\/wp\/v2\/media?parent=30786"}],"wp:term":[{"taxonomy":"category","embeddable":true,"href":"https:\/\/apuntesdesanluis.com\/index.php\/wp-json\/wp\/v2\/categories?post=30786"},{"taxonomy":"post_tag","embeddable":true,"href":"https:\/\/apuntesdesanluis.com\/index.php\/wp-json\/wp\/v2\/tags?post=30786"}],"curies":[{"name":"wp","href":"https:\/\/api.w.org\/{rel}","templated":true}]}}