{"id":30791,"date":"2025-03-24T12:33:29","date_gmt":"2025-03-24T15:33:29","guid":{"rendered":"https:\/\/apuntesdesanluis.com\/?p=30791"},"modified":"2025-03-24T21:37:24","modified_gmt":"2025-03-25T00:37:24","slug":"tres-personas-resultaron-heridas-tras-un-accidente-en-la-autopista-de-las-serranias-puntanas","status":"publish","type":"post","link":"https:\/\/apuntesdesanluis.com\/index.php\/2025\/03\/24\/tres-personas-resultaron-heridas-tras-un-accidente-en-la-autopista-de-las-serranias-puntanas\/","title":{"rendered":"TRES PERSONAS RESULTARON HERIDAS TRAS UN ACCIDENTE EN LA AUTOPISTA DE LAS SERRAN\u00cdAS PUNTANAS"},"content":{"rendered":"<h3>Desde la Direcci\u00f3n General de Polic\u00eda Caminera y Seguridad Vial informaron que este domingo por la noche, alrededor de las 22:00, se produjo un accidente en la Autopista de las Serran\u00edas Puntanas, a la altura del kil\u00f3metro N\u00b0 737, cerca de la localidad de Fraga.<\/h3>\n<h3>Seg\u00fan la informaci\u00f3n recabada en el lugar, un hombre de 39 a\u00f1os de edad, quien iba acompa\u00f1ado de una mujer de 47 a\u00f1os y una ni\u00f1a de 7 a\u00f1os, conduc\u00eda un autom\u00f3vil Chevrolet Classic de oeste a este, y en ese sector perdi\u00f3 el control del veh\u00edculo, lo que provoc\u00f3 el despiste del auto, el cual termin\u00f3 colisionando contra un poste de luminaria ubicado en el cantero central de la autopista. Cabe se\u00f1alar que en ese momento las condiciones clim\u00e1ticas eran adversas debido a las precipitaciones.<\/h3>\n<h3>Tras la colisi\u00f3n, las tres personas que viajaban en el autom\u00f3vil sufrieron distintos golpes.<\/h3>\n<p><img fetchpriority=\"high\" decoding=\"async\" class=\"wp-image-30793 aligncenter\" src=\"https:\/\/apuntesdesanluis.com\/wp-content\/uploads\/2025\/03\/AUTO-VOLCADO-300x173.jpg\" alt=\"\" width=\"633\" height=\"365\" srcset=\"https:\/\/apuntesdesanluis.com\/wp-content\/uploads\/2025\/03\/AUTO-VOLCADO-300x173.jpg 300w, https:\/\/apuntesdesanluis.com\/wp-content\/uploads\/2025\/03\/AUTO-VOLCADO.jpg 700w\" sizes=\"(max-width: 633px) 100vw, 633px\" \/><\/p>\n<h3>Personal m\u00e9dico del centro de salud de Fraga brindaron las primeras atenciones a los heridos, quienes posteriormente fueron trasladados en ambulancia hacia el Policl\u00ednico Regional \u201cJuan Domingo Per\u00f3n\u201d de la ciudad de Villa Mercedes.<\/h3>\n<h3>En el lugar trabaj\u00f3 personal policial de la Comisar\u00eda Distrito 49\u00b0 de Fraga y Bomberos Voluntarios de esa localidad.<\/h3>\n<h3><\/h3>\n<h3><\/h3>\n<p>&nbsp;<\/p>\n","protected":false},"excerpt":{"rendered":"<p>Desde la Direcci\u00f3n General de Polic\u00eda Caminera y Seguridad Vial informaron que este domingo por&#8230;<\/p>\n","protected":false},"author":1,"featured_media":30792,"comment_status":"closed","ping_status":"closed","sticky":false,"template":"","format":"standard","meta":{"footnotes":""},"categories":[6],"tags":[],"class_list":["post-30791","post","type-post","status-publish","format-standard","has-post-thumbnail","hentry","category-ciudad-provincia"],"yoast_head":"<!-- This site is optimized with the Yoast SEO plugin v26.1.1 - https:\/\/yoast.com\/wordpress\/plugins\/seo\/ -->\n<title>TRES PERSONAS RESULTARON HERIDAS TRAS UN ACCIDENTE EN LA AUTOPISTA DE LAS SERRAN\u00cdAS PUNTANAS - Apuntes de San Luis<\/title>\n<meta name=\"robots\" content=\"index, follow, max-snippet:-1, max-image-preview:large, max-video-preview:-1\" \/>\n<link rel=\"canonical\" href=\"https:\/\/apuntesdesanluis.com\/index.php\/2025\/03\/24\/tres-personas-resultaron-heridas-tras-un-accidente-en-la-autopista-de-las-serranias-puntanas\/\" \/>\n<meta property=\"og:locale\" content=\"es_ES\" \/>\n<meta property=\"og:type\" content=\"article\" \/>\n<meta property=\"og:title\" content=\"TRES PERSONAS RESULTARON HERIDAS TRAS UN ACCIDENTE EN LA AUTOPISTA DE LAS SERRAN\u00cdAS PUNTANAS - Apuntes de San Luis\" \/>\n<meta property=\"og:description\" content=\"Desde la Direcci\u00f3n General de Polic\u00eda Caminera y Seguridad Vial informaron que este domingo por...\" \/>\n<meta property=\"og:url\" content=\"https:\/\/apuntesdesanluis.com\/index.php\/2025\/03\/24\/tres-personas-resultaron-heridas-tras-un-accidente-en-la-autopista-de-las-serranias-puntanas\/\" \/>\n<meta property=\"og:site_name\" content=\"Apuntes de San Luis\" \/>\n<meta property=\"article:published_time\" content=\"2025-03-24T15:33:29+00:00\" \/>\n<meta property=\"article:modified_time\" content=\"2025-03-25T00:37:24+00:00\" \/>\n<meta property=\"og:image\" content=\"https:\/\/apuntesdesanluis.com\/wp-content\/uploads\/2025\/03\/fc6c6bf0-56f1-4c0a-83f6-578c876c02e5.jpg\" \/>\n\t<meta property=\"og:image:width\" content=\"800\" \/>\n\t<meta property=\"og:image:height\" content=\"616\" \/>\n\t<meta property=\"og:image:type\" content=\"image\/jpeg\" \/>\n<meta name=\"author\" content=\"apuntesdesanluis.com\" \/>\n<meta name=\"twitter:card\" content=\"summary_large_image\" \/>\n<meta name=\"twitter:label1\" content=\"Escrito por\" \/>\n\t<meta name=\"twitter:data1\" content=\"apuntesdesanluis.com\" \/>\n\t<meta name=\"twitter:label2\" content=\"Tiempo de lectura\" \/>\n\t<meta name=\"twitter:data2\" content=\"2 minutos\" \/>\n<script type=\"application\/ld+json\" class=\"yoast-schema-graph\">{\"@context\":\"https:\/\/schema.org\",\"@graph\":[{\"@type\":\"Article\",\"@id\":\"https:\/\/apuntesdesanluis.com\/index.php\/2025\/03\/24\/tres-personas-resultaron-heridas-tras-un-accidente-en-la-autopista-de-las-serranias-puntanas\/#article\",\"isPartOf\":{\"@id\":\"https:\/\/apuntesdesanluis.com\/index.php\/2025\/03\/24\/tres-personas-resultaron-heridas-tras-un-accidente-en-la-autopista-de-las-serranias-puntanas\/\"},\"author\":{\"name\":\"apuntesdesanluis.com\",\"@id\":\"https:\/\/apuntesdesanluis.com\/#\/schema\/person\/b55151d52296fcce64d1a72538a70b90\"},\"headline\":\"TRES PERSONAS RESULTARON HERIDAS TRAS UN ACCIDENTE EN LA AUTOPISTA DE LAS SERRAN\u00cdAS PUNTANAS\",\"datePublished\":\"2025-03-24T15:33:29+00:00\",\"dateModified\":\"2025-03-25T00:37:24+00:00\",\"mainEntityOfPage\":{\"@id\":\"https:\/\/apuntesdesanluis.com\/index.php\/2025\/03\/24\/tres-personas-resultaron-heridas-tras-un-accidente-en-la-autopista-de-las-serranias-puntanas\/\"},\"wordCount\":230,\"publisher\":{\"@id\":\"https:\/\/apuntesdesanluis.com\/#\/schema\/person\/b55151d52296fcce64d1a72538a70b90\"},\"image\":{\"@id\":\"https:\/\/apuntesdesanluis.com\/index.php\/2025\/03\/24\/tres-personas-resultaron-heridas-tras-un-accidente-en-la-autopista-de-las-serranias-puntanas\/#primaryimage\"},\"thumbnailUrl\":\"https:\/\/apuntesdesanluis.com\/wp-content\/uploads\/2025\/03\/fc6c6bf0-56f1-4c0a-83f6-578c876c02e5.jpg\",\"articleSection\":[\"Ciudad\/Provincia\"],\"inLanguage\":\"es-AR\"},{\"@type\":\"WebPage\",\"@id\":\"https:\/\/apuntesdesanluis.com\/index.php\/2025\/03\/24\/tres-personas-resultaron-heridas-tras-un-accidente-en-la-autopista-de-las-serranias-puntanas\/\",\"url\":\"https:\/\/apuntesdesanluis.com\/index.php\/2025\/03\/24\/tres-personas-resultaron-heridas-tras-un-accidente-en-la-autopista-de-las-serranias-puntanas\/\",\"name\":\"TRES PERSONAS RESULTARON HERIDAS TRAS UN ACCIDENTE EN LA AUTOPISTA DE LAS SERRAN\u00cdAS PUNTANAS - Apuntes de San Luis\",\"isPartOf\":{\"@id\":\"https:\/\/apuntesdesanluis.com\/#website\"},\"primaryImageOfPage\":{\"@id\":\"https:\/\/apuntesdesanluis.com\/index.php\/2025\/03\/24\/tres-personas-resultaron-heridas-tras-un-accidente-en-la-autopista-de-las-serranias-puntanas\/#primaryimage\"},\"image\":{\"@id\":\"https:\/\/apuntesdesanluis.com\/index.php\/2025\/03\/24\/tres-personas-resultaron-heridas-tras-un-accidente-en-la-autopista-de-las-serranias-puntanas\/#primaryimage\"},\"thumbnailUrl\":\"https:\/\/apuntesdesanluis.com\/wp-content\/uploads\/2025\/03\/fc6c6bf0-56f1-4c0a-83f6-578c876c02e5.jpg\",\"datePublished\":\"2025-03-24T15:33:29+00:00\",\"dateModified\":\"2025-03-25T00:37:24+00:00\",\"breadcrumb\":{\"@id\":\"https:\/\/apuntesdesanluis.com\/index.php\/2025\/03\/24\/tres-personas-resultaron-heridas-tras-un-accidente-en-la-autopista-de-las-serranias-puntanas\/#breadcrumb\"},\"inLanguage\":\"es-AR\",\"potentialAction\":[{\"@type\":\"ReadAction\",\"target\":[\"https:\/\/apuntesdesanluis.com\/index.php\/2025\/03\/24\/tres-personas-resultaron-heridas-tras-un-accidente-en-la-autopista-de-las-serranias-puntanas\/\"]}]},{\"@type\":\"ImageObject\",\"inLanguage\":\"es-AR\",\"@id\":\"https:\/\/apuntesdesanluis.com\/index.php\/2025\/03\/24\/tres-personas-resultaron-heridas-tras-un-accidente-en-la-autopista-de-las-serranias-puntanas\/#primaryimage\",\"url\":\"https:\/\/apuntesdesanluis.com\/wp-content\/uploads\/2025\/03\/fc6c6bf0-56f1-4c0a-83f6-578c876c02e5.jpg\",\"contentUrl\":\"https:\/\/apuntesdesanluis.com\/wp-content\/uploads\/2025\/03\/fc6c6bf0-56f1-4c0a-83f6-578c876c02e5.jpg\",\"width\":800,\"height\":616},{\"@type\":\"BreadcrumbList\",\"@id\":\"https:\/\/apuntesdesanluis.com\/index.php\/2025\/03\/24\/tres-personas-resultaron-heridas-tras-un-accidente-en-la-autopista-de-las-serranias-puntanas\/#breadcrumb\",\"itemListElement\":[{\"@type\":\"ListItem\",\"position\":1,\"name\":\"Inicio\",\"item\":\"https:\/\/apuntesdesanluis.com\/\"},{\"@type\":\"ListItem\",\"position\":2,\"name\":\"TRES PERSONAS RESULTARON HERIDAS TRAS UN ACCIDENTE EN LA AUTOPISTA DE LAS SERRAN\u00cdAS PUNTANAS\"}]},{\"@type\":\"WebSite\",\"@id\":\"https:\/\/apuntesdesanluis.com\/#website\",\"url\":\"https:\/\/apuntesdesanluis.com\/\",\"name\":\"Apuntes de San Luis\",\"description\":\"\",\"publisher\":{\"@id\":\"https:\/\/apuntesdesanluis.com\/#\/schema\/person\/b55151d52296fcce64d1a72538a70b90\"},\"potentialAction\":[{\"@type\":\"SearchAction\",\"target\":{\"@type\":\"EntryPoint\",\"urlTemplate\":\"https:\/\/apuntesdesanluis.com\/?s={search_term_string}\"},\"query-input\":{\"@type\":\"PropertyValueSpecification\",\"valueRequired\":true,\"valueName\":\"search_term_string\"}}],\"inLanguage\":\"es-AR\"},{\"@type\":[\"Person\",\"Organization\"],\"@id\":\"https:\/\/apuntesdesanluis.com\/#\/schema\/person\/b55151d52296fcce64d1a72538a70b90\",\"name\":\"apuntesdesanluis.com\",\"image\":{\"@type\":\"ImageObject\",\"inLanguage\":\"es-AR\",\"@id\":\"https:\/\/apuntesdesanluis.com\/#\/schema\/person\/image\/\",\"url\":\"https:\/\/apuntesdesanluis.com\/wp-content\/uploads\/2023\/07\/cropped-apuntesdesanluis.png\",\"contentUrl\":\"https:\/\/apuntesdesanluis.com\/wp-content\/uploads\/2023\/07\/cropped-apuntesdesanluis.png\",\"width\":450,\"height\":112,\"caption\":\"apuntesdesanluis.com\"},\"logo\":{\"@id\":\"https:\/\/apuntesdesanluis.com\/#\/schema\/person\/image\/\"},\"sameAs\":[\"https:\/\/apuntesdesanluis.com\"],\"url\":\"https:\/\/apuntesdesanluis.com\/index.php\/author\/apuntesdesanluis-com\/\"}]}<\/script>\n<!-- \/ Yoast SEO plugin. -->","yoast_head_json":{"title":"TRES PERSONAS RESULTARON HERIDAS TRAS UN ACCIDENTE EN LA AUTOPISTA DE LAS SERRAN\u00cdAS PUNTANAS - Apuntes de San Luis","robots":{"index":"index","follow":"follow","max-snippet":"max-snippet:-1","max-image-preview":"max-image-preview:large","max-video-preview":"max-video-preview:-1"},"canonical":"https:\/\/apuntesdesanluis.com\/index.php\/2025\/03\/24\/tres-personas-resultaron-heridas-tras-un-accidente-en-la-autopista-de-las-serranias-puntanas\/","og_locale":"es_ES","og_type":"article","og_title":"TRES PERSONAS RESULTARON HERIDAS TRAS UN ACCIDENTE EN LA AUTOPISTA DE LAS SERRAN\u00cdAS PUNTANAS - Apuntes de San Luis","og_description":"Desde la Direcci\u00f3n General de Polic\u00eda Caminera y Seguridad Vial informaron que este domingo por...","og_url":"https:\/\/apuntesdesanluis.com\/index.php\/2025\/03\/24\/tres-personas-resultaron-heridas-tras-un-accidente-en-la-autopista-de-las-serranias-puntanas\/","og_site_name":"Apuntes de San Luis","article_published_time":"2025-03-24T15:33:29+00:00","article_modified_time":"2025-03-25T00:37:24+00:00","og_image":[{"width":800,"height":616,"url":"https:\/\/apuntesdesanluis.com\/wp-content\/uploads\/2025\/03\/fc6c6bf0-56f1-4c0a-83f6-578c876c02e5.jpg","type":"image\/jpeg"}],"author":"apuntesdesanluis.com","twitter_card":"summary_large_image","twitter_misc":{"Escrito por":"apuntesdesanluis.com","Tiempo de lectura":"2 minutos"},"schema":{"@context":"https:\/\/schema.org","@graph":[{"@type":"Article","@id":"https:\/\/apuntesdesanluis.com\/index.php\/2025\/03\/24\/tres-personas-resultaron-heridas-tras-un-accidente-en-la-autopista-de-las-serranias-puntanas\/#article","isPartOf":{"@id":"https:\/\/apuntesdesanluis.com\/index.php\/2025\/03\/24\/tres-personas-resultaron-heridas-tras-un-accidente-en-la-autopista-de-las-serranias-puntanas\/"},"author":{"name":"apuntesdesanluis.com","@id":"https:\/\/apuntesdesanluis.com\/#\/schema\/person\/b55151d52296fcce64d1a72538a70b90"},"headline":"TRES PERSONAS RESULTARON HERIDAS TRAS UN ACCIDENTE EN LA AUTOPISTA DE LAS SERRAN\u00cdAS PUNTANAS","datePublished":"2025-03-24T15:33:29+00:00","dateModified":"2025-03-25T00:37:24+00:00","mainEntityOfPage":{"@id":"https:\/\/apuntesdesanluis.com\/index.php\/2025\/03\/24\/tres-personas-resultaron-heridas-tras-un-accidente-en-la-autopista-de-las-serranias-puntanas\/"},"wordCount":230,"publisher":{"@id":"https:\/\/apuntesdesanluis.com\/#\/schema\/person\/b55151d52296fcce64d1a72538a70b90"},"image":{"@id":"https:\/\/apuntesdesanluis.com\/index.php\/2025\/03\/24\/tres-personas-resultaron-heridas-tras-un-accidente-en-la-autopista-de-las-serranias-puntanas\/#primaryimage"},"thumbnailUrl":"https:\/\/apuntesdesanluis.com\/wp-content\/uploads\/2025\/03\/fc6c6bf0-56f1-4c0a-83f6-578c876c02e5.jpg","articleSection":["Ciudad\/Provincia"],"inLanguage":"es-AR"},{"@type":"WebPage","@id":"https:\/\/apuntesdesanluis.com\/index.php\/2025\/03\/24\/tres-personas-resultaron-heridas-tras-un-accidente-en-la-autopista-de-las-serranias-puntanas\/","url":"https:\/\/apuntesdesanluis.com\/index.php\/2025\/03\/24\/tres-personas-resultaron-heridas-tras-un-accidente-en-la-autopista-de-las-serranias-puntanas\/","name":"TRES PERSONAS RESULTARON HERIDAS TRAS UN ACCIDENTE EN LA AUTOPISTA DE LAS SERRAN\u00cdAS PUNTANAS - Apuntes de San Luis","isPartOf":{"@id":"https:\/\/apuntesdesanluis.com\/#website"},"primaryImageOfPage":{"@id":"https:\/\/apuntesdesanluis.com\/index.php\/2025\/03\/24\/tres-personas-resultaron-heridas-tras-un-accidente-en-la-autopista-de-las-serranias-puntanas\/#primaryimage"},"image":{"@id":"https:\/\/apuntesdesanluis.com\/index.php\/2025\/03\/24\/tres-personas-resultaron-heridas-tras-un-accidente-en-la-autopista-de-las-serranias-puntanas\/#primaryimage"},"thumbnailUrl":"https:\/\/apuntesdesanluis.com\/wp-content\/uploads\/2025\/03\/fc6c6bf0-56f1-4c0a-83f6-578c876c02e5.jpg","datePublished":"2025-03-24T15:33:29+00:00","dateModified":"2025-03-25T00:37:24+00:00","breadcrumb":{"@id":"https:\/\/apuntesdesanluis.com\/index.php\/2025\/03\/24\/tres-personas-resultaron-heridas-tras-un-accidente-en-la-autopista-de-las-serranias-puntanas\/#breadcrumb"},"inLanguage":"es-AR","potentialAction":[{"@type":"ReadAction","target":["https:\/\/apuntesdesanluis.com\/index.php\/2025\/03\/24\/tres-personas-resultaron-heridas-tras-un-accidente-en-la-autopista-de-las-serranias-puntanas\/"]}]},{"@type":"ImageObject","inLanguage":"es-AR","@id":"https:\/\/apuntesdesanluis.com\/index.php\/2025\/03\/24\/tres-personas-resultaron-heridas-tras-un-accidente-en-la-autopista-de-las-serranias-puntanas\/#primaryimage","url":"https:\/\/apuntesdesanluis.com\/wp-content\/uploads\/2025\/03\/fc6c6bf0-56f1-4c0a-83f6-578c876c02e5.jpg","contentUrl":"https:\/\/apuntesdesanluis.com\/wp-content\/uploads\/2025\/03\/fc6c6bf0-56f1-4c0a-83f6-578c876c02e5.jpg","width":800,"height":616},{"@type":"BreadcrumbList","@id":"https:\/\/apuntesdesanluis.com\/index.php\/2025\/03\/24\/tres-personas-resultaron-heridas-tras-un-accidente-en-la-autopista-de-las-serranias-puntanas\/#breadcrumb","itemListElement":[{"@type":"ListItem","position":1,"name":"Inicio","item":"https:\/\/apuntesdesanluis.com\/"},{"@type":"ListItem","position":2,"name":"TRES PERSONAS RESULTARON HERIDAS TRAS UN ACCIDENTE EN LA AUTOPISTA DE LAS SERRAN\u00cdAS PUNTANAS"}]},{"@type":"WebSite","@id":"https:\/\/apuntesdesanluis.com\/#website","url":"https:\/\/apuntesdesanluis.com\/","name":"Apuntes de San Luis","description":"","publisher":{"@id":"https:\/\/apuntesdesanluis.com\/#\/schema\/person\/b55151d52296fcce64d1a72538a70b90"},"potentialAction":[{"@type":"SearchAction","target":{"@type":"EntryPoint","urlTemplate":"https:\/\/apuntesdesanluis.com\/?s={search_term_string}"},"query-input":{"@type":"PropertyValueSpecification","valueRequired":true,"valueName":"search_term_string"}}],"inLanguage":"es-AR"},{"@type":["Person","Organization"],"@id":"https:\/\/apuntesdesanluis.com\/#\/schema\/person\/b55151d52296fcce64d1a72538a70b90","name":"apuntesdesanluis.com","image":{"@type":"ImageObject","inLanguage":"es-AR","@id":"https:\/\/apuntesdesanluis.com\/#\/schema\/person\/image\/","url":"https:\/\/apuntesdesanluis.com\/wp-content\/uploads\/2023\/07\/cropped-apuntesdesanluis.png","contentUrl":"https:\/\/apuntesdesanluis.com\/wp-content\/uploads\/2023\/07\/cropped-apuntesdesanluis.png","width":450,"height":112,"caption":"apuntesdesanluis.com"},"logo":{"@id":"https:\/\/apuntesdesanluis.com\/#\/schema\/person\/image\/"},"sameAs":["https:\/\/apuntesdesanluis.com"],"url":"https:\/\/apuntesdesanluis.com\/index.php\/author\/apuntesdesanluis-com\/"}]}},"featured_image_urls":{"full":["https:\/\/apuntesdesanluis.com\/wp-content\/uploads\/2025\/03\/fc6c6bf0-56f1-4c0a-83f6-578c876c02e5.jpg",800,616,false],"thumbnail":["https:\/\/apuntesdesanluis.com\/wp-content\/uploads\/2025\/03\/fc6c6bf0-56f1-4c0a-83f6-578c876c02e5-150x150.jpg",150,150,true],"medium":["https:\/\/apuntesdesanluis.com\/wp-content\/uploads\/2025\/03\/fc6c6bf0-56f1-4c0a-83f6-578c876c02e5-300x231.jpg",300,231,true],"medium_large":["https:\/\/apuntesdesanluis.com\/wp-content\/uploads\/2025\/03\/fc6c6bf0-56f1-4c0a-83f6-578c876c02e5-768x591.jpg",640,493,true],"large":["https:\/\/apuntesdesanluis.com\/wp-content\/uploads\/2025\/03\/fc6c6bf0-56f1-4c0a-83f6-578c876c02e5.jpg",640,493,false],"1536x1536":["https:\/\/apuntesdesanluis.com\/wp-content\/uploads\/2025\/03\/fc6c6bf0-56f1-4c0a-83f6-578c876c02e5.jpg",800,616,false],"2048x2048":["https:\/\/apuntesdesanluis.com\/wp-content\/uploads\/2025\/03\/fc6c6bf0-56f1-4c0a-83f6-578c876c02e5.jpg",800,616,false],"newsever-slider-full":["https:\/\/apuntesdesanluis.com\/wp-content\/uploads\/2025\/03\/fc6c6bf0-56f1-4c0a-83f6-578c876c02e5.jpg",800,616,false],"newsever-featured":["https:\/\/apuntesdesanluis.com\/wp-content\/uploads\/2025\/03\/fc6c6bf0-56f1-4c0a-83f6-578c876c02e5.jpg",800,616,false],"newsever-medium":["https:\/\/apuntesdesanluis.com\/wp-content\/uploads\/2025\/03\/fc6c6bf0-56f1-4c0a-83f6-578c876c02e5-720x475.jpg",720,475,true]},"author_info":{"display_name":"apuntesdesanluis.com","author_link":"https:\/\/apuntesdesanluis.com\/index.php\/author\/apuntesdesanluis-com\/"},"category_info":"<a href=\"https:\/\/apuntesdesanluis.com\/index.php\/category\/ciudad-provincia\/\" rel=\"category tag\">Ciudad\/Provincia<\/a>","tag_info":"Ciudad\/Provincia","comment_count":"0","_links":{"self":[{"href":"https:\/\/apuntesdesanluis.com\/index.php\/wp-json\/wp\/v2\/posts\/30791","targetHints":{"allow":["GET"]}}],"collection":[{"href":"https:\/\/apuntesdesanluis.com\/index.php\/wp-json\/wp\/v2\/posts"}],"about":[{"href":"https:\/\/apuntesdesanluis.com\/index.php\/wp-json\/wp\/v2\/types\/post"}],"author":[{"embeddable":true,"href":"https:\/\/apuntesdesanluis.com\/index.php\/wp-json\/wp\/v2\/users\/1"}],"replies":[{"embeddable":true,"href":"https:\/\/apuntesdesanluis.com\/index.php\/wp-json\/wp\/v2\/comments?post=30791"}],"version-history":[{"count":1,"href":"https:\/\/apuntesdesanluis.com\/index.php\/wp-json\/wp\/v2\/posts\/30791\/revisions"}],"predecessor-version":[{"id":30794,"href":"https:\/\/apuntesdesanluis.com\/index.php\/wp-json\/wp\/v2\/posts\/30791\/revisions\/30794"}],"wp:featuredmedia":[{"embeddable":true,"href":"https:\/\/apuntesdesanluis.com\/index.php\/wp-json\/wp\/v2\/media\/30792"}],"wp:attachment":[{"href":"https:\/\/apuntesdesanluis.com\/index.php\/wp-json\/wp\/v2\/media?parent=30791"}],"wp:term":[{"taxonomy":"category","embeddable":true,"href":"https:\/\/apuntesdesanluis.com\/index.php\/wp-json\/wp\/v2\/categories?post=30791"},{"taxonomy":"post_tag","embeddable":true,"href":"https:\/\/apuntesdesanluis.com\/index.php\/wp-json\/wp\/v2\/tags?post=30791"}],"curies":[{"name":"wp","href":"https:\/\/api.w.org\/{rel}","templated":true}]}}