{"id":30809,"date":"2025-03-25T13:39:37","date_gmt":"2025-03-25T16:39:37","guid":{"rendered":"https:\/\/apuntesdesanluis.com\/?p=30809"},"modified":"2025-03-25T13:39:37","modified_gmt":"2025-03-25T16:39:37","slug":"el-lunes-31-cobra-la-administracion-publica-provincial","status":"publish","type":"post","link":"https:\/\/apuntesdesanluis.com\/index.php\/2025\/03\/25\/el-lunes-31-cobra-la-administracion-publica-provincial\/","title":{"rendered":"EL LUNES 31 COBRA LA ADMINISTRACI\u00d3N P\u00daBLICA PROVINCIAL"},"content":{"rendered":"<h3>La Tesorer\u00eda General de la Provincia inform\u00f3 que los agentes de la administraci\u00f3n p\u00fablica provincial cobrar\u00e1n sus sueldos el pr\u00f3ximo lunes 31 de marzo, al igual que los m\u00e9dicos residentes.<\/h3>\n<h3>En esa misma fecha se efectuar\u00e1 el dep\u00f3sito para el pago de haberes en escuelas privadas, autogestionadas y generativas, excombatientes de Malvinas e integrantes de la Brigada Heroica.<\/h3>\n<h3><strong>PLAN DE INCLUSI\u00d3N<\/strong><\/h3>\n<h3>Los integrantes del Plan del Inclusi\u00f3n percibir\u00e1n su beneficio el martes 1\u00ba de abril, al igual que los beneficiarios de los dem\u00e1s planes sociales del Gobierno provincial.<\/h3>\n<h3><strong>PROGRAMAS Y BECAS<\/strong><\/h3>\n<h3>Asimismo, la Tesorer\u00eda precis\u00f3 que los integrantes de los programas J\u00f3venes en Formaci\u00f3n, Empezar y los beneficiarios de la Beca al M\u00e9rito y Construyendo Sue\u00f1os cobrar\u00e1n el viernes 4 de abril.<\/h3>\n<h3><\/h3>\n<p>&nbsp;<\/p>\n<p>&nbsp;<\/p>\n","protected":false},"excerpt":{"rendered":"<p>La Tesorer\u00eda General de la Provincia inform\u00f3 que los agentes de la administraci\u00f3n p\u00fablica provincial&#8230;<\/p>\n","protected":false},"author":1,"featured_media":25475,"comment_status":"closed","ping_status":"closed","sticky":false,"template":"","format":"standard","meta":{"footnotes":""},"categories":[6],"tags":[],"class_list":["post-30809","post","type-post","status-publish","format-standard","has-post-thumbnail","hentry","category-ciudad-provincia"],"yoast_head":"<!-- This site is optimized with the Yoast SEO plugin v26.1.1 - https:\/\/yoast.com\/wordpress\/plugins\/seo\/ -->\n<title>EL LUNES 31 COBRA LA ADMINISTRACI\u00d3N P\u00daBLICA PROVINCIAL - Apuntes de San Luis<\/title>\n<meta name=\"robots\" content=\"index, follow, max-snippet:-1, max-image-preview:large, max-video-preview:-1\" \/>\n<link rel=\"canonical\" href=\"https:\/\/apuntesdesanluis.com\/index.php\/2025\/03\/25\/el-lunes-31-cobra-la-administracion-publica-provincial\/\" \/>\n<meta property=\"og:locale\" content=\"es_ES\" \/>\n<meta property=\"og:type\" content=\"article\" \/>\n<meta property=\"og:title\" content=\"EL LUNES 31 COBRA LA ADMINISTRACI\u00d3N P\u00daBLICA PROVINCIAL - Apuntes de San Luis\" \/>\n<meta property=\"og:description\" content=\"La Tesorer\u00eda General de la Provincia inform\u00f3 que los agentes de la administraci\u00f3n p\u00fablica provincial...\" \/>\n<meta property=\"og:url\" content=\"https:\/\/apuntesdesanluis.com\/index.php\/2025\/03\/25\/el-lunes-31-cobra-la-administracion-publica-provincial\/\" \/>\n<meta property=\"og:site_name\" content=\"Apuntes de San Luis\" \/>\n<meta property=\"article:published_time\" content=\"2025-03-25T16:39:37+00:00\" \/>\n<meta property=\"og:image\" content=\"https:\/\/apuntesdesanluis.com\/wp-content\/uploads\/2024\/11\/MINISTERIO-DE-HACIENDA-1.png\" \/>\n\t<meta property=\"og:image:width\" content=\"665\" \/>\n\t<meta property=\"og:image:height\" content=\"402\" \/>\n\t<meta property=\"og:image:type\" content=\"image\/png\" \/>\n<meta name=\"author\" content=\"apuntesdesanluis.com\" \/>\n<meta name=\"twitter:card\" content=\"summary_large_image\" \/>\n<meta name=\"twitter:label1\" content=\"Escrito por\" \/>\n\t<meta name=\"twitter:data1\" content=\"apuntesdesanluis.com\" \/>\n\t<meta name=\"twitter:label2\" content=\"Tiempo de lectura\" \/>\n\t<meta name=\"twitter:data2\" content=\"1 minuto\" \/>\n<script type=\"application\/ld+json\" class=\"yoast-schema-graph\">{\"@context\":\"https:\/\/schema.org\",\"@graph\":[{\"@type\":\"Article\",\"@id\":\"https:\/\/apuntesdesanluis.com\/index.php\/2025\/03\/25\/el-lunes-31-cobra-la-administracion-publica-provincial\/#article\",\"isPartOf\":{\"@id\":\"https:\/\/apuntesdesanluis.com\/index.php\/2025\/03\/25\/el-lunes-31-cobra-la-administracion-publica-provincial\/\"},\"author\":{\"name\":\"apuntesdesanluis.com\",\"@id\":\"https:\/\/apuntesdesanluis.com\/#\/schema\/person\/b55151d52296fcce64d1a72538a70b90\"},\"headline\":\"EL LUNES 31 COBRA LA ADMINISTRACI\u00d3N P\u00daBLICA PROVINCIAL\",\"datePublished\":\"2025-03-25T16:39:37+00:00\",\"mainEntityOfPage\":{\"@id\":\"https:\/\/apuntesdesanluis.com\/index.php\/2025\/03\/25\/el-lunes-31-cobra-la-administracion-publica-provincial\/\"},\"wordCount\":147,\"publisher\":{\"@id\":\"https:\/\/apuntesdesanluis.com\/#\/schema\/person\/b55151d52296fcce64d1a72538a70b90\"},\"image\":{\"@id\":\"https:\/\/apuntesdesanluis.com\/index.php\/2025\/03\/25\/el-lunes-31-cobra-la-administracion-publica-provincial\/#primaryimage\"},\"thumbnailUrl\":\"https:\/\/apuntesdesanluis.com\/wp-content\/uploads\/2024\/11\/MINISTERIO-DE-HACIENDA-1.png\",\"articleSection\":[\"Ciudad\/Provincia\"],\"inLanguage\":\"es-AR\"},{\"@type\":\"WebPage\",\"@id\":\"https:\/\/apuntesdesanluis.com\/index.php\/2025\/03\/25\/el-lunes-31-cobra-la-administracion-publica-provincial\/\",\"url\":\"https:\/\/apuntesdesanluis.com\/index.php\/2025\/03\/25\/el-lunes-31-cobra-la-administracion-publica-provincial\/\",\"name\":\"EL LUNES 31 COBRA LA ADMINISTRACI\u00d3N P\u00daBLICA PROVINCIAL - Apuntes de San Luis\",\"isPartOf\":{\"@id\":\"https:\/\/apuntesdesanluis.com\/#website\"},\"primaryImageOfPage\":{\"@id\":\"https:\/\/apuntesdesanluis.com\/index.php\/2025\/03\/25\/el-lunes-31-cobra-la-administracion-publica-provincial\/#primaryimage\"},\"image\":{\"@id\":\"https:\/\/apuntesdesanluis.com\/index.php\/2025\/03\/25\/el-lunes-31-cobra-la-administracion-publica-provincial\/#primaryimage\"},\"thumbnailUrl\":\"https:\/\/apuntesdesanluis.com\/wp-content\/uploads\/2024\/11\/MINISTERIO-DE-HACIENDA-1.png\",\"datePublished\":\"2025-03-25T16:39:37+00:00\",\"breadcrumb\":{\"@id\":\"https:\/\/apuntesdesanluis.com\/index.php\/2025\/03\/25\/el-lunes-31-cobra-la-administracion-publica-provincial\/#breadcrumb\"},\"inLanguage\":\"es-AR\",\"potentialAction\":[{\"@type\":\"ReadAction\",\"target\":[\"https:\/\/apuntesdesanluis.com\/index.php\/2025\/03\/25\/el-lunes-31-cobra-la-administracion-publica-provincial\/\"]}]},{\"@type\":\"ImageObject\",\"inLanguage\":\"es-AR\",\"@id\":\"https:\/\/apuntesdesanluis.com\/index.php\/2025\/03\/25\/el-lunes-31-cobra-la-administracion-publica-provincial\/#primaryimage\",\"url\":\"https:\/\/apuntesdesanluis.com\/wp-content\/uploads\/2024\/11\/MINISTERIO-DE-HACIENDA-1.png\",\"contentUrl\":\"https:\/\/apuntesdesanluis.com\/wp-content\/uploads\/2024\/11\/MINISTERIO-DE-HACIENDA-1.png\",\"width\":665,\"height\":402},{\"@type\":\"BreadcrumbList\",\"@id\":\"https:\/\/apuntesdesanluis.com\/index.php\/2025\/03\/25\/el-lunes-31-cobra-la-administracion-publica-provincial\/#breadcrumb\",\"itemListElement\":[{\"@type\":\"ListItem\",\"position\":1,\"name\":\"Inicio\",\"item\":\"https:\/\/apuntesdesanluis.com\/\"},{\"@type\":\"ListItem\",\"position\":2,\"name\":\"EL LUNES 31 COBRA LA ADMINISTRACI\u00d3N P\u00daBLICA PROVINCIAL\"}]},{\"@type\":\"WebSite\",\"@id\":\"https:\/\/apuntesdesanluis.com\/#website\",\"url\":\"https:\/\/apuntesdesanluis.com\/\",\"name\":\"Apuntes de San Luis\",\"description\":\"\",\"publisher\":{\"@id\":\"https:\/\/apuntesdesanluis.com\/#\/schema\/person\/b55151d52296fcce64d1a72538a70b90\"},\"potentialAction\":[{\"@type\":\"SearchAction\",\"target\":{\"@type\":\"EntryPoint\",\"urlTemplate\":\"https:\/\/apuntesdesanluis.com\/?s={search_term_string}\"},\"query-input\":{\"@type\":\"PropertyValueSpecification\",\"valueRequired\":true,\"valueName\":\"search_term_string\"}}],\"inLanguage\":\"es-AR\"},{\"@type\":[\"Person\",\"Organization\"],\"@id\":\"https:\/\/apuntesdesanluis.com\/#\/schema\/person\/b55151d52296fcce64d1a72538a70b90\",\"name\":\"apuntesdesanluis.com\",\"image\":{\"@type\":\"ImageObject\",\"inLanguage\":\"es-AR\",\"@id\":\"https:\/\/apuntesdesanluis.com\/#\/schema\/person\/image\/\",\"url\":\"https:\/\/apuntesdesanluis.com\/wp-content\/uploads\/2023\/07\/cropped-apuntesdesanluis.png\",\"contentUrl\":\"https:\/\/apuntesdesanluis.com\/wp-content\/uploads\/2023\/07\/cropped-apuntesdesanluis.png\",\"width\":450,\"height\":112,\"caption\":\"apuntesdesanluis.com\"},\"logo\":{\"@id\":\"https:\/\/apuntesdesanluis.com\/#\/schema\/person\/image\/\"},\"sameAs\":[\"https:\/\/apuntesdesanluis.com\"],\"url\":\"https:\/\/apuntesdesanluis.com\/index.php\/author\/apuntesdesanluis-com\/\"}]}<\/script>\n<!-- \/ Yoast SEO plugin. -->","yoast_head_json":{"title":"EL LUNES 31 COBRA LA ADMINISTRACI\u00d3N P\u00daBLICA PROVINCIAL - Apuntes de San Luis","robots":{"index":"index","follow":"follow","max-snippet":"max-snippet:-1","max-image-preview":"max-image-preview:large","max-video-preview":"max-video-preview:-1"},"canonical":"https:\/\/apuntesdesanluis.com\/index.php\/2025\/03\/25\/el-lunes-31-cobra-la-administracion-publica-provincial\/","og_locale":"es_ES","og_type":"article","og_title":"EL LUNES 31 COBRA LA ADMINISTRACI\u00d3N P\u00daBLICA PROVINCIAL - Apuntes de San Luis","og_description":"La Tesorer\u00eda General de la Provincia inform\u00f3 que los agentes de la administraci\u00f3n p\u00fablica provincial...","og_url":"https:\/\/apuntesdesanluis.com\/index.php\/2025\/03\/25\/el-lunes-31-cobra-la-administracion-publica-provincial\/","og_site_name":"Apuntes de San Luis","article_published_time":"2025-03-25T16:39:37+00:00","og_image":[{"width":665,"height":402,"url":"https:\/\/apuntesdesanluis.com\/wp-content\/uploads\/2024\/11\/MINISTERIO-DE-HACIENDA-1.png","type":"image\/png"}],"author":"apuntesdesanluis.com","twitter_card":"summary_large_image","twitter_misc":{"Escrito por":"apuntesdesanluis.com","Tiempo de lectura":"1 minuto"},"schema":{"@context":"https:\/\/schema.org","@graph":[{"@type":"Article","@id":"https:\/\/apuntesdesanluis.com\/index.php\/2025\/03\/25\/el-lunes-31-cobra-la-administracion-publica-provincial\/#article","isPartOf":{"@id":"https:\/\/apuntesdesanluis.com\/index.php\/2025\/03\/25\/el-lunes-31-cobra-la-administracion-publica-provincial\/"},"author":{"name":"apuntesdesanluis.com","@id":"https:\/\/apuntesdesanluis.com\/#\/schema\/person\/b55151d52296fcce64d1a72538a70b90"},"headline":"EL LUNES 31 COBRA LA ADMINISTRACI\u00d3N P\u00daBLICA PROVINCIAL","datePublished":"2025-03-25T16:39:37+00:00","mainEntityOfPage":{"@id":"https:\/\/apuntesdesanluis.com\/index.php\/2025\/03\/25\/el-lunes-31-cobra-la-administracion-publica-provincial\/"},"wordCount":147,"publisher":{"@id":"https:\/\/apuntesdesanluis.com\/#\/schema\/person\/b55151d52296fcce64d1a72538a70b90"},"image":{"@id":"https:\/\/apuntesdesanluis.com\/index.php\/2025\/03\/25\/el-lunes-31-cobra-la-administracion-publica-provincial\/#primaryimage"},"thumbnailUrl":"https:\/\/apuntesdesanluis.com\/wp-content\/uploads\/2024\/11\/MINISTERIO-DE-HACIENDA-1.png","articleSection":["Ciudad\/Provincia"],"inLanguage":"es-AR"},{"@type":"WebPage","@id":"https:\/\/apuntesdesanluis.com\/index.php\/2025\/03\/25\/el-lunes-31-cobra-la-administracion-publica-provincial\/","url":"https:\/\/apuntesdesanluis.com\/index.php\/2025\/03\/25\/el-lunes-31-cobra-la-administracion-publica-provincial\/","name":"EL LUNES 31 COBRA LA ADMINISTRACI\u00d3N P\u00daBLICA PROVINCIAL - Apuntes de San Luis","isPartOf":{"@id":"https:\/\/apuntesdesanluis.com\/#website"},"primaryImageOfPage":{"@id":"https:\/\/apuntesdesanluis.com\/index.php\/2025\/03\/25\/el-lunes-31-cobra-la-administracion-publica-provincial\/#primaryimage"},"image":{"@id":"https:\/\/apuntesdesanluis.com\/index.php\/2025\/03\/25\/el-lunes-31-cobra-la-administracion-publica-provincial\/#primaryimage"},"thumbnailUrl":"https:\/\/apuntesdesanluis.com\/wp-content\/uploads\/2024\/11\/MINISTERIO-DE-HACIENDA-1.png","datePublished":"2025-03-25T16:39:37+00:00","breadcrumb":{"@id":"https:\/\/apuntesdesanluis.com\/index.php\/2025\/03\/25\/el-lunes-31-cobra-la-administracion-publica-provincial\/#breadcrumb"},"inLanguage":"es-AR","potentialAction":[{"@type":"ReadAction","target":["https:\/\/apuntesdesanluis.com\/index.php\/2025\/03\/25\/el-lunes-31-cobra-la-administracion-publica-provincial\/"]}]},{"@type":"ImageObject","inLanguage":"es-AR","@id":"https:\/\/apuntesdesanluis.com\/index.php\/2025\/03\/25\/el-lunes-31-cobra-la-administracion-publica-provincial\/#primaryimage","url":"https:\/\/apuntesdesanluis.com\/wp-content\/uploads\/2024\/11\/MINISTERIO-DE-HACIENDA-1.png","contentUrl":"https:\/\/apuntesdesanluis.com\/wp-content\/uploads\/2024\/11\/MINISTERIO-DE-HACIENDA-1.png","width":665,"height":402},{"@type":"BreadcrumbList","@id":"https:\/\/apuntesdesanluis.com\/index.php\/2025\/03\/25\/el-lunes-31-cobra-la-administracion-publica-provincial\/#breadcrumb","itemListElement":[{"@type":"ListItem","position":1,"name":"Inicio","item":"https:\/\/apuntesdesanluis.com\/"},{"@type":"ListItem","position":2,"name":"EL LUNES 31 COBRA LA ADMINISTRACI\u00d3N P\u00daBLICA PROVINCIAL"}]},{"@type":"WebSite","@id":"https:\/\/apuntesdesanluis.com\/#website","url":"https:\/\/apuntesdesanluis.com\/","name":"Apuntes de San Luis","description":"","publisher":{"@id":"https:\/\/apuntesdesanluis.com\/#\/schema\/person\/b55151d52296fcce64d1a72538a70b90"},"potentialAction":[{"@type":"SearchAction","target":{"@type":"EntryPoint","urlTemplate":"https:\/\/apuntesdesanluis.com\/?s={search_term_string}"},"query-input":{"@type":"PropertyValueSpecification","valueRequired":true,"valueName":"search_term_string"}}],"inLanguage":"es-AR"},{"@type":["Person","Organization"],"@id":"https:\/\/apuntesdesanluis.com\/#\/schema\/person\/b55151d52296fcce64d1a72538a70b90","name":"apuntesdesanluis.com","image":{"@type":"ImageObject","inLanguage":"es-AR","@id":"https:\/\/apuntesdesanluis.com\/#\/schema\/person\/image\/","url":"https:\/\/apuntesdesanluis.com\/wp-content\/uploads\/2023\/07\/cropped-apuntesdesanluis.png","contentUrl":"https:\/\/apuntesdesanluis.com\/wp-content\/uploads\/2023\/07\/cropped-apuntesdesanluis.png","width":450,"height":112,"caption":"apuntesdesanluis.com"},"logo":{"@id":"https:\/\/apuntesdesanluis.com\/#\/schema\/person\/image\/"},"sameAs":["https:\/\/apuntesdesanluis.com"],"url":"https:\/\/apuntesdesanluis.com\/index.php\/author\/apuntesdesanluis-com\/"}]}},"featured_image_urls":{"full":["https:\/\/apuntesdesanluis.com\/wp-content\/uploads\/2024\/11\/MINISTERIO-DE-HACIENDA-1.png",665,402,false],"thumbnail":["https:\/\/apuntesdesanluis.com\/wp-content\/uploads\/2024\/11\/MINISTERIO-DE-HACIENDA-1-150x150.png",150,150,true],"medium":["https:\/\/apuntesdesanluis.com\/wp-content\/uploads\/2024\/11\/MINISTERIO-DE-HACIENDA-1-300x181.png",300,181,true],"medium_large":["https:\/\/apuntesdesanluis.com\/wp-content\/uploads\/2024\/11\/MINISTERIO-DE-HACIENDA-1.png",640,387,false],"large":["https:\/\/apuntesdesanluis.com\/wp-content\/uploads\/2024\/11\/MINISTERIO-DE-HACIENDA-1.png",640,387,false],"1536x1536":["https:\/\/apuntesdesanluis.com\/wp-content\/uploads\/2024\/11\/MINISTERIO-DE-HACIENDA-1.png",665,402,false],"2048x2048":["https:\/\/apuntesdesanluis.com\/wp-content\/uploads\/2024\/11\/MINISTERIO-DE-HACIENDA-1.png",665,402,false],"newsever-slider-full":["https:\/\/apuntesdesanluis.com\/wp-content\/uploads\/2024\/11\/MINISTERIO-DE-HACIENDA-1.png",665,402,false],"newsever-featured":["https:\/\/apuntesdesanluis.com\/wp-content\/uploads\/2024\/11\/MINISTERIO-DE-HACIENDA-1.png",665,402,false],"newsever-medium":["https:\/\/apuntesdesanluis.com\/wp-content\/uploads\/2024\/11\/MINISTERIO-DE-HACIENDA-1.png",665,402,false]},"author_info":{"display_name":"apuntesdesanluis.com","author_link":"https:\/\/apuntesdesanluis.com\/index.php\/author\/apuntesdesanluis-com\/"},"category_info":"<a href=\"https:\/\/apuntesdesanluis.com\/index.php\/category\/ciudad-provincia\/\" rel=\"category tag\">Ciudad\/Provincia<\/a>","tag_info":"Ciudad\/Provincia","comment_count":"0","_links":{"self":[{"href":"https:\/\/apuntesdesanluis.com\/index.php\/wp-json\/wp\/v2\/posts\/30809","targetHints":{"allow":["GET"]}}],"collection":[{"href":"https:\/\/apuntesdesanluis.com\/index.php\/wp-json\/wp\/v2\/posts"}],"about":[{"href":"https:\/\/apuntesdesanluis.com\/index.php\/wp-json\/wp\/v2\/types\/post"}],"author":[{"embeddable":true,"href":"https:\/\/apuntesdesanluis.com\/index.php\/wp-json\/wp\/v2\/users\/1"}],"replies":[{"embeddable":true,"href":"https:\/\/apuntesdesanluis.com\/index.php\/wp-json\/wp\/v2\/comments?post=30809"}],"version-history":[{"count":1,"href":"https:\/\/apuntesdesanluis.com\/index.php\/wp-json\/wp\/v2\/posts\/30809\/revisions"}],"predecessor-version":[{"id":30810,"href":"https:\/\/apuntesdesanluis.com\/index.php\/wp-json\/wp\/v2\/posts\/30809\/revisions\/30810"}],"wp:featuredmedia":[{"embeddable":true,"href":"https:\/\/apuntesdesanluis.com\/index.php\/wp-json\/wp\/v2\/media\/25475"}],"wp:attachment":[{"href":"https:\/\/apuntesdesanluis.com\/index.php\/wp-json\/wp\/v2\/media?parent=30809"}],"wp:term":[{"taxonomy":"category","embeddable":true,"href":"https:\/\/apuntesdesanluis.com\/index.php\/wp-json\/wp\/v2\/categories?post=30809"},{"taxonomy":"post_tag","embeddable":true,"href":"https:\/\/apuntesdesanluis.com\/index.php\/wp-json\/wp\/v2\/tags?post=30809"}],"curies":[{"name":"wp","href":"https:\/\/api.w.org\/{rel}","templated":true}]}}