{"id":30811,"date":"2025-03-25T17:20:20","date_gmt":"2025-03-25T20:20:20","guid":{"rendered":"https:\/\/apuntesdesanluis.com\/?p=30811"},"modified":"2025-03-25T17:31:29","modified_gmt":"2025-03-25T20:31:29","slug":"comenzo-el-juicio-al-entrenador-de-basquet-acusado-por-abuso-sexual","status":"publish","type":"post","link":"https:\/\/apuntesdesanluis.com\/index.php\/2025\/03\/25\/comenzo-el-juicio-al-entrenador-de-basquet-acusado-por-abuso-sexual\/","title":{"rendered":"COMENZ\u00d3 EL JUICIO AL ENTRENADOR DE B\u00c1SQUET ACUSADO POR ABUSO SEXUAL"},"content":{"rendered":"<h3>En la ma\u00f1ana de este martes 25 de marzo, el Tribunal integrado por el Dr. Hugo Sa\u00e1 Petrino \u2013 Presidente \u2013 y por el Dr. Ariel G. Parrillis y Adriana K. Lucero Alfonso \u2013 Vocales \u2013 comenz\u00f3 a juzgar a un hombre acusado como autor de delitos contra la integridad sexual. El hecho investigado ocurri\u00f3 en Villa Mercedes, en instalaciones de Sociedad Italiana, y fue denunciado en el 2021.<\/h3>\n<h3>En medio de una gran expectativa, en la jornada de hoy se desarrollaron los alegatos de apertura, conforme lo previsto en el Art. 186 del C\u00f3digo de Procedimiento Penal de la Provincia de San Luis.<\/h3>\n<h3><strong>V\u00edctor Figueroa<\/strong> es juzgado como autor de los delitos de abuso sexual con acceso carnal reiterado y corrupci\u00f3n de menores, agravado por la edad de la v\u00edctima, en concurso real.<\/h3>\n<h3>Por tratarse de un delito en perjuicio de una persona menor de 18 a\u00f1os, no se consignan los datos identificatorios de las partes, a fin de preservar el derecho a la intimidad, privacidad y confidencialidad de la v\u00edctima (Art.22 Ley 26.061).<\/h3>\n<h3>Fiscal\u00eda de Juicio expuso se teor\u00eda del caso y describi\u00f3 los abusos sexuales y al contexto en el que se produjeron. Explic\u00f3 que el acusado aprovech\u00f3 una relaci\u00f3n de confianza con la v\u00edctima y que los hechos ocurrieron en un establecimiento deportivo. Precis\u00f3 que los delitos se cometieron en un lugar aislado y alejado, donde el acusado pod\u00eda desarrollar sus comportamientos.<\/h3>\n<h3>Mencion\u00f3 evidencia y asegur\u00f3 que durante el debate oral van a demostrar la existencia de los hechos y la autor\u00eda del acusado. Calific\u00f3 a los delitos como abuso sexual con acceso carnal reiterado y corrupci\u00f3n de menores, agravado por la edad de la v\u00edctima, en concurso real. (Arts. 45, 119 3er p\u00e1rrafo, 125 2do p\u00e1rrafo y 55 del C\u00f3digo Penal Argentino).<\/h3>\n<h3>A continuaci\u00f3n, la Querella adhiri\u00f3 a lo expuesto por Fiscal\u00eda de Juicio.<\/h3>\n<h3>En el mismo sentido se expres\u00f3 la Defensora de Ni\u00f1ez \u2013 Adolescencia e Incapaces N\u00ba 1, quien detall\u00f3 que los abusos se produjeron cuando la v\u00edctima ten\u00eda 5 y 6 a\u00f1os. Tambi\u00e9n se refiri\u00f3 a la relaci\u00f3n de amistad y trato frecuente que exist\u00eda entre el acusado y la familia de la v\u00edctima. Destac\u00f3 que los hechos fueron reiterados y que se acreditar\u00e1n mediante la prueba que se exhibir\u00e1 durante el juicio.<\/h3>\n<h3>La Defensa solicit\u00f3 que se respete la presunci\u00f3n de inocencia y que la voz de las ni\u00f1eces sean escuchadas sin intermediarios. Argument\u00f3 que su asistido enfrenta una acusaci\u00f3n sufriendo la presi\u00f3n de la \u201ccriminolog\u00eda medi\u00e1tica\u201d, y habl\u00f3 de la influencia que pueden ejercer los medios de comunicaci\u00f3n. Asegur\u00f3 que la acusaci\u00f3n se encuentra sobredimensionada y que el principio de inocencia constituye una garant\u00eda constitucional.<\/h3>\n<h3>Asimismo, la Defensa manifest\u00f3 que durante el debate oral deber\u00e1n determinar si existen pruebas s\u00f3lidas y confiables en relaci\u00f3n a los hechos.<\/h3>\n<h3>Cabe se\u00f1alar que en el inicio de la audiencia, la Defensa plante\u00f3 la suspensi\u00f3n del inicio del debate oral en virtud de que existe un recurso que tramita ante el Superior Tribunal de Justicia, planteado oportunamente frente a la resoluci\u00f3n con la que se declar\u00f3 inadmisible una propuesta de juicio abreviado. En este sentido, luego de un cuarto intermedio, el Tribunal consider\u00f3 que\u00a0 el presente debate oral constituye la instancia\u00a0 donde cada una de las partes podr\u00e1 ejercer todas las cuestiones que hagan al ejercicio de su derecho y en relaci\u00f3n al planteo formulado por la Defensa, estim\u00f3 que la queja no es causal de suspensi\u00f3n del debate oral.<\/h3>\n<h3>En la jornada de hoy, se declar\u00f3 abierta la etapa probatoria y estaba prevista la declaraci\u00f3n de diez testigos.<\/h3>\n<h3>El Tribunal est\u00e1 integrado por el Dr. Hugo Sa\u00e1 Petrino \u2013 Presidente \u2013 y por el Dr. Ariel G. Parrillis y Adriana K. Lucero Alfonso \u2013 Vocales \u2013. Intervienen en el juicio oral el Dr. Maximiliano Bazla Cassina como Fiscal de Juicio; la Defensora de Ni\u00f1ez \u2013 Adolescencia e Incapaces N\u00ba 1, Dra. Mar\u00eda Victoria Cort\u00e1zar de Furnari, en representaci\u00f3n de la v\u00edctima; el Dr. Pascual Celdr\u00e1n por la Querella y la Dra. Eliana Pradel, Defensora de Juicio N\u00ba 2, en representaci\u00f3n del acusado.<\/h3>\n<h3><\/h3>\n<h3><\/h3>\n","protected":false},"excerpt":{"rendered":"<p>En la ma\u00f1ana de este martes 25 de marzo, el Tribunal integrado por el Dr&#8230;.<\/p>\n","protected":false},"author":1,"featured_media":30812,"comment_status":"closed","ping_status":"closed","sticky":false,"template":"","format":"standard","meta":{"footnotes":""},"categories":[6],"tags":[],"class_list":["post-30811","post","type-post","status-publish","format-standard","has-post-thumbnail","hentry","category-ciudad-provincia"],"yoast_head":"<!-- This site is optimized with the Yoast SEO plugin v26.1.1 - https:\/\/yoast.com\/wordpress\/plugins\/seo\/ -->\n<title>COMENZ\u00d3 EL JUICIO AL ENTRENADOR DE B\u00c1SQUET ACUSADO POR ABUSO SEXUAL - Apuntes de San Luis<\/title>\n<meta name=\"robots\" content=\"index, follow, max-snippet:-1, max-image-preview:large, max-video-preview:-1\" \/>\n<link rel=\"canonical\" href=\"https:\/\/apuntesdesanluis.com\/index.php\/2025\/03\/25\/comenzo-el-juicio-al-entrenador-de-basquet-acusado-por-abuso-sexual\/\" \/>\n<meta property=\"og:locale\" content=\"es_ES\" \/>\n<meta property=\"og:type\" content=\"article\" \/>\n<meta property=\"og:title\" content=\"COMENZ\u00d3 EL JUICIO AL ENTRENADOR DE B\u00c1SQUET ACUSADO POR ABUSO SEXUAL - Apuntes de San Luis\" \/>\n<meta property=\"og:description\" content=\"En la ma\u00f1ana de este martes 25 de marzo, el Tribunal integrado por el Dr....\" \/>\n<meta property=\"og:url\" content=\"https:\/\/apuntesdesanluis.com\/index.php\/2025\/03\/25\/comenzo-el-juicio-al-entrenador-de-basquet-acusado-por-abuso-sexual\/\" \/>\n<meta property=\"og:site_name\" content=\"Apuntes de San Luis\" \/>\n<meta property=\"article:published_time\" content=\"2025-03-25T20:20:20+00:00\" \/>\n<meta property=\"article:modified_time\" content=\"2025-03-25T20:31:29+00:00\" \/>\n<meta property=\"og:image\" content=\"https:\/\/apuntesdesanluis.com\/wp-content\/uploads\/2025\/03\/JUICIO-A-FIGUEROA.png\" \/>\n\t<meta property=\"og:image:width\" content=\"800\" \/>\n\t<meta property=\"og:image:height\" content=\"453\" \/>\n\t<meta property=\"og:image:type\" content=\"image\/png\" \/>\n<meta name=\"author\" content=\"apuntesdesanluis.com\" \/>\n<meta name=\"twitter:card\" content=\"summary_large_image\" \/>\n<meta name=\"twitter:label1\" content=\"Escrito por\" \/>\n\t<meta name=\"twitter:data1\" content=\"apuntesdesanluis.com\" \/>\n\t<meta name=\"twitter:label2\" content=\"Tiempo de lectura\" \/>\n\t<meta name=\"twitter:data2\" content=\"4 minutos\" \/>\n<script type=\"application\/ld+json\" class=\"yoast-schema-graph\">{\"@context\":\"https:\/\/schema.org\",\"@graph\":[{\"@type\":\"Article\",\"@id\":\"https:\/\/apuntesdesanluis.com\/index.php\/2025\/03\/25\/comenzo-el-juicio-al-entrenador-de-basquet-acusado-por-abuso-sexual\/#article\",\"isPartOf\":{\"@id\":\"https:\/\/apuntesdesanluis.com\/index.php\/2025\/03\/25\/comenzo-el-juicio-al-entrenador-de-basquet-acusado-por-abuso-sexual\/\"},\"author\":{\"name\":\"apuntesdesanluis.com\",\"@id\":\"https:\/\/apuntesdesanluis.com\/#\/schema\/person\/b55151d52296fcce64d1a72538a70b90\"},\"headline\":\"COMENZ\u00d3 EL JUICIO AL ENTRENADOR DE B\u00c1SQUET ACUSADO POR ABUSO SEXUAL\",\"datePublished\":\"2025-03-25T20:20:20+00:00\",\"dateModified\":\"2025-03-25T20:31:29+00:00\",\"mainEntityOfPage\":{\"@id\":\"https:\/\/apuntesdesanluis.com\/index.php\/2025\/03\/25\/comenzo-el-juicio-al-entrenador-de-basquet-acusado-por-abuso-sexual\/\"},\"wordCount\":721,\"publisher\":{\"@id\":\"https:\/\/apuntesdesanluis.com\/#\/schema\/person\/b55151d52296fcce64d1a72538a70b90\"},\"image\":{\"@id\":\"https:\/\/apuntesdesanluis.com\/index.php\/2025\/03\/25\/comenzo-el-juicio-al-entrenador-de-basquet-acusado-por-abuso-sexual\/#primaryimage\"},\"thumbnailUrl\":\"https:\/\/apuntesdesanluis.com\/wp-content\/uploads\/2025\/03\/JUICIO-A-FIGUEROA.png\",\"articleSection\":[\"Ciudad\/Provincia\"],\"inLanguage\":\"es-AR\"},{\"@type\":\"WebPage\",\"@id\":\"https:\/\/apuntesdesanluis.com\/index.php\/2025\/03\/25\/comenzo-el-juicio-al-entrenador-de-basquet-acusado-por-abuso-sexual\/\",\"url\":\"https:\/\/apuntesdesanluis.com\/index.php\/2025\/03\/25\/comenzo-el-juicio-al-entrenador-de-basquet-acusado-por-abuso-sexual\/\",\"name\":\"COMENZ\u00d3 EL JUICIO AL ENTRENADOR DE B\u00c1SQUET ACUSADO POR ABUSO SEXUAL - Apuntes de San Luis\",\"isPartOf\":{\"@id\":\"https:\/\/apuntesdesanluis.com\/#website\"},\"primaryImageOfPage\":{\"@id\":\"https:\/\/apuntesdesanluis.com\/index.php\/2025\/03\/25\/comenzo-el-juicio-al-entrenador-de-basquet-acusado-por-abuso-sexual\/#primaryimage\"},\"image\":{\"@id\":\"https:\/\/apuntesdesanluis.com\/index.php\/2025\/03\/25\/comenzo-el-juicio-al-entrenador-de-basquet-acusado-por-abuso-sexual\/#primaryimage\"},\"thumbnailUrl\":\"https:\/\/apuntesdesanluis.com\/wp-content\/uploads\/2025\/03\/JUICIO-A-FIGUEROA.png\",\"datePublished\":\"2025-03-25T20:20:20+00:00\",\"dateModified\":\"2025-03-25T20:31:29+00:00\",\"breadcrumb\":{\"@id\":\"https:\/\/apuntesdesanluis.com\/index.php\/2025\/03\/25\/comenzo-el-juicio-al-entrenador-de-basquet-acusado-por-abuso-sexual\/#breadcrumb\"},\"inLanguage\":\"es-AR\",\"potentialAction\":[{\"@type\":\"ReadAction\",\"target\":[\"https:\/\/apuntesdesanluis.com\/index.php\/2025\/03\/25\/comenzo-el-juicio-al-entrenador-de-basquet-acusado-por-abuso-sexual\/\"]}]},{\"@type\":\"ImageObject\",\"inLanguage\":\"es-AR\",\"@id\":\"https:\/\/apuntesdesanluis.com\/index.php\/2025\/03\/25\/comenzo-el-juicio-al-entrenador-de-basquet-acusado-por-abuso-sexual\/#primaryimage\",\"url\":\"https:\/\/apuntesdesanluis.com\/wp-content\/uploads\/2025\/03\/JUICIO-A-FIGUEROA.png\",\"contentUrl\":\"https:\/\/apuntesdesanluis.com\/wp-content\/uploads\/2025\/03\/JUICIO-A-FIGUEROA.png\",\"width\":800,\"height\":453},{\"@type\":\"BreadcrumbList\",\"@id\":\"https:\/\/apuntesdesanluis.com\/index.php\/2025\/03\/25\/comenzo-el-juicio-al-entrenador-de-basquet-acusado-por-abuso-sexual\/#breadcrumb\",\"itemListElement\":[{\"@type\":\"ListItem\",\"position\":1,\"name\":\"Inicio\",\"item\":\"https:\/\/apuntesdesanluis.com\/\"},{\"@type\":\"ListItem\",\"position\":2,\"name\":\"COMENZ\u00d3 EL JUICIO AL ENTRENADOR DE B\u00c1SQUET ACUSADO POR ABUSO SEXUAL\"}]},{\"@type\":\"WebSite\",\"@id\":\"https:\/\/apuntesdesanluis.com\/#website\",\"url\":\"https:\/\/apuntesdesanluis.com\/\",\"name\":\"Apuntes de San Luis\",\"description\":\"\",\"publisher\":{\"@id\":\"https:\/\/apuntesdesanluis.com\/#\/schema\/person\/b55151d52296fcce64d1a72538a70b90\"},\"potentialAction\":[{\"@type\":\"SearchAction\",\"target\":{\"@type\":\"EntryPoint\",\"urlTemplate\":\"https:\/\/apuntesdesanluis.com\/?s={search_term_string}\"},\"query-input\":{\"@type\":\"PropertyValueSpecification\",\"valueRequired\":true,\"valueName\":\"search_term_string\"}}],\"inLanguage\":\"es-AR\"},{\"@type\":[\"Person\",\"Organization\"],\"@id\":\"https:\/\/apuntesdesanluis.com\/#\/schema\/person\/b55151d52296fcce64d1a72538a70b90\",\"name\":\"apuntesdesanluis.com\",\"image\":{\"@type\":\"ImageObject\",\"inLanguage\":\"es-AR\",\"@id\":\"https:\/\/apuntesdesanluis.com\/#\/schema\/person\/image\/\",\"url\":\"https:\/\/apuntesdesanluis.com\/wp-content\/uploads\/2023\/07\/cropped-apuntesdesanluis.png\",\"contentUrl\":\"https:\/\/apuntesdesanluis.com\/wp-content\/uploads\/2023\/07\/cropped-apuntesdesanluis.png\",\"width\":450,\"height\":112,\"caption\":\"apuntesdesanluis.com\"},\"logo\":{\"@id\":\"https:\/\/apuntesdesanluis.com\/#\/schema\/person\/image\/\"},\"sameAs\":[\"https:\/\/apuntesdesanluis.com\"],\"url\":\"https:\/\/apuntesdesanluis.com\/index.php\/author\/apuntesdesanluis-com\/\"}]}<\/script>\n<!-- \/ Yoast SEO plugin. -->","yoast_head_json":{"title":"COMENZ\u00d3 EL JUICIO AL ENTRENADOR DE B\u00c1SQUET ACUSADO POR ABUSO SEXUAL - Apuntes de San Luis","robots":{"index":"index","follow":"follow","max-snippet":"max-snippet:-1","max-image-preview":"max-image-preview:large","max-video-preview":"max-video-preview:-1"},"canonical":"https:\/\/apuntesdesanluis.com\/index.php\/2025\/03\/25\/comenzo-el-juicio-al-entrenador-de-basquet-acusado-por-abuso-sexual\/","og_locale":"es_ES","og_type":"article","og_title":"COMENZ\u00d3 EL JUICIO AL ENTRENADOR DE B\u00c1SQUET ACUSADO POR ABUSO SEXUAL - Apuntes de San Luis","og_description":"En la ma\u00f1ana de este martes 25 de marzo, el Tribunal integrado por el Dr....","og_url":"https:\/\/apuntesdesanluis.com\/index.php\/2025\/03\/25\/comenzo-el-juicio-al-entrenador-de-basquet-acusado-por-abuso-sexual\/","og_site_name":"Apuntes de San Luis","article_published_time":"2025-03-25T20:20:20+00:00","article_modified_time":"2025-03-25T20:31:29+00:00","og_image":[{"width":800,"height":453,"url":"https:\/\/apuntesdesanluis.com\/wp-content\/uploads\/2025\/03\/JUICIO-A-FIGUEROA.png","type":"image\/png"}],"author":"apuntesdesanluis.com","twitter_card":"summary_large_image","twitter_misc":{"Escrito por":"apuntesdesanluis.com","Tiempo de lectura":"4 minutos"},"schema":{"@context":"https:\/\/schema.org","@graph":[{"@type":"Article","@id":"https:\/\/apuntesdesanluis.com\/index.php\/2025\/03\/25\/comenzo-el-juicio-al-entrenador-de-basquet-acusado-por-abuso-sexual\/#article","isPartOf":{"@id":"https:\/\/apuntesdesanluis.com\/index.php\/2025\/03\/25\/comenzo-el-juicio-al-entrenador-de-basquet-acusado-por-abuso-sexual\/"},"author":{"name":"apuntesdesanluis.com","@id":"https:\/\/apuntesdesanluis.com\/#\/schema\/person\/b55151d52296fcce64d1a72538a70b90"},"headline":"COMENZ\u00d3 EL JUICIO AL ENTRENADOR DE B\u00c1SQUET ACUSADO POR ABUSO SEXUAL","datePublished":"2025-03-25T20:20:20+00:00","dateModified":"2025-03-25T20:31:29+00:00","mainEntityOfPage":{"@id":"https:\/\/apuntesdesanluis.com\/index.php\/2025\/03\/25\/comenzo-el-juicio-al-entrenador-de-basquet-acusado-por-abuso-sexual\/"},"wordCount":721,"publisher":{"@id":"https:\/\/apuntesdesanluis.com\/#\/schema\/person\/b55151d52296fcce64d1a72538a70b90"},"image":{"@id":"https:\/\/apuntesdesanluis.com\/index.php\/2025\/03\/25\/comenzo-el-juicio-al-entrenador-de-basquet-acusado-por-abuso-sexual\/#primaryimage"},"thumbnailUrl":"https:\/\/apuntesdesanluis.com\/wp-content\/uploads\/2025\/03\/JUICIO-A-FIGUEROA.png","articleSection":["Ciudad\/Provincia"],"inLanguage":"es-AR"},{"@type":"WebPage","@id":"https:\/\/apuntesdesanluis.com\/index.php\/2025\/03\/25\/comenzo-el-juicio-al-entrenador-de-basquet-acusado-por-abuso-sexual\/","url":"https:\/\/apuntesdesanluis.com\/index.php\/2025\/03\/25\/comenzo-el-juicio-al-entrenador-de-basquet-acusado-por-abuso-sexual\/","name":"COMENZ\u00d3 EL JUICIO AL ENTRENADOR DE B\u00c1SQUET ACUSADO POR ABUSO SEXUAL - Apuntes de San Luis","isPartOf":{"@id":"https:\/\/apuntesdesanluis.com\/#website"},"primaryImageOfPage":{"@id":"https:\/\/apuntesdesanluis.com\/index.php\/2025\/03\/25\/comenzo-el-juicio-al-entrenador-de-basquet-acusado-por-abuso-sexual\/#primaryimage"},"image":{"@id":"https:\/\/apuntesdesanluis.com\/index.php\/2025\/03\/25\/comenzo-el-juicio-al-entrenador-de-basquet-acusado-por-abuso-sexual\/#primaryimage"},"thumbnailUrl":"https:\/\/apuntesdesanluis.com\/wp-content\/uploads\/2025\/03\/JUICIO-A-FIGUEROA.png","datePublished":"2025-03-25T20:20:20+00:00","dateModified":"2025-03-25T20:31:29+00:00","breadcrumb":{"@id":"https:\/\/apuntesdesanluis.com\/index.php\/2025\/03\/25\/comenzo-el-juicio-al-entrenador-de-basquet-acusado-por-abuso-sexual\/#breadcrumb"},"inLanguage":"es-AR","potentialAction":[{"@type":"ReadAction","target":["https:\/\/apuntesdesanluis.com\/index.php\/2025\/03\/25\/comenzo-el-juicio-al-entrenador-de-basquet-acusado-por-abuso-sexual\/"]}]},{"@type":"ImageObject","inLanguage":"es-AR","@id":"https:\/\/apuntesdesanluis.com\/index.php\/2025\/03\/25\/comenzo-el-juicio-al-entrenador-de-basquet-acusado-por-abuso-sexual\/#primaryimage","url":"https:\/\/apuntesdesanluis.com\/wp-content\/uploads\/2025\/03\/JUICIO-A-FIGUEROA.png","contentUrl":"https:\/\/apuntesdesanluis.com\/wp-content\/uploads\/2025\/03\/JUICIO-A-FIGUEROA.png","width":800,"height":453},{"@type":"BreadcrumbList","@id":"https:\/\/apuntesdesanluis.com\/index.php\/2025\/03\/25\/comenzo-el-juicio-al-entrenador-de-basquet-acusado-por-abuso-sexual\/#breadcrumb","itemListElement":[{"@type":"ListItem","position":1,"name":"Inicio","item":"https:\/\/apuntesdesanluis.com\/"},{"@type":"ListItem","position":2,"name":"COMENZ\u00d3 EL JUICIO AL ENTRENADOR DE B\u00c1SQUET ACUSADO POR ABUSO SEXUAL"}]},{"@type":"WebSite","@id":"https:\/\/apuntesdesanluis.com\/#website","url":"https:\/\/apuntesdesanluis.com\/","name":"Apuntes de San Luis","description":"","publisher":{"@id":"https:\/\/apuntesdesanluis.com\/#\/schema\/person\/b55151d52296fcce64d1a72538a70b90"},"potentialAction":[{"@type":"SearchAction","target":{"@type":"EntryPoint","urlTemplate":"https:\/\/apuntesdesanluis.com\/?s={search_term_string}"},"query-input":{"@type":"PropertyValueSpecification","valueRequired":true,"valueName":"search_term_string"}}],"inLanguage":"es-AR"},{"@type":["Person","Organization"],"@id":"https:\/\/apuntesdesanluis.com\/#\/schema\/person\/b55151d52296fcce64d1a72538a70b90","name":"apuntesdesanluis.com","image":{"@type":"ImageObject","inLanguage":"es-AR","@id":"https:\/\/apuntesdesanluis.com\/#\/schema\/person\/image\/","url":"https:\/\/apuntesdesanluis.com\/wp-content\/uploads\/2023\/07\/cropped-apuntesdesanluis.png","contentUrl":"https:\/\/apuntesdesanluis.com\/wp-content\/uploads\/2023\/07\/cropped-apuntesdesanluis.png","width":450,"height":112,"caption":"apuntesdesanluis.com"},"logo":{"@id":"https:\/\/apuntesdesanluis.com\/#\/schema\/person\/image\/"},"sameAs":["https:\/\/apuntesdesanluis.com"],"url":"https:\/\/apuntesdesanluis.com\/index.php\/author\/apuntesdesanluis-com\/"}]}},"featured_image_urls":{"full":["https:\/\/apuntesdesanluis.com\/wp-content\/uploads\/2025\/03\/JUICIO-A-FIGUEROA.png",800,453,false],"thumbnail":["https:\/\/apuntesdesanluis.com\/wp-content\/uploads\/2025\/03\/JUICIO-A-FIGUEROA-150x150.png",150,150,true],"medium":["https:\/\/apuntesdesanluis.com\/wp-content\/uploads\/2025\/03\/JUICIO-A-FIGUEROA-300x170.png",300,170,true],"medium_large":["https:\/\/apuntesdesanluis.com\/wp-content\/uploads\/2025\/03\/JUICIO-A-FIGUEROA-768x435.png",640,363,true],"large":["https:\/\/apuntesdesanluis.com\/wp-content\/uploads\/2025\/03\/JUICIO-A-FIGUEROA.png",640,362,false],"1536x1536":["https:\/\/apuntesdesanluis.com\/wp-content\/uploads\/2025\/03\/JUICIO-A-FIGUEROA.png",800,453,false],"2048x2048":["https:\/\/apuntesdesanluis.com\/wp-content\/uploads\/2025\/03\/JUICIO-A-FIGUEROA.png",800,453,false],"newsever-slider-full":["https:\/\/apuntesdesanluis.com\/wp-content\/uploads\/2025\/03\/JUICIO-A-FIGUEROA.png",800,453,false],"newsever-featured":["https:\/\/apuntesdesanluis.com\/wp-content\/uploads\/2025\/03\/JUICIO-A-FIGUEROA.png",800,453,false],"newsever-medium":["https:\/\/apuntesdesanluis.com\/wp-content\/uploads\/2025\/03\/JUICIO-A-FIGUEROA-720x453.png",720,453,true]},"author_info":{"display_name":"apuntesdesanluis.com","author_link":"https:\/\/apuntesdesanluis.com\/index.php\/author\/apuntesdesanluis-com\/"},"category_info":"<a href=\"https:\/\/apuntesdesanluis.com\/index.php\/category\/ciudad-provincia\/\" rel=\"category tag\">Ciudad\/Provincia<\/a>","tag_info":"Ciudad\/Provincia","comment_count":"0","_links":{"self":[{"href":"https:\/\/apuntesdesanluis.com\/index.php\/wp-json\/wp\/v2\/posts\/30811","targetHints":{"allow":["GET"]}}],"collection":[{"href":"https:\/\/apuntesdesanluis.com\/index.php\/wp-json\/wp\/v2\/posts"}],"about":[{"href":"https:\/\/apuntesdesanluis.com\/index.php\/wp-json\/wp\/v2\/types\/post"}],"author":[{"embeddable":true,"href":"https:\/\/apuntesdesanluis.com\/index.php\/wp-json\/wp\/v2\/users\/1"}],"replies":[{"embeddable":true,"href":"https:\/\/apuntesdesanluis.com\/index.php\/wp-json\/wp\/v2\/comments?post=30811"}],"version-history":[{"count":2,"href":"https:\/\/apuntesdesanluis.com\/index.php\/wp-json\/wp\/v2\/posts\/30811\/revisions"}],"predecessor-version":[{"id":30814,"href":"https:\/\/apuntesdesanluis.com\/index.php\/wp-json\/wp\/v2\/posts\/30811\/revisions\/30814"}],"wp:featuredmedia":[{"embeddable":true,"href":"https:\/\/apuntesdesanluis.com\/index.php\/wp-json\/wp\/v2\/media\/30812"}],"wp:attachment":[{"href":"https:\/\/apuntesdesanluis.com\/index.php\/wp-json\/wp\/v2\/media?parent=30811"}],"wp:term":[{"taxonomy":"category","embeddable":true,"href":"https:\/\/apuntesdesanluis.com\/index.php\/wp-json\/wp\/v2\/categories?post=30811"},{"taxonomy":"post_tag","embeddable":true,"href":"https:\/\/apuntesdesanluis.com\/index.php\/wp-json\/wp\/v2\/tags?post=30811"}],"curies":[{"name":"wp","href":"https:\/\/api.w.org\/{rel}","templated":true}]}}