{"id":30823,"date":"2025-03-25T18:09:05","date_gmt":"2025-03-25T21:09:05","guid":{"rendered":"https:\/\/apuntesdesanluis.com\/?p=30823"},"modified":"2025-03-25T18:09:05","modified_gmt":"2025-03-25T21:09:05","slug":"un-herido-al-chocar-un-auto-con-una-moto-en-san-luis","status":"publish","type":"post","link":"https:\/\/apuntesdesanluis.com\/index.php\/2025\/03\/25\/un-herido-al-chocar-un-auto-con-una-moto-en-san-luis\/","title":{"rendered":"UN HERIDO AL CHOCAR UN AUTO CON UNA MOTO EN SAN LUIS"},"content":{"rendered":"<h3>El accidente ocurri\u00f3 este martes, alrededor de las 7:00, en la esquina de la calle Berta Vidal de Battini y avenida Justo Daract de la ciudad de San Luis.<\/h3>\n<h3>De acuerdo a las averiguaciones policiales, un autom\u00f3vil Ford Fiesta Max que era conducido por un hombre de 34 a\u00f1os de edad impact\u00f3 con una motocicleta Motomel S2 150 cc, la cual era conducida por un joven de 19 a\u00f1os, quien iba en compa\u00f1\u00eda de una adolescente de 14 a\u00f1os de edad. El autom\u00f3vil circulaba de oeste a este por calle Berta Vidal de Battini, mientras que la motocicleta circulaba de norte a sur por avenida Justo Daract.<\/h3>\n<h3>El accidente se produjo cuando el conductor del auto intent\u00f3 doblar hacia el norte por avenida Justo Daract, colisionando a la moto que circulaba hacia el sur por la mencionada avenida.<\/h3>\n<h3>Al lugar acudi\u00f3 personal m\u00e9dico en una ambulancia del Sempro, quienes brindaron las primeras atenciones a los involucrados.<\/h3>\n<h3>Posteriormente, el joven de 19 a\u00f1os que conduc\u00eda la motocicleta fue trasladado hacia el Hospital Central \u201cDr. Ram\u00f3n Carrillo\u201d ya que presentaba una fractura en una pierna.<\/h3>\n<h3>En el lugar del accidente se le realiz\u00f3 el alcotest al conductor del auto Ford Fiesta Max, arrojando resultado negativo de 0,00 gr\/lts de alcohol en sangre; mientras que al joven no se le pudo realizar el alcotest en el lugar ya que fue trasladado hacia el hospital.<\/h3>\n<p>&nbsp;<\/p>\n<p>&nbsp;<\/p>\n<p>&nbsp;<\/p>\n<h3><\/h3>\n<h3><\/h3>\n<p>&nbsp;<\/p>\n","protected":false},"excerpt":{"rendered":"<p>El accidente ocurri\u00f3 este martes, alrededor de las 7:00, en la esquina de la calle&#8230;<\/p>\n","protected":false},"author":1,"featured_media":30824,"comment_status":"closed","ping_status":"closed","sticky":false,"template":"","format":"standard","meta":{"footnotes":""},"categories":[6],"tags":[],"class_list":["post-30823","post","type-post","status-publish","format-standard","has-post-thumbnail","hentry","category-ciudad-provincia"],"yoast_head":"<!-- This site is optimized with the Yoast SEO plugin v26.1.1 - https:\/\/yoast.com\/wordpress\/plugins\/seo\/ -->\n<title>UN HERIDO AL CHOCAR UN AUTO CON UNA MOTO EN SAN LUIS - Apuntes de San Luis<\/title>\n<meta name=\"robots\" content=\"index, follow, max-snippet:-1, max-image-preview:large, max-video-preview:-1\" \/>\n<link rel=\"canonical\" href=\"https:\/\/apuntesdesanluis.com\/index.php\/2025\/03\/25\/un-herido-al-chocar-un-auto-con-una-moto-en-san-luis\/\" \/>\n<meta property=\"og:locale\" content=\"es_ES\" \/>\n<meta property=\"og:type\" content=\"article\" \/>\n<meta property=\"og:title\" content=\"UN HERIDO AL CHOCAR UN AUTO CON UNA MOTO EN SAN LUIS - Apuntes de San Luis\" \/>\n<meta property=\"og:description\" content=\"El accidente ocurri\u00f3 este martes, alrededor de las 7:00, en la esquina de la calle...\" \/>\n<meta property=\"og:url\" content=\"https:\/\/apuntesdesanluis.com\/index.php\/2025\/03\/25\/un-herido-al-chocar-un-auto-con-una-moto-en-san-luis\/\" \/>\n<meta property=\"og:site_name\" content=\"Apuntes de San Luis\" \/>\n<meta property=\"article:published_time\" content=\"2025-03-25T21:09:05+00:00\" \/>\n<meta property=\"og:image\" content=\"https:\/\/apuntesdesanluis.com\/wp-content\/uploads\/2025\/03\/88cddf49-d6a5-47f2-97cf-6a4e48d56fef.jpg\" \/>\n\t<meta property=\"og:image:width\" content=\"700\" \/>\n\t<meta property=\"og:image:height\" content=\"412\" \/>\n\t<meta property=\"og:image:type\" content=\"image\/jpeg\" \/>\n<meta name=\"author\" content=\"apuntesdesanluis.com\" \/>\n<meta name=\"twitter:card\" content=\"summary_large_image\" \/>\n<meta name=\"twitter:label1\" content=\"Escrito por\" \/>\n\t<meta name=\"twitter:data1\" content=\"apuntesdesanluis.com\" \/>\n\t<meta name=\"twitter:label2\" content=\"Tiempo de lectura\" \/>\n\t<meta name=\"twitter:data2\" content=\"2 minutos\" \/>\n<script type=\"application\/ld+json\" class=\"yoast-schema-graph\">{\"@context\":\"https:\/\/schema.org\",\"@graph\":[{\"@type\":\"Article\",\"@id\":\"https:\/\/apuntesdesanluis.com\/index.php\/2025\/03\/25\/un-herido-al-chocar-un-auto-con-una-moto-en-san-luis\/#article\",\"isPartOf\":{\"@id\":\"https:\/\/apuntesdesanluis.com\/index.php\/2025\/03\/25\/un-herido-al-chocar-un-auto-con-una-moto-en-san-luis\/\"},\"author\":{\"name\":\"apuntesdesanluis.com\",\"@id\":\"https:\/\/apuntesdesanluis.com\/#\/schema\/person\/b55151d52296fcce64d1a72538a70b90\"},\"headline\":\"UN HERIDO AL CHOCAR UN AUTO CON UNA MOTO EN SAN LUIS\",\"datePublished\":\"2025-03-25T21:09:05+00:00\",\"mainEntityOfPage\":{\"@id\":\"https:\/\/apuntesdesanluis.com\/index.php\/2025\/03\/25\/un-herido-al-chocar-un-auto-con-una-moto-en-san-luis\/\"},\"wordCount\":251,\"publisher\":{\"@id\":\"https:\/\/apuntesdesanluis.com\/#\/schema\/person\/b55151d52296fcce64d1a72538a70b90\"},\"image\":{\"@id\":\"https:\/\/apuntesdesanluis.com\/index.php\/2025\/03\/25\/un-herido-al-chocar-un-auto-con-una-moto-en-san-luis\/#primaryimage\"},\"thumbnailUrl\":\"https:\/\/apuntesdesanluis.com\/wp-content\/uploads\/2025\/03\/88cddf49-d6a5-47f2-97cf-6a4e48d56fef.jpg\",\"articleSection\":[\"Ciudad\/Provincia\"],\"inLanguage\":\"es-AR\"},{\"@type\":\"WebPage\",\"@id\":\"https:\/\/apuntesdesanluis.com\/index.php\/2025\/03\/25\/un-herido-al-chocar-un-auto-con-una-moto-en-san-luis\/\",\"url\":\"https:\/\/apuntesdesanluis.com\/index.php\/2025\/03\/25\/un-herido-al-chocar-un-auto-con-una-moto-en-san-luis\/\",\"name\":\"UN HERIDO AL CHOCAR UN AUTO CON UNA MOTO EN SAN LUIS - Apuntes de San Luis\",\"isPartOf\":{\"@id\":\"https:\/\/apuntesdesanluis.com\/#website\"},\"primaryImageOfPage\":{\"@id\":\"https:\/\/apuntesdesanluis.com\/index.php\/2025\/03\/25\/un-herido-al-chocar-un-auto-con-una-moto-en-san-luis\/#primaryimage\"},\"image\":{\"@id\":\"https:\/\/apuntesdesanluis.com\/index.php\/2025\/03\/25\/un-herido-al-chocar-un-auto-con-una-moto-en-san-luis\/#primaryimage\"},\"thumbnailUrl\":\"https:\/\/apuntesdesanluis.com\/wp-content\/uploads\/2025\/03\/88cddf49-d6a5-47f2-97cf-6a4e48d56fef.jpg\",\"datePublished\":\"2025-03-25T21:09:05+00:00\",\"breadcrumb\":{\"@id\":\"https:\/\/apuntesdesanluis.com\/index.php\/2025\/03\/25\/un-herido-al-chocar-un-auto-con-una-moto-en-san-luis\/#breadcrumb\"},\"inLanguage\":\"es-AR\",\"potentialAction\":[{\"@type\":\"ReadAction\",\"target\":[\"https:\/\/apuntesdesanluis.com\/index.php\/2025\/03\/25\/un-herido-al-chocar-un-auto-con-una-moto-en-san-luis\/\"]}]},{\"@type\":\"ImageObject\",\"inLanguage\":\"es-AR\",\"@id\":\"https:\/\/apuntesdesanluis.com\/index.php\/2025\/03\/25\/un-herido-al-chocar-un-auto-con-una-moto-en-san-luis\/#primaryimage\",\"url\":\"https:\/\/apuntesdesanluis.com\/wp-content\/uploads\/2025\/03\/88cddf49-d6a5-47f2-97cf-6a4e48d56fef.jpg\",\"contentUrl\":\"https:\/\/apuntesdesanluis.com\/wp-content\/uploads\/2025\/03\/88cddf49-d6a5-47f2-97cf-6a4e48d56fef.jpg\",\"width\":700,\"height\":412},{\"@type\":\"BreadcrumbList\",\"@id\":\"https:\/\/apuntesdesanluis.com\/index.php\/2025\/03\/25\/un-herido-al-chocar-un-auto-con-una-moto-en-san-luis\/#breadcrumb\",\"itemListElement\":[{\"@type\":\"ListItem\",\"position\":1,\"name\":\"Inicio\",\"item\":\"https:\/\/apuntesdesanluis.com\/\"},{\"@type\":\"ListItem\",\"position\":2,\"name\":\"UN HERIDO AL CHOCAR UN AUTO CON UNA MOTO EN SAN LUIS\"}]},{\"@type\":\"WebSite\",\"@id\":\"https:\/\/apuntesdesanluis.com\/#website\",\"url\":\"https:\/\/apuntesdesanluis.com\/\",\"name\":\"Apuntes de San Luis\",\"description\":\"\",\"publisher\":{\"@id\":\"https:\/\/apuntesdesanluis.com\/#\/schema\/person\/b55151d52296fcce64d1a72538a70b90\"},\"potentialAction\":[{\"@type\":\"SearchAction\",\"target\":{\"@type\":\"EntryPoint\",\"urlTemplate\":\"https:\/\/apuntesdesanluis.com\/?s={search_term_string}\"},\"query-input\":{\"@type\":\"PropertyValueSpecification\",\"valueRequired\":true,\"valueName\":\"search_term_string\"}}],\"inLanguage\":\"es-AR\"},{\"@type\":[\"Person\",\"Organization\"],\"@id\":\"https:\/\/apuntesdesanluis.com\/#\/schema\/person\/b55151d52296fcce64d1a72538a70b90\",\"name\":\"apuntesdesanluis.com\",\"image\":{\"@type\":\"ImageObject\",\"inLanguage\":\"es-AR\",\"@id\":\"https:\/\/apuntesdesanluis.com\/#\/schema\/person\/image\/\",\"url\":\"https:\/\/apuntesdesanluis.com\/wp-content\/uploads\/2023\/07\/cropped-apuntesdesanluis.png\",\"contentUrl\":\"https:\/\/apuntesdesanluis.com\/wp-content\/uploads\/2023\/07\/cropped-apuntesdesanluis.png\",\"width\":450,\"height\":112,\"caption\":\"apuntesdesanluis.com\"},\"logo\":{\"@id\":\"https:\/\/apuntesdesanluis.com\/#\/schema\/person\/image\/\"},\"sameAs\":[\"https:\/\/apuntesdesanluis.com\"],\"url\":\"https:\/\/apuntesdesanluis.com\/index.php\/author\/apuntesdesanluis-com\/\"}]}<\/script>\n<!-- \/ Yoast SEO plugin. -->","yoast_head_json":{"title":"UN HERIDO AL CHOCAR UN AUTO CON UNA MOTO EN SAN LUIS - Apuntes de San Luis","robots":{"index":"index","follow":"follow","max-snippet":"max-snippet:-1","max-image-preview":"max-image-preview:large","max-video-preview":"max-video-preview:-1"},"canonical":"https:\/\/apuntesdesanluis.com\/index.php\/2025\/03\/25\/un-herido-al-chocar-un-auto-con-una-moto-en-san-luis\/","og_locale":"es_ES","og_type":"article","og_title":"UN HERIDO AL CHOCAR UN AUTO CON UNA MOTO EN SAN LUIS - Apuntes de San Luis","og_description":"El accidente ocurri\u00f3 este martes, alrededor de las 7:00, en la esquina de la calle...","og_url":"https:\/\/apuntesdesanluis.com\/index.php\/2025\/03\/25\/un-herido-al-chocar-un-auto-con-una-moto-en-san-luis\/","og_site_name":"Apuntes de San Luis","article_published_time":"2025-03-25T21:09:05+00:00","og_image":[{"width":700,"height":412,"url":"https:\/\/apuntesdesanluis.com\/wp-content\/uploads\/2025\/03\/88cddf49-d6a5-47f2-97cf-6a4e48d56fef.jpg","type":"image\/jpeg"}],"author":"apuntesdesanluis.com","twitter_card":"summary_large_image","twitter_misc":{"Escrito por":"apuntesdesanluis.com","Tiempo de lectura":"2 minutos"},"schema":{"@context":"https:\/\/schema.org","@graph":[{"@type":"Article","@id":"https:\/\/apuntesdesanluis.com\/index.php\/2025\/03\/25\/un-herido-al-chocar-un-auto-con-una-moto-en-san-luis\/#article","isPartOf":{"@id":"https:\/\/apuntesdesanluis.com\/index.php\/2025\/03\/25\/un-herido-al-chocar-un-auto-con-una-moto-en-san-luis\/"},"author":{"name":"apuntesdesanluis.com","@id":"https:\/\/apuntesdesanluis.com\/#\/schema\/person\/b55151d52296fcce64d1a72538a70b90"},"headline":"UN HERIDO AL CHOCAR UN AUTO CON UNA MOTO EN SAN LUIS","datePublished":"2025-03-25T21:09:05+00:00","mainEntityOfPage":{"@id":"https:\/\/apuntesdesanluis.com\/index.php\/2025\/03\/25\/un-herido-al-chocar-un-auto-con-una-moto-en-san-luis\/"},"wordCount":251,"publisher":{"@id":"https:\/\/apuntesdesanluis.com\/#\/schema\/person\/b55151d52296fcce64d1a72538a70b90"},"image":{"@id":"https:\/\/apuntesdesanluis.com\/index.php\/2025\/03\/25\/un-herido-al-chocar-un-auto-con-una-moto-en-san-luis\/#primaryimage"},"thumbnailUrl":"https:\/\/apuntesdesanluis.com\/wp-content\/uploads\/2025\/03\/88cddf49-d6a5-47f2-97cf-6a4e48d56fef.jpg","articleSection":["Ciudad\/Provincia"],"inLanguage":"es-AR"},{"@type":"WebPage","@id":"https:\/\/apuntesdesanluis.com\/index.php\/2025\/03\/25\/un-herido-al-chocar-un-auto-con-una-moto-en-san-luis\/","url":"https:\/\/apuntesdesanluis.com\/index.php\/2025\/03\/25\/un-herido-al-chocar-un-auto-con-una-moto-en-san-luis\/","name":"UN HERIDO AL CHOCAR UN AUTO CON UNA MOTO EN SAN LUIS - Apuntes de San Luis","isPartOf":{"@id":"https:\/\/apuntesdesanluis.com\/#website"},"primaryImageOfPage":{"@id":"https:\/\/apuntesdesanluis.com\/index.php\/2025\/03\/25\/un-herido-al-chocar-un-auto-con-una-moto-en-san-luis\/#primaryimage"},"image":{"@id":"https:\/\/apuntesdesanluis.com\/index.php\/2025\/03\/25\/un-herido-al-chocar-un-auto-con-una-moto-en-san-luis\/#primaryimage"},"thumbnailUrl":"https:\/\/apuntesdesanluis.com\/wp-content\/uploads\/2025\/03\/88cddf49-d6a5-47f2-97cf-6a4e48d56fef.jpg","datePublished":"2025-03-25T21:09:05+00:00","breadcrumb":{"@id":"https:\/\/apuntesdesanluis.com\/index.php\/2025\/03\/25\/un-herido-al-chocar-un-auto-con-una-moto-en-san-luis\/#breadcrumb"},"inLanguage":"es-AR","potentialAction":[{"@type":"ReadAction","target":["https:\/\/apuntesdesanluis.com\/index.php\/2025\/03\/25\/un-herido-al-chocar-un-auto-con-una-moto-en-san-luis\/"]}]},{"@type":"ImageObject","inLanguage":"es-AR","@id":"https:\/\/apuntesdesanluis.com\/index.php\/2025\/03\/25\/un-herido-al-chocar-un-auto-con-una-moto-en-san-luis\/#primaryimage","url":"https:\/\/apuntesdesanluis.com\/wp-content\/uploads\/2025\/03\/88cddf49-d6a5-47f2-97cf-6a4e48d56fef.jpg","contentUrl":"https:\/\/apuntesdesanluis.com\/wp-content\/uploads\/2025\/03\/88cddf49-d6a5-47f2-97cf-6a4e48d56fef.jpg","width":700,"height":412},{"@type":"BreadcrumbList","@id":"https:\/\/apuntesdesanluis.com\/index.php\/2025\/03\/25\/un-herido-al-chocar-un-auto-con-una-moto-en-san-luis\/#breadcrumb","itemListElement":[{"@type":"ListItem","position":1,"name":"Inicio","item":"https:\/\/apuntesdesanluis.com\/"},{"@type":"ListItem","position":2,"name":"UN HERIDO AL CHOCAR UN AUTO CON UNA MOTO EN SAN LUIS"}]},{"@type":"WebSite","@id":"https:\/\/apuntesdesanluis.com\/#website","url":"https:\/\/apuntesdesanluis.com\/","name":"Apuntes de San Luis","description":"","publisher":{"@id":"https:\/\/apuntesdesanluis.com\/#\/schema\/person\/b55151d52296fcce64d1a72538a70b90"},"potentialAction":[{"@type":"SearchAction","target":{"@type":"EntryPoint","urlTemplate":"https:\/\/apuntesdesanluis.com\/?s={search_term_string}"},"query-input":{"@type":"PropertyValueSpecification","valueRequired":true,"valueName":"search_term_string"}}],"inLanguage":"es-AR"},{"@type":["Person","Organization"],"@id":"https:\/\/apuntesdesanluis.com\/#\/schema\/person\/b55151d52296fcce64d1a72538a70b90","name":"apuntesdesanluis.com","image":{"@type":"ImageObject","inLanguage":"es-AR","@id":"https:\/\/apuntesdesanluis.com\/#\/schema\/person\/image\/","url":"https:\/\/apuntesdesanluis.com\/wp-content\/uploads\/2023\/07\/cropped-apuntesdesanluis.png","contentUrl":"https:\/\/apuntesdesanluis.com\/wp-content\/uploads\/2023\/07\/cropped-apuntesdesanluis.png","width":450,"height":112,"caption":"apuntesdesanluis.com"},"logo":{"@id":"https:\/\/apuntesdesanluis.com\/#\/schema\/person\/image\/"},"sameAs":["https:\/\/apuntesdesanluis.com"],"url":"https:\/\/apuntesdesanluis.com\/index.php\/author\/apuntesdesanluis-com\/"}]}},"featured_image_urls":{"full":["https:\/\/apuntesdesanluis.com\/wp-content\/uploads\/2025\/03\/88cddf49-d6a5-47f2-97cf-6a4e48d56fef.jpg",700,412,false],"thumbnail":["https:\/\/apuntesdesanluis.com\/wp-content\/uploads\/2025\/03\/88cddf49-d6a5-47f2-97cf-6a4e48d56fef-150x150.jpg",150,150,true],"medium":["https:\/\/apuntesdesanluis.com\/wp-content\/uploads\/2025\/03\/88cddf49-d6a5-47f2-97cf-6a4e48d56fef-300x177.jpg",300,177,true],"medium_large":["https:\/\/apuntesdesanluis.com\/wp-content\/uploads\/2025\/03\/88cddf49-d6a5-47f2-97cf-6a4e48d56fef.jpg",640,377,false],"large":["https:\/\/apuntesdesanluis.com\/wp-content\/uploads\/2025\/03\/88cddf49-d6a5-47f2-97cf-6a4e48d56fef.jpg",640,377,false],"1536x1536":["https:\/\/apuntesdesanluis.com\/wp-content\/uploads\/2025\/03\/88cddf49-d6a5-47f2-97cf-6a4e48d56fef.jpg",700,412,false],"2048x2048":["https:\/\/apuntesdesanluis.com\/wp-content\/uploads\/2025\/03\/88cddf49-d6a5-47f2-97cf-6a4e48d56fef.jpg",700,412,false],"newsever-slider-full":["https:\/\/apuntesdesanluis.com\/wp-content\/uploads\/2025\/03\/88cddf49-d6a5-47f2-97cf-6a4e48d56fef.jpg",700,412,false],"newsever-featured":["https:\/\/apuntesdesanluis.com\/wp-content\/uploads\/2025\/03\/88cddf49-d6a5-47f2-97cf-6a4e48d56fef.jpg",700,412,false],"newsever-medium":["https:\/\/apuntesdesanluis.com\/wp-content\/uploads\/2025\/03\/88cddf49-d6a5-47f2-97cf-6a4e48d56fef.jpg",700,412,false]},"author_info":{"display_name":"apuntesdesanluis.com","author_link":"https:\/\/apuntesdesanluis.com\/index.php\/author\/apuntesdesanluis-com\/"},"category_info":"<a href=\"https:\/\/apuntesdesanluis.com\/index.php\/category\/ciudad-provincia\/\" rel=\"category tag\">Ciudad\/Provincia<\/a>","tag_info":"Ciudad\/Provincia","comment_count":"0","_links":{"self":[{"href":"https:\/\/apuntesdesanluis.com\/index.php\/wp-json\/wp\/v2\/posts\/30823","targetHints":{"allow":["GET"]}}],"collection":[{"href":"https:\/\/apuntesdesanluis.com\/index.php\/wp-json\/wp\/v2\/posts"}],"about":[{"href":"https:\/\/apuntesdesanluis.com\/index.php\/wp-json\/wp\/v2\/types\/post"}],"author":[{"embeddable":true,"href":"https:\/\/apuntesdesanluis.com\/index.php\/wp-json\/wp\/v2\/users\/1"}],"replies":[{"embeddable":true,"href":"https:\/\/apuntesdesanluis.com\/index.php\/wp-json\/wp\/v2\/comments?post=30823"}],"version-history":[{"count":1,"href":"https:\/\/apuntesdesanluis.com\/index.php\/wp-json\/wp\/v2\/posts\/30823\/revisions"}],"predecessor-version":[{"id":30825,"href":"https:\/\/apuntesdesanluis.com\/index.php\/wp-json\/wp\/v2\/posts\/30823\/revisions\/30825"}],"wp:featuredmedia":[{"embeddable":true,"href":"https:\/\/apuntesdesanluis.com\/index.php\/wp-json\/wp\/v2\/media\/30824"}],"wp:attachment":[{"href":"https:\/\/apuntesdesanluis.com\/index.php\/wp-json\/wp\/v2\/media?parent=30823"}],"wp:term":[{"taxonomy":"category","embeddable":true,"href":"https:\/\/apuntesdesanluis.com\/index.php\/wp-json\/wp\/v2\/categories?post=30823"},{"taxonomy":"post_tag","embeddable":true,"href":"https:\/\/apuntesdesanluis.com\/index.php\/wp-json\/wp\/v2\/tags?post=30823"}],"curies":[{"name":"wp","href":"https:\/\/api.w.org\/{rel}","templated":true}]}}