{"id":30835,"date":"2025-03-25T20:59:19","date_gmt":"2025-03-25T23:59:19","guid":{"rendered":"https:\/\/apuntesdesanluis.com\/?p=30835"},"modified":"2025-03-25T20:59:19","modified_gmt":"2025-03-25T23:59:19","slug":"juicio-por-la-muerte-de-maradona-detuvieron-al-custodio-de-diego-por-falso-testimonio","status":"publish","type":"post","link":"https:\/\/apuntesdesanluis.com\/index.php\/2025\/03\/25\/juicio-por-la-muerte-de-maradona-detuvieron-al-custodio-de-diego-por-falso-testimonio\/","title":{"rendered":"JUICIO POR LA MUERTE DE MARADONA: DETUVIERON AL CUSTODIO DE DIEGO POR FALSO TESTIMONIO"},"content":{"rendered":"<h3><strong>Julio Coria<\/strong>, uno de los custodios de <strong>Diego Maradona<\/strong> que fue citado a declarar este martes ante el Tribunal Oral en lo Criminal N\u00ba3 de San Isidro, qued\u00f3 detenido por dar falso testimonio.<\/h3>\n<h3>Se trata de uno de los empleados de seguridad que estuvo en la casa del barrio San Andr\u00e9s el d\u00eda del fallecimiento del Diez y quien hasta le hizo respiraci\u00f3n boca a boca cuando se descompens\u00f3.<\/h3>\n<h3>\u201cEst\u00e1 siendo mendaz en forma elocuente\u201d, dijo la Fiscal\u00eda sobre Coria durante su testimonial en el juicio por la muerte de Maradona, que tiene a siete profesionales de la salud imputados.<\/h3>\n<h3>La aprehensi\u00f3n de Coria fue ordenada por los jueces Maximiliano Savarino, Ver\u00f3nica Di Tommaso y Julieta Makintach tras un pedido de los fiscales Patricio Ferrari y Cosme Iribarren y el abogado Fernando Burlando, quienes se\u00f1alaron al menos dos contradicciones fundamentales en su declaraci\u00f3n.<\/h3>\n<h3>La primera contradicci\u00f3n en la que incurri\u00f3 Coria tiene que ver con su v\u00ednculo con el neurocirujano<strong> Leopoldo Luque<\/strong> (foto), con quien neg\u00f3 tener relaci\u00f3n y dijo nunca haber hablado ni durante la internaci\u00f3n domiciliaria ni despu\u00e9s.<\/h3>\n<p><img fetchpriority=\"high\" decoding=\"async\" class=\"wp-image-30837 aligncenter\" src=\"https:\/\/apuntesdesanluis.com\/wp-content\/uploads\/2025\/03\/luque-1-300x218.png\" alt=\"\" width=\"625\" height=\"454\" srcset=\"https:\/\/apuntesdesanluis.com\/wp-content\/uploads\/2025\/03\/luque-1-300x218.png 300w, https:\/\/apuntesdesanluis.com\/wp-content\/uploads\/2025\/03\/luque-1-768x559.png 768w, https:\/\/apuntesdesanluis.com\/wp-content\/uploads\/2025\/03\/luque-1.png 881w\" sizes=\"(max-width: 625px) 100vw, 625px\" \/><\/p>\n<h3>Pero numerosas pruebas y chats entre ambos que fueron expuestos en la jornada revelaron que el custodio tuvo varias conversaciones con el m\u00e9dico de cabecera de Maradona en diferentes per\u00edodos y hasta se invitaban a comer asados.<\/h3>\n<h3>Cuando el fiscal Ferrari le pregunt\u00f3 al testigo si ten\u00eda contacto con el neurocirujano durante la internaci\u00f3n de Maradona, el custodio de Diego respondi\u00f3 contundente: \u201cNo recuerdo haber tenido contacto con Luque\u201d.<\/h3>\n<h3>Sin embargo, luego le exhibieron chats en los que el neurocirujano lo llamaba \u201camigo\u201d y el testigo confirm\u00f3 que eran conversaciones con \u00e9l. \u201cSinceramente, no me acordaba\u201d, dijo.<\/h3>\n<h3>Lo mismo sostuvo cuando expusieron una charla de WhatsApp en la que el m\u00e9dico de cabecera de Maradona lo invitaba a comer un asado un mes despu\u00e9s de la muerte de Maradona. \u201cPero nunca lo vi despu\u00e9s\u201d, se justific\u00f3.<\/h3>\n<h3>La segunda contradicci\u00f3n mencionada por la acusaci\u00f3n contra el testigo, que est\u00e1 obligado a decir verdad, tiene que ver con el rol de la psiquiatra en el momento de la reanimaci\u00f3n.<\/h3>\n<h3>Este martes, Coria dijo que <strong>Agustina Cosachov<\/strong> (foto) se altern\u00f3 con la enfermera para hacerle RCP a Diego cuando se descompens\u00f3. Sin embargo, su intervenci\u00f3n en las maniobras de reanimaci\u00f3n no hab\u00eda sido mencionada por Coria en ninguna de las dos veces que declar\u00f3 antes.<\/h3>\n<p><img decoding=\"async\" class=\"wp-image-30838 aligncenter\" src=\"https:\/\/apuntesdesanluis.com\/wp-content\/uploads\/2025\/03\/cosachov-300x215.png\" alt=\"\" width=\"638\" height=\"457\" srcset=\"https:\/\/apuntesdesanluis.com\/wp-content\/uploads\/2025\/03\/cosachov-300x215.png 300w, https:\/\/apuntesdesanluis.com\/wp-content\/uploads\/2025\/03\/cosachov.png 700w\" sizes=\"(max-width: 638px) 100vw, 638px\" \/><\/p>\n<h3>La primera fue el mismo 25 de noviembre de 2020, cuando dio testimonio tras la muerte del Diez. La segunda, en abril de 2021, cuando se present\u00f3 ante las autoridades para dar su testimonial al comienzo de la causa.<\/h3>\n<h3>\u201cAhora s\u00ed recuerdo que Cosachov le hizo RCP. En ese momento no me habr\u00e9 acordado\u201d, se justific\u00f3 este martes ante el tribunal de San Isidro. Y ratific\u00f3: \u201cRecuerdo que s\u00ed le hizo, recuerdo que se turn\u00f3 la enfermera con Cosachov\u201d.<\/h3>\n<h3>Ante la consulta de los fiscales de por qu\u00e9 no se refiri\u00f3 al accionar de la psiquiatra en ese momento, Coria contest\u00f3: \u201cNo lo dije la primera vez porque no me lo habr\u00e1n preguntado o lo habr\u00e9 obviado en ese momento\u201d.<\/h3>\n<h3>La decisi\u00f3n de la detenci\u00f3n fue tomada por una mayor\u00eda, con los votos de las juezas Ver\u00f3nica Di Tommaso y Julieta Makintach, mientras que la apertura de la investigaci\u00f3n por falso testimonio fue determinada por unanimidad, tambi\u00e9n con el voto del juez Maximiliano Savarino.<\/h3>\n<h3>El dato de color con respecto a Coria es que al principio de la audiencia, cuando el fiscal Ferrari cont\u00f3 qui\u00e9nes ser\u00edan todos los testigos del d\u00eda, volvi\u00f3 a referirse a la dificultad que tienen para contactar a las personas de inter\u00e9s para declarar y se refiri\u00f3 puntualmente al custodio de Maradona.<\/h3>\n<h3>\u201cCon Coria tuvimos que ir a cuatro domicilios para ubicarlo, esto representa la dificultad que tenemos\u201d, explic\u00f3 Ferrari.<\/h3>\n<h3>Por la muerte de Maradona est\u00e1n imputados por el delito de homicidio simple con dolo eventual en este primer debate, la psiquiatra Cosachov, el neurocirujano Luque, el psic\u00f3logo Carlos D\u00edaz, el enfermero Ricardo Omar Almir\u00f3n, su jefe Mariano Perroni, la m\u00e9dica coordinadora de Swiss Medical Nancy Forlini y el m\u00e9dico cl\u00ednico Pedro Pablo Di Spagna.<\/h3>\n<h3><\/h3>\n<h3><\/h3>\n<h3><\/h3>\n","protected":false},"excerpt":{"rendered":"<p>Julio Coria, uno de los custodios de Diego Maradona que fue citado a declarar este&#8230;<\/p>\n","protected":false},"author":1,"featured_media":30836,"comment_status":"closed","ping_status":"closed","sticky":false,"template":"","format":"standard","meta":{"footnotes":""},"categories":[5],"tags":[],"class_list":["post-30835","post","type-post","status-publish","format-standard","has-post-thumbnail","hentry","category-nacionales-internacionales"],"yoast_head":"<!-- This site is optimized with the Yoast SEO plugin v26.1.1 - https:\/\/yoast.com\/wordpress\/plugins\/seo\/ -->\n<title>JUICIO POR LA MUERTE DE MARADONA: DETUVIERON AL CUSTODIO DE DIEGO POR FALSO TESTIMONIO - Apuntes de San Luis<\/title>\n<meta name=\"robots\" content=\"index, follow, max-snippet:-1, max-image-preview:large, max-video-preview:-1\" \/>\n<link rel=\"canonical\" href=\"https:\/\/apuntesdesanluis.com\/index.php\/2025\/03\/25\/juicio-por-la-muerte-de-maradona-detuvieron-al-custodio-de-diego-por-falso-testimonio\/\" \/>\n<meta property=\"og:locale\" content=\"es_ES\" \/>\n<meta property=\"og:type\" content=\"article\" \/>\n<meta property=\"og:title\" content=\"JUICIO POR LA MUERTE DE MARADONA: DETUVIERON AL CUSTODIO DE DIEGO POR FALSO TESTIMONIO - Apuntes de San Luis\" \/>\n<meta property=\"og:description\" content=\"Julio Coria, uno de los custodios de Diego Maradona que fue citado a declarar este...\" \/>\n<meta property=\"og:url\" content=\"https:\/\/apuntesdesanluis.com\/index.php\/2025\/03\/25\/juicio-por-la-muerte-de-maradona-detuvieron-al-custodio-de-diego-por-falso-testimonio\/\" \/>\n<meta property=\"og:site_name\" content=\"Apuntes de San Luis\" \/>\n<meta property=\"article:published_time\" content=\"2025-03-25T23:59:19+00:00\" \/>\n<meta property=\"og:image\" content=\"https:\/\/apuntesdesanluis.com\/wp-content\/uploads\/2025\/03\/coria-detenido.png\" \/>\n\t<meta property=\"og:image:width\" content=\"757\" \/>\n\t<meta property=\"og:image:height\" content=\"534\" \/>\n\t<meta property=\"og:image:type\" content=\"image\/png\" \/>\n<meta name=\"author\" content=\"apuntesdesanluis.com\" \/>\n<meta name=\"twitter:card\" content=\"summary_large_image\" \/>\n<meta name=\"twitter:label1\" content=\"Escrito por\" \/>\n\t<meta name=\"twitter:data1\" content=\"apuntesdesanluis.com\" \/>\n\t<meta name=\"twitter:label2\" content=\"Tiempo de lectura\" \/>\n\t<meta name=\"twitter:data2\" content=\"4 minutos\" \/>\n<script type=\"application\/ld+json\" class=\"yoast-schema-graph\">{\"@context\":\"https:\/\/schema.org\",\"@graph\":[{\"@type\":\"Article\",\"@id\":\"https:\/\/apuntesdesanluis.com\/index.php\/2025\/03\/25\/juicio-por-la-muerte-de-maradona-detuvieron-al-custodio-de-diego-por-falso-testimonio\/#article\",\"isPartOf\":{\"@id\":\"https:\/\/apuntesdesanluis.com\/index.php\/2025\/03\/25\/juicio-por-la-muerte-de-maradona-detuvieron-al-custodio-de-diego-por-falso-testimonio\/\"},\"author\":{\"name\":\"apuntesdesanluis.com\",\"@id\":\"https:\/\/apuntesdesanluis.com\/#\/schema\/person\/b55151d52296fcce64d1a72538a70b90\"},\"headline\":\"JUICIO POR LA MUERTE DE MARADONA: DETUVIERON AL CUSTODIO DE DIEGO POR FALSO TESTIMONIO\",\"datePublished\":\"2025-03-25T23:59:19+00:00\",\"mainEntityOfPage\":{\"@id\":\"https:\/\/apuntesdesanluis.com\/index.php\/2025\/03\/25\/juicio-por-la-muerte-de-maradona-detuvieron-al-custodio-de-diego-por-falso-testimonio\/\"},\"wordCount\":736,\"publisher\":{\"@id\":\"https:\/\/apuntesdesanluis.com\/#\/schema\/person\/b55151d52296fcce64d1a72538a70b90\"},\"image\":{\"@id\":\"https:\/\/apuntesdesanluis.com\/index.php\/2025\/03\/25\/juicio-por-la-muerte-de-maradona-detuvieron-al-custodio-de-diego-por-falso-testimonio\/#primaryimage\"},\"thumbnailUrl\":\"https:\/\/apuntesdesanluis.com\/wp-content\/uploads\/2025\/03\/coria-detenido.png\",\"articleSection\":[\"Nacionales\/Internacionales\"],\"inLanguage\":\"es-AR\"},{\"@type\":\"WebPage\",\"@id\":\"https:\/\/apuntesdesanluis.com\/index.php\/2025\/03\/25\/juicio-por-la-muerte-de-maradona-detuvieron-al-custodio-de-diego-por-falso-testimonio\/\",\"url\":\"https:\/\/apuntesdesanluis.com\/index.php\/2025\/03\/25\/juicio-por-la-muerte-de-maradona-detuvieron-al-custodio-de-diego-por-falso-testimonio\/\",\"name\":\"JUICIO POR LA MUERTE DE MARADONA: DETUVIERON AL CUSTODIO DE DIEGO POR FALSO TESTIMONIO - Apuntes de San Luis\",\"isPartOf\":{\"@id\":\"https:\/\/apuntesdesanluis.com\/#website\"},\"primaryImageOfPage\":{\"@id\":\"https:\/\/apuntesdesanluis.com\/index.php\/2025\/03\/25\/juicio-por-la-muerte-de-maradona-detuvieron-al-custodio-de-diego-por-falso-testimonio\/#primaryimage\"},\"image\":{\"@id\":\"https:\/\/apuntesdesanluis.com\/index.php\/2025\/03\/25\/juicio-por-la-muerte-de-maradona-detuvieron-al-custodio-de-diego-por-falso-testimonio\/#primaryimage\"},\"thumbnailUrl\":\"https:\/\/apuntesdesanluis.com\/wp-content\/uploads\/2025\/03\/coria-detenido.png\",\"datePublished\":\"2025-03-25T23:59:19+00:00\",\"breadcrumb\":{\"@id\":\"https:\/\/apuntesdesanluis.com\/index.php\/2025\/03\/25\/juicio-por-la-muerte-de-maradona-detuvieron-al-custodio-de-diego-por-falso-testimonio\/#breadcrumb\"},\"inLanguage\":\"es-AR\",\"potentialAction\":[{\"@type\":\"ReadAction\",\"target\":[\"https:\/\/apuntesdesanluis.com\/index.php\/2025\/03\/25\/juicio-por-la-muerte-de-maradona-detuvieron-al-custodio-de-diego-por-falso-testimonio\/\"]}]},{\"@type\":\"ImageObject\",\"inLanguage\":\"es-AR\",\"@id\":\"https:\/\/apuntesdesanluis.com\/index.php\/2025\/03\/25\/juicio-por-la-muerte-de-maradona-detuvieron-al-custodio-de-diego-por-falso-testimonio\/#primaryimage\",\"url\":\"https:\/\/apuntesdesanluis.com\/wp-content\/uploads\/2025\/03\/coria-detenido.png\",\"contentUrl\":\"https:\/\/apuntesdesanluis.com\/wp-content\/uploads\/2025\/03\/coria-detenido.png\",\"width\":757,\"height\":534},{\"@type\":\"BreadcrumbList\",\"@id\":\"https:\/\/apuntesdesanluis.com\/index.php\/2025\/03\/25\/juicio-por-la-muerte-de-maradona-detuvieron-al-custodio-de-diego-por-falso-testimonio\/#breadcrumb\",\"itemListElement\":[{\"@type\":\"ListItem\",\"position\":1,\"name\":\"Inicio\",\"item\":\"https:\/\/apuntesdesanluis.com\/\"},{\"@type\":\"ListItem\",\"position\":2,\"name\":\"JUICIO POR LA MUERTE DE MARADONA: DETUVIERON AL CUSTODIO DE DIEGO POR FALSO TESTIMONIO\"}]},{\"@type\":\"WebSite\",\"@id\":\"https:\/\/apuntesdesanluis.com\/#website\",\"url\":\"https:\/\/apuntesdesanluis.com\/\",\"name\":\"Apuntes de San Luis\",\"description\":\"\",\"publisher\":{\"@id\":\"https:\/\/apuntesdesanluis.com\/#\/schema\/person\/b55151d52296fcce64d1a72538a70b90\"},\"potentialAction\":[{\"@type\":\"SearchAction\",\"target\":{\"@type\":\"EntryPoint\",\"urlTemplate\":\"https:\/\/apuntesdesanluis.com\/?s={search_term_string}\"},\"query-input\":{\"@type\":\"PropertyValueSpecification\",\"valueRequired\":true,\"valueName\":\"search_term_string\"}}],\"inLanguage\":\"es-AR\"},{\"@type\":[\"Person\",\"Organization\"],\"@id\":\"https:\/\/apuntesdesanluis.com\/#\/schema\/person\/b55151d52296fcce64d1a72538a70b90\",\"name\":\"apuntesdesanluis.com\",\"image\":{\"@type\":\"ImageObject\",\"inLanguage\":\"es-AR\",\"@id\":\"https:\/\/apuntesdesanluis.com\/#\/schema\/person\/image\/\",\"url\":\"https:\/\/apuntesdesanluis.com\/wp-content\/uploads\/2023\/07\/cropped-apuntesdesanluis.png\",\"contentUrl\":\"https:\/\/apuntesdesanluis.com\/wp-content\/uploads\/2023\/07\/cropped-apuntesdesanluis.png\",\"width\":450,\"height\":112,\"caption\":\"apuntesdesanluis.com\"},\"logo\":{\"@id\":\"https:\/\/apuntesdesanluis.com\/#\/schema\/person\/image\/\"},\"sameAs\":[\"https:\/\/apuntesdesanluis.com\"],\"url\":\"https:\/\/apuntesdesanluis.com\/index.php\/author\/apuntesdesanluis-com\/\"}]}<\/script>\n<!-- \/ Yoast SEO plugin. -->","yoast_head_json":{"title":"JUICIO POR LA MUERTE DE MARADONA: DETUVIERON AL CUSTODIO DE DIEGO POR FALSO TESTIMONIO - Apuntes de San Luis","robots":{"index":"index","follow":"follow","max-snippet":"max-snippet:-1","max-image-preview":"max-image-preview:large","max-video-preview":"max-video-preview:-1"},"canonical":"https:\/\/apuntesdesanluis.com\/index.php\/2025\/03\/25\/juicio-por-la-muerte-de-maradona-detuvieron-al-custodio-de-diego-por-falso-testimonio\/","og_locale":"es_ES","og_type":"article","og_title":"JUICIO POR LA MUERTE DE MARADONA: DETUVIERON AL CUSTODIO DE DIEGO POR FALSO TESTIMONIO - Apuntes de San Luis","og_description":"Julio Coria, uno de los custodios de Diego Maradona que fue citado a declarar este...","og_url":"https:\/\/apuntesdesanluis.com\/index.php\/2025\/03\/25\/juicio-por-la-muerte-de-maradona-detuvieron-al-custodio-de-diego-por-falso-testimonio\/","og_site_name":"Apuntes de San Luis","article_published_time":"2025-03-25T23:59:19+00:00","og_image":[{"width":757,"height":534,"url":"https:\/\/apuntesdesanluis.com\/wp-content\/uploads\/2025\/03\/coria-detenido.png","type":"image\/png"}],"author":"apuntesdesanluis.com","twitter_card":"summary_large_image","twitter_misc":{"Escrito por":"apuntesdesanluis.com","Tiempo de lectura":"4 minutos"},"schema":{"@context":"https:\/\/schema.org","@graph":[{"@type":"Article","@id":"https:\/\/apuntesdesanluis.com\/index.php\/2025\/03\/25\/juicio-por-la-muerte-de-maradona-detuvieron-al-custodio-de-diego-por-falso-testimonio\/#article","isPartOf":{"@id":"https:\/\/apuntesdesanluis.com\/index.php\/2025\/03\/25\/juicio-por-la-muerte-de-maradona-detuvieron-al-custodio-de-diego-por-falso-testimonio\/"},"author":{"name":"apuntesdesanluis.com","@id":"https:\/\/apuntesdesanluis.com\/#\/schema\/person\/b55151d52296fcce64d1a72538a70b90"},"headline":"JUICIO POR LA MUERTE DE MARADONA: DETUVIERON AL CUSTODIO DE DIEGO POR FALSO TESTIMONIO","datePublished":"2025-03-25T23:59:19+00:00","mainEntityOfPage":{"@id":"https:\/\/apuntesdesanluis.com\/index.php\/2025\/03\/25\/juicio-por-la-muerte-de-maradona-detuvieron-al-custodio-de-diego-por-falso-testimonio\/"},"wordCount":736,"publisher":{"@id":"https:\/\/apuntesdesanluis.com\/#\/schema\/person\/b55151d52296fcce64d1a72538a70b90"},"image":{"@id":"https:\/\/apuntesdesanluis.com\/index.php\/2025\/03\/25\/juicio-por-la-muerte-de-maradona-detuvieron-al-custodio-de-diego-por-falso-testimonio\/#primaryimage"},"thumbnailUrl":"https:\/\/apuntesdesanluis.com\/wp-content\/uploads\/2025\/03\/coria-detenido.png","articleSection":["Nacionales\/Internacionales"],"inLanguage":"es-AR"},{"@type":"WebPage","@id":"https:\/\/apuntesdesanluis.com\/index.php\/2025\/03\/25\/juicio-por-la-muerte-de-maradona-detuvieron-al-custodio-de-diego-por-falso-testimonio\/","url":"https:\/\/apuntesdesanluis.com\/index.php\/2025\/03\/25\/juicio-por-la-muerte-de-maradona-detuvieron-al-custodio-de-diego-por-falso-testimonio\/","name":"JUICIO POR LA MUERTE DE MARADONA: DETUVIERON AL CUSTODIO DE DIEGO POR FALSO TESTIMONIO - Apuntes de San Luis","isPartOf":{"@id":"https:\/\/apuntesdesanluis.com\/#website"},"primaryImageOfPage":{"@id":"https:\/\/apuntesdesanluis.com\/index.php\/2025\/03\/25\/juicio-por-la-muerte-de-maradona-detuvieron-al-custodio-de-diego-por-falso-testimonio\/#primaryimage"},"image":{"@id":"https:\/\/apuntesdesanluis.com\/index.php\/2025\/03\/25\/juicio-por-la-muerte-de-maradona-detuvieron-al-custodio-de-diego-por-falso-testimonio\/#primaryimage"},"thumbnailUrl":"https:\/\/apuntesdesanluis.com\/wp-content\/uploads\/2025\/03\/coria-detenido.png","datePublished":"2025-03-25T23:59:19+00:00","breadcrumb":{"@id":"https:\/\/apuntesdesanluis.com\/index.php\/2025\/03\/25\/juicio-por-la-muerte-de-maradona-detuvieron-al-custodio-de-diego-por-falso-testimonio\/#breadcrumb"},"inLanguage":"es-AR","potentialAction":[{"@type":"ReadAction","target":["https:\/\/apuntesdesanluis.com\/index.php\/2025\/03\/25\/juicio-por-la-muerte-de-maradona-detuvieron-al-custodio-de-diego-por-falso-testimonio\/"]}]},{"@type":"ImageObject","inLanguage":"es-AR","@id":"https:\/\/apuntesdesanluis.com\/index.php\/2025\/03\/25\/juicio-por-la-muerte-de-maradona-detuvieron-al-custodio-de-diego-por-falso-testimonio\/#primaryimage","url":"https:\/\/apuntesdesanluis.com\/wp-content\/uploads\/2025\/03\/coria-detenido.png","contentUrl":"https:\/\/apuntesdesanluis.com\/wp-content\/uploads\/2025\/03\/coria-detenido.png","width":757,"height":534},{"@type":"BreadcrumbList","@id":"https:\/\/apuntesdesanluis.com\/index.php\/2025\/03\/25\/juicio-por-la-muerte-de-maradona-detuvieron-al-custodio-de-diego-por-falso-testimonio\/#breadcrumb","itemListElement":[{"@type":"ListItem","position":1,"name":"Inicio","item":"https:\/\/apuntesdesanluis.com\/"},{"@type":"ListItem","position":2,"name":"JUICIO POR LA MUERTE DE MARADONA: DETUVIERON AL CUSTODIO DE DIEGO POR FALSO TESTIMONIO"}]},{"@type":"WebSite","@id":"https:\/\/apuntesdesanluis.com\/#website","url":"https:\/\/apuntesdesanluis.com\/","name":"Apuntes de San Luis","description":"","publisher":{"@id":"https:\/\/apuntesdesanluis.com\/#\/schema\/person\/b55151d52296fcce64d1a72538a70b90"},"potentialAction":[{"@type":"SearchAction","target":{"@type":"EntryPoint","urlTemplate":"https:\/\/apuntesdesanluis.com\/?s={search_term_string}"},"query-input":{"@type":"PropertyValueSpecification","valueRequired":true,"valueName":"search_term_string"}}],"inLanguage":"es-AR"},{"@type":["Person","Organization"],"@id":"https:\/\/apuntesdesanluis.com\/#\/schema\/person\/b55151d52296fcce64d1a72538a70b90","name":"apuntesdesanluis.com","image":{"@type":"ImageObject","inLanguage":"es-AR","@id":"https:\/\/apuntesdesanluis.com\/#\/schema\/person\/image\/","url":"https:\/\/apuntesdesanluis.com\/wp-content\/uploads\/2023\/07\/cropped-apuntesdesanluis.png","contentUrl":"https:\/\/apuntesdesanluis.com\/wp-content\/uploads\/2023\/07\/cropped-apuntesdesanluis.png","width":450,"height":112,"caption":"apuntesdesanluis.com"},"logo":{"@id":"https:\/\/apuntesdesanluis.com\/#\/schema\/person\/image\/"},"sameAs":["https:\/\/apuntesdesanluis.com"],"url":"https:\/\/apuntesdesanluis.com\/index.php\/author\/apuntesdesanluis-com\/"}]}},"featured_image_urls":{"full":["https:\/\/apuntesdesanluis.com\/wp-content\/uploads\/2025\/03\/coria-detenido.png",757,534,false],"thumbnail":["https:\/\/apuntesdesanluis.com\/wp-content\/uploads\/2025\/03\/coria-detenido-150x150.png",150,150,true],"medium":["https:\/\/apuntesdesanluis.com\/wp-content\/uploads\/2025\/03\/coria-detenido-300x212.png",300,212,true],"medium_large":["https:\/\/apuntesdesanluis.com\/wp-content\/uploads\/2025\/03\/coria-detenido.png",640,451,false],"large":["https:\/\/apuntesdesanluis.com\/wp-content\/uploads\/2025\/03\/coria-detenido.png",640,451,false],"1536x1536":["https:\/\/apuntesdesanluis.com\/wp-content\/uploads\/2025\/03\/coria-detenido.png",757,534,false],"2048x2048":["https:\/\/apuntesdesanluis.com\/wp-content\/uploads\/2025\/03\/coria-detenido.png",757,534,false],"newsever-slider-full":["https:\/\/apuntesdesanluis.com\/wp-content\/uploads\/2025\/03\/coria-detenido.png",757,534,false],"newsever-featured":["https:\/\/apuntesdesanluis.com\/wp-content\/uploads\/2025\/03\/coria-detenido.png",757,534,false],"newsever-medium":["https:\/\/apuntesdesanluis.com\/wp-content\/uploads\/2025\/03\/coria-detenido-720x475.png",720,475,true]},"author_info":{"display_name":"apuntesdesanluis.com","author_link":"https:\/\/apuntesdesanluis.com\/index.php\/author\/apuntesdesanluis-com\/"},"category_info":"<a href=\"https:\/\/apuntesdesanluis.com\/index.php\/category\/nacionales-internacionales\/\" rel=\"category tag\">Nacionales\/Internacionales<\/a>","tag_info":"Nacionales\/Internacionales","comment_count":"0","_links":{"self":[{"href":"https:\/\/apuntesdesanluis.com\/index.php\/wp-json\/wp\/v2\/posts\/30835","targetHints":{"allow":["GET"]}}],"collection":[{"href":"https:\/\/apuntesdesanluis.com\/index.php\/wp-json\/wp\/v2\/posts"}],"about":[{"href":"https:\/\/apuntesdesanluis.com\/index.php\/wp-json\/wp\/v2\/types\/post"}],"author":[{"embeddable":true,"href":"https:\/\/apuntesdesanluis.com\/index.php\/wp-json\/wp\/v2\/users\/1"}],"replies":[{"embeddable":true,"href":"https:\/\/apuntesdesanluis.com\/index.php\/wp-json\/wp\/v2\/comments?post=30835"}],"version-history":[{"count":1,"href":"https:\/\/apuntesdesanluis.com\/index.php\/wp-json\/wp\/v2\/posts\/30835\/revisions"}],"predecessor-version":[{"id":30839,"href":"https:\/\/apuntesdesanluis.com\/index.php\/wp-json\/wp\/v2\/posts\/30835\/revisions\/30839"}],"wp:featuredmedia":[{"embeddable":true,"href":"https:\/\/apuntesdesanluis.com\/index.php\/wp-json\/wp\/v2\/media\/30836"}],"wp:attachment":[{"href":"https:\/\/apuntesdesanluis.com\/index.php\/wp-json\/wp\/v2\/media?parent=30835"}],"wp:term":[{"taxonomy":"category","embeddable":true,"href":"https:\/\/apuntesdesanluis.com\/index.php\/wp-json\/wp\/v2\/categories?post=30835"},{"taxonomy":"post_tag","embeddable":true,"href":"https:\/\/apuntesdesanluis.com\/index.php\/wp-json\/wp\/v2\/tags?post=30835"}],"curies":[{"name":"wp","href":"https:\/\/api.w.org\/{rel}","templated":true}]}}