{"id":30851,"date":"2025-03-25T22:47:11","date_gmt":"2025-03-26T01:47:11","guid":{"rendered":"https:\/\/apuntesdesanluis.com\/?p=30851"},"modified":"2025-03-25T22:47:11","modified_gmt":"2025-03-26T01:47:11","slug":"mandan-a-juicio-oral-a-espinoza-acusado-por-presunto-abuso-sexual-y-desobediencia","status":"publish","type":"post","link":"https:\/\/apuntesdesanluis.com\/index.php\/2025\/03\/25\/mandan-a-juicio-oral-a-espinoza-acusado-por-presunto-abuso-sexual-y-desobediencia\/","title":{"rendered":"MANDAN A JUICIO ORAL A ESPINOZA, ACUSADO POR PRESUNTO &#8220;ABUSO SEXUAL Y DESOBEDIENCIA&#8221;"},"content":{"rendered":"<h3>El juez en lo Criminal Fernando Caunedo envi\u00f3 hoy a juicio oral al intendente de La Matanza <strong>Fernando Espinoza<\/strong> por presunto &#8220;abuso sexual y desobediencia&#8221;, al rechazar un pedido de su defensa para dictar el sobreseimiento.<\/h3>\n<h3>El magistrado dio por clausurada la investigaci\u00f3n y remiti\u00f3 el expediente a sorteo de Tribunal Oral procesado por el abuso a <strong>Melody Jacqueline Rakauskas<\/strong>, querellante en la causa, seg\u00fan la resoluci\u00f3n a la que tuvo acceso la Agencia Noticias Argentinas.<\/h3>\n<h3>&#8220;No obstante el esfuerzo de la defensa en desacreditar a la querellante, y el extenso escrito presentado para reclamar el sobreseimiento del imputado, haci\u00e9ndose eco de las peticiones coincidentes de ambos fiscales; encuentro inadmisible el cierre anormal del proceso que propone en esta etapa cr\u00edtica, e improcedente la revisi\u00f3n del caso que de m\u00ed se pretende, en sustituci\u00f3n de la discusi\u00f3n que debe darse en un juicio oral y p\u00fablico, como ha previsto el legislador y pide la querellante&#8221;, resolvi\u00f3 el magistrado.<\/h3>\n<h3>Espinoza fue enviado a juicio por &#8220;haber abusado sexualmente mediante tocamientos en el cuerpo de Melody <strong>Jacqueline Rakauskas<\/strong>, quien se desempe\u00f1aba como secretaria privada de la intendencia del partido de La Matanza, provincia de Buenos Aires, en el interior del departamento donde se domiciliaba la referida, sito en la avenida Juan de Garay 492 5\u00b0 piso \u201cB\u201d de esta ciudad, el d\u00eda 10 de mayo de 2021, a partir de las 21.30 horas&#8221;.<\/h3>\n<p><img fetchpriority=\"high\" decoding=\"async\" class=\"wp-image-30853 aligncenter\" src=\"https:\/\/apuntesdesanluis.com\/wp-content\/uploads\/2025\/03\/MELODY-300x223.png\" alt=\"\" width=\"639\" height=\"475\" srcset=\"https:\/\/apuntesdesanluis.com\/wp-content\/uploads\/2025\/03\/MELODY-300x223.png 300w, https:\/\/apuntesdesanluis.com\/wp-content\/uploads\/2025\/03\/MELODY-768x571.png 768w, https:\/\/apuntesdesanluis.com\/wp-content\/uploads\/2025\/03\/MELODY.png 820w\" sizes=\"(max-width: 639px) 100vw, 639px\" \/><\/p>\n<h3>&#8220;En efecto, en la fecha y hora indicadas, el imputado, intendente del referido municipio y en ese entonces superior jer\u00e1rquico de la v\u00edctima, se present\u00f3 en el lugar luego de referirle previamente que quer\u00eda cenar con ella para conversar sobre su trabajo&#8221;, seg\u00fan el requerimiento de elevaci\u00f3n a juicio firmado hoy por el juez.<\/h3>\n<h3>La ex secretaria de Espinoza refiri\u00f3 que comenz\u00f3 a trabajar en la Municipalidad de La Matanza el 28 de abril de 2021, &#8220;en negro&#8221; y que alud\u00edan a ella con un nombre falso, &#8220;Mar\u00eda Micucci&#8221;.<\/h3>\n<h3>A los pocos d\u00edas, Espinoza la convoc\u00f3 a cenar en su casa, &#8221; lo que la tom\u00f3 por sorpresa puesto que se lo dijo en t\u00e9rminos de imposici\u00f3n como algo ya decidido&#8221; y eso se repiti\u00f3 en dos ocasiones m\u00e1s hasta la noche del abuso en el domicilio de ella.<\/h3>\n<h3>Seg\u00fan la denuncia, el Intendente dijo estar contracturado, pidi\u00f3 que le hiciera masajes y luego intent\u00f3 abusarla. \u201cQuedate tranquila, siempre te tuve ganas, va a estar todo bien\u201d, refiri\u00f3 la denunciante que le dijo Espinoza mientras le ped\u00eda que le practicara sexo oral. Ella se resisti\u00f3 y Espinoza se fue de su domicilio &#8220;ofuscado&#8221;.<\/h3>\n<h3>Al enviar el caso a juicio, Caunedo evalu\u00f3 que es en la etapa de debate oral donde &#8220;se debe adoptar una decisi\u00f3n definitiva en el caso, tras una instrucci\u00f3n regularmente cumplida, de acuerdo al desarrollo efectuado al rese\u00f1ar el tr\u00e1mite procesal&#8221;.<\/h3>\n<h3>&#8220;A modo de s\u00edntesis, cabe destacar que la controversia se ci\u00f1e a la credibilidad del discurso de la querellante, como \u00fanica prueba directa del abuso sexual denunciado, por cierto negado por el imputado, cuyo descargo ha quedado parcialmente desvirtuado con evidencias objetivas, que respaldan su presencia en el lugar al momento del hecho investigado&#8221;, analiz\u00f3.<\/h3>\n<h3>&#8220;La credibilidad de una u otra versi\u00f3n mejor podr\u00e1 apreciarse en un juicio oral, merced a las ventajas que presenta la inmediaci\u00f3n con las partes y el tribunal, en un contradictorio pleno y con igualdad de armas&#8221;, concluy\u00f3.<\/h3>\n<h3>Espinoza tambi\u00e9n fue enviado a juicio por &#8220;haber desobedecido el 1\u00ba de julio de 2021, en horas de la tarde&#8221; una prohibici\u00f3n de acercamiento a la denunciante.<\/h3>\n<h3>A lo largo de su resoluci\u00f3n, el magistrado advirti\u00f3 que el sistema de justicia tiene el deber de poner su &#8221; m\u00e1ximo esfuerzo para su investigaci\u00f3n y juzgamiento, conforme a la pol\u00edtica de estado en protecci\u00f3n de la mujer, siguiendo compromisos internacionales de la Argentina frente a la comunidad de naciones, y a la legislaci\u00f3n interna dictada en consecuencia&#8221;.<\/h3>\n<h3>&#8220;M\u00e1xime cuando, por otra parte, se advierte una clara asimetr\u00eda entre las partes, porque el imputado es la m\u00e1xima autoridad en el municipio, y la querellante era una mera empleada que acababa de incorporarse a trabajar, sin soslayar la diferencia de edad&#8221;, advirti\u00f3 el juez.<\/h3>\n<p>&nbsp;<\/p>\n<p>&nbsp;<\/p>\n<p>&nbsp;<\/p>\n<h3><\/h3>\n<h3><\/h3>\n<h3><\/h3>\n","protected":false},"excerpt":{"rendered":"<p>El juez en lo Criminal Fernando Caunedo envi\u00f3 hoy a juicio oral al intendente de&#8230;<\/p>\n","protected":false},"author":1,"featured_media":30852,"comment_status":"closed","ping_status":"closed","sticky":false,"template":"","format":"standard","meta":{"footnotes":""},"categories":[5],"tags":[],"class_list":["post-30851","post","type-post","status-publish","format-standard","has-post-thumbnail","hentry","category-nacionales-internacionales"],"yoast_head":"<!-- This site is optimized with the Yoast SEO plugin v26.1.1 - https:\/\/yoast.com\/wordpress\/plugins\/seo\/ -->\n<title>MANDAN A JUICIO ORAL A ESPINOZA, ACUSADO POR PRESUNTO &quot;ABUSO SEXUAL Y DESOBEDIENCIA&quot; - Apuntes de San Luis<\/title>\n<meta name=\"robots\" content=\"index, follow, max-snippet:-1, max-image-preview:large, max-video-preview:-1\" \/>\n<link rel=\"canonical\" href=\"https:\/\/apuntesdesanluis.com\/index.php\/2025\/03\/25\/mandan-a-juicio-oral-a-espinoza-acusado-por-presunto-abuso-sexual-y-desobediencia\/\" \/>\n<meta property=\"og:locale\" content=\"es_ES\" \/>\n<meta property=\"og:type\" content=\"article\" \/>\n<meta property=\"og:title\" content=\"MANDAN A JUICIO ORAL A ESPINOZA, ACUSADO POR PRESUNTO &quot;ABUSO SEXUAL Y DESOBEDIENCIA&quot; - Apuntes de San Luis\" \/>\n<meta property=\"og:description\" content=\"El juez en lo Criminal Fernando Caunedo envi\u00f3 hoy a juicio oral al intendente de...\" \/>\n<meta property=\"og:url\" content=\"https:\/\/apuntesdesanluis.com\/index.php\/2025\/03\/25\/mandan-a-juicio-oral-a-espinoza-acusado-por-presunto-abuso-sexual-y-desobediencia\/\" \/>\n<meta property=\"og:site_name\" content=\"Apuntes de San Luis\" \/>\n<meta property=\"article:published_time\" content=\"2025-03-26T01:47:11+00:00\" \/>\n<meta property=\"og:image\" content=\"https:\/\/apuntesdesanluis.com\/wp-content\/uploads\/2025\/03\/espinoza.png\" \/>\n\t<meta property=\"og:image:width\" content=\"805\" \/>\n\t<meta property=\"og:image:height\" content=\"496\" \/>\n\t<meta property=\"og:image:type\" content=\"image\/png\" \/>\n<meta name=\"author\" content=\"apuntesdesanluis.com\" \/>\n<meta name=\"twitter:card\" content=\"summary_large_image\" \/>\n<meta name=\"twitter:label1\" content=\"Escrito por\" \/>\n\t<meta name=\"twitter:data1\" content=\"apuntesdesanluis.com\" \/>\n\t<meta name=\"twitter:label2\" content=\"Tiempo de lectura\" \/>\n\t<meta name=\"twitter:data2\" content=\"4 minutos\" \/>\n<script type=\"application\/ld+json\" class=\"yoast-schema-graph\">{\"@context\":\"https:\/\/schema.org\",\"@graph\":[{\"@type\":\"Article\",\"@id\":\"https:\/\/apuntesdesanluis.com\/index.php\/2025\/03\/25\/mandan-a-juicio-oral-a-espinoza-acusado-por-presunto-abuso-sexual-y-desobediencia\/#article\",\"isPartOf\":{\"@id\":\"https:\/\/apuntesdesanluis.com\/index.php\/2025\/03\/25\/mandan-a-juicio-oral-a-espinoza-acusado-por-presunto-abuso-sexual-y-desobediencia\/\"},\"author\":{\"name\":\"apuntesdesanluis.com\",\"@id\":\"https:\/\/apuntesdesanluis.com\/#\/schema\/person\/b55151d52296fcce64d1a72538a70b90\"},\"headline\":\"MANDAN A JUICIO ORAL A ESPINOZA, ACUSADO POR PRESUNTO &#8220;ABUSO SEXUAL Y DESOBEDIENCIA&#8221;\",\"datePublished\":\"2025-03-26T01:47:11+00:00\",\"mainEntityOfPage\":{\"@id\":\"https:\/\/apuntesdesanluis.com\/index.php\/2025\/03\/25\/mandan-a-juicio-oral-a-espinoza-acusado-por-presunto-abuso-sexual-y-desobediencia\/\"},\"wordCount\":737,\"publisher\":{\"@id\":\"https:\/\/apuntesdesanluis.com\/#\/schema\/person\/b55151d52296fcce64d1a72538a70b90\"},\"image\":{\"@id\":\"https:\/\/apuntesdesanluis.com\/index.php\/2025\/03\/25\/mandan-a-juicio-oral-a-espinoza-acusado-por-presunto-abuso-sexual-y-desobediencia\/#primaryimage\"},\"thumbnailUrl\":\"https:\/\/apuntesdesanluis.com\/wp-content\/uploads\/2025\/03\/espinoza.png\",\"articleSection\":[\"Nacionales\/Internacionales\"],\"inLanguage\":\"es-AR\"},{\"@type\":\"WebPage\",\"@id\":\"https:\/\/apuntesdesanluis.com\/index.php\/2025\/03\/25\/mandan-a-juicio-oral-a-espinoza-acusado-por-presunto-abuso-sexual-y-desobediencia\/\",\"url\":\"https:\/\/apuntesdesanluis.com\/index.php\/2025\/03\/25\/mandan-a-juicio-oral-a-espinoza-acusado-por-presunto-abuso-sexual-y-desobediencia\/\",\"name\":\"MANDAN A JUICIO ORAL A ESPINOZA, ACUSADO POR PRESUNTO \\\"ABUSO SEXUAL Y DESOBEDIENCIA\\\" - Apuntes de San Luis\",\"isPartOf\":{\"@id\":\"https:\/\/apuntesdesanluis.com\/#website\"},\"primaryImageOfPage\":{\"@id\":\"https:\/\/apuntesdesanluis.com\/index.php\/2025\/03\/25\/mandan-a-juicio-oral-a-espinoza-acusado-por-presunto-abuso-sexual-y-desobediencia\/#primaryimage\"},\"image\":{\"@id\":\"https:\/\/apuntesdesanluis.com\/index.php\/2025\/03\/25\/mandan-a-juicio-oral-a-espinoza-acusado-por-presunto-abuso-sexual-y-desobediencia\/#primaryimage\"},\"thumbnailUrl\":\"https:\/\/apuntesdesanluis.com\/wp-content\/uploads\/2025\/03\/espinoza.png\",\"datePublished\":\"2025-03-26T01:47:11+00:00\",\"breadcrumb\":{\"@id\":\"https:\/\/apuntesdesanluis.com\/index.php\/2025\/03\/25\/mandan-a-juicio-oral-a-espinoza-acusado-por-presunto-abuso-sexual-y-desobediencia\/#breadcrumb\"},\"inLanguage\":\"es-AR\",\"potentialAction\":[{\"@type\":\"ReadAction\",\"target\":[\"https:\/\/apuntesdesanluis.com\/index.php\/2025\/03\/25\/mandan-a-juicio-oral-a-espinoza-acusado-por-presunto-abuso-sexual-y-desobediencia\/\"]}]},{\"@type\":\"ImageObject\",\"inLanguage\":\"es-AR\",\"@id\":\"https:\/\/apuntesdesanluis.com\/index.php\/2025\/03\/25\/mandan-a-juicio-oral-a-espinoza-acusado-por-presunto-abuso-sexual-y-desobediencia\/#primaryimage\",\"url\":\"https:\/\/apuntesdesanluis.com\/wp-content\/uploads\/2025\/03\/espinoza.png\",\"contentUrl\":\"https:\/\/apuntesdesanluis.com\/wp-content\/uploads\/2025\/03\/espinoza.png\",\"width\":805,\"height\":496},{\"@type\":\"BreadcrumbList\",\"@id\":\"https:\/\/apuntesdesanluis.com\/index.php\/2025\/03\/25\/mandan-a-juicio-oral-a-espinoza-acusado-por-presunto-abuso-sexual-y-desobediencia\/#breadcrumb\",\"itemListElement\":[{\"@type\":\"ListItem\",\"position\":1,\"name\":\"Inicio\",\"item\":\"https:\/\/apuntesdesanluis.com\/\"},{\"@type\":\"ListItem\",\"position\":2,\"name\":\"MANDAN A JUICIO ORAL A ESPINOZA, ACUSADO POR PRESUNTO &#8220;ABUSO SEXUAL Y DESOBEDIENCIA&#8221;\"}]},{\"@type\":\"WebSite\",\"@id\":\"https:\/\/apuntesdesanluis.com\/#website\",\"url\":\"https:\/\/apuntesdesanluis.com\/\",\"name\":\"Apuntes de San Luis\",\"description\":\"\",\"publisher\":{\"@id\":\"https:\/\/apuntesdesanluis.com\/#\/schema\/person\/b55151d52296fcce64d1a72538a70b90\"},\"potentialAction\":[{\"@type\":\"SearchAction\",\"target\":{\"@type\":\"EntryPoint\",\"urlTemplate\":\"https:\/\/apuntesdesanluis.com\/?s={search_term_string}\"},\"query-input\":{\"@type\":\"PropertyValueSpecification\",\"valueRequired\":true,\"valueName\":\"search_term_string\"}}],\"inLanguage\":\"es-AR\"},{\"@type\":[\"Person\",\"Organization\"],\"@id\":\"https:\/\/apuntesdesanluis.com\/#\/schema\/person\/b55151d52296fcce64d1a72538a70b90\",\"name\":\"apuntesdesanluis.com\",\"image\":{\"@type\":\"ImageObject\",\"inLanguage\":\"es-AR\",\"@id\":\"https:\/\/apuntesdesanluis.com\/#\/schema\/person\/image\/\",\"url\":\"https:\/\/apuntesdesanluis.com\/wp-content\/uploads\/2023\/07\/cropped-apuntesdesanluis.png\",\"contentUrl\":\"https:\/\/apuntesdesanluis.com\/wp-content\/uploads\/2023\/07\/cropped-apuntesdesanluis.png\",\"width\":450,\"height\":112,\"caption\":\"apuntesdesanluis.com\"},\"logo\":{\"@id\":\"https:\/\/apuntesdesanluis.com\/#\/schema\/person\/image\/\"},\"sameAs\":[\"https:\/\/apuntesdesanluis.com\"],\"url\":\"https:\/\/apuntesdesanluis.com\/index.php\/author\/apuntesdesanluis-com\/\"}]}<\/script>\n<!-- \/ Yoast SEO plugin. -->","yoast_head_json":{"title":"MANDAN A JUICIO ORAL A ESPINOZA, ACUSADO POR PRESUNTO \"ABUSO SEXUAL Y DESOBEDIENCIA\" - Apuntes de San Luis","robots":{"index":"index","follow":"follow","max-snippet":"max-snippet:-1","max-image-preview":"max-image-preview:large","max-video-preview":"max-video-preview:-1"},"canonical":"https:\/\/apuntesdesanluis.com\/index.php\/2025\/03\/25\/mandan-a-juicio-oral-a-espinoza-acusado-por-presunto-abuso-sexual-y-desobediencia\/","og_locale":"es_ES","og_type":"article","og_title":"MANDAN A JUICIO ORAL A ESPINOZA, ACUSADO POR PRESUNTO \"ABUSO SEXUAL Y DESOBEDIENCIA\" - Apuntes de San Luis","og_description":"El juez en lo Criminal Fernando Caunedo envi\u00f3 hoy a juicio oral al intendente de...","og_url":"https:\/\/apuntesdesanluis.com\/index.php\/2025\/03\/25\/mandan-a-juicio-oral-a-espinoza-acusado-por-presunto-abuso-sexual-y-desobediencia\/","og_site_name":"Apuntes de San Luis","article_published_time":"2025-03-26T01:47:11+00:00","og_image":[{"width":805,"height":496,"url":"https:\/\/apuntesdesanluis.com\/wp-content\/uploads\/2025\/03\/espinoza.png","type":"image\/png"}],"author":"apuntesdesanluis.com","twitter_card":"summary_large_image","twitter_misc":{"Escrito por":"apuntesdesanluis.com","Tiempo de lectura":"4 minutos"},"schema":{"@context":"https:\/\/schema.org","@graph":[{"@type":"Article","@id":"https:\/\/apuntesdesanluis.com\/index.php\/2025\/03\/25\/mandan-a-juicio-oral-a-espinoza-acusado-por-presunto-abuso-sexual-y-desobediencia\/#article","isPartOf":{"@id":"https:\/\/apuntesdesanluis.com\/index.php\/2025\/03\/25\/mandan-a-juicio-oral-a-espinoza-acusado-por-presunto-abuso-sexual-y-desobediencia\/"},"author":{"name":"apuntesdesanluis.com","@id":"https:\/\/apuntesdesanluis.com\/#\/schema\/person\/b55151d52296fcce64d1a72538a70b90"},"headline":"MANDAN A JUICIO ORAL A ESPINOZA, ACUSADO POR PRESUNTO &#8220;ABUSO SEXUAL Y DESOBEDIENCIA&#8221;","datePublished":"2025-03-26T01:47:11+00:00","mainEntityOfPage":{"@id":"https:\/\/apuntesdesanluis.com\/index.php\/2025\/03\/25\/mandan-a-juicio-oral-a-espinoza-acusado-por-presunto-abuso-sexual-y-desobediencia\/"},"wordCount":737,"publisher":{"@id":"https:\/\/apuntesdesanluis.com\/#\/schema\/person\/b55151d52296fcce64d1a72538a70b90"},"image":{"@id":"https:\/\/apuntesdesanluis.com\/index.php\/2025\/03\/25\/mandan-a-juicio-oral-a-espinoza-acusado-por-presunto-abuso-sexual-y-desobediencia\/#primaryimage"},"thumbnailUrl":"https:\/\/apuntesdesanluis.com\/wp-content\/uploads\/2025\/03\/espinoza.png","articleSection":["Nacionales\/Internacionales"],"inLanguage":"es-AR"},{"@type":"WebPage","@id":"https:\/\/apuntesdesanluis.com\/index.php\/2025\/03\/25\/mandan-a-juicio-oral-a-espinoza-acusado-por-presunto-abuso-sexual-y-desobediencia\/","url":"https:\/\/apuntesdesanluis.com\/index.php\/2025\/03\/25\/mandan-a-juicio-oral-a-espinoza-acusado-por-presunto-abuso-sexual-y-desobediencia\/","name":"MANDAN A JUICIO ORAL A ESPINOZA, ACUSADO POR PRESUNTO \"ABUSO SEXUAL Y DESOBEDIENCIA\" - Apuntes de San Luis","isPartOf":{"@id":"https:\/\/apuntesdesanluis.com\/#website"},"primaryImageOfPage":{"@id":"https:\/\/apuntesdesanluis.com\/index.php\/2025\/03\/25\/mandan-a-juicio-oral-a-espinoza-acusado-por-presunto-abuso-sexual-y-desobediencia\/#primaryimage"},"image":{"@id":"https:\/\/apuntesdesanluis.com\/index.php\/2025\/03\/25\/mandan-a-juicio-oral-a-espinoza-acusado-por-presunto-abuso-sexual-y-desobediencia\/#primaryimage"},"thumbnailUrl":"https:\/\/apuntesdesanluis.com\/wp-content\/uploads\/2025\/03\/espinoza.png","datePublished":"2025-03-26T01:47:11+00:00","breadcrumb":{"@id":"https:\/\/apuntesdesanluis.com\/index.php\/2025\/03\/25\/mandan-a-juicio-oral-a-espinoza-acusado-por-presunto-abuso-sexual-y-desobediencia\/#breadcrumb"},"inLanguage":"es-AR","potentialAction":[{"@type":"ReadAction","target":["https:\/\/apuntesdesanluis.com\/index.php\/2025\/03\/25\/mandan-a-juicio-oral-a-espinoza-acusado-por-presunto-abuso-sexual-y-desobediencia\/"]}]},{"@type":"ImageObject","inLanguage":"es-AR","@id":"https:\/\/apuntesdesanluis.com\/index.php\/2025\/03\/25\/mandan-a-juicio-oral-a-espinoza-acusado-por-presunto-abuso-sexual-y-desobediencia\/#primaryimage","url":"https:\/\/apuntesdesanluis.com\/wp-content\/uploads\/2025\/03\/espinoza.png","contentUrl":"https:\/\/apuntesdesanluis.com\/wp-content\/uploads\/2025\/03\/espinoza.png","width":805,"height":496},{"@type":"BreadcrumbList","@id":"https:\/\/apuntesdesanluis.com\/index.php\/2025\/03\/25\/mandan-a-juicio-oral-a-espinoza-acusado-por-presunto-abuso-sexual-y-desobediencia\/#breadcrumb","itemListElement":[{"@type":"ListItem","position":1,"name":"Inicio","item":"https:\/\/apuntesdesanluis.com\/"},{"@type":"ListItem","position":2,"name":"MANDAN A JUICIO ORAL A ESPINOZA, ACUSADO POR PRESUNTO &#8220;ABUSO SEXUAL Y DESOBEDIENCIA&#8221;"}]},{"@type":"WebSite","@id":"https:\/\/apuntesdesanluis.com\/#website","url":"https:\/\/apuntesdesanluis.com\/","name":"Apuntes de San Luis","description":"","publisher":{"@id":"https:\/\/apuntesdesanluis.com\/#\/schema\/person\/b55151d52296fcce64d1a72538a70b90"},"potentialAction":[{"@type":"SearchAction","target":{"@type":"EntryPoint","urlTemplate":"https:\/\/apuntesdesanluis.com\/?s={search_term_string}"},"query-input":{"@type":"PropertyValueSpecification","valueRequired":true,"valueName":"search_term_string"}}],"inLanguage":"es-AR"},{"@type":["Person","Organization"],"@id":"https:\/\/apuntesdesanluis.com\/#\/schema\/person\/b55151d52296fcce64d1a72538a70b90","name":"apuntesdesanluis.com","image":{"@type":"ImageObject","inLanguage":"es-AR","@id":"https:\/\/apuntesdesanluis.com\/#\/schema\/person\/image\/","url":"https:\/\/apuntesdesanluis.com\/wp-content\/uploads\/2023\/07\/cropped-apuntesdesanluis.png","contentUrl":"https:\/\/apuntesdesanluis.com\/wp-content\/uploads\/2023\/07\/cropped-apuntesdesanluis.png","width":450,"height":112,"caption":"apuntesdesanluis.com"},"logo":{"@id":"https:\/\/apuntesdesanluis.com\/#\/schema\/person\/image\/"},"sameAs":["https:\/\/apuntesdesanluis.com"],"url":"https:\/\/apuntesdesanluis.com\/index.php\/author\/apuntesdesanluis-com\/"}]}},"featured_image_urls":{"full":["https:\/\/apuntesdesanluis.com\/wp-content\/uploads\/2025\/03\/espinoza.png",805,496,false],"thumbnail":["https:\/\/apuntesdesanluis.com\/wp-content\/uploads\/2025\/03\/espinoza-150x150.png",150,150,true],"medium":["https:\/\/apuntesdesanluis.com\/wp-content\/uploads\/2025\/03\/espinoza-300x185.png",300,185,true],"medium_large":["https:\/\/apuntesdesanluis.com\/wp-content\/uploads\/2025\/03\/espinoza-768x473.png",640,394,true],"large":["https:\/\/apuntesdesanluis.com\/wp-content\/uploads\/2025\/03\/espinoza.png",640,394,false],"1536x1536":["https:\/\/apuntesdesanluis.com\/wp-content\/uploads\/2025\/03\/espinoza.png",805,496,false],"2048x2048":["https:\/\/apuntesdesanluis.com\/wp-content\/uploads\/2025\/03\/espinoza.png",805,496,false],"newsever-slider-full":["https:\/\/apuntesdesanluis.com\/wp-content\/uploads\/2025\/03\/espinoza.png",805,496,false],"newsever-featured":["https:\/\/apuntesdesanluis.com\/wp-content\/uploads\/2025\/03\/espinoza.png",805,496,false],"newsever-medium":["https:\/\/apuntesdesanluis.com\/wp-content\/uploads\/2025\/03\/espinoza-720x475.png",720,475,true]},"author_info":{"display_name":"apuntesdesanluis.com","author_link":"https:\/\/apuntesdesanluis.com\/index.php\/author\/apuntesdesanluis-com\/"},"category_info":"<a href=\"https:\/\/apuntesdesanluis.com\/index.php\/category\/nacionales-internacionales\/\" rel=\"category tag\">Nacionales\/Internacionales<\/a>","tag_info":"Nacionales\/Internacionales","comment_count":"0","_links":{"self":[{"href":"https:\/\/apuntesdesanluis.com\/index.php\/wp-json\/wp\/v2\/posts\/30851","targetHints":{"allow":["GET"]}}],"collection":[{"href":"https:\/\/apuntesdesanluis.com\/index.php\/wp-json\/wp\/v2\/posts"}],"about":[{"href":"https:\/\/apuntesdesanluis.com\/index.php\/wp-json\/wp\/v2\/types\/post"}],"author":[{"embeddable":true,"href":"https:\/\/apuntesdesanluis.com\/index.php\/wp-json\/wp\/v2\/users\/1"}],"replies":[{"embeddable":true,"href":"https:\/\/apuntesdesanluis.com\/index.php\/wp-json\/wp\/v2\/comments?post=30851"}],"version-history":[{"count":1,"href":"https:\/\/apuntesdesanluis.com\/index.php\/wp-json\/wp\/v2\/posts\/30851\/revisions"}],"predecessor-version":[{"id":30854,"href":"https:\/\/apuntesdesanluis.com\/index.php\/wp-json\/wp\/v2\/posts\/30851\/revisions\/30854"}],"wp:featuredmedia":[{"embeddable":true,"href":"https:\/\/apuntesdesanluis.com\/index.php\/wp-json\/wp\/v2\/media\/30852"}],"wp:attachment":[{"href":"https:\/\/apuntesdesanluis.com\/index.php\/wp-json\/wp\/v2\/media?parent=30851"}],"wp:term":[{"taxonomy":"category","embeddable":true,"href":"https:\/\/apuntesdesanluis.com\/index.php\/wp-json\/wp\/v2\/categories?post=30851"},{"taxonomy":"post_tag","embeddable":true,"href":"https:\/\/apuntesdesanluis.com\/index.php\/wp-json\/wp\/v2\/tags?post=30851"}],"curies":[{"name":"wp","href":"https:\/\/api.w.org\/{rel}","templated":true}]}}