{"id":3086,"date":"2023-09-11T17:47:17","date_gmt":"2023-09-11T20:47:17","guid":{"rendered":"https:\/\/apuntesdesanluis.com\/?p=3086"},"modified":"2023-09-11T17:47:17","modified_gmt":"2023-09-11T20:47:17","slug":"suben-a-2-700-los-muertos-por-el-terremoto-en-marruecos","status":"publish","type":"post","link":"https:\/\/apuntesdesanluis.com\/index.php\/2023\/09\/11\/suben-a-2-700-los-muertos-por-el-terremoto-en-marruecos\/","title":{"rendered":"SUBEN A 2.700 LOS MUERTOS POR EL TERREMOTO EN MARRUECOS"},"content":{"rendered":"<h3 class=\"yiv7409174924ydp6329976emsonormal\" style=\"text-align: justify; background: white;\"><span style=\"font-family: 'Arial','sans-serif'; color: #1d2228;\">El sismo ocurri\u00f3 en la noche del viernes y fue de magnitud 6,8 seg\u00fan los servicios geol\u00f3gicos estadounidenses y 7 seg\u00fan el centro marroqu\u00ed para la investigaci\u00f3n cient\u00edfica y t\u00e9cnica. La cifra de muertos, hasta el momento, es de 2.681, mientras que la cantidad de heridos reportados es de 2.501 heridos, aunque lamentablemente se tiene la certeza de que las cifras r\u00e0n en aumento con el correr de las horas.<\/span><\/h3>\n<h3 class=\"yiv7409174924ydp6329976emsonormal\" style=\"text-align: justify; background: white;\"><span style=\"font-family: 'Arial','sans-serif'; color: #1d2228;\">Los equipos de rescate marroqu\u00edes continuaban este lunes las tareas de b\u00fasqueda de sobrevivientes tras el violento terremoto que el viernes pasado sacudi\u00f3 la regi\u00f3n sudeste de la tur\u00edstica ciudad dejando un saldo de casi 2700 muertos y casi la misma cifra de heridos, con la ayuda de brigadistas de Espa\u00f1a, Reino Unido, Catar y Emiratos \u00c1rabes Unidos.<\/span><\/h3>\n<h3 class=\"yiv7409174924ydp6329976emsonormal\" style=\"text-align: justify; background: white;\"><span style=\"font-family: 'Arial','sans-serif'; color: #1d2228;\">El sismo, considerado el m\u00e1s grave en los \u00faltimos 60 a\u00f1os, tuvo una magnitud de 6.8 seg\u00fan los servicios geol\u00f3gicos estadounidenses y 7 seg\u00fan el centro marroqu\u00ed para la investigaci\u00f3n cient\u00edfica y t\u00e9cnica.<\/span><\/h3>\n<h3 class=\"yiv7409174924ydp6329976emsonormal\" style=\"text-align: justify; background: white;\"><span style=\"font-family: 'Arial','sans-serif'; color: #1d2228;\">Seg\u00fan el \u00faltimo balance conocido este lunes, el movimiento s\u00edsmico dej\u00f3 al menos 2.681 muertos y 2.501 heridos, consign\u00f3 la agencia AFP.<\/span><\/h3>\n<h3 class=\"yiv7409174924ydp6329976emsonormal\" style=\"text-align: justify; background: white;\"><span style=\"font-family: 'Arial','sans-serif'; color: #1d2228;\">La provincia de Al Hauz, epicentro del sismo, fue la m\u00e1s golpeada, seguida de Tarudant, en estas ciudades el sismo destruy\u00f3 aldeas enteras.<\/span><\/h3>\n<h3 class=\"yiv7409174924ydp6329976emsonormal\" style=\"text-align: justify; background: white;\"><span style=\"font-family: 'Arial','sans-serif'; color: #1d2228;\">Esta ma\u00f1ana rescatistas espa\u00f1oles estaban presentes en dos localidades al sur de Marrakech, Amizmiz y Talat Nyaqoub en donde se desplegaron 12 ambulancias, varias decenas de 4&#215;4 del Ej\u00e9rcito y la gendarmer\u00eda, seg\u00fan consign\u00f3 un despacho de la agencia de noticias AFP.<\/span><\/h3>\n<h3 class=\"yiv7409174924ydp6329976emsonormal\" style=\"text-align: justify; background: white;\"><span style=\"font-family: 'Arial','sans-serif'; color: #1d2228;\">Asimismo, un centenar de socorristas marroqu\u00edes se preparaban para iniciar las operaciones de b\u00fasqueda y un equipo de 30 bomberos espa\u00f1oles, un m\u00e9dico, una enfermera y dos t\u00e9cnicos se coordinan con las autoridades marroqu\u00edes para iniciar las labores.<\/span><\/h3>\n<p><img fetchpriority=\"high\" decoding=\"async\" class=\"wp-image-3088 aligncenter\" src=\"https:\/\/apuntesdesanluis.com\/wp-content\/uploads\/2023\/09\/rescatistas-300x187.png\" alt=\"\" width=\"740\" height=\"461\" srcset=\"https:\/\/apuntesdesanluis.com\/wp-content\/uploads\/2023\/09\/rescatistas-300x187.png 300w, https:\/\/apuntesdesanluis.com\/wp-content\/uploads\/2023\/09\/rescatistas.png 750w\" sizes=\"(max-width: 740px) 100vw, 740px\" \/><\/p>\n<h3 class=\"yiv7409174924ydp6329976emsonormal\" style=\"text-align: justify; background: white;\"><span style=\"font-family: 'Arial','sans-serif'; color: #1d2228;\">Desde Barcelona, inform\u00f3 la agencia Europa Press, tambi\u00e9n parti\u00f3 un vuelo con 17 bomberos, 2 enfermeras y 2 perros adiestrados para sumarse a la ayuda internacional.<\/span><\/h3>\n<h3 class=\"yiv7409174924ydp6329976emsonormal\" style=\"text-align: justify; background: white;\"><span style=\"font-family: 'Arial','sans-serif'; color: #1d2228;\">Este sismo es el m\u00e1s grave y con mayor n\u00famero de v\u00edctimas en Marruecos desde el ocurrido en Agadir el 29 de febrero de 1960 en donde murieron casi 15.000 personas, un tercio de la poblaci\u00f3n de esta ciudad en la costa oeste.<\/span><\/h3>\n<h3 class=\"yiv7409174924ydp6329976emsonormal\" style=\"text-align: justify; background: white;\"><span style=\"font-family: 'Arial','sans-serif'; color: #1d2228;\">Annika Coll, responsable del equipo de bomberos espa\u00f1ol asegur\u00f3 que &#8220;la gran dificultad est\u00e1 en las zonas alejadas y dif\u00edciles de acceso&#8221; y enfatiz\u00f3 en que &#8220;es dif\u00edcil decir si las probabilidades de encontrar supervivientes disminuyen porque, por ejemplo, en Turqu\u00eda (donde se produjo un violento sismo en febrero) conseguimos hallar una mujer viva tras seis d\u00edas y medio. Siempre hay esperanza&#8221;.<\/span><\/h3>\n<h3 class=\"yiv7409174924ydp6329976emsonormal\" style=\"text-align: justify; background: white;\"><span style=\"font-family: 'Arial','sans-serif'; color: #1d2228;\">&#8220;Tambi\u00e9n es importante encontrar los cuerpos sin vida porque las familias tienen que saberlo y hacer el duelo&#8221;, a\u00f1adi\u00f3.<\/span><\/h3>\n<h3 class=\"yiv7409174924ydp6329976emsonormal\" style=\"text-align: justify; background: white;\"><span style=\"font-family: 'Arial','sans-serif'; color: #1d2228;\">A unos 70 kil\u00f3metros m\u00e1s al norte, otro equipo de 48 agentes de la Unidad Militar de Emergencias (UME) estableci\u00f3 un campamento en la entrada de la peque\u00f1a localidad de Amizmiz desde el domingo por la noche. &#8220;Esperamos una reuni\u00f3n con la protecci\u00f3n civil marroqu\u00ed para determinar exactamente d\u00f3nde podemos desplegarnos&#8221;, se\u00f1al\u00f3 Albert V\u00e1squez, de la UME.<\/span><\/h3>\n<h3 class=\"yiv7409174924ydp6329976emsonormal\" style=\"text-align: justify; background: white;\"><span style=\"font-family: 'Arial','sans-serif'; color: #1d2228;\">El equipo va acompa\u00f1ado de cuatro perros y lleva microc\u00e1maras para introducirse en las peque\u00f1as cavidades entre los escombros, tambi\u00e9n lleva aparatos para detectar presencia humana.<\/span><\/h3>\n<h3 class=\"yiv7409174924ydp6329976emsonormal\" style=\"text-align: justify; background: white;\"><span style=\"font-family: 'Arial','sans-serif'; color: #1d2228;\">En Tikht, un peque\u00f1o pueblo cerca de Adassil, un minarete y un pu\u00f1ado de casas de adobe aguantan como \u00fanicas supervivientes en un paisaje apocal\u00edptico. <\/span><\/h3>\n<h3 class=\"yiv7409174924ydp6329976emsonormal\" style=\"text-align: justify; background: white;\"><span style=\"font-family: 'Arial','sans-serif'; color: #1d2228;\">Cerca suyo, las fuerzas de seguridad marroqu\u00edes cavan las tumbas para las v\u00edctimas o instalan tiendas amarillas para los supervivientes que se quedaron sin hogar. En este escenario, el domingo, una gran cantidad de habitantes hac\u00edan fila en los hospitales locales para donar sangre.<\/span><\/h3>\n<h3 class=\"yiv7409174924ydp6329976emsonormal\" style=\"text-align: justify; background: white;\"><span style=\"font-family: 'Arial','sans-serif'; color: #1d2228;\">Ante la amplitud de la destrucci\u00f3n, brota la solidaridad en Marrakech, donde numerosos habitantes hicieron fila en los hospitales para donar sangre.<\/span><\/h3>\n<h3 class=\"yiv7409174924ydp6329976emsonormal\" style=\"text-align: justify; background: white;\"><span style=\"font-family: 'Arial','sans-serif'; color: #1d2228;\">La Cruz Roja Internacional advirti\u00f3 de la importancia de la ayuda humanitaria que, seg\u00fan ellos, puede ser necesaria &#8220;durante meses o incluso a\u00f1os&#8221;, pero las primeras &#8220;24 o 48 horas (son) cr\u00edticas&#8221;, advirti\u00f3.<\/span><\/h3>\n<h3 class=\"yiv7409174924ydp6329976emsonormal\" style=\"text-align: justify; background: white;\"><span style=\"font-family: 'Arial','sans-serif'; color: #1d2228;\">Adem\u00e1s de las p\u00e9rdidas humanas y materiales, el sismo afect\u00f3 al patrimonio arquitect\u00f3nico del reino, en la medina del barrio antiguo de Marrakech, los da\u00f1os son impresionantes y las murallas del siglo XII que rodean la ciudad imperial, fundada sobre el a\u00f1o 1070 por la dinast\u00eda de los almor\u00e1vides, est\u00e1n parcialmente desfiguradas.<\/span><\/h3>\n","protected":false},"excerpt":{"rendered":"<p>El sismo ocurri\u00f3 en la noche del viernes y fue de magnitud 6,8 seg\u00fan los&#8230;<\/p>\n","protected":false},"author":1,"featured_media":3087,"comment_status":"closed","ping_status":"closed","sticky":false,"template":"","format":"standard","meta":{"footnotes":""},"categories":[5],"tags":[],"class_list":["post-3086","post","type-post","status-publish","format-standard","has-post-thumbnail","hentry","category-nacionales-internacionales"],"yoast_head":"<!-- This site is optimized with the Yoast SEO plugin v26.1.1 - https:\/\/yoast.com\/wordpress\/plugins\/seo\/ -->\n<title>SUBEN A 2.700 LOS MUERTOS POR EL TERREMOTO EN MARRUECOS - Apuntes de San Luis<\/title>\n<meta name=\"robots\" content=\"index, follow, max-snippet:-1, max-image-preview:large, max-video-preview:-1\" \/>\n<link rel=\"canonical\" href=\"https:\/\/apuntesdesanluis.com\/index.php\/2023\/09\/11\/suben-a-2-700-los-muertos-por-el-terremoto-en-marruecos\/\" \/>\n<meta property=\"og:locale\" content=\"es_ES\" \/>\n<meta property=\"og:type\" content=\"article\" \/>\n<meta property=\"og:title\" content=\"SUBEN A 2.700 LOS MUERTOS POR EL TERREMOTO EN MARRUECOS - Apuntes de San Luis\" \/>\n<meta property=\"og:description\" content=\"El sismo ocurri\u00f3 en la noche del viernes y fue de magnitud 6,8 seg\u00fan los...\" \/>\n<meta property=\"og:url\" content=\"https:\/\/apuntesdesanluis.com\/index.php\/2023\/09\/11\/suben-a-2-700-los-muertos-por-el-terremoto-en-marruecos\/\" \/>\n<meta property=\"og:site_name\" content=\"Apuntes de San Luis\" \/>\n<meta property=\"article:published_time\" content=\"2023-09-11T20:47:17+00:00\" \/>\n<meta property=\"og:image\" content=\"https:\/\/apuntesdesanluis.com\/wp-content\/uploads\/2023\/09\/dolor.png\" \/>\n\t<meta property=\"og:image:width\" content=\"820\" \/>\n\t<meta property=\"og:image:height\" content=\"474\" \/>\n\t<meta property=\"og:image:type\" content=\"image\/png\" \/>\n<meta name=\"author\" content=\"apuntesdesanluis.com\" \/>\n<meta name=\"twitter:card\" content=\"summary_large_image\" \/>\n<meta name=\"twitter:label1\" content=\"Escrito por\" \/>\n\t<meta name=\"twitter:data1\" content=\"apuntesdesanluis.com\" \/>\n\t<meta name=\"twitter:label2\" content=\"Tiempo de lectura\" \/>\n\t<meta name=\"twitter:data2\" content=\"4 minutos\" \/>\n<script type=\"application\/ld+json\" class=\"yoast-schema-graph\">{\"@context\":\"https:\/\/schema.org\",\"@graph\":[{\"@type\":\"Article\",\"@id\":\"https:\/\/apuntesdesanluis.com\/index.php\/2023\/09\/11\/suben-a-2-700-los-muertos-por-el-terremoto-en-marruecos\/#article\",\"isPartOf\":{\"@id\":\"https:\/\/apuntesdesanluis.com\/index.php\/2023\/09\/11\/suben-a-2-700-los-muertos-por-el-terremoto-en-marruecos\/\"},\"author\":{\"name\":\"apuntesdesanluis.com\",\"@id\":\"https:\/\/apuntesdesanluis.com\/#\/schema\/person\/b55151d52296fcce64d1a72538a70b90\"},\"headline\":\"SUBEN A 2.700 LOS MUERTOS POR EL TERREMOTO EN MARRUECOS\",\"datePublished\":\"2023-09-11T20:47:17+00:00\",\"mainEntityOfPage\":{\"@id\":\"https:\/\/apuntesdesanluis.com\/index.php\/2023\/09\/11\/suben-a-2-700-los-muertos-por-el-terremoto-en-marruecos\/\"},\"wordCount\":757,\"publisher\":{\"@id\":\"https:\/\/apuntesdesanluis.com\/#\/schema\/person\/b55151d52296fcce64d1a72538a70b90\"},\"image\":{\"@id\":\"https:\/\/apuntesdesanluis.com\/index.php\/2023\/09\/11\/suben-a-2-700-los-muertos-por-el-terremoto-en-marruecos\/#primaryimage\"},\"thumbnailUrl\":\"https:\/\/apuntesdesanluis.com\/wp-content\/uploads\/2023\/09\/dolor.png\",\"articleSection\":[\"Nacionales\/Internacionales\"],\"inLanguage\":\"es-AR\"},{\"@type\":\"WebPage\",\"@id\":\"https:\/\/apuntesdesanluis.com\/index.php\/2023\/09\/11\/suben-a-2-700-los-muertos-por-el-terremoto-en-marruecos\/\",\"url\":\"https:\/\/apuntesdesanluis.com\/index.php\/2023\/09\/11\/suben-a-2-700-los-muertos-por-el-terremoto-en-marruecos\/\",\"name\":\"SUBEN A 2.700 LOS MUERTOS POR EL TERREMOTO EN MARRUECOS - Apuntes de San Luis\",\"isPartOf\":{\"@id\":\"https:\/\/apuntesdesanluis.com\/#website\"},\"primaryImageOfPage\":{\"@id\":\"https:\/\/apuntesdesanluis.com\/index.php\/2023\/09\/11\/suben-a-2-700-los-muertos-por-el-terremoto-en-marruecos\/#primaryimage\"},\"image\":{\"@id\":\"https:\/\/apuntesdesanluis.com\/index.php\/2023\/09\/11\/suben-a-2-700-los-muertos-por-el-terremoto-en-marruecos\/#primaryimage\"},\"thumbnailUrl\":\"https:\/\/apuntesdesanluis.com\/wp-content\/uploads\/2023\/09\/dolor.png\",\"datePublished\":\"2023-09-11T20:47:17+00:00\",\"breadcrumb\":{\"@id\":\"https:\/\/apuntesdesanluis.com\/index.php\/2023\/09\/11\/suben-a-2-700-los-muertos-por-el-terremoto-en-marruecos\/#breadcrumb\"},\"inLanguage\":\"es-AR\",\"potentialAction\":[{\"@type\":\"ReadAction\",\"target\":[\"https:\/\/apuntesdesanluis.com\/index.php\/2023\/09\/11\/suben-a-2-700-los-muertos-por-el-terremoto-en-marruecos\/\"]}]},{\"@type\":\"ImageObject\",\"inLanguage\":\"es-AR\",\"@id\":\"https:\/\/apuntesdesanluis.com\/index.php\/2023\/09\/11\/suben-a-2-700-los-muertos-por-el-terremoto-en-marruecos\/#primaryimage\",\"url\":\"https:\/\/apuntesdesanluis.com\/wp-content\/uploads\/2023\/09\/dolor.png\",\"contentUrl\":\"https:\/\/apuntesdesanluis.com\/wp-content\/uploads\/2023\/09\/dolor.png\",\"width\":820,\"height\":474},{\"@type\":\"BreadcrumbList\",\"@id\":\"https:\/\/apuntesdesanluis.com\/index.php\/2023\/09\/11\/suben-a-2-700-los-muertos-por-el-terremoto-en-marruecos\/#breadcrumb\",\"itemListElement\":[{\"@type\":\"ListItem\",\"position\":1,\"name\":\"Inicio\",\"item\":\"https:\/\/apuntesdesanluis.com\/\"},{\"@type\":\"ListItem\",\"position\":2,\"name\":\"SUBEN A 2.700 LOS MUERTOS POR EL TERREMOTO EN MARRUECOS\"}]},{\"@type\":\"WebSite\",\"@id\":\"https:\/\/apuntesdesanluis.com\/#website\",\"url\":\"https:\/\/apuntesdesanluis.com\/\",\"name\":\"Apuntes de San Luis\",\"description\":\"\",\"publisher\":{\"@id\":\"https:\/\/apuntesdesanluis.com\/#\/schema\/person\/b55151d52296fcce64d1a72538a70b90\"},\"potentialAction\":[{\"@type\":\"SearchAction\",\"target\":{\"@type\":\"EntryPoint\",\"urlTemplate\":\"https:\/\/apuntesdesanluis.com\/?s={search_term_string}\"},\"query-input\":{\"@type\":\"PropertyValueSpecification\",\"valueRequired\":true,\"valueName\":\"search_term_string\"}}],\"inLanguage\":\"es-AR\"},{\"@type\":[\"Person\",\"Organization\"],\"@id\":\"https:\/\/apuntesdesanluis.com\/#\/schema\/person\/b55151d52296fcce64d1a72538a70b90\",\"name\":\"apuntesdesanluis.com\",\"image\":{\"@type\":\"ImageObject\",\"inLanguage\":\"es-AR\",\"@id\":\"https:\/\/apuntesdesanluis.com\/#\/schema\/person\/image\/\",\"url\":\"https:\/\/apuntesdesanluis.com\/wp-content\/uploads\/2023\/07\/cropped-apuntesdesanluis.png\",\"contentUrl\":\"https:\/\/apuntesdesanluis.com\/wp-content\/uploads\/2023\/07\/cropped-apuntesdesanluis.png\",\"width\":450,\"height\":112,\"caption\":\"apuntesdesanluis.com\"},\"logo\":{\"@id\":\"https:\/\/apuntesdesanluis.com\/#\/schema\/person\/image\/\"},\"sameAs\":[\"https:\/\/apuntesdesanluis.com\"],\"url\":\"https:\/\/apuntesdesanluis.com\/index.php\/author\/apuntesdesanluis-com\/\"}]}<\/script>\n<!-- \/ Yoast SEO plugin. -->","yoast_head_json":{"title":"SUBEN A 2.700 LOS MUERTOS POR EL TERREMOTO EN MARRUECOS - Apuntes de San Luis","robots":{"index":"index","follow":"follow","max-snippet":"max-snippet:-1","max-image-preview":"max-image-preview:large","max-video-preview":"max-video-preview:-1"},"canonical":"https:\/\/apuntesdesanluis.com\/index.php\/2023\/09\/11\/suben-a-2-700-los-muertos-por-el-terremoto-en-marruecos\/","og_locale":"es_ES","og_type":"article","og_title":"SUBEN A 2.700 LOS MUERTOS POR EL TERREMOTO EN MARRUECOS - Apuntes de San Luis","og_description":"El sismo ocurri\u00f3 en la noche del viernes y fue de magnitud 6,8 seg\u00fan los...","og_url":"https:\/\/apuntesdesanluis.com\/index.php\/2023\/09\/11\/suben-a-2-700-los-muertos-por-el-terremoto-en-marruecos\/","og_site_name":"Apuntes de San Luis","article_published_time":"2023-09-11T20:47:17+00:00","og_image":[{"width":820,"height":474,"url":"https:\/\/apuntesdesanluis.com\/wp-content\/uploads\/2023\/09\/dolor.png","type":"image\/png"}],"author":"apuntesdesanluis.com","twitter_card":"summary_large_image","twitter_misc":{"Escrito por":"apuntesdesanluis.com","Tiempo de lectura":"4 minutos"},"schema":{"@context":"https:\/\/schema.org","@graph":[{"@type":"Article","@id":"https:\/\/apuntesdesanluis.com\/index.php\/2023\/09\/11\/suben-a-2-700-los-muertos-por-el-terremoto-en-marruecos\/#article","isPartOf":{"@id":"https:\/\/apuntesdesanluis.com\/index.php\/2023\/09\/11\/suben-a-2-700-los-muertos-por-el-terremoto-en-marruecos\/"},"author":{"name":"apuntesdesanluis.com","@id":"https:\/\/apuntesdesanluis.com\/#\/schema\/person\/b55151d52296fcce64d1a72538a70b90"},"headline":"SUBEN A 2.700 LOS MUERTOS POR EL TERREMOTO EN MARRUECOS","datePublished":"2023-09-11T20:47:17+00:00","mainEntityOfPage":{"@id":"https:\/\/apuntesdesanluis.com\/index.php\/2023\/09\/11\/suben-a-2-700-los-muertos-por-el-terremoto-en-marruecos\/"},"wordCount":757,"publisher":{"@id":"https:\/\/apuntesdesanluis.com\/#\/schema\/person\/b55151d52296fcce64d1a72538a70b90"},"image":{"@id":"https:\/\/apuntesdesanluis.com\/index.php\/2023\/09\/11\/suben-a-2-700-los-muertos-por-el-terremoto-en-marruecos\/#primaryimage"},"thumbnailUrl":"https:\/\/apuntesdesanluis.com\/wp-content\/uploads\/2023\/09\/dolor.png","articleSection":["Nacionales\/Internacionales"],"inLanguage":"es-AR"},{"@type":"WebPage","@id":"https:\/\/apuntesdesanluis.com\/index.php\/2023\/09\/11\/suben-a-2-700-los-muertos-por-el-terremoto-en-marruecos\/","url":"https:\/\/apuntesdesanluis.com\/index.php\/2023\/09\/11\/suben-a-2-700-los-muertos-por-el-terremoto-en-marruecos\/","name":"SUBEN A 2.700 LOS MUERTOS POR EL TERREMOTO EN MARRUECOS - Apuntes de San Luis","isPartOf":{"@id":"https:\/\/apuntesdesanluis.com\/#website"},"primaryImageOfPage":{"@id":"https:\/\/apuntesdesanluis.com\/index.php\/2023\/09\/11\/suben-a-2-700-los-muertos-por-el-terremoto-en-marruecos\/#primaryimage"},"image":{"@id":"https:\/\/apuntesdesanluis.com\/index.php\/2023\/09\/11\/suben-a-2-700-los-muertos-por-el-terremoto-en-marruecos\/#primaryimage"},"thumbnailUrl":"https:\/\/apuntesdesanluis.com\/wp-content\/uploads\/2023\/09\/dolor.png","datePublished":"2023-09-11T20:47:17+00:00","breadcrumb":{"@id":"https:\/\/apuntesdesanluis.com\/index.php\/2023\/09\/11\/suben-a-2-700-los-muertos-por-el-terremoto-en-marruecos\/#breadcrumb"},"inLanguage":"es-AR","potentialAction":[{"@type":"ReadAction","target":["https:\/\/apuntesdesanluis.com\/index.php\/2023\/09\/11\/suben-a-2-700-los-muertos-por-el-terremoto-en-marruecos\/"]}]},{"@type":"ImageObject","inLanguage":"es-AR","@id":"https:\/\/apuntesdesanluis.com\/index.php\/2023\/09\/11\/suben-a-2-700-los-muertos-por-el-terremoto-en-marruecos\/#primaryimage","url":"https:\/\/apuntesdesanluis.com\/wp-content\/uploads\/2023\/09\/dolor.png","contentUrl":"https:\/\/apuntesdesanluis.com\/wp-content\/uploads\/2023\/09\/dolor.png","width":820,"height":474},{"@type":"BreadcrumbList","@id":"https:\/\/apuntesdesanluis.com\/index.php\/2023\/09\/11\/suben-a-2-700-los-muertos-por-el-terremoto-en-marruecos\/#breadcrumb","itemListElement":[{"@type":"ListItem","position":1,"name":"Inicio","item":"https:\/\/apuntesdesanluis.com\/"},{"@type":"ListItem","position":2,"name":"SUBEN A 2.700 LOS MUERTOS POR EL TERREMOTO EN MARRUECOS"}]},{"@type":"WebSite","@id":"https:\/\/apuntesdesanluis.com\/#website","url":"https:\/\/apuntesdesanluis.com\/","name":"Apuntes de San Luis","description":"","publisher":{"@id":"https:\/\/apuntesdesanluis.com\/#\/schema\/person\/b55151d52296fcce64d1a72538a70b90"},"potentialAction":[{"@type":"SearchAction","target":{"@type":"EntryPoint","urlTemplate":"https:\/\/apuntesdesanluis.com\/?s={search_term_string}"},"query-input":{"@type":"PropertyValueSpecification","valueRequired":true,"valueName":"search_term_string"}}],"inLanguage":"es-AR"},{"@type":["Person","Organization"],"@id":"https:\/\/apuntesdesanluis.com\/#\/schema\/person\/b55151d52296fcce64d1a72538a70b90","name":"apuntesdesanluis.com","image":{"@type":"ImageObject","inLanguage":"es-AR","@id":"https:\/\/apuntesdesanluis.com\/#\/schema\/person\/image\/","url":"https:\/\/apuntesdesanluis.com\/wp-content\/uploads\/2023\/07\/cropped-apuntesdesanluis.png","contentUrl":"https:\/\/apuntesdesanluis.com\/wp-content\/uploads\/2023\/07\/cropped-apuntesdesanluis.png","width":450,"height":112,"caption":"apuntesdesanluis.com"},"logo":{"@id":"https:\/\/apuntesdesanluis.com\/#\/schema\/person\/image\/"},"sameAs":["https:\/\/apuntesdesanluis.com"],"url":"https:\/\/apuntesdesanluis.com\/index.php\/author\/apuntesdesanluis-com\/"}]}},"featured_image_urls":{"full":["https:\/\/apuntesdesanluis.com\/wp-content\/uploads\/2023\/09\/dolor.png",820,474,false],"thumbnail":["https:\/\/apuntesdesanluis.com\/wp-content\/uploads\/2023\/09\/dolor-150x150.png",150,150,true],"medium":["https:\/\/apuntesdesanluis.com\/wp-content\/uploads\/2023\/09\/dolor-300x173.png",300,173,true],"medium_large":["https:\/\/apuntesdesanluis.com\/wp-content\/uploads\/2023\/09\/dolor-768x444.png",640,370,true],"large":["https:\/\/apuntesdesanluis.com\/wp-content\/uploads\/2023\/09\/dolor.png",640,370,false],"1536x1536":["https:\/\/apuntesdesanluis.com\/wp-content\/uploads\/2023\/09\/dolor.png",820,474,false],"2048x2048":["https:\/\/apuntesdesanluis.com\/wp-content\/uploads\/2023\/09\/dolor.png",820,474,false],"newsever-slider-full":["https:\/\/apuntesdesanluis.com\/wp-content\/uploads\/2023\/09\/dolor.png",820,474,false],"newsever-featured":["https:\/\/apuntesdesanluis.com\/wp-content\/uploads\/2023\/09\/dolor.png",820,474,false],"newsever-medium":["https:\/\/apuntesdesanluis.com\/wp-content\/uploads\/2023\/09\/dolor-720x474.png",720,474,true]},"author_info":{"display_name":"apuntesdesanluis.com","author_link":"https:\/\/apuntesdesanluis.com\/index.php\/author\/apuntesdesanluis-com\/"},"category_info":"<a href=\"https:\/\/apuntesdesanluis.com\/index.php\/category\/nacionales-internacionales\/\" rel=\"category tag\">Nacionales\/Internacionales<\/a>","tag_info":"Nacionales\/Internacionales","comment_count":"0","_links":{"self":[{"href":"https:\/\/apuntesdesanluis.com\/index.php\/wp-json\/wp\/v2\/posts\/3086","targetHints":{"allow":["GET"]}}],"collection":[{"href":"https:\/\/apuntesdesanluis.com\/index.php\/wp-json\/wp\/v2\/posts"}],"about":[{"href":"https:\/\/apuntesdesanluis.com\/index.php\/wp-json\/wp\/v2\/types\/post"}],"author":[{"embeddable":true,"href":"https:\/\/apuntesdesanluis.com\/index.php\/wp-json\/wp\/v2\/users\/1"}],"replies":[{"embeddable":true,"href":"https:\/\/apuntesdesanluis.com\/index.php\/wp-json\/wp\/v2\/comments?post=3086"}],"version-history":[{"count":1,"href":"https:\/\/apuntesdesanluis.com\/index.php\/wp-json\/wp\/v2\/posts\/3086\/revisions"}],"predecessor-version":[{"id":3089,"href":"https:\/\/apuntesdesanluis.com\/index.php\/wp-json\/wp\/v2\/posts\/3086\/revisions\/3089"}],"wp:featuredmedia":[{"embeddable":true,"href":"https:\/\/apuntesdesanluis.com\/index.php\/wp-json\/wp\/v2\/media\/3087"}],"wp:attachment":[{"href":"https:\/\/apuntesdesanluis.com\/index.php\/wp-json\/wp\/v2\/media?parent=3086"}],"wp:term":[{"taxonomy":"category","embeddable":true,"href":"https:\/\/apuntesdesanluis.com\/index.php\/wp-json\/wp\/v2\/categories?post=3086"},{"taxonomy":"post_tag","embeddable":true,"href":"https:\/\/apuntesdesanluis.com\/index.php\/wp-json\/wp\/v2\/tags?post=3086"}],"curies":[{"name":"wp","href":"https:\/\/api.w.org\/{rel}","templated":true}]}}