{"id":30870,"date":"2025-03-26T11:52:00","date_gmt":"2025-03-26T14:52:00","guid":{"rendered":"https:\/\/apuntesdesanluis.com\/?p=30870"},"modified":"2025-03-26T11:52:00","modified_gmt":"2025-03-26T14:52:00","slug":"prision-preventiva-para-el-hombre-que-golpeo-con-una-maza-a-su-companero-de-trabajo","status":"publish","type":"post","link":"https:\/\/apuntesdesanluis.com\/index.php\/2025\/03\/26\/prision-preventiva-para-el-hombre-que-golpeo-con-una-maza-a-su-companero-de-trabajo\/","title":{"rendered":"PRISI\u00d3N PREVENTIVA PARA EL HOMBRE QUE GOLPE\u00d3 CON UNA MAZA A SU COMPA\u00d1ERO DE TRABAJO"},"content":{"rendered":"<h3>El Juez de Garant\u00eda N\u00ba 1 de la Tercera Circunscripci\u00f3n Judicial, Nicol\u00e1s Dami\u00e1n Coppola, orden\u00f3 la prisi\u00f3n preventiva por un plazo de 90 d\u00edas para <strong>Kevin Nahuel Merlo<\/strong>, acusado de golpear con una maza a su compa\u00f1ero de trabajo, <strong>Alexis Ibarra<\/strong>, a la salida de su jornada laboral.<\/h3>\n<h3>El hecho ocurri\u00f3 el pasado 11 de marzo en una f\u00e1brica de tarimas ubicada en una ex molienda de la localidad de Naschel, cuando Ibarra fue atacado por Merlo, quien brutalmente lo golpe\u00f3 con una maza por detr\u00e1s, ocasion\u00e1ndole desprendimiento de masa encef\u00e1lica y m\u00faltiples fracturas.<\/h3>\n<h3>El Ministerio P\u00fablico Fiscal representado por el Fiscal de Instrucci\u00f3n N\u00ba 1, C\u00e9sar Hugo Salazar Molina y la Fiscal Adjunta, Andrea Yamil Aguilar, solicit\u00f3 la prisi\u00f3n preventiva para Merlo por el t\u00e9rmino de 120 d\u00edas, por el delito \u201cTentativa de Homicidio calificado por alevos\u00eda\u201d (Art. 80 inc. 242 y 45 del C.P.). El abogado de la querella, Esteban Busto Bridaroli, adhiri\u00f3 a dicho requerimiento.<\/h3>\n<h3>A su turno, la Defensa de Merlo ejercida por el abogado Orlando Villegas manifest\u00f3 su teor\u00eda del caso y ofreci\u00f3 como elementos de prueba: un croquis del lugar del hecho, una videograbaci\u00f3n y un requerimiento de informe solicitado al Hospital \u201cDr. Ram\u00f3n Carrillo\u201d, donde se encuentra internado el damnificado. Adem\u00e1s, consider\u00f3 excesivo el plazo de la medida de coerci\u00f3n solicitada por la Fiscal\u00eda para su defendido, por lo que pidi\u00f3 que se considerara un plazo menor.<\/h3>\n<h3>Escuchadas las partes, el Juez interviniente dispuso 90 d\u00edas de prisi\u00f3n preventiva y orden\u00f3 el traslado de Merlo al Servicio Penitenciario Provincial.<\/h3>\n<h3><\/h3>\n<p>&nbsp;<\/p>\n<p>&nbsp;<\/p>\n<p>&nbsp;<\/p>\n<h3><\/h3>\n<h3><\/h3>\n","protected":false},"excerpt":{"rendered":"<p>El Juez de Garant\u00eda N\u00ba 1 de la Tercera Circunscripci\u00f3n Judicial, Nicol\u00e1s Dami\u00e1n Coppola, orden\u00f3&#8230;<\/p>\n","protected":false},"author":1,"featured_media":30871,"comment_status":"closed","ping_status":"closed","sticky":false,"template":"","format":"standard","meta":{"footnotes":""},"categories":[6],"tags":[],"class_list":["post-30870","post","type-post","status-publish","format-standard","has-post-thumbnail","hentry","category-ciudad-provincia"],"yoast_head":"<!-- This site is optimized with the Yoast SEO plugin v26.1.1 - https:\/\/yoast.com\/wordpress\/plugins\/seo\/ -->\n<title>PRISI\u00d3N PREVENTIVA PARA EL HOMBRE QUE GOLPE\u00d3 CON UNA MAZA A SU COMPA\u00d1ERO DE TRABAJO - Apuntes de San Luis<\/title>\n<meta name=\"robots\" content=\"index, follow, max-snippet:-1, max-image-preview:large, max-video-preview:-1\" \/>\n<link rel=\"canonical\" href=\"https:\/\/apuntesdesanluis.com\/index.php\/2025\/03\/26\/prision-preventiva-para-el-hombre-que-golpeo-con-una-maza-a-su-companero-de-trabajo\/\" \/>\n<meta property=\"og:locale\" content=\"es_ES\" \/>\n<meta property=\"og:type\" content=\"article\" \/>\n<meta property=\"og:title\" content=\"PRISI\u00d3N PREVENTIVA PARA EL HOMBRE QUE GOLPE\u00d3 CON UNA MAZA A SU COMPA\u00d1ERO DE TRABAJO - Apuntes de San Luis\" \/>\n<meta property=\"og:description\" content=\"El Juez de Garant\u00eda N\u00ba 1 de la Tercera Circunscripci\u00f3n Judicial, Nicol\u00e1s Dami\u00e1n Coppola, orden\u00f3...\" \/>\n<meta property=\"og:url\" content=\"https:\/\/apuntesdesanluis.com\/index.php\/2025\/03\/26\/prision-preventiva-para-el-hombre-que-golpeo-con-una-maza-a-su-companero-de-trabajo\/\" \/>\n<meta property=\"og:site_name\" content=\"Apuntes de San Luis\" \/>\n<meta property=\"article:published_time\" content=\"2025-03-26T14:52:00+00:00\" \/>\n<meta property=\"og:image\" content=\"https:\/\/apuntesdesanluis.com\/wp-content\/uploads\/2025\/03\/naschel.png\" \/>\n\t<meta property=\"og:image:width\" content=\"691\" \/>\n\t<meta property=\"og:image:height\" content=\"399\" \/>\n\t<meta property=\"og:image:type\" content=\"image\/png\" \/>\n<meta name=\"author\" content=\"apuntesdesanluis.com\" \/>\n<meta name=\"twitter:card\" content=\"summary_large_image\" \/>\n<meta name=\"twitter:label1\" content=\"Escrito por\" \/>\n\t<meta name=\"twitter:data1\" content=\"apuntesdesanluis.com\" \/>\n\t<meta name=\"twitter:label2\" content=\"Tiempo de lectura\" \/>\n\t<meta name=\"twitter:data2\" content=\"2 minutos\" \/>\n<script type=\"application\/ld+json\" class=\"yoast-schema-graph\">{\"@context\":\"https:\/\/schema.org\",\"@graph\":[{\"@type\":\"Article\",\"@id\":\"https:\/\/apuntesdesanluis.com\/index.php\/2025\/03\/26\/prision-preventiva-para-el-hombre-que-golpeo-con-una-maza-a-su-companero-de-trabajo\/#article\",\"isPartOf\":{\"@id\":\"https:\/\/apuntesdesanluis.com\/index.php\/2025\/03\/26\/prision-preventiva-para-el-hombre-que-golpeo-con-una-maza-a-su-companero-de-trabajo\/\"},\"author\":{\"name\":\"apuntesdesanluis.com\",\"@id\":\"https:\/\/apuntesdesanluis.com\/#\/schema\/person\/b55151d52296fcce64d1a72538a70b90\"},\"headline\":\"PRISI\u00d3N PREVENTIVA PARA EL HOMBRE QUE GOLPE\u00d3 CON UNA MAZA A SU COMPA\u00d1ERO DE TRABAJO\",\"datePublished\":\"2025-03-26T14:52:00+00:00\",\"mainEntityOfPage\":{\"@id\":\"https:\/\/apuntesdesanluis.com\/index.php\/2025\/03\/26\/prision-preventiva-para-el-hombre-que-golpeo-con-una-maza-a-su-companero-de-trabajo\/\"},\"wordCount\":295,\"publisher\":{\"@id\":\"https:\/\/apuntesdesanluis.com\/#\/schema\/person\/b55151d52296fcce64d1a72538a70b90\"},\"image\":{\"@id\":\"https:\/\/apuntesdesanluis.com\/index.php\/2025\/03\/26\/prision-preventiva-para-el-hombre-que-golpeo-con-una-maza-a-su-companero-de-trabajo\/#primaryimage\"},\"thumbnailUrl\":\"https:\/\/apuntesdesanluis.com\/wp-content\/uploads\/2025\/03\/naschel.png\",\"articleSection\":[\"Ciudad\/Provincia\"],\"inLanguage\":\"es-AR\"},{\"@type\":\"WebPage\",\"@id\":\"https:\/\/apuntesdesanluis.com\/index.php\/2025\/03\/26\/prision-preventiva-para-el-hombre-que-golpeo-con-una-maza-a-su-companero-de-trabajo\/\",\"url\":\"https:\/\/apuntesdesanluis.com\/index.php\/2025\/03\/26\/prision-preventiva-para-el-hombre-que-golpeo-con-una-maza-a-su-companero-de-trabajo\/\",\"name\":\"PRISI\u00d3N PREVENTIVA PARA EL HOMBRE QUE GOLPE\u00d3 CON UNA MAZA A SU COMPA\u00d1ERO DE TRABAJO - Apuntes de San Luis\",\"isPartOf\":{\"@id\":\"https:\/\/apuntesdesanluis.com\/#website\"},\"primaryImageOfPage\":{\"@id\":\"https:\/\/apuntesdesanluis.com\/index.php\/2025\/03\/26\/prision-preventiva-para-el-hombre-que-golpeo-con-una-maza-a-su-companero-de-trabajo\/#primaryimage\"},\"image\":{\"@id\":\"https:\/\/apuntesdesanluis.com\/index.php\/2025\/03\/26\/prision-preventiva-para-el-hombre-que-golpeo-con-una-maza-a-su-companero-de-trabajo\/#primaryimage\"},\"thumbnailUrl\":\"https:\/\/apuntesdesanluis.com\/wp-content\/uploads\/2025\/03\/naschel.png\",\"datePublished\":\"2025-03-26T14:52:00+00:00\",\"breadcrumb\":{\"@id\":\"https:\/\/apuntesdesanluis.com\/index.php\/2025\/03\/26\/prision-preventiva-para-el-hombre-que-golpeo-con-una-maza-a-su-companero-de-trabajo\/#breadcrumb\"},\"inLanguage\":\"es-AR\",\"potentialAction\":[{\"@type\":\"ReadAction\",\"target\":[\"https:\/\/apuntesdesanluis.com\/index.php\/2025\/03\/26\/prision-preventiva-para-el-hombre-que-golpeo-con-una-maza-a-su-companero-de-trabajo\/\"]}]},{\"@type\":\"ImageObject\",\"inLanguage\":\"es-AR\",\"@id\":\"https:\/\/apuntesdesanluis.com\/index.php\/2025\/03\/26\/prision-preventiva-para-el-hombre-que-golpeo-con-una-maza-a-su-companero-de-trabajo\/#primaryimage\",\"url\":\"https:\/\/apuntesdesanluis.com\/wp-content\/uploads\/2025\/03\/naschel.png\",\"contentUrl\":\"https:\/\/apuntesdesanluis.com\/wp-content\/uploads\/2025\/03\/naschel.png\",\"width\":691,\"height\":399},{\"@type\":\"BreadcrumbList\",\"@id\":\"https:\/\/apuntesdesanluis.com\/index.php\/2025\/03\/26\/prision-preventiva-para-el-hombre-que-golpeo-con-una-maza-a-su-companero-de-trabajo\/#breadcrumb\",\"itemListElement\":[{\"@type\":\"ListItem\",\"position\":1,\"name\":\"Inicio\",\"item\":\"https:\/\/apuntesdesanluis.com\/\"},{\"@type\":\"ListItem\",\"position\":2,\"name\":\"PRISI\u00d3N PREVENTIVA PARA EL HOMBRE QUE GOLPE\u00d3 CON UNA MAZA A SU COMPA\u00d1ERO DE TRABAJO\"}]},{\"@type\":\"WebSite\",\"@id\":\"https:\/\/apuntesdesanluis.com\/#website\",\"url\":\"https:\/\/apuntesdesanluis.com\/\",\"name\":\"Apuntes de San Luis\",\"description\":\"\",\"publisher\":{\"@id\":\"https:\/\/apuntesdesanluis.com\/#\/schema\/person\/b55151d52296fcce64d1a72538a70b90\"},\"potentialAction\":[{\"@type\":\"SearchAction\",\"target\":{\"@type\":\"EntryPoint\",\"urlTemplate\":\"https:\/\/apuntesdesanluis.com\/?s={search_term_string}\"},\"query-input\":{\"@type\":\"PropertyValueSpecification\",\"valueRequired\":true,\"valueName\":\"search_term_string\"}}],\"inLanguage\":\"es-AR\"},{\"@type\":[\"Person\",\"Organization\"],\"@id\":\"https:\/\/apuntesdesanluis.com\/#\/schema\/person\/b55151d52296fcce64d1a72538a70b90\",\"name\":\"apuntesdesanluis.com\",\"image\":{\"@type\":\"ImageObject\",\"inLanguage\":\"es-AR\",\"@id\":\"https:\/\/apuntesdesanluis.com\/#\/schema\/person\/image\/\",\"url\":\"https:\/\/apuntesdesanluis.com\/wp-content\/uploads\/2023\/07\/cropped-apuntesdesanluis.png\",\"contentUrl\":\"https:\/\/apuntesdesanluis.com\/wp-content\/uploads\/2023\/07\/cropped-apuntesdesanluis.png\",\"width\":450,\"height\":112,\"caption\":\"apuntesdesanluis.com\"},\"logo\":{\"@id\":\"https:\/\/apuntesdesanluis.com\/#\/schema\/person\/image\/\"},\"sameAs\":[\"https:\/\/apuntesdesanluis.com\"],\"url\":\"https:\/\/apuntesdesanluis.com\/index.php\/author\/apuntesdesanluis-com\/\"}]}<\/script>\n<!-- \/ Yoast SEO plugin. -->","yoast_head_json":{"title":"PRISI\u00d3N PREVENTIVA PARA EL HOMBRE QUE GOLPE\u00d3 CON UNA MAZA A SU COMPA\u00d1ERO DE TRABAJO - Apuntes de San Luis","robots":{"index":"index","follow":"follow","max-snippet":"max-snippet:-1","max-image-preview":"max-image-preview:large","max-video-preview":"max-video-preview:-1"},"canonical":"https:\/\/apuntesdesanluis.com\/index.php\/2025\/03\/26\/prision-preventiva-para-el-hombre-que-golpeo-con-una-maza-a-su-companero-de-trabajo\/","og_locale":"es_ES","og_type":"article","og_title":"PRISI\u00d3N PREVENTIVA PARA EL HOMBRE QUE GOLPE\u00d3 CON UNA MAZA A SU COMPA\u00d1ERO DE TRABAJO - Apuntes de San Luis","og_description":"El Juez de Garant\u00eda N\u00ba 1 de la Tercera Circunscripci\u00f3n Judicial, Nicol\u00e1s Dami\u00e1n Coppola, orden\u00f3...","og_url":"https:\/\/apuntesdesanluis.com\/index.php\/2025\/03\/26\/prision-preventiva-para-el-hombre-que-golpeo-con-una-maza-a-su-companero-de-trabajo\/","og_site_name":"Apuntes de San Luis","article_published_time":"2025-03-26T14:52:00+00:00","og_image":[{"width":691,"height":399,"url":"https:\/\/apuntesdesanluis.com\/wp-content\/uploads\/2025\/03\/naschel.png","type":"image\/png"}],"author":"apuntesdesanluis.com","twitter_card":"summary_large_image","twitter_misc":{"Escrito por":"apuntesdesanluis.com","Tiempo de lectura":"2 minutos"},"schema":{"@context":"https:\/\/schema.org","@graph":[{"@type":"Article","@id":"https:\/\/apuntesdesanluis.com\/index.php\/2025\/03\/26\/prision-preventiva-para-el-hombre-que-golpeo-con-una-maza-a-su-companero-de-trabajo\/#article","isPartOf":{"@id":"https:\/\/apuntesdesanluis.com\/index.php\/2025\/03\/26\/prision-preventiva-para-el-hombre-que-golpeo-con-una-maza-a-su-companero-de-trabajo\/"},"author":{"name":"apuntesdesanluis.com","@id":"https:\/\/apuntesdesanluis.com\/#\/schema\/person\/b55151d52296fcce64d1a72538a70b90"},"headline":"PRISI\u00d3N PREVENTIVA PARA EL HOMBRE QUE GOLPE\u00d3 CON UNA MAZA A SU COMPA\u00d1ERO DE TRABAJO","datePublished":"2025-03-26T14:52:00+00:00","mainEntityOfPage":{"@id":"https:\/\/apuntesdesanluis.com\/index.php\/2025\/03\/26\/prision-preventiva-para-el-hombre-que-golpeo-con-una-maza-a-su-companero-de-trabajo\/"},"wordCount":295,"publisher":{"@id":"https:\/\/apuntesdesanluis.com\/#\/schema\/person\/b55151d52296fcce64d1a72538a70b90"},"image":{"@id":"https:\/\/apuntesdesanluis.com\/index.php\/2025\/03\/26\/prision-preventiva-para-el-hombre-que-golpeo-con-una-maza-a-su-companero-de-trabajo\/#primaryimage"},"thumbnailUrl":"https:\/\/apuntesdesanluis.com\/wp-content\/uploads\/2025\/03\/naschel.png","articleSection":["Ciudad\/Provincia"],"inLanguage":"es-AR"},{"@type":"WebPage","@id":"https:\/\/apuntesdesanluis.com\/index.php\/2025\/03\/26\/prision-preventiva-para-el-hombre-que-golpeo-con-una-maza-a-su-companero-de-trabajo\/","url":"https:\/\/apuntesdesanluis.com\/index.php\/2025\/03\/26\/prision-preventiva-para-el-hombre-que-golpeo-con-una-maza-a-su-companero-de-trabajo\/","name":"PRISI\u00d3N PREVENTIVA PARA EL HOMBRE QUE GOLPE\u00d3 CON UNA MAZA A SU COMPA\u00d1ERO DE TRABAJO - Apuntes de San Luis","isPartOf":{"@id":"https:\/\/apuntesdesanluis.com\/#website"},"primaryImageOfPage":{"@id":"https:\/\/apuntesdesanluis.com\/index.php\/2025\/03\/26\/prision-preventiva-para-el-hombre-que-golpeo-con-una-maza-a-su-companero-de-trabajo\/#primaryimage"},"image":{"@id":"https:\/\/apuntesdesanluis.com\/index.php\/2025\/03\/26\/prision-preventiva-para-el-hombre-que-golpeo-con-una-maza-a-su-companero-de-trabajo\/#primaryimage"},"thumbnailUrl":"https:\/\/apuntesdesanluis.com\/wp-content\/uploads\/2025\/03\/naschel.png","datePublished":"2025-03-26T14:52:00+00:00","breadcrumb":{"@id":"https:\/\/apuntesdesanluis.com\/index.php\/2025\/03\/26\/prision-preventiva-para-el-hombre-que-golpeo-con-una-maza-a-su-companero-de-trabajo\/#breadcrumb"},"inLanguage":"es-AR","potentialAction":[{"@type":"ReadAction","target":["https:\/\/apuntesdesanluis.com\/index.php\/2025\/03\/26\/prision-preventiva-para-el-hombre-que-golpeo-con-una-maza-a-su-companero-de-trabajo\/"]}]},{"@type":"ImageObject","inLanguage":"es-AR","@id":"https:\/\/apuntesdesanluis.com\/index.php\/2025\/03\/26\/prision-preventiva-para-el-hombre-que-golpeo-con-una-maza-a-su-companero-de-trabajo\/#primaryimage","url":"https:\/\/apuntesdesanluis.com\/wp-content\/uploads\/2025\/03\/naschel.png","contentUrl":"https:\/\/apuntesdesanluis.com\/wp-content\/uploads\/2025\/03\/naschel.png","width":691,"height":399},{"@type":"BreadcrumbList","@id":"https:\/\/apuntesdesanluis.com\/index.php\/2025\/03\/26\/prision-preventiva-para-el-hombre-que-golpeo-con-una-maza-a-su-companero-de-trabajo\/#breadcrumb","itemListElement":[{"@type":"ListItem","position":1,"name":"Inicio","item":"https:\/\/apuntesdesanluis.com\/"},{"@type":"ListItem","position":2,"name":"PRISI\u00d3N PREVENTIVA PARA EL HOMBRE QUE GOLPE\u00d3 CON UNA MAZA A SU COMPA\u00d1ERO DE TRABAJO"}]},{"@type":"WebSite","@id":"https:\/\/apuntesdesanluis.com\/#website","url":"https:\/\/apuntesdesanluis.com\/","name":"Apuntes de San Luis","description":"","publisher":{"@id":"https:\/\/apuntesdesanluis.com\/#\/schema\/person\/b55151d52296fcce64d1a72538a70b90"},"potentialAction":[{"@type":"SearchAction","target":{"@type":"EntryPoint","urlTemplate":"https:\/\/apuntesdesanluis.com\/?s={search_term_string}"},"query-input":{"@type":"PropertyValueSpecification","valueRequired":true,"valueName":"search_term_string"}}],"inLanguage":"es-AR"},{"@type":["Person","Organization"],"@id":"https:\/\/apuntesdesanluis.com\/#\/schema\/person\/b55151d52296fcce64d1a72538a70b90","name":"apuntesdesanluis.com","image":{"@type":"ImageObject","inLanguage":"es-AR","@id":"https:\/\/apuntesdesanluis.com\/#\/schema\/person\/image\/","url":"https:\/\/apuntesdesanluis.com\/wp-content\/uploads\/2023\/07\/cropped-apuntesdesanluis.png","contentUrl":"https:\/\/apuntesdesanluis.com\/wp-content\/uploads\/2023\/07\/cropped-apuntesdesanluis.png","width":450,"height":112,"caption":"apuntesdesanluis.com"},"logo":{"@id":"https:\/\/apuntesdesanluis.com\/#\/schema\/person\/image\/"},"sameAs":["https:\/\/apuntesdesanluis.com"],"url":"https:\/\/apuntesdesanluis.com\/index.php\/author\/apuntesdesanluis-com\/"}]}},"featured_image_urls":{"full":["https:\/\/apuntesdesanluis.com\/wp-content\/uploads\/2025\/03\/naschel.png",691,399,false],"thumbnail":["https:\/\/apuntesdesanluis.com\/wp-content\/uploads\/2025\/03\/naschel-150x150.png",150,150,true],"medium":["https:\/\/apuntesdesanluis.com\/wp-content\/uploads\/2025\/03\/naschel-300x173.png",300,173,true],"medium_large":["https:\/\/apuntesdesanluis.com\/wp-content\/uploads\/2025\/03\/naschel.png",640,370,false],"large":["https:\/\/apuntesdesanluis.com\/wp-content\/uploads\/2025\/03\/naschel.png",640,370,false],"1536x1536":["https:\/\/apuntesdesanluis.com\/wp-content\/uploads\/2025\/03\/naschel.png",691,399,false],"2048x2048":["https:\/\/apuntesdesanluis.com\/wp-content\/uploads\/2025\/03\/naschel.png",691,399,false],"newsever-slider-full":["https:\/\/apuntesdesanluis.com\/wp-content\/uploads\/2025\/03\/naschel.png",691,399,false],"newsever-featured":["https:\/\/apuntesdesanluis.com\/wp-content\/uploads\/2025\/03\/naschel.png",691,399,false],"newsever-medium":["https:\/\/apuntesdesanluis.com\/wp-content\/uploads\/2025\/03\/naschel.png",691,399,false]},"author_info":{"display_name":"apuntesdesanluis.com","author_link":"https:\/\/apuntesdesanluis.com\/index.php\/author\/apuntesdesanluis-com\/"},"category_info":"<a href=\"https:\/\/apuntesdesanluis.com\/index.php\/category\/ciudad-provincia\/\" rel=\"category tag\">Ciudad\/Provincia<\/a>","tag_info":"Ciudad\/Provincia","comment_count":"0","_links":{"self":[{"href":"https:\/\/apuntesdesanluis.com\/index.php\/wp-json\/wp\/v2\/posts\/30870","targetHints":{"allow":["GET"]}}],"collection":[{"href":"https:\/\/apuntesdesanluis.com\/index.php\/wp-json\/wp\/v2\/posts"}],"about":[{"href":"https:\/\/apuntesdesanluis.com\/index.php\/wp-json\/wp\/v2\/types\/post"}],"author":[{"embeddable":true,"href":"https:\/\/apuntesdesanluis.com\/index.php\/wp-json\/wp\/v2\/users\/1"}],"replies":[{"embeddable":true,"href":"https:\/\/apuntesdesanluis.com\/index.php\/wp-json\/wp\/v2\/comments?post=30870"}],"version-history":[{"count":1,"href":"https:\/\/apuntesdesanluis.com\/index.php\/wp-json\/wp\/v2\/posts\/30870\/revisions"}],"predecessor-version":[{"id":30872,"href":"https:\/\/apuntesdesanluis.com\/index.php\/wp-json\/wp\/v2\/posts\/30870\/revisions\/30872"}],"wp:featuredmedia":[{"embeddable":true,"href":"https:\/\/apuntesdesanluis.com\/index.php\/wp-json\/wp\/v2\/media\/30871"}],"wp:attachment":[{"href":"https:\/\/apuntesdesanluis.com\/index.php\/wp-json\/wp\/v2\/media?parent=30870"}],"wp:term":[{"taxonomy":"category","embeddable":true,"href":"https:\/\/apuntesdesanluis.com\/index.php\/wp-json\/wp\/v2\/categories?post=30870"},{"taxonomy":"post_tag","embeddable":true,"href":"https:\/\/apuntesdesanluis.com\/index.php\/wp-json\/wp\/v2\/tags?post=30870"}],"curies":[{"name":"wp","href":"https:\/\/api.w.org\/{rel}","templated":true}]}}