{"id":30873,"date":"2025-03-26T14:06:20","date_gmt":"2025-03-26T17:06:20","guid":{"rendered":"https:\/\/apuntesdesanluis.com\/?p=30873"},"modified":"2025-03-26T14:06:20","modified_gmt":"2025-03-26T17:06:20","slug":"caso-molino-fenix-otro-reves-judicial-para-joaquin-beltran","status":"publish","type":"post","link":"https:\/\/apuntesdesanluis.com\/index.php\/2025\/03\/26\/caso-molino-fenix-otro-reves-judicial-para-joaquin-beltran\/","title":{"rendered":"CASO MOLINO F\u00c9NIX: OTRO REV\u00c9S JUDICIAL PARA JOAQU\u00cdN BELTR\u00c1N"},"content":{"rendered":"<h3>El Tribunal de Impugnaci\u00f3n de la Segunda y Tercera Circunscripci\u00f3n Judicial rechaz\u00f3 el recurso de apelaci\u00f3n deducido por la defensa de <strong>Joaqu\u00edn Beltr\u00e1n<\/strong> y confirm\u00f3 lo resuelto por el Juez de Garant\u00edas N\u00ba 4 de la Segunda Circunscripci\u00f3n Judicial en la audiencia celebrada el pasado 21 de febrero.<\/h3>\n<h3>Mediante el Auto Interlocutorio N\u00ba 20, el Tribunal de Impugnaci\u00f3n \u2013 integrado por los Dres. Hern\u00e1n Diego Herrera, Marcelo Bustamante Marone y por la Dra. Mar\u00eda Monserrath Bocca dio a conocer la resoluci\u00f3n frente al planteo de nulidad planteada por la Defensa de uno de los imputados en la causa.<\/h3>\n<h3>Cabe recordar que en la audiencia realizada el pasado 21 de febrero la Defensa de Joaqu\u00edn Beltr\u00e1n \u2013 ejercida por los Dres. Gonzalo Estrada y Carlos Cobo \u2013 plante\u00f3 la nulidad de la denuncia realizada por un ex funcionario del gobierno, que estaba a cargo del Molino F\u00e9nix.\u00a0 Entre sus extensos argumentos, consideraron la falta de ratificaci\u00f3n de la denuncia y que la misma no reflejaba una manifestaci\u00f3n genuina de voluntad del denunciante. (Ver aqu\u00ed: <a href=\"https:\/\/www.periodicojudicial.gov.ar\/caso-molino-fenix-plantearon-la-recusacion-del-juez\/\">https:\/\/www.periodicojudicial.gov.ar\/caso-molino-fenix-plantearon-la-recusacion-del-juez\/<\/a>)<\/h3>\n<h3>En aquella oportunidad, luego del traslado a las otras partes intervinientes en la causa, el Dr. Santiago Ortiz \u2013 Juez de Garant\u00edas N\u00ba 4 \u2013 resolvi\u00f3 rechazar la nulidad articulada por la Defensa de Beltr\u00e1n y orden\u00f3 la continuidad del proceso.<\/h3>\n<h3>Entre sus consideraciones, destac\u00f3 que \u201cel C\u00f3digo Procesal Penal establece un sistema restrictivo para la declaraci\u00f3n de nulidades, priorizando la estabilidad de los actos procesales, salvo que se verifique una violaci\u00f3n de normas constitucionales o que la nulidad est\u00e9 expresamente prevista en la ley.\u00a0 Se\u00f1al\u00f3 que las nulidades son remedios de excepci\u00f3n y que, en principio, un acto procesal es v\u00e1lido hasta que se declare lo contrario\u201d.<\/h3>\n<h3>Posteriormente, los abogados defensores de Beltr\u00e1n interpusieron un recurso de apelaci\u00f3n contra la resoluci\u00f3n del Juez de Garant\u00edas N\u00b0 4. Fundamentaron su impugnaci\u00f3n en el art\u00edculo 282 del C\u00f3digo Procesal Penal y sostuvieron que la decisi\u00f3n impugnada lesion\u00f3 de manera irreparable los derechos de su defendido.<\/h3>\n<h3>El Dr. Santiago Ortiz concedi\u00f3 el recurso deducido, anoticiando a la Querella y al Ministerio P\u00fablico Fiscal del mismo, y orden\u00f3 la elevaci\u00f3n de la causa al Tribunal de Impugnaci\u00f3n para su resoluci\u00f3n.<\/h3>\n<h3>A la hora de resolver, el Tribunal de Impugnaci\u00f3n consider\u00f3 que \u201clas nulidades procesales no constituyen sanciones autom\u00e1ticas ni remedios disponibles ante cualquier disconformidad, sino medidas de excepci\u00f3n que exigen \u2014como presupuesto indispensable\u2014 la verificaci\u00f3n de un agravio real, concreto y actual al derecho de defensa\u201d.<\/h3>\n<h3>Entre otras consideraciones, expresaron que \u201clas nulidades procesales deben ser interpretadas con car\u00e1cter restrictivo, conforme lo disponen los art\u00edculos 218 y cc. del C\u00f3digo Procesal Penal de la Provincia de San Luis, y en armon\u00eda con el principio de conservaci\u00f3n de los actos v\u00e1lidamente cumplidos, que se erige como expresi\u00f3n del principio de econom\u00eda procesal y de tutela judicial efectiva\u201d.<\/h3>\n<h3>Asimismo, estimaron oportuno rechazar el recurso de apelaci\u00f3n, tanto por la ausencia de un vicio sustancial que justifique la nulidad de la denuncia, como por la inexistencia de un perjuicio concreto que afecte el ejercicio efectivo del derecho de defensa.<\/h3>\n<h3>En el presente caso, dijo el Tribunal, la parte impugnante no logr\u00f3 \u201cacreditar \u2014ni siquiera alegar con precisi\u00f3n\u2014cu\u00e1l habr\u00eda sido el perjuicio efectivo derivado del acto que impugna, limit\u00e1ndose a cuestionar aspectos formales del acto de notificaci\u00f3n que dio origen a la intervenci\u00f3n fiscal. Ello impide, conforme a derecho, la procedencia del remedio de nulidad solicitado, por lo que corresponde rechazar el recurso de apelaci\u00f3n articulado\u201d.<\/h3>\n<h3>\u201cLa denuncia, en el marco de los delitos de acci\u00f3n p\u00fablica, constituye un acto de notificaci\u00f3n y no una pieza probatoria en sentido estricto. Su finalidad es poner en conocimiento del Ministerio P\u00fablico Fiscal la posible comisi\u00f3n de un hecho delictivo, habilitando as\u00ed el ejercicio de su obligaci\u00f3n legal de promover la acci\u00f3n penal (arts. 71 del CP y 104 del CPP). Por ello, no requieren formalidades solemnes ni constituye una prueba de cargo contra persona alguna, raz\u00f3n por la cual un eventual defecto en su contenido o en su confecci\u00f3n no puede acarrear, por s\u00ed solo, la nulidad del proceso\u201d, expresaron en la resoluci\u00f3n dictada en forma un\u00e1nime.<\/h3>\n<p>&nbsp;<\/p>\n<p>&nbsp;<\/p>\n<p>&nbsp;<\/p>\n<h3><\/h3>\n<h3><\/h3>\n<p>&nbsp;<\/p>\n","protected":false},"excerpt":{"rendered":"<p>El Tribunal de Impugnaci\u00f3n de la Segunda y Tercera Circunscripci\u00f3n Judicial rechaz\u00f3 el recurso de&#8230;<\/p>\n","protected":false},"author":1,"featured_media":14688,"comment_status":"closed","ping_status":"closed","sticky":false,"template":"","format":"standard","meta":{"footnotes":""},"categories":[6],"tags":[],"class_list":["post-30873","post","type-post","status-publish","format-standard","has-post-thumbnail","hentry","category-ciudad-provincia"],"yoast_head":"<!-- This site is optimized with the Yoast SEO plugin v26.1.1 - https:\/\/yoast.com\/wordpress\/plugins\/seo\/ -->\n<title>CASO MOLINO F\u00c9NIX: OTRO REV\u00c9S JUDICIAL PARA JOAQU\u00cdN BELTR\u00c1N - Apuntes de San Luis<\/title>\n<meta name=\"robots\" content=\"index, follow, max-snippet:-1, max-image-preview:large, max-video-preview:-1\" \/>\n<link rel=\"canonical\" href=\"https:\/\/apuntesdesanluis.com\/index.php\/2025\/03\/26\/caso-molino-fenix-otro-reves-judicial-para-joaquin-beltran\/\" \/>\n<meta property=\"og:locale\" content=\"es_ES\" \/>\n<meta property=\"og:type\" content=\"article\" \/>\n<meta property=\"og:title\" content=\"CASO MOLINO F\u00c9NIX: OTRO REV\u00c9S JUDICIAL PARA JOAQU\u00cdN BELTR\u00c1N - Apuntes de San Luis\" \/>\n<meta property=\"og:description\" content=\"El Tribunal de Impugnaci\u00f3n de la Segunda y Tercera Circunscripci\u00f3n Judicial rechaz\u00f3 el recurso de...\" \/>\n<meta property=\"og:url\" content=\"https:\/\/apuntesdesanluis.com\/index.php\/2025\/03\/26\/caso-molino-fenix-otro-reves-judicial-para-joaquin-beltran\/\" \/>\n<meta property=\"og:site_name\" content=\"Apuntes de San Luis\" \/>\n<meta property=\"article:published_time\" content=\"2025-03-26T17:06:20+00:00\" \/>\n<meta property=\"og:image\" content=\"https:\/\/apuntesdesanluis.com\/wp-content\/uploads\/2024\/04\/posteo-beltran.png\" \/>\n\t<meta property=\"og:image:width\" content=\"600\" \/>\n\t<meta property=\"og:image:height\" content=\"475\" \/>\n\t<meta property=\"og:image:type\" content=\"image\/png\" \/>\n<meta name=\"author\" content=\"apuntesdesanluis.com\" \/>\n<meta name=\"twitter:card\" content=\"summary_large_image\" \/>\n<meta name=\"twitter:label1\" content=\"Escrito por\" \/>\n\t<meta name=\"twitter:data1\" content=\"apuntesdesanluis.com\" \/>\n\t<meta name=\"twitter:label2\" content=\"Tiempo de lectura\" \/>\n\t<meta name=\"twitter:data2\" content=\"4 minutos\" \/>\n<script type=\"application\/ld+json\" class=\"yoast-schema-graph\">{\"@context\":\"https:\/\/schema.org\",\"@graph\":[{\"@type\":\"Article\",\"@id\":\"https:\/\/apuntesdesanluis.com\/index.php\/2025\/03\/26\/caso-molino-fenix-otro-reves-judicial-para-joaquin-beltran\/#article\",\"isPartOf\":{\"@id\":\"https:\/\/apuntesdesanluis.com\/index.php\/2025\/03\/26\/caso-molino-fenix-otro-reves-judicial-para-joaquin-beltran\/\"},\"author\":{\"name\":\"apuntesdesanluis.com\",\"@id\":\"https:\/\/apuntesdesanluis.com\/#\/schema\/person\/b55151d52296fcce64d1a72538a70b90\"},\"headline\":\"CASO MOLINO F\u00c9NIX: OTRO REV\u00c9S JUDICIAL PARA JOAQU\u00cdN BELTR\u00c1N\",\"datePublished\":\"2025-03-26T17:06:20+00:00\",\"mainEntityOfPage\":{\"@id\":\"https:\/\/apuntesdesanluis.com\/index.php\/2025\/03\/26\/caso-molino-fenix-otro-reves-judicial-para-joaquin-beltran\/\"},\"wordCount\":757,\"publisher\":{\"@id\":\"https:\/\/apuntesdesanluis.com\/#\/schema\/person\/b55151d52296fcce64d1a72538a70b90\"},\"image\":{\"@id\":\"https:\/\/apuntesdesanluis.com\/index.php\/2025\/03\/26\/caso-molino-fenix-otro-reves-judicial-para-joaquin-beltran\/#primaryimage\"},\"thumbnailUrl\":\"https:\/\/apuntesdesanluis.com\/wp-content\/uploads\/2024\/04\/posteo-beltran.png\",\"articleSection\":[\"Ciudad\/Provincia\"],\"inLanguage\":\"es-AR\"},{\"@type\":\"WebPage\",\"@id\":\"https:\/\/apuntesdesanluis.com\/index.php\/2025\/03\/26\/caso-molino-fenix-otro-reves-judicial-para-joaquin-beltran\/\",\"url\":\"https:\/\/apuntesdesanluis.com\/index.php\/2025\/03\/26\/caso-molino-fenix-otro-reves-judicial-para-joaquin-beltran\/\",\"name\":\"CASO MOLINO F\u00c9NIX: OTRO REV\u00c9S JUDICIAL PARA JOAQU\u00cdN BELTR\u00c1N - Apuntes de San Luis\",\"isPartOf\":{\"@id\":\"https:\/\/apuntesdesanluis.com\/#website\"},\"primaryImageOfPage\":{\"@id\":\"https:\/\/apuntesdesanluis.com\/index.php\/2025\/03\/26\/caso-molino-fenix-otro-reves-judicial-para-joaquin-beltran\/#primaryimage\"},\"image\":{\"@id\":\"https:\/\/apuntesdesanluis.com\/index.php\/2025\/03\/26\/caso-molino-fenix-otro-reves-judicial-para-joaquin-beltran\/#primaryimage\"},\"thumbnailUrl\":\"https:\/\/apuntesdesanluis.com\/wp-content\/uploads\/2024\/04\/posteo-beltran.png\",\"datePublished\":\"2025-03-26T17:06:20+00:00\",\"breadcrumb\":{\"@id\":\"https:\/\/apuntesdesanluis.com\/index.php\/2025\/03\/26\/caso-molino-fenix-otro-reves-judicial-para-joaquin-beltran\/#breadcrumb\"},\"inLanguage\":\"es-AR\",\"potentialAction\":[{\"@type\":\"ReadAction\",\"target\":[\"https:\/\/apuntesdesanluis.com\/index.php\/2025\/03\/26\/caso-molino-fenix-otro-reves-judicial-para-joaquin-beltran\/\"]}]},{\"@type\":\"ImageObject\",\"inLanguage\":\"es-AR\",\"@id\":\"https:\/\/apuntesdesanluis.com\/index.php\/2025\/03\/26\/caso-molino-fenix-otro-reves-judicial-para-joaquin-beltran\/#primaryimage\",\"url\":\"https:\/\/apuntesdesanluis.com\/wp-content\/uploads\/2024\/04\/posteo-beltran.png\",\"contentUrl\":\"https:\/\/apuntesdesanluis.com\/wp-content\/uploads\/2024\/04\/posteo-beltran.png\",\"width\":600,\"height\":475},{\"@type\":\"BreadcrumbList\",\"@id\":\"https:\/\/apuntesdesanluis.com\/index.php\/2025\/03\/26\/caso-molino-fenix-otro-reves-judicial-para-joaquin-beltran\/#breadcrumb\",\"itemListElement\":[{\"@type\":\"ListItem\",\"position\":1,\"name\":\"Inicio\",\"item\":\"https:\/\/apuntesdesanluis.com\/\"},{\"@type\":\"ListItem\",\"position\":2,\"name\":\"CASO MOLINO F\u00c9NIX: OTRO REV\u00c9S JUDICIAL PARA JOAQU\u00cdN BELTR\u00c1N\"}]},{\"@type\":\"WebSite\",\"@id\":\"https:\/\/apuntesdesanluis.com\/#website\",\"url\":\"https:\/\/apuntesdesanluis.com\/\",\"name\":\"Apuntes de San Luis\",\"description\":\"\",\"publisher\":{\"@id\":\"https:\/\/apuntesdesanluis.com\/#\/schema\/person\/b55151d52296fcce64d1a72538a70b90\"},\"potentialAction\":[{\"@type\":\"SearchAction\",\"target\":{\"@type\":\"EntryPoint\",\"urlTemplate\":\"https:\/\/apuntesdesanluis.com\/?s={search_term_string}\"},\"query-input\":{\"@type\":\"PropertyValueSpecification\",\"valueRequired\":true,\"valueName\":\"search_term_string\"}}],\"inLanguage\":\"es-AR\"},{\"@type\":[\"Person\",\"Organization\"],\"@id\":\"https:\/\/apuntesdesanluis.com\/#\/schema\/person\/b55151d52296fcce64d1a72538a70b90\",\"name\":\"apuntesdesanluis.com\",\"image\":{\"@type\":\"ImageObject\",\"inLanguage\":\"es-AR\",\"@id\":\"https:\/\/apuntesdesanluis.com\/#\/schema\/person\/image\/\",\"url\":\"https:\/\/apuntesdesanluis.com\/wp-content\/uploads\/2023\/07\/cropped-apuntesdesanluis.png\",\"contentUrl\":\"https:\/\/apuntesdesanluis.com\/wp-content\/uploads\/2023\/07\/cropped-apuntesdesanluis.png\",\"width\":450,\"height\":112,\"caption\":\"apuntesdesanluis.com\"},\"logo\":{\"@id\":\"https:\/\/apuntesdesanluis.com\/#\/schema\/person\/image\/\"},\"sameAs\":[\"https:\/\/apuntesdesanluis.com\"],\"url\":\"https:\/\/apuntesdesanluis.com\/index.php\/author\/apuntesdesanluis-com\/\"}]}<\/script>\n<!-- \/ Yoast SEO plugin. -->","yoast_head_json":{"title":"CASO MOLINO F\u00c9NIX: OTRO REV\u00c9S JUDICIAL PARA JOAQU\u00cdN BELTR\u00c1N - Apuntes de San Luis","robots":{"index":"index","follow":"follow","max-snippet":"max-snippet:-1","max-image-preview":"max-image-preview:large","max-video-preview":"max-video-preview:-1"},"canonical":"https:\/\/apuntesdesanluis.com\/index.php\/2025\/03\/26\/caso-molino-fenix-otro-reves-judicial-para-joaquin-beltran\/","og_locale":"es_ES","og_type":"article","og_title":"CASO MOLINO F\u00c9NIX: OTRO REV\u00c9S JUDICIAL PARA JOAQU\u00cdN BELTR\u00c1N - Apuntes de San Luis","og_description":"El Tribunal de Impugnaci\u00f3n de la Segunda y Tercera Circunscripci\u00f3n Judicial rechaz\u00f3 el recurso de...","og_url":"https:\/\/apuntesdesanluis.com\/index.php\/2025\/03\/26\/caso-molino-fenix-otro-reves-judicial-para-joaquin-beltran\/","og_site_name":"Apuntes de San Luis","article_published_time":"2025-03-26T17:06:20+00:00","og_image":[{"width":600,"height":475,"url":"https:\/\/apuntesdesanluis.com\/wp-content\/uploads\/2024\/04\/posteo-beltran.png","type":"image\/png"}],"author":"apuntesdesanluis.com","twitter_card":"summary_large_image","twitter_misc":{"Escrito por":"apuntesdesanluis.com","Tiempo de lectura":"4 minutos"},"schema":{"@context":"https:\/\/schema.org","@graph":[{"@type":"Article","@id":"https:\/\/apuntesdesanluis.com\/index.php\/2025\/03\/26\/caso-molino-fenix-otro-reves-judicial-para-joaquin-beltran\/#article","isPartOf":{"@id":"https:\/\/apuntesdesanluis.com\/index.php\/2025\/03\/26\/caso-molino-fenix-otro-reves-judicial-para-joaquin-beltran\/"},"author":{"name":"apuntesdesanluis.com","@id":"https:\/\/apuntesdesanluis.com\/#\/schema\/person\/b55151d52296fcce64d1a72538a70b90"},"headline":"CASO MOLINO F\u00c9NIX: OTRO REV\u00c9S JUDICIAL PARA JOAQU\u00cdN BELTR\u00c1N","datePublished":"2025-03-26T17:06:20+00:00","mainEntityOfPage":{"@id":"https:\/\/apuntesdesanluis.com\/index.php\/2025\/03\/26\/caso-molino-fenix-otro-reves-judicial-para-joaquin-beltran\/"},"wordCount":757,"publisher":{"@id":"https:\/\/apuntesdesanluis.com\/#\/schema\/person\/b55151d52296fcce64d1a72538a70b90"},"image":{"@id":"https:\/\/apuntesdesanluis.com\/index.php\/2025\/03\/26\/caso-molino-fenix-otro-reves-judicial-para-joaquin-beltran\/#primaryimage"},"thumbnailUrl":"https:\/\/apuntesdesanluis.com\/wp-content\/uploads\/2024\/04\/posteo-beltran.png","articleSection":["Ciudad\/Provincia"],"inLanguage":"es-AR"},{"@type":"WebPage","@id":"https:\/\/apuntesdesanluis.com\/index.php\/2025\/03\/26\/caso-molino-fenix-otro-reves-judicial-para-joaquin-beltran\/","url":"https:\/\/apuntesdesanluis.com\/index.php\/2025\/03\/26\/caso-molino-fenix-otro-reves-judicial-para-joaquin-beltran\/","name":"CASO MOLINO F\u00c9NIX: OTRO REV\u00c9S JUDICIAL PARA JOAQU\u00cdN BELTR\u00c1N - Apuntes de San Luis","isPartOf":{"@id":"https:\/\/apuntesdesanluis.com\/#website"},"primaryImageOfPage":{"@id":"https:\/\/apuntesdesanluis.com\/index.php\/2025\/03\/26\/caso-molino-fenix-otro-reves-judicial-para-joaquin-beltran\/#primaryimage"},"image":{"@id":"https:\/\/apuntesdesanluis.com\/index.php\/2025\/03\/26\/caso-molino-fenix-otro-reves-judicial-para-joaquin-beltran\/#primaryimage"},"thumbnailUrl":"https:\/\/apuntesdesanluis.com\/wp-content\/uploads\/2024\/04\/posteo-beltran.png","datePublished":"2025-03-26T17:06:20+00:00","breadcrumb":{"@id":"https:\/\/apuntesdesanluis.com\/index.php\/2025\/03\/26\/caso-molino-fenix-otro-reves-judicial-para-joaquin-beltran\/#breadcrumb"},"inLanguage":"es-AR","potentialAction":[{"@type":"ReadAction","target":["https:\/\/apuntesdesanluis.com\/index.php\/2025\/03\/26\/caso-molino-fenix-otro-reves-judicial-para-joaquin-beltran\/"]}]},{"@type":"ImageObject","inLanguage":"es-AR","@id":"https:\/\/apuntesdesanluis.com\/index.php\/2025\/03\/26\/caso-molino-fenix-otro-reves-judicial-para-joaquin-beltran\/#primaryimage","url":"https:\/\/apuntesdesanluis.com\/wp-content\/uploads\/2024\/04\/posteo-beltran.png","contentUrl":"https:\/\/apuntesdesanluis.com\/wp-content\/uploads\/2024\/04\/posteo-beltran.png","width":600,"height":475},{"@type":"BreadcrumbList","@id":"https:\/\/apuntesdesanluis.com\/index.php\/2025\/03\/26\/caso-molino-fenix-otro-reves-judicial-para-joaquin-beltran\/#breadcrumb","itemListElement":[{"@type":"ListItem","position":1,"name":"Inicio","item":"https:\/\/apuntesdesanluis.com\/"},{"@type":"ListItem","position":2,"name":"CASO MOLINO F\u00c9NIX: OTRO REV\u00c9S JUDICIAL PARA JOAQU\u00cdN BELTR\u00c1N"}]},{"@type":"WebSite","@id":"https:\/\/apuntesdesanluis.com\/#website","url":"https:\/\/apuntesdesanluis.com\/","name":"Apuntes de San Luis","description":"","publisher":{"@id":"https:\/\/apuntesdesanluis.com\/#\/schema\/person\/b55151d52296fcce64d1a72538a70b90"},"potentialAction":[{"@type":"SearchAction","target":{"@type":"EntryPoint","urlTemplate":"https:\/\/apuntesdesanluis.com\/?s={search_term_string}"},"query-input":{"@type":"PropertyValueSpecification","valueRequired":true,"valueName":"search_term_string"}}],"inLanguage":"es-AR"},{"@type":["Person","Organization"],"@id":"https:\/\/apuntesdesanluis.com\/#\/schema\/person\/b55151d52296fcce64d1a72538a70b90","name":"apuntesdesanluis.com","image":{"@type":"ImageObject","inLanguage":"es-AR","@id":"https:\/\/apuntesdesanluis.com\/#\/schema\/person\/image\/","url":"https:\/\/apuntesdesanluis.com\/wp-content\/uploads\/2023\/07\/cropped-apuntesdesanluis.png","contentUrl":"https:\/\/apuntesdesanluis.com\/wp-content\/uploads\/2023\/07\/cropped-apuntesdesanluis.png","width":450,"height":112,"caption":"apuntesdesanluis.com"},"logo":{"@id":"https:\/\/apuntesdesanluis.com\/#\/schema\/person\/image\/"},"sameAs":["https:\/\/apuntesdesanluis.com"],"url":"https:\/\/apuntesdesanluis.com\/index.php\/author\/apuntesdesanluis-com\/"}]}},"featured_image_urls":{"full":["https:\/\/apuntesdesanluis.com\/wp-content\/uploads\/2024\/04\/posteo-beltran.png",600,475,false],"thumbnail":["https:\/\/apuntesdesanluis.com\/wp-content\/uploads\/2024\/04\/posteo-beltran-150x150.png",150,150,true],"medium":["https:\/\/apuntesdesanluis.com\/wp-content\/uploads\/2024\/04\/posteo-beltran-300x238.png",300,238,true],"medium_large":["https:\/\/apuntesdesanluis.com\/wp-content\/uploads\/2024\/04\/posteo-beltran.png",600,475,false],"large":["https:\/\/apuntesdesanluis.com\/wp-content\/uploads\/2024\/04\/posteo-beltran.png",600,475,false],"1536x1536":["https:\/\/apuntesdesanluis.com\/wp-content\/uploads\/2024\/04\/posteo-beltran.png",600,475,false],"2048x2048":["https:\/\/apuntesdesanluis.com\/wp-content\/uploads\/2024\/04\/posteo-beltran.png",600,475,false],"newsever-slider-full":["https:\/\/apuntesdesanluis.com\/wp-content\/uploads\/2024\/04\/posteo-beltran.png",600,475,false],"newsever-featured":["https:\/\/apuntesdesanluis.com\/wp-content\/uploads\/2024\/04\/posteo-beltran.png",600,475,false],"newsever-medium":["https:\/\/apuntesdesanluis.com\/wp-content\/uploads\/2024\/04\/posteo-beltran.png",600,475,false]},"author_info":{"display_name":"apuntesdesanluis.com","author_link":"https:\/\/apuntesdesanluis.com\/index.php\/author\/apuntesdesanluis-com\/"},"category_info":"<a href=\"https:\/\/apuntesdesanluis.com\/index.php\/category\/ciudad-provincia\/\" rel=\"category tag\">Ciudad\/Provincia<\/a>","tag_info":"Ciudad\/Provincia","comment_count":"0","_links":{"self":[{"href":"https:\/\/apuntesdesanluis.com\/index.php\/wp-json\/wp\/v2\/posts\/30873","targetHints":{"allow":["GET"]}}],"collection":[{"href":"https:\/\/apuntesdesanluis.com\/index.php\/wp-json\/wp\/v2\/posts"}],"about":[{"href":"https:\/\/apuntesdesanluis.com\/index.php\/wp-json\/wp\/v2\/types\/post"}],"author":[{"embeddable":true,"href":"https:\/\/apuntesdesanluis.com\/index.php\/wp-json\/wp\/v2\/users\/1"}],"replies":[{"embeddable":true,"href":"https:\/\/apuntesdesanluis.com\/index.php\/wp-json\/wp\/v2\/comments?post=30873"}],"version-history":[{"count":1,"href":"https:\/\/apuntesdesanluis.com\/index.php\/wp-json\/wp\/v2\/posts\/30873\/revisions"}],"predecessor-version":[{"id":30874,"href":"https:\/\/apuntesdesanluis.com\/index.php\/wp-json\/wp\/v2\/posts\/30873\/revisions\/30874"}],"wp:featuredmedia":[{"embeddable":true,"href":"https:\/\/apuntesdesanluis.com\/index.php\/wp-json\/wp\/v2\/media\/14688"}],"wp:attachment":[{"href":"https:\/\/apuntesdesanluis.com\/index.php\/wp-json\/wp\/v2\/media?parent=30873"}],"wp:term":[{"taxonomy":"category","embeddable":true,"href":"https:\/\/apuntesdesanluis.com\/index.php\/wp-json\/wp\/v2\/categories?post=30873"},{"taxonomy":"post_tag","embeddable":true,"href":"https:\/\/apuntesdesanluis.com\/index.php\/wp-json\/wp\/v2\/tags?post=30873"}],"curies":[{"name":"wp","href":"https:\/\/api.w.org\/{rel}","templated":true}]}}