{"id":30879,"date":"2025-03-26T19:02:10","date_gmt":"2025-03-26T22:02:10","guid":{"rendered":"https:\/\/apuntesdesanluis.com\/?p=30879"},"modified":"2025-03-26T19:02:10","modified_gmt":"2025-03-26T22:02:10","slug":"pane-hay-un-gobierno-abocado-a-trabajar-y-mejorar-cada-una-de-las-instancias","status":"publish","type":"post","link":"https:\/\/apuntesdesanluis.com\/index.php\/2025\/03\/26\/pane-hay-un-gobierno-abocado-a-trabajar-y-mejorar-cada-una-de-las-instancias\/","title":{"rendered":"PANE: \u201cHAY UN GOBIERNO ABOCADO A TRABAJAR Y MEJORAR CADA UNA DE LAS INSTANCIAS\u201d"},"content":{"rendered":"<h3>La diputada provincial y coordinadora del <strong>Programa Alimentario Nutricional Escolar (<\/strong>PANE), <strong>Eugenia Gallardo<\/strong>, trasmiti\u00f3 tranquilidad a la comunidad educativa y a los tutores de estudiantes sanluise\u00f1os. Dijo que se enfocar\u00e1n en los distintos eslabones de la cadena, entre ellos, el control riguroso de los procesos de producci\u00f3n de alimentos que realizan los proveedores, el transporte y las condiciones en las escuelas, para revertir cualquier punto d\u00e9bil. \u201cQuiero decirles, en nombre del Gobernador, que el PANE se sostiene y se fortalece\u201d, asever\u00f3.<\/h3>\n<h3>Confirm\u00f3 la continuidad de esta iniciativa \u201cnacida para paliar una dura realidad advertida al inicio de la gesti\u00f3n, la de los ni\u00f1os, ni\u00f1as y adolescentes que, por la crisis social, no comen en sus hogares, y dijo que apuntar\u00e1n a controlar de modo riguroso cada uno de los eslabones de la cadena\u201d.<\/h3>\n<h3>Por ello, auditar\u00e1n a los proveedores de alimentos y revisar\u00e1n las condiciones de transporte y de manipulaci\u00f3n y distribuci\u00f3n de los \u00e9stos en las escuelas, para revertir cualquier punto d\u00e9bil. \u201cQuiero decirles, en nombre del Gobernador, que el PANE se sostiene y se fortalece\u201d, asever\u00f3. Para esta tarea de monitoreo en los establecimientos escolares, se sumar\u00e1n funcionarios de distintos ministerios y secretar\u00edas.<\/h3>\n<h3>\u201cQuer\u00eda comunicarles que ayer (martes) hice un pedido de licencia a mi cargo de diputada provincial por el departamento Pueyrred\u00f3n. A partir de ayer he mantenido distintas reuniones con todo el Gabinete provincial, a primera hora. Luego tuve un encuentro con la fundaci\u00f3n Argentinos por la Educaci\u00f3n, que me dieron datos muy buenos de c\u00f3mo impact\u00f3 el PANE en el rendimiento del plan de lectoescritura que est\u00e1 llevando a cabo el Gobierno. Y despu\u00e9s tuve reuniones con el equipo del PANE\u201d, detall\u00f3 Gallardo.<\/h3>\n<p><iframe title=\"Jerarquizaci\u00f3n del Plan Alimentario Nutricional Escolar PANE\" width=\"640\" height=\"360\" src=\"https:\/\/www.youtube.com\/embed\/rfZp0HaGwAg?feature=oembed\" frameborder=\"0\" allow=\"accelerometer; autoplay; clipboard-write; encrypted-media; gyroscope; picture-in-picture; web-share\" referrerpolicy=\"strict-origin-when-cross-origin\" allowfullscreen><\/iframe><\/p>\n<h3>El PANE pasa a ser, de ahora en m\u00e1s, una Secretar\u00eda de Estado. Esto lo pone en un lugar que lo jerarquiza respecto de la tarea que desarrollaba dentro del ministerio de Educaci\u00f3n. \u201cHoy se transforma en una pol\u00edtica de Estado que est\u00e1 concebida a partir de una Secretar\u00eda de Estado de Gobierno. Esto nos permite una mejor coordinaci\u00f3n y v\u00ednculo con todos los ministerios que, de alguna manera, tienen que ver con la prestaci\u00f3n de este programa tan ambicioso que es darles de comer a los chicos en los establecimientos escolares\u201d, expres\u00f3.<\/h3>\n<h3>Gallardo record\u00f3 que este programa es la respuesta a un cuadro cr\u00edtico con la que el Estado se encontr\u00f3 a la hora de comenzar las clases en febrero de 2024. Ten\u00edan en frente \u201cuna situaci\u00f3n de emergencia social, econ\u00f3mica, con datos estad\u00edsticos muy dolorosos para quien tiene que gestionar. Este Programa se gestion\u00f3 con el fin de poder garantizar la buena nutrici\u00f3n de los alumnos de las escuelas p\u00fablicas\u201d, reafirm\u00f3.<\/h3>\n<h3>\u201cHa habido un par de inconvenientes no menores, y esto ha llevado a replanteos. Son alertas que te llevan a prender una luz amarilla y ver qu\u00e9 es lo que estuvo pasando. Vamos a ser muy rigurosos con los esquemas de producci\u00f3n y de alimentaci\u00f3n que se est\u00e1n llevando a cabo. Nos estamos comunicando con los municipios para que colaboren con estas reglas que debe cumplir cada proveedor en la elaboraci\u00f3n de alimentos y tambi\u00e9n vamos a trabajar en las instituciones escolares, con mayor presencia\u201d, asever\u00f3.<\/h3>\n<h3>En la reuni\u00f3n de gabinete del martes, se solicit\u00f3 a los ministros y secretarios que pongan a disposici\u00f3n funcionarios para que hagan visitas a los escuelas y puedan dar un reporte diario durante 30 \u00f3 40 d\u00edas. Informar\u00e1n sobre el transporte en el que llegan los alimentos, c\u00f3mo se reciben y c\u00f3mo se hace la distribuci\u00f3n de la comida en los chicos.<\/h3>\n<p>&nbsp;<\/p>\n<p>&nbsp;<\/p>\n<p>&nbsp;<\/p>\n<h3><\/h3>\n<h3><\/h3>\n<h3><\/h3>\n","protected":false},"excerpt":{"rendered":"<p>La diputada provincial y coordinadora del Programa Alimentario Nutricional Escolar (PANE), Eugenia Gallardo, trasmiti\u00f3 tranquilidad&#8230;<\/p>\n","protected":false},"author":1,"featured_media":30876,"comment_status":"closed","ping_status":"closed","sticky":false,"template":"","format":"standard","meta":{"footnotes":""},"categories":[6],"tags":[],"class_list":["post-30879","post","type-post","status-publish","format-standard","has-post-thumbnail","hentry","category-ciudad-provincia"],"yoast_head":"<!-- This site is optimized with the Yoast SEO plugin v26.1.1 - https:\/\/yoast.com\/wordpress\/plugins\/seo\/ -->\n<title>PANE: \u201cHAY UN GOBIERNO ABOCADO A TRABAJAR Y MEJORAR CADA UNA DE LAS INSTANCIAS\u201d - Apuntes de San Luis<\/title>\n<meta name=\"robots\" content=\"index, follow, max-snippet:-1, max-image-preview:large, max-video-preview:-1\" \/>\n<link rel=\"canonical\" href=\"https:\/\/apuntesdesanluis.com\/index.php\/2025\/03\/26\/pane-hay-un-gobierno-abocado-a-trabajar-y-mejorar-cada-una-de-las-instancias\/\" \/>\n<meta property=\"og:locale\" content=\"es_ES\" \/>\n<meta property=\"og:type\" content=\"article\" \/>\n<meta property=\"og:title\" content=\"PANE: \u201cHAY UN GOBIERNO ABOCADO A TRABAJAR Y MEJORAR CADA UNA DE LAS INSTANCIAS\u201d - Apuntes de San Luis\" \/>\n<meta property=\"og:description\" content=\"La diputada provincial y coordinadora del Programa Alimentario Nutricional Escolar (PANE), Eugenia Gallardo, trasmiti\u00f3 tranquilidad...\" \/>\n<meta property=\"og:url\" content=\"https:\/\/apuntesdesanluis.com\/index.php\/2025\/03\/26\/pane-hay-un-gobierno-abocado-a-trabajar-y-mejorar-cada-una-de-las-instancias\/\" \/>\n<meta property=\"og:site_name\" content=\"Apuntes de San Luis\" \/>\n<meta property=\"article:published_time\" content=\"2025-03-26T22:02:10+00:00\" \/>\n<meta property=\"og:image\" content=\"https:\/\/apuntesdesanluis.com\/wp-content\/uploads\/2025\/03\/eugenia-gallardo.png\" \/>\n\t<meta property=\"og:image:width\" content=\"548\" \/>\n\t<meta property=\"og:image:height\" content=\"355\" \/>\n\t<meta property=\"og:image:type\" content=\"image\/png\" \/>\n<meta name=\"author\" content=\"apuntesdesanluis.com\" \/>\n<meta name=\"twitter:card\" content=\"summary_large_image\" \/>\n<meta name=\"twitter:label1\" content=\"Escrito por\" \/>\n\t<meta name=\"twitter:data1\" content=\"apuntesdesanluis.com\" \/>\n\t<meta name=\"twitter:label2\" content=\"Tiempo de lectura\" \/>\n\t<meta name=\"twitter:data2\" content=\"3 minutos\" \/>\n<script type=\"application\/ld+json\" class=\"yoast-schema-graph\">{\"@context\":\"https:\/\/schema.org\",\"@graph\":[{\"@type\":\"Article\",\"@id\":\"https:\/\/apuntesdesanluis.com\/index.php\/2025\/03\/26\/pane-hay-un-gobierno-abocado-a-trabajar-y-mejorar-cada-una-de-las-instancias\/#article\",\"isPartOf\":{\"@id\":\"https:\/\/apuntesdesanluis.com\/index.php\/2025\/03\/26\/pane-hay-un-gobierno-abocado-a-trabajar-y-mejorar-cada-una-de-las-instancias\/\"},\"author\":{\"name\":\"apuntesdesanluis.com\",\"@id\":\"https:\/\/apuntesdesanluis.com\/#\/schema\/person\/b55151d52296fcce64d1a72538a70b90\"},\"headline\":\"PANE: \u201cHAY UN GOBIERNO ABOCADO A TRABAJAR Y MEJORAR CADA UNA DE LAS INSTANCIAS\u201d\",\"datePublished\":\"2025-03-26T22:02:10+00:00\",\"mainEntityOfPage\":{\"@id\":\"https:\/\/apuntesdesanluis.com\/index.php\/2025\/03\/26\/pane-hay-un-gobierno-abocado-a-trabajar-y-mejorar-cada-una-de-las-instancias\/\"},\"wordCount\":657,\"publisher\":{\"@id\":\"https:\/\/apuntesdesanluis.com\/#\/schema\/person\/b55151d52296fcce64d1a72538a70b90\"},\"image\":{\"@id\":\"https:\/\/apuntesdesanluis.com\/index.php\/2025\/03\/26\/pane-hay-un-gobierno-abocado-a-trabajar-y-mejorar-cada-una-de-las-instancias\/#primaryimage\"},\"thumbnailUrl\":\"https:\/\/apuntesdesanluis.com\/wp-content\/uploads\/2025\/03\/eugenia-gallardo.png\",\"articleSection\":[\"Ciudad\/Provincia\"],\"inLanguage\":\"es-AR\"},{\"@type\":\"WebPage\",\"@id\":\"https:\/\/apuntesdesanluis.com\/index.php\/2025\/03\/26\/pane-hay-un-gobierno-abocado-a-trabajar-y-mejorar-cada-una-de-las-instancias\/\",\"url\":\"https:\/\/apuntesdesanluis.com\/index.php\/2025\/03\/26\/pane-hay-un-gobierno-abocado-a-trabajar-y-mejorar-cada-una-de-las-instancias\/\",\"name\":\"PANE: \u201cHAY UN GOBIERNO ABOCADO A TRABAJAR Y MEJORAR CADA UNA DE LAS INSTANCIAS\u201d - Apuntes de San Luis\",\"isPartOf\":{\"@id\":\"https:\/\/apuntesdesanluis.com\/#website\"},\"primaryImageOfPage\":{\"@id\":\"https:\/\/apuntesdesanluis.com\/index.php\/2025\/03\/26\/pane-hay-un-gobierno-abocado-a-trabajar-y-mejorar-cada-una-de-las-instancias\/#primaryimage\"},\"image\":{\"@id\":\"https:\/\/apuntesdesanluis.com\/index.php\/2025\/03\/26\/pane-hay-un-gobierno-abocado-a-trabajar-y-mejorar-cada-una-de-las-instancias\/#primaryimage\"},\"thumbnailUrl\":\"https:\/\/apuntesdesanluis.com\/wp-content\/uploads\/2025\/03\/eugenia-gallardo.png\",\"datePublished\":\"2025-03-26T22:02:10+00:00\",\"breadcrumb\":{\"@id\":\"https:\/\/apuntesdesanluis.com\/index.php\/2025\/03\/26\/pane-hay-un-gobierno-abocado-a-trabajar-y-mejorar-cada-una-de-las-instancias\/#breadcrumb\"},\"inLanguage\":\"es-AR\",\"potentialAction\":[{\"@type\":\"ReadAction\",\"target\":[\"https:\/\/apuntesdesanluis.com\/index.php\/2025\/03\/26\/pane-hay-un-gobierno-abocado-a-trabajar-y-mejorar-cada-una-de-las-instancias\/\"]}]},{\"@type\":\"ImageObject\",\"inLanguage\":\"es-AR\",\"@id\":\"https:\/\/apuntesdesanluis.com\/index.php\/2025\/03\/26\/pane-hay-un-gobierno-abocado-a-trabajar-y-mejorar-cada-una-de-las-instancias\/#primaryimage\",\"url\":\"https:\/\/apuntesdesanluis.com\/wp-content\/uploads\/2025\/03\/eugenia-gallardo.png\",\"contentUrl\":\"https:\/\/apuntesdesanluis.com\/wp-content\/uploads\/2025\/03\/eugenia-gallardo.png\",\"width\":548,\"height\":355},{\"@type\":\"BreadcrumbList\",\"@id\":\"https:\/\/apuntesdesanluis.com\/index.php\/2025\/03\/26\/pane-hay-un-gobierno-abocado-a-trabajar-y-mejorar-cada-una-de-las-instancias\/#breadcrumb\",\"itemListElement\":[{\"@type\":\"ListItem\",\"position\":1,\"name\":\"Inicio\",\"item\":\"https:\/\/apuntesdesanluis.com\/\"},{\"@type\":\"ListItem\",\"position\":2,\"name\":\"PANE: \u201cHAY UN GOBIERNO ABOCADO A TRABAJAR Y MEJORAR CADA UNA DE LAS INSTANCIAS\u201d\"}]},{\"@type\":\"WebSite\",\"@id\":\"https:\/\/apuntesdesanluis.com\/#website\",\"url\":\"https:\/\/apuntesdesanluis.com\/\",\"name\":\"Apuntes de San Luis\",\"description\":\"\",\"publisher\":{\"@id\":\"https:\/\/apuntesdesanluis.com\/#\/schema\/person\/b55151d52296fcce64d1a72538a70b90\"},\"potentialAction\":[{\"@type\":\"SearchAction\",\"target\":{\"@type\":\"EntryPoint\",\"urlTemplate\":\"https:\/\/apuntesdesanluis.com\/?s={search_term_string}\"},\"query-input\":{\"@type\":\"PropertyValueSpecification\",\"valueRequired\":true,\"valueName\":\"search_term_string\"}}],\"inLanguage\":\"es-AR\"},{\"@type\":[\"Person\",\"Organization\"],\"@id\":\"https:\/\/apuntesdesanluis.com\/#\/schema\/person\/b55151d52296fcce64d1a72538a70b90\",\"name\":\"apuntesdesanluis.com\",\"image\":{\"@type\":\"ImageObject\",\"inLanguage\":\"es-AR\",\"@id\":\"https:\/\/apuntesdesanluis.com\/#\/schema\/person\/image\/\",\"url\":\"https:\/\/apuntesdesanluis.com\/wp-content\/uploads\/2023\/07\/cropped-apuntesdesanluis.png\",\"contentUrl\":\"https:\/\/apuntesdesanluis.com\/wp-content\/uploads\/2023\/07\/cropped-apuntesdesanluis.png\",\"width\":450,\"height\":112,\"caption\":\"apuntesdesanluis.com\"},\"logo\":{\"@id\":\"https:\/\/apuntesdesanluis.com\/#\/schema\/person\/image\/\"},\"sameAs\":[\"https:\/\/apuntesdesanluis.com\"],\"url\":\"https:\/\/apuntesdesanluis.com\/index.php\/author\/apuntesdesanluis-com\/\"}]}<\/script>\n<!-- \/ Yoast SEO plugin. -->","yoast_head_json":{"title":"PANE: \u201cHAY UN GOBIERNO ABOCADO A TRABAJAR Y MEJORAR CADA UNA DE LAS INSTANCIAS\u201d - Apuntes de San Luis","robots":{"index":"index","follow":"follow","max-snippet":"max-snippet:-1","max-image-preview":"max-image-preview:large","max-video-preview":"max-video-preview:-1"},"canonical":"https:\/\/apuntesdesanluis.com\/index.php\/2025\/03\/26\/pane-hay-un-gobierno-abocado-a-trabajar-y-mejorar-cada-una-de-las-instancias\/","og_locale":"es_ES","og_type":"article","og_title":"PANE: \u201cHAY UN GOBIERNO ABOCADO A TRABAJAR Y MEJORAR CADA UNA DE LAS INSTANCIAS\u201d - Apuntes de San Luis","og_description":"La diputada provincial y coordinadora del Programa Alimentario Nutricional Escolar (PANE), Eugenia Gallardo, trasmiti\u00f3 tranquilidad...","og_url":"https:\/\/apuntesdesanluis.com\/index.php\/2025\/03\/26\/pane-hay-un-gobierno-abocado-a-trabajar-y-mejorar-cada-una-de-las-instancias\/","og_site_name":"Apuntes de San Luis","article_published_time":"2025-03-26T22:02:10+00:00","og_image":[{"width":548,"height":355,"url":"https:\/\/apuntesdesanluis.com\/wp-content\/uploads\/2025\/03\/eugenia-gallardo.png","type":"image\/png"}],"author":"apuntesdesanluis.com","twitter_card":"summary_large_image","twitter_misc":{"Escrito por":"apuntesdesanluis.com","Tiempo de lectura":"3 minutos"},"schema":{"@context":"https:\/\/schema.org","@graph":[{"@type":"Article","@id":"https:\/\/apuntesdesanluis.com\/index.php\/2025\/03\/26\/pane-hay-un-gobierno-abocado-a-trabajar-y-mejorar-cada-una-de-las-instancias\/#article","isPartOf":{"@id":"https:\/\/apuntesdesanluis.com\/index.php\/2025\/03\/26\/pane-hay-un-gobierno-abocado-a-trabajar-y-mejorar-cada-una-de-las-instancias\/"},"author":{"name":"apuntesdesanluis.com","@id":"https:\/\/apuntesdesanluis.com\/#\/schema\/person\/b55151d52296fcce64d1a72538a70b90"},"headline":"PANE: \u201cHAY UN GOBIERNO ABOCADO A TRABAJAR Y MEJORAR CADA UNA DE LAS INSTANCIAS\u201d","datePublished":"2025-03-26T22:02:10+00:00","mainEntityOfPage":{"@id":"https:\/\/apuntesdesanluis.com\/index.php\/2025\/03\/26\/pane-hay-un-gobierno-abocado-a-trabajar-y-mejorar-cada-una-de-las-instancias\/"},"wordCount":657,"publisher":{"@id":"https:\/\/apuntesdesanluis.com\/#\/schema\/person\/b55151d52296fcce64d1a72538a70b90"},"image":{"@id":"https:\/\/apuntesdesanluis.com\/index.php\/2025\/03\/26\/pane-hay-un-gobierno-abocado-a-trabajar-y-mejorar-cada-una-de-las-instancias\/#primaryimage"},"thumbnailUrl":"https:\/\/apuntesdesanluis.com\/wp-content\/uploads\/2025\/03\/eugenia-gallardo.png","articleSection":["Ciudad\/Provincia"],"inLanguage":"es-AR"},{"@type":"WebPage","@id":"https:\/\/apuntesdesanluis.com\/index.php\/2025\/03\/26\/pane-hay-un-gobierno-abocado-a-trabajar-y-mejorar-cada-una-de-las-instancias\/","url":"https:\/\/apuntesdesanluis.com\/index.php\/2025\/03\/26\/pane-hay-un-gobierno-abocado-a-trabajar-y-mejorar-cada-una-de-las-instancias\/","name":"PANE: \u201cHAY UN GOBIERNO ABOCADO A TRABAJAR Y MEJORAR CADA UNA DE LAS INSTANCIAS\u201d - Apuntes de San Luis","isPartOf":{"@id":"https:\/\/apuntesdesanluis.com\/#website"},"primaryImageOfPage":{"@id":"https:\/\/apuntesdesanluis.com\/index.php\/2025\/03\/26\/pane-hay-un-gobierno-abocado-a-trabajar-y-mejorar-cada-una-de-las-instancias\/#primaryimage"},"image":{"@id":"https:\/\/apuntesdesanluis.com\/index.php\/2025\/03\/26\/pane-hay-un-gobierno-abocado-a-trabajar-y-mejorar-cada-una-de-las-instancias\/#primaryimage"},"thumbnailUrl":"https:\/\/apuntesdesanluis.com\/wp-content\/uploads\/2025\/03\/eugenia-gallardo.png","datePublished":"2025-03-26T22:02:10+00:00","breadcrumb":{"@id":"https:\/\/apuntesdesanluis.com\/index.php\/2025\/03\/26\/pane-hay-un-gobierno-abocado-a-trabajar-y-mejorar-cada-una-de-las-instancias\/#breadcrumb"},"inLanguage":"es-AR","potentialAction":[{"@type":"ReadAction","target":["https:\/\/apuntesdesanluis.com\/index.php\/2025\/03\/26\/pane-hay-un-gobierno-abocado-a-trabajar-y-mejorar-cada-una-de-las-instancias\/"]}]},{"@type":"ImageObject","inLanguage":"es-AR","@id":"https:\/\/apuntesdesanluis.com\/index.php\/2025\/03\/26\/pane-hay-un-gobierno-abocado-a-trabajar-y-mejorar-cada-una-de-las-instancias\/#primaryimage","url":"https:\/\/apuntesdesanluis.com\/wp-content\/uploads\/2025\/03\/eugenia-gallardo.png","contentUrl":"https:\/\/apuntesdesanluis.com\/wp-content\/uploads\/2025\/03\/eugenia-gallardo.png","width":548,"height":355},{"@type":"BreadcrumbList","@id":"https:\/\/apuntesdesanluis.com\/index.php\/2025\/03\/26\/pane-hay-un-gobierno-abocado-a-trabajar-y-mejorar-cada-una-de-las-instancias\/#breadcrumb","itemListElement":[{"@type":"ListItem","position":1,"name":"Inicio","item":"https:\/\/apuntesdesanluis.com\/"},{"@type":"ListItem","position":2,"name":"PANE: \u201cHAY UN GOBIERNO ABOCADO A TRABAJAR Y MEJORAR CADA UNA DE LAS INSTANCIAS\u201d"}]},{"@type":"WebSite","@id":"https:\/\/apuntesdesanluis.com\/#website","url":"https:\/\/apuntesdesanluis.com\/","name":"Apuntes de San Luis","description":"","publisher":{"@id":"https:\/\/apuntesdesanluis.com\/#\/schema\/person\/b55151d52296fcce64d1a72538a70b90"},"potentialAction":[{"@type":"SearchAction","target":{"@type":"EntryPoint","urlTemplate":"https:\/\/apuntesdesanluis.com\/?s={search_term_string}"},"query-input":{"@type":"PropertyValueSpecification","valueRequired":true,"valueName":"search_term_string"}}],"inLanguage":"es-AR"},{"@type":["Person","Organization"],"@id":"https:\/\/apuntesdesanluis.com\/#\/schema\/person\/b55151d52296fcce64d1a72538a70b90","name":"apuntesdesanluis.com","image":{"@type":"ImageObject","inLanguage":"es-AR","@id":"https:\/\/apuntesdesanluis.com\/#\/schema\/person\/image\/","url":"https:\/\/apuntesdesanluis.com\/wp-content\/uploads\/2023\/07\/cropped-apuntesdesanluis.png","contentUrl":"https:\/\/apuntesdesanluis.com\/wp-content\/uploads\/2023\/07\/cropped-apuntesdesanluis.png","width":450,"height":112,"caption":"apuntesdesanluis.com"},"logo":{"@id":"https:\/\/apuntesdesanluis.com\/#\/schema\/person\/image\/"},"sameAs":["https:\/\/apuntesdesanluis.com"],"url":"https:\/\/apuntesdesanluis.com\/index.php\/author\/apuntesdesanluis-com\/"}]}},"featured_image_urls":{"full":["https:\/\/apuntesdesanluis.com\/wp-content\/uploads\/2025\/03\/eugenia-gallardo.png",548,355,false],"thumbnail":["https:\/\/apuntesdesanluis.com\/wp-content\/uploads\/2025\/03\/eugenia-gallardo-150x150.png",150,150,true],"medium":["https:\/\/apuntesdesanluis.com\/wp-content\/uploads\/2025\/03\/eugenia-gallardo-300x194.png",300,194,true],"medium_large":["https:\/\/apuntesdesanluis.com\/wp-content\/uploads\/2025\/03\/eugenia-gallardo.png",548,355,false],"large":["https:\/\/apuntesdesanluis.com\/wp-content\/uploads\/2025\/03\/eugenia-gallardo.png",548,355,false],"1536x1536":["https:\/\/apuntesdesanluis.com\/wp-content\/uploads\/2025\/03\/eugenia-gallardo.png",548,355,false],"2048x2048":["https:\/\/apuntesdesanluis.com\/wp-content\/uploads\/2025\/03\/eugenia-gallardo.png",548,355,false],"newsever-slider-full":["https:\/\/apuntesdesanluis.com\/wp-content\/uploads\/2025\/03\/eugenia-gallardo.png",548,355,false],"newsever-featured":["https:\/\/apuntesdesanluis.com\/wp-content\/uploads\/2025\/03\/eugenia-gallardo.png",548,355,false],"newsever-medium":["https:\/\/apuntesdesanluis.com\/wp-content\/uploads\/2025\/03\/eugenia-gallardo.png",548,355,false]},"author_info":{"display_name":"apuntesdesanluis.com","author_link":"https:\/\/apuntesdesanluis.com\/index.php\/author\/apuntesdesanluis-com\/"},"category_info":"<a href=\"https:\/\/apuntesdesanluis.com\/index.php\/category\/ciudad-provincia\/\" rel=\"category tag\">Ciudad\/Provincia<\/a>","tag_info":"Ciudad\/Provincia","comment_count":"0","_links":{"self":[{"href":"https:\/\/apuntesdesanluis.com\/index.php\/wp-json\/wp\/v2\/posts\/30879","targetHints":{"allow":["GET"]}}],"collection":[{"href":"https:\/\/apuntesdesanluis.com\/index.php\/wp-json\/wp\/v2\/posts"}],"about":[{"href":"https:\/\/apuntesdesanluis.com\/index.php\/wp-json\/wp\/v2\/types\/post"}],"author":[{"embeddable":true,"href":"https:\/\/apuntesdesanluis.com\/index.php\/wp-json\/wp\/v2\/users\/1"}],"replies":[{"embeddable":true,"href":"https:\/\/apuntesdesanluis.com\/index.php\/wp-json\/wp\/v2\/comments?post=30879"}],"version-history":[{"count":1,"href":"https:\/\/apuntesdesanluis.com\/index.php\/wp-json\/wp\/v2\/posts\/30879\/revisions"}],"predecessor-version":[{"id":30880,"href":"https:\/\/apuntesdesanluis.com\/index.php\/wp-json\/wp\/v2\/posts\/30879\/revisions\/30880"}],"wp:featuredmedia":[{"embeddable":true,"href":"https:\/\/apuntesdesanluis.com\/index.php\/wp-json\/wp\/v2\/media\/30876"}],"wp:attachment":[{"href":"https:\/\/apuntesdesanluis.com\/index.php\/wp-json\/wp\/v2\/media?parent=30879"}],"wp:term":[{"taxonomy":"category","embeddable":true,"href":"https:\/\/apuntesdesanluis.com\/index.php\/wp-json\/wp\/v2\/categories?post=30879"},{"taxonomy":"post_tag","embeddable":true,"href":"https:\/\/apuntesdesanluis.com\/index.php\/wp-json\/wp\/v2\/tags?post=30879"}],"curies":[{"name":"wp","href":"https:\/\/api.w.org\/{rel}","templated":true}]}}