{"id":30898,"date":"2025-03-26T21:38:02","date_gmt":"2025-03-27T00:38:02","guid":{"rendered":"https:\/\/apuntesdesanluis.com\/?p=30898"},"modified":"2025-03-26T21:41:38","modified_gmt":"2025-03-27T00:41:38","slug":"expectativa-por-la-posible-declaracion-de-dalma-y-giannina-maradona","status":"publish","type":"post","link":"https:\/\/apuntesdesanluis.com\/index.php\/2025\/03\/26\/expectativa-por-la-posible-declaracion-de-dalma-y-giannina-maradona\/","title":{"rendered":"EXPECTATIVA POR LA POSIBLE DECLARACI\u00d3N DE DALMA Y GIANNINA MARADONA"},"content":{"rendered":"<h3>El Tribunal Oral en lo Criminal N\u00b0 3 de San Isidro realizar\u00e1 este jueves la sexta audiencia del juicio oral y p\u00fablico por la muerte de <strong>Diego Armando Maradona<\/strong>, al tiempo que se espera que declaren sus hijas <strong>Dalma<\/strong> y <strong>Giannina<\/strong>.<\/h3>\n<h3>La citaci\u00f3n es a las 9 y se trata de una audiencia clave a ra\u00edz de que ambas se referir\u00e1n a c\u00f3mo Maradona pas\u00f3 sus \u00faltimos d\u00edas en la residencia del barrio San Andr\u00e9s luego de ser externado de la cl\u00ednica Olivos.<\/h3>\n<h3>El martes, otra de las hijas del astro, <strong>Jana<\/strong>, sostuvo que el neurocirujano <strong>Leopoldo Luque<\/strong> y la psiquiatra <strong>Agustina Cosachov<\/strong> fueron &#8220;los m\u00e9dicos de cabecera&#8221; de su progenitor.<\/h3>\n<h3>La joven, de 28 a\u00f1os, ratific\u00f3 que fue Luque quien sugiri\u00f3 ese country de Tigre como residencia provisoria de Maradona: &#8220;No ten\u00eda motivos para desconfiar de un m\u00e9dico a quien mi pap\u00e1 amaba&#8221;.<\/h3>\n<h3>Adem\u00e1s, relat\u00f3 que solamente estuvo &#8220;dos veces&#8221; con su padre en ese lugar: &#8220;La primera vez, con Giannina, y estaba bien; la segunda, lo not\u00e9 hinchado y de mal humor&#8221;.<\/h3>\n<h3>Luego confi\u00f3 que el psic\u00f3logo Carlos D\u00edaz le pidi\u00f3 a ella y sus hermanas (Dalma y Giannina) que solamente fueran por pedido de su padre, pero al no tener novedades decidi\u00f3 ir al country el 25 de noviembre de 2020.<\/h3>\n<h3>Sin embargo, en el trayecto, a bordo de un remis, Jana se enter\u00f3 de la muerte del ex jugador, a trav\u00e9s de la radio y de algunos mensajes que hab\u00eda recibido en su tel\u00e9fono celular.<\/h3>\n<h3>Por su parte, Julio C\u00e9sar Coria, uno de los custodios de Diego, fue detenido por falso testimonio y posible riesgo de fuga.<\/h3>\n<h3>El jefe de seguridad de &#8220;Pelusa&#8221; fue la persona que le hizo respiraci\u00f3n boca a boca a Maradona el 25 de noviembre de 2020, el d\u00eda de la muerte del ex jugador ocurrida en la residencia del barrio cerrado situado en el partido bonaerense de Tigre.<\/h3>\n<h3>Durante su declaraci\u00f3n, el hombre afirm\u00f3 que observ\u00f3 a Cosachov realizarle maniobras de reanimaci\u00f3n cardiopulmonar al paciente, un dato que nunca coment\u00f3 en otras oportunidades.<\/h3>\n<h3>Adem\u00e1s, mencion\u00f3 que entre el 11 y el 25 de noviembre de 2020 no convers\u00f3 con Luque, pero los magistrados leyeron unos chats que lo desmintieron.<\/h3>\n<h3><\/h3>\n<h3><\/h3>\n<p>&nbsp;<\/p>\n","protected":false},"excerpt":{"rendered":"<p>El Tribunal Oral en lo Criminal N\u00b0 3 de San Isidro realizar\u00e1 este jueves la&#8230;<\/p>\n","protected":false},"author":1,"featured_media":30899,"comment_status":"closed","ping_status":"closed","sticky":false,"template":"","format":"standard","meta":{"footnotes":""},"categories":[5],"tags":[],"class_list":["post-30898","post","type-post","status-publish","format-standard","has-post-thumbnail","hentry","category-nacionales-internacionales"],"yoast_head":"<!-- This site is optimized with the Yoast SEO plugin v26.1.1 - https:\/\/yoast.com\/wordpress\/plugins\/seo\/ -->\n<title>EXPECTATIVA POR LA POSIBLE DECLARACI\u00d3N DE DALMA Y GIANNINA MARADONA - Apuntes de San Luis<\/title>\n<meta name=\"robots\" content=\"index, follow, max-snippet:-1, max-image-preview:large, max-video-preview:-1\" \/>\n<link rel=\"canonical\" href=\"https:\/\/apuntesdesanluis.com\/index.php\/2025\/03\/26\/expectativa-por-la-posible-declaracion-de-dalma-y-giannina-maradona\/\" \/>\n<meta property=\"og:locale\" content=\"es_ES\" \/>\n<meta property=\"og:type\" content=\"article\" \/>\n<meta property=\"og:title\" content=\"EXPECTATIVA POR LA POSIBLE DECLARACI\u00d3N DE DALMA Y GIANNINA MARADONA - Apuntes de San Luis\" \/>\n<meta property=\"og:description\" content=\"El Tribunal Oral en lo Criminal N\u00b0 3 de San Isidro realizar\u00e1 este jueves la...\" \/>\n<meta property=\"og:url\" content=\"https:\/\/apuntesdesanluis.com\/index.php\/2025\/03\/26\/expectativa-por-la-posible-declaracion-de-dalma-y-giannina-maradona\/\" \/>\n<meta property=\"og:site_name\" content=\"Apuntes de San Luis\" \/>\n<meta property=\"article:published_time\" content=\"2025-03-27T00:38:02+00:00\" \/>\n<meta property=\"article:modified_time\" content=\"2025-03-27T00:41:38+00:00\" \/>\n<meta property=\"og:image\" content=\"https:\/\/apuntesdesanluis.com\/wp-content\/uploads\/2025\/03\/dalma-y-gianina.png\" \/>\n\t<meta property=\"og:image:width\" content=\"564\" \/>\n\t<meta property=\"og:image:height\" content=\"403\" \/>\n\t<meta property=\"og:image:type\" content=\"image\/png\" \/>\n<meta name=\"author\" content=\"apuntesdesanluis.com\" \/>\n<meta name=\"twitter:card\" content=\"summary_large_image\" \/>\n<meta name=\"twitter:label1\" content=\"Escrito por\" \/>\n\t<meta name=\"twitter:data1\" content=\"apuntesdesanluis.com\" \/>\n\t<meta name=\"twitter:label2\" content=\"Tiempo de lectura\" \/>\n\t<meta name=\"twitter:data2\" content=\"2 minutos\" \/>\n<script type=\"application\/ld+json\" class=\"yoast-schema-graph\">{\"@context\":\"https:\/\/schema.org\",\"@graph\":[{\"@type\":\"Article\",\"@id\":\"https:\/\/apuntesdesanluis.com\/index.php\/2025\/03\/26\/expectativa-por-la-posible-declaracion-de-dalma-y-giannina-maradona\/#article\",\"isPartOf\":{\"@id\":\"https:\/\/apuntesdesanluis.com\/index.php\/2025\/03\/26\/expectativa-por-la-posible-declaracion-de-dalma-y-giannina-maradona\/\"},\"author\":{\"name\":\"apuntesdesanluis.com\",\"@id\":\"https:\/\/apuntesdesanluis.com\/#\/schema\/person\/b55151d52296fcce64d1a72538a70b90\"},\"headline\":\"EXPECTATIVA POR LA POSIBLE DECLARACI\u00d3N DE DALMA Y GIANNINA MARADONA\",\"datePublished\":\"2025-03-27T00:38:02+00:00\",\"dateModified\":\"2025-03-27T00:41:38+00:00\",\"mainEntityOfPage\":{\"@id\":\"https:\/\/apuntesdesanluis.com\/index.php\/2025\/03\/26\/expectativa-por-la-posible-declaracion-de-dalma-y-giannina-maradona\/\"},\"wordCount\":394,\"publisher\":{\"@id\":\"https:\/\/apuntesdesanluis.com\/#\/schema\/person\/b55151d52296fcce64d1a72538a70b90\"},\"image\":{\"@id\":\"https:\/\/apuntesdesanluis.com\/index.php\/2025\/03\/26\/expectativa-por-la-posible-declaracion-de-dalma-y-giannina-maradona\/#primaryimage\"},\"thumbnailUrl\":\"https:\/\/apuntesdesanluis.com\/wp-content\/uploads\/2025\/03\/dalma-y-gianina.png\",\"articleSection\":[\"Nacionales\/Internacionales\"],\"inLanguage\":\"es-AR\"},{\"@type\":\"WebPage\",\"@id\":\"https:\/\/apuntesdesanluis.com\/index.php\/2025\/03\/26\/expectativa-por-la-posible-declaracion-de-dalma-y-giannina-maradona\/\",\"url\":\"https:\/\/apuntesdesanluis.com\/index.php\/2025\/03\/26\/expectativa-por-la-posible-declaracion-de-dalma-y-giannina-maradona\/\",\"name\":\"EXPECTATIVA POR LA POSIBLE DECLARACI\u00d3N DE DALMA Y GIANNINA MARADONA - Apuntes de San Luis\",\"isPartOf\":{\"@id\":\"https:\/\/apuntesdesanluis.com\/#website\"},\"primaryImageOfPage\":{\"@id\":\"https:\/\/apuntesdesanluis.com\/index.php\/2025\/03\/26\/expectativa-por-la-posible-declaracion-de-dalma-y-giannina-maradona\/#primaryimage\"},\"image\":{\"@id\":\"https:\/\/apuntesdesanluis.com\/index.php\/2025\/03\/26\/expectativa-por-la-posible-declaracion-de-dalma-y-giannina-maradona\/#primaryimage\"},\"thumbnailUrl\":\"https:\/\/apuntesdesanluis.com\/wp-content\/uploads\/2025\/03\/dalma-y-gianina.png\",\"datePublished\":\"2025-03-27T00:38:02+00:00\",\"dateModified\":\"2025-03-27T00:41:38+00:00\",\"breadcrumb\":{\"@id\":\"https:\/\/apuntesdesanluis.com\/index.php\/2025\/03\/26\/expectativa-por-la-posible-declaracion-de-dalma-y-giannina-maradona\/#breadcrumb\"},\"inLanguage\":\"es-AR\",\"potentialAction\":[{\"@type\":\"ReadAction\",\"target\":[\"https:\/\/apuntesdesanluis.com\/index.php\/2025\/03\/26\/expectativa-por-la-posible-declaracion-de-dalma-y-giannina-maradona\/\"]}]},{\"@type\":\"ImageObject\",\"inLanguage\":\"es-AR\",\"@id\":\"https:\/\/apuntesdesanluis.com\/index.php\/2025\/03\/26\/expectativa-por-la-posible-declaracion-de-dalma-y-giannina-maradona\/#primaryimage\",\"url\":\"https:\/\/apuntesdesanluis.com\/wp-content\/uploads\/2025\/03\/dalma-y-gianina.png\",\"contentUrl\":\"https:\/\/apuntesdesanluis.com\/wp-content\/uploads\/2025\/03\/dalma-y-gianina.png\",\"width\":564,\"height\":403},{\"@type\":\"BreadcrumbList\",\"@id\":\"https:\/\/apuntesdesanluis.com\/index.php\/2025\/03\/26\/expectativa-por-la-posible-declaracion-de-dalma-y-giannina-maradona\/#breadcrumb\",\"itemListElement\":[{\"@type\":\"ListItem\",\"position\":1,\"name\":\"Inicio\",\"item\":\"https:\/\/apuntesdesanluis.com\/\"},{\"@type\":\"ListItem\",\"position\":2,\"name\":\"EXPECTATIVA POR LA POSIBLE DECLARACI\u00d3N DE DALMA Y GIANNINA MARADONA\"}]},{\"@type\":\"WebSite\",\"@id\":\"https:\/\/apuntesdesanluis.com\/#website\",\"url\":\"https:\/\/apuntesdesanluis.com\/\",\"name\":\"Apuntes de San Luis\",\"description\":\"\",\"publisher\":{\"@id\":\"https:\/\/apuntesdesanluis.com\/#\/schema\/person\/b55151d52296fcce64d1a72538a70b90\"},\"potentialAction\":[{\"@type\":\"SearchAction\",\"target\":{\"@type\":\"EntryPoint\",\"urlTemplate\":\"https:\/\/apuntesdesanluis.com\/?s={search_term_string}\"},\"query-input\":{\"@type\":\"PropertyValueSpecification\",\"valueRequired\":true,\"valueName\":\"search_term_string\"}}],\"inLanguage\":\"es-AR\"},{\"@type\":[\"Person\",\"Organization\"],\"@id\":\"https:\/\/apuntesdesanluis.com\/#\/schema\/person\/b55151d52296fcce64d1a72538a70b90\",\"name\":\"apuntesdesanluis.com\",\"image\":{\"@type\":\"ImageObject\",\"inLanguage\":\"es-AR\",\"@id\":\"https:\/\/apuntesdesanluis.com\/#\/schema\/person\/image\/\",\"url\":\"https:\/\/apuntesdesanluis.com\/wp-content\/uploads\/2023\/07\/cropped-apuntesdesanluis.png\",\"contentUrl\":\"https:\/\/apuntesdesanluis.com\/wp-content\/uploads\/2023\/07\/cropped-apuntesdesanluis.png\",\"width\":450,\"height\":112,\"caption\":\"apuntesdesanluis.com\"},\"logo\":{\"@id\":\"https:\/\/apuntesdesanluis.com\/#\/schema\/person\/image\/\"},\"sameAs\":[\"https:\/\/apuntesdesanluis.com\"],\"url\":\"https:\/\/apuntesdesanluis.com\/index.php\/author\/apuntesdesanluis-com\/\"}]}<\/script>\n<!-- \/ Yoast SEO plugin. -->","yoast_head_json":{"title":"EXPECTATIVA POR LA POSIBLE DECLARACI\u00d3N DE DALMA Y GIANNINA MARADONA - Apuntes de San Luis","robots":{"index":"index","follow":"follow","max-snippet":"max-snippet:-1","max-image-preview":"max-image-preview:large","max-video-preview":"max-video-preview:-1"},"canonical":"https:\/\/apuntesdesanluis.com\/index.php\/2025\/03\/26\/expectativa-por-la-posible-declaracion-de-dalma-y-giannina-maradona\/","og_locale":"es_ES","og_type":"article","og_title":"EXPECTATIVA POR LA POSIBLE DECLARACI\u00d3N DE DALMA Y GIANNINA MARADONA - Apuntes de San Luis","og_description":"El Tribunal Oral en lo Criminal N\u00b0 3 de San Isidro realizar\u00e1 este jueves la...","og_url":"https:\/\/apuntesdesanluis.com\/index.php\/2025\/03\/26\/expectativa-por-la-posible-declaracion-de-dalma-y-giannina-maradona\/","og_site_name":"Apuntes de San Luis","article_published_time":"2025-03-27T00:38:02+00:00","article_modified_time":"2025-03-27T00:41:38+00:00","og_image":[{"width":564,"height":403,"url":"https:\/\/apuntesdesanluis.com\/wp-content\/uploads\/2025\/03\/dalma-y-gianina.png","type":"image\/png"}],"author":"apuntesdesanluis.com","twitter_card":"summary_large_image","twitter_misc":{"Escrito por":"apuntesdesanluis.com","Tiempo de lectura":"2 minutos"},"schema":{"@context":"https:\/\/schema.org","@graph":[{"@type":"Article","@id":"https:\/\/apuntesdesanluis.com\/index.php\/2025\/03\/26\/expectativa-por-la-posible-declaracion-de-dalma-y-giannina-maradona\/#article","isPartOf":{"@id":"https:\/\/apuntesdesanluis.com\/index.php\/2025\/03\/26\/expectativa-por-la-posible-declaracion-de-dalma-y-giannina-maradona\/"},"author":{"name":"apuntesdesanluis.com","@id":"https:\/\/apuntesdesanluis.com\/#\/schema\/person\/b55151d52296fcce64d1a72538a70b90"},"headline":"EXPECTATIVA POR LA POSIBLE DECLARACI\u00d3N DE DALMA Y GIANNINA MARADONA","datePublished":"2025-03-27T00:38:02+00:00","dateModified":"2025-03-27T00:41:38+00:00","mainEntityOfPage":{"@id":"https:\/\/apuntesdesanluis.com\/index.php\/2025\/03\/26\/expectativa-por-la-posible-declaracion-de-dalma-y-giannina-maradona\/"},"wordCount":394,"publisher":{"@id":"https:\/\/apuntesdesanluis.com\/#\/schema\/person\/b55151d52296fcce64d1a72538a70b90"},"image":{"@id":"https:\/\/apuntesdesanluis.com\/index.php\/2025\/03\/26\/expectativa-por-la-posible-declaracion-de-dalma-y-giannina-maradona\/#primaryimage"},"thumbnailUrl":"https:\/\/apuntesdesanluis.com\/wp-content\/uploads\/2025\/03\/dalma-y-gianina.png","articleSection":["Nacionales\/Internacionales"],"inLanguage":"es-AR"},{"@type":"WebPage","@id":"https:\/\/apuntesdesanluis.com\/index.php\/2025\/03\/26\/expectativa-por-la-posible-declaracion-de-dalma-y-giannina-maradona\/","url":"https:\/\/apuntesdesanluis.com\/index.php\/2025\/03\/26\/expectativa-por-la-posible-declaracion-de-dalma-y-giannina-maradona\/","name":"EXPECTATIVA POR LA POSIBLE DECLARACI\u00d3N DE DALMA Y GIANNINA MARADONA - Apuntes de San Luis","isPartOf":{"@id":"https:\/\/apuntesdesanluis.com\/#website"},"primaryImageOfPage":{"@id":"https:\/\/apuntesdesanluis.com\/index.php\/2025\/03\/26\/expectativa-por-la-posible-declaracion-de-dalma-y-giannina-maradona\/#primaryimage"},"image":{"@id":"https:\/\/apuntesdesanluis.com\/index.php\/2025\/03\/26\/expectativa-por-la-posible-declaracion-de-dalma-y-giannina-maradona\/#primaryimage"},"thumbnailUrl":"https:\/\/apuntesdesanluis.com\/wp-content\/uploads\/2025\/03\/dalma-y-gianina.png","datePublished":"2025-03-27T00:38:02+00:00","dateModified":"2025-03-27T00:41:38+00:00","breadcrumb":{"@id":"https:\/\/apuntesdesanluis.com\/index.php\/2025\/03\/26\/expectativa-por-la-posible-declaracion-de-dalma-y-giannina-maradona\/#breadcrumb"},"inLanguage":"es-AR","potentialAction":[{"@type":"ReadAction","target":["https:\/\/apuntesdesanluis.com\/index.php\/2025\/03\/26\/expectativa-por-la-posible-declaracion-de-dalma-y-giannina-maradona\/"]}]},{"@type":"ImageObject","inLanguage":"es-AR","@id":"https:\/\/apuntesdesanluis.com\/index.php\/2025\/03\/26\/expectativa-por-la-posible-declaracion-de-dalma-y-giannina-maradona\/#primaryimage","url":"https:\/\/apuntesdesanluis.com\/wp-content\/uploads\/2025\/03\/dalma-y-gianina.png","contentUrl":"https:\/\/apuntesdesanluis.com\/wp-content\/uploads\/2025\/03\/dalma-y-gianina.png","width":564,"height":403},{"@type":"BreadcrumbList","@id":"https:\/\/apuntesdesanluis.com\/index.php\/2025\/03\/26\/expectativa-por-la-posible-declaracion-de-dalma-y-giannina-maradona\/#breadcrumb","itemListElement":[{"@type":"ListItem","position":1,"name":"Inicio","item":"https:\/\/apuntesdesanluis.com\/"},{"@type":"ListItem","position":2,"name":"EXPECTATIVA POR LA POSIBLE DECLARACI\u00d3N DE DALMA Y GIANNINA MARADONA"}]},{"@type":"WebSite","@id":"https:\/\/apuntesdesanluis.com\/#website","url":"https:\/\/apuntesdesanluis.com\/","name":"Apuntes de San Luis","description":"","publisher":{"@id":"https:\/\/apuntesdesanluis.com\/#\/schema\/person\/b55151d52296fcce64d1a72538a70b90"},"potentialAction":[{"@type":"SearchAction","target":{"@type":"EntryPoint","urlTemplate":"https:\/\/apuntesdesanluis.com\/?s={search_term_string}"},"query-input":{"@type":"PropertyValueSpecification","valueRequired":true,"valueName":"search_term_string"}}],"inLanguage":"es-AR"},{"@type":["Person","Organization"],"@id":"https:\/\/apuntesdesanluis.com\/#\/schema\/person\/b55151d52296fcce64d1a72538a70b90","name":"apuntesdesanluis.com","image":{"@type":"ImageObject","inLanguage":"es-AR","@id":"https:\/\/apuntesdesanluis.com\/#\/schema\/person\/image\/","url":"https:\/\/apuntesdesanluis.com\/wp-content\/uploads\/2023\/07\/cropped-apuntesdesanluis.png","contentUrl":"https:\/\/apuntesdesanluis.com\/wp-content\/uploads\/2023\/07\/cropped-apuntesdesanluis.png","width":450,"height":112,"caption":"apuntesdesanluis.com"},"logo":{"@id":"https:\/\/apuntesdesanluis.com\/#\/schema\/person\/image\/"},"sameAs":["https:\/\/apuntesdesanluis.com"],"url":"https:\/\/apuntesdesanluis.com\/index.php\/author\/apuntesdesanluis-com\/"}]}},"featured_image_urls":{"full":["https:\/\/apuntesdesanluis.com\/wp-content\/uploads\/2025\/03\/dalma-y-gianina.png",564,403,false],"thumbnail":["https:\/\/apuntesdesanluis.com\/wp-content\/uploads\/2025\/03\/dalma-y-gianina-150x150.png",150,150,true],"medium":["https:\/\/apuntesdesanluis.com\/wp-content\/uploads\/2025\/03\/dalma-y-gianina-300x214.png",300,214,true],"medium_large":["https:\/\/apuntesdesanluis.com\/wp-content\/uploads\/2025\/03\/dalma-y-gianina.png",564,403,false],"large":["https:\/\/apuntesdesanluis.com\/wp-content\/uploads\/2025\/03\/dalma-y-gianina.png",564,403,false],"1536x1536":["https:\/\/apuntesdesanluis.com\/wp-content\/uploads\/2025\/03\/dalma-y-gianina.png",564,403,false],"2048x2048":["https:\/\/apuntesdesanluis.com\/wp-content\/uploads\/2025\/03\/dalma-y-gianina.png",564,403,false],"newsever-slider-full":["https:\/\/apuntesdesanluis.com\/wp-content\/uploads\/2025\/03\/dalma-y-gianina.png",564,403,false],"newsever-featured":["https:\/\/apuntesdesanluis.com\/wp-content\/uploads\/2025\/03\/dalma-y-gianina.png",564,403,false],"newsever-medium":["https:\/\/apuntesdesanluis.com\/wp-content\/uploads\/2025\/03\/dalma-y-gianina.png",564,403,false]},"author_info":{"display_name":"apuntesdesanluis.com","author_link":"https:\/\/apuntesdesanluis.com\/index.php\/author\/apuntesdesanluis-com\/"},"category_info":"<a href=\"https:\/\/apuntesdesanluis.com\/index.php\/category\/nacionales-internacionales\/\" rel=\"category tag\">Nacionales\/Internacionales<\/a>","tag_info":"Nacionales\/Internacionales","comment_count":"0","_links":{"self":[{"href":"https:\/\/apuntesdesanluis.com\/index.php\/wp-json\/wp\/v2\/posts\/30898","targetHints":{"allow":["GET"]}}],"collection":[{"href":"https:\/\/apuntesdesanluis.com\/index.php\/wp-json\/wp\/v2\/posts"}],"about":[{"href":"https:\/\/apuntesdesanluis.com\/index.php\/wp-json\/wp\/v2\/types\/post"}],"author":[{"embeddable":true,"href":"https:\/\/apuntesdesanluis.com\/index.php\/wp-json\/wp\/v2\/users\/1"}],"replies":[{"embeddable":true,"href":"https:\/\/apuntesdesanluis.com\/index.php\/wp-json\/wp\/v2\/comments?post=30898"}],"version-history":[{"count":1,"href":"https:\/\/apuntesdesanluis.com\/index.php\/wp-json\/wp\/v2\/posts\/30898\/revisions"}],"predecessor-version":[{"id":30900,"href":"https:\/\/apuntesdesanluis.com\/index.php\/wp-json\/wp\/v2\/posts\/30898\/revisions\/30900"}],"wp:featuredmedia":[{"embeddable":true,"href":"https:\/\/apuntesdesanluis.com\/index.php\/wp-json\/wp\/v2\/media\/30899"}],"wp:attachment":[{"href":"https:\/\/apuntesdesanluis.com\/index.php\/wp-json\/wp\/v2\/media?parent=30898"}],"wp:term":[{"taxonomy":"category","embeddable":true,"href":"https:\/\/apuntesdesanluis.com\/index.php\/wp-json\/wp\/v2\/categories?post=30898"},{"taxonomy":"post_tag","embeddable":true,"href":"https:\/\/apuntesdesanluis.com\/index.php\/wp-json\/wp\/v2\/tags?post=30898"}],"curies":[{"name":"wp","href":"https:\/\/api.w.org\/{rel}","templated":true}]}}