{"id":3090,"date":"2023-09-11T18:36:42","date_gmt":"2023-09-11T21:36:42","guid":{"rendered":"https:\/\/apuntesdesanluis.com\/?p=3090"},"modified":"2023-09-11T18:36:42","modified_gmt":"2023-09-11T21:36:42","slug":"dia-del-maestro-orgullo-y-reconocimiento-a-la-labor-docente-en-la-provincia","status":"publish","type":"post","link":"https:\/\/apuntesdesanluis.com\/index.php\/2023\/09\/11\/dia-del-maestro-orgullo-y-reconocimiento-a-la-labor-docente-en-la-provincia\/","title":{"rendered":"D\u00cdA DEL MAESTRO: ORGULLO Y RECONOCIMIENTO A LA LABOR DOCENTE EN LA PROVINCIA"},"content":{"rendered":"<h3 class=\"yiv7409174924ydp6329976emsonormal\" style=\"text-align: justify; background: white;\"><span style=\"font-family: 'Arial','sans-serif'; color: #1d2228;\">El tradicional festejo tuvo su sede oficial en la localidad de San Francisco del Monte de Oro y cont\u00f3 con la presencia de toda la comunidad educativa que celebr\u00f3 el trabajo de los profesionales de la educaci\u00f3n. Participaron docentes, estudiantes, directivos y la titular del Ministerio de Educaci\u00f3n, Eugenia Cantaloube, adem\u00e1s de autoridades locales y vecinos.<\/span><\/h3>\n<h3 class=\"yiv7409174924ydp6329976emsonormal\" style=\"text-align: justify; background: white;\"><span style=\"font-family: 'Arial','sans-serif'; color: #1d2228;\">El acto central se desarroll\u00f3 en el Solar Hist\u00f3rico de la localidad en conmemoraci\u00f3n del 134\u00b0 Aniversario del fallecimiento de Domingo Faustino Sarmiento, donde se rindi\u00f3 homenaje a todos los maestros en su d\u00eda.<\/span><\/h3>\n<h3 class=\"yiv7409174924ydp6329976emsonormal\" style=\"text-align: justify; background: white;\"><span style=\"font-family: 'Arial','sans-serif'; color: #1d2228;\">La ceremonia inici\u00f3 con la entrada de la Banda Policial, dando luego paso a entonar nuestro Himno Nacional y en conmemoraci\u00f3n al padre del aula, el himno a Sarmiento. Tambi\u00e9n se realiz\u00f3 la ofrenda a Sarmiento, que estuvo a cargo del intendente municipal, Jerem\u00edas Vivas; la ministra de Educaci\u00f3n, Eugenia Cantaloube y el director de la Banda Policial, sargento primero Gustavo Reinoso.<\/span><\/h3>\n<h3 class=\"yiv7409174924ydp6329976emsonormal\" style=\"text-align: justify; background: white;\"><span style=\"font-family: 'Arial','sans-serif'; color: #1d2228;\">\u201cLos que hoy estamos ac\u00e1 y much\u00edsimos m\u00e1s, sabemos que la \u00fanica construcci\u00f3n del futuro real formal, lleno de esperanza, de sabidur\u00eda, es la educaci\u00f3n. Yo estoy orgullosa de poder participar, de decirles feliz d\u00eda, hay d\u00edas tristes, d\u00edas complejos, pero ver a los chicos a los ojos y verlos felices, saber que juntos podemos aprender y ense\u00f1ar, eso nos llena de esperanza\u201d, mencion\u00f3 la ministra Cantaloube.<\/span><\/h3>\n<h3 class=\"yiv7409174924ydp6329976emsonormal\" style=\"text-align: justify; background: white;\"><span style=\"font-family: 'Arial','sans-serif'; color: #1d2228;\"> <img fetchpriority=\"high\" decoding=\"async\" class=\"wp-image-3092 aligncenter\" src=\"https:\/\/apuntesdesanluis.com\/wp-content\/uploads\/2023\/09\/acto-300x194.png\" alt=\"\" width=\"660\" height=\"427\" srcset=\"https:\/\/apuntesdesanluis.com\/wp-content\/uploads\/2023\/09\/acto-300x194.png 300w, https:\/\/apuntesdesanluis.com\/wp-content\/uploads\/2023\/09\/acto.png 600w\" sizes=\"(max-width: 660px) 100vw, 660px\" \/><\/span><\/h3>\n<h3 class=\"yiv7409174924ydp6329976emsonormal\" style=\"text-align: justify; background: white;\"><span style=\"font-family: 'Arial','sans-serif'; color: #1d2228;\">El acto tambi\u00e9n estuvo colmado de emoci\u00f3n, ya que se realiz\u00f3 un reconocimiento por parte del Consejo Deliberante de San Francisco del Monte de Oro y del Gobierno de San Luis a tres docentes jubilados: Santa Lucia Leyes, Carlos Sosa y An\u00edbal Romualdo Quiroga, quienes recibieron una Placa Conmemorativa por sus a\u00f1os de docencia.<\/span><\/h3>\n<h3 class=\"yiv7409174924ydp6329976emsonormal\" style=\"text-align: justify; background: white;\"><span style=\"font-family: 'Arial','sans-serif'; color: #1d2228;\">\u201cEstoy muy agradecido por este presente, no sab\u00eda que pod\u00eda llegar a merecer esto, he trabajado en tres escuelas, la \u00faltima fue en Pozo del Tala donde culmin\u00e9 mi carrera docente. Estoy muy agradecido en especial a la gente con la cual me toc\u00f3 trabajar, con toda esa gente tan linda que la recuerdo con much\u00edsimo cari\u00f1o\u201d, mencion\u00f3 emocionado Carlos Sosa, uno de los docentes jubilados.<\/span><\/h3>\n<h3 class=\"yiv7409174924ydp6329976emsonormal\" style=\"text-align: justify; background: white;\"><span style=\"font-family: 'Arial','sans-serif'; color: #1d2228;\">Para la parte art\u00edstica del acto, realizaron su presentaci\u00f3n las academias de danzas folcl\u00f3ricas locales Reto\u00f1os de mi Tierra, Estirpe Gaucha, Renacer Serrano, Aromas de mi Pago y El Azud, que bailaron ritmos de cueca y gato interpretados por la Banda de M\u00fasica de la Polic\u00eda de la Provincia de San Luis, donde el p\u00fablico en general se mostr\u00f3 muy contento y los docentes vivieron una jornada a pura m\u00fasica celebrando de esta forma su tan merecido d\u00eda.<\/span><\/h3>\n","protected":false},"excerpt":{"rendered":"<p>El tradicional festejo tuvo su sede oficial en la localidad de San Francisco del Monte&#8230;<\/p>\n","protected":false},"author":1,"featured_media":3091,"comment_status":"closed","ping_status":"closed","sticky":false,"template":"","format":"standard","meta":{"footnotes":""},"categories":[6],"tags":[],"class_list":["post-3090","post","type-post","status-publish","format-standard","has-post-thumbnail","hentry","category-ciudad-provincia"],"yoast_head":"<!-- This site is optimized with the Yoast SEO plugin v26.1.1 - https:\/\/yoast.com\/wordpress\/plugins\/seo\/ -->\n<title>D\u00cdA DEL MAESTRO: ORGULLO Y RECONOCIMIENTO A LA LABOR DOCENTE EN LA PROVINCIA - Apuntes de San Luis<\/title>\n<meta name=\"robots\" content=\"index, follow, max-snippet:-1, max-image-preview:large, max-video-preview:-1\" \/>\n<link rel=\"canonical\" href=\"https:\/\/apuntesdesanluis.com\/index.php\/2023\/09\/11\/dia-del-maestro-orgullo-y-reconocimiento-a-la-labor-docente-en-la-provincia\/\" \/>\n<meta property=\"og:locale\" content=\"es_ES\" \/>\n<meta property=\"og:type\" content=\"article\" \/>\n<meta property=\"og:title\" content=\"D\u00cdA DEL MAESTRO: ORGULLO Y RECONOCIMIENTO A LA LABOR DOCENTE EN LA PROVINCIA - Apuntes de San Luis\" \/>\n<meta property=\"og:description\" content=\"El tradicional festejo tuvo su sede oficial en la localidad de San Francisco del Monte...\" \/>\n<meta property=\"og:url\" content=\"https:\/\/apuntesdesanluis.com\/index.php\/2023\/09\/11\/dia-del-maestro-orgullo-y-reconocimiento-a-la-labor-docente-en-la-provincia\/\" \/>\n<meta property=\"og:site_name\" content=\"Apuntes de San Luis\" \/>\n<meta property=\"article:published_time\" content=\"2023-09-11T21:36:42+00:00\" \/>\n<meta property=\"og:image\" content=\"https:\/\/apuntesdesanluis.com\/wp-content\/uploads\/2023\/09\/dia-del-maestro.png\" \/>\n\t<meta property=\"og:image:width\" content=\"600\" \/>\n\t<meta property=\"og:image:height\" content=\"377\" \/>\n\t<meta property=\"og:image:type\" content=\"image\/png\" \/>\n<meta name=\"author\" content=\"apuntesdesanluis.com\" \/>\n<meta name=\"twitter:card\" content=\"summary_large_image\" \/>\n<meta name=\"twitter:label1\" content=\"Escrito por\" \/>\n\t<meta name=\"twitter:data1\" content=\"apuntesdesanluis.com\" \/>\n\t<meta name=\"twitter:label2\" content=\"Tiempo de lectura\" \/>\n\t<meta name=\"twitter:data2\" content=\"3 minutos\" \/>\n<script type=\"application\/ld+json\" class=\"yoast-schema-graph\">{\"@context\":\"https:\/\/schema.org\",\"@graph\":[{\"@type\":\"Article\",\"@id\":\"https:\/\/apuntesdesanluis.com\/index.php\/2023\/09\/11\/dia-del-maestro-orgullo-y-reconocimiento-a-la-labor-docente-en-la-provincia\/#article\",\"isPartOf\":{\"@id\":\"https:\/\/apuntesdesanluis.com\/index.php\/2023\/09\/11\/dia-del-maestro-orgullo-y-reconocimiento-a-la-labor-docente-en-la-provincia\/\"},\"author\":{\"name\":\"apuntesdesanluis.com\",\"@id\":\"https:\/\/apuntesdesanluis.com\/#\/schema\/person\/b55151d52296fcce64d1a72538a70b90\"},\"headline\":\"D\u00cdA DEL MAESTRO: ORGULLO Y RECONOCIMIENTO A LA LABOR DOCENTE EN LA PROVINCIA\",\"datePublished\":\"2023-09-11T21:36:42+00:00\",\"mainEntityOfPage\":{\"@id\":\"https:\/\/apuntesdesanluis.com\/index.php\/2023\/09\/11\/dia-del-maestro-orgullo-y-reconocimiento-a-la-labor-docente-en-la-provincia\/\"},\"wordCount\":466,\"publisher\":{\"@id\":\"https:\/\/apuntesdesanluis.com\/#\/schema\/person\/b55151d52296fcce64d1a72538a70b90\"},\"image\":{\"@id\":\"https:\/\/apuntesdesanluis.com\/index.php\/2023\/09\/11\/dia-del-maestro-orgullo-y-reconocimiento-a-la-labor-docente-en-la-provincia\/#primaryimage\"},\"thumbnailUrl\":\"https:\/\/apuntesdesanluis.com\/wp-content\/uploads\/2023\/09\/dia-del-maestro.png\",\"articleSection\":[\"Ciudad\/Provincia\"],\"inLanguage\":\"es-AR\"},{\"@type\":\"WebPage\",\"@id\":\"https:\/\/apuntesdesanluis.com\/index.php\/2023\/09\/11\/dia-del-maestro-orgullo-y-reconocimiento-a-la-labor-docente-en-la-provincia\/\",\"url\":\"https:\/\/apuntesdesanluis.com\/index.php\/2023\/09\/11\/dia-del-maestro-orgullo-y-reconocimiento-a-la-labor-docente-en-la-provincia\/\",\"name\":\"D\u00cdA DEL MAESTRO: ORGULLO Y RECONOCIMIENTO A LA LABOR DOCENTE EN LA PROVINCIA - Apuntes de San Luis\",\"isPartOf\":{\"@id\":\"https:\/\/apuntesdesanluis.com\/#website\"},\"primaryImageOfPage\":{\"@id\":\"https:\/\/apuntesdesanluis.com\/index.php\/2023\/09\/11\/dia-del-maestro-orgullo-y-reconocimiento-a-la-labor-docente-en-la-provincia\/#primaryimage\"},\"image\":{\"@id\":\"https:\/\/apuntesdesanluis.com\/index.php\/2023\/09\/11\/dia-del-maestro-orgullo-y-reconocimiento-a-la-labor-docente-en-la-provincia\/#primaryimage\"},\"thumbnailUrl\":\"https:\/\/apuntesdesanluis.com\/wp-content\/uploads\/2023\/09\/dia-del-maestro.png\",\"datePublished\":\"2023-09-11T21:36:42+00:00\",\"breadcrumb\":{\"@id\":\"https:\/\/apuntesdesanluis.com\/index.php\/2023\/09\/11\/dia-del-maestro-orgullo-y-reconocimiento-a-la-labor-docente-en-la-provincia\/#breadcrumb\"},\"inLanguage\":\"es-AR\",\"potentialAction\":[{\"@type\":\"ReadAction\",\"target\":[\"https:\/\/apuntesdesanluis.com\/index.php\/2023\/09\/11\/dia-del-maestro-orgullo-y-reconocimiento-a-la-labor-docente-en-la-provincia\/\"]}]},{\"@type\":\"ImageObject\",\"inLanguage\":\"es-AR\",\"@id\":\"https:\/\/apuntesdesanluis.com\/index.php\/2023\/09\/11\/dia-del-maestro-orgullo-y-reconocimiento-a-la-labor-docente-en-la-provincia\/#primaryimage\",\"url\":\"https:\/\/apuntesdesanluis.com\/wp-content\/uploads\/2023\/09\/dia-del-maestro.png\",\"contentUrl\":\"https:\/\/apuntesdesanluis.com\/wp-content\/uploads\/2023\/09\/dia-del-maestro.png\",\"width\":600,\"height\":377},{\"@type\":\"BreadcrumbList\",\"@id\":\"https:\/\/apuntesdesanluis.com\/index.php\/2023\/09\/11\/dia-del-maestro-orgullo-y-reconocimiento-a-la-labor-docente-en-la-provincia\/#breadcrumb\",\"itemListElement\":[{\"@type\":\"ListItem\",\"position\":1,\"name\":\"Inicio\",\"item\":\"https:\/\/apuntesdesanluis.com\/\"},{\"@type\":\"ListItem\",\"position\":2,\"name\":\"D\u00cdA DEL MAESTRO: ORGULLO Y RECONOCIMIENTO A LA LABOR DOCENTE EN LA PROVINCIA\"}]},{\"@type\":\"WebSite\",\"@id\":\"https:\/\/apuntesdesanluis.com\/#website\",\"url\":\"https:\/\/apuntesdesanluis.com\/\",\"name\":\"Apuntes de San Luis\",\"description\":\"\",\"publisher\":{\"@id\":\"https:\/\/apuntesdesanluis.com\/#\/schema\/person\/b55151d52296fcce64d1a72538a70b90\"},\"potentialAction\":[{\"@type\":\"SearchAction\",\"target\":{\"@type\":\"EntryPoint\",\"urlTemplate\":\"https:\/\/apuntesdesanluis.com\/?s={search_term_string}\"},\"query-input\":{\"@type\":\"PropertyValueSpecification\",\"valueRequired\":true,\"valueName\":\"search_term_string\"}}],\"inLanguage\":\"es-AR\"},{\"@type\":[\"Person\",\"Organization\"],\"@id\":\"https:\/\/apuntesdesanluis.com\/#\/schema\/person\/b55151d52296fcce64d1a72538a70b90\",\"name\":\"apuntesdesanluis.com\",\"image\":{\"@type\":\"ImageObject\",\"inLanguage\":\"es-AR\",\"@id\":\"https:\/\/apuntesdesanluis.com\/#\/schema\/person\/image\/\",\"url\":\"https:\/\/apuntesdesanluis.com\/wp-content\/uploads\/2023\/07\/cropped-apuntesdesanluis.png\",\"contentUrl\":\"https:\/\/apuntesdesanluis.com\/wp-content\/uploads\/2023\/07\/cropped-apuntesdesanluis.png\",\"width\":450,\"height\":112,\"caption\":\"apuntesdesanluis.com\"},\"logo\":{\"@id\":\"https:\/\/apuntesdesanluis.com\/#\/schema\/person\/image\/\"},\"sameAs\":[\"https:\/\/apuntesdesanluis.com\"],\"url\":\"https:\/\/apuntesdesanluis.com\/index.php\/author\/apuntesdesanluis-com\/\"}]}<\/script>\n<!-- \/ Yoast SEO plugin. -->","yoast_head_json":{"title":"D\u00cdA DEL MAESTRO: ORGULLO Y RECONOCIMIENTO A LA LABOR DOCENTE EN LA PROVINCIA - Apuntes de San Luis","robots":{"index":"index","follow":"follow","max-snippet":"max-snippet:-1","max-image-preview":"max-image-preview:large","max-video-preview":"max-video-preview:-1"},"canonical":"https:\/\/apuntesdesanluis.com\/index.php\/2023\/09\/11\/dia-del-maestro-orgullo-y-reconocimiento-a-la-labor-docente-en-la-provincia\/","og_locale":"es_ES","og_type":"article","og_title":"D\u00cdA DEL MAESTRO: ORGULLO Y RECONOCIMIENTO A LA LABOR DOCENTE EN LA PROVINCIA - Apuntes de San Luis","og_description":"El tradicional festejo tuvo su sede oficial en la localidad de San Francisco del Monte...","og_url":"https:\/\/apuntesdesanluis.com\/index.php\/2023\/09\/11\/dia-del-maestro-orgullo-y-reconocimiento-a-la-labor-docente-en-la-provincia\/","og_site_name":"Apuntes de San Luis","article_published_time":"2023-09-11T21:36:42+00:00","og_image":[{"width":600,"height":377,"url":"https:\/\/apuntesdesanluis.com\/wp-content\/uploads\/2023\/09\/dia-del-maestro.png","type":"image\/png"}],"author":"apuntesdesanluis.com","twitter_card":"summary_large_image","twitter_misc":{"Escrito por":"apuntesdesanluis.com","Tiempo de lectura":"3 minutos"},"schema":{"@context":"https:\/\/schema.org","@graph":[{"@type":"Article","@id":"https:\/\/apuntesdesanluis.com\/index.php\/2023\/09\/11\/dia-del-maestro-orgullo-y-reconocimiento-a-la-labor-docente-en-la-provincia\/#article","isPartOf":{"@id":"https:\/\/apuntesdesanluis.com\/index.php\/2023\/09\/11\/dia-del-maestro-orgullo-y-reconocimiento-a-la-labor-docente-en-la-provincia\/"},"author":{"name":"apuntesdesanluis.com","@id":"https:\/\/apuntesdesanluis.com\/#\/schema\/person\/b55151d52296fcce64d1a72538a70b90"},"headline":"D\u00cdA DEL MAESTRO: ORGULLO Y RECONOCIMIENTO A LA LABOR DOCENTE EN LA PROVINCIA","datePublished":"2023-09-11T21:36:42+00:00","mainEntityOfPage":{"@id":"https:\/\/apuntesdesanluis.com\/index.php\/2023\/09\/11\/dia-del-maestro-orgullo-y-reconocimiento-a-la-labor-docente-en-la-provincia\/"},"wordCount":466,"publisher":{"@id":"https:\/\/apuntesdesanluis.com\/#\/schema\/person\/b55151d52296fcce64d1a72538a70b90"},"image":{"@id":"https:\/\/apuntesdesanluis.com\/index.php\/2023\/09\/11\/dia-del-maestro-orgullo-y-reconocimiento-a-la-labor-docente-en-la-provincia\/#primaryimage"},"thumbnailUrl":"https:\/\/apuntesdesanluis.com\/wp-content\/uploads\/2023\/09\/dia-del-maestro.png","articleSection":["Ciudad\/Provincia"],"inLanguage":"es-AR"},{"@type":"WebPage","@id":"https:\/\/apuntesdesanluis.com\/index.php\/2023\/09\/11\/dia-del-maestro-orgullo-y-reconocimiento-a-la-labor-docente-en-la-provincia\/","url":"https:\/\/apuntesdesanluis.com\/index.php\/2023\/09\/11\/dia-del-maestro-orgullo-y-reconocimiento-a-la-labor-docente-en-la-provincia\/","name":"D\u00cdA DEL MAESTRO: ORGULLO Y RECONOCIMIENTO A LA LABOR DOCENTE EN LA PROVINCIA - Apuntes de San Luis","isPartOf":{"@id":"https:\/\/apuntesdesanluis.com\/#website"},"primaryImageOfPage":{"@id":"https:\/\/apuntesdesanluis.com\/index.php\/2023\/09\/11\/dia-del-maestro-orgullo-y-reconocimiento-a-la-labor-docente-en-la-provincia\/#primaryimage"},"image":{"@id":"https:\/\/apuntesdesanluis.com\/index.php\/2023\/09\/11\/dia-del-maestro-orgullo-y-reconocimiento-a-la-labor-docente-en-la-provincia\/#primaryimage"},"thumbnailUrl":"https:\/\/apuntesdesanluis.com\/wp-content\/uploads\/2023\/09\/dia-del-maestro.png","datePublished":"2023-09-11T21:36:42+00:00","breadcrumb":{"@id":"https:\/\/apuntesdesanluis.com\/index.php\/2023\/09\/11\/dia-del-maestro-orgullo-y-reconocimiento-a-la-labor-docente-en-la-provincia\/#breadcrumb"},"inLanguage":"es-AR","potentialAction":[{"@type":"ReadAction","target":["https:\/\/apuntesdesanluis.com\/index.php\/2023\/09\/11\/dia-del-maestro-orgullo-y-reconocimiento-a-la-labor-docente-en-la-provincia\/"]}]},{"@type":"ImageObject","inLanguage":"es-AR","@id":"https:\/\/apuntesdesanluis.com\/index.php\/2023\/09\/11\/dia-del-maestro-orgullo-y-reconocimiento-a-la-labor-docente-en-la-provincia\/#primaryimage","url":"https:\/\/apuntesdesanluis.com\/wp-content\/uploads\/2023\/09\/dia-del-maestro.png","contentUrl":"https:\/\/apuntesdesanluis.com\/wp-content\/uploads\/2023\/09\/dia-del-maestro.png","width":600,"height":377},{"@type":"BreadcrumbList","@id":"https:\/\/apuntesdesanluis.com\/index.php\/2023\/09\/11\/dia-del-maestro-orgullo-y-reconocimiento-a-la-labor-docente-en-la-provincia\/#breadcrumb","itemListElement":[{"@type":"ListItem","position":1,"name":"Inicio","item":"https:\/\/apuntesdesanluis.com\/"},{"@type":"ListItem","position":2,"name":"D\u00cdA DEL MAESTRO: ORGULLO Y RECONOCIMIENTO A LA LABOR DOCENTE EN LA PROVINCIA"}]},{"@type":"WebSite","@id":"https:\/\/apuntesdesanluis.com\/#website","url":"https:\/\/apuntesdesanluis.com\/","name":"Apuntes de San Luis","description":"","publisher":{"@id":"https:\/\/apuntesdesanluis.com\/#\/schema\/person\/b55151d52296fcce64d1a72538a70b90"},"potentialAction":[{"@type":"SearchAction","target":{"@type":"EntryPoint","urlTemplate":"https:\/\/apuntesdesanluis.com\/?s={search_term_string}"},"query-input":{"@type":"PropertyValueSpecification","valueRequired":true,"valueName":"search_term_string"}}],"inLanguage":"es-AR"},{"@type":["Person","Organization"],"@id":"https:\/\/apuntesdesanluis.com\/#\/schema\/person\/b55151d52296fcce64d1a72538a70b90","name":"apuntesdesanluis.com","image":{"@type":"ImageObject","inLanguage":"es-AR","@id":"https:\/\/apuntesdesanluis.com\/#\/schema\/person\/image\/","url":"https:\/\/apuntesdesanluis.com\/wp-content\/uploads\/2023\/07\/cropped-apuntesdesanluis.png","contentUrl":"https:\/\/apuntesdesanluis.com\/wp-content\/uploads\/2023\/07\/cropped-apuntesdesanluis.png","width":450,"height":112,"caption":"apuntesdesanluis.com"},"logo":{"@id":"https:\/\/apuntesdesanluis.com\/#\/schema\/person\/image\/"},"sameAs":["https:\/\/apuntesdesanluis.com"],"url":"https:\/\/apuntesdesanluis.com\/index.php\/author\/apuntesdesanluis-com\/"}]}},"featured_image_urls":{"full":["https:\/\/apuntesdesanluis.com\/wp-content\/uploads\/2023\/09\/dia-del-maestro.png",600,377,false],"thumbnail":["https:\/\/apuntesdesanluis.com\/wp-content\/uploads\/2023\/09\/dia-del-maestro-150x150.png",150,150,true],"medium":["https:\/\/apuntesdesanluis.com\/wp-content\/uploads\/2023\/09\/dia-del-maestro-300x189.png",300,189,true],"medium_large":["https:\/\/apuntesdesanluis.com\/wp-content\/uploads\/2023\/09\/dia-del-maestro.png",600,377,false],"large":["https:\/\/apuntesdesanluis.com\/wp-content\/uploads\/2023\/09\/dia-del-maestro.png",600,377,false],"1536x1536":["https:\/\/apuntesdesanluis.com\/wp-content\/uploads\/2023\/09\/dia-del-maestro.png",600,377,false],"2048x2048":["https:\/\/apuntesdesanluis.com\/wp-content\/uploads\/2023\/09\/dia-del-maestro.png",600,377,false],"newsever-slider-full":["https:\/\/apuntesdesanluis.com\/wp-content\/uploads\/2023\/09\/dia-del-maestro.png",600,377,false],"newsever-featured":["https:\/\/apuntesdesanluis.com\/wp-content\/uploads\/2023\/09\/dia-del-maestro.png",600,377,false],"newsever-medium":["https:\/\/apuntesdesanluis.com\/wp-content\/uploads\/2023\/09\/dia-del-maestro.png",600,377,false]},"author_info":{"display_name":"apuntesdesanluis.com","author_link":"https:\/\/apuntesdesanluis.com\/index.php\/author\/apuntesdesanluis-com\/"},"category_info":"<a href=\"https:\/\/apuntesdesanluis.com\/index.php\/category\/ciudad-provincia\/\" rel=\"category tag\">Ciudad\/Provincia<\/a>","tag_info":"Ciudad\/Provincia","comment_count":"0","_links":{"self":[{"href":"https:\/\/apuntesdesanluis.com\/index.php\/wp-json\/wp\/v2\/posts\/3090","targetHints":{"allow":["GET"]}}],"collection":[{"href":"https:\/\/apuntesdesanluis.com\/index.php\/wp-json\/wp\/v2\/posts"}],"about":[{"href":"https:\/\/apuntesdesanluis.com\/index.php\/wp-json\/wp\/v2\/types\/post"}],"author":[{"embeddable":true,"href":"https:\/\/apuntesdesanluis.com\/index.php\/wp-json\/wp\/v2\/users\/1"}],"replies":[{"embeddable":true,"href":"https:\/\/apuntesdesanluis.com\/index.php\/wp-json\/wp\/v2\/comments?post=3090"}],"version-history":[{"count":1,"href":"https:\/\/apuntesdesanluis.com\/index.php\/wp-json\/wp\/v2\/posts\/3090\/revisions"}],"predecessor-version":[{"id":3093,"href":"https:\/\/apuntesdesanluis.com\/index.php\/wp-json\/wp\/v2\/posts\/3090\/revisions\/3093"}],"wp:featuredmedia":[{"embeddable":true,"href":"https:\/\/apuntesdesanluis.com\/index.php\/wp-json\/wp\/v2\/media\/3091"}],"wp:attachment":[{"href":"https:\/\/apuntesdesanluis.com\/index.php\/wp-json\/wp\/v2\/media?parent=3090"}],"wp:term":[{"taxonomy":"category","embeddable":true,"href":"https:\/\/apuntesdesanluis.com\/index.php\/wp-json\/wp\/v2\/categories?post=3090"},{"taxonomy":"post_tag","embeddable":true,"href":"https:\/\/apuntesdesanluis.com\/index.php\/wp-json\/wp\/v2\/tags?post=3090"}],"curies":[{"name":"wp","href":"https:\/\/api.w.org\/{rel}","templated":true}]}}