{"id":30922,"date":"2025-03-27T18:09:35","date_gmt":"2025-03-27T21:09:35","guid":{"rendered":"https:\/\/apuntesdesanluis.com\/?p=30922"},"modified":"2025-03-27T18:09:35","modified_gmt":"2025-03-27T21:09:35","slug":"defensa-del-consumidor-estara-el-proximo-lunes-en-la-ribera","status":"publish","type":"post","link":"https:\/\/apuntesdesanluis.com\/index.php\/2025\/03\/27\/defensa-del-consumidor-estara-el-proximo-lunes-en-la-ribera\/","title":{"rendered":"DEFENSA DEL CONSUMIDOR ESTAR\u00c1 EL PR\u00d3XIMO LUNES EN LA RIBERA"},"content":{"rendered":"<h3>El 31 de marzo la <strong>Direcci\u00f3n de Defensa del Consumidor y Lealtad Comercial<\/strong>, del Ministerio de Gobierno, llevar\u00e1 adelante un operativo de asesoramiento y gesti\u00f3n de tr\u00e1mites en el <strong>Centro de Atenci\u00f3n Municipal<\/strong> (CAM), ubicado en el complejo urban\u00edstico La Ribera, puntualmente en la manzana 71-83, local 1, junto a un conocido supermercado y frente al principal espacio verde.<\/h3>\n<h3>La actividad estar\u00e1 dirigida tanto a comerciantes como a consumidores de la zona. La subdirectora de la repartici\u00f3n, <strong>Sabrina Ribeiro<\/strong>, detall\u00f3 que el objetivo \u201ces acercar el servicio a los vecinos y facilitar tr\u00e1mites que, por cuestiones de distancia, muchas veces se ven postergados. Uno de los focos estar\u00e1 puesto en la obligatoriedad de contar con el Libro de Quejas, un requisito fundamental para todos los comercios\u201d.<\/h3>\n<h3>\u201cEstamos recorriendo con nuestros inspectores todos los locales de La Ribera, concientizando sobre la importancia del Libro de Quejas. Muchos comerciantes no lo gestionan por la distancia con nuestra oficina central, ubicada en avenida Mitre 948, as\u00ed que esta jornada es una excelente oportunidad para hacerlo\u201d, explic\u00f3 Ribeiro.<\/h3>\n<p><img fetchpriority=\"high\" decoding=\"async\" class=\"wp-image-30923 aligncenter\" src=\"https:\/\/apuntesdesanluis.com\/wp-content\/uploads\/2025\/03\/defensa-540x675-1-240x300.jpg\" alt=\"\" width=\"541\" height=\"676\" srcset=\"https:\/\/apuntesdesanluis.com\/wp-content\/uploads\/2025\/03\/defensa-540x675-1-240x300.jpg 240w, https:\/\/apuntesdesanluis.com\/wp-content\/uploads\/2025\/03\/defensa-540x675-1.jpg 540w\" sizes=\"(max-width: 541px) 100vw, 541px\" \/><\/p>\n<h3>Adem\u00e1s de los aspectos vinculados a la lealtad comercial, se ofrecer\u00e1 orientaci\u00f3n a los consumidores que enfrenten problem\u00e1ticas comunes como movimientos bancarios desconocidos, pr\u00e9stamos no solicitados o fallas en productos y servicios contratados.<\/h3>\n<h3>Las estafas virtuales tambi\u00e9n forman parte de las consultas m\u00e1s frecuentes. \u201cIntervenimos cuando el consumidor no brind\u00f3 datos voluntariamente, pero detecta movimientos indebidos en su cuenta, como compras o pr\u00e9stamos que no reconoce\u201d, se\u00f1al\u00f3 la funcionaria.<\/h3>\n<h3>La jornada, a desarrollarse de 9:00 a 13:00, est\u00e1 pensada para brindar soluciones concretas y cercanas. \u201cEsperamos a todos los vecinos y comerciantes de La Ribera. Es una oportunidad para asesorarse, resolver dudas y cumplir con obligaciones comerciales sin necesidad de trasladarse\u201d, concluy\u00f3 Ribeiro.<\/h3>\n<p>&nbsp;<\/p>\n<p>&nbsp;<\/p>\n<p>&nbsp;<\/p>\n<h3><\/h3>\n<h3><\/h3>\n<p>&nbsp;<\/p>\n","protected":false},"excerpt":{"rendered":"<p>El 31 de marzo la Direcci\u00f3n de Defensa del Consumidor y Lealtad Comercial, del Ministerio&#8230;<\/p>\n","protected":false},"author":1,"featured_media":30924,"comment_status":"closed","ping_status":"closed","sticky":false,"template":"","format":"standard","meta":{"footnotes":""},"categories":[6],"tags":[],"class_list":["post-30922","post","type-post","status-publish","format-standard","has-post-thumbnail","hentry","category-ciudad-provincia"],"yoast_head":"<!-- This site is optimized with the Yoast SEO plugin v26.1.1 - https:\/\/yoast.com\/wordpress\/plugins\/seo\/ -->\n<title>DEFENSA DEL CONSUMIDOR ESTAR\u00c1 EL PR\u00d3XIMO LUNES EN LA RIBERA - Apuntes de San Luis<\/title>\n<meta name=\"robots\" content=\"index, follow, max-snippet:-1, max-image-preview:large, max-video-preview:-1\" \/>\n<link rel=\"canonical\" href=\"https:\/\/apuntesdesanluis.com\/index.php\/2025\/03\/27\/defensa-del-consumidor-estara-el-proximo-lunes-en-la-ribera\/\" \/>\n<meta property=\"og:locale\" content=\"es_ES\" \/>\n<meta property=\"og:type\" content=\"article\" \/>\n<meta property=\"og:title\" content=\"DEFENSA DEL CONSUMIDOR ESTAR\u00c1 EL PR\u00d3XIMO LUNES EN LA RIBERA - Apuntes de San Luis\" \/>\n<meta property=\"og:description\" content=\"El 31 de marzo la Direcci\u00f3n de Defensa del Consumidor y Lealtad Comercial, del Ministerio...\" \/>\n<meta property=\"og:url\" content=\"https:\/\/apuntesdesanluis.com\/index.php\/2025\/03\/27\/defensa-del-consumidor-estara-el-proximo-lunes-en-la-ribera\/\" \/>\n<meta property=\"og:site_name\" content=\"Apuntes de San Luis\" \/>\n<meta property=\"article:published_time\" content=\"2025-03-27T21:09:35+00:00\" \/>\n<meta property=\"og:image\" content=\"https:\/\/apuntesdesanluis.com\/wp-content\/uploads\/2025\/03\/municipalidad-ofic.-la-ribera.png\" \/>\n\t<meta property=\"og:image:width\" content=\"700\" \/>\n\t<meta property=\"og:image:height\" content=\"470\" \/>\n\t<meta property=\"og:image:type\" content=\"image\/png\" \/>\n<meta name=\"author\" content=\"apuntesdesanluis.com\" \/>\n<meta name=\"twitter:card\" content=\"summary_large_image\" \/>\n<meta name=\"twitter:label1\" content=\"Escrito por\" \/>\n\t<meta name=\"twitter:data1\" content=\"apuntesdesanluis.com\" \/>\n\t<meta name=\"twitter:label2\" content=\"Tiempo de lectura\" \/>\n\t<meta name=\"twitter:data2\" content=\"2 minutos\" \/>\n<script type=\"application\/ld+json\" class=\"yoast-schema-graph\">{\"@context\":\"https:\/\/schema.org\",\"@graph\":[{\"@type\":\"Article\",\"@id\":\"https:\/\/apuntesdesanluis.com\/index.php\/2025\/03\/27\/defensa-del-consumidor-estara-el-proximo-lunes-en-la-ribera\/#article\",\"isPartOf\":{\"@id\":\"https:\/\/apuntesdesanluis.com\/index.php\/2025\/03\/27\/defensa-del-consumidor-estara-el-proximo-lunes-en-la-ribera\/\"},\"author\":{\"name\":\"apuntesdesanluis.com\",\"@id\":\"https:\/\/apuntesdesanluis.com\/#\/schema\/person\/b55151d52296fcce64d1a72538a70b90\"},\"headline\":\"DEFENSA DEL CONSUMIDOR ESTAR\u00c1 EL PR\u00d3XIMO LUNES EN LA RIBERA\",\"datePublished\":\"2025-03-27T21:09:35+00:00\",\"mainEntityOfPage\":{\"@id\":\"https:\/\/apuntesdesanluis.com\/index.php\/2025\/03\/27\/defensa-del-consumidor-estara-el-proximo-lunes-en-la-ribera\/\"},\"wordCount\":312,\"publisher\":{\"@id\":\"https:\/\/apuntesdesanluis.com\/#\/schema\/person\/b55151d52296fcce64d1a72538a70b90\"},\"image\":{\"@id\":\"https:\/\/apuntesdesanluis.com\/index.php\/2025\/03\/27\/defensa-del-consumidor-estara-el-proximo-lunes-en-la-ribera\/#primaryimage\"},\"thumbnailUrl\":\"https:\/\/apuntesdesanluis.com\/wp-content\/uploads\/2025\/03\/municipalidad-ofic.-la-ribera.png\",\"articleSection\":[\"Ciudad\/Provincia\"],\"inLanguage\":\"es-AR\"},{\"@type\":\"WebPage\",\"@id\":\"https:\/\/apuntesdesanluis.com\/index.php\/2025\/03\/27\/defensa-del-consumidor-estara-el-proximo-lunes-en-la-ribera\/\",\"url\":\"https:\/\/apuntesdesanluis.com\/index.php\/2025\/03\/27\/defensa-del-consumidor-estara-el-proximo-lunes-en-la-ribera\/\",\"name\":\"DEFENSA DEL CONSUMIDOR ESTAR\u00c1 EL PR\u00d3XIMO LUNES EN LA RIBERA - Apuntes de San Luis\",\"isPartOf\":{\"@id\":\"https:\/\/apuntesdesanluis.com\/#website\"},\"primaryImageOfPage\":{\"@id\":\"https:\/\/apuntesdesanluis.com\/index.php\/2025\/03\/27\/defensa-del-consumidor-estara-el-proximo-lunes-en-la-ribera\/#primaryimage\"},\"image\":{\"@id\":\"https:\/\/apuntesdesanluis.com\/index.php\/2025\/03\/27\/defensa-del-consumidor-estara-el-proximo-lunes-en-la-ribera\/#primaryimage\"},\"thumbnailUrl\":\"https:\/\/apuntesdesanluis.com\/wp-content\/uploads\/2025\/03\/municipalidad-ofic.-la-ribera.png\",\"datePublished\":\"2025-03-27T21:09:35+00:00\",\"breadcrumb\":{\"@id\":\"https:\/\/apuntesdesanluis.com\/index.php\/2025\/03\/27\/defensa-del-consumidor-estara-el-proximo-lunes-en-la-ribera\/#breadcrumb\"},\"inLanguage\":\"es-AR\",\"potentialAction\":[{\"@type\":\"ReadAction\",\"target\":[\"https:\/\/apuntesdesanluis.com\/index.php\/2025\/03\/27\/defensa-del-consumidor-estara-el-proximo-lunes-en-la-ribera\/\"]}]},{\"@type\":\"ImageObject\",\"inLanguage\":\"es-AR\",\"@id\":\"https:\/\/apuntesdesanluis.com\/index.php\/2025\/03\/27\/defensa-del-consumidor-estara-el-proximo-lunes-en-la-ribera\/#primaryimage\",\"url\":\"https:\/\/apuntesdesanluis.com\/wp-content\/uploads\/2025\/03\/municipalidad-ofic.-la-ribera.png\",\"contentUrl\":\"https:\/\/apuntesdesanluis.com\/wp-content\/uploads\/2025\/03\/municipalidad-ofic.-la-ribera.png\",\"width\":700,\"height\":470},{\"@type\":\"BreadcrumbList\",\"@id\":\"https:\/\/apuntesdesanluis.com\/index.php\/2025\/03\/27\/defensa-del-consumidor-estara-el-proximo-lunes-en-la-ribera\/#breadcrumb\",\"itemListElement\":[{\"@type\":\"ListItem\",\"position\":1,\"name\":\"Inicio\",\"item\":\"https:\/\/apuntesdesanluis.com\/\"},{\"@type\":\"ListItem\",\"position\":2,\"name\":\"DEFENSA DEL CONSUMIDOR ESTAR\u00c1 EL PR\u00d3XIMO LUNES EN LA RIBERA\"}]},{\"@type\":\"WebSite\",\"@id\":\"https:\/\/apuntesdesanluis.com\/#website\",\"url\":\"https:\/\/apuntesdesanluis.com\/\",\"name\":\"Apuntes de San Luis\",\"description\":\"\",\"publisher\":{\"@id\":\"https:\/\/apuntesdesanluis.com\/#\/schema\/person\/b55151d52296fcce64d1a72538a70b90\"},\"potentialAction\":[{\"@type\":\"SearchAction\",\"target\":{\"@type\":\"EntryPoint\",\"urlTemplate\":\"https:\/\/apuntesdesanluis.com\/?s={search_term_string}\"},\"query-input\":{\"@type\":\"PropertyValueSpecification\",\"valueRequired\":true,\"valueName\":\"search_term_string\"}}],\"inLanguage\":\"es-AR\"},{\"@type\":[\"Person\",\"Organization\"],\"@id\":\"https:\/\/apuntesdesanluis.com\/#\/schema\/person\/b55151d52296fcce64d1a72538a70b90\",\"name\":\"apuntesdesanluis.com\",\"image\":{\"@type\":\"ImageObject\",\"inLanguage\":\"es-AR\",\"@id\":\"https:\/\/apuntesdesanluis.com\/#\/schema\/person\/image\/\",\"url\":\"https:\/\/apuntesdesanluis.com\/wp-content\/uploads\/2023\/07\/cropped-apuntesdesanluis.png\",\"contentUrl\":\"https:\/\/apuntesdesanluis.com\/wp-content\/uploads\/2023\/07\/cropped-apuntesdesanluis.png\",\"width\":450,\"height\":112,\"caption\":\"apuntesdesanluis.com\"},\"logo\":{\"@id\":\"https:\/\/apuntesdesanluis.com\/#\/schema\/person\/image\/\"},\"sameAs\":[\"https:\/\/apuntesdesanluis.com\"],\"url\":\"https:\/\/apuntesdesanluis.com\/index.php\/author\/apuntesdesanluis-com\/\"}]}<\/script>\n<!-- \/ Yoast SEO plugin. -->","yoast_head_json":{"title":"DEFENSA DEL CONSUMIDOR ESTAR\u00c1 EL PR\u00d3XIMO LUNES EN LA RIBERA - Apuntes de San Luis","robots":{"index":"index","follow":"follow","max-snippet":"max-snippet:-1","max-image-preview":"max-image-preview:large","max-video-preview":"max-video-preview:-1"},"canonical":"https:\/\/apuntesdesanluis.com\/index.php\/2025\/03\/27\/defensa-del-consumidor-estara-el-proximo-lunes-en-la-ribera\/","og_locale":"es_ES","og_type":"article","og_title":"DEFENSA DEL CONSUMIDOR ESTAR\u00c1 EL PR\u00d3XIMO LUNES EN LA RIBERA - Apuntes de San Luis","og_description":"El 31 de marzo la Direcci\u00f3n de Defensa del Consumidor y Lealtad Comercial, del Ministerio...","og_url":"https:\/\/apuntesdesanluis.com\/index.php\/2025\/03\/27\/defensa-del-consumidor-estara-el-proximo-lunes-en-la-ribera\/","og_site_name":"Apuntes de San Luis","article_published_time":"2025-03-27T21:09:35+00:00","og_image":[{"width":700,"height":470,"url":"https:\/\/apuntesdesanluis.com\/wp-content\/uploads\/2025\/03\/municipalidad-ofic.-la-ribera.png","type":"image\/png"}],"author":"apuntesdesanluis.com","twitter_card":"summary_large_image","twitter_misc":{"Escrito por":"apuntesdesanluis.com","Tiempo de lectura":"2 minutos"},"schema":{"@context":"https:\/\/schema.org","@graph":[{"@type":"Article","@id":"https:\/\/apuntesdesanluis.com\/index.php\/2025\/03\/27\/defensa-del-consumidor-estara-el-proximo-lunes-en-la-ribera\/#article","isPartOf":{"@id":"https:\/\/apuntesdesanluis.com\/index.php\/2025\/03\/27\/defensa-del-consumidor-estara-el-proximo-lunes-en-la-ribera\/"},"author":{"name":"apuntesdesanluis.com","@id":"https:\/\/apuntesdesanluis.com\/#\/schema\/person\/b55151d52296fcce64d1a72538a70b90"},"headline":"DEFENSA DEL CONSUMIDOR ESTAR\u00c1 EL PR\u00d3XIMO LUNES EN LA RIBERA","datePublished":"2025-03-27T21:09:35+00:00","mainEntityOfPage":{"@id":"https:\/\/apuntesdesanluis.com\/index.php\/2025\/03\/27\/defensa-del-consumidor-estara-el-proximo-lunes-en-la-ribera\/"},"wordCount":312,"publisher":{"@id":"https:\/\/apuntesdesanluis.com\/#\/schema\/person\/b55151d52296fcce64d1a72538a70b90"},"image":{"@id":"https:\/\/apuntesdesanluis.com\/index.php\/2025\/03\/27\/defensa-del-consumidor-estara-el-proximo-lunes-en-la-ribera\/#primaryimage"},"thumbnailUrl":"https:\/\/apuntesdesanluis.com\/wp-content\/uploads\/2025\/03\/municipalidad-ofic.-la-ribera.png","articleSection":["Ciudad\/Provincia"],"inLanguage":"es-AR"},{"@type":"WebPage","@id":"https:\/\/apuntesdesanluis.com\/index.php\/2025\/03\/27\/defensa-del-consumidor-estara-el-proximo-lunes-en-la-ribera\/","url":"https:\/\/apuntesdesanluis.com\/index.php\/2025\/03\/27\/defensa-del-consumidor-estara-el-proximo-lunes-en-la-ribera\/","name":"DEFENSA DEL CONSUMIDOR ESTAR\u00c1 EL PR\u00d3XIMO LUNES EN LA RIBERA - Apuntes de San Luis","isPartOf":{"@id":"https:\/\/apuntesdesanluis.com\/#website"},"primaryImageOfPage":{"@id":"https:\/\/apuntesdesanluis.com\/index.php\/2025\/03\/27\/defensa-del-consumidor-estara-el-proximo-lunes-en-la-ribera\/#primaryimage"},"image":{"@id":"https:\/\/apuntesdesanluis.com\/index.php\/2025\/03\/27\/defensa-del-consumidor-estara-el-proximo-lunes-en-la-ribera\/#primaryimage"},"thumbnailUrl":"https:\/\/apuntesdesanluis.com\/wp-content\/uploads\/2025\/03\/municipalidad-ofic.-la-ribera.png","datePublished":"2025-03-27T21:09:35+00:00","breadcrumb":{"@id":"https:\/\/apuntesdesanluis.com\/index.php\/2025\/03\/27\/defensa-del-consumidor-estara-el-proximo-lunes-en-la-ribera\/#breadcrumb"},"inLanguage":"es-AR","potentialAction":[{"@type":"ReadAction","target":["https:\/\/apuntesdesanluis.com\/index.php\/2025\/03\/27\/defensa-del-consumidor-estara-el-proximo-lunes-en-la-ribera\/"]}]},{"@type":"ImageObject","inLanguage":"es-AR","@id":"https:\/\/apuntesdesanluis.com\/index.php\/2025\/03\/27\/defensa-del-consumidor-estara-el-proximo-lunes-en-la-ribera\/#primaryimage","url":"https:\/\/apuntesdesanluis.com\/wp-content\/uploads\/2025\/03\/municipalidad-ofic.-la-ribera.png","contentUrl":"https:\/\/apuntesdesanluis.com\/wp-content\/uploads\/2025\/03\/municipalidad-ofic.-la-ribera.png","width":700,"height":470},{"@type":"BreadcrumbList","@id":"https:\/\/apuntesdesanluis.com\/index.php\/2025\/03\/27\/defensa-del-consumidor-estara-el-proximo-lunes-en-la-ribera\/#breadcrumb","itemListElement":[{"@type":"ListItem","position":1,"name":"Inicio","item":"https:\/\/apuntesdesanluis.com\/"},{"@type":"ListItem","position":2,"name":"DEFENSA DEL CONSUMIDOR ESTAR\u00c1 EL PR\u00d3XIMO LUNES EN LA RIBERA"}]},{"@type":"WebSite","@id":"https:\/\/apuntesdesanluis.com\/#website","url":"https:\/\/apuntesdesanluis.com\/","name":"Apuntes de San Luis","description":"","publisher":{"@id":"https:\/\/apuntesdesanluis.com\/#\/schema\/person\/b55151d52296fcce64d1a72538a70b90"},"potentialAction":[{"@type":"SearchAction","target":{"@type":"EntryPoint","urlTemplate":"https:\/\/apuntesdesanluis.com\/?s={search_term_string}"},"query-input":{"@type":"PropertyValueSpecification","valueRequired":true,"valueName":"search_term_string"}}],"inLanguage":"es-AR"},{"@type":["Person","Organization"],"@id":"https:\/\/apuntesdesanluis.com\/#\/schema\/person\/b55151d52296fcce64d1a72538a70b90","name":"apuntesdesanluis.com","image":{"@type":"ImageObject","inLanguage":"es-AR","@id":"https:\/\/apuntesdesanluis.com\/#\/schema\/person\/image\/","url":"https:\/\/apuntesdesanluis.com\/wp-content\/uploads\/2023\/07\/cropped-apuntesdesanluis.png","contentUrl":"https:\/\/apuntesdesanluis.com\/wp-content\/uploads\/2023\/07\/cropped-apuntesdesanluis.png","width":450,"height":112,"caption":"apuntesdesanluis.com"},"logo":{"@id":"https:\/\/apuntesdesanluis.com\/#\/schema\/person\/image\/"},"sameAs":["https:\/\/apuntesdesanluis.com"],"url":"https:\/\/apuntesdesanluis.com\/index.php\/author\/apuntesdesanluis-com\/"}]}},"featured_image_urls":{"full":["https:\/\/apuntesdesanluis.com\/wp-content\/uploads\/2025\/03\/municipalidad-ofic.-la-ribera.png",700,470,false],"thumbnail":["https:\/\/apuntesdesanluis.com\/wp-content\/uploads\/2025\/03\/municipalidad-ofic.-la-ribera-150x150.png",150,150,true],"medium":["https:\/\/apuntesdesanluis.com\/wp-content\/uploads\/2025\/03\/municipalidad-ofic.-la-ribera-300x201.png",300,201,true],"medium_large":["https:\/\/apuntesdesanluis.com\/wp-content\/uploads\/2025\/03\/municipalidad-ofic.-la-ribera.png",640,430,false],"large":["https:\/\/apuntesdesanluis.com\/wp-content\/uploads\/2025\/03\/municipalidad-ofic.-la-ribera.png",640,430,false],"1536x1536":["https:\/\/apuntesdesanluis.com\/wp-content\/uploads\/2025\/03\/municipalidad-ofic.-la-ribera.png",700,470,false],"2048x2048":["https:\/\/apuntesdesanluis.com\/wp-content\/uploads\/2025\/03\/municipalidad-ofic.-la-ribera.png",700,470,false],"newsever-slider-full":["https:\/\/apuntesdesanluis.com\/wp-content\/uploads\/2025\/03\/municipalidad-ofic.-la-ribera.png",700,470,false],"newsever-featured":["https:\/\/apuntesdesanluis.com\/wp-content\/uploads\/2025\/03\/municipalidad-ofic.-la-ribera.png",700,470,false],"newsever-medium":["https:\/\/apuntesdesanluis.com\/wp-content\/uploads\/2025\/03\/municipalidad-ofic.-la-ribera.png",700,470,false]},"author_info":{"display_name":"apuntesdesanluis.com","author_link":"https:\/\/apuntesdesanluis.com\/index.php\/author\/apuntesdesanluis-com\/"},"category_info":"<a href=\"https:\/\/apuntesdesanluis.com\/index.php\/category\/ciudad-provincia\/\" rel=\"category tag\">Ciudad\/Provincia<\/a>","tag_info":"Ciudad\/Provincia","comment_count":"0","_links":{"self":[{"href":"https:\/\/apuntesdesanluis.com\/index.php\/wp-json\/wp\/v2\/posts\/30922","targetHints":{"allow":["GET"]}}],"collection":[{"href":"https:\/\/apuntesdesanluis.com\/index.php\/wp-json\/wp\/v2\/posts"}],"about":[{"href":"https:\/\/apuntesdesanluis.com\/index.php\/wp-json\/wp\/v2\/types\/post"}],"author":[{"embeddable":true,"href":"https:\/\/apuntesdesanluis.com\/index.php\/wp-json\/wp\/v2\/users\/1"}],"replies":[{"embeddable":true,"href":"https:\/\/apuntesdesanluis.com\/index.php\/wp-json\/wp\/v2\/comments?post=30922"}],"version-history":[{"count":1,"href":"https:\/\/apuntesdesanluis.com\/index.php\/wp-json\/wp\/v2\/posts\/30922\/revisions"}],"predecessor-version":[{"id":30925,"href":"https:\/\/apuntesdesanluis.com\/index.php\/wp-json\/wp\/v2\/posts\/30922\/revisions\/30925"}],"wp:featuredmedia":[{"embeddable":true,"href":"https:\/\/apuntesdesanluis.com\/index.php\/wp-json\/wp\/v2\/media\/30924"}],"wp:attachment":[{"href":"https:\/\/apuntesdesanluis.com\/index.php\/wp-json\/wp\/v2\/media?parent=30922"}],"wp:term":[{"taxonomy":"category","embeddable":true,"href":"https:\/\/apuntesdesanluis.com\/index.php\/wp-json\/wp\/v2\/categories?post=30922"},{"taxonomy":"post_tag","embeddable":true,"href":"https:\/\/apuntesdesanluis.com\/index.php\/wp-json\/wp\/v2\/tags?post=30922"}],"curies":[{"name":"wp","href":"https:\/\/api.w.org\/{rel}","templated":true}]}}