{"id":30951,"date":"2025-03-27T20:05:36","date_gmt":"2025-03-27T23:05:36","guid":{"rendered":"https:\/\/apuntesdesanluis.com\/?p=30951"},"modified":"2025-03-27T20:09:44","modified_gmt":"2025-03-27T23:09:44","slug":"aseguran-que-manuel-adorni-sera-candidato-a-legislador-porteno-por-la-libertad-avanza","status":"publish","type":"post","link":"https:\/\/apuntesdesanluis.com\/index.php\/2025\/03\/27\/aseguran-que-manuel-adorni-sera-candidato-a-legislador-porteno-por-la-libertad-avanza\/","title":{"rendered":"ASEGURAN QUE MANUEL ADORNI SER\u00c1 CANDIDATO A LEGISLADOR PORTE\u00d1O POR LA LIBERTAD AVANZA"},"content":{"rendered":"<h3>El vocero <strong>Manuel Adorni<\/strong> es el preferido de la secretaria general de la Presidencia, <strong>Karina Milei<\/strong>, la armadora de las listas porte\u00f1as y titular del espacio, en las v\u00edsperas del cierre de listas.<\/h3>\n<h3>En la mesa chica que rodea al presidente <strong>Javier Milei<\/strong> tiene en claro que en los comicios de mayo se disputar\u00e1 algo m\u00e1s que las bancas a la legislatura, saben que se tratar\u00e1 de la primera disputa del oficialismo con el PRO, donde medir\u00e1n sus fuerzas en territorio adverso. El resultado inclinar\u00e1 la cancha para negociar las elecciones a nivel nacional.<\/h3>\n<h3>Para eso, Adorni, pese a su voluntad, deber\u00e1 anteponer sus deseos a la necesidad y ser\u00e1 el que compita por abultar el caudal de votos violetas que podr\u00edan fugarse si el expulsado <strong>Ramiro Marra<\/strong> decide presentarse con lista propia.<\/h3>\n<p><img fetchpriority=\"high\" decoding=\"async\" class=\"wp-image-30954 aligncenter\" src=\"https:\/\/apuntesdesanluis.com\/wp-content\/uploads\/2025\/03\/karina-y-adorni-300x239.png\" alt=\"\" width=\"727\" height=\"579\" srcset=\"https:\/\/apuntesdesanluis.com\/wp-content\/uploads\/2025\/03\/karina-y-adorni-300x239.png 300w, https:\/\/apuntesdesanluis.com\/wp-content\/uploads\/2025\/03\/karina-y-adorni.png 692w\" sizes=\"(max-width: 727px) 100vw, 727px\" \/><\/p>\n<h3>Luego de una jornada convulsionada en Casa Rosada, y de un intenso operativo despiste con la ministra de Seguridad, <strong>Patricia Bullrich<\/strong>, recorriendo las calles porte\u00f1as, con una caminata en Santa Fe y Pueyrred\u00f3n, y la asistencia de <strong>Sandra Pettovello<\/strong> (Capital Humano) en la conferencia de prensa de hoy, finalmente se devel\u00f3 la inc\u00f3gnita.<\/h3>\n<h3>Tras la confirmaci\u00f3n de la agencia Noticias Argentinas, influencers libertarios de la talla del Gordo Dan anunciaron la determinaci\u00f3n que tom\u00f3 la menor de los Milei. &#8220;MANUEL ADORNI CANDIDATO POR LLA EN CABA. FELICITACIONES&#8221;, sostuvo a trav\u00e9s de su cuenta de X.<\/h3>\n<h3>En Balcarce 50 fantasean con la posibilidad de una candidatura testimonial para que el funcionario contin\u00fae al frente de la vocer\u00eda y a cargo de la comunicaci\u00f3n del presidente Javier Milei en paralelo, si logra ingresar a la Legislatura porte\u00f1a. Algo que al propio Adorni no le simpatizaba hasta hace no mucho.<\/h3>\n<h3>La presi\u00f3n de mostrar una buena performance electoral en la primera elecci\u00f3n del a\u00f1o, la prueba de fuego de los libertarios desde que asumieron a la gesti\u00f3n, oblig\u00f3 a la administraci\u00f3n a postular a quien consideran &#8220;el mejor de los propios&#8221;, el funcionario con la mejor imagen.<\/h3>\n<h3><\/h3>\n<h3><\/h3>\n<h3><\/h3>\n","protected":false},"excerpt":{"rendered":"<p>El vocero Manuel Adorni es el preferido de la secretaria general de la Presidencia, Karina&#8230;<\/p>\n","protected":false},"author":1,"featured_media":30952,"comment_status":"closed","ping_status":"closed","sticky":false,"template":"","format":"standard","meta":{"footnotes":""},"categories":[5],"tags":[],"class_list":["post-30951","post","type-post","status-publish","format-standard","has-post-thumbnail","hentry","category-nacionales-internacionales"],"yoast_head":"<!-- This site is optimized with the Yoast SEO plugin v26.1.1 - https:\/\/yoast.com\/wordpress\/plugins\/seo\/ -->\n<title>ASEGURAN QUE MANUEL ADORNI SER\u00c1 CANDIDATO A LEGISLADOR PORTE\u00d1O POR LA LIBERTAD AVANZA - Apuntes de San Luis<\/title>\n<meta name=\"robots\" content=\"index, follow, max-snippet:-1, max-image-preview:large, max-video-preview:-1\" \/>\n<link rel=\"canonical\" href=\"https:\/\/apuntesdesanluis.com\/index.php\/2025\/03\/27\/aseguran-que-manuel-adorni-sera-candidato-a-legislador-porteno-por-la-libertad-avanza\/\" \/>\n<meta property=\"og:locale\" content=\"es_ES\" \/>\n<meta property=\"og:type\" content=\"article\" \/>\n<meta property=\"og:title\" content=\"ASEGURAN QUE MANUEL ADORNI SER\u00c1 CANDIDATO A LEGISLADOR PORTE\u00d1O POR LA LIBERTAD AVANZA - Apuntes de San Luis\" \/>\n<meta property=\"og:description\" content=\"El vocero Manuel Adorni es el preferido de la secretaria general de la Presidencia, Karina...\" \/>\n<meta property=\"og:url\" content=\"https:\/\/apuntesdesanluis.com\/index.php\/2025\/03\/27\/aseguran-que-manuel-adorni-sera-candidato-a-legislador-porteno-por-la-libertad-avanza\/\" \/>\n<meta property=\"og:site_name\" content=\"Apuntes de San Luis\" \/>\n<meta property=\"article:published_time\" content=\"2025-03-27T23:05:36+00:00\" \/>\n<meta property=\"article:modified_time\" content=\"2025-03-27T23:09:44+00:00\" \/>\n<meta property=\"og:image\" content=\"https:\/\/apuntesdesanluis.com\/wp-content\/uploads\/2025\/03\/ADORNI-1.png\" \/>\n\t<meta property=\"og:image:width\" content=\"826\" \/>\n\t<meta property=\"og:image:height\" content=\"464\" \/>\n\t<meta property=\"og:image:type\" content=\"image\/png\" \/>\n<meta name=\"author\" content=\"apuntesdesanluis.com\" \/>\n<meta name=\"twitter:card\" content=\"summary_large_image\" \/>\n<meta name=\"twitter:label1\" content=\"Escrito por\" \/>\n\t<meta name=\"twitter:data1\" content=\"apuntesdesanluis.com\" \/>\n\t<meta name=\"twitter:label2\" content=\"Tiempo de lectura\" \/>\n\t<meta name=\"twitter:data2\" content=\"2 minutos\" \/>\n<script type=\"application\/ld+json\" class=\"yoast-schema-graph\">{\"@context\":\"https:\/\/schema.org\",\"@graph\":[{\"@type\":\"Article\",\"@id\":\"https:\/\/apuntesdesanluis.com\/index.php\/2025\/03\/27\/aseguran-que-manuel-adorni-sera-candidato-a-legislador-porteno-por-la-libertad-avanza\/#article\",\"isPartOf\":{\"@id\":\"https:\/\/apuntesdesanluis.com\/index.php\/2025\/03\/27\/aseguran-que-manuel-adorni-sera-candidato-a-legislador-porteno-por-la-libertad-avanza\/\"},\"author\":{\"name\":\"apuntesdesanluis.com\",\"@id\":\"https:\/\/apuntesdesanluis.com\/#\/schema\/person\/b55151d52296fcce64d1a72538a70b90\"},\"headline\":\"ASEGURAN QUE MANUEL ADORNI SER\u00c1 CANDIDATO A LEGISLADOR PORTE\u00d1O POR LA LIBERTAD AVANZA\",\"datePublished\":\"2025-03-27T23:05:36+00:00\",\"dateModified\":\"2025-03-27T23:09:44+00:00\",\"mainEntityOfPage\":{\"@id\":\"https:\/\/apuntesdesanluis.com\/index.php\/2025\/03\/27\/aseguran-que-manuel-adorni-sera-candidato-a-legislador-porteno-por-la-libertad-avanza\/\"},\"wordCount\":360,\"publisher\":{\"@id\":\"https:\/\/apuntesdesanluis.com\/#\/schema\/person\/b55151d52296fcce64d1a72538a70b90\"},\"image\":{\"@id\":\"https:\/\/apuntesdesanluis.com\/index.php\/2025\/03\/27\/aseguran-que-manuel-adorni-sera-candidato-a-legislador-porteno-por-la-libertad-avanza\/#primaryimage\"},\"thumbnailUrl\":\"https:\/\/apuntesdesanluis.com\/wp-content\/uploads\/2025\/03\/ADORNI-1.png\",\"articleSection\":[\"Nacionales\/Internacionales\"],\"inLanguage\":\"es-AR\"},{\"@type\":\"WebPage\",\"@id\":\"https:\/\/apuntesdesanluis.com\/index.php\/2025\/03\/27\/aseguran-que-manuel-adorni-sera-candidato-a-legislador-porteno-por-la-libertad-avanza\/\",\"url\":\"https:\/\/apuntesdesanluis.com\/index.php\/2025\/03\/27\/aseguran-que-manuel-adorni-sera-candidato-a-legislador-porteno-por-la-libertad-avanza\/\",\"name\":\"ASEGURAN QUE MANUEL ADORNI SER\u00c1 CANDIDATO A LEGISLADOR PORTE\u00d1O POR LA LIBERTAD AVANZA - Apuntes de San Luis\",\"isPartOf\":{\"@id\":\"https:\/\/apuntesdesanluis.com\/#website\"},\"primaryImageOfPage\":{\"@id\":\"https:\/\/apuntesdesanluis.com\/index.php\/2025\/03\/27\/aseguran-que-manuel-adorni-sera-candidato-a-legislador-porteno-por-la-libertad-avanza\/#primaryimage\"},\"image\":{\"@id\":\"https:\/\/apuntesdesanluis.com\/index.php\/2025\/03\/27\/aseguran-que-manuel-adorni-sera-candidato-a-legislador-porteno-por-la-libertad-avanza\/#primaryimage\"},\"thumbnailUrl\":\"https:\/\/apuntesdesanluis.com\/wp-content\/uploads\/2025\/03\/ADORNI-1.png\",\"datePublished\":\"2025-03-27T23:05:36+00:00\",\"dateModified\":\"2025-03-27T23:09:44+00:00\",\"breadcrumb\":{\"@id\":\"https:\/\/apuntesdesanluis.com\/index.php\/2025\/03\/27\/aseguran-que-manuel-adorni-sera-candidato-a-legislador-porteno-por-la-libertad-avanza\/#breadcrumb\"},\"inLanguage\":\"es-AR\",\"potentialAction\":[{\"@type\":\"ReadAction\",\"target\":[\"https:\/\/apuntesdesanluis.com\/index.php\/2025\/03\/27\/aseguran-que-manuel-adorni-sera-candidato-a-legislador-porteno-por-la-libertad-avanza\/\"]}]},{\"@type\":\"ImageObject\",\"inLanguage\":\"es-AR\",\"@id\":\"https:\/\/apuntesdesanluis.com\/index.php\/2025\/03\/27\/aseguran-que-manuel-adorni-sera-candidato-a-legislador-porteno-por-la-libertad-avanza\/#primaryimage\",\"url\":\"https:\/\/apuntesdesanluis.com\/wp-content\/uploads\/2025\/03\/ADORNI-1.png\",\"contentUrl\":\"https:\/\/apuntesdesanluis.com\/wp-content\/uploads\/2025\/03\/ADORNI-1.png\",\"width\":826,\"height\":464},{\"@type\":\"BreadcrumbList\",\"@id\":\"https:\/\/apuntesdesanluis.com\/index.php\/2025\/03\/27\/aseguran-que-manuel-adorni-sera-candidato-a-legislador-porteno-por-la-libertad-avanza\/#breadcrumb\",\"itemListElement\":[{\"@type\":\"ListItem\",\"position\":1,\"name\":\"Inicio\",\"item\":\"https:\/\/apuntesdesanluis.com\/\"},{\"@type\":\"ListItem\",\"position\":2,\"name\":\"ASEGURAN QUE MANUEL ADORNI SER\u00c1 CANDIDATO A LEGISLADOR PORTE\u00d1O POR LA LIBERTAD AVANZA\"}]},{\"@type\":\"WebSite\",\"@id\":\"https:\/\/apuntesdesanluis.com\/#website\",\"url\":\"https:\/\/apuntesdesanluis.com\/\",\"name\":\"Apuntes de San Luis\",\"description\":\"\",\"publisher\":{\"@id\":\"https:\/\/apuntesdesanluis.com\/#\/schema\/person\/b55151d52296fcce64d1a72538a70b90\"},\"potentialAction\":[{\"@type\":\"SearchAction\",\"target\":{\"@type\":\"EntryPoint\",\"urlTemplate\":\"https:\/\/apuntesdesanluis.com\/?s={search_term_string}\"},\"query-input\":{\"@type\":\"PropertyValueSpecification\",\"valueRequired\":true,\"valueName\":\"search_term_string\"}}],\"inLanguage\":\"es-AR\"},{\"@type\":[\"Person\",\"Organization\"],\"@id\":\"https:\/\/apuntesdesanluis.com\/#\/schema\/person\/b55151d52296fcce64d1a72538a70b90\",\"name\":\"apuntesdesanluis.com\",\"image\":{\"@type\":\"ImageObject\",\"inLanguage\":\"es-AR\",\"@id\":\"https:\/\/apuntesdesanluis.com\/#\/schema\/person\/image\/\",\"url\":\"https:\/\/apuntesdesanluis.com\/wp-content\/uploads\/2023\/07\/cropped-apuntesdesanluis.png\",\"contentUrl\":\"https:\/\/apuntesdesanluis.com\/wp-content\/uploads\/2023\/07\/cropped-apuntesdesanluis.png\",\"width\":450,\"height\":112,\"caption\":\"apuntesdesanluis.com\"},\"logo\":{\"@id\":\"https:\/\/apuntesdesanluis.com\/#\/schema\/person\/image\/\"},\"sameAs\":[\"https:\/\/apuntesdesanluis.com\"],\"url\":\"https:\/\/apuntesdesanluis.com\/index.php\/author\/apuntesdesanluis-com\/\"}]}<\/script>\n<!-- \/ Yoast SEO plugin. -->","yoast_head_json":{"title":"ASEGURAN QUE MANUEL ADORNI SER\u00c1 CANDIDATO A LEGISLADOR PORTE\u00d1O POR LA LIBERTAD AVANZA - Apuntes de San Luis","robots":{"index":"index","follow":"follow","max-snippet":"max-snippet:-1","max-image-preview":"max-image-preview:large","max-video-preview":"max-video-preview:-1"},"canonical":"https:\/\/apuntesdesanluis.com\/index.php\/2025\/03\/27\/aseguran-que-manuel-adorni-sera-candidato-a-legislador-porteno-por-la-libertad-avanza\/","og_locale":"es_ES","og_type":"article","og_title":"ASEGURAN QUE MANUEL ADORNI SER\u00c1 CANDIDATO A LEGISLADOR PORTE\u00d1O POR LA LIBERTAD AVANZA - Apuntes de San Luis","og_description":"El vocero Manuel Adorni es el preferido de la secretaria general de la Presidencia, Karina...","og_url":"https:\/\/apuntesdesanluis.com\/index.php\/2025\/03\/27\/aseguran-que-manuel-adorni-sera-candidato-a-legislador-porteno-por-la-libertad-avanza\/","og_site_name":"Apuntes de San Luis","article_published_time":"2025-03-27T23:05:36+00:00","article_modified_time":"2025-03-27T23:09:44+00:00","og_image":[{"width":826,"height":464,"url":"https:\/\/apuntesdesanluis.com\/wp-content\/uploads\/2025\/03\/ADORNI-1.png","type":"image\/png"}],"author":"apuntesdesanluis.com","twitter_card":"summary_large_image","twitter_misc":{"Escrito por":"apuntesdesanluis.com","Tiempo de lectura":"2 minutos"},"schema":{"@context":"https:\/\/schema.org","@graph":[{"@type":"Article","@id":"https:\/\/apuntesdesanluis.com\/index.php\/2025\/03\/27\/aseguran-que-manuel-adorni-sera-candidato-a-legislador-porteno-por-la-libertad-avanza\/#article","isPartOf":{"@id":"https:\/\/apuntesdesanluis.com\/index.php\/2025\/03\/27\/aseguran-que-manuel-adorni-sera-candidato-a-legislador-porteno-por-la-libertad-avanza\/"},"author":{"name":"apuntesdesanluis.com","@id":"https:\/\/apuntesdesanluis.com\/#\/schema\/person\/b55151d52296fcce64d1a72538a70b90"},"headline":"ASEGURAN QUE MANUEL ADORNI SER\u00c1 CANDIDATO A LEGISLADOR PORTE\u00d1O POR LA LIBERTAD AVANZA","datePublished":"2025-03-27T23:05:36+00:00","dateModified":"2025-03-27T23:09:44+00:00","mainEntityOfPage":{"@id":"https:\/\/apuntesdesanluis.com\/index.php\/2025\/03\/27\/aseguran-que-manuel-adorni-sera-candidato-a-legislador-porteno-por-la-libertad-avanza\/"},"wordCount":360,"publisher":{"@id":"https:\/\/apuntesdesanluis.com\/#\/schema\/person\/b55151d52296fcce64d1a72538a70b90"},"image":{"@id":"https:\/\/apuntesdesanluis.com\/index.php\/2025\/03\/27\/aseguran-que-manuel-adorni-sera-candidato-a-legislador-porteno-por-la-libertad-avanza\/#primaryimage"},"thumbnailUrl":"https:\/\/apuntesdesanluis.com\/wp-content\/uploads\/2025\/03\/ADORNI-1.png","articleSection":["Nacionales\/Internacionales"],"inLanguage":"es-AR"},{"@type":"WebPage","@id":"https:\/\/apuntesdesanluis.com\/index.php\/2025\/03\/27\/aseguran-que-manuel-adorni-sera-candidato-a-legislador-porteno-por-la-libertad-avanza\/","url":"https:\/\/apuntesdesanluis.com\/index.php\/2025\/03\/27\/aseguran-que-manuel-adorni-sera-candidato-a-legislador-porteno-por-la-libertad-avanza\/","name":"ASEGURAN QUE MANUEL ADORNI SER\u00c1 CANDIDATO A LEGISLADOR PORTE\u00d1O POR LA LIBERTAD AVANZA - Apuntes de San Luis","isPartOf":{"@id":"https:\/\/apuntesdesanluis.com\/#website"},"primaryImageOfPage":{"@id":"https:\/\/apuntesdesanluis.com\/index.php\/2025\/03\/27\/aseguran-que-manuel-adorni-sera-candidato-a-legislador-porteno-por-la-libertad-avanza\/#primaryimage"},"image":{"@id":"https:\/\/apuntesdesanluis.com\/index.php\/2025\/03\/27\/aseguran-que-manuel-adorni-sera-candidato-a-legislador-porteno-por-la-libertad-avanza\/#primaryimage"},"thumbnailUrl":"https:\/\/apuntesdesanluis.com\/wp-content\/uploads\/2025\/03\/ADORNI-1.png","datePublished":"2025-03-27T23:05:36+00:00","dateModified":"2025-03-27T23:09:44+00:00","breadcrumb":{"@id":"https:\/\/apuntesdesanluis.com\/index.php\/2025\/03\/27\/aseguran-que-manuel-adorni-sera-candidato-a-legislador-porteno-por-la-libertad-avanza\/#breadcrumb"},"inLanguage":"es-AR","potentialAction":[{"@type":"ReadAction","target":["https:\/\/apuntesdesanluis.com\/index.php\/2025\/03\/27\/aseguran-que-manuel-adorni-sera-candidato-a-legislador-porteno-por-la-libertad-avanza\/"]}]},{"@type":"ImageObject","inLanguage":"es-AR","@id":"https:\/\/apuntesdesanluis.com\/index.php\/2025\/03\/27\/aseguran-que-manuel-adorni-sera-candidato-a-legislador-porteno-por-la-libertad-avanza\/#primaryimage","url":"https:\/\/apuntesdesanluis.com\/wp-content\/uploads\/2025\/03\/ADORNI-1.png","contentUrl":"https:\/\/apuntesdesanluis.com\/wp-content\/uploads\/2025\/03\/ADORNI-1.png","width":826,"height":464},{"@type":"BreadcrumbList","@id":"https:\/\/apuntesdesanluis.com\/index.php\/2025\/03\/27\/aseguran-que-manuel-adorni-sera-candidato-a-legislador-porteno-por-la-libertad-avanza\/#breadcrumb","itemListElement":[{"@type":"ListItem","position":1,"name":"Inicio","item":"https:\/\/apuntesdesanluis.com\/"},{"@type":"ListItem","position":2,"name":"ASEGURAN QUE MANUEL ADORNI SER\u00c1 CANDIDATO A LEGISLADOR PORTE\u00d1O POR LA LIBERTAD AVANZA"}]},{"@type":"WebSite","@id":"https:\/\/apuntesdesanluis.com\/#website","url":"https:\/\/apuntesdesanluis.com\/","name":"Apuntes de San Luis","description":"","publisher":{"@id":"https:\/\/apuntesdesanluis.com\/#\/schema\/person\/b55151d52296fcce64d1a72538a70b90"},"potentialAction":[{"@type":"SearchAction","target":{"@type":"EntryPoint","urlTemplate":"https:\/\/apuntesdesanluis.com\/?s={search_term_string}"},"query-input":{"@type":"PropertyValueSpecification","valueRequired":true,"valueName":"search_term_string"}}],"inLanguage":"es-AR"},{"@type":["Person","Organization"],"@id":"https:\/\/apuntesdesanluis.com\/#\/schema\/person\/b55151d52296fcce64d1a72538a70b90","name":"apuntesdesanluis.com","image":{"@type":"ImageObject","inLanguage":"es-AR","@id":"https:\/\/apuntesdesanluis.com\/#\/schema\/person\/image\/","url":"https:\/\/apuntesdesanluis.com\/wp-content\/uploads\/2023\/07\/cropped-apuntesdesanluis.png","contentUrl":"https:\/\/apuntesdesanluis.com\/wp-content\/uploads\/2023\/07\/cropped-apuntesdesanluis.png","width":450,"height":112,"caption":"apuntesdesanluis.com"},"logo":{"@id":"https:\/\/apuntesdesanluis.com\/#\/schema\/person\/image\/"},"sameAs":["https:\/\/apuntesdesanluis.com"],"url":"https:\/\/apuntesdesanluis.com\/index.php\/author\/apuntesdesanluis-com\/"}]}},"featured_image_urls":{"full":["https:\/\/apuntesdesanluis.com\/wp-content\/uploads\/2025\/03\/ADORNI-1.png",826,464,false],"thumbnail":["https:\/\/apuntesdesanluis.com\/wp-content\/uploads\/2025\/03\/ADORNI-1-150x150.png",150,150,true],"medium":["https:\/\/apuntesdesanluis.com\/wp-content\/uploads\/2025\/03\/ADORNI-1-300x169.png",300,169,true],"medium_large":["https:\/\/apuntesdesanluis.com\/wp-content\/uploads\/2025\/03\/ADORNI-1-768x431.png",640,359,true],"large":["https:\/\/apuntesdesanluis.com\/wp-content\/uploads\/2025\/03\/ADORNI-1.png",640,360,false],"1536x1536":["https:\/\/apuntesdesanluis.com\/wp-content\/uploads\/2025\/03\/ADORNI-1.png",826,464,false],"2048x2048":["https:\/\/apuntesdesanluis.com\/wp-content\/uploads\/2025\/03\/ADORNI-1.png",826,464,false],"newsever-slider-full":["https:\/\/apuntesdesanluis.com\/wp-content\/uploads\/2025\/03\/ADORNI-1.png",826,464,false],"newsever-featured":["https:\/\/apuntesdesanluis.com\/wp-content\/uploads\/2025\/03\/ADORNI-1.png",826,464,false],"newsever-medium":["https:\/\/apuntesdesanluis.com\/wp-content\/uploads\/2025\/03\/ADORNI-1-720x464.png",720,464,true]},"author_info":{"display_name":"apuntesdesanluis.com","author_link":"https:\/\/apuntesdesanluis.com\/index.php\/author\/apuntesdesanluis-com\/"},"category_info":"<a href=\"https:\/\/apuntesdesanluis.com\/index.php\/category\/nacionales-internacionales\/\" rel=\"category tag\">Nacionales\/Internacionales<\/a>","tag_info":"Nacionales\/Internacionales","comment_count":"0","_links":{"self":[{"href":"https:\/\/apuntesdesanluis.com\/index.php\/wp-json\/wp\/v2\/posts\/30951","targetHints":{"allow":["GET"]}}],"collection":[{"href":"https:\/\/apuntesdesanluis.com\/index.php\/wp-json\/wp\/v2\/posts"}],"about":[{"href":"https:\/\/apuntesdesanluis.com\/index.php\/wp-json\/wp\/v2\/types\/post"}],"author":[{"embeddable":true,"href":"https:\/\/apuntesdesanluis.com\/index.php\/wp-json\/wp\/v2\/users\/1"}],"replies":[{"embeddable":true,"href":"https:\/\/apuntesdesanluis.com\/index.php\/wp-json\/wp\/v2\/comments?post=30951"}],"version-history":[{"count":2,"href":"https:\/\/apuntesdesanluis.com\/index.php\/wp-json\/wp\/v2\/posts\/30951\/revisions"}],"predecessor-version":[{"id":30955,"href":"https:\/\/apuntesdesanluis.com\/index.php\/wp-json\/wp\/v2\/posts\/30951\/revisions\/30955"}],"wp:featuredmedia":[{"embeddable":true,"href":"https:\/\/apuntesdesanluis.com\/index.php\/wp-json\/wp\/v2\/media\/30952"}],"wp:attachment":[{"href":"https:\/\/apuntesdesanluis.com\/index.php\/wp-json\/wp\/v2\/media?parent=30951"}],"wp:term":[{"taxonomy":"category","embeddable":true,"href":"https:\/\/apuntesdesanluis.com\/index.php\/wp-json\/wp\/v2\/categories?post=30951"},{"taxonomy":"post_tag","embeddable":true,"href":"https:\/\/apuntesdesanluis.com\/index.php\/wp-json\/wp\/v2\/tags?post=30951"}],"curies":[{"name":"wp","href":"https:\/\/api.w.org\/{rel}","templated":true}]}}