{"id":30962,"date":"2025-03-27T17:43:23","date_gmt":"2025-03-27T20:43:23","guid":{"rendered":"https:\/\/apuntesdesanluis.com\/?p=30962"},"modified":"2025-03-27T20:43:40","modified_gmt":"2025-03-27T23:43:40","slug":"un-jabali-mato-a-un-hombre-de-49-anos-y-sus-cuatro-perros-cuando-cazaba-en-mendoza","status":"publish","type":"post","link":"https:\/\/apuntesdesanluis.com\/index.php\/2025\/03\/27\/un-jabali-mato-a-un-hombre-de-49-anos-y-sus-cuatro-perros-cuando-cazaba-en-mendoza\/","title":{"rendered":"UN JABAL\u00cd MAT\u00d3 A UN HOMBRE DE 49 A\u00d1OS Y SUS CUATRO PERROS CUANDO CAZABA EN MENDOZA"},"content":{"rendered":"<h3>El tr\u00e1gico suceso ocurri\u00f3 el s\u00e1bado pasado, conmocionando los pobladores de la localidad de <strong>El Carrizal de Abajo<\/strong>, en Luj\u00e1n de Cuyo en la provincia de <strong>Mendoza<\/strong>.<\/h3>\n<h3>La v\u00edctima, <strong>Diego Iv\u00e1n Cortez<\/strong>, sufri\u00f3 m\u00faltiples heridas que lo dejaron gravemente herido, y falleci\u00f3 d\u00edas despu\u00e9s en un hospital de la zona.<\/h3>\n<h3>El ataque tuvo lugar en un \u00e1rea conocida por ser un refugio natural para diversos animales salvajes. Cortez, quien se encontraba acompa\u00f1ado de varios amigos, hab\u00eda ido a la zona a cazar jabal\u00edes, una actividad que, a pesar de ser com\u00fan en la regi\u00f3n, conlleva riesgos debido a la agresividad de estos animales. Lo que parec\u00eda una jornada m\u00e1s de caza, termin\u00f3 en una tragedia para la familia de Cortez y sus allegados.<\/h3>\n<h3>Seg\u00fan los testimonios de sus amigos, el grupo hab\u00eda logrado atrapar a un macho de jabal\u00ed, conocido como padrillo, un animal de gran tama\u00f1o y colmillos intimidantes. Para capturarlo, los cazadores utilizaron perros y armas de fuego. El jabal\u00ed, sin embargo, demostr\u00f3 una notable resistencia. Aunque inicialmente parec\u00eda controlado, el animal logr\u00f3 liberarse y atac\u00f3 con fiereza a Cortez, quien no tuvo tiempo de defenderse adecuadamente.<\/h3>\n<h3>El ataque ocurri\u00f3 en cuesti\u00f3n de segundos. Cortez sufri\u00f3 lesiones graves provocadas por los colmillos del jabal\u00ed, que le perforaron partes de su cuerpo. Sus amigos, al encontrarlo en estado cr\u00edtico, lo trasladaron de inmediato a un centro asistencial. A pesar de los esfuerzos m\u00e9dicos, la gravedad de sus heridas y el da\u00f1o provocado por el ataque fueron demasiado para que sobreviviera, y falleci\u00f3 el s\u00e1bado tras varios d\u00edas de internaci\u00f3n.<\/h3>\n<p><img fetchpriority=\"high\" decoding=\"async\" class=\"wp-image-30964 aligncenter\" src=\"https:\/\/apuntesdesanluis.com\/wp-content\/uploads\/2025\/03\/cortez-300x193.png\" alt=\"\" width=\"668\" height=\"430\" srcset=\"https:\/\/apuntesdesanluis.com\/wp-content\/uploads\/2025\/03\/cortez-300x193.png 300w, https:\/\/apuntesdesanluis.com\/wp-content\/uploads\/2025\/03\/cortez-768x495.png 768w, https:\/\/apuntesdesanluis.com\/wp-content\/uploads\/2025\/03\/cortez.png 821w\" sizes=\"(max-width: 668px) 100vw, 668px\" \/><\/p>\n<h3>La noticia de su muerte caus\u00f3 una profunda tristeza en la comunidad, especialmente entre sus seres queridos. En las redes sociales, amigos y familiares compartieron emotivos mensajes de despedida. Su esposa y tres hijos expresaron su dolor con un mensaje en el que destacaron la bondad y el amor que Cortez brind\u00f3 a su familia y amigos: \u201cNos quisiste con tanta fuerza y bondad que tu amor estar\u00e1 por siempre grabado en nuestra alma. Te amamos, viejito\u201d.<\/h3>\n<h3><strong>EL PROBLEMA DEL JABAL\u00cd EN LA ARGENTINA<\/strong><\/h3>\n<h3>Estos mam\u00edferos son originarios de Europa y Asia, pero fueron introducidos por los seres humanos en otras regiones del mundo. Lograron expandirse y hoy est\u00e1n incluidos en la lista de las 100 especies ex\u00f3ticas invasoras m\u00e1s da\u00f1inas del mundo, de acuerdo con la Uni\u00f3n Internacional para la Conservaci\u00f3n de la Naturaleza.<\/h3>\n<h3>Los jabal\u00edes ya est\u00e1n en 16 de las 24 jurisdicciones del pa\u00eds, por lo que desde 1953 fue declarado como una especie da\u00f1ina para las actividades agr\u00edcolas-ganaderas.<\/h3>\n<p><img decoding=\"async\" class=\"wp-image-30965 aligncenter\" src=\"https:\/\/apuntesdesanluis.com\/wp-content\/uploads\/2025\/03\/jabali-macho-300x198.png\" alt=\"\" width=\"717\" height=\"473\" srcset=\"https:\/\/apuntesdesanluis.com\/wp-content\/uploads\/2025\/03\/jabali-macho-300x198.png 300w, https:\/\/apuntesdesanluis.com\/wp-content\/uploads\/2025\/03\/jabali-macho.png 694w\" sizes=\"(max-width: 717px) 100vw, 717px\" \/><\/p>\n<h3>Desde entonces, y a lo largo de la segunda mitad del siglo XX, en las distintas poblaciones de jabal\u00edes y cerdos silvestres, la especie fue declarada como plaga por diferentes jurisdicciones provinciales. Seg\u00fan esa categor\u00eda de manejo, los propietarios de tierras tienen la responsabilidad de prevenir la propagaci\u00f3n y, en la medida de lo posible, erradicar la plaga dentro de sus predios.<\/h3>\n<h3>En el a\u00f1o 2021, se incluy\u00f3 al jabal\u00ed en la lista \u201cEspecies Ex\u00f3ticas Invasoras\u201d a nivel nacional. Se la clasific\u00f3 como \u201cespecie ex\u00f3tica invasora de uso controlado\u201d, y surgieron propuestas para avanzar con un plan nacional para el control del jabal\u00ed dentro de un marco interinstitucional.<\/h3>\n<h3>En di\u00e1logo con Infobae, la doctora Fernanda Cuevas, investigadora en especies ex\u00f3ticas del Conicet en Mendoza, coment\u00f3: \u201cEl jabal\u00ed tiene una amplia distribuci\u00f3n en la Argentina, que incluye la provincia de Entre R\u00edos. El hecho de que no haya una estrategia de manejo a nivel nacional hace imposible detener su avance\u201d.<\/h3>\n<h3>Las poblaciones de jabal\u00ed \u2014pronostic\u00f3\u2014 \u201cseguir\u00e1n expandi\u00e9ndose a medida que las caracter\u00edsticas del ambiente lo permitan. Es decir, si los animales encuentran comida y agua\u201d.<\/h3>\n<h3>Los campos cultivados son \u201cuna fuente de alimento muy disponible para el jabal\u00ed. A medida que se expanda la agricultura tambi\u00e9n lo har\u00e1 esta especie. Est\u00e1n creciendo en abundancia las poblaciones establecidas en esos sitios, y probablemente el da\u00f1o sea m\u00e1s notorio\u201d.<\/h3>\n<h3>Cont\u00f3 que en Mendoza se est\u00e1 observando expansi\u00f3n a sitios cerca de las ciudades y hay un aumento poblacional. \u201cTenemos serios problemas con los cultivos de papa\u201d, se\u00f1al\u00f3.<\/h3>\n<h3><\/h3>\n<p>&nbsp;<\/p>\n<p>&nbsp;<\/p>\n<p>&nbsp;<\/p>\n<h3><\/h3>\n<p>&nbsp;<\/p>\n","protected":false},"excerpt":{"rendered":"<p>El tr\u00e1gico suceso ocurri\u00f3 el s\u00e1bado pasado, conmocionando los pobladores de la localidad de El&#8230;<\/p>\n","protected":false},"author":1,"featured_media":30963,"comment_status":"closed","ping_status":"closed","sticky":false,"template":"","format":"standard","meta":{"footnotes":""},"categories":[5],"tags":[],"class_list":["post-30962","post","type-post","status-publish","format-standard","has-post-thumbnail","hentry","category-nacionales-internacionales"],"yoast_head":"<!-- This site is optimized with the Yoast SEO plugin v26.1.1 - https:\/\/yoast.com\/wordpress\/plugins\/seo\/ -->\n<title>UN JABAL\u00cd MAT\u00d3 A UN HOMBRE DE 49 A\u00d1OS Y SUS CUATRO PERROS CUANDO CAZABA EN MENDOZA - Apuntes de San Luis<\/title>\n<meta name=\"robots\" content=\"index, follow, max-snippet:-1, max-image-preview:large, max-video-preview:-1\" \/>\n<link rel=\"canonical\" href=\"https:\/\/apuntesdesanluis.com\/index.php\/2025\/03\/27\/un-jabali-mato-a-un-hombre-de-49-anos-y-sus-cuatro-perros-cuando-cazaba-en-mendoza\/\" \/>\n<meta property=\"og:locale\" content=\"es_ES\" \/>\n<meta property=\"og:type\" content=\"article\" \/>\n<meta property=\"og:title\" content=\"UN JABAL\u00cd MAT\u00d3 A UN HOMBRE DE 49 A\u00d1OS Y SUS CUATRO PERROS CUANDO CAZABA EN MENDOZA - Apuntes de San Luis\" \/>\n<meta property=\"og:description\" content=\"El tr\u00e1gico suceso ocurri\u00f3 el s\u00e1bado pasado, conmocionando los pobladores de la localidad de El...\" \/>\n<meta property=\"og:url\" content=\"https:\/\/apuntesdesanluis.com\/index.php\/2025\/03\/27\/un-jabali-mato-a-un-hombre-de-49-anos-y-sus-cuatro-perros-cuando-cazaba-en-mendoza\/\" \/>\n<meta property=\"og:site_name\" content=\"Apuntes de San Luis\" \/>\n<meta property=\"article:published_time\" content=\"2025-03-27T20:43:23+00:00\" \/>\n<meta property=\"article:modified_time\" content=\"2025-03-27T23:43:40+00:00\" \/>\n<meta property=\"og:image\" content=\"https:\/\/apuntesdesanluis.com\/wp-content\/uploads\/2025\/03\/JABALI.png\" \/>\n\t<meta property=\"og:image:width\" content=\"800\" \/>\n\t<meta property=\"og:image:height\" content=\"472\" \/>\n\t<meta property=\"og:image:type\" content=\"image\/png\" \/>\n<meta name=\"author\" content=\"apuntesdesanluis.com\" \/>\n<meta name=\"twitter:card\" content=\"summary_large_image\" \/>\n<meta name=\"twitter:label1\" content=\"Escrito por\" \/>\n\t<meta name=\"twitter:data1\" content=\"apuntesdesanluis.com\" \/>\n\t<meta name=\"twitter:label2\" content=\"Tiempo de lectura\" \/>\n\t<meta name=\"twitter:data2\" content=\"4 minutos\" \/>\n<script type=\"application\/ld+json\" class=\"yoast-schema-graph\">{\"@context\":\"https:\/\/schema.org\",\"@graph\":[{\"@type\":\"Article\",\"@id\":\"https:\/\/apuntesdesanluis.com\/index.php\/2025\/03\/27\/un-jabali-mato-a-un-hombre-de-49-anos-y-sus-cuatro-perros-cuando-cazaba-en-mendoza\/#article\",\"isPartOf\":{\"@id\":\"https:\/\/apuntesdesanluis.com\/index.php\/2025\/03\/27\/un-jabali-mato-a-un-hombre-de-49-anos-y-sus-cuatro-perros-cuando-cazaba-en-mendoza\/\"},\"author\":{\"name\":\"apuntesdesanluis.com\",\"@id\":\"https:\/\/apuntesdesanluis.com\/#\/schema\/person\/b55151d52296fcce64d1a72538a70b90\"},\"headline\":\"UN JABAL\u00cd MAT\u00d3 A UN HOMBRE DE 49 A\u00d1OS Y SUS CUATRO PERROS CUANDO CAZABA EN MENDOZA\",\"datePublished\":\"2025-03-27T20:43:23+00:00\",\"dateModified\":\"2025-03-27T23:43:40+00:00\",\"mainEntityOfPage\":{\"@id\":\"https:\/\/apuntesdesanluis.com\/index.php\/2025\/03\/27\/un-jabali-mato-a-un-hombre-de-49-anos-y-sus-cuatro-perros-cuando-cazaba-en-mendoza\/\"},\"wordCount\":750,\"publisher\":{\"@id\":\"https:\/\/apuntesdesanluis.com\/#\/schema\/person\/b55151d52296fcce64d1a72538a70b90\"},\"image\":{\"@id\":\"https:\/\/apuntesdesanluis.com\/index.php\/2025\/03\/27\/un-jabali-mato-a-un-hombre-de-49-anos-y-sus-cuatro-perros-cuando-cazaba-en-mendoza\/#primaryimage\"},\"thumbnailUrl\":\"https:\/\/apuntesdesanluis.com\/wp-content\/uploads\/2025\/03\/JABALI.png\",\"articleSection\":[\"Nacionales\/Internacionales\"],\"inLanguage\":\"es-AR\"},{\"@type\":\"WebPage\",\"@id\":\"https:\/\/apuntesdesanluis.com\/index.php\/2025\/03\/27\/un-jabali-mato-a-un-hombre-de-49-anos-y-sus-cuatro-perros-cuando-cazaba-en-mendoza\/\",\"url\":\"https:\/\/apuntesdesanluis.com\/index.php\/2025\/03\/27\/un-jabali-mato-a-un-hombre-de-49-anos-y-sus-cuatro-perros-cuando-cazaba-en-mendoza\/\",\"name\":\"UN JABAL\u00cd MAT\u00d3 A UN HOMBRE DE 49 A\u00d1OS Y SUS CUATRO PERROS CUANDO CAZABA EN MENDOZA - Apuntes de San Luis\",\"isPartOf\":{\"@id\":\"https:\/\/apuntesdesanluis.com\/#website\"},\"primaryImageOfPage\":{\"@id\":\"https:\/\/apuntesdesanluis.com\/index.php\/2025\/03\/27\/un-jabali-mato-a-un-hombre-de-49-anos-y-sus-cuatro-perros-cuando-cazaba-en-mendoza\/#primaryimage\"},\"image\":{\"@id\":\"https:\/\/apuntesdesanluis.com\/index.php\/2025\/03\/27\/un-jabali-mato-a-un-hombre-de-49-anos-y-sus-cuatro-perros-cuando-cazaba-en-mendoza\/#primaryimage\"},\"thumbnailUrl\":\"https:\/\/apuntesdesanluis.com\/wp-content\/uploads\/2025\/03\/JABALI.png\",\"datePublished\":\"2025-03-27T20:43:23+00:00\",\"dateModified\":\"2025-03-27T23:43:40+00:00\",\"breadcrumb\":{\"@id\":\"https:\/\/apuntesdesanluis.com\/index.php\/2025\/03\/27\/un-jabali-mato-a-un-hombre-de-49-anos-y-sus-cuatro-perros-cuando-cazaba-en-mendoza\/#breadcrumb\"},\"inLanguage\":\"es-AR\",\"potentialAction\":[{\"@type\":\"ReadAction\",\"target\":[\"https:\/\/apuntesdesanluis.com\/index.php\/2025\/03\/27\/un-jabali-mato-a-un-hombre-de-49-anos-y-sus-cuatro-perros-cuando-cazaba-en-mendoza\/\"]}]},{\"@type\":\"ImageObject\",\"inLanguage\":\"es-AR\",\"@id\":\"https:\/\/apuntesdesanluis.com\/index.php\/2025\/03\/27\/un-jabali-mato-a-un-hombre-de-49-anos-y-sus-cuatro-perros-cuando-cazaba-en-mendoza\/#primaryimage\",\"url\":\"https:\/\/apuntesdesanluis.com\/wp-content\/uploads\/2025\/03\/JABALI.png\",\"contentUrl\":\"https:\/\/apuntesdesanluis.com\/wp-content\/uploads\/2025\/03\/JABALI.png\",\"width\":800,\"height\":472},{\"@type\":\"BreadcrumbList\",\"@id\":\"https:\/\/apuntesdesanluis.com\/index.php\/2025\/03\/27\/un-jabali-mato-a-un-hombre-de-49-anos-y-sus-cuatro-perros-cuando-cazaba-en-mendoza\/#breadcrumb\",\"itemListElement\":[{\"@type\":\"ListItem\",\"position\":1,\"name\":\"Inicio\",\"item\":\"https:\/\/apuntesdesanluis.com\/\"},{\"@type\":\"ListItem\",\"position\":2,\"name\":\"UN JABAL\u00cd MAT\u00d3 A UN HOMBRE DE 49 A\u00d1OS Y SUS CUATRO PERROS CUANDO CAZABA EN MENDOZA\"}]},{\"@type\":\"WebSite\",\"@id\":\"https:\/\/apuntesdesanluis.com\/#website\",\"url\":\"https:\/\/apuntesdesanluis.com\/\",\"name\":\"Apuntes de San Luis\",\"description\":\"\",\"publisher\":{\"@id\":\"https:\/\/apuntesdesanluis.com\/#\/schema\/person\/b55151d52296fcce64d1a72538a70b90\"},\"potentialAction\":[{\"@type\":\"SearchAction\",\"target\":{\"@type\":\"EntryPoint\",\"urlTemplate\":\"https:\/\/apuntesdesanluis.com\/?s={search_term_string}\"},\"query-input\":{\"@type\":\"PropertyValueSpecification\",\"valueRequired\":true,\"valueName\":\"search_term_string\"}}],\"inLanguage\":\"es-AR\"},{\"@type\":[\"Person\",\"Organization\"],\"@id\":\"https:\/\/apuntesdesanluis.com\/#\/schema\/person\/b55151d52296fcce64d1a72538a70b90\",\"name\":\"apuntesdesanluis.com\",\"image\":{\"@type\":\"ImageObject\",\"inLanguage\":\"es-AR\",\"@id\":\"https:\/\/apuntesdesanluis.com\/#\/schema\/person\/image\/\",\"url\":\"https:\/\/apuntesdesanluis.com\/wp-content\/uploads\/2023\/07\/cropped-apuntesdesanluis.png\",\"contentUrl\":\"https:\/\/apuntesdesanluis.com\/wp-content\/uploads\/2023\/07\/cropped-apuntesdesanluis.png\",\"width\":450,\"height\":112,\"caption\":\"apuntesdesanluis.com\"},\"logo\":{\"@id\":\"https:\/\/apuntesdesanluis.com\/#\/schema\/person\/image\/\"},\"sameAs\":[\"https:\/\/apuntesdesanluis.com\"],\"url\":\"https:\/\/apuntesdesanluis.com\/index.php\/author\/apuntesdesanluis-com\/\"}]}<\/script>\n<!-- \/ Yoast SEO plugin. -->","yoast_head_json":{"title":"UN JABAL\u00cd MAT\u00d3 A UN HOMBRE DE 49 A\u00d1OS Y SUS CUATRO PERROS CUANDO CAZABA EN MENDOZA - Apuntes de San Luis","robots":{"index":"index","follow":"follow","max-snippet":"max-snippet:-1","max-image-preview":"max-image-preview:large","max-video-preview":"max-video-preview:-1"},"canonical":"https:\/\/apuntesdesanluis.com\/index.php\/2025\/03\/27\/un-jabali-mato-a-un-hombre-de-49-anos-y-sus-cuatro-perros-cuando-cazaba-en-mendoza\/","og_locale":"es_ES","og_type":"article","og_title":"UN JABAL\u00cd MAT\u00d3 A UN HOMBRE DE 49 A\u00d1OS Y SUS CUATRO PERROS CUANDO CAZABA EN MENDOZA - Apuntes de San Luis","og_description":"El tr\u00e1gico suceso ocurri\u00f3 el s\u00e1bado pasado, conmocionando los pobladores de la localidad de El...","og_url":"https:\/\/apuntesdesanluis.com\/index.php\/2025\/03\/27\/un-jabali-mato-a-un-hombre-de-49-anos-y-sus-cuatro-perros-cuando-cazaba-en-mendoza\/","og_site_name":"Apuntes de San Luis","article_published_time":"2025-03-27T20:43:23+00:00","article_modified_time":"2025-03-27T23:43:40+00:00","og_image":[{"width":800,"height":472,"url":"https:\/\/apuntesdesanluis.com\/wp-content\/uploads\/2025\/03\/JABALI.png","type":"image\/png"}],"author":"apuntesdesanluis.com","twitter_card":"summary_large_image","twitter_misc":{"Escrito por":"apuntesdesanluis.com","Tiempo de lectura":"4 minutos"},"schema":{"@context":"https:\/\/schema.org","@graph":[{"@type":"Article","@id":"https:\/\/apuntesdesanluis.com\/index.php\/2025\/03\/27\/un-jabali-mato-a-un-hombre-de-49-anos-y-sus-cuatro-perros-cuando-cazaba-en-mendoza\/#article","isPartOf":{"@id":"https:\/\/apuntesdesanluis.com\/index.php\/2025\/03\/27\/un-jabali-mato-a-un-hombre-de-49-anos-y-sus-cuatro-perros-cuando-cazaba-en-mendoza\/"},"author":{"name":"apuntesdesanluis.com","@id":"https:\/\/apuntesdesanluis.com\/#\/schema\/person\/b55151d52296fcce64d1a72538a70b90"},"headline":"UN JABAL\u00cd MAT\u00d3 A UN HOMBRE DE 49 A\u00d1OS Y SUS CUATRO PERROS CUANDO CAZABA EN MENDOZA","datePublished":"2025-03-27T20:43:23+00:00","dateModified":"2025-03-27T23:43:40+00:00","mainEntityOfPage":{"@id":"https:\/\/apuntesdesanluis.com\/index.php\/2025\/03\/27\/un-jabali-mato-a-un-hombre-de-49-anos-y-sus-cuatro-perros-cuando-cazaba-en-mendoza\/"},"wordCount":750,"publisher":{"@id":"https:\/\/apuntesdesanluis.com\/#\/schema\/person\/b55151d52296fcce64d1a72538a70b90"},"image":{"@id":"https:\/\/apuntesdesanluis.com\/index.php\/2025\/03\/27\/un-jabali-mato-a-un-hombre-de-49-anos-y-sus-cuatro-perros-cuando-cazaba-en-mendoza\/#primaryimage"},"thumbnailUrl":"https:\/\/apuntesdesanluis.com\/wp-content\/uploads\/2025\/03\/JABALI.png","articleSection":["Nacionales\/Internacionales"],"inLanguage":"es-AR"},{"@type":"WebPage","@id":"https:\/\/apuntesdesanluis.com\/index.php\/2025\/03\/27\/un-jabali-mato-a-un-hombre-de-49-anos-y-sus-cuatro-perros-cuando-cazaba-en-mendoza\/","url":"https:\/\/apuntesdesanluis.com\/index.php\/2025\/03\/27\/un-jabali-mato-a-un-hombre-de-49-anos-y-sus-cuatro-perros-cuando-cazaba-en-mendoza\/","name":"UN JABAL\u00cd MAT\u00d3 A UN HOMBRE DE 49 A\u00d1OS Y SUS CUATRO PERROS CUANDO CAZABA EN MENDOZA - Apuntes de San Luis","isPartOf":{"@id":"https:\/\/apuntesdesanluis.com\/#website"},"primaryImageOfPage":{"@id":"https:\/\/apuntesdesanluis.com\/index.php\/2025\/03\/27\/un-jabali-mato-a-un-hombre-de-49-anos-y-sus-cuatro-perros-cuando-cazaba-en-mendoza\/#primaryimage"},"image":{"@id":"https:\/\/apuntesdesanluis.com\/index.php\/2025\/03\/27\/un-jabali-mato-a-un-hombre-de-49-anos-y-sus-cuatro-perros-cuando-cazaba-en-mendoza\/#primaryimage"},"thumbnailUrl":"https:\/\/apuntesdesanluis.com\/wp-content\/uploads\/2025\/03\/JABALI.png","datePublished":"2025-03-27T20:43:23+00:00","dateModified":"2025-03-27T23:43:40+00:00","breadcrumb":{"@id":"https:\/\/apuntesdesanluis.com\/index.php\/2025\/03\/27\/un-jabali-mato-a-un-hombre-de-49-anos-y-sus-cuatro-perros-cuando-cazaba-en-mendoza\/#breadcrumb"},"inLanguage":"es-AR","potentialAction":[{"@type":"ReadAction","target":["https:\/\/apuntesdesanluis.com\/index.php\/2025\/03\/27\/un-jabali-mato-a-un-hombre-de-49-anos-y-sus-cuatro-perros-cuando-cazaba-en-mendoza\/"]}]},{"@type":"ImageObject","inLanguage":"es-AR","@id":"https:\/\/apuntesdesanluis.com\/index.php\/2025\/03\/27\/un-jabali-mato-a-un-hombre-de-49-anos-y-sus-cuatro-perros-cuando-cazaba-en-mendoza\/#primaryimage","url":"https:\/\/apuntesdesanluis.com\/wp-content\/uploads\/2025\/03\/JABALI.png","contentUrl":"https:\/\/apuntesdesanluis.com\/wp-content\/uploads\/2025\/03\/JABALI.png","width":800,"height":472},{"@type":"BreadcrumbList","@id":"https:\/\/apuntesdesanluis.com\/index.php\/2025\/03\/27\/un-jabali-mato-a-un-hombre-de-49-anos-y-sus-cuatro-perros-cuando-cazaba-en-mendoza\/#breadcrumb","itemListElement":[{"@type":"ListItem","position":1,"name":"Inicio","item":"https:\/\/apuntesdesanluis.com\/"},{"@type":"ListItem","position":2,"name":"UN JABAL\u00cd MAT\u00d3 A UN HOMBRE DE 49 A\u00d1OS Y SUS CUATRO PERROS CUANDO CAZABA EN MENDOZA"}]},{"@type":"WebSite","@id":"https:\/\/apuntesdesanluis.com\/#website","url":"https:\/\/apuntesdesanluis.com\/","name":"Apuntes de San Luis","description":"","publisher":{"@id":"https:\/\/apuntesdesanluis.com\/#\/schema\/person\/b55151d52296fcce64d1a72538a70b90"},"potentialAction":[{"@type":"SearchAction","target":{"@type":"EntryPoint","urlTemplate":"https:\/\/apuntesdesanluis.com\/?s={search_term_string}"},"query-input":{"@type":"PropertyValueSpecification","valueRequired":true,"valueName":"search_term_string"}}],"inLanguage":"es-AR"},{"@type":["Person","Organization"],"@id":"https:\/\/apuntesdesanluis.com\/#\/schema\/person\/b55151d52296fcce64d1a72538a70b90","name":"apuntesdesanluis.com","image":{"@type":"ImageObject","inLanguage":"es-AR","@id":"https:\/\/apuntesdesanluis.com\/#\/schema\/person\/image\/","url":"https:\/\/apuntesdesanluis.com\/wp-content\/uploads\/2023\/07\/cropped-apuntesdesanluis.png","contentUrl":"https:\/\/apuntesdesanluis.com\/wp-content\/uploads\/2023\/07\/cropped-apuntesdesanluis.png","width":450,"height":112,"caption":"apuntesdesanluis.com"},"logo":{"@id":"https:\/\/apuntesdesanluis.com\/#\/schema\/person\/image\/"},"sameAs":["https:\/\/apuntesdesanluis.com"],"url":"https:\/\/apuntesdesanluis.com\/index.php\/author\/apuntesdesanluis-com\/"}]}},"featured_image_urls":{"full":["https:\/\/apuntesdesanluis.com\/wp-content\/uploads\/2025\/03\/JABALI.png",800,472,false],"thumbnail":["https:\/\/apuntesdesanluis.com\/wp-content\/uploads\/2025\/03\/JABALI-150x150.png",150,150,true],"medium":["https:\/\/apuntesdesanluis.com\/wp-content\/uploads\/2025\/03\/JABALI-300x177.png",300,177,true],"medium_large":["https:\/\/apuntesdesanluis.com\/wp-content\/uploads\/2025\/03\/JABALI-768x453.png",640,378,true],"large":["https:\/\/apuntesdesanluis.com\/wp-content\/uploads\/2025\/03\/JABALI.png",640,378,false],"1536x1536":["https:\/\/apuntesdesanluis.com\/wp-content\/uploads\/2025\/03\/JABALI.png",800,472,false],"2048x2048":["https:\/\/apuntesdesanluis.com\/wp-content\/uploads\/2025\/03\/JABALI.png",800,472,false],"newsever-slider-full":["https:\/\/apuntesdesanluis.com\/wp-content\/uploads\/2025\/03\/JABALI.png",800,472,false],"newsever-featured":["https:\/\/apuntesdesanluis.com\/wp-content\/uploads\/2025\/03\/JABALI.png",800,472,false],"newsever-medium":["https:\/\/apuntesdesanluis.com\/wp-content\/uploads\/2025\/03\/JABALI-720x472.png",720,472,true]},"author_info":{"display_name":"apuntesdesanluis.com","author_link":"https:\/\/apuntesdesanluis.com\/index.php\/author\/apuntesdesanluis-com\/"},"category_info":"<a href=\"https:\/\/apuntesdesanluis.com\/index.php\/category\/nacionales-internacionales\/\" rel=\"category tag\">Nacionales\/Internacionales<\/a>","tag_info":"Nacionales\/Internacionales","comment_count":"0","_links":{"self":[{"href":"https:\/\/apuntesdesanluis.com\/index.php\/wp-json\/wp\/v2\/posts\/30962","targetHints":{"allow":["GET"]}}],"collection":[{"href":"https:\/\/apuntesdesanluis.com\/index.php\/wp-json\/wp\/v2\/posts"}],"about":[{"href":"https:\/\/apuntesdesanluis.com\/index.php\/wp-json\/wp\/v2\/types\/post"}],"author":[{"embeddable":true,"href":"https:\/\/apuntesdesanluis.com\/index.php\/wp-json\/wp\/v2\/users\/1"}],"replies":[{"embeddable":true,"href":"https:\/\/apuntesdesanluis.com\/index.php\/wp-json\/wp\/v2\/comments?post=30962"}],"version-history":[{"count":1,"href":"https:\/\/apuntesdesanluis.com\/index.php\/wp-json\/wp\/v2\/posts\/30962\/revisions"}],"predecessor-version":[{"id":30966,"href":"https:\/\/apuntesdesanluis.com\/index.php\/wp-json\/wp\/v2\/posts\/30962\/revisions\/30966"}],"wp:featuredmedia":[{"embeddable":true,"href":"https:\/\/apuntesdesanluis.com\/index.php\/wp-json\/wp\/v2\/media\/30963"}],"wp:attachment":[{"href":"https:\/\/apuntesdesanluis.com\/index.php\/wp-json\/wp\/v2\/media?parent=30962"}],"wp:term":[{"taxonomy":"category","embeddable":true,"href":"https:\/\/apuntesdesanluis.com\/index.php\/wp-json\/wp\/v2\/categories?post=30962"},{"taxonomy":"post_tag","embeddable":true,"href":"https:\/\/apuntesdesanluis.com\/index.php\/wp-json\/wp\/v2\/tags?post=30962"}],"curies":[{"name":"wp","href":"https:\/\/api.w.org\/{rel}","templated":true}]}}