{"id":30967,"date":"2025-03-28T20:11:08","date_gmt":"2025-03-28T23:11:08","guid":{"rendered":"https:\/\/apuntesdesanluis.com\/?p=30967"},"modified":"2025-03-28T20:11:08","modified_gmt":"2025-03-28T23:11:08","slug":"eugenia-gallardo-juro-como-coordinadora-del-pane","status":"publish","type":"post","link":"https:\/\/apuntesdesanluis.com\/index.php\/2025\/03\/28\/eugenia-gallardo-juro-como-coordinadora-del-pane\/","title":{"rendered":"EUGENIA GALLARDO JUR\u00d3 COMO COORDINADORA DEL PANE"},"content":{"rendered":"<h3>El Gobernador le tom\u00f3 juramento a Eugenia Gallardo, quien est\u00e1 a cargo del PANE, que tiene rango de secretar\u00eda de Estado.<\/h3>\n<h3>Este viernes, <strong>Eugenia Gallardo<\/strong> asumi\u00f3 formalmente su cargo al frente del Programa Alimentario Nutricional Escolar (PANE), una nueva secretar\u00eda de Estado que apunta a garantizar a ni\u00f1os, ni\u00f1as y adolescentes que estudian en las escuelas p\u00fablicas de todo el territorio provincial una adecuada nutrici\u00f3n, indispensable para poder desarrollar su proceso de aprendizaje.<\/h3>\n<h3>El programa, detall\u00f3 el gobernador <strong>Claudio Poggi<\/strong> en su mensaje del lunes 24, brinda el desayuno y la merienda de 110.000 chicos del sistema p\u00fablico educativo, es decir el 100%, y el almuerzo a m\u00e1s de 60.000 chicos, el 55%.<\/h3>\n<h3>En un acto sencillo, del que participaron algunos funcionarios, familiares, amigos y el equipo del PANE que acompa\u00f1ar\u00e1 a Gallardo, el Primer Mandatario le tom\u00f3 juramento a la flamante funcionaria, a quien aprobaron el mi\u00e9rcoles 26 la licencia en la Legislatura, donde se desempe\u00f1a como diputada provincial.<\/h3>\n<p><iframe title=\"Asumi\u00f3 Eugenia Gallardo como coordinadora del PANE\" width=\"640\" height=\"360\" src=\"https:\/\/www.youtube.com\/embed\/YJyWxsoS7Tc?feature=oembed\" frameborder=\"0\" allow=\"accelerometer; autoplay; clipboard-write; encrypted-media; gyroscope; picture-in-picture; web-share\" referrerpolicy=\"strict-origin-when-cross-origin\" allowfullscreen><\/iframe><\/p>\n<h3>Tras la jura, Gallardo brind\u00f3 unas palabras y confirm\u00f3, en primer t\u00e9rmino, que la semana que viene comenzar\u00e1n las visitas a las escuelas y a los proveedores que elaboran los alimentos que reciben los estudiantes.<\/h3>\n<h3>La misi\u00f3n principal \u201ces tratar de sostener el v\u00ednculo con el director. Queremos colaborar con los directivos de cada instituci\u00f3n, a sus tareas se suma la recepci\u00f3n del PANE. Entonces, la idea es ayudarlos y, si hay que corregir cosas, que el director se sienta apoyado, asistirlo. Estamos realizando una circular que ser\u00e1 enviada a partir de hoy (viernes 28) para que el lunes ya sepan todos los directivos que va a ir un funcionario del Gobierno para acompa\u00f1arlos en esta gesti\u00f3n\u201d, explic\u00f3.<\/h3>\n<h3><\/h3>\n<p>&nbsp;<\/p>\n","protected":false},"excerpt":{"rendered":"<p>El Gobernador le tom\u00f3 juramento a Eugenia Gallardo, quien est\u00e1 a cargo del PANE, que&#8230;<\/p>\n","protected":false},"author":1,"featured_media":30968,"comment_status":"closed","ping_status":"closed","sticky":false,"template":"","format":"standard","meta":{"footnotes":""},"categories":[6],"tags":[],"class_list":["post-30967","post","type-post","status-publish","format-standard","has-post-thumbnail","hentry","category-ciudad-provincia"],"yoast_head":"<!-- This site is optimized with the Yoast SEO plugin v26.1.1 - https:\/\/yoast.com\/wordpress\/plugins\/seo\/ -->\n<title>EUGENIA GALLARDO JUR\u00d3 COMO COORDINADORA DEL PANE - Apuntes de San Luis<\/title>\n<meta name=\"robots\" content=\"index, follow, max-snippet:-1, max-image-preview:large, max-video-preview:-1\" \/>\n<link rel=\"canonical\" href=\"https:\/\/apuntesdesanluis.com\/index.php\/2025\/03\/28\/eugenia-gallardo-juro-como-coordinadora-del-pane\/\" \/>\n<meta property=\"og:locale\" content=\"es_ES\" \/>\n<meta property=\"og:type\" content=\"article\" \/>\n<meta property=\"og:title\" content=\"EUGENIA GALLARDO JUR\u00d3 COMO COORDINADORA DEL PANE - Apuntes de San Luis\" \/>\n<meta property=\"og:description\" content=\"El Gobernador le tom\u00f3 juramento a Eugenia Gallardo, quien est\u00e1 a cargo del PANE, que...\" \/>\n<meta property=\"og:url\" content=\"https:\/\/apuntesdesanluis.com\/index.php\/2025\/03\/28\/eugenia-gallardo-juro-como-coordinadora-del-pane\/\" \/>\n<meta property=\"og:site_name\" content=\"Apuntes de San Luis\" \/>\n<meta property=\"article:published_time\" content=\"2025-03-28T23:11:08+00:00\" \/>\n<meta property=\"og:image\" content=\"https:\/\/apuntesdesanluis.com\/wp-content\/uploads\/2025\/03\/gallardo.png\" \/>\n\t<meta property=\"og:image:width\" content=\"800\" \/>\n\t<meta property=\"og:image:height\" content=\"497\" \/>\n\t<meta property=\"og:image:type\" content=\"image\/png\" \/>\n<meta name=\"author\" content=\"apuntesdesanluis.com\" \/>\n<meta name=\"twitter:card\" content=\"summary_large_image\" \/>\n<meta name=\"twitter:label1\" content=\"Escrito por\" \/>\n\t<meta name=\"twitter:data1\" content=\"apuntesdesanluis.com\" \/>\n\t<meta name=\"twitter:label2\" content=\"Tiempo de lectura\" \/>\n\t<meta name=\"twitter:data2\" content=\"2 minutos\" \/>\n<script type=\"application\/ld+json\" class=\"yoast-schema-graph\">{\"@context\":\"https:\/\/schema.org\",\"@graph\":[{\"@type\":\"Article\",\"@id\":\"https:\/\/apuntesdesanluis.com\/index.php\/2025\/03\/28\/eugenia-gallardo-juro-como-coordinadora-del-pane\/#article\",\"isPartOf\":{\"@id\":\"https:\/\/apuntesdesanluis.com\/index.php\/2025\/03\/28\/eugenia-gallardo-juro-como-coordinadora-del-pane\/\"},\"author\":{\"name\":\"apuntesdesanluis.com\",\"@id\":\"https:\/\/apuntesdesanluis.com\/#\/schema\/person\/b55151d52296fcce64d1a72538a70b90\"},\"headline\":\"EUGENIA GALLARDO JUR\u00d3 COMO COORDINADORA DEL PANE\",\"datePublished\":\"2025-03-28T23:11:08+00:00\",\"mainEntityOfPage\":{\"@id\":\"https:\/\/apuntesdesanluis.com\/index.php\/2025\/03\/28\/eugenia-gallardo-juro-como-coordinadora-del-pane\/\"},\"wordCount\":305,\"publisher\":{\"@id\":\"https:\/\/apuntesdesanluis.com\/#\/schema\/person\/b55151d52296fcce64d1a72538a70b90\"},\"image\":{\"@id\":\"https:\/\/apuntesdesanluis.com\/index.php\/2025\/03\/28\/eugenia-gallardo-juro-como-coordinadora-del-pane\/#primaryimage\"},\"thumbnailUrl\":\"https:\/\/apuntesdesanluis.com\/wp-content\/uploads\/2025\/03\/gallardo.png\",\"articleSection\":[\"Ciudad\/Provincia\"],\"inLanguage\":\"es-AR\"},{\"@type\":\"WebPage\",\"@id\":\"https:\/\/apuntesdesanluis.com\/index.php\/2025\/03\/28\/eugenia-gallardo-juro-como-coordinadora-del-pane\/\",\"url\":\"https:\/\/apuntesdesanluis.com\/index.php\/2025\/03\/28\/eugenia-gallardo-juro-como-coordinadora-del-pane\/\",\"name\":\"EUGENIA GALLARDO JUR\u00d3 COMO COORDINADORA DEL PANE - Apuntes de San Luis\",\"isPartOf\":{\"@id\":\"https:\/\/apuntesdesanluis.com\/#website\"},\"primaryImageOfPage\":{\"@id\":\"https:\/\/apuntesdesanluis.com\/index.php\/2025\/03\/28\/eugenia-gallardo-juro-como-coordinadora-del-pane\/#primaryimage\"},\"image\":{\"@id\":\"https:\/\/apuntesdesanluis.com\/index.php\/2025\/03\/28\/eugenia-gallardo-juro-como-coordinadora-del-pane\/#primaryimage\"},\"thumbnailUrl\":\"https:\/\/apuntesdesanluis.com\/wp-content\/uploads\/2025\/03\/gallardo.png\",\"datePublished\":\"2025-03-28T23:11:08+00:00\",\"breadcrumb\":{\"@id\":\"https:\/\/apuntesdesanluis.com\/index.php\/2025\/03\/28\/eugenia-gallardo-juro-como-coordinadora-del-pane\/#breadcrumb\"},\"inLanguage\":\"es-AR\",\"potentialAction\":[{\"@type\":\"ReadAction\",\"target\":[\"https:\/\/apuntesdesanluis.com\/index.php\/2025\/03\/28\/eugenia-gallardo-juro-como-coordinadora-del-pane\/\"]}]},{\"@type\":\"ImageObject\",\"inLanguage\":\"es-AR\",\"@id\":\"https:\/\/apuntesdesanluis.com\/index.php\/2025\/03\/28\/eugenia-gallardo-juro-como-coordinadora-del-pane\/#primaryimage\",\"url\":\"https:\/\/apuntesdesanluis.com\/wp-content\/uploads\/2025\/03\/gallardo.png\",\"contentUrl\":\"https:\/\/apuntesdesanluis.com\/wp-content\/uploads\/2025\/03\/gallardo.png\",\"width\":800,\"height\":497},{\"@type\":\"BreadcrumbList\",\"@id\":\"https:\/\/apuntesdesanluis.com\/index.php\/2025\/03\/28\/eugenia-gallardo-juro-como-coordinadora-del-pane\/#breadcrumb\",\"itemListElement\":[{\"@type\":\"ListItem\",\"position\":1,\"name\":\"Inicio\",\"item\":\"https:\/\/apuntesdesanluis.com\/\"},{\"@type\":\"ListItem\",\"position\":2,\"name\":\"EUGENIA GALLARDO JUR\u00d3 COMO COORDINADORA DEL PANE\"}]},{\"@type\":\"WebSite\",\"@id\":\"https:\/\/apuntesdesanluis.com\/#website\",\"url\":\"https:\/\/apuntesdesanluis.com\/\",\"name\":\"Apuntes de San Luis\",\"description\":\"\",\"publisher\":{\"@id\":\"https:\/\/apuntesdesanluis.com\/#\/schema\/person\/b55151d52296fcce64d1a72538a70b90\"},\"potentialAction\":[{\"@type\":\"SearchAction\",\"target\":{\"@type\":\"EntryPoint\",\"urlTemplate\":\"https:\/\/apuntesdesanluis.com\/?s={search_term_string}\"},\"query-input\":{\"@type\":\"PropertyValueSpecification\",\"valueRequired\":true,\"valueName\":\"search_term_string\"}}],\"inLanguage\":\"es-AR\"},{\"@type\":[\"Person\",\"Organization\"],\"@id\":\"https:\/\/apuntesdesanluis.com\/#\/schema\/person\/b55151d52296fcce64d1a72538a70b90\",\"name\":\"apuntesdesanluis.com\",\"image\":{\"@type\":\"ImageObject\",\"inLanguage\":\"es-AR\",\"@id\":\"https:\/\/apuntesdesanluis.com\/#\/schema\/person\/image\/\",\"url\":\"https:\/\/apuntesdesanluis.com\/wp-content\/uploads\/2023\/07\/cropped-apuntesdesanluis.png\",\"contentUrl\":\"https:\/\/apuntesdesanluis.com\/wp-content\/uploads\/2023\/07\/cropped-apuntesdesanluis.png\",\"width\":450,\"height\":112,\"caption\":\"apuntesdesanluis.com\"},\"logo\":{\"@id\":\"https:\/\/apuntesdesanluis.com\/#\/schema\/person\/image\/\"},\"sameAs\":[\"https:\/\/apuntesdesanluis.com\"],\"url\":\"https:\/\/apuntesdesanluis.com\/index.php\/author\/apuntesdesanluis-com\/\"}]}<\/script>\n<!-- \/ Yoast SEO plugin. -->","yoast_head_json":{"title":"EUGENIA GALLARDO JUR\u00d3 COMO COORDINADORA DEL PANE - Apuntes de San Luis","robots":{"index":"index","follow":"follow","max-snippet":"max-snippet:-1","max-image-preview":"max-image-preview:large","max-video-preview":"max-video-preview:-1"},"canonical":"https:\/\/apuntesdesanluis.com\/index.php\/2025\/03\/28\/eugenia-gallardo-juro-como-coordinadora-del-pane\/","og_locale":"es_ES","og_type":"article","og_title":"EUGENIA GALLARDO JUR\u00d3 COMO COORDINADORA DEL PANE - Apuntes de San Luis","og_description":"El Gobernador le tom\u00f3 juramento a Eugenia Gallardo, quien est\u00e1 a cargo del PANE, que...","og_url":"https:\/\/apuntesdesanluis.com\/index.php\/2025\/03\/28\/eugenia-gallardo-juro-como-coordinadora-del-pane\/","og_site_name":"Apuntes de San Luis","article_published_time":"2025-03-28T23:11:08+00:00","og_image":[{"width":800,"height":497,"url":"https:\/\/apuntesdesanluis.com\/wp-content\/uploads\/2025\/03\/gallardo.png","type":"image\/png"}],"author":"apuntesdesanluis.com","twitter_card":"summary_large_image","twitter_misc":{"Escrito por":"apuntesdesanluis.com","Tiempo de lectura":"2 minutos"},"schema":{"@context":"https:\/\/schema.org","@graph":[{"@type":"Article","@id":"https:\/\/apuntesdesanluis.com\/index.php\/2025\/03\/28\/eugenia-gallardo-juro-como-coordinadora-del-pane\/#article","isPartOf":{"@id":"https:\/\/apuntesdesanluis.com\/index.php\/2025\/03\/28\/eugenia-gallardo-juro-como-coordinadora-del-pane\/"},"author":{"name":"apuntesdesanluis.com","@id":"https:\/\/apuntesdesanluis.com\/#\/schema\/person\/b55151d52296fcce64d1a72538a70b90"},"headline":"EUGENIA GALLARDO JUR\u00d3 COMO COORDINADORA DEL PANE","datePublished":"2025-03-28T23:11:08+00:00","mainEntityOfPage":{"@id":"https:\/\/apuntesdesanluis.com\/index.php\/2025\/03\/28\/eugenia-gallardo-juro-como-coordinadora-del-pane\/"},"wordCount":305,"publisher":{"@id":"https:\/\/apuntesdesanluis.com\/#\/schema\/person\/b55151d52296fcce64d1a72538a70b90"},"image":{"@id":"https:\/\/apuntesdesanluis.com\/index.php\/2025\/03\/28\/eugenia-gallardo-juro-como-coordinadora-del-pane\/#primaryimage"},"thumbnailUrl":"https:\/\/apuntesdesanluis.com\/wp-content\/uploads\/2025\/03\/gallardo.png","articleSection":["Ciudad\/Provincia"],"inLanguage":"es-AR"},{"@type":"WebPage","@id":"https:\/\/apuntesdesanluis.com\/index.php\/2025\/03\/28\/eugenia-gallardo-juro-como-coordinadora-del-pane\/","url":"https:\/\/apuntesdesanluis.com\/index.php\/2025\/03\/28\/eugenia-gallardo-juro-como-coordinadora-del-pane\/","name":"EUGENIA GALLARDO JUR\u00d3 COMO COORDINADORA DEL PANE - Apuntes de San Luis","isPartOf":{"@id":"https:\/\/apuntesdesanluis.com\/#website"},"primaryImageOfPage":{"@id":"https:\/\/apuntesdesanluis.com\/index.php\/2025\/03\/28\/eugenia-gallardo-juro-como-coordinadora-del-pane\/#primaryimage"},"image":{"@id":"https:\/\/apuntesdesanluis.com\/index.php\/2025\/03\/28\/eugenia-gallardo-juro-como-coordinadora-del-pane\/#primaryimage"},"thumbnailUrl":"https:\/\/apuntesdesanluis.com\/wp-content\/uploads\/2025\/03\/gallardo.png","datePublished":"2025-03-28T23:11:08+00:00","breadcrumb":{"@id":"https:\/\/apuntesdesanluis.com\/index.php\/2025\/03\/28\/eugenia-gallardo-juro-como-coordinadora-del-pane\/#breadcrumb"},"inLanguage":"es-AR","potentialAction":[{"@type":"ReadAction","target":["https:\/\/apuntesdesanluis.com\/index.php\/2025\/03\/28\/eugenia-gallardo-juro-como-coordinadora-del-pane\/"]}]},{"@type":"ImageObject","inLanguage":"es-AR","@id":"https:\/\/apuntesdesanluis.com\/index.php\/2025\/03\/28\/eugenia-gallardo-juro-como-coordinadora-del-pane\/#primaryimage","url":"https:\/\/apuntesdesanluis.com\/wp-content\/uploads\/2025\/03\/gallardo.png","contentUrl":"https:\/\/apuntesdesanluis.com\/wp-content\/uploads\/2025\/03\/gallardo.png","width":800,"height":497},{"@type":"BreadcrumbList","@id":"https:\/\/apuntesdesanluis.com\/index.php\/2025\/03\/28\/eugenia-gallardo-juro-como-coordinadora-del-pane\/#breadcrumb","itemListElement":[{"@type":"ListItem","position":1,"name":"Inicio","item":"https:\/\/apuntesdesanluis.com\/"},{"@type":"ListItem","position":2,"name":"EUGENIA GALLARDO JUR\u00d3 COMO COORDINADORA DEL PANE"}]},{"@type":"WebSite","@id":"https:\/\/apuntesdesanluis.com\/#website","url":"https:\/\/apuntesdesanluis.com\/","name":"Apuntes de San Luis","description":"","publisher":{"@id":"https:\/\/apuntesdesanluis.com\/#\/schema\/person\/b55151d52296fcce64d1a72538a70b90"},"potentialAction":[{"@type":"SearchAction","target":{"@type":"EntryPoint","urlTemplate":"https:\/\/apuntesdesanluis.com\/?s={search_term_string}"},"query-input":{"@type":"PropertyValueSpecification","valueRequired":true,"valueName":"search_term_string"}}],"inLanguage":"es-AR"},{"@type":["Person","Organization"],"@id":"https:\/\/apuntesdesanluis.com\/#\/schema\/person\/b55151d52296fcce64d1a72538a70b90","name":"apuntesdesanluis.com","image":{"@type":"ImageObject","inLanguage":"es-AR","@id":"https:\/\/apuntesdesanluis.com\/#\/schema\/person\/image\/","url":"https:\/\/apuntesdesanluis.com\/wp-content\/uploads\/2023\/07\/cropped-apuntesdesanluis.png","contentUrl":"https:\/\/apuntesdesanluis.com\/wp-content\/uploads\/2023\/07\/cropped-apuntesdesanluis.png","width":450,"height":112,"caption":"apuntesdesanluis.com"},"logo":{"@id":"https:\/\/apuntesdesanluis.com\/#\/schema\/person\/image\/"},"sameAs":["https:\/\/apuntesdesanluis.com"],"url":"https:\/\/apuntesdesanluis.com\/index.php\/author\/apuntesdesanluis-com\/"}]}},"featured_image_urls":{"full":["https:\/\/apuntesdesanluis.com\/wp-content\/uploads\/2025\/03\/gallardo.png",800,497,false],"thumbnail":["https:\/\/apuntesdesanluis.com\/wp-content\/uploads\/2025\/03\/gallardo-150x150.png",150,150,true],"medium":["https:\/\/apuntesdesanluis.com\/wp-content\/uploads\/2025\/03\/gallardo-300x186.png",300,186,true],"medium_large":["https:\/\/apuntesdesanluis.com\/wp-content\/uploads\/2025\/03\/gallardo-768x477.png",640,398,true],"large":["https:\/\/apuntesdesanluis.com\/wp-content\/uploads\/2025\/03\/gallardo.png",640,398,false],"1536x1536":["https:\/\/apuntesdesanluis.com\/wp-content\/uploads\/2025\/03\/gallardo.png",800,497,false],"2048x2048":["https:\/\/apuntesdesanluis.com\/wp-content\/uploads\/2025\/03\/gallardo.png",800,497,false],"newsever-slider-full":["https:\/\/apuntesdesanluis.com\/wp-content\/uploads\/2025\/03\/gallardo.png",800,497,false],"newsever-featured":["https:\/\/apuntesdesanluis.com\/wp-content\/uploads\/2025\/03\/gallardo.png",800,497,false],"newsever-medium":["https:\/\/apuntesdesanluis.com\/wp-content\/uploads\/2025\/03\/gallardo-720x475.png",720,475,true]},"author_info":{"display_name":"apuntesdesanluis.com","author_link":"https:\/\/apuntesdesanluis.com\/index.php\/author\/apuntesdesanluis-com\/"},"category_info":"<a href=\"https:\/\/apuntesdesanluis.com\/index.php\/category\/ciudad-provincia\/\" rel=\"category tag\">Ciudad\/Provincia<\/a>","tag_info":"Ciudad\/Provincia","comment_count":"0","_links":{"self":[{"href":"https:\/\/apuntesdesanluis.com\/index.php\/wp-json\/wp\/v2\/posts\/30967","targetHints":{"allow":["GET"]}}],"collection":[{"href":"https:\/\/apuntesdesanluis.com\/index.php\/wp-json\/wp\/v2\/posts"}],"about":[{"href":"https:\/\/apuntesdesanluis.com\/index.php\/wp-json\/wp\/v2\/types\/post"}],"author":[{"embeddable":true,"href":"https:\/\/apuntesdesanluis.com\/index.php\/wp-json\/wp\/v2\/users\/1"}],"replies":[{"embeddable":true,"href":"https:\/\/apuntesdesanluis.com\/index.php\/wp-json\/wp\/v2\/comments?post=30967"}],"version-history":[{"count":1,"href":"https:\/\/apuntesdesanluis.com\/index.php\/wp-json\/wp\/v2\/posts\/30967\/revisions"}],"predecessor-version":[{"id":30969,"href":"https:\/\/apuntesdesanluis.com\/index.php\/wp-json\/wp\/v2\/posts\/30967\/revisions\/30969"}],"wp:featuredmedia":[{"embeddable":true,"href":"https:\/\/apuntesdesanluis.com\/index.php\/wp-json\/wp\/v2\/media\/30968"}],"wp:attachment":[{"href":"https:\/\/apuntesdesanluis.com\/index.php\/wp-json\/wp\/v2\/media?parent=30967"}],"wp:term":[{"taxonomy":"category","embeddable":true,"href":"https:\/\/apuntesdesanluis.com\/index.php\/wp-json\/wp\/v2\/categories?post=30967"},{"taxonomy":"post_tag","embeddable":true,"href":"https:\/\/apuntesdesanluis.com\/index.php\/wp-json\/wp\/v2\/tags?post=30967"}],"curies":[{"name":"wp","href":"https:\/\/api.w.org\/{rel}","templated":true}]}}