{"id":30970,"date":"2025-03-28T20:29:08","date_gmt":"2025-03-28T23:29:08","guid":{"rendered":"https:\/\/apuntesdesanluis.com\/?p=30970"},"modified":"2025-03-28T20:29:08","modified_gmt":"2025-03-28T23:29:08","slug":"efectuaron-el-primer-trasplante-de-rinon-con-un-donante-vivo-en-el-ramon-carrillo","status":"publish","type":"post","link":"https:\/\/apuntesdesanluis.com\/index.php\/2025\/03\/28\/efectuaron-el-primer-trasplante-de-rinon-con-un-donante-vivo-en-el-ramon-carrillo\/","title":{"rendered":"EFECTUARON EL PRIMER TRASPLANTE DE RI\u00d1\u00d3N CON UN DONANTE VIVO, EN EL RAM\u00d3N CARRILLO"},"content":{"rendered":"<p>Este viernes el gobernador <strong>Claudio Poggi<\/strong> acompa\u00f1ado por la ministra de Salud, <strong>Teresa Nigra<\/strong>, visit\u00f3 a un paciente que fue trasplantado de ri\u00f1\u00f3n en el Hospital Central \u2018Dr. Ram\u00f3n Carrillo\u2019. Este hecho, adem\u00e1s de reafirmar el compromiso del sistema de salud p\u00fablica de San Luis y salvar vidas, tambi\u00e9n marca un antes y un despu\u00e9s ya que fue el primer caso que cont\u00f3 con un donante vivo, en este caso la t\u00eda del trasplantado.<\/p>\n<p>El Gobierno implement\u00f3 el Servicio de Nefrolog\u00eda, un recurso humano que antes no exist\u00eda dentro de la salud p\u00fablica de San Luis y que ya mejor\u00f3 la calidad de vida de m\u00e1s de diez personas.<\/p>\n<p>\u201cLe estamos dando continuidad a una pol\u00edtica que increment\u00f3 la complejidad de nuestro sistema y que refuerza el compromiso con los trasplantes renales desde finales del a\u00f1o pasado. Actualmente se siguieron realizando trasplantes renales y en este caso lo novedoso es que es el primer caso con donante vivo y eso abre una nueva ventana de esperanza para muchos casos de sanluise\u00f1os que est\u00e1n inscriptos en lista de espera y que encuentran un familiar con compatibilidad para recibir el \u00f3rgano, como pas\u00f3 en este caso\u201d, cont\u00f3 el Gobernador.<\/p>\n<p><iframe title=\"El Gobernador particip\u00f3 del alta m\u00e9dico a un paciente trasplantado\" width=\"640\" height=\"360\" src=\"https:\/\/www.youtube.com\/embed\/oLNyvftu2c4?feature=oembed\" frameborder=\"0\" allow=\"accelerometer; autoplay; clipboard-write; encrypted-media; gyroscope; picture-in-picture; web-share\" referrerpolicy=\"strict-origin-when-cross-origin\" allowfullscreen><\/iframe><\/p>\n<p>Poggi quiso acompa\u00f1ar el proceso que signific\u00f3 un gran acto de amor para una familia sanluise\u00f1a, ya que una t\u00eda fue la donante de su sobrino. \u201cEs un hecho hist\u00f3rico para la salud p\u00fablica porque es el primer caso que se realiza en el \u2018Carrillo\u2019. Vine a saludar a la t\u00eda, que es la donante, porque le dieron el alta. Y pas\u00e9 a saludar tambi\u00e9n al sobrino, que seguramente en los pr\u00f3ximos d\u00edas tambi\u00e9n va a salir del hospital\u201d, dijo.<\/p>\n<p>Por \u00faltimo, el Mandatario felicit\u00f3 al personal m\u00e9dico que particip\u00f3 de esta intervenci\u00f3n. \u201cTodos se prepararon para que desde principios del a\u00f1o pasado puedan hacer esto en el Carrillo, porque son intervenciones de alta complejidad que implican que muchas personas con problemas cr\u00f3nicos tengan una nueva esperanza de recuperaci\u00f3n\u201d, concluy\u00f3.<\/p>\n<p>&nbsp;<\/p>\n<p>&nbsp;<\/p>\n<p>&nbsp;<\/p>\n<p>&nbsp;<\/p>\n<p>&nbsp;<\/p>\n<p>&nbsp;<\/p>\n<p>&nbsp;<\/p>\n<p>&nbsp;<\/p>\n","protected":false},"excerpt":{"rendered":"<p>Este viernes el gobernador Claudio Poggi acompa\u00f1ado por la ministra de Salud, Teresa Nigra, visit\u00f3&#8230;<\/p>\n","protected":false},"author":1,"featured_media":30971,"comment_status":"closed","ping_status":"closed","sticky":false,"template":"","format":"standard","meta":{"footnotes":""},"categories":[6],"tags":[],"class_list":["post-30970","post","type-post","status-publish","format-standard","has-post-thumbnail","hentry","category-ciudad-provincia"],"yoast_head":"<!-- This site is optimized with the Yoast SEO plugin v26.1.1 - https:\/\/yoast.com\/wordpress\/plugins\/seo\/ -->\n<title>EFECTUARON EL PRIMER TRASPLANTE DE RI\u00d1\u00d3N CON UN DONANTE VIVO, EN EL RAM\u00d3N CARRILLO - Apuntes de San Luis<\/title>\n<meta name=\"robots\" content=\"index, follow, max-snippet:-1, max-image-preview:large, max-video-preview:-1\" \/>\n<link rel=\"canonical\" href=\"https:\/\/apuntesdesanluis.com\/index.php\/2025\/03\/28\/efectuaron-el-primer-trasplante-de-rinon-con-un-donante-vivo-en-el-ramon-carrillo\/\" \/>\n<meta property=\"og:locale\" content=\"es_ES\" \/>\n<meta property=\"og:type\" content=\"article\" \/>\n<meta property=\"og:title\" content=\"EFECTUARON EL PRIMER TRASPLANTE DE RI\u00d1\u00d3N CON UN DONANTE VIVO, EN EL RAM\u00d3N CARRILLO - Apuntes de San Luis\" \/>\n<meta property=\"og:description\" content=\"Este viernes el gobernador Claudio Poggi acompa\u00f1ado por la ministra de Salud, Teresa Nigra, visit\u00f3...\" \/>\n<meta property=\"og:url\" content=\"https:\/\/apuntesdesanluis.com\/index.php\/2025\/03\/28\/efectuaron-el-primer-trasplante-de-rinon-con-un-donante-vivo-en-el-ramon-carrillo\/\" \/>\n<meta property=\"og:site_name\" content=\"Apuntes de San Luis\" \/>\n<meta property=\"article:published_time\" content=\"2025-03-28T23:29:08+00:00\" \/>\n<meta property=\"og:image\" content=\"https:\/\/apuntesdesanluis.com\/wp-content\/uploads\/2025\/03\/DONANTE.png\" \/>\n\t<meta property=\"og:image:width\" content=\"638\" \/>\n\t<meta property=\"og:image:height\" content=\"472\" \/>\n\t<meta property=\"og:image:type\" content=\"image\/png\" \/>\n<meta name=\"author\" content=\"apuntesdesanluis.com\" \/>\n<meta name=\"twitter:card\" content=\"summary_large_image\" \/>\n<meta name=\"twitter:label1\" content=\"Escrito por\" \/>\n\t<meta name=\"twitter:data1\" content=\"apuntesdesanluis.com\" \/>\n\t<meta name=\"twitter:label2\" content=\"Tiempo de lectura\" \/>\n\t<meta name=\"twitter:data2\" content=\"2 minutos\" \/>\n<script type=\"application\/ld+json\" class=\"yoast-schema-graph\">{\"@context\":\"https:\/\/schema.org\",\"@graph\":[{\"@type\":\"Article\",\"@id\":\"https:\/\/apuntesdesanluis.com\/index.php\/2025\/03\/28\/efectuaron-el-primer-trasplante-de-rinon-con-un-donante-vivo-en-el-ramon-carrillo\/#article\",\"isPartOf\":{\"@id\":\"https:\/\/apuntesdesanluis.com\/index.php\/2025\/03\/28\/efectuaron-el-primer-trasplante-de-rinon-con-un-donante-vivo-en-el-ramon-carrillo\/\"},\"author\":{\"name\":\"apuntesdesanluis.com\",\"@id\":\"https:\/\/apuntesdesanluis.com\/#\/schema\/person\/b55151d52296fcce64d1a72538a70b90\"},\"headline\":\"EFECTUARON EL PRIMER TRASPLANTE DE RI\u00d1\u00d3N CON UN DONANTE VIVO, EN EL RAM\u00d3N CARRILLO\",\"datePublished\":\"2025-03-28T23:29:08+00:00\",\"mainEntityOfPage\":{\"@id\":\"https:\/\/apuntesdesanluis.com\/index.php\/2025\/03\/28\/efectuaron-el-primer-trasplante-de-rinon-con-un-donante-vivo-en-el-ramon-carrillo\/\"},\"wordCount\":389,\"publisher\":{\"@id\":\"https:\/\/apuntesdesanluis.com\/#\/schema\/person\/b55151d52296fcce64d1a72538a70b90\"},\"image\":{\"@id\":\"https:\/\/apuntesdesanluis.com\/index.php\/2025\/03\/28\/efectuaron-el-primer-trasplante-de-rinon-con-un-donante-vivo-en-el-ramon-carrillo\/#primaryimage\"},\"thumbnailUrl\":\"https:\/\/apuntesdesanluis.com\/wp-content\/uploads\/2025\/03\/DONANTE.png\",\"articleSection\":[\"Ciudad\/Provincia\"],\"inLanguage\":\"es-AR\"},{\"@type\":\"WebPage\",\"@id\":\"https:\/\/apuntesdesanluis.com\/index.php\/2025\/03\/28\/efectuaron-el-primer-trasplante-de-rinon-con-un-donante-vivo-en-el-ramon-carrillo\/\",\"url\":\"https:\/\/apuntesdesanluis.com\/index.php\/2025\/03\/28\/efectuaron-el-primer-trasplante-de-rinon-con-un-donante-vivo-en-el-ramon-carrillo\/\",\"name\":\"EFECTUARON EL PRIMER TRASPLANTE DE RI\u00d1\u00d3N CON UN DONANTE VIVO, EN EL RAM\u00d3N CARRILLO - Apuntes de San Luis\",\"isPartOf\":{\"@id\":\"https:\/\/apuntesdesanluis.com\/#website\"},\"primaryImageOfPage\":{\"@id\":\"https:\/\/apuntesdesanluis.com\/index.php\/2025\/03\/28\/efectuaron-el-primer-trasplante-de-rinon-con-un-donante-vivo-en-el-ramon-carrillo\/#primaryimage\"},\"image\":{\"@id\":\"https:\/\/apuntesdesanluis.com\/index.php\/2025\/03\/28\/efectuaron-el-primer-trasplante-de-rinon-con-un-donante-vivo-en-el-ramon-carrillo\/#primaryimage\"},\"thumbnailUrl\":\"https:\/\/apuntesdesanluis.com\/wp-content\/uploads\/2025\/03\/DONANTE.png\",\"datePublished\":\"2025-03-28T23:29:08+00:00\",\"breadcrumb\":{\"@id\":\"https:\/\/apuntesdesanluis.com\/index.php\/2025\/03\/28\/efectuaron-el-primer-trasplante-de-rinon-con-un-donante-vivo-en-el-ramon-carrillo\/#breadcrumb\"},\"inLanguage\":\"es-AR\",\"potentialAction\":[{\"@type\":\"ReadAction\",\"target\":[\"https:\/\/apuntesdesanluis.com\/index.php\/2025\/03\/28\/efectuaron-el-primer-trasplante-de-rinon-con-un-donante-vivo-en-el-ramon-carrillo\/\"]}]},{\"@type\":\"ImageObject\",\"inLanguage\":\"es-AR\",\"@id\":\"https:\/\/apuntesdesanluis.com\/index.php\/2025\/03\/28\/efectuaron-el-primer-trasplante-de-rinon-con-un-donante-vivo-en-el-ramon-carrillo\/#primaryimage\",\"url\":\"https:\/\/apuntesdesanluis.com\/wp-content\/uploads\/2025\/03\/DONANTE.png\",\"contentUrl\":\"https:\/\/apuntesdesanluis.com\/wp-content\/uploads\/2025\/03\/DONANTE.png\",\"width\":638,\"height\":472},{\"@type\":\"BreadcrumbList\",\"@id\":\"https:\/\/apuntesdesanluis.com\/index.php\/2025\/03\/28\/efectuaron-el-primer-trasplante-de-rinon-con-un-donante-vivo-en-el-ramon-carrillo\/#breadcrumb\",\"itemListElement\":[{\"@type\":\"ListItem\",\"position\":1,\"name\":\"Inicio\",\"item\":\"https:\/\/apuntesdesanluis.com\/\"},{\"@type\":\"ListItem\",\"position\":2,\"name\":\"EFECTUARON EL PRIMER TRASPLANTE DE RI\u00d1\u00d3N CON UN DONANTE VIVO, EN EL RAM\u00d3N CARRILLO\"}]},{\"@type\":\"WebSite\",\"@id\":\"https:\/\/apuntesdesanluis.com\/#website\",\"url\":\"https:\/\/apuntesdesanluis.com\/\",\"name\":\"Apuntes de San Luis\",\"description\":\"\",\"publisher\":{\"@id\":\"https:\/\/apuntesdesanluis.com\/#\/schema\/person\/b55151d52296fcce64d1a72538a70b90\"},\"potentialAction\":[{\"@type\":\"SearchAction\",\"target\":{\"@type\":\"EntryPoint\",\"urlTemplate\":\"https:\/\/apuntesdesanluis.com\/?s={search_term_string}\"},\"query-input\":{\"@type\":\"PropertyValueSpecification\",\"valueRequired\":true,\"valueName\":\"search_term_string\"}}],\"inLanguage\":\"es-AR\"},{\"@type\":[\"Person\",\"Organization\"],\"@id\":\"https:\/\/apuntesdesanluis.com\/#\/schema\/person\/b55151d52296fcce64d1a72538a70b90\",\"name\":\"apuntesdesanluis.com\",\"image\":{\"@type\":\"ImageObject\",\"inLanguage\":\"es-AR\",\"@id\":\"https:\/\/apuntesdesanluis.com\/#\/schema\/person\/image\/\",\"url\":\"https:\/\/apuntesdesanluis.com\/wp-content\/uploads\/2023\/07\/cropped-apuntesdesanluis.png\",\"contentUrl\":\"https:\/\/apuntesdesanluis.com\/wp-content\/uploads\/2023\/07\/cropped-apuntesdesanluis.png\",\"width\":450,\"height\":112,\"caption\":\"apuntesdesanluis.com\"},\"logo\":{\"@id\":\"https:\/\/apuntesdesanluis.com\/#\/schema\/person\/image\/\"},\"sameAs\":[\"https:\/\/apuntesdesanluis.com\"],\"url\":\"https:\/\/apuntesdesanluis.com\/index.php\/author\/apuntesdesanluis-com\/\"}]}<\/script>\n<!-- \/ Yoast SEO plugin. -->","yoast_head_json":{"title":"EFECTUARON EL PRIMER TRASPLANTE DE RI\u00d1\u00d3N CON UN DONANTE VIVO, EN EL RAM\u00d3N CARRILLO - Apuntes de San Luis","robots":{"index":"index","follow":"follow","max-snippet":"max-snippet:-1","max-image-preview":"max-image-preview:large","max-video-preview":"max-video-preview:-1"},"canonical":"https:\/\/apuntesdesanluis.com\/index.php\/2025\/03\/28\/efectuaron-el-primer-trasplante-de-rinon-con-un-donante-vivo-en-el-ramon-carrillo\/","og_locale":"es_ES","og_type":"article","og_title":"EFECTUARON EL PRIMER TRASPLANTE DE RI\u00d1\u00d3N CON UN DONANTE VIVO, EN EL RAM\u00d3N CARRILLO - Apuntes de San Luis","og_description":"Este viernes el gobernador Claudio Poggi acompa\u00f1ado por la ministra de Salud, Teresa Nigra, visit\u00f3...","og_url":"https:\/\/apuntesdesanluis.com\/index.php\/2025\/03\/28\/efectuaron-el-primer-trasplante-de-rinon-con-un-donante-vivo-en-el-ramon-carrillo\/","og_site_name":"Apuntes de San Luis","article_published_time":"2025-03-28T23:29:08+00:00","og_image":[{"width":638,"height":472,"url":"https:\/\/apuntesdesanluis.com\/wp-content\/uploads\/2025\/03\/DONANTE.png","type":"image\/png"}],"author":"apuntesdesanluis.com","twitter_card":"summary_large_image","twitter_misc":{"Escrito por":"apuntesdesanluis.com","Tiempo de lectura":"2 minutos"},"schema":{"@context":"https:\/\/schema.org","@graph":[{"@type":"Article","@id":"https:\/\/apuntesdesanluis.com\/index.php\/2025\/03\/28\/efectuaron-el-primer-trasplante-de-rinon-con-un-donante-vivo-en-el-ramon-carrillo\/#article","isPartOf":{"@id":"https:\/\/apuntesdesanluis.com\/index.php\/2025\/03\/28\/efectuaron-el-primer-trasplante-de-rinon-con-un-donante-vivo-en-el-ramon-carrillo\/"},"author":{"name":"apuntesdesanluis.com","@id":"https:\/\/apuntesdesanluis.com\/#\/schema\/person\/b55151d52296fcce64d1a72538a70b90"},"headline":"EFECTUARON EL PRIMER TRASPLANTE DE RI\u00d1\u00d3N CON UN DONANTE VIVO, EN EL RAM\u00d3N CARRILLO","datePublished":"2025-03-28T23:29:08+00:00","mainEntityOfPage":{"@id":"https:\/\/apuntesdesanluis.com\/index.php\/2025\/03\/28\/efectuaron-el-primer-trasplante-de-rinon-con-un-donante-vivo-en-el-ramon-carrillo\/"},"wordCount":389,"publisher":{"@id":"https:\/\/apuntesdesanluis.com\/#\/schema\/person\/b55151d52296fcce64d1a72538a70b90"},"image":{"@id":"https:\/\/apuntesdesanluis.com\/index.php\/2025\/03\/28\/efectuaron-el-primer-trasplante-de-rinon-con-un-donante-vivo-en-el-ramon-carrillo\/#primaryimage"},"thumbnailUrl":"https:\/\/apuntesdesanluis.com\/wp-content\/uploads\/2025\/03\/DONANTE.png","articleSection":["Ciudad\/Provincia"],"inLanguage":"es-AR"},{"@type":"WebPage","@id":"https:\/\/apuntesdesanluis.com\/index.php\/2025\/03\/28\/efectuaron-el-primer-trasplante-de-rinon-con-un-donante-vivo-en-el-ramon-carrillo\/","url":"https:\/\/apuntesdesanluis.com\/index.php\/2025\/03\/28\/efectuaron-el-primer-trasplante-de-rinon-con-un-donante-vivo-en-el-ramon-carrillo\/","name":"EFECTUARON EL PRIMER TRASPLANTE DE RI\u00d1\u00d3N CON UN DONANTE VIVO, EN EL RAM\u00d3N CARRILLO - Apuntes de San Luis","isPartOf":{"@id":"https:\/\/apuntesdesanluis.com\/#website"},"primaryImageOfPage":{"@id":"https:\/\/apuntesdesanluis.com\/index.php\/2025\/03\/28\/efectuaron-el-primer-trasplante-de-rinon-con-un-donante-vivo-en-el-ramon-carrillo\/#primaryimage"},"image":{"@id":"https:\/\/apuntesdesanluis.com\/index.php\/2025\/03\/28\/efectuaron-el-primer-trasplante-de-rinon-con-un-donante-vivo-en-el-ramon-carrillo\/#primaryimage"},"thumbnailUrl":"https:\/\/apuntesdesanluis.com\/wp-content\/uploads\/2025\/03\/DONANTE.png","datePublished":"2025-03-28T23:29:08+00:00","breadcrumb":{"@id":"https:\/\/apuntesdesanluis.com\/index.php\/2025\/03\/28\/efectuaron-el-primer-trasplante-de-rinon-con-un-donante-vivo-en-el-ramon-carrillo\/#breadcrumb"},"inLanguage":"es-AR","potentialAction":[{"@type":"ReadAction","target":["https:\/\/apuntesdesanluis.com\/index.php\/2025\/03\/28\/efectuaron-el-primer-trasplante-de-rinon-con-un-donante-vivo-en-el-ramon-carrillo\/"]}]},{"@type":"ImageObject","inLanguage":"es-AR","@id":"https:\/\/apuntesdesanluis.com\/index.php\/2025\/03\/28\/efectuaron-el-primer-trasplante-de-rinon-con-un-donante-vivo-en-el-ramon-carrillo\/#primaryimage","url":"https:\/\/apuntesdesanluis.com\/wp-content\/uploads\/2025\/03\/DONANTE.png","contentUrl":"https:\/\/apuntesdesanluis.com\/wp-content\/uploads\/2025\/03\/DONANTE.png","width":638,"height":472},{"@type":"BreadcrumbList","@id":"https:\/\/apuntesdesanluis.com\/index.php\/2025\/03\/28\/efectuaron-el-primer-trasplante-de-rinon-con-un-donante-vivo-en-el-ramon-carrillo\/#breadcrumb","itemListElement":[{"@type":"ListItem","position":1,"name":"Inicio","item":"https:\/\/apuntesdesanluis.com\/"},{"@type":"ListItem","position":2,"name":"EFECTUARON EL PRIMER TRASPLANTE DE RI\u00d1\u00d3N CON UN DONANTE VIVO, EN EL RAM\u00d3N CARRILLO"}]},{"@type":"WebSite","@id":"https:\/\/apuntesdesanluis.com\/#website","url":"https:\/\/apuntesdesanluis.com\/","name":"Apuntes de San Luis","description":"","publisher":{"@id":"https:\/\/apuntesdesanluis.com\/#\/schema\/person\/b55151d52296fcce64d1a72538a70b90"},"potentialAction":[{"@type":"SearchAction","target":{"@type":"EntryPoint","urlTemplate":"https:\/\/apuntesdesanluis.com\/?s={search_term_string}"},"query-input":{"@type":"PropertyValueSpecification","valueRequired":true,"valueName":"search_term_string"}}],"inLanguage":"es-AR"},{"@type":["Person","Organization"],"@id":"https:\/\/apuntesdesanluis.com\/#\/schema\/person\/b55151d52296fcce64d1a72538a70b90","name":"apuntesdesanluis.com","image":{"@type":"ImageObject","inLanguage":"es-AR","@id":"https:\/\/apuntesdesanluis.com\/#\/schema\/person\/image\/","url":"https:\/\/apuntesdesanluis.com\/wp-content\/uploads\/2023\/07\/cropped-apuntesdesanluis.png","contentUrl":"https:\/\/apuntesdesanluis.com\/wp-content\/uploads\/2023\/07\/cropped-apuntesdesanluis.png","width":450,"height":112,"caption":"apuntesdesanluis.com"},"logo":{"@id":"https:\/\/apuntesdesanluis.com\/#\/schema\/person\/image\/"},"sameAs":["https:\/\/apuntesdesanluis.com"],"url":"https:\/\/apuntesdesanluis.com\/index.php\/author\/apuntesdesanluis-com\/"}]}},"featured_image_urls":{"full":["https:\/\/apuntesdesanluis.com\/wp-content\/uploads\/2025\/03\/DONANTE.png",638,472,false],"thumbnail":["https:\/\/apuntesdesanluis.com\/wp-content\/uploads\/2025\/03\/DONANTE-150x150.png",150,150,true],"medium":["https:\/\/apuntesdesanluis.com\/wp-content\/uploads\/2025\/03\/DONANTE-300x222.png",300,222,true],"medium_large":["https:\/\/apuntesdesanluis.com\/wp-content\/uploads\/2025\/03\/DONANTE.png",638,472,false],"large":["https:\/\/apuntesdesanluis.com\/wp-content\/uploads\/2025\/03\/DONANTE.png",638,472,false],"1536x1536":["https:\/\/apuntesdesanluis.com\/wp-content\/uploads\/2025\/03\/DONANTE.png",638,472,false],"2048x2048":["https:\/\/apuntesdesanluis.com\/wp-content\/uploads\/2025\/03\/DONANTE.png",638,472,false],"newsever-slider-full":["https:\/\/apuntesdesanluis.com\/wp-content\/uploads\/2025\/03\/DONANTE.png",638,472,false],"newsever-featured":["https:\/\/apuntesdesanluis.com\/wp-content\/uploads\/2025\/03\/DONANTE.png",638,472,false],"newsever-medium":["https:\/\/apuntesdesanluis.com\/wp-content\/uploads\/2025\/03\/DONANTE.png",638,472,false]},"author_info":{"display_name":"apuntesdesanluis.com","author_link":"https:\/\/apuntesdesanluis.com\/index.php\/author\/apuntesdesanluis-com\/"},"category_info":"<a href=\"https:\/\/apuntesdesanluis.com\/index.php\/category\/ciudad-provincia\/\" rel=\"category tag\">Ciudad\/Provincia<\/a>","tag_info":"Ciudad\/Provincia","comment_count":"0","_links":{"self":[{"href":"https:\/\/apuntesdesanluis.com\/index.php\/wp-json\/wp\/v2\/posts\/30970","targetHints":{"allow":["GET"]}}],"collection":[{"href":"https:\/\/apuntesdesanluis.com\/index.php\/wp-json\/wp\/v2\/posts"}],"about":[{"href":"https:\/\/apuntesdesanluis.com\/index.php\/wp-json\/wp\/v2\/types\/post"}],"author":[{"embeddable":true,"href":"https:\/\/apuntesdesanluis.com\/index.php\/wp-json\/wp\/v2\/users\/1"}],"replies":[{"embeddable":true,"href":"https:\/\/apuntesdesanluis.com\/index.php\/wp-json\/wp\/v2\/comments?post=30970"}],"version-history":[{"count":1,"href":"https:\/\/apuntesdesanluis.com\/index.php\/wp-json\/wp\/v2\/posts\/30970\/revisions"}],"predecessor-version":[{"id":30972,"href":"https:\/\/apuntesdesanluis.com\/index.php\/wp-json\/wp\/v2\/posts\/30970\/revisions\/30972"}],"wp:featuredmedia":[{"embeddable":true,"href":"https:\/\/apuntesdesanluis.com\/index.php\/wp-json\/wp\/v2\/media\/30971"}],"wp:attachment":[{"href":"https:\/\/apuntesdesanluis.com\/index.php\/wp-json\/wp\/v2\/media?parent=30970"}],"wp:term":[{"taxonomy":"category","embeddable":true,"href":"https:\/\/apuntesdesanluis.com\/index.php\/wp-json\/wp\/v2\/categories?post=30970"},{"taxonomy":"post_tag","embeddable":true,"href":"https:\/\/apuntesdesanluis.com\/index.php\/wp-json\/wp\/v2\/tags?post=30970"}],"curies":[{"name":"wp","href":"https:\/\/api.w.org\/{rel}","templated":true}]}}