{"id":30991,"date":"2025-03-29T18:18:12","date_gmt":"2025-03-29T21:18:12","guid":{"rendered":"https:\/\/apuntesdesanluis.com\/?p=30991"},"modified":"2025-03-29T18:22:38","modified_gmt":"2025-03-29T21:22:38","slug":"cierre-de-arca-en-villa-mercedes-un-golpe-al-empleo-y-a-los-contribuyentes","status":"publish","type":"post","link":"https:\/\/apuntesdesanluis.com\/index.php\/2025\/03\/29\/cierre-de-arca-en-villa-mercedes-un-golpe-al-empleo-y-a-los-contribuyentes\/","title":{"rendered":"CIERRE DE ARCA EN VILLA MERCEDES: UN GOLPE AL EMPLEO Y A LOS CONTRIBUYENTES"},"content":{"rendered":"<h3>La decisi\u00f3n del Gobierno Nacional de avanzar con el cierre de 38 distritos y 31 receptor\u00edas de la Agencia de Recaudaci\u00f3n y Control Aduanero (ARCA) en todo el pa\u00eds tiene consecuencias directas en Villa Mercedes. A partir del 18 de abril, la oficina local de <strong>Balcarce 317<\/strong> dejar\u00e1 de funcionar, dejando en incertidumbre a 22 empleados y afectando gravemente a los contribuyentes de la regi\u00f3n.<\/h3>\n<h3>Con la excusa de la reestructuraci\u00f3n, esta pol\u00edtica de ajuste impulsada por <strong>Javier Milei<\/strong>, no solo desmantela una estructura clave para la gesti\u00f3n fiscal en la provincia de San Luis, sino que tambi\u00e9n genera una crisis social y econ\u00f3mica en la comunidad afectada. Mientras que la capital provincial mantendr\u00e1 su agencia, Villa Mercedes perder\u00e1 una estructura fundamental, eliminando una jefatura y dejando a decenas de familias en una situaci\u00f3n angustiante.<\/h3>\n<h3><strong>DESPROTECCI\u00d3N <\/strong><\/h3>\n<h3>Los trabajadores de ARCA en Villa Mercedes enfrentan un panorama desolador. Sin una notificaci\u00f3n oficial sobre su destino laboral, deben decidir entre aceptar un traslado a la ciudad de San Luis, ubicada a m\u00e1s de 90 kil\u00f3metros, o quedar en la incertidumbre del desempleo.<\/h3>\n<h3>Esta medida no solo afecta su estabilidad econ\u00f3mica, sino que tambi\u00e9n altera su vida personal y familiar, oblig\u00e1ndolos a asumir costos adicionales e impactando en su bienestar.<\/h3>\n<h3>&#8220;Los compa\u00f1eros est\u00e1n a la deriva. Son 22 personas a las que, de un d\u00eda para el otro, les cambia la vida social, personal y laboral&#8221;, advirti\u00f3 <strong>Oscar Cardinali<\/strong>, secretario general de la Asociaci\u00f3n de Empleados Fiscales e Ingresos P\u00fablicos (AEFIP), seccional Cuyo.<\/h3>\n<p><img fetchpriority=\"high\" decoding=\"async\" class=\"wp-image-30994 aligncenter\" src=\"https:\/\/apuntesdesanluis.com\/wp-content\/uploads\/2025\/03\/OSCAR-CARDINALLI-300x217.png\" alt=\"\" width=\"665\" height=\"481\" srcset=\"https:\/\/apuntesdesanluis.com\/wp-content\/uploads\/2025\/03\/OSCAR-CARDINALLI-300x217.png 300w, https:\/\/apuntesdesanluis.com\/wp-content\/uploads\/2025\/03\/OSCAR-CARDINALLI.png 558w\" sizes=\"(max-width: 665px) 100vw, 665px\" \/><\/p>\n<h3>El Convenio Colectivo de Trabajo establece que los empleados no pueden ser trasladados a m\u00e1s de 50 kil\u00f3metros sin su consentimiento, sin embargo, la distancia hasta la capital provincial supera este l\u00edmite, dejando a los trabajadores en una posici\u00f3n extremadamente vulnerable.<\/h3>\n<h3><strong>IMPACTO EN LOS CONTRIBUYENTES<\/strong><\/h3>\n<h3>El cierre de la oficina de ARCA (ex AFIP) en Villa Mercedes, no solo afecta a los trabajadores, sino tambi\u00e9n a los ciudadanos que dependen de la agencia para realizar sus tr\u00e1mites fiscales. A partir de abril, quienes necesiten asistencia presencial deber\u00e1n trasladarse a San Luis capital o recurrir a gestores privados, lo que implica un costo adicional y una barrera de acceso a derechos fundamentales.<\/h3>\n<h3>&#8220;Quienes no puedan hacer un tr\u00e1mite virtual o tengan alg\u00fan problema deber\u00e1n trasladarse a San Luis o pagarle a alguien para que lo haga&#8221;, se\u00f1al\u00f3 Cardinali, evidenciando el impacto directo que tendr\u00e1 esta decisi\u00f3n en la poblaci\u00f3n.<\/h3>\n<h3>Esta medida, lejos de representar un avance en la eficiencia del Estado, profundiza la desigualdad y el desamparo de los sectores que m\u00e1s dependen de los servicios p\u00fablicos. Con cada oficina cerrada, se debilita la presencia del Estado en las comunidades del interior, dejando a los ciudadanos con menos derechos y menos herramientas para cumplir con sus obligaciones fiscales.<\/h3>\n<h3>El desmantelamiento de la oficina de ARCA en Villa Mercedes es un golpe a los trabajadores, a los contribuyentes y a la ciudad en su conjunto. Un reflejo m\u00e1s de las pol\u00edticas de ajuste que, lejos de generar soluciones, profundizan la crisis social y econ\u00f3mica que atraviesa el pa\u00eds.<\/h3>\n<p>&nbsp;<\/p>\n<p>&nbsp;<\/p>\n<p>&nbsp;<\/p>\n<h3><\/h3>\n<p>&nbsp;<\/p>\n","protected":false},"excerpt":{"rendered":"<p>La decisi\u00f3n del Gobierno Nacional de avanzar con el cierre de 38 distritos y 31&#8230;<\/p>\n","protected":false},"author":1,"featured_media":30992,"comment_status":"closed","ping_status":"closed","sticky":false,"template":"","format":"standard","meta":{"footnotes":""},"categories":[9],"tags":[],"class_list":["post-30991","post","type-post","status-publish","format-standard","has-post-thumbnail","hentry","category-opinion"],"yoast_head":"<!-- This site is optimized with the Yoast SEO plugin v26.1.1 - https:\/\/yoast.com\/wordpress\/plugins\/seo\/ -->\n<title>CIERRE DE ARCA EN VILLA MERCEDES: UN GOLPE AL EMPLEO Y A LOS CONTRIBUYENTES - Apuntes de San Luis<\/title>\n<meta name=\"robots\" content=\"index, follow, max-snippet:-1, max-image-preview:large, max-video-preview:-1\" \/>\n<link rel=\"canonical\" href=\"https:\/\/apuntesdesanluis.com\/index.php\/2025\/03\/29\/cierre-de-arca-en-villa-mercedes-un-golpe-al-empleo-y-a-los-contribuyentes\/\" \/>\n<meta property=\"og:locale\" content=\"es_ES\" \/>\n<meta property=\"og:type\" content=\"article\" \/>\n<meta property=\"og:title\" content=\"CIERRE DE ARCA EN VILLA MERCEDES: UN GOLPE AL EMPLEO Y A LOS CONTRIBUYENTES - Apuntes de San Luis\" \/>\n<meta property=\"og:description\" content=\"La decisi\u00f3n del Gobierno Nacional de avanzar con el cierre de 38 distritos y 31...\" \/>\n<meta property=\"og:url\" content=\"https:\/\/apuntesdesanluis.com\/index.php\/2025\/03\/29\/cierre-de-arca-en-villa-mercedes-un-golpe-al-empleo-y-a-los-contribuyentes\/\" \/>\n<meta property=\"og:site_name\" content=\"Apuntes de San Luis\" \/>\n<meta property=\"article:published_time\" content=\"2025-03-29T21:18:12+00:00\" \/>\n<meta property=\"article:modified_time\" content=\"2025-03-29T21:22:38+00:00\" \/>\n<meta property=\"og:image\" content=\"https:\/\/apuntesdesanluis.com\/wp-content\/uploads\/2025\/03\/ARCA-Villa-Mercedes.png\" \/>\n\t<meta property=\"og:image:width\" content=\"728\" \/>\n\t<meta property=\"og:image:height\" content=\"417\" \/>\n\t<meta property=\"og:image:type\" content=\"image\/png\" \/>\n<meta name=\"author\" content=\"apuntesdesanluis.com\" \/>\n<meta name=\"twitter:card\" content=\"summary_large_image\" \/>\n<meta name=\"twitter:label1\" content=\"Escrito por\" \/>\n\t<meta name=\"twitter:data1\" content=\"apuntesdesanluis.com\" \/>\n\t<meta name=\"twitter:label2\" content=\"Tiempo de lectura\" \/>\n\t<meta name=\"twitter:data2\" content=\"3 minutos\" \/>\n<script type=\"application\/ld+json\" class=\"yoast-schema-graph\">{\"@context\":\"https:\/\/schema.org\",\"@graph\":[{\"@type\":\"Article\",\"@id\":\"https:\/\/apuntesdesanluis.com\/index.php\/2025\/03\/29\/cierre-de-arca-en-villa-mercedes-un-golpe-al-empleo-y-a-los-contribuyentes\/#article\",\"isPartOf\":{\"@id\":\"https:\/\/apuntesdesanluis.com\/index.php\/2025\/03\/29\/cierre-de-arca-en-villa-mercedes-un-golpe-al-empleo-y-a-los-contribuyentes\/\"},\"author\":{\"name\":\"apuntesdesanluis.com\",\"@id\":\"https:\/\/apuntesdesanluis.com\/#\/schema\/person\/b55151d52296fcce64d1a72538a70b90\"},\"headline\":\"CIERRE DE ARCA EN VILLA MERCEDES: UN GOLPE AL EMPLEO Y A LOS CONTRIBUYENTES\",\"datePublished\":\"2025-03-29T21:18:12+00:00\",\"dateModified\":\"2025-03-29T21:22:38+00:00\",\"mainEntityOfPage\":{\"@id\":\"https:\/\/apuntesdesanluis.com\/index.php\/2025\/03\/29\/cierre-de-arca-en-villa-mercedes-un-golpe-al-empleo-y-a-los-contribuyentes\/\"},\"wordCount\":558,\"publisher\":{\"@id\":\"https:\/\/apuntesdesanluis.com\/#\/schema\/person\/b55151d52296fcce64d1a72538a70b90\"},\"image\":{\"@id\":\"https:\/\/apuntesdesanluis.com\/index.php\/2025\/03\/29\/cierre-de-arca-en-villa-mercedes-un-golpe-al-empleo-y-a-los-contribuyentes\/#primaryimage\"},\"thumbnailUrl\":\"https:\/\/apuntesdesanluis.com\/wp-content\/uploads\/2025\/03\/ARCA-Villa-Mercedes.png\",\"articleSection\":[\"Opini\u00f3n\"],\"inLanguage\":\"es-AR\"},{\"@type\":\"WebPage\",\"@id\":\"https:\/\/apuntesdesanluis.com\/index.php\/2025\/03\/29\/cierre-de-arca-en-villa-mercedes-un-golpe-al-empleo-y-a-los-contribuyentes\/\",\"url\":\"https:\/\/apuntesdesanluis.com\/index.php\/2025\/03\/29\/cierre-de-arca-en-villa-mercedes-un-golpe-al-empleo-y-a-los-contribuyentes\/\",\"name\":\"CIERRE DE ARCA EN VILLA MERCEDES: UN GOLPE AL EMPLEO Y A LOS CONTRIBUYENTES - Apuntes de San Luis\",\"isPartOf\":{\"@id\":\"https:\/\/apuntesdesanluis.com\/#website\"},\"primaryImageOfPage\":{\"@id\":\"https:\/\/apuntesdesanluis.com\/index.php\/2025\/03\/29\/cierre-de-arca-en-villa-mercedes-un-golpe-al-empleo-y-a-los-contribuyentes\/#primaryimage\"},\"image\":{\"@id\":\"https:\/\/apuntesdesanluis.com\/index.php\/2025\/03\/29\/cierre-de-arca-en-villa-mercedes-un-golpe-al-empleo-y-a-los-contribuyentes\/#primaryimage\"},\"thumbnailUrl\":\"https:\/\/apuntesdesanluis.com\/wp-content\/uploads\/2025\/03\/ARCA-Villa-Mercedes.png\",\"datePublished\":\"2025-03-29T21:18:12+00:00\",\"dateModified\":\"2025-03-29T21:22:38+00:00\",\"breadcrumb\":{\"@id\":\"https:\/\/apuntesdesanluis.com\/index.php\/2025\/03\/29\/cierre-de-arca-en-villa-mercedes-un-golpe-al-empleo-y-a-los-contribuyentes\/#breadcrumb\"},\"inLanguage\":\"es-AR\",\"potentialAction\":[{\"@type\":\"ReadAction\",\"target\":[\"https:\/\/apuntesdesanluis.com\/index.php\/2025\/03\/29\/cierre-de-arca-en-villa-mercedes-un-golpe-al-empleo-y-a-los-contribuyentes\/\"]}]},{\"@type\":\"ImageObject\",\"inLanguage\":\"es-AR\",\"@id\":\"https:\/\/apuntesdesanluis.com\/index.php\/2025\/03\/29\/cierre-de-arca-en-villa-mercedes-un-golpe-al-empleo-y-a-los-contribuyentes\/#primaryimage\",\"url\":\"https:\/\/apuntesdesanluis.com\/wp-content\/uploads\/2025\/03\/ARCA-Villa-Mercedes.png\",\"contentUrl\":\"https:\/\/apuntesdesanluis.com\/wp-content\/uploads\/2025\/03\/ARCA-Villa-Mercedes.png\",\"width\":728,\"height\":417},{\"@type\":\"BreadcrumbList\",\"@id\":\"https:\/\/apuntesdesanluis.com\/index.php\/2025\/03\/29\/cierre-de-arca-en-villa-mercedes-un-golpe-al-empleo-y-a-los-contribuyentes\/#breadcrumb\",\"itemListElement\":[{\"@type\":\"ListItem\",\"position\":1,\"name\":\"Inicio\",\"item\":\"https:\/\/apuntesdesanluis.com\/\"},{\"@type\":\"ListItem\",\"position\":2,\"name\":\"CIERRE DE ARCA EN VILLA MERCEDES: UN GOLPE AL EMPLEO Y A LOS CONTRIBUYENTES\"}]},{\"@type\":\"WebSite\",\"@id\":\"https:\/\/apuntesdesanluis.com\/#website\",\"url\":\"https:\/\/apuntesdesanluis.com\/\",\"name\":\"Apuntes de San Luis\",\"description\":\"\",\"publisher\":{\"@id\":\"https:\/\/apuntesdesanluis.com\/#\/schema\/person\/b55151d52296fcce64d1a72538a70b90\"},\"potentialAction\":[{\"@type\":\"SearchAction\",\"target\":{\"@type\":\"EntryPoint\",\"urlTemplate\":\"https:\/\/apuntesdesanluis.com\/?s={search_term_string}\"},\"query-input\":{\"@type\":\"PropertyValueSpecification\",\"valueRequired\":true,\"valueName\":\"search_term_string\"}}],\"inLanguage\":\"es-AR\"},{\"@type\":[\"Person\",\"Organization\"],\"@id\":\"https:\/\/apuntesdesanluis.com\/#\/schema\/person\/b55151d52296fcce64d1a72538a70b90\",\"name\":\"apuntesdesanluis.com\",\"image\":{\"@type\":\"ImageObject\",\"inLanguage\":\"es-AR\",\"@id\":\"https:\/\/apuntesdesanluis.com\/#\/schema\/person\/image\/\",\"url\":\"https:\/\/apuntesdesanluis.com\/wp-content\/uploads\/2023\/07\/cropped-apuntesdesanluis.png\",\"contentUrl\":\"https:\/\/apuntesdesanluis.com\/wp-content\/uploads\/2023\/07\/cropped-apuntesdesanluis.png\",\"width\":450,\"height\":112,\"caption\":\"apuntesdesanluis.com\"},\"logo\":{\"@id\":\"https:\/\/apuntesdesanluis.com\/#\/schema\/person\/image\/\"},\"sameAs\":[\"https:\/\/apuntesdesanluis.com\"],\"url\":\"https:\/\/apuntesdesanluis.com\/index.php\/author\/apuntesdesanluis-com\/\"}]}<\/script>\n<!-- \/ Yoast SEO plugin. -->","yoast_head_json":{"title":"CIERRE DE ARCA EN VILLA MERCEDES: UN GOLPE AL EMPLEO Y A LOS CONTRIBUYENTES - Apuntes de San Luis","robots":{"index":"index","follow":"follow","max-snippet":"max-snippet:-1","max-image-preview":"max-image-preview:large","max-video-preview":"max-video-preview:-1"},"canonical":"https:\/\/apuntesdesanluis.com\/index.php\/2025\/03\/29\/cierre-de-arca-en-villa-mercedes-un-golpe-al-empleo-y-a-los-contribuyentes\/","og_locale":"es_ES","og_type":"article","og_title":"CIERRE DE ARCA EN VILLA MERCEDES: UN GOLPE AL EMPLEO Y A LOS CONTRIBUYENTES - Apuntes de San Luis","og_description":"La decisi\u00f3n del Gobierno Nacional de avanzar con el cierre de 38 distritos y 31...","og_url":"https:\/\/apuntesdesanluis.com\/index.php\/2025\/03\/29\/cierre-de-arca-en-villa-mercedes-un-golpe-al-empleo-y-a-los-contribuyentes\/","og_site_name":"Apuntes de San Luis","article_published_time":"2025-03-29T21:18:12+00:00","article_modified_time":"2025-03-29T21:22:38+00:00","og_image":[{"width":728,"height":417,"url":"https:\/\/apuntesdesanluis.com\/wp-content\/uploads\/2025\/03\/ARCA-Villa-Mercedes.png","type":"image\/png"}],"author":"apuntesdesanluis.com","twitter_card":"summary_large_image","twitter_misc":{"Escrito por":"apuntesdesanluis.com","Tiempo de lectura":"3 minutos"},"schema":{"@context":"https:\/\/schema.org","@graph":[{"@type":"Article","@id":"https:\/\/apuntesdesanluis.com\/index.php\/2025\/03\/29\/cierre-de-arca-en-villa-mercedes-un-golpe-al-empleo-y-a-los-contribuyentes\/#article","isPartOf":{"@id":"https:\/\/apuntesdesanluis.com\/index.php\/2025\/03\/29\/cierre-de-arca-en-villa-mercedes-un-golpe-al-empleo-y-a-los-contribuyentes\/"},"author":{"name":"apuntesdesanluis.com","@id":"https:\/\/apuntesdesanluis.com\/#\/schema\/person\/b55151d52296fcce64d1a72538a70b90"},"headline":"CIERRE DE ARCA EN VILLA MERCEDES: UN GOLPE AL EMPLEO Y A LOS CONTRIBUYENTES","datePublished":"2025-03-29T21:18:12+00:00","dateModified":"2025-03-29T21:22:38+00:00","mainEntityOfPage":{"@id":"https:\/\/apuntesdesanluis.com\/index.php\/2025\/03\/29\/cierre-de-arca-en-villa-mercedes-un-golpe-al-empleo-y-a-los-contribuyentes\/"},"wordCount":558,"publisher":{"@id":"https:\/\/apuntesdesanluis.com\/#\/schema\/person\/b55151d52296fcce64d1a72538a70b90"},"image":{"@id":"https:\/\/apuntesdesanluis.com\/index.php\/2025\/03\/29\/cierre-de-arca-en-villa-mercedes-un-golpe-al-empleo-y-a-los-contribuyentes\/#primaryimage"},"thumbnailUrl":"https:\/\/apuntesdesanluis.com\/wp-content\/uploads\/2025\/03\/ARCA-Villa-Mercedes.png","articleSection":["Opini\u00f3n"],"inLanguage":"es-AR"},{"@type":"WebPage","@id":"https:\/\/apuntesdesanluis.com\/index.php\/2025\/03\/29\/cierre-de-arca-en-villa-mercedes-un-golpe-al-empleo-y-a-los-contribuyentes\/","url":"https:\/\/apuntesdesanluis.com\/index.php\/2025\/03\/29\/cierre-de-arca-en-villa-mercedes-un-golpe-al-empleo-y-a-los-contribuyentes\/","name":"CIERRE DE ARCA EN VILLA MERCEDES: UN GOLPE AL EMPLEO Y A LOS CONTRIBUYENTES - Apuntes de San Luis","isPartOf":{"@id":"https:\/\/apuntesdesanluis.com\/#website"},"primaryImageOfPage":{"@id":"https:\/\/apuntesdesanluis.com\/index.php\/2025\/03\/29\/cierre-de-arca-en-villa-mercedes-un-golpe-al-empleo-y-a-los-contribuyentes\/#primaryimage"},"image":{"@id":"https:\/\/apuntesdesanluis.com\/index.php\/2025\/03\/29\/cierre-de-arca-en-villa-mercedes-un-golpe-al-empleo-y-a-los-contribuyentes\/#primaryimage"},"thumbnailUrl":"https:\/\/apuntesdesanluis.com\/wp-content\/uploads\/2025\/03\/ARCA-Villa-Mercedes.png","datePublished":"2025-03-29T21:18:12+00:00","dateModified":"2025-03-29T21:22:38+00:00","breadcrumb":{"@id":"https:\/\/apuntesdesanluis.com\/index.php\/2025\/03\/29\/cierre-de-arca-en-villa-mercedes-un-golpe-al-empleo-y-a-los-contribuyentes\/#breadcrumb"},"inLanguage":"es-AR","potentialAction":[{"@type":"ReadAction","target":["https:\/\/apuntesdesanluis.com\/index.php\/2025\/03\/29\/cierre-de-arca-en-villa-mercedes-un-golpe-al-empleo-y-a-los-contribuyentes\/"]}]},{"@type":"ImageObject","inLanguage":"es-AR","@id":"https:\/\/apuntesdesanluis.com\/index.php\/2025\/03\/29\/cierre-de-arca-en-villa-mercedes-un-golpe-al-empleo-y-a-los-contribuyentes\/#primaryimage","url":"https:\/\/apuntesdesanluis.com\/wp-content\/uploads\/2025\/03\/ARCA-Villa-Mercedes.png","contentUrl":"https:\/\/apuntesdesanluis.com\/wp-content\/uploads\/2025\/03\/ARCA-Villa-Mercedes.png","width":728,"height":417},{"@type":"BreadcrumbList","@id":"https:\/\/apuntesdesanluis.com\/index.php\/2025\/03\/29\/cierre-de-arca-en-villa-mercedes-un-golpe-al-empleo-y-a-los-contribuyentes\/#breadcrumb","itemListElement":[{"@type":"ListItem","position":1,"name":"Inicio","item":"https:\/\/apuntesdesanluis.com\/"},{"@type":"ListItem","position":2,"name":"CIERRE DE ARCA EN VILLA MERCEDES: UN GOLPE AL EMPLEO Y A LOS CONTRIBUYENTES"}]},{"@type":"WebSite","@id":"https:\/\/apuntesdesanluis.com\/#website","url":"https:\/\/apuntesdesanluis.com\/","name":"Apuntes de San Luis","description":"","publisher":{"@id":"https:\/\/apuntesdesanluis.com\/#\/schema\/person\/b55151d52296fcce64d1a72538a70b90"},"potentialAction":[{"@type":"SearchAction","target":{"@type":"EntryPoint","urlTemplate":"https:\/\/apuntesdesanluis.com\/?s={search_term_string}"},"query-input":{"@type":"PropertyValueSpecification","valueRequired":true,"valueName":"search_term_string"}}],"inLanguage":"es-AR"},{"@type":["Person","Organization"],"@id":"https:\/\/apuntesdesanluis.com\/#\/schema\/person\/b55151d52296fcce64d1a72538a70b90","name":"apuntesdesanluis.com","image":{"@type":"ImageObject","inLanguage":"es-AR","@id":"https:\/\/apuntesdesanluis.com\/#\/schema\/person\/image\/","url":"https:\/\/apuntesdesanluis.com\/wp-content\/uploads\/2023\/07\/cropped-apuntesdesanluis.png","contentUrl":"https:\/\/apuntesdesanluis.com\/wp-content\/uploads\/2023\/07\/cropped-apuntesdesanluis.png","width":450,"height":112,"caption":"apuntesdesanluis.com"},"logo":{"@id":"https:\/\/apuntesdesanluis.com\/#\/schema\/person\/image\/"},"sameAs":["https:\/\/apuntesdesanluis.com"],"url":"https:\/\/apuntesdesanluis.com\/index.php\/author\/apuntesdesanluis-com\/"}]}},"featured_image_urls":{"full":["https:\/\/apuntesdesanluis.com\/wp-content\/uploads\/2025\/03\/ARCA-Villa-Mercedes.png",728,417,false],"thumbnail":["https:\/\/apuntesdesanluis.com\/wp-content\/uploads\/2025\/03\/ARCA-Villa-Mercedes-150x150.png",150,150,true],"medium":["https:\/\/apuntesdesanluis.com\/wp-content\/uploads\/2025\/03\/ARCA-Villa-Mercedes-300x172.png",300,172,true],"medium_large":["https:\/\/apuntesdesanluis.com\/wp-content\/uploads\/2025\/03\/ARCA-Villa-Mercedes.png",640,367,false],"large":["https:\/\/apuntesdesanluis.com\/wp-content\/uploads\/2025\/03\/ARCA-Villa-Mercedes.png",640,367,false],"1536x1536":["https:\/\/apuntesdesanluis.com\/wp-content\/uploads\/2025\/03\/ARCA-Villa-Mercedes.png",728,417,false],"2048x2048":["https:\/\/apuntesdesanluis.com\/wp-content\/uploads\/2025\/03\/ARCA-Villa-Mercedes.png",728,417,false],"newsever-slider-full":["https:\/\/apuntesdesanluis.com\/wp-content\/uploads\/2025\/03\/ARCA-Villa-Mercedes.png",728,417,false],"newsever-featured":["https:\/\/apuntesdesanluis.com\/wp-content\/uploads\/2025\/03\/ARCA-Villa-Mercedes.png",728,417,false],"newsever-medium":["https:\/\/apuntesdesanluis.com\/wp-content\/uploads\/2025\/03\/ARCA-Villa-Mercedes-720x417.png",720,417,true]},"author_info":{"display_name":"apuntesdesanluis.com","author_link":"https:\/\/apuntesdesanluis.com\/index.php\/author\/apuntesdesanluis-com\/"},"category_info":"<a href=\"https:\/\/apuntesdesanluis.com\/index.php\/category\/opinion\/\" rel=\"category tag\">Opini\u00f3n<\/a>","tag_info":"Opini\u00f3n","comment_count":"0","_links":{"self":[{"href":"https:\/\/apuntesdesanluis.com\/index.php\/wp-json\/wp\/v2\/posts\/30991","targetHints":{"allow":["GET"]}}],"collection":[{"href":"https:\/\/apuntesdesanluis.com\/index.php\/wp-json\/wp\/v2\/posts"}],"about":[{"href":"https:\/\/apuntesdesanluis.com\/index.php\/wp-json\/wp\/v2\/types\/post"}],"author":[{"embeddable":true,"href":"https:\/\/apuntesdesanluis.com\/index.php\/wp-json\/wp\/v2\/users\/1"}],"replies":[{"embeddable":true,"href":"https:\/\/apuntesdesanluis.com\/index.php\/wp-json\/wp\/v2\/comments?post=30991"}],"version-history":[{"count":2,"href":"https:\/\/apuntesdesanluis.com\/index.php\/wp-json\/wp\/v2\/posts\/30991\/revisions"}],"predecessor-version":[{"id":30995,"href":"https:\/\/apuntesdesanluis.com\/index.php\/wp-json\/wp\/v2\/posts\/30991\/revisions\/30995"}],"wp:featuredmedia":[{"embeddable":true,"href":"https:\/\/apuntesdesanluis.com\/index.php\/wp-json\/wp\/v2\/media\/30992"}],"wp:attachment":[{"href":"https:\/\/apuntesdesanluis.com\/index.php\/wp-json\/wp\/v2\/media?parent=30991"}],"wp:term":[{"taxonomy":"category","embeddable":true,"href":"https:\/\/apuntesdesanluis.com\/index.php\/wp-json\/wp\/v2\/categories?post=30991"},{"taxonomy":"post_tag","embeddable":true,"href":"https:\/\/apuntesdesanluis.com\/index.php\/wp-json\/wp\/v2\/tags?post=30991"}],"curies":[{"name":"wp","href":"https:\/\/api.w.org\/{rel}","templated":true}]}}