{"id":31000,"date":"2025-03-29T18:55:20","date_gmt":"2025-03-29T21:55:20","guid":{"rendered":"https:\/\/apuntesdesanluis.com\/?p=31000"},"modified":"2025-03-29T18:55:20","modified_gmt":"2025-03-29T21:55:20","slug":"merlo-sancionan-a-hotel-por-declarar-menos-camas-y-clausuran-comercio","status":"publish","type":"post","link":"https:\/\/apuntesdesanluis.com\/index.php\/2025\/03\/29\/merlo-sancionan-a-hotel-por-declarar-menos-camas-y-clausuran-comercio\/","title":{"rendered":"MERLO: SANCIONAN A HOTEL POR DECLARAR MENOS CAMAS Y CLAUSURAN COMERCIO"},"content":{"rendered":"<h3>Con el firme compromiso de garantizar el cumplimiento de las normativas vigentes, comenzaron las inspecciones en los comercios de Avenida del Sol por parte de la\u00a0Secretar\u00eda de Hacienda a trav\u00e9s de la Direcci\u00f3n de Fiscalizaci\u00f3n y Habilitaciones, junto a la Direcci\u00f3n de Bromatolog\u00eda. <strong>Estas acciones se extender\u00e1n a lo largo del fin de semana.\u00a0 <\/strong><\/h3>\n<h3>Desde el equipo de gesti\u00f3n, se identific\u00f3 la necesidad de intensificar los controles en los comercios que brindan informaci\u00f3n falsa en sus declaraciones juradas. Por ejemplo, se han detectado irregularidades en la cantidad de camas habilitadas en ciertos establecimientos.<\/h3>\n<h3><img fetchpriority=\"high\" decoding=\"async\" class=\"wp-image-31003 aligncenter\" src=\"https:\/\/apuntesdesanluis.com\/wp-content\/uploads\/2025\/03\/COMERCIO-1-300x225.jpg\" alt=\"\" width=\"599\" height=\"449\" srcset=\"https:\/\/apuntesdesanluis.com\/wp-content\/uploads\/2025\/03\/COMERCIO-1-300x225.jpg 300w, https:\/\/apuntesdesanluis.com\/wp-content\/uploads\/2025\/03\/COMERCIO-1.jpg 700w\" sizes=\"(max-width: 599px) 100vw, 599px\" \/><\/h3>\n<h3>En el marco de estos operativos, se procedi\u00f3 a la clausura de un kiosco por vender bebidas alcoh\u00f3licas fuera del horario permitido. Estas acciones forman parte de un esfuerzo continuo para garantizar el cumplimiento de las normativas vigentes y fortalecer el orden en la ciudad.<\/h3>\n<h3>Esta medida responde a la necesidad de asegurar que todos los establecimientos comerciales cumplan con las reglamentaciones establecidas, promoviendo el orden y la seguridad en la ciudad.<\/h3>\n<h3>Asimismo, se realiz\u00f3 una inspecci\u00f3n en el Hotel Epic, como parte de las acciones de fiscalizaci\u00f3n que el Municipio lleva adelante en diversos sectores.<\/h3>\n<p><img decoding=\"async\" class=\"wp-image-31002 aligncenter\" src=\"https:\/\/apuntesdesanluis.com\/wp-content\/uploads\/2025\/03\/EPIC-300x220.jpg\" alt=\"\" width=\"600\" height=\"440\" srcset=\"https:\/\/apuntesdesanluis.com\/wp-content\/uploads\/2025\/03\/EPIC-300x220.jpg 300w, https:\/\/apuntesdesanluis.com\/wp-content\/uploads\/2025\/03\/EPIC-768x564.jpg 768w, https:\/\/apuntesdesanluis.com\/wp-content\/uploads\/2025\/03\/EPIC.jpg 784w\" sizes=\"(max-width: 600px) 100vw, 600px\" \/><\/p>\n<h3><strong>Los controles continuar\u00e1n durante todo el fin de semana<\/strong>, con el objetivo de verificar el cumplimiento de las normativas y garantizar que los comercios operen dentro del marco legal vigente.<\/h3>\n<h3>Se recuerda a los comerciantes la importancia de contar con la documentaci\u00f3n en regla y de cumplir con las disposiciones municipales para evitar sanciones.<\/h3>\n<p>&nbsp;<\/p>\n<p>&nbsp;<\/p>\n<p>&nbsp;<\/p>\n<h3><\/h3>\n<h3><\/h3>\n<p>&nbsp;<\/p>\n","protected":false},"excerpt":{"rendered":"<p>Con el firme compromiso de garantizar el cumplimiento de las normativas vigentes, comenzaron las inspecciones&#8230;<\/p>\n","protected":false},"author":1,"featured_media":31001,"comment_status":"closed","ping_status":"closed","sticky":false,"template":"","format":"standard","meta":{"footnotes":""},"categories":[6],"tags":[],"class_list":["post-31000","post","type-post","status-publish","format-standard","has-post-thumbnail","hentry","category-ciudad-provincia"],"yoast_head":"<!-- This site is optimized with the Yoast SEO plugin v26.1.1 - https:\/\/yoast.com\/wordpress\/plugins\/seo\/ -->\n<title>MERLO: SANCIONAN A HOTEL POR DECLARAR MENOS CAMAS Y CLAUSURAN COMERCIO - Apuntes de San Luis<\/title>\n<meta name=\"robots\" content=\"index, follow, max-snippet:-1, max-image-preview:large, max-video-preview:-1\" \/>\n<link rel=\"canonical\" href=\"https:\/\/apuntesdesanluis.com\/index.php\/2025\/03\/29\/merlo-sancionan-a-hotel-por-declarar-menos-camas-y-clausuran-comercio\/\" \/>\n<meta property=\"og:locale\" content=\"es_ES\" \/>\n<meta property=\"og:type\" content=\"article\" \/>\n<meta property=\"og:title\" content=\"MERLO: SANCIONAN A HOTEL POR DECLARAR MENOS CAMAS Y CLAUSURAN COMERCIO - Apuntes de San Luis\" \/>\n<meta property=\"og:description\" content=\"Con el firme compromiso de garantizar el cumplimiento de las normativas vigentes, comenzaron las inspecciones...\" \/>\n<meta property=\"og:url\" content=\"https:\/\/apuntesdesanluis.com\/index.php\/2025\/03\/29\/merlo-sancionan-a-hotel-por-declarar-menos-camas-y-clausuran-comercio\/\" \/>\n<meta property=\"og:site_name\" content=\"Apuntes de San Luis\" \/>\n<meta property=\"article:published_time\" content=\"2025-03-29T21:55:20+00:00\" \/>\n<meta property=\"og:image\" content=\"https:\/\/apuntesdesanluis.com\/wp-content\/uploads\/2025\/03\/HOTEL.jpg\" \/>\n\t<meta property=\"og:image:width\" content=\"800\" \/>\n\t<meta property=\"og:image:height\" content=\"518\" \/>\n\t<meta property=\"og:image:type\" content=\"image\/jpeg\" \/>\n<meta name=\"author\" content=\"apuntesdesanluis.com\" \/>\n<meta name=\"twitter:card\" content=\"summary_large_image\" \/>\n<meta name=\"twitter:label1\" content=\"Escrito por\" \/>\n\t<meta name=\"twitter:data1\" content=\"apuntesdesanluis.com\" \/>\n\t<meta name=\"twitter:label2\" content=\"Tiempo de lectura\" \/>\n\t<meta name=\"twitter:data2\" content=\"2 minutos\" \/>\n<script type=\"application\/ld+json\" class=\"yoast-schema-graph\">{\"@context\":\"https:\/\/schema.org\",\"@graph\":[{\"@type\":\"Article\",\"@id\":\"https:\/\/apuntesdesanluis.com\/index.php\/2025\/03\/29\/merlo-sancionan-a-hotel-por-declarar-menos-camas-y-clausuran-comercio\/#article\",\"isPartOf\":{\"@id\":\"https:\/\/apuntesdesanluis.com\/index.php\/2025\/03\/29\/merlo-sancionan-a-hotel-por-declarar-menos-camas-y-clausuran-comercio\/\"},\"author\":{\"name\":\"apuntesdesanluis.com\",\"@id\":\"https:\/\/apuntesdesanluis.com\/#\/schema\/person\/b55151d52296fcce64d1a72538a70b90\"},\"headline\":\"MERLO: SANCIONAN A HOTEL POR DECLARAR MENOS CAMAS Y CLAUSURAN COMERCIO\",\"datePublished\":\"2025-03-29T21:55:20+00:00\",\"mainEntityOfPage\":{\"@id\":\"https:\/\/apuntesdesanluis.com\/index.php\/2025\/03\/29\/merlo-sancionan-a-hotel-por-declarar-menos-camas-y-clausuran-comercio\/\"},\"wordCount\":273,\"publisher\":{\"@id\":\"https:\/\/apuntesdesanluis.com\/#\/schema\/person\/b55151d52296fcce64d1a72538a70b90\"},\"image\":{\"@id\":\"https:\/\/apuntesdesanluis.com\/index.php\/2025\/03\/29\/merlo-sancionan-a-hotel-por-declarar-menos-camas-y-clausuran-comercio\/#primaryimage\"},\"thumbnailUrl\":\"https:\/\/apuntesdesanluis.com\/wp-content\/uploads\/2025\/03\/HOTEL.jpg\",\"articleSection\":[\"Ciudad\/Provincia\"],\"inLanguage\":\"es-AR\"},{\"@type\":\"WebPage\",\"@id\":\"https:\/\/apuntesdesanluis.com\/index.php\/2025\/03\/29\/merlo-sancionan-a-hotel-por-declarar-menos-camas-y-clausuran-comercio\/\",\"url\":\"https:\/\/apuntesdesanluis.com\/index.php\/2025\/03\/29\/merlo-sancionan-a-hotel-por-declarar-menos-camas-y-clausuran-comercio\/\",\"name\":\"MERLO: SANCIONAN A HOTEL POR DECLARAR MENOS CAMAS Y CLAUSURAN COMERCIO - Apuntes de San Luis\",\"isPartOf\":{\"@id\":\"https:\/\/apuntesdesanluis.com\/#website\"},\"primaryImageOfPage\":{\"@id\":\"https:\/\/apuntesdesanluis.com\/index.php\/2025\/03\/29\/merlo-sancionan-a-hotel-por-declarar-menos-camas-y-clausuran-comercio\/#primaryimage\"},\"image\":{\"@id\":\"https:\/\/apuntesdesanluis.com\/index.php\/2025\/03\/29\/merlo-sancionan-a-hotel-por-declarar-menos-camas-y-clausuran-comercio\/#primaryimage\"},\"thumbnailUrl\":\"https:\/\/apuntesdesanluis.com\/wp-content\/uploads\/2025\/03\/HOTEL.jpg\",\"datePublished\":\"2025-03-29T21:55:20+00:00\",\"breadcrumb\":{\"@id\":\"https:\/\/apuntesdesanluis.com\/index.php\/2025\/03\/29\/merlo-sancionan-a-hotel-por-declarar-menos-camas-y-clausuran-comercio\/#breadcrumb\"},\"inLanguage\":\"es-AR\",\"potentialAction\":[{\"@type\":\"ReadAction\",\"target\":[\"https:\/\/apuntesdesanluis.com\/index.php\/2025\/03\/29\/merlo-sancionan-a-hotel-por-declarar-menos-camas-y-clausuran-comercio\/\"]}]},{\"@type\":\"ImageObject\",\"inLanguage\":\"es-AR\",\"@id\":\"https:\/\/apuntesdesanluis.com\/index.php\/2025\/03\/29\/merlo-sancionan-a-hotel-por-declarar-menos-camas-y-clausuran-comercio\/#primaryimage\",\"url\":\"https:\/\/apuntesdesanluis.com\/wp-content\/uploads\/2025\/03\/HOTEL.jpg\",\"contentUrl\":\"https:\/\/apuntesdesanluis.com\/wp-content\/uploads\/2025\/03\/HOTEL.jpg\",\"width\":800,\"height\":518},{\"@type\":\"BreadcrumbList\",\"@id\":\"https:\/\/apuntesdesanluis.com\/index.php\/2025\/03\/29\/merlo-sancionan-a-hotel-por-declarar-menos-camas-y-clausuran-comercio\/#breadcrumb\",\"itemListElement\":[{\"@type\":\"ListItem\",\"position\":1,\"name\":\"Inicio\",\"item\":\"https:\/\/apuntesdesanluis.com\/\"},{\"@type\":\"ListItem\",\"position\":2,\"name\":\"MERLO: SANCIONAN A HOTEL POR DECLARAR MENOS CAMAS Y CLAUSURAN COMERCIO\"}]},{\"@type\":\"WebSite\",\"@id\":\"https:\/\/apuntesdesanluis.com\/#website\",\"url\":\"https:\/\/apuntesdesanluis.com\/\",\"name\":\"Apuntes de San Luis\",\"description\":\"\",\"publisher\":{\"@id\":\"https:\/\/apuntesdesanluis.com\/#\/schema\/person\/b55151d52296fcce64d1a72538a70b90\"},\"potentialAction\":[{\"@type\":\"SearchAction\",\"target\":{\"@type\":\"EntryPoint\",\"urlTemplate\":\"https:\/\/apuntesdesanluis.com\/?s={search_term_string}\"},\"query-input\":{\"@type\":\"PropertyValueSpecification\",\"valueRequired\":true,\"valueName\":\"search_term_string\"}}],\"inLanguage\":\"es-AR\"},{\"@type\":[\"Person\",\"Organization\"],\"@id\":\"https:\/\/apuntesdesanluis.com\/#\/schema\/person\/b55151d52296fcce64d1a72538a70b90\",\"name\":\"apuntesdesanluis.com\",\"image\":{\"@type\":\"ImageObject\",\"inLanguage\":\"es-AR\",\"@id\":\"https:\/\/apuntesdesanluis.com\/#\/schema\/person\/image\/\",\"url\":\"https:\/\/apuntesdesanluis.com\/wp-content\/uploads\/2023\/07\/cropped-apuntesdesanluis.png\",\"contentUrl\":\"https:\/\/apuntesdesanluis.com\/wp-content\/uploads\/2023\/07\/cropped-apuntesdesanluis.png\",\"width\":450,\"height\":112,\"caption\":\"apuntesdesanluis.com\"},\"logo\":{\"@id\":\"https:\/\/apuntesdesanluis.com\/#\/schema\/person\/image\/\"},\"sameAs\":[\"https:\/\/apuntesdesanluis.com\"],\"url\":\"https:\/\/apuntesdesanluis.com\/index.php\/author\/apuntesdesanluis-com\/\"}]}<\/script>\n<!-- \/ Yoast SEO plugin. -->","yoast_head_json":{"title":"MERLO: SANCIONAN A HOTEL POR DECLARAR MENOS CAMAS Y CLAUSURAN COMERCIO - Apuntes de San Luis","robots":{"index":"index","follow":"follow","max-snippet":"max-snippet:-1","max-image-preview":"max-image-preview:large","max-video-preview":"max-video-preview:-1"},"canonical":"https:\/\/apuntesdesanluis.com\/index.php\/2025\/03\/29\/merlo-sancionan-a-hotel-por-declarar-menos-camas-y-clausuran-comercio\/","og_locale":"es_ES","og_type":"article","og_title":"MERLO: SANCIONAN A HOTEL POR DECLARAR MENOS CAMAS Y CLAUSURAN COMERCIO - Apuntes de San Luis","og_description":"Con el firme compromiso de garantizar el cumplimiento de las normativas vigentes, comenzaron las inspecciones...","og_url":"https:\/\/apuntesdesanluis.com\/index.php\/2025\/03\/29\/merlo-sancionan-a-hotel-por-declarar-menos-camas-y-clausuran-comercio\/","og_site_name":"Apuntes de San Luis","article_published_time":"2025-03-29T21:55:20+00:00","og_image":[{"width":800,"height":518,"url":"https:\/\/apuntesdesanluis.com\/wp-content\/uploads\/2025\/03\/HOTEL.jpg","type":"image\/jpeg"}],"author":"apuntesdesanluis.com","twitter_card":"summary_large_image","twitter_misc":{"Escrito por":"apuntesdesanluis.com","Tiempo de lectura":"2 minutos"},"schema":{"@context":"https:\/\/schema.org","@graph":[{"@type":"Article","@id":"https:\/\/apuntesdesanluis.com\/index.php\/2025\/03\/29\/merlo-sancionan-a-hotel-por-declarar-menos-camas-y-clausuran-comercio\/#article","isPartOf":{"@id":"https:\/\/apuntesdesanluis.com\/index.php\/2025\/03\/29\/merlo-sancionan-a-hotel-por-declarar-menos-camas-y-clausuran-comercio\/"},"author":{"name":"apuntesdesanluis.com","@id":"https:\/\/apuntesdesanluis.com\/#\/schema\/person\/b55151d52296fcce64d1a72538a70b90"},"headline":"MERLO: SANCIONAN A HOTEL POR DECLARAR MENOS CAMAS Y CLAUSURAN COMERCIO","datePublished":"2025-03-29T21:55:20+00:00","mainEntityOfPage":{"@id":"https:\/\/apuntesdesanluis.com\/index.php\/2025\/03\/29\/merlo-sancionan-a-hotel-por-declarar-menos-camas-y-clausuran-comercio\/"},"wordCount":273,"publisher":{"@id":"https:\/\/apuntesdesanluis.com\/#\/schema\/person\/b55151d52296fcce64d1a72538a70b90"},"image":{"@id":"https:\/\/apuntesdesanluis.com\/index.php\/2025\/03\/29\/merlo-sancionan-a-hotel-por-declarar-menos-camas-y-clausuran-comercio\/#primaryimage"},"thumbnailUrl":"https:\/\/apuntesdesanluis.com\/wp-content\/uploads\/2025\/03\/HOTEL.jpg","articleSection":["Ciudad\/Provincia"],"inLanguage":"es-AR"},{"@type":"WebPage","@id":"https:\/\/apuntesdesanluis.com\/index.php\/2025\/03\/29\/merlo-sancionan-a-hotel-por-declarar-menos-camas-y-clausuran-comercio\/","url":"https:\/\/apuntesdesanluis.com\/index.php\/2025\/03\/29\/merlo-sancionan-a-hotel-por-declarar-menos-camas-y-clausuran-comercio\/","name":"MERLO: SANCIONAN A HOTEL POR DECLARAR MENOS CAMAS Y CLAUSURAN COMERCIO - Apuntes de San Luis","isPartOf":{"@id":"https:\/\/apuntesdesanluis.com\/#website"},"primaryImageOfPage":{"@id":"https:\/\/apuntesdesanluis.com\/index.php\/2025\/03\/29\/merlo-sancionan-a-hotel-por-declarar-menos-camas-y-clausuran-comercio\/#primaryimage"},"image":{"@id":"https:\/\/apuntesdesanluis.com\/index.php\/2025\/03\/29\/merlo-sancionan-a-hotel-por-declarar-menos-camas-y-clausuran-comercio\/#primaryimage"},"thumbnailUrl":"https:\/\/apuntesdesanluis.com\/wp-content\/uploads\/2025\/03\/HOTEL.jpg","datePublished":"2025-03-29T21:55:20+00:00","breadcrumb":{"@id":"https:\/\/apuntesdesanluis.com\/index.php\/2025\/03\/29\/merlo-sancionan-a-hotel-por-declarar-menos-camas-y-clausuran-comercio\/#breadcrumb"},"inLanguage":"es-AR","potentialAction":[{"@type":"ReadAction","target":["https:\/\/apuntesdesanluis.com\/index.php\/2025\/03\/29\/merlo-sancionan-a-hotel-por-declarar-menos-camas-y-clausuran-comercio\/"]}]},{"@type":"ImageObject","inLanguage":"es-AR","@id":"https:\/\/apuntesdesanluis.com\/index.php\/2025\/03\/29\/merlo-sancionan-a-hotel-por-declarar-menos-camas-y-clausuran-comercio\/#primaryimage","url":"https:\/\/apuntesdesanluis.com\/wp-content\/uploads\/2025\/03\/HOTEL.jpg","contentUrl":"https:\/\/apuntesdesanluis.com\/wp-content\/uploads\/2025\/03\/HOTEL.jpg","width":800,"height":518},{"@type":"BreadcrumbList","@id":"https:\/\/apuntesdesanluis.com\/index.php\/2025\/03\/29\/merlo-sancionan-a-hotel-por-declarar-menos-camas-y-clausuran-comercio\/#breadcrumb","itemListElement":[{"@type":"ListItem","position":1,"name":"Inicio","item":"https:\/\/apuntesdesanluis.com\/"},{"@type":"ListItem","position":2,"name":"MERLO: SANCIONAN A HOTEL POR DECLARAR MENOS CAMAS Y CLAUSURAN COMERCIO"}]},{"@type":"WebSite","@id":"https:\/\/apuntesdesanluis.com\/#website","url":"https:\/\/apuntesdesanluis.com\/","name":"Apuntes de San Luis","description":"","publisher":{"@id":"https:\/\/apuntesdesanluis.com\/#\/schema\/person\/b55151d52296fcce64d1a72538a70b90"},"potentialAction":[{"@type":"SearchAction","target":{"@type":"EntryPoint","urlTemplate":"https:\/\/apuntesdesanluis.com\/?s={search_term_string}"},"query-input":{"@type":"PropertyValueSpecification","valueRequired":true,"valueName":"search_term_string"}}],"inLanguage":"es-AR"},{"@type":["Person","Organization"],"@id":"https:\/\/apuntesdesanluis.com\/#\/schema\/person\/b55151d52296fcce64d1a72538a70b90","name":"apuntesdesanluis.com","image":{"@type":"ImageObject","inLanguage":"es-AR","@id":"https:\/\/apuntesdesanluis.com\/#\/schema\/person\/image\/","url":"https:\/\/apuntesdesanluis.com\/wp-content\/uploads\/2023\/07\/cropped-apuntesdesanluis.png","contentUrl":"https:\/\/apuntesdesanluis.com\/wp-content\/uploads\/2023\/07\/cropped-apuntesdesanluis.png","width":450,"height":112,"caption":"apuntesdesanluis.com"},"logo":{"@id":"https:\/\/apuntesdesanluis.com\/#\/schema\/person\/image\/"},"sameAs":["https:\/\/apuntesdesanluis.com"],"url":"https:\/\/apuntesdesanluis.com\/index.php\/author\/apuntesdesanluis-com\/"}]}},"featured_image_urls":{"full":["https:\/\/apuntesdesanluis.com\/wp-content\/uploads\/2025\/03\/HOTEL.jpg",800,518,false],"thumbnail":["https:\/\/apuntesdesanluis.com\/wp-content\/uploads\/2025\/03\/HOTEL-150x150.jpg",150,150,true],"medium":["https:\/\/apuntesdesanluis.com\/wp-content\/uploads\/2025\/03\/HOTEL-300x194.jpg",300,194,true],"medium_large":["https:\/\/apuntesdesanluis.com\/wp-content\/uploads\/2025\/03\/HOTEL-768x497.jpg",640,414,true],"large":["https:\/\/apuntesdesanluis.com\/wp-content\/uploads\/2025\/03\/HOTEL.jpg",640,414,false],"1536x1536":["https:\/\/apuntesdesanluis.com\/wp-content\/uploads\/2025\/03\/HOTEL.jpg",800,518,false],"2048x2048":["https:\/\/apuntesdesanluis.com\/wp-content\/uploads\/2025\/03\/HOTEL.jpg",800,518,false],"newsever-slider-full":["https:\/\/apuntesdesanluis.com\/wp-content\/uploads\/2025\/03\/HOTEL.jpg",800,518,false],"newsever-featured":["https:\/\/apuntesdesanluis.com\/wp-content\/uploads\/2025\/03\/HOTEL.jpg",800,518,false],"newsever-medium":["https:\/\/apuntesdesanluis.com\/wp-content\/uploads\/2025\/03\/HOTEL-720x475.jpg",720,475,true]},"author_info":{"display_name":"apuntesdesanluis.com","author_link":"https:\/\/apuntesdesanluis.com\/index.php\/author\/apuntesdesanluis-com\/"},"category_info":"<a href=\"https:\/\/apuntesdesanluis.com\/index.php\/category\/ciudad-provincia\/\" rel=\"category tag\">Ciudad\/Provincia<\/a>","tag_info":"Ciudad\/Provincia","comment_count":"0","_links":{"self":[{"href":"https:\/\/apuntesdesanluis.com\/index.php\/wp-json\/wp\/v2\/posts\/31000","targetHints":{"allow":["GET"]}}],"collection":[{"href":"https:\/\/apuntesdesanluis.com\/index.php\/wp-json\/wp\/v2\/posts"}],"about":[{"href":"https:\/\/apuntesdesanluis.com\/index.php\/wp-json\/wp\/v2\/types\/post"}],"author":[{"embeddable":true,"href":"https:\/\/apuntesdesanluis.com\/index.php\/wp-json\/wp\/v2\/users\/1"}],"replies":[{"embeddable":true,"href":"https:\/\/apuntesdesanluis.com\/index.php\/wp-json\/wp\/v2\/comments?post=31000"}],"version-history":[{"count":1,"href":"https:\/\/apuntesdesanluis.com\/index.php\/wp-json\/wp\/v2\/posts\/31000\/revisions"}],"predecessor-version":[{"id":31004,"href":"https:\/\/apuntesdesanluis.com\/index.php\/wp-json\/wp\/v2\/posts\/31000\/revisions\/31004"}],"wp:featuredmedia":[{"embeddable":true,"href":"https:\/\/apuntesdesanluis.com\/index.php\/wp-json\/wp\/v2\/media\/31001"}],"wp:attachment":[{"href":"https:\/\/apuntesdesanluis.com\/index.php\/wp-json\/wp\/v2\/media?parent=31000"}],"wp:term":[{"taxonomy":"category","embeddable":true,"href":"https:\/\/apuntesdesanluis.com\/index.php\/wp-json\/wp\/v2\/categories?post=31000"},{"taxonomy":"post_tag","embeddable":true,"href":"https:\/\/apuntesdesanluis.com\/index.php\/wp-json\/wp\/v2\/tags?post=31000"}],"curies":[{"name":"wp","href":"https:\/\/api.w.org\/{rel}","templated":true}]}}