{"id":31005,"date":"2025-03-29T19:58:06","date_gmt":"2025-03-29T22:58:06","guid":{"rendered":"https:\/\/apuntesdesanluis.com\/?p=31005"},"modified":"2025-03-29T20:01:46","modified_gmt":"2025-03-29T23:01:46","slug":"los-hermanos-villegas-siguen-haciendo-historia-en-el-atletismo-nacional","status":"publish","type":"post","link":"https:\/\/apuntesdesanluis.com\/index.php\/2025\/03\/29\/los-hermanos-villegas-siguen-haciendo-historia-en-el-atletismo-nacional\/","title":{"rendered":"LOS HERMANOS VILLEGAS SIGUEN HACIENDO HISTORIA EN EL ATLETISMO NACIONAL"},"content":{"rendered":"<h3>Este s\u00e1bado <strong>Tom\u00e1s Villegas<\/strong> se consagr\u00f3 campe\u00f3n en los 100 metros, marcando un nuevo r\u00e9cord en el <strong>105\u00b0 Campeonato Nacional de Mayores<\/strong>, que se disputa en Concepci\u00f3n del Uruguay (Entre R\u00edos), en tanto su hermano <strong>Lucas<\/strong> fue 4to.<\/h3>\n<p><img fetchpriority=\"high\" decoding=\"async\" class=\"wp-image-31009 aligncenter\" src=\"https:\/\/apuntesdesanluis.com\/wp-content\/uploads\/2025\/03\/campeonato-245x300.png\" alt=\"\" width=\"640\" height=\"784\" srcset=\"https:\/\/apuntesdesanluis.com\/wp-content\/uploads\/2025\/03\/campeonato-245x300.png 245w, https:\/\/apuntesdesanluis.com\/wp-content\/uploads\/2025\/03\/campeonato.png 481w\" sizes=\"(max-width: 640px) 100vw, 640px\" \/><\/p>\n<h3>Con la organizaci\u00f3n de la Federaci\u00f3n Atl\u00e9tica de Entre R\u00edos, el certamen se desarrolla en la sede del fant\u00e1stico solado sint\u00e9tico del Centro de Educaci\u00f3n F\u00edsica N\u00b0 \u201cHugo Mario La Nasa\u201d.<\/h3>\n<p><img decoding=\"async\" class=\"wp-image-31007 aligncenter\" src=\"https:\/\/apuntesdesanluis.com\/wp-content\/uploads\/2025\/03\/hermanos-villegas-251x300.jpg\" alt=\"\" width=\"620\" height=\"741\" srcset=\"https:\/\/apuntesdesanluis.com\/wp-content\/uploads\/2025\/03\/hermanos-villegas-251x300.jpg 251w, https:\/\/apuntesdesanluis.com\/wp-content\/uploads\/2025\/03\/hermanos-villegas.jpg 641w\" sizes=\"(max-width: 620px) 100vw, 620px\" \/><\/p>\n<h3>Los villamercedinos se lucieron: Tom\u00e1s, estudiante de Programador Universitario de Sistemas de la UNViMe, estableci\u00f3 la segunda mejor marca en la historia de nuestro pa\u00eds y clasific\u00f3 campe\u00f3n en los 100 metros, con un tiempo de 10.21. En tanto que Lucas, estudiante de la Tecnicatura en Agroalimentos, obtuvo tambi\u00e9n una destacada marca, con 10.39.<\/h3>\n<h3>El pasado 15 de marzo Tom\u00e1s particip\u00f3 del Open Nacional disputado en Paraguay y clasific\u00f3 1\u00b0 en su serie de 100 m, con un registro de 10.37 seg (hasta all\u00ed su mejor marca personal), y se consagr\u00f3 en la final de los 100 metros llanos, estableciendo un tiempo de 10.29 segundos.<\/h3>\n<h3>Los atletas representan a la Asociaci\u00f3n Mercedes Pista y Campo de Villa Mercedes y son acompa\u00f1ados por el profesor Mario Quiroga, docente de la Licenciatura en Actividad F\u00edsica de la UNViMe.<\/h3>\n<p><img decoding=\"async\" class=\"wp-image-31008 aligncenter\" src=\"https:\/\/apuntesdesanluis.com\/wp-content\/uploads\/2025\/03\/Mario-Quieroga-con-los-hermanos-villegas-300x269.jpg\" alt=\"\" width=\"730\" height=\"655\" srcset=\"https:\/\/apuntesdesanluis.com\/wp-content\/uploads\/2025\/03\/Mario-Quieroga-con-los-hermanos-villegas-300x269.jpg 300w, https:\/\/apuntesdesanluis.com\/wp-content\/uploads\/2025\/03\/Mario-Quieroga-con-los-hermanos-villegas.jpg 700w\" sizes=\"(max-width: 730px) 100vw, 730px\" \/><\/p>\n<h3>La 105\u00b0 edici\u00f3n de los Campeonatos Nacionales de mayores es una cita importante, de cara a los compromisos internacionales de este 2025. Por un lado, los atletas buscan sellar un lugar en la n\u00f3mina definitiva para representar a la Argentina en el Campeonato Sudamericano que se disputar\u00e1 del 25 al 27 de abril en Mar del Plata; \u00a0por otro, entrega puntos importantes para el ranking con vistas al Campeonato Mundial Outdoor de Tokio, a disputarse en septiembre.<\/h3>\n<h3><span style=\"color: #3366ff;\">Ver:\u00a0<\/span><\/h3>\n<p><a href=\"https:\/\/www.instagram.com\/reel\/DHzIDrfODaj\/?igsh=dXB1c3lzZXRnb2g3\" target=\"_blank\" rel=\"noopener\"><img loading=\"lazy\" decoding=\"async\" class=\"wp-image-31010 aligncenter\" src=\"https:\/\/apuntesdesanluis.com\/wp-content\/uploads\/2025\/03\/corriendo-178x300.png\" alt=\"\" width=\"461\" height=\"777\" srcset=\"https:\/\/apuntesdesanluis.com\/wp-content\/uploads\/2025\/03\/corriendo-178x300.png 178w, https:\/\/apuntesdesanluis.com\/wp-content\/uploads\/2025\/03\/corriendo.png 423w\" sizes=\"(max-width: 461px) 100vw, 461px\" \/><\/a><\/p>\n<p>&nbsp;<\/p>\n<p>&nbsp;<\/p>\n<p>&nbsp;<\/p>\n<h3><\/h3>\n<h3><\/h3>\n<p>&nbsp;<\/p>\n","protected":false},"excerpt":{"rendered":"<p>Este s\u00e1bado Tom\u00e1s Villegas se consagr\u00f3 campe\u00f3n en los 100 metros, marcando un nuevo r\u00e9cord&#8230;<\/p>\n","protected":false},"author":1,"featured_media":31006,"comment_status":"closed","ping_status":"closed","sticky":false,"template":"","format":"standard","meta":{"footnotes":""},"categories":[6,8],"tags":[],"class_list":["post-31005","post","type-post","status-publish","format-standard","has-post-thumbnail","hentry","category-ciudad-provincia","category-deportes"],"yoast_head":"<!-- This site is optimized with the Yoast SEO plugin v26.1.1 - https:\/\/yoast.com\/wordpress\/plugins\/seo\/ -->\n<title>LOS HERMANOS VILLEGAS SIGUEN HACIENDO HISTORIA EN EL ATLETISMO NACIONAL - Apuntes de San Luis<\/title>\n<meta name=\"robots\" content=\"index, follow, max-snippet:-1, max-image-preview:large, max-video-preview:-1\" \/>\n<link rel=\"canonical\" href=\"https:\/\/apuntesdesanluis.com\/index.php\/2025\/03\/29\/los-hermanos-villegas-siguen-haciendo-historia-en-el-atletismo-nacional\/\" \/>\n<meta property=\"og:locale\" content=\"es_ES\" \/>\n<meta property=\"og:type\" content=\"article\" \/>\n<meta property=\"og:title\" content=\"LOS HERMANOS VILLEGAS SIGUEN HACIENDO HISTORIA EN EL ATLETISMO NACIONAL - Apuntes de San Luis\" \/>\n<meta property=\"og:description\" content=\"Este s\u00e1bado Tom\u00e1s Villegas se consagr\u00f3 campe\u00f3n en los 100 metros, marcando un nuevo r\u00e9cord...\" \/>\n<meta property=\"og:url\" content=\"https:\/\/apuntesdesanluis.com\/index.php\/2025\/03\/29\/los-hermanos-villegas-siguen-haciendo-historia-en-el-atletismo-nacional\/\" \/>\n<meta property=\"og:site_name\" content=\"Apuntes de San Luis\" \/>\n<meta property=\"article:published_time\" content=\"2025-03-29T22:58:06+00:00\" \/>\n<meta property=\"article:modified_time\" content=\"2025-03-29T23:01:46+00:00\" \/>\n<meta property=\"og:image\" content=\"https:\/\/apuntesdesanluis.com\/wp-content\/uploads\/2025\/03\/villegas.jpg\" \/>\n\t<meta property=\"og:image:width\" content=\"604\" \/>\n\t<meta property=\"og:image:height\" content=\"475\" \/>\n\t<meta property=\"og:image:type\" content=\"image\/jpeg\" \/>\n<meta name=\"author\" content=\"apuntesdesanluis.com\" \/>\n<meta name=\"twitter:card\" content=\"summary_large_image\" \/>\n<meta name=\"twitter:label1\" content=\"Escrito por\" \/>\n\t<meta name=\"twitter:data1\" content=\"apuntesdesanluis.com\" \/>\n\t<meta name=\"twitter:label2\" content=\"Tiempo de lectura\" \/>\n\t<meta name=\"twitter:data2\" content=\"3 minutos\" \/>\n<script type=\"application\/ld+json\" class=\"yoast-schema-graph\">{\"@context\":\"https:\/\/schema.org\",\"@graph\":[{\"@type\":\"Article\",\"@id\":\"https:\/\/apuntesdesanluis.com\/index.php\/2025\/03\/29\/los-hermanos-villegas-siguen-haciendo-historia-en-el-atletismo-nacional\/#article\",\"isPartOf\":{\"@id\":\"https:\/\/apuntesdesanluis.com\/index.php\/2025\/03\/29\/los-hermanos-villegas-siguen-haciendo-historia-en-el-atletismo-nacional\/\"},\"author\":{\"name\":\"apuntesdesanluis.com\",\"@id\":\"https:\/\/apuntesdesanluis.com\/#\/schema\/person\/b55151d52296fcce64d1a72538a70b90\"},\"headline\":\"LOS HERMANOS VILLEGAS SIGUEN HACIENDO HISTORIA EN EL ATLETISMO NACIONAL\",\"datePublished\":\"2025-03-29T22:58:06+00:00\",\"dateModified\":\"2025-03-29T23:01:46+00:00\",\"mainEntityOfPage\":{\"@id\":\"https:\/\/apuntesdesanluis.com\/index.php\/2025\/03\/29\/los-hermanos-villegas-siguen-haciendo-historia-en-el-atletismo-nacional\/\"},\"wordCount\":306,\"publisher\":{\"@id\":\"https:\/\/apuntesdesanluis.com\/#\/schema\/person\/b55151d52296fcce64d1a72538a70b90\"},\"image\":{\"@id\":\"https:\/\/apuntesdesanluis.com\/index.php\/2025\/03\/29\/los-hermanos-villegas-siguen-haciendo-historia-en-el-atletismo-nacional\/#primaryimage\"},\"thumbnailUrl\":\"https:\/\/apuntesdesanluis.com\/wp-content\/uploads\/2025\/03\/villegas.jpg\",\"articleSection\":[\"Ciudad\/Provincia\",\"Deportes\"],\"inLanguage\":\"es-AR\"},{\"@type\":\"WebPage\",\"@id\":\"https:\/\/apuntesdesanluis.com\/index.php\/2025\/03\/29\/los-hermanos-villegas-siguen-haciendo-historia-en-el-atletismo-nacional\/\",\"url\":\"https:\/\/apuntesdesanluis.com\/index.php\/2025\/03\/29\/los-hermanos-villegas-siguen-haciendo-historia-en-el-atletismo-nacional\/\",\"name\":\"LOS HERMANOS VILLEGAS SIGUEN HACIENDO HISTORIA EN EL ATLETISMO NACIONAL - Apuntes de San Luis\",\"isPartOf\":{\"@id\":\"https:\/\/apuntesdesanluis.com\/#website\"},\"primaryImageOfPage\":{\"@id\":\"https:\/\/apuntesdesanluis.com\/index.php\/2025\/03\/29\/los-hermanos-villegas-siguen-haciendo-historia-en-el-atletismo-nacional\/#primaryimage\"},\"image\":{\"@id\":\"https:\/\/apuntesdesanluis.com\/index.php\/2025\/03\/29\/los-hermanos-villegas-siguen-haciendo-historia-en-el-atletismo-nacional\/#primaryimage\"},\"thumbnailUrl\":\"https:\/\/apuntesdesanluis.com\/wp-content\/uploads\/2025\/03\/villegas.jpg\",\"datePublished\":\"2025-03-29T22:58:06+00:00\",\"dateModified\":\"2025-03-29T23:01:46+00:00\",\"breadcrumb\":{\"@id\":\"https:\/\/apuntesdesanluis.com\/index.php\/2025\/03\/29\/los-hermanos-villegas-siguen-haciendo-historia-en-el-atletismo-nacional\/#breadcrumb\"},\"inLanguage\":\"es-AR\",\"potentialAction\":[{\"@type\":\"ReadAction\",\"target\":[\"https:\/\/apuntesdesanluis.com\/index.php\/2025\/03\/29\/los-hermanos-villegas-siguen-haciendo-historia-en-el-atletismo-nacional\/\"]}]},{\"@type\":\"ImageObject\",\"inLanguage\":\"es-AR\",\"@id\":\"https:\/\/apuntesdesanluis.com\/index.php\/2025\/03\/29\/los-hermanos-villegas-siguen-haciendo-historia-en-el-atletismo-nacional\/#primaryimage\",\"url\":\"https:\/\/apuntesdesanluis.com\/wp-content\/uploads\/2025\/03\/villegas.jpg\",\"contentUrl\":\"https:\/\/apuntesdesanluis.com\/wp-content\/uploads\/2025\/03\/villegas.jpg\",\"width\":604,\"height\":475},{\"@type\":\"BreadcrumbList\",\"@id\":\"https:\/\/apuntesdesanluis.com\/index.php\/2025\/03\/29\/los-hermanos-villegas-siguen-haciendo-historia-en-el-atletismo-nacional\/#breadcrumb\",\"itemListElement\":[{\"@type\":\"ListItem\",\"position\":1,\"name\":\"Inicio\",\"item\":\"https:\/\/apuntesdesanluis.com\/\"},{\"@type\":\"ListItem\",\"position\":2,\"name\":\"LOS HERMANOS VILLEGAS SIGUEN HACIENDO HISTORIA EN EL ATLETISMO NACIONAL\"}]},{\"@type\":\"WebSite\",\"@id\":\"https:\/\/apuntesdesanluis.com\/#website\",\"url\":\"https:\/\/apuntesdesanluis.com\/\",\"name\":\"Apuntes de San Luis\",\"description\":\"\",\"publisher\":{\"@id\":\"https:\/\/apuntesdesanluis.com\/#\/schema\/person\/b55151d52296fcce64d1a72538a70b90\"},\"potentialAction\":[{\"@type\":\"SearchAction\",\"target\":{\"@type\":\"EntryPoint\",\"urlTemplate\":\"https:\/\/apuntesdesanluis.com\/?s={search_term_string}\"},\"query-input\":{\"@type\":\"PropertyValueSpecification\",\"valueRequired\":true,\"valueName\":\"search_term_string\"}}],\"inLanguage\":\"es-AR\"},{\"@type\":[\"Person\",\"Organization\"],\"@id\":\"https:\/\/apuntesdesanluis.com\/#\/schema\/person\/b55151d52296fcce64d1a72538a70b90\",\"name\":\"apuntesdesanluis.com\",\"image\":{\"@type\":\"ImageObject\",\"inLanguage\":\"es-AR\",\"@id\":\"https:\/\/apuntesdesanluis.com\/#\/schema\/person\/image\/\",\"url\":\"https:\/\/apuntesdesanluis.com\/wp-content\/uploads\/2023\/07\/cropped-apuntesdesanluis.png\",\"contentUrl\":\"https:\/\/apuntesdesanluis.com\/wp-content\/uploads\/2023\/07\/cropped-apuntesdesanluis.png\",\"width\":450,\"height\":112,\"caption\":\"apuntesdesanluis.com\"},\"logo\":{\"@id\":\"https:\/\/apuntesdesanluis.com\/#\/schema\/person\/image\/\"},\"sameAs\":[\"https:\/\/apuntesdesanluis.com\"],\"url\":\"https:\/\/apuntesdesanluis.com\/index.php\/author\/apuntesdesanluis-com\/\"}]}<\/script>\n<!-- \/ Yoast SEO plugin. -->","yoast_head_json":{"title":"LOS HERMANOS VILLEGAS SIGUEN HACIENDO HISTORIA EN EL ATLETISMO NACIONAL - Apuntes de San Luis","robots":{"index":"index","follow":"follow","max-snippet":"max-snippet:-1","max-image-preview":"max-image-preview:large","max-video-preview":"max-video-preview:-1"},"canonical":"https:\/\/apuntesdesanluis.com\/index.php\/2025\/03\/29\/los-hermanos-villegas-siguen-haciendo-historia-en-el-atletismo-nacional\/","og_locale":"es_ES","og_type":"article","og_title":"LOS HERMANOS VILLEGAS SIGUEN HACIENDO HISTORIA EN EL ATLETISMO NACIONAL - Apuntes de San Luis","og_description":"Este s\u00e1bado Tom\u00e1s Villegas se consagr\u00f3 campe\u00f3n en los 100 metros, marcando un nuevo r\u00e9cord...","og_url":"https:\/\/apuntesdesanluis.com\/index.php\/2025\/03\/29\/los-hermanos-villegas-siguen-haciendo-historia-en-el-atletismo-nacional\/","og_site_name":"Apuntes de San Luis","article_published_time":"2025-03-29T22:58:06+00:00","article_modified_time":"2025-03-29T23:01:46+00:00","og_image":[{"width":604,"height":475,"url":"https:\/\/apuntesdesanluis.com\/wp-content\/uploads\/2025\/03\/villegas.jpg","type":"image\/jpeg"}],"author":"apuntesdesanluis.com","twitter_card":"summary_large_image","twitter_misc":{"Escrito por":"apuntesdesanluis.com","Tiempo de lectura":"3 minutos"},"schema":{"@context":"https:\/\/schema.org","@graph":[{"@type":"Article","@id":"https:\/\/apuntesdesanluis.com\/index.php\/2025\/03\/29\/los-hermanos-villegas-siguen-haciendo-historia-en-el-atletismo-nacional\/#article","isPartOf":{"@id":"https:\/\/apuntesdesanluis.com\/index.php\/2025\/03\/29\/los-hermanos-villegas-siguen-haciendo-historia-en-el-atletismo-nacional\/"},"author":{"name":"apuntesdesanluis.com","@id":"https:\/\/apuntesdesanluis.com\/#\/schema\/person\/b55151d52296fcce64d1a72538a70b90"},"headline":"LOS HERMANOS VILLEGAS SIGUEN HACIENDO HISTORIA EN EL ATLETISMO NACIONAL","datePublished":"2025-03-29T22:58:06+00:00","dateModified":"2025-03-29T23:01:46+00:00","mainEntityOfPage":{"@id":"https:\/\/apuntesdesanluis.com\/index.php\/2025\/03\/29\/los-hermanos-villegas-siguen-haciendo-historia-en-el-atletismo-nacional\/"},"wordCount":306,"publisher":{"@id":"https:\/\/apuntesdesanluis.com\/#\/schema\/person\/b55151d52296fcce64d1a72538a70b90"},"image":{"@id":"https:\/\/apuntesdesanluis.com\/index.php\/2025\/03\/29\/los-hermanos-villegas-siguen-haciendo-historia-en-el-atletismo-nacional\/#primaryimage"},"thumbnailUrl":"https:\/\/apuntesdesanluis.com\/wp-content\/uploads\/2025\/03\/villegas.jpg","articleSection":["Ciudad\/Provincia","Deportes"],"inLanguage":"es-AR"},{"@type":"WebPage","@id":"https:\/\/apuntesdesanluis.com\/index.php\/2025\/03\/29\/los-hermanos-villegas-siguen-haciendo-historia-en-el-atletismo-nacional\/","url":"https:\/\/apuntesdesanluis.com\/index.php\/2025\/03\/29\/los-hermanos-villegas-siguen-haciendo-historia-en-el-atletismo-nacional\/","name":"LOS HERMANOS VILLEGAS SIGUEN HACIENDO HISTORIA EN EL ATLETISMO NACIONAL - Apuntes de San Luis","isPartOf":{"@id":"https:\/\/apuntesdesanluis.com\/#website"},"primaryImageOfPage":{"@id":"https:\/\/apuntesdesanluis.com\/index.php\/2025\/03\/29\/los-hermanos-villegas-siguen-haciendo-historia-en-el-atletismo-nacional\/#primaryimage"},"image":{"@id":"https:\/\/apuntesdesanluis.com\/index.php\/2025\/03\/29\/los-hermanos-villegas-siguen-haciendo-historia-en-el-atletismo-nacional\/#primaryimage"},"thumbnailUrl":"https:\/\/apuntesdesanluis.com\/wp-content\/uploads\/2025\/03\/villegas.jpg","datePublished":"2025-03-29T22:58:06+00:00","dateModified":"2025-03-29T23:01:46+00:00","breadcrumb":{"@id":"https:\/\/apuntesdesanluis.com\/index.php\/2025\/03\/29\/los-hermanos-villegas-siguen-haciendo-historia-en-el-atletismo-nacional\/#breadcrumb"},"inLanguage":"es-AR","potentialAction":[{"@type":"ReadAction","target":["https:\/\/apuntesdesanluis.com\/index.php\/2025\/03\/29\/los-hermanos-villegas-siguen-haciendo-historia-en-el-atletismo-nacional\/"]}]},{"@type":"ImageObject","inLanguage":"es-AR","@id":"https:\/\/apuntesdesanluis.com\/index.php\/2025\/03\/29\/los-hermanos-villegas-siguen-haciendo-historia-en-el-atletismo-nacional\/#primaryimage","url":"https:\/\/apuntesdesanluis.com\/wp-content\/uploads\/2025\/03\/villegas.jpg","contentUrl":"https:\/\/apuntesdesanluis.com\/wp-content\/uploads\/2025\/03\/villegas.jpg","width":604,"height":475},{"@type":"BreadcrumbList","@id":"https:\/\/apuntesdesanluis.com\/index.php\/2025\/03\/29\/los-hermanos-villegas-siguen-haciendo-historia-en-el-atletismo-nacional\/#breadcrumb","itemListElement":[{"@type":"ListItem","position":1,"name":"Inicio","item":"https:\/\/apuntesdesanluis.com\/"},{"@type":"ListItem","position":2,"name":"LOS HERMANOS VILLEGAS SIGUEN HACIENDO HISTORIA EN EL ATLETISMO NACIONAL"}]},{"@type":"WebSite","@id":"https:\/\/apuntesdesanluis.com\/#website","url":"https:\/\/apuntesdesanluis.com\/","name":"Apuntes de San Luis","description":"","publisher":{"@id":"https:\/\/apuntesdesanluis.com\/#\/schema\/person\/b55151d52296fcce64d1a72538a70b90"},"potentialAction":[{"@type":"SearchAction","target":{"@type":"EntryPoint","urlTemplate":"https:\/\/apuntesdesanluis.com\/?s={search_term_string}"},"query-input":{"@type":"PropertyValueSpecification","valueRequired":true,"valueName":"search_term_string"}}],"inLanguage":"es-AR"},{"@type":["Person","Organization"],"@id":"https:\/\/apuntesdesanluis.com\/#\/schema\/person\/b55151d52296fcce64d1a72538a70b90","name":"apuntesdesanluis.com","image":{"@type":"ImageObject","inLanguage":"es-AR","@id":"https:\/\/apuntesdesanluis.com\/#\/schema\/person\/image\/","url":"https:\/\/apuntesdesanluis.com\/wp-content\/uploads\/2023\/07\/cropped-apuntesdesanluis.png","contentUrl":"https:\/\/apuntesdesanluis.com\/wp-content\/uploads\/2023\/07\/cropped-apuntesdesanluis.png","width":450,"height":112,"caption":"apuntesdesanluis.com"},"logo":{"@id":"https:\/\/apuntesdesanluis.com\/#\/schema\/person\/image\/"},"sameAs":["https:\/\/apuntesdesanluis.com"],"url":"https:\/\/apuntesdesanluis.com\/index.php\/author\/apuntesdesanluis-com\/"}]}},"featured_image_urls":{"full":["https:\/\/apuntesdesanluis.com\/wp-content\/uploads\/2025\/03\/villegas.jpg",604,475,false],"thumbnail":["https:\/\/apuntesdesanluis.com\/wp-content\/uploads\/2025\/03\/villegas-150x150.jpg",150,150,true],"medium":["https:\/\/apuntesdesanluis.com\/wp-content\/uploads\/2025\/03\/villegas-300x236.jpg",300,236,true],"medium_large":["https:\/\/apuntesdesanluis.com\/wp-content\/uploads\/2025\/03\/villegas.jpg",604,475,false],"large":["https:\/\/apuntesdesanluis.com\/wp-content\/uploads\/2025\/03\/villegas.jpg",604,475,false],"1536x1536":["https:\/\/apuntesdesanluis.com\/wp-content\/uploads\/2025\/03\/villegas.jpg",604,475,false],"2048x2048":["https:\/\/apuntesdesanluis.com\/wp-content\/uploads\/2025\/03\/villegas.jpg",604,475,false],"newsever-slider-full":["https:\/\/apuntesdesanluis.com\/wp-content\/uploads\/2025\/03\/villegas.jpg",604,475,false],"newsever-featured":["https:\/\/apuntesdesanluis.com\/wp-content\/uploads\/2025\/03\/villegas.jpg",604,475,false],"newsever-medium":["https:\/\/apuntesdesanluis.com\/wp-content\/uploads\/2025\/03\/villegas.jpg",604,475,false]},"author_info":{"display_name":"apuntesdesanluis.com","author_link":"https:\/\/apuntesdesanluis.com\/index.php\/author\/apuntesdesanluis-com\/"},"category_info":"<a href=\"https:\/\/apuntesdesanluis.com\/index.php\/category\/ciudad-provincia\/\" rel=\"category tag\">Ciudad\/Provincia<\/a> <a href=\"https:\/\/apuntesdesanluis.com\/index.php\/category\/deportes\/\" rel=\"category tag\">Deportes<\/a>","tag_info":"Deportes","comment_count":"0","_links":{"self":[{"href":"https:\/\/apuntesdesanluis.com\/index.php\/wp-json\/wp\/v2\/posts\/31005","targetHints":{"allow":["GET"]}}],"collection":[{"href":"https:\/\/apuntesdesanluis.com\/index.php\/wp-json\/wp\/v2\/posts"}],"about":[{"href":"https:\/\/apuntesdesanluis.com\/index.php\/wp-json\/wp\/v2\/types\/post"}],"author":[{"embeddable":true,"href":"https:\/\/apuntesdesanluis.com\/index.php\/wp-json\/wp\/v2\/users\/1"}],"replies":[{"embeddable":true,"href":"https:\/\/apuntesdesanluis.com\/index.php\/wp-json\/wp\/v2\/comments?post=31005"}],"version-history":[{"count":2,"href":"https:\/\/apuntesdesanluis.com\/index.php\/wp-json\/wp\/v2\/posts\/31005\/revisions"}],"predecessor-version":[{"id":31012,"href":"https:\/\/apuntesdesanluis.com\/index.php\/wp-json\/wp\/v2\/posts\/31005\/revisions\/31012"}],"wp:featuredmedia":[{"embeddable":true,"href":"https:\/\/apuntesdesanluis.com\/index.php\/wp-json\/wp\/v2\/media\/31006"}],"wp:attachment":[{"href":"https:\/\/apuntesdesanluis.com\/index.php\/wp-json\/wp\/v2\/media?parent=31005"}],"wp:term":[{"taxonomy":"category","embeddable":true,"href":"https:\/\/apuntesdesanluis.com\/index.php\/wp-json\/wp\/v2\/categories?post=31005"},{"taxonomy":"post_tag","embeddable":true,"href":"https:\/\/apuntesdesanluis.com\/index.php\/wp-json\/wp\/v2\/tags?post=31005"}],"curies":[{"name":"wp","href":"https:\/\/api.w.org\/{rel}","templated":true}]}}