{"id":3103,"date":"2023-09-11T19:05:14","date_gmt":"2023-09-11T22:05:14","guid":{"rendered":"https:\/\/apuntesdesanluis.com\/?p=3103"},"modified":"2023-09-11T20:03:49","modified_gmt":"2023-09-11T23:03:49","slug":"subiran-el-minimo-de-ganancias-y-solo-pagaran-quienes-cobren-mas-de-1-770-000-mensuales","status":"publish","type":"post","link":"https:\/\/apuntesdesanluis.com\/index.php\/2023\/09\/11\/subiran-el-minimo-de-ganancias-y-solo-pagaran-quienes-cobren-mas-de-1-770-000-mensuales\/","title":{"rendered":"SUBIR\u00c1N EL M\u00cdNIMO DE GANANCIAS Y SOLO PAGAR\u00c1N QUIENES COBREN M\u00c1S DE $1.770.000 MENSUALES"},"content":{"rendered":"<h3 class=\"yiv7409174924ydp6329976emsonormal\" style=\"text-align: justify; background: white;\"><span style=\"font-family: 'Arial','sans-serif'; color: #1d2228;\">El ministro de Econom\u00eda anunci\u00f3 el env\u00edo al Congreso Nacional de un proyecto de ley que &#8220;elimina la cuarta categor\u00eda para todos los trabajadores y jubilados de la Argentina&#8221;. El piso del gravamen se actualizar\u00e1 de manera semestral. &#8220;Mi presidencia va a estar marcada por la recuperaci\u00f3n del salario&#8221;, asegur\u00f3. <\/span><\/h3>\n<h3 class=\"yiv7409174924ydp6329976emsonormal\" style=\"text-align: justify; background: white;\"><span style=\"font-family: 'Arial','sans-serif'; color: #1d2228;\">El ministro de Econom\u00eda, <strong>Sergio Massa<\/strong>, anunci\u00f3 este lunes en Plaza de Mayo ante una multitud de trabajadores que a partir del 1 de octubre pr\u00f3ximo el nuevo piso del Impuesto a las Ganancias subir\u00e1 hasta $1.770.000 mensuales, lo que reducir\u00e1 su impacto en los sueldos y las jubilaciones, todo con ajustes semestrales.<\/span><\/h3>\n<h3 class=\"yiv7409174924ydp6329976emsonormal\" style=\"text-align: justify; background: white;\"><span style=\"font-family: 'Arial','sans-serif'; color: #1d2228;\">As\u00ed lo hizo tras un encuentro que mantuvo en el Palacio de Hacienda con los principales dirigentes de la Confederaci\u00f3n General del Trabajo (CGT) y de la Central de Trabajadores Argentinos (CTA) y autoridades de la C\u00e1mara de Diputados, donde se precis\u00f3 que el piso ser\u00e1 equivalente a 15 Salarios M\u00ednimos Vitales y M\u00f3viles (SMVM) mensuales, actualmente en $118.000.<\/span><\/h3>\n<p><iframe title=\"Massa: &quot;Los trabajadores no pagan m\u00e1s impuesto a las ganancias&quot;\" width=\"640\" height=\"360\" src=\"https:\/\/www.youtube.com\/embed\/QMCXLGf4UKE?start=1&#038;feature=oembed\" frameborder=\"0\" allow=\"accelerometer; autoplay; clipboard-write; encrypted-media; gyroscope; picture-in-picture; web-share\" referrerpolicy=\"strict-origin-when-cross-origin\" allowfullscreen><\/iframe><\/p>\n<h3 class=\"yiv7409174924ydp6329976emsonormal\" style=\"text-align: justify; background: white;\"><span style=\"font-family: 'Arial','sans-serif'; color: #1d2228;\">&#8220;Hemos tomado la decisi\u00f3n de, por decreto, impulsar desde el 1 de octubre un m\u00ednimo no imponible de $1.770.000. En la Argentina solo van a quedar 80.000 gerentes, jubilados de privilegio o beneficiarios de altos ingresos pagando el Impuesto a las Ganancias&#8221;, asegur\u00f3 Massa en un acto en Plaza de Mayo, frente a trabajadores de los principales gremios.<\/span><\/h3>\n<h3 class=\"yiv7409174924ydp6329976emsonormal\" style=\"text-align: justify; background: white;\"><span style=\"font-family: 'Arial','sans-serif'; color: #1d2228;\">Al mismo tiempo, dijo que enviar\u00e1 al Congreso un proyecto de ley para que el nuevo piso se ajuste de manera semestral, en conformidad con la evoluci\u00f3n del SMVM, de manera que el cambio quede institucionalizado y, as\u00ed, mantener constante el porcentaje de trabajadores que pagan este gravamen.<\/span><\/h3>\n<h3 class=\"yiv7409174924ydp6329976emsonormal\" style=\"text-align: justify; background: white;\"><span style=\"font-family: 'Arial','sans-serif'; color: #1d2228;\">&#8220;Para m\u00ed, el salario no es ganancia. Es remuneraci\u00f3n, el pago por el trabajo y esfuerzo que hace cada trabajador. Tenemos que terminar con esta locura de que un trabajador no quiera hacer horas extras para no perderla en el impuesto&#8221;, asegur\u00f3 Massa.<\/span><\/h3>\n<p><img fetchpriority=\"high\" decoding=\"async\" class=\"wp-image-3105 aligncenter\" src=\"https:\/\/apuntesdesanluis.com\/wp-content\/uploads\/2023\/09\/massa-saludando-300x180.png\" alt=\"\" width=\"707\" height=\"424\" srcset=\"https:\/\/apuntesdesanluis.com\/wp-content\/uploads\/2023\/09\/massa-saludando-300x180.png 300w, https:\/\/apuntesdesanluis.com\/wp-content\/uploads\/2023\/09\/massa-saludando-768x460.png 768w, https:\/\/apuntesdesanluis.com\/wp-content\/uploads\/2023\/09\/massa-saludando.png 788w\" sizes=\"(max-width: 707px) 100vw, 707px\" \/><\/p>\n<h3 class=\"yiv7409174924ydp6329976emsonormal\" style=\"text-align: justify; background: white;\"><span style=\"font-family: 'Arial','sans-serif'; color: #1d2228;\">&#8220;Hemos decidido presentar esta ley y esperamos que tal como dijeron en las redes, aquellos opositores que hoy no nos permiten cobrarles impuestos a los que tienen su plata en el extranjero, al menos se dignen a aceptar que los trabajadores no paguen m\u00e1s el impuesto a las ganancias&#8221;, explic\u00f3<\/span><\/h3>\n<h3 class=\"yiv7409174924ydp6329976emsonormal\" style=\"text-align: justify; background: white;\"><span style=\"font-family: 'Arial','sans-serif'; color: #1d2228;\">&#8220;Era vergonzoso que en un pa\u00eds donde promovemos el trabajo, los trabajadores paguen Ganancias&#8221;, continu\u00f3 el candidato a presidente por Uni\u00f3n por la Patria, y sostuvo: &#8220;Tenemos que terminar con la locura del m\u00e9dico que no quiere hacer una guardia m\u00e1s porque la pierde en ganancias&#8221;.<\/span><\/h3>\n<h3 class=\"yiv7409174924ydp6329976emsonormal\" style=\"text-align: justify; background: white;\"><span style=\"font-family: 'Arial','sans-serif'; color: #1d2228;\">&#8220;Mi presidencia va a estar marcada por la recuperaci\u00f3n del salario&#8221;, afirm\u00f3 Massa, y dijo que &#8220;cuando uno tiene una convicci\u00f3n, tiene que predicar con el ejemplo&#8221;.<\/span><\/h3>\n<h3 class=\"yiv7409174924ydp6329976emsonormal\" style=\"text-align: justify; background: white;\"><span style=\"font-family: 'Arial','sans-serif'; color: #1d2228;\">&#8220;Argentina hoy tiene el peor cepo que puede tener un pa\u00eds, el acuerdo con el FMI tras la deuda que tom\u00f3 el gobierno de Macri&#8221;, se\u00f1al\u00f3 el titular de Hacienda.<\/span><\/h3>\n<h3 class=\"yiv7409174924ydp6329976emsonormal\" style=\"text-align: justify; background: white;\"><span style=\"font-family: 'Arial','sans-serif'; color: #1d2228;\">Sobre el final, Massa afirm\u00f3 que \u201cen los pr\u00f3ximos 45 d\u00edas se juega el futuro de la Argentina\u201d y le pidi\u00f3 a los trabajadores hacer \u201ctodo el esfuerzo posible para construir el 22 de octubre el triunfo de los trabajadores, de la Argentina y el peronismo\u201d.<\/span><\/h3>\n<h3 class=\"yiv7409174924ydp6329976emsonormal\" style=\"text-align: justify; background: white;\"><span style=\"font-family: 'Arial','sans-serif'; color: #1d2228;\">El proyecto que present\u00f3 el ministro de Econom\u00eda plantea que el Impuesto a las Ganancias (cuarta categor\u00eda) cambie de nomenclatura por la de impuesto a los &#8220;Mayores Ingresos&#8221; y que solo pagar\u00e1n unos 80.000 contribuyentes, que se corresponden con trabajos de CEOs, gerencias, subgerencias y puestos calificados, as\u00ed como jubilaciones y pensiones de privilegio, que representan menos del 1% (0,88%) del total de los empleos registrados del pa\u00eds.<\/span><\/h3>\n<h3 class=\"yiv7409174924ydp6329976emsonormal\" style=\"text-align: justify; background: white;\"><span style=\"font-family: 'Arial','sans-serif'; color: #1d2228;\">El nuevo m\u00ednimo no imponible se ajustar\u00eda en enero y julio de cada a\u00f1o -seg\u00fan establece el proyecto de ley-, y mantiene el beneficio del 22% de zona desfavorable.<\/span><\/h3>\n<h3 class=\"yiv7409174924ydp6329976emsonormal\" style=\"text-align: justify; background: white;\"><span style=\"font-family: 'Arial','sans-serif'; color: #1d2228;\">Seg\u00fan se detall\u00f3 oficialmente, se eliminar\u00e1n distorsiones de las deducciones personales y generales que obligan al trabajador a estar pendiente de cuestiones administrativas.<\/span><\/h3>\n<h3 class=\"yiv7409174924ydp6329976emsonormal\" style=\"text-align: justify; background: white;\"><span style=\"font-family: 'Arial','sans-serif'; color: #1d2228;\">Para tomar como ejemplo: un trabajador en relaci\u00f3n de dependencia con una remuneraci\u00f3n bruta mensual de $ 800.000 percib\u00eda, hasta ahora, un ingreso neto mensual de $ 550.308, ya que deb\u00eda afrontar la retenci\u00f3n de cargas sociales por $ 132.001 y el pago del impuesto a las Ganancias por $ 117.690.<\/span><\/h3>\n<h3 class=\"yiv7409174924ydp6329976emsonormal\" style=\"text-align: justify; background: white;\"><span style=\"font-family: 'Arial','sans-serif'; color: #1d2228;\">En cambio, con el nuevo m\u00ednimo no imponible, el mismo salario bruto implicar\u00e1 un ingreso neto de $ 667.999, lo que implica una mejora de $ 117.690 en el salario de bolsillo, equivalente a un incremento del 21,4%.<\/span><\/h3>\n","protected":false},"excerpt":{"rendered":"<p>El ministro de Econom\u00eda anunci\u00f3 el env\u00edo al Congreso Nacional de un proyecto de ley&#8230;<\/p>\n","protected":false},"author":1,"featured_media":3104,"comment_status":"closed","ping_status":"closed","sticky":false,"template":"","format":"standard","meta":{"footnotes":""},"categories":[5],"tags":[],"class_list":["post-3103","post","type-post","status-publish","format-standard","has-post-thumbnail","hentry","category-nacionales-internacionales"],"yoast_head":"<!-- This site is optimized with the Yoast SEO plugin v26.1.1 - https:\/\/yoast.com\/wordpress\/plugins\/seo\/ -->\n<title>SUBIR\u00c1N EL M\u00cdNIMO DE GANANCIAS Y SOLO PAGAR\u00c1N QUIENES COBREN M\u00c1S DE $1.770.000 MENSUALES - Apuntes de San Luis<\/title>\n<meta name=\"robots\" content=\"index, follow, max-snippet:-1, max-image-preview:large, max-video-preview:-1\" \/>\n<link rel=\"canonical\" href=\"https:\/\/apuntesdesanluis.com\/index.php\/2023\/09\/11\/subiran-el-minimo-de-ganancias-y-solo-pagaran-quienes-cobren-mas-de-1-770-000-mensuales\/\" \/>\n<meta property=\"og:locale\" content=\"es_ES\" \/>\n<meta property=\"og:type\" content=\"article\" \/>\n<meta property=\"og:title\" content=\"SUBIR\u00c1N EL M\u00cdNIMO DE GANANCIAS Y SOLO PAGAR\u00c1N QUIENES COBREN M\u00c1S DE $1.770.000 MENSUALES - Apuntes de San Luis\" \/>\n<meta property=\"og:description\" content=\"El ministro de Econom\u00eda anunci\u00f3 el env\u00edo al Congreso Nacional de un proyecto de ley...\" \/>\n<meta property=\"og:url\" content=\"https:\/\/apuntesdesanluis.com\/index.php\/2023\/09\/11\/subiran-el-minimo-de-ganancias-y-solo-pagaran-quienes-cobren-mas-de-1-770-000-mensuales\/\" \/>\n<meta property=\"og:site_name\" content=\"Apuntes de San Luis\" \/>\n<meta property=\"article:published_time\" content=\"2023-09-11T22:05:14+00:00\" \/>\n<meta property=\"article:modified_time\" content=\"2023-09-11T23:03:49+00:00\" \/>\n<meta property=\"og:image\" content=\"https:\/\/apuntesdesanluis.com\/wp-content\/uploads\/2023\/09\/massa.png\" \/>\n\t<meta property=\"og:image:width\" content=\"819\" \/>\n\t<meta property=\"og:image:height\" content=\"478\" \/>\n\t<meta property=\"og:image:type\" content=\"image\/png\" \/>\n<meta name=\"author\" content=\"apuntesdesanluis.com\" \/>\n<meta name=\"twitter:card\" content=\"summary_large_image\" \/>\n<meta name=\"twitter:label1\" content=\"Escrito por\" \/>\n\t<meta name=\"twitter:data1\" content=\"apuntesdesanluis.com\" \/>\n\t<meta name=\"twitter:label2\" content=\"Tiempo de lectura\" \/>\n\t<meta name=\"twitter:data2\" content=\"4 minutos\" \/>\n<script type=\"application\/ld+json\" class=\"yoast-schema-graph\">{\"@context\":\"https:\/\/schema.org\",\"@graph\":[{\"@type\":\"Article\",\"@id\":\"https:\/\/apuntesdesanluis.com\/index.php\/2023\/09\/11\/subiran-el-minimo-de-ganancias-y-solo-pagaran-quienes-cobren-mas-de-1-770-000-mensuales\/#article\",\"isPartOf\":{\"@id\":\"https:\/\/apuntesdesanluis.com\/index.php\/2023\/09\/11\/subiran-el-minimo-de-ganancias-y-solo-pagaran-quienes-cobren-mas-de-1-770-000-mensuales\/\"},\"author\":{\"name\":\"apuntesdesanluis.com\",\"@id\":\"https:\/\/apuntesdesanluis.com\/#\/schema\/person\/b55151d52296fcce64d1a72538a70b90\"},\"headline\":\"SUBIR\u00c1N EL M\u00cdNIMO DE GANANCIAS Y SOLO PAGAR\u00c1N QUIENES COBREN M\u00c1S DE $1.770.000 MENSUALES\",\"datePublished\":\"2023-09-11T22:05:14+00:00\",\"dateModified\":\"2023-09-11T23:03:49+00:00\",\"mainEntityOfPage\":{\"@id\":\"https:\/\/apuntesdesanluis.com\/index.php\/2023\/09\/11\/subiran-el-minimo-de-ganancias-y-solo-pagaran-quienes-cobren-mas-de-1-770-000-mensuales\/\"},\"wordCount\":763,\"publisher\":{\"@id\":\"https:\/\/apuntesdesanluis.com\/#\/schema\/person\/b55151d52296fcce64d1a72538a70b90\"},\"image\":{\"@id\":\"https:\/\/apuntesdesanluis.com\/index.php\/2023\/09\/11\/subiran-el-minimo-de-ganancias-y-solo-pagaran-quienes-cobren-mas-de-1-770-000-mensuales\/#primaryimage\"},\"thumbnailUrl\":\"https:\/\/apuntesdesanluis.com\/wp-content\/uploads\/2023\/09\/massa.png\",\"articleSection\":[\"Nacionales\/Internacionales\"],\"inLanguage\":\"es-AR\"},{\"@type\":\"WebPage\",\"@id\":\"https:\/\/apuntesdesanluis.com\/index.php\/2023\/09\/11\/subiran-el-minimo-de-ganancias-y-solo-pagaran-quienes-cobren-mas-de-1-770-000-mensuales\/\",\"url\":\"https:\/\/apuntesdesanluis.com\/index.php\/2023\/09\/11\/subiran-el-minimo-de-ganancias-y-solo-pagaran-quienes-cobren-mas-de-1-770-000-mensuales\/\",\"name\":\"SUBIR\u00c1N EL M\u00cdNIMO DE GANANCIAS Y SOLO PAGAR\u00c1N QUIENES COBREN M\u00c1S DE $1.770.000 MENSUALES - Apuntes de San Luis\",\"isPartOf\":{\"@id\":\"https:\/\/apuntesdesanluis.com\/#website\"},\"primaryImageOfPage\":{\"@id\":\"https:\/\/apuntesdesanluis.com\/index.php\/2023\/09\/11\/subiran-el-minimo-de-ganancias-y-solo-pagaran-quienes-cobren-mas-de-1-770-000-mensuales\/#primaryimage\"},\"image\":{\"@id\":\"https:\/\/apuntesdesanluis.com\/index.php\/2023\/09\/11\/subiran-el-minimo-de-ganancias-y-solo-pagaran-quienes-cobren-mas-de-1-770-000-mensuales\/#primaryimage\"},\"thumbnailUrl\":\"https:\/\/apuntesdesanluis.com\/wp-content\/uploads\/2023\/09\/massa.png\",\"datePublished\":\"2023-09-11T22:05:14+00:00\",\"dateModified\":\"2023-09-11T23:03:49+00:00\",\"breadcrumb\":{\"@id\":\"https:\/\/apuntesdesanluis.com\/index.php\/2023\/09\/11\/subiran-el-minimo-de-ganancias-y-solo-pagaran-quienes-cobren-mas-de-1-770-000-mensuales\/#breadcrumb\"},\"inLanguage\":\"es-AR\",\"potentialAction\":[{\"@type\":\"ReadAction\",\"target\":[\"https:\/\/apuntesdesanluis.com\/index.php\/2023\/09\/11\/subiran-el-minimo-de-ganancias-y-solo-pagaran-quienes-cobren-mas-de-1-770-000-mensuales\/\"]}]},{\"@type\":\"ImageObject\",\"inLanguage\":\"es-AR\",\"@id\":\"https:\/\/apuntesdesanluis.com\/index.php\/2023\/09\/11\/subiran-el-minimo-de-ganancias-y-solo-pagaran-quienes-cobren-mas-de-1-770-000-mensuales\/#primaryimage\",\"url\":\"https:\/\/apuntesdesanluis.com\/wp-content\/uploads\/2023\/09\/massa.png\",\"contentUrl\":\"https:\/\/apuntesdesanluis.com\/wp-content\/uploads\/2023\/09\/massa.png\",\"width\":819,\"height\":478},{\"@type\":\"BreadcrumbList\",\"@id\":\"https:\/\/apuntesdesanluis.com\/index.php\/2023\/09\/11\/subiran-el-minimo-de-ganancias-y-solo-pagaran-quienes-cobren-mas-de-1-770-000-mensuales\/#breadcrumb\",\"itemListElement\":[{\"@type\":\"ListItem\",\"position\":1,\"name\":\"Inicio\",\"item\":\"https:\/\/apuntesdesanluis.com\/\"},{\"@type\":\"ListItem\",\"position\":2,\"name\":\"SUBIR\u00c1N EL M\u00cdNIMO DE GANANCIAS Y SOLO PAGAR\u00c1N QUIENES COBREN M\u00c1S DE $1.770.000 MENSUALES\"}]},{\"@type\":\"WebSite\",\"@id\":\"https:\/\/apuntesdesanluis.com\/#website\",\"url\":\"https:\/\/apuntesdesanluis.com\/\",\"name\":\"Apuntes de San Luis\",\"description\":\"\",\"publisher\":{\"@id\":\"https:\/\/apuntesdesanluis.com\/#\/schema\/person\/b55151d52296fcce64d1a72538a70b90\"},\"potentialAction\":[{\"@type\":\"SearchAction\",\"target\":{\"@type\":\"EntryPoint\",\"urlTemplate\":\"https:\/\/apuntesdesanluis.com\/?s={search_term_string}\"},\"query-input\":{\"@type\":\"PropertyValueSpecification\",\"valueRequired\":true,\"valueName\":\"search_term_string\"}}],\"inLanguage\":\"es-AR\"},{\"@type\":[\"Person\",\"Organization\"],\"@id\":\"https:\/\/apuntesdesanluis.com\/#\/schema\/person\/b55151d52296fcce64d1a72538a70b90\",\"name\":\"apuntesdesanluis.com\",\"image\":{\"@type\":\"ImageObject\",\"inLanguage\":\"es-AR\",\"@id\":\"https:\/\/apuntesdesanluis.com\/#\/schema\/person\/image\/\",\"url\":\"https:\/\/apuntesdesanluis.com\/wp-content\/uploads\/2023\/07\/cropped-apuntesdesanluis.png\",\"contentUrl\":\"https:\/\/apuntesdesanluis.com\/wp-content\/uploads\/2023\/07\/cropped-apuntesdesanluis.png\",\"width\":450,\"height\":112,\"caption\":\"apuntesdesanluis.com\"},\"logo\":{\"@id\":\"https:\/\/apuntesdesanluis.com\/#\/schema\/person\/image\/\"},\"sameAs\":[\"https:\/\/apuntesdesanluis.com\"],\"url\":\"https:\/\/apuntesdesanluis.com\/index.php\/author\/apuntesdesanluis-com\/\"}]}<\/script>\n<!-- \/ Yoast SEO plugin. -->","yoast_head_json":{"title":"SUBIR\u00c1N EL M\u00cdNIMO DE GANANCIAS Y SOLO PAGAR\u00c1N QUIENES COBREN M\u00c1S DE $1.770.000 MENSUALES - Apuntes de San Luis","robots":{"index":"index","follow":"follow","max-snippet":"max-snippet:-1","max-image-preview":"max-image-preview:large","max-video-preview":"max-video-preview:-1"},"canonical":"https:\/\/apuntesdesanluis.com\/index.php\/2023\/09\/11\/subiran-el-minimo-de-ganancias-y-solo-pagaran-quienes-cobren-mas-de-1-770-000-mensuales\/","og_locale":"es_ES","og_type":"article","og_title":"SUBIR\u00c1N EL M\u00cdNIMO DE GANANCIAS Y SOLO PAGAR\u00c1N QUIENES COBREN M\u00c1S DE $1.770.000 MENSUALES - Apuntes de San Luis","og_description":"El ministro de Econom\u00eda anunci\u00f3 el env\u00edo al Congreso Nacional de un proyecto de ley...","og_url":"https:\/\/apuntesdesanluis.com\/index.php\/2023\/09\/11\/subiran-el-minimo-de-ganancias-y-solo-pagaran-quienes-cobren-mas-de-1-770-000-mensuales\/","og_site_name":"Apuntes de San Luis","article_published_time":"2023-09-11T22:05:14+00:00","article_modified_time":"2023-09-11T23:03:49+00:00","og_image":[{"width":819,"height":478,"url":"https:\/\/apuntesdesanluis.com\/wp-content\/uploads\/2023\/09\/massa.png","type":"image\/png"}],"author":"apuntesdesanluis.com","twitter_card":"summary_large_image","twitter_misc":{"Escrito por":"apuntesdesanluis.com","Tiempo de lectura":"4 minutos"},"schema":{"@context":"https:\/\/schema.org","@graph":[{"@type":"Article","@id":"https:\/\/apuntesdesanluis.com\/index.php\/2023\/09\/11\/subiran-el-minimo-de-ganancias-y-solo-pagaran-quienes-cobren-mas-de-1-770-000-mensuales\/#article","isPartOf":{"@id":"https:\/\/apuntesdesanluis.com\/index.php\/2023\/09\/11\/subiran-el-minimo-de-ganancias-y-solo-pagaran-quienes-cobren-mas-de-1-770-000-mensuales\/"},"author":{"name":"apuntesdesanluis.com","@id":"https:\/\/apuntesdesanluis.com\/#\/schema\/person\/b55151d52296fcce64d1a72538a70b90"},"headline":"SUBIR\u00c1N EL M\u00cdNIMO DE GANANCIAS Y SOLO PAGAR\u00c1N QUIENES COBREN M\u00c1S DE $1.770.000 MENSUALES","datePublished":"2023-09-11T22:05:14+00:00","dateModified":"2023-09-11T23:03:49+00:00","mainEntityOfPage":{"@id":"https:\/\/apuntesdesanluis.com\/index.php\/2023\/09\/11\/subiran-el-minimo-de-ganancias-y-solo-pagaran-quienes-cobren-mas-de-1-770-000-mensuales\/"},"wordCount":763,"publisher":{"@id":"https:\/\/apuntesdesanluis.com\/#\/schema\/person\/b55151d52296fcce64d1a72538a70b90"},"image":{"@id":"https:\/\/apuntesdesanluis.com\/index.php\/2023\/09\/11\/subiran-el-minimo-de-ganancias-y-solo-pagaran-quienes-cobren-mas-de-1-770-000-mensuales\/#primaryimage"},"thumbnailUrl":"https:\/\/apuntesdesanluis.com\/wp-content\/uploads\/2023\/09\/massa.png","articleSection":["Nacionales\/Internacionales"],"inLanguage":"es-AR"},{"@type":"WebPage","@id":"https:\/\/apuntesdesanluis.com\/index.php\/2023\/09\/11\/subiran-el-minimo-de-ganancias-y-solo-pagaran-quienes-cobren-mas-de-1-770-000-mensuales\/","url":"https:\/\/apuntesdesanluis.com\/index.php\/2023\/09\/11\/subiran-el-minimo-de-ganancias-y-solo-pagaran-quienes-cobren-mas-de-1-770-000-mensuales\/","name":"SUBIR\u00c1N EL M\u00cdNIMO DE GANANCIAS Y SOLO PAGAR\u00c1N QUIENES COBREN M\u00c1S DE $1.770.000 MENSUALES - Apuntes de San Luis","isPartOf":{"@id":"https:\/\/apuntesdesanluis.com\/#website"},"primaryImageOfPage":{"@id":"https:\/\/apuntesdesanluis.com\/index.php\/2023\/09\/11\/subiran-el-minimo-de-ganancias-y-solo-pagaran-quienes-cobren-mas-de-1-770-000-mensuales\/#primaryimage"},"image":{"@id":"https:\/\/apuntesdesanluis.com\/index.php\/2023\/09\/11\/subiran-el-minimo-de-ganancias-y-solo-pagaran-quienes-cobren-mas-de-1-770-000-mensuales\/#primaryimage"},"thumbnailUrl":"https:\/\/apuntesdesanluis.com\/wp-content\/uploads\/2023\/09\/massa.png","datePublished":"2023-09-11T22:05:14+00:00","dateModified":"2023-09-11T23:03:49+00:00","breadcrumb":{"@id":"https:\/\/apuntesdesanluis.com\/index.php\/2023\/09\/11\/subiran-el-minimo-de-ganancias-y-solo-pagaran-quienes-cobren-mas-de-1-770-000-mensuales\/#breadcrumb"},"inLanguage":"es-AR","potentialAction":[{"@type":"ReadAction","target":["https:\/\/apuntesdesanluis.com\/index.php\/2023\/09\/11\/subiran-el-minimo-de-ganancias-y-solo-pagaran-quienes-cobren-mas-de-1-770-000-mensuales\/"]}]},{"@type":"ImageObject","inLanguage":"es-AR","@id":"https:\/\/apuntesdesanluis.com\/index.php\/2023\/09\/11\/subiran-el-minimo-de-ganancias-y-solo-pagaran-quienes-cobren-mas-de-1-770-000-mensuales\/#primaryimage","url":"https:\/\/apuntesdesanluis.com\/wp-content\/uploads\/2023\/09\/massa.png","contentUrl":"https:\/\/apuntesdesanluis.com\/wp-content\/uploads\/2023\/09\/massa.png","width":819,"height":478},{"@type":"BreadcrumbList","@id":"https:\/\/apuntesdesanluis.com\/index.php\/2023\/09\/11\/subiran-el-minimo-de-ganancias-y-solo-pagaran-quienes-cobren-mas-de-1-770-000-mensuales\/#breadcrumb","itemListElement":[{"@type":"ListItem","position":1,"name":"Inicio","item":"https:\/\/apuntesdesanluis.com\/"},{"@type":"ListItem","position":2,"name":"SUBIR\u00c1N EL M\u00cdNIMO DE GANANCIAS Y SOLO PAGAR\u00c1N QUIENES COBREN M\u00c1S DE $1.770.000 MENSUALES"}]},{"@type":"WebSite","@id":"https:\/\/apuntesdesanluis.com\/#website","url":"https:\/\/apuntesdesanluis.com\/","name":"Apuntes de San Luis","description":"","publisher":{"@id":"https:\/\/apuntesdesanluis.com\/#\/schema\/person\/b55151d52296fcce64d1a72538a70b90"},"potentialAction":[{"@type":"SearchAction","target":{"@type":"EntryPoint","urlTemplate":"https:\/\/apuntesdesanluis.com\/?s={search_term_string}"},"query-input":{"@type":"PropertyValueSpecification","valueRequired":true,"valueName":"search_term_string"}}],"inLanguage":"es-AR"},{"@type":["Person","Organization"],"@id":"https:\/\/apuntesdesanluis.com\/#\/schema\/person\/b55151d52296fcce64d1a72538a70b90","name":"apuntesdesanluis.com","image":{"@type":"ImageObject","inLanguage":"es-AR","@id":"https:\/\/apuntesdesanluis.com\/#\/schema\/person\/image\/","url":"https:\/\/apuntesdesanluis.com\/wp-content\/uploads\/2023\/07\/cropped-apuntesdesanluis.png","contentUrl":"https:\/\/apuntesdesanluis.com\/wp-content\/uploads\/2023\/07\/cropped-apuntesdesanluis.png","width":450,"height":112,"caption":"apuntesdesanluis.com"},"logo":{"@id":"https:\/\/apuntesdesanluis.com\/#\/schema\/person\/image\/"},"sameAs":["https:\/\/apuntesdesanluis.com"],"url":"https:\/\/apuntesdesanluis.com\/index.php\/author\/apuntesdesanluis-com\/"}]}},"featured_image_urls":{"full":["https:\/\/apuntesdesanluis.com\/wp-content\/uploads\/2023\/09\/massa.png",819,478,false],"thumbnail":["https:\/\/apuntesdesanluis.com\/wp-content\/uploads\/2023\/09\/massa-150x150.png",150,150,true],"medium":["https:\/\/apuntesdesanluis.com\/wp-content\/uploads\/2023\/09\/massa-300x175.png",300,175,true],"medium_large":["https:\/\/apuntesdesanluis.com\/wp-content\/uploads\/2023\/09\/massa-768x448.png",640,373,true],"large":["https:\/\/apuntesdesanluis.com\/wp-content\/uploads\/2023\/09\/massa.png",640,374,false],"1536x1536":["https:\/\/apuntesdesanluis.com\/wp-content\/uploads\/2023\/09\/massa.png",819,478,false],"2048x2048":["https:\/\/apuntesdesanluis.com\/wp-content\/uploads\/2023\/09\/massa.png",819,478,false],"newsever-slider-full":["https:\/\/apuntesdesanluis.com\/wp-content\/uploads\/2023\/09\/massa.png",819,478,false],"newsever-featured":["https:\/\/apuntesdesanluis.com\/wp-content\/uploads\/2023\/09\/massa.png",819,478,false],"newsever-medium":["https:\/\/apuntesdesanluis.com\/wp-content\/uploads\/2023\/09\/massa-720x475.png",720,475,true]},"author_info":{"display_name":"apuntesdesanluis.com","author_link":"https:\/\/apuntesdesanluis.com\/index.php\/author\/apuntesdesanluis-com\/"},"category_info":"<a href=\"https:\/\/apuntesdesanluis.com\/index.php\/category\/nacionales-internacionales\/\" rel=\"category tag\">Nacionales\/Internacionales<\/a>","tag_info":"Nacionales\/Internacionales","comment_count":"0","_links":{"self":[{"href":"https:\/\/apuntesdesanluis.com\/index.php\/wp-json\/wp\/v2\/posts\/3103","targetHints":{"allow":["GET"]}}],"collection":[{"href":"https:\/\/apuntesdesanluis.com\/index.php\/wp-json\/wp\/v2\/posts"}],"about":[{"href":"https:\/\/apuntesdesanluis.com\/index.php\/wp-json\/wp\/v2\/types\/post"}],"author":[{"embeddable":true,"href":"https:\/\/apuntesdesanluis.com\/index.php\/wp-json\/wp\/v2\/users\/1"}],"replies":[{"embeddable":true,"href":"https:\/\/apuntesdesanluis.com\/index.php\/wp-json\/wp\/v2\/comments?post=3103"}],"version-history":[{"count":4,"href":"https:\/\/apuntesdesanluis.com\/index.php\/wp-json\/wp\/v2\/posts\/3103\/revisions"}],"predecessor-version":[{"id":3109,"href":"https:\/\/apuntesdesanluis.com\/index.php\/wp-json\/wp\/v2\/posts\/3103\/revisions\/3109"}],"wp:featuredmedia":[{"embeddable":true,"href":"https:\/\/apuntesdesanluis.com\/index.php\/wp-json\/wp\/v2\/media\/3104"}],"wp:attachment":[{"href":"https:\/\/apuntesdesanluis.com\/index.php\/wp-json\/wp\/v2\/media?parent=3103"}],"wp:term":[{"taxonomy":"category","embeddable":true,"href":"https:\/\/apuntesdesanluis.com\/index.php\/wp-json\/wp\/v2\/categories?post=3103"},{"taxonomy":"post_tag","embeddable":true,"href":"https:\/\/apuntesdesanluis.com\/index.php\/wp-json\/wp\/v2\/tags?post=3103"}],"curies":[{"name":"wp","href":"https:\/\/api.w.org\/{rel}","templated":true}]}}