{"id":31039,"date":"2025-03-31T13:55:50","date_gmt":"2025-03-31T16:55:50","guid":{"rendered":"https:\/\/apuntesdesanluis.com\/?p=31039"},"modified":"2025-03-31T13:55:50","modified_gmt":"2025-03-31T16:55:50","slug":"se-recaudaron-mas-de-400-millones-en-el-tercer-remate-de-vehiculos-oficiales","status":"publish","type":"post","link":"https:\/\/apuntesdesanluis.com\/index.php\/2025\/03\/31\/se-recaudaron-mas-de-400-millones-en-el-tercer-remate-de-vehiculos-oficiales\/","title":{"rendered":"SE RECAUDARON M\u00c1S DE 400 MILLONES EN EL TERCER REMATE DE VEH\u00cdCULOS OFICIALES"},"content":{"rendered":"<h3><strong>Horacio del Percio<\/strong>, director del Parque Automotor, consider\u00f3 un \u201c\u00e9xito\u201d el tercer remate de veh\u00edculos del Estado que se llev\u00f3 a cabo el \u00faltimo s\u00e1bado.<\/h3>\n<h3>Sumando los $420 millones que se recaudaron en el remate p\u00fablico de veh\u00edculos del Estado Provincial, realizado el pasado s\u00e1bado 29, \u201chemos llegado pr\u00e1cticamente a los $2.000 millones con las tres subastas y se est\u00e1n adquiriendo 25 camionetas para la Polic\u00eda de la Provincia y tambi\u00e9n ambulancias para el sistema de salud. En esta \u00faltima ocasi\u00f3n, al igual que en las dos anteriores, la subasta fue un \u00e9xito\u201c, asever\u00f3 el funcionario.<\/h3>\n<h3>Inform\u00f3 que quedan, dispersos en distintos puntos de la provincia, algunos rodados que estar\u00edan para la venta, por lo que se estudia la posibilidad de hacer un cuarto remate.<\/h3>\n<h3>\u201cTodos estos veh\u00edculos son los que heredamos y estamos recolectando de todos los organismos, como as\u00ed tambi\u00e9n maquinaria vial que no est\u00e1 inscripta, que tendr\u00edamos que rematar como chatarra. Vamos a preparar todos los lotes para que el pr\u00f3ximo remate sea el \u00faltimo y poder recuperar todos los activos que necesita la provincia\u201c, dijo.<\/h3>\n<h3>En este tercer remate, la base era de alrededor de $203 millones de pesos. \u201cEs decir, si bien estaba acorde a la situaci\u00f3n de cada uno de los veh\u00edculos y de eso se encarga el Colegio de Martilleros de la Provincia, hemos superado las expectativas en cuanto a la recaudaci\u00f3n esperada\u201d, ratific\u00f3.<\/h3>\n<p><iframe title=\"Horacio del Percio, director de Parque Automotor\" width=\"640\" height=\"360\" src=\"https:\/\/www.youtube.com\/embed\/AXrRDHWaKHc?feature=oembed\" frameborder=\"0\" allow=\"accelerometer; autoplay; clipboard-write; encrypted-media; gyroscope; picture-in-picture; web-share\" referrerpolicy=\"strict-origin-when-cross-origin\" allowfullscreen><\/iframe><\/p>\n<p>&nbsp;<\/p>\n<p>&nbsp;<\/p>\n<p>&nbsp;<\/p>\n<h3><\/h3>\n<h3><\/h3>\n<p>&nbsp;<\/p>\n","protected":false},"excerpt":{"rendered":"<p>Horacio del Percio, director del Parque Automotor, consider\u00f3 un \u201c\u00e9xito\u201d el tercer remate de veh\u00edculos&#8230;<\/p>\n","protected":false},"author":1,"featured_media":31040,"comment_status":"closed","ping_status":"closed","sticky":false,"template":"","format":"standard","meta":{"footnotes":""},"categories":[6],"tags":[],"class_list":["post-31039","post","type-post","status-publish","format-standard","has-post-thumbnail","hentry","category-ciudad-provincia"],"yoast_head":"<!-- This site is optimized with the Yoast SEO plugin v26.1.1 - https:\/\/yoast.com\/wordpress\/plugins\/seo\/ -->\n<title>SE RECAUDARON M\u00c1S DE 400 MILLONES EN EL TERCER REMATE DE VEH\u00cdCULOS OFICIALES - Apuntes de San Luis<\/title>\n<meta name=\"robots\" content=\"index, follow, max-snippet:-1, max-image-preview:large, max-video-preview:-1\" \/>\n<link rel=\"canonical\" href=\"https:\/\/apuntesdesanluis.com\/index.php\/2025\/03\/31\/se-recaudaron-mas-de-400-millones-en-el-tercer-remate-de-vehiculos-oficiales\/\" \/>\n<meta property=\"og:locale\" content=\"es_ES\" \/>\n<meta property=\"og:type\" content=\"article\" \/>\n<meta property=\"og:title\" content=\"SE RECAUDARON M\u00c1S DE 400 MILLONES EN EL TERCER REMATE DE VEH\u00cdCULOS OFICIALES - Apuntes de San Luis\" \/>\n<meta property=\"og:description\" content=\"Horacio del Percio, director del Parque Automotor, consider\u00f3 un \u201c\u00e9xito\u201d el tercer remate de veh\u00edculos...\" \/>\n<meta property=\"og:url\" content=\"https:\/\/apuntesdesanluis.com\/index.php\/2025\/03\/31\/se-recaudaron-mas-de-400-millones-en-el-tercer-remate-de-vehiculos-oficiales\/\" \/>\n<meta property=\"og:site_name\" content=\"Apuntes de San Luis\" \/>\n<meta property=\"article:published_time\" content=\"2025-03-31T16:55:50+00:00\" \/>\n<meta property=\"og:image\" content=\"https:\/\/apuntesdesanluis.com\/wp-content\/uploads\/2025\/03\/del-percio.png\" \/>\n\t<meta property=\"og:image:width\" content=\"700\" \/>\n\t<meta property=\"og:image:height\" content=\"440\" \/>\n\t<meta property=\"og:image:type\" content=\"image\/png\" \/>\n<meta name=\"author\" content=\"apuntesdesanluis.com\" \/>\n<meta name=\"twitter:card\" content=\"summary_large_image\" \/>\n<meta name=\"twitter:label1\" content=\"Escrito por\" \/>\n\t<meta name=\"twitter:data1\" content=\"apuntesdesanluis.com\" \/>\n\t<meta name=\"twitter:label2\" content=\"Tiempo de lectura\" \/>\n\t<meta name=\"twitter:data2\" content=\"2 minutos\" \/>\n<script type=\"application\/ld+json\" class=\"yoast-schema-graph\">{\"@context\":\"https:\/\/schema.org\",\"@graph\":[{\"@type\":\"Article\",\"@id\":\"https:\/\/apuntesdesanluis.com\/index.php\/2025\/03\/31\/se-recaudaron-mas-de-400-millones-en-el-tercer-remate-de-vehiculos-oficiales\/#article\",\"isPartOf\":{\"@id\":\"https:\/\/apuntesdesanluis.com\/index.php\/2025\/03\/31\/se-recaudaron-mas-de-400-millones-en-el-tercer-remate-de-vehiculos-oficiales\/\"},\"author\":{\"name\":\"apuntesdesanluis.com\",\"@id\":\"https:\/\/apuntesdesanluis.com\/#\/schema\/person\/b55151d52296fcce64d1a72538a70b90\"},\"headline\":\"SE RECAUDARON M\u00c1S DE 400 MILLONES EN EL TERCER REMATE DE VEH\u00cdCULOS OFICIALES\",\"datePublished\":\"2025-03-31T16:55:50+00:00\",\"mainEntityOfPage\":{\"@id\":\"https:\/\/apuntesdesanluis.com\/index.php\/2025\/03\/31\/se-recaudaron-mas-de-400-millones-en-el-tercer-remate-de-vehiculos-oficiales\/\"},\"wordCount\":268,\"publisher\":{\"@id\":\"https:\/\/apuntesdesanluis.com\/#\/schema\/person\/b55151d52296fcce64d1a72538a70b90\"},\"image\":{\"@id\":\"https:\/\/apuntesdesanluis.com\/index.php\/2025\/03\/31\/se-recaudaron-mas-de-400-millones-en-el-tercer-remate-de-vehiculos-oficiales\/#primaryimage\"},\"thumbnailUrl\":\"https:\/\/apuntesdesanluis.com\/wp-content\/uploads\/2025\/03\/del-percio.png\",\"articleSection\":[\"Ciudad\/Provincia\"],\"inLanguage\":\"es-AR\"},{\"@type\":\"WebPage\",\"@id\":\"https:\/\/apuntesdesanluis.com\/index.php\/2025\/03\/31\/se-recaudaron-mas-de-400-millones-en-el-tercer-remate-de-vehiculos-oficiales\/\",\"url\":\"https:\/\/apuntesdesanluis.com\/index.php\/2025\/03\/31\/se-recaudaron-mas-de-400-millones-en-el-tercer-remate-de-vehiculos-oficiales\/\",\"name\":\"SE RECAUDARON M\u00c1S DE 400 MILLONES EN EL TERCER REMATE DE VEH\u00cdCULOS OFICIALES - Apuntes de San Luis\",\"isPartOf\":{\"@id\":\"https:\/\/apuntesdesanluis.com\/#website\"},\"primaryImageOfPage\":{\"@id\":\"https:\/\/apuntesdesanluis.com\/index.php\/2025\/03\/31\/se-recaudaron-mas-de-400-millones-en-el-tercer-remate-de-vehiculos-oficiales\/#primaryimage\"},\"image\":{\"@id\":\"https:\/\/apuntesdesanluis.com\/index.php\/2025\/03\/31\/se-recaudaron-mas-de-400-millones-en-el-tercer-remate-de-vehiculos-oficiales\/#primaryimage\"},\"thumbnailUrl\":\"https:\/\/apuntesdesanluis.com\/wp-content\/uploads\/2025\/03\/del-percio.png\",\"datePublished\":\"2025-03-31T16:55:50+00:00\",\"breadcrumb\":{\"@id\":\"https:\/\/apuntesdesanluis.com\/index.php\/2025\/03\/31\/se-recaudaron-mas-de-400-millones-en-el-tercer-remate-de-vehiculos-oficiales\/#breadcrumb\"},\"inLanguage\":\"es-AR\",\"potentialAction\":[{\"@type\":\"ReadAction\",\"target\":[\"https:\/\/apuntesdesanluis.com\/index.php\/2025\/03\/31\/se-recaudaron-mas-de-400-millones-en-el-tercer-remate-de-vehiculos-oficiales\/\"]}]},{\"@type\":\"ImageObject\",\"inLanguage\":\"es-AR\",\"@id\":\"https:\/\/apuntesdesanluis.com\/index.php\/2025\/03\/31\/se-recaudaron-mas-de-400-millones-en-el-tercer-remate-de-vehiculos-oficiales\/#primaryimage\",\"url\":\"https:\/\/apuntesdesanluis.com\/wp-content\/uploads\/2025\/03\/del-percio.png\",\"contentUrl\":\"https:\/\/apuntesdesanluis.com\/wp-content\/uploads\/2025\/03\/del-percio.png\",\"width\":700,\"height\":440},{\"@type\":\"BreadcrumbList\",\"@id\":\"https:\/\/apuntesdesanluis.com\/index.php\/2025\/03\/31\/se-recaudaron-mas-de-400-millones-en-el-tercer-remate-de-vehiculos-oficiales\/#breadcrumb\",\"itemListElement\":[{\"@type\":\"ListItem\",\"position\":1,\"name\":\"Inicio\",\"item\":\"https:\/\/apuntesdesanluis.com\/\"},{\"@type\":\"ListItem\",\"position\":2,\"name\":\"SE RECAUDARON M\u00c1S DE 400 MILLONES EN EL TERCER REMATE DE VEH\u00cdCULOS OFICIALES\"}]},{\"@type\":\"WebSite\",\"@id\":\"https:\/\/apuntesdesanluis.com\/#website\",\"url\":\"https:\/\/apuntesdesanluis.com\/\",\"name\":\"Apuntes de San Luis\",\"description\":\"\",\"publisher\":{\"@id\":\"https:\/\/apuntesdesanluis.com\/#\/schema\/person\/b55151d52296fcce64d1a72538a70b90\"},\"potentialAction\":[{\"@type\":\"SearchAction\",\"target\":{\"@type\":\"EntryPoint\",\"urlTemplate\":\"https:\/\/apuntesdesanluis.com\/?s={search_term_string}\"},\"query-input\":{\"@type\":\"PropertyValueSpecification\",\"valueRequired\":true,\"valueName\":\"search_term_string\"}}],\"inLanguage\":\"es-AR\"},{\"@type\":[\"Person\",\"Organization\"],\"@id\":\"https:\/\/apuntesdesanluis.com\/#\/schema\/person\/b55151d52296fcce64d1a72538a70b90\",\"name\":\"apuntesdesanluis.com\",\"image\":{\"@type\":\"ImageObject\",\"inLanguage\":\"es-AR\",\"@id\":\"https:\/\/apuntesdesanluis.com\/#\/schema\/person\/image\/\",\"url\":\"https:\/\/apuntesdesanluis.com\/wp-content\/uploads\/2023\/07\/cropped-apuntesdesanluis.png\",\"contentUrl\":\"https:\/\/apuntesdesanluis.com\/wp-content\/uploads\/2023\/07\/cropped-apuntesdesanluis.png\",\"width\":450,\"height\":112,\"caption\":\"apuntesdesanluis.com\"},\"logo\":{\"@id\":\"https:\/\/apuntesdesanluis.com\/#\/schema\/person\/image\/\"},\"sameAs\":[\"https:\/\/apuntesdesanluis.com\"],\"url\":\"https:\/\/apuntesdesanluis.com\/index.php\/author\/apuntesdesanluis-com\/\"}]}<\/script>\n<!-- \/ Yoast SEO plugin. -->","yoast_head_json":{"title":"SE RECAUDARON M\u00c1S DE 400 MILLONES EN EL TERCER REMATE DE VEH\u00cdCULOS OFICIALES - Apuntes de San Luis","robots":{"index":"index","follow":"follow","max-snippet":"max-snippet:-1","max-image-preview":"max-image-preview:large","max-video-preview":"max-video-preview:-1"},"canonical":"https:\/\/apuntesdesanluis.com\/index.php\/2025\/03\/31\/se-recaudaron-mas-de-400-millones-en-el-tercer-remate-de-vehiculos-oficiales\/","og_locale":"es_ES","og_type":"article","og_title":"SE RECAUDARON M\u00c1S DE 400 MILLONES EN EL TERCER REMATE DE VEH\u00cdCULOS OFICIALES - Apuntes de San Luis","og_description":"Horacio del Percio, director del Parque Automotor, consider\u00f3 un \u201c\u00e9xito\u201d el tercer remate de veh\u00edculos...","og_url":"https:\/\/apuntesdesanluis.com\/index.php\/2025\/03\/31\/se-recaudaron-mas-de-400-millones-en-el-tercer-remate-de-vehiculos-oficiales\/","og_site_name":"Apuntes de San Luis","article_published_time":"2025-03-31T16:55:50+00:00","og_image":[{"width":700,"height":440,"url":"https:\/\/apuntesdesanluis.com\/wp-content\/uploads\/2025\/03\/del-percio.png","type":"image\/png"}],"author":"apuntesdesanluis.com","twitter_card":"summary_large_image","twitter_misc":{"Escrito por":"apuntesdesanluis.com","Tiempo de lectura":"2 minutos"},"schema":{"@context":"https:\/\/schema.org","@graph":[{"@type":"Article","@id":"https:\/\/apuntesdesanluis.com\/index.php\/2025\/03\/31\/se-recaudaron-mas-de-400-millones-en-el-tercer-remate-de-vehiculos-oficiales\/#article","isPartOf":{"@id":"https:\/\/apuntesdesanluis.com\/index.php\/2025\/03\/31\/se-recaudaron-mas-de-400-millones-en-el-tercer-remate-de-vehiculos-oficiales\/"},"author":{"name":"apuntesdesanluis.com","@id":"https:\/\/apuntesdesanluis.com\/#\/schema\/person\/b55151d52296fcce64d1a72538a70b90"},"headline":"SE RECAUDARON M\u00c1S DE 400 MILLONES EN EL TERCER REMATE DE VEH\u00cdCULOS OFICIALES","datePublished":"2025-03-31T16:55:50+00:00","mainEntityOfPage":{"@id":"https:\/\/apuntesdesanluis.com\/index.php\/2025\/03\/31\/se-recaudaron-mas-de-400-millones-en-el-tercer-remate-de-vehiculos-oficiales\/"},"wordCount":268,"publisher":{"@id":"https:\/\/apuntesdesanluis.com\/#\/schema\/person\/b55151d52296fcce64d1a72538a70b90"},"image":{"@id":"https:\/\/apuntesdesanluis.com\/index.php\/2025\/03\/31\/se-recaudaron-mas-de-400-millones-en-el-tercer-remate-de-vehiculos-oficiales\/#primaryimage"},"thumbnailUrl":"https:\/\/apuntesdesanluis.com\/wp-content\/uploads\/2025\/03\/del-percio.png","articleSection":["Ciudad\/Provincia"],"inLanguage":"es-AR"},{"@type":"WebPage","@id":"https:\/\/apuntesdesanluis.com\/index.php\/2025\/03\/31\/se-recaudaron-mas-de-400-millones-en-el-tercer-remate-de-vehiculos-oficiales\/","url":"https:\/\/apuntesdesanluis.com\/index.php\/2025\/03\/31\/se-recaudaron-mas-de-400-millones-en-el-tercer-remate-de-vehiculos-oficiales\/","name":"SE RECAUDARON M\u00c1S DE 400 MILLONES EN EL TERCER REMATE DE VEH\u00cdCULOS OFICIALES - Apuntes de San Luis","isPartOf":{"@id":"https:\/\/apuntesdesanluis.com\/#website"},"primaryImageOfPage":{"@id":"https:\/\/apuntesdesanluis.com\/index.php\/2025\/03\/31\/se-recaudaron-mas-de-400-millones-en-el-tercer-remate-de-vehiculos-oficiales\/#primaryimage"},"image":{"@id":"https:\/\/apuntesdesanluis.com\/index.php\/2025\/03\/31\/se-recaudaron-mas-de-400-millones-en-el-tercer-remate-de-vehiculos-oficiales\/#primaryimage"},"thumbnailUrl":"https:\/\/apuntesdesanluis.com\/wp-content\/uploads\/2025\/03\/del-percio.png","datePublished":"2025-03-31T16:55:50+00:00","breadcrumb":{"@id":"https:\/\/apuntesdesanluis.com\/index.php\/2025\/03\/31\/se-recaudaron-mas-de-400-millones-en-el-tercer-remate-de-vehiculos-oficiales\/#breadcrumb"},"inLanguage":"es-AR","potentialAction":[{"@type":"ReadAction","target":["https:\/\/apuntesdesanluis.com\/index.php\/2025\/03\/31\/se-recaudaron-mas-de-400-millones-en-el-tercer-remate-de-vehiculos-oficiales\/"]}]},{"@type":"ImageObject","inLanguage":"es-AR","@id":"https:\/\/apuntesdesanluis.com\/index.php\/2025\/03\/31\/se-recaudaron-mas-de-400-millones-en-el-tercer-remate-de-vehiculos-oficiales\/#primaryimage","url":"https:\/\/apuntesdesanluis.com\/wp-content\/uploads\/2025\/03\/del-percio.png","contentUrl":"https:\/\/apuntesdesanluis.com\/wp-content\/uploads\/2025\/03\/del-percio.png","width":700,"height":440},{"@type":"BreadcrumbList","@id":"https:\/\/apuntesdesanluis.com\/index.php\/2025\/03\/31\/se-recaudaron-mas-de-400-millones-en-el-tercer-remate-de-vehiculos-oficiales\/#breadcrumb","itemListElement":[{"@type":"ListItem","position":1,"name":"Inicio","item":"https:\/\/apuntesdesanluis.com\/"},{"@type":"ListItem","position":2,"name":"SE RECAUDARON M\u00c1S DE 400 MILLONES EN EL TERCER REMATE DE VEH\u00cdCULOS OFICIALES"}]},{"@type":"WebSite","@id":"https:\/\/apuntesdesanluis.com\/#website","url":"https:\/\/apuntesdesanluis.com\/","name":"Apuntes de San Luis","description":"","publisher":{"@id":"https:\/\/apuntesdesanluis.com\/#\/schema\/person\/b55151d52296fcce64d1a72538a70b90"},"potentialAction":[{"@type":"SearchAction","target":{"@type":"EntryPoint","urlTemplate":"https:\/\/apuntesdesanluis.com\/?s={search_term_string}"},"query-input":{"@type":"PropertyValueSpecification","valueRequired":true,"valueName":"search_term_string"}}],"inLanguage":"es-AR"},{"@type":["Person","Organization"],"@id":"https:\/\/apuntesdesanluis.com\/#\/schema\/person\/b55151d52296fcce64d1a72538a70b90","name":"apuntesdesanluis.com","image":{"@type":"ImageObject","inLanguage":"es-AR","@id":"https:\/\/apuntesdesanluis.com\/#\/schema\/person\/image\/","url":"https:\/\/apuntesdesanluis.com\/wp-content\/uploads\/2023\/07\/cropped-apuntesdesanluis.png","contentUrl":"https:\/\/apuntesdesanluis.com\/wp-content\/uploads\/2023\/07\/cropped-apuntesdesanluis.png","width":450,"height":112,"caption":"apuntesdesanluis.com"},"logo":{"@id":"https:\/\/apuntesdesanluis.com\/#\/schema\/person\/image\/"},"sameAs":["https:\/\/apuntesdesanluis.com"],"url":"https:\/\/apuntesdesanluis.com\/index.php\/author\/apuntesdesanluis-com\/"}]}},"featured_image_urls":{"full":["https:\/\/apuntesdesanluis.com\/wp-content\/uploads\/2025\/03\/del-percio.png",700,440,false],"thumbnail":["https:\/\/apuntesdesanluis.com\/wp-content\/uploads\/2025\/03\/del-percio-150x150.png",150,150,true],"medium":["https:\/\/apuntesdesanluis.com\/wp-content\/uploads\/2025\/03\/del-percio-300x189.png",300,189,true],"medium_large":["https:\/\/apuntesdesanluis.com\/wp-content\/uploads\/2025\/03\/del-percio.png",640,402,false],"large":["https:\/\/apuntesdesanluis.com\/wp-content\/uploads\/2025\/03\/del-percio.png",640,402,false],"1536x1536":["https:\/\/apuntesdesanluis.com\/wp-content\/uploads\/2025\/03\/del-percio.png",700,440,false],"2048x2048":["https:\/\/apuntesdesanluis.com\/wp-content\/uploads\/2025\/03\/del-percio.png",700,440,false],"newsever-slider-full":["https:\/\/apuntesdesanluis.com\/wp-content\/uploads\/2025\/03\/del-percio.png",700,440,false],"newsever-featured":["https:\/\/apuntesdesanluis.com\/wp-content\/uploads\/2025\/03\/del-percio.png",700,440,false],"newsever-medium":["https:\/\/apuntesdesanluis.com\/wp-content\/uploads\/2025\/03\/del-percio.png",700,440,false]},"author_info":{"display_name":"apuntesdesanluis.com","author_link":"https:\/\/apuntesdesanluis.com\/index.php\/author\/apuntesdesanluis-com\/"},"category_info":"<a href=\"https:\/\/apuntesdesanluis.com\/index.php\/category\/ciudad-provincia\/\" rel=\"category tag\">Ciudad\/Provincia<\/a>","tag_info":"Ciudad\/Provincia","comment_count":"0","_links":{"self":[{"href":"https:\/\/apuntesdesanluis.com\/index.php\/wp-json\/wp\/v2\/posts\/31039","targetHints":{"allow":["GET"]}}],"collection":[{"href":"https:\/\/apuntesdesanluis.com\/index.php\/wp-json\/wp\/v2\/posts"}],"about":[{"href":"https:\/\/apuntesdesanluis.com\/index.php\/wp-json\/wp\/v2\/types\/post"}],"author":[{"embeddable":true,"href":"https:\/\/apuntesdesanluis.com\/index.php\/wp-json\/wp\/v2\/users\/1"}],"replies":[{"embeddable":true,"href":"https:\/\/apuntesdesanluis.com\/index.php\/wp-json\/wp\/v2\/comments?post=31039"}],"version-history":[{"count":1,"href":"https:\/\/apuntesdesanluis.com\/index.php\/wp-json\/wp\/v2\/posts\/31039\/revisions"}],"predecessor-version":[{"id":31041,"href":"https:\/\/apuntesdesanluis.com\/index.php\/wp-json\/wp\/v2\/posts\/31039\/revisions\/31041"}],"wp:featuredmedia":[{"embeddable":true,"href":"https:\/\/apuntesdesanluis.com\/index.php\/wp-json\/wp\/v2\/media\/31040"}],"wp:attachment":[{"href":"https:\/\/apuntesdesanluis.com\/index.php\/wp-json\/wp\/v2\/media?parent=31039"}],"wp:term":[{"taxonomy":"category","embeddable":true,"href":"https:\/\/apuntesdesanluis.com\/index.php\/wp-json\/wp\/v2\/categories?post=31039"},{"taxonomy":"post_tag","embeddable":true,"href":"https:\/\/apuntesdesanluis.com\/index.php\/wp-json\/wp\/v2\/tags?post=31039"}],"curies":[{"name":"wp","href":"https:\/\/api.w.org\/{rel}","templated":true}]}}