{"id":31042,"date":"2025-03-31T14:12:22","date_gmt":"2025-03-31T17:12:22","guid":{"rendered":"https:\/\/apuntesdesanluis.com\/?p=31042"},"modified":"2025-03-31T14:12:22","modified_gmt":"2025-03-31T17:12:22","slug":"por-reiterancia-disponen-prision-preventiva-al-hombre-que-hurto-lenceria-erotica","status":"publish","type":"post","link":"https:\/\/apuntesdesanluis.com\/index.php\/2025\/03\/31\/por-reiterancia-disponen-prision-preventiva-al-hombre-que-hurto-lenceria-erotica\/","title":{"rendered":"POR REITERANCIA, DISPONEN PRISI\u00d3N PREVENTIVA AL HOMBRE QUE HURT\u00d3 LENCERIA ER\u00d3TICA"},"content":{"rendered":"<h3>El Dr. Alfredo Cuello, Juez de Garant\u00eda N\u00ba 1 de la Segunda Circunscripci\u00f3n Judicial, dispuso el traslado de <strong>Juan Carlos Galvalicio<\/strong> al Servicio Penitenciario Provincial. La audiencia se celebr\u00f3 en la ma\u00f1ana de este lunes, vencida la pr\u00f3rroga de detenci\u00f3n solicitada por la Defensa.<\/h3>\n<h3>La semana pasada un hombre-Juan Carlos Galvalicio- habr\u00eda ingresado y sustra\u00eddo tres productos de un local de venta de lencer\u00eda er\u00f3tica de Villa Mercedes, hecho que fue registrado por c\u00e1maras de seguridad. Luego ser\u00eda aprehendido a cuadras del lugar y en el momento se encontr\u00f3 en su poder los art\u00edculos sustra\u00eddos. La fiscal\u00eda le formul\u00f3 cargos y la defensa solicit\u00f3 prorroga.<\/h3>\n<h3>Hoy se venc\u00eda la pr\u00f3rroga solicitada y la Defensa solicit\u00f3 el cambio de la calificaci\u00f3n legal. Plante\u00f3 la falta de disponibilidad del bien, ya que su asistido fue aprehendido a pocas cuadras de donde se produjo el hecho. Pidi\u00f3 que se reformulen cargos por el delito de hurto en grado de tentativa.<\/h3>\n<h3>El Ministerio P\u00fablico Fiscal sostuvo que el hecho fue consumado, ya que el imputado dispuso de los bienes por unos minutos.<\/h3>\n<h3>Luego de escuchar a las partes, el Juez confirm\u00f3 los cargos oportunamente formulados \u2013 en la audiencia celebrada el 28 de marzo \u2013 por el delito de hurto simple. Mencion\u00f3 los elementos f\u00e1cticos existentes y consider\u00f3 correspondiente sostener la calificaci\u00f3n como un hecho consumado.<\/h3>\n<h3>Seguidamente, las partes debatieron sobre el pedido de medida de coerci\u00f3n planteado por el Ministerio P\u00fablico Fiscal. A la hora de fundamentar lo solicitado, mencionaron que el hecho existi\u00f3, que est\u00e1 acreditado que el imputado es el autor del mismo y destacaron la reiterancia, citando el Art. 203 inc. F. del C\u00f3digo Procesal Penal de la Provincia.<\/h3>\n<h3>En ese sentido, mencionaron otros procesos judiciales donde el imputado es investigado por\u00a0 la comisi\u00f3n de delitos con las mismas caracter\u00edsticas.<\/h3>\n<h3>La Defensa argument\u00f3 que la libertad debe ser el principio durante el proceso y manifest\u00f3 que su asistido tiene la intenci\u00f3n de someterse a un tratamiento. Solicitaron se rechace el pedido de prisi\u00f3n preventiva y se cautele el proceso con una medida menos gravosa.<\/h3>\n<h3>El Juez mencion\u00f3 lo previsto en el Art. 203 inc. F del C\u00f3digo Procesal Penal,\u00a0 consider\u00f3 que el imputado demostr\u00f3 un desapego a las normas penales, por lo que hizo lugar al pedido del Ministerio P\u00fablico Fiscal y dispuso el traslado de Juan Carlos Galvalicio al Servicio Penitenciario Provincial, donde deber\u00e1 cumplir prisi\u00f3n preventiva.<\/h3>\n<h3>El Ministerio P\u00fablico Fiscal continuar\u00e1 trabajando seg\u00fan lo previsto en la etapa de Investigaci\u00f3n Penal Preparatoria.\u00a0 En esta instancia, deber\u00e1n reunir pruebas \u00fatiles para realizar la acusaci\u00f3n y oportunamente, elevar la causa a juicio oral.<\/h3>\n<p>&nbsp;<\/p>\n<p>&nbsp;<\/p>\n<p>&nbsp;<\/p>\n<p>&nbsp;<\/p>\n<p>&nbsp;<\/p>\n<p>&nbsp;<\/p>\n","protected":false},"excerpt":{"rendered":"<p>El Dr. Alfredo Cuello, Juez de Garant\u00eda N\u00ba 1 de la Segunda Circunscripci\u00f3n Judicial, dispuso&#8230;<\/p>\n","protected":false},"author":1,"featured_media":31043,"comment_status":"closed","ping_status":"closed","sticky":false,"template":"","format":"standard","meta":{"footnotes":""},"categories":[6],"tags":[],"class_list":["post-31042","post","type-post","status-publish","format-standard","has-post-thumbnail","hentry","category-ciudad-provincia"],"yoast_head":"<!-- This site is optimized with the Yoast SEO plugin v26.1.1 - https:\/\/yoast.com\/wordpress\/plugins\/seo\/ -->\n<title>POR REITERANCIA, DISPONEN PRISI\u00d3N PREVENTIVA AL HOMBRE QUE HURT\u00d3 LENCERIA ER\u00d3TICA - Apuntes de San Luis<\/title>\n<meta name=\"robots\" content=\"index, follow, max-snippet:-1, max-image-preview:large, max-video-preview:-1\" \/>\n<link rel=\"canonical\" href=\"https:\/\/apuntesdesanluis.com\/index.php\/2025\/03\/31\/por-reiterancia-disponen-prision-preventiva-al-hombre-que-hurto-lenceria-erotica\/\" \/>\n<meta property=\"og:locale\" content=\"es_ES\" \/>\n<meta property=\"og:type\" content=\"article\" \/>\n<meta property=\"og:title\" content=\"POR REITERANCIA, DISPONEN PRISI\u00d3N PREVENTIVA AL HOMBRE QUE HURT\u00d3 LENCERIA ER\u00d3TICA - Apuntes de San Luis\" \/>\n<meta property=\"og:description\" content=\"El Dr. Alfredo Cuello, Juez de Garant\u00eda N\u00ba 1 de la Segunda Circunscripci\u00f3n Judicial, dispuso...\" \/>\n<meta property=\"og:url\" content=\"https:\/\/apuntesdesanluis.com\/index.php\/2025\/03\/31\/por-reiterancia-disponen-prision-preventiva-al-hombre-que-hurto-lenceria-erotica\/\" \/>\n<meta property=\"og:site_name\" content=\"Apuntes de San Luis\" \/>\n<meta property=\"article:published_time\" content=\"2025-03-31T17:12:22+00:00\" \/>\n<meta property=\"og:image\" content=\"https:\/\/apuntesdesanluis.com\/wp-content\/uploads\/2025\/03\/LENCERIA.png\" \/>\n\t<meta property=\"og:image:width\" content=\"800\" \/>\n\t<meta property=\"og:image:height\" content=\"526\" \/>\n\t<meta property=\"og:image:type\" content=\"image\/png\" \/>\n<meta name=\"author\" content=\"apuntesdesanluis.com\" \/>\n<meta name=\"twitter:card\" content=\"summary_large_image\" \/>\n<meta name=\"twitter:label1\" content=\"Escrito por\" \/>\n\t<meta name=\"twitter:data1\" content=\"apuntesdesanluis.com\" \/>\n\t<meta name=\"twitter:label2\" content=\"Tiempo de lectura\" \/>\n\t<meta name=\"twitter:data2\" content=\"3 minutos\" \/>\n<script type=\"application\/ld+json\" class=\"yoast-schema-graph\">{\"@context\":\"https:\/\/schema.org\",\"@graph\":[{\"@type\":\"Article\",\"@id\":\"https:\/\/apuntesdesanluis.com\/index.php\/2025\/03\/31\/por-reiterancia-disponen-prision-preventiva-al-hombre-que-hurto-lenceria-erotica\/#article\",\"isPartOf\":{\"@id\":\"https:\/\/apuntesdesanluis.com\/index.php\/2025\/03\/31\/por-reiterancia-disponen-prision-preventiva-al-hombre-que-hurto-lenceria-erotica\/\"},\"author\":{\"name\":\"apuntesdesanluis.com\",\"@id\":\"https:\/\/apuntesdesanluis.com\/#\/schema\/person\/b55151d52296fcce64d1a72538a70b90\"},\"headline\":\"POR REITERANCIA, DISPONEN PRISI\u00d3N PREVENTIVA AL HOMBRE QUE HURT\u00d3 LENCERIA ER\u00d3TICA\",\"datePublished\":\"2025-03-31T17:12:22+00:00\",\"mainEntityOfPage\":{\"@id\":\"https:\/\/apuntesdesanluis.com\/index.php\/2025\/03\/31\/por-reiterancia-disponen-prision-preventiva-al-hombre-que-hurto-lenceria-erotica\/\"},\"wordCount\":481,\"publisher\":{\"@id\":\"https:\/\/apuntesdesanluis.com\/#\/schema\/person\/b55151d52296fcce64d1a72538a70b90\"},\"image\":{\"@id\":\"https:\/\/apuntesdesanluis.com\/index.php\/2025\/03\/31\/por-reiterancia-disponen-prision-preventiva-al-hombre-que-hurto-lenceria-erotica\/#primaryimage\"},\"thumbnailUrl\":\"https:\/\/apuntesdesanluis.com\/wp-content\/uploads\/2025\/03\/LENCERIA.png\",\"articleSection\":[\"Ciudad\/Provincia\"],\"inLanguage\":\"es-AR\"},{\"@type\":\"WebPage\",\"@id\":\"https:\/\/apuntesdesanluis.com\/index.php\/2025\/03\/31\/por-reiterancia-disponen-prision-preventiva-al-hombre-que-hurto-lenceria-erotica\/\",\"url\":\"https:\/\/apuntesdesanluis.com\/index.php\/2025\/03\/31\/por-reiterancia-disponen-prision-preventiva-al-hombre-que-hurto-lenceria-erotica\/\",\"name\":\"POR REITERANCIA, DISPONEN PRISI\u00d3N PREVENTIVA AL HOMBRE QUE HURT\u00d3 LENCERIA ER\u00d3TICA - Apuntes de San Luis\",\"isPartOf\":{\"@id\":\"https:\/\/apuntesdesanluis.com\/#website\"},\"primaryImageOfPage\":{\"@id\":\"https:\/\/apuntesdesanluis.com\/index.php\/2025\/03\/31\/por-reiterancia-disponen-prision-preventiva-al-hombre-que-hurto-lenceria-erotica\/#primaryimage\"},\"image\":{\"@id\":\"https:\/\/apuntesdesanluis.com\/index.php\/2025\/03\/31\/por-reiterancia-disponen-prision-preventiva-al-hombre-que-hurto-lenceria-erotica\/#primaryimage\"},\"thumbnailUrl\":\"https:\/\/apuntesdesanluis.com\/wp-content\/uploads\/2025\/03\/LENCERIA.png\",\"datePublished\":\"2025-03-31T17:12:22+00:00\",\"breadcrumb\":{\"@id\":\"https:\/\/apuntesdesanluis.com\/index.php\/2025\/03\/31\/por-reiterancia-disponen-prision-preventiva-al-hombre-que-hurto-lenceria-erotica\/#breadcrumb\"},\"inLanguage\":\"es-AR\",\"potentialAction\":[{\"@type\":\"ReadAction\",\"target\":[\"https:\/\/apuntesdesanluis.com\/index.php\/2025\/03\/31\/por-reiterancia-disponen-prision-preventiva-al-hombre-que-hurto-lenceria-erotica\/\"]}]},{\"@type\":\"ImageObject\",\"inLanguage\":\"es-AR\",\"@id\":\"https:\/\/apuntesdesanluis.com\/index.php\/2025\/03\/31\/por-reiterancia-disponen-prision-preventiva-al-hombre-que-hurto-lenceria-erotica\/#primaryimage\",\"url\":\"https:\/\/apuntesdesanluis.com\/wp-content\/uploads\/2025\/03\/LENCERIA.png\",\"contentUrl\":\"https:\/\/apuntesdesanluis.com\/wp-content\/uploads\/2025\/03\/LENCERIA.png\",\"width\":800,\"height\":526},{\"@type\":\"BreadcrumbList\",\"@id\":\"https:\/\/apuntesdesanluis.com\/index.php\/2025\/03\/31\/por-reiterancia-disponen-prision-preventiva-al-hombre-que-hurto-lenceria-erotica\/#breadcrumb\",\"itemListElement\":[{\"@type\":\"ListItem\",\"position\":1,\"name\":\"Inicio\",\"item\":\"https:\/\/apuntesdesanluis.com\/\"},{\"@type\":\"ListItem\",\"position\":2,\"name\":\"POR REITERANCIA, DISPONEN PRISI\u00d3N PREVENTIVA AL HOMBRE QUE HURT\u00d3 LENCERIA ER\u00d3TICA\"}]},{\"@type\":\"WebSite\",\"@id\":\"https:\/\/apuntesdesanluis.com\/#website\",\"url\":\"https:\/\/apuntesdesanluis.com\/\",\"name\":\"Apuntes de San Luis\",\"description\":\"\",\"publisher\":{\"@id\":\"https:\/\/apuntesdesanluis.com\/#\/schema\/person\/b55151d52296fcce64d1a72538a70b90\"},\"potentialAction\":[{\"@type\":\"SearchAction\",\"target\":{\"@type\":\"EntryPoint\",\"urlTemplate\":\"https:\/\/apuntesdesanluis.com\/?s={search_term_string}\"},\"query-input\":{\"@type\":\"PropertyValueSpecification\",\"valueRequired\":true,\"valueName\":\"search_term_string\"}}],\"inLanguage\":\"es-AR\"},{\"@type\":[\"Person\",\"Organization\"],\"@id\":\"https:\/\/apuntesdesanluis.com\/#\/schema\/person\/b55151d52296fcce64d1a72538a70b90\",\"name\":\"apuntesdesanluis.com\",\"image\":{\"@type\":\"ImageObject\",\"inLanguage\":\"es-AR\",\"@id\":\"https:\/\/apuntesdesanluis.com\/#\/schema\/person\/image\/\",\"url\":\"https:\/\/apuntesdesanluis.com\/wp-content\/uploads\/2023\/07\/cropped-apuntesdesanluis.png\",\"contentUrl\":\"https:\/\/apuntesdesanluis.com\/wp-content\/uploads\/2023\/07\/cropped-apuntesdesanluis.png\",\"width\":450,\"height\":112,\"caption\":\"apuntesdesanluis.com\"},\"logo\":{\"@id\":\"https:\/\/apuntesdesanluis.com\/#\/schema\/person\/image\/\"},\"sameAs\":[\"https:\/\/apuntesdesanluis.com\"],\"url\":\"https:\/\/apuntesdesanluis.com\/index.php\/author\/apuntesdesanluis-com\/\"}]}<\/script>\n<!-- \/ Yoast SEO plugin. -->","yoast_head_json":{"title":"POR REITERANCIA, DISPONEN PRISI\u00d3N PREVENTIVA AL HOMBRE QUE HURT\u00d3 LENCERIA ER\u00d3TICA - Apuntes de San Luis","robots":{"index":"index","follow":"follow","max-snippet":"max-snippet:-1","max-image-preview":"max-image-preview:large","max-video-preview":"max-video-preview:-1"},"canonical":"https:\/\/apuntesdesanluis.com\/index.php\/2025\/03\/31\/por-reiterancia-disponen-prision-preventiva-al-hombre-que-hurto-lenceria-erotica\/","og_locale":"es_ES","og_type":"article","og_title":"POR REITERANCIA, DISPONEN PRISI\u00d3N PREVENTIVA AL HOMBRE QUE HURT\u00d3 LENCERIA ER\u00d3TICA - Apuntes de San Luis","og_description":"El Dr. Alfredo Cuello, Juez de Garant\u00eda N\u00ba 1 de la Segunda Circunscripci\u00f3n Judicial, dispuso...","og_url":"https:\/\/apuntesdesanluis.com\/index.php\/2025\/03\/31\/por-reiterancia-disponen-prision-preventiva-al-hombre-que-hurto-lenceria-erotica\/","og_site_name":"Apuntes de San Luis","article_published_time":"2025-03-31T17:12:22+00:00","og_image":[{"width":800,"height":526,"url":"https:\/\/apuntesdesanluis.com\/wp-content\/uploads\/2025\/03\/LENCERIA.png","type":"image\/png"}],"author":"apuntesdesanluis.com","twitter_card":"summary_large_image","twitter_misc":{"Escrito por":"apuntesdesanluis.com","Tiempo de lectura":"3 minutos"},"schema":{"@context":"https:\/\/schema.org","@graph":[{"@type":"Article","@id":"https:\/\/apuntesdesanluis.com\/index.php\/2025\/03\/31\/por-reiterancia-disponen-prision-preventiva-al-hombre-que-hurto-lenceria-erotica\/#article","isPartOf":{"@id":"https:\/\/apuntesdesanluis.com\/index.php\/2025\/03\/31\/por-reiterancia-disponen-prision-preventiva-al-hombre-que-hurto-lenceria-erotica\/"},"author":{"name":"apuntesdesanluis.com","@id":"https:\/\/apuntesdesanluis.com\/#\/schema\/person\/b55151d52296fcce64d1a72538a70b90"},"headline":"POR REITERANCIA, DISPONEN PRISI\u00d3N PREVENTIVA AL HOMBRE QUE HURT\u00d3 LENCERIA ER\u00d3TICA","datePublished":"2025-03-31T17:12:22+00:00","mainEntityOfPage":{"@id":"https:\/\/apuntesdesanluis.com\/index.php\/2025\/03\/31\/por-reiterancia-disponen-prision-preventiva-al-hombre-que-hurto-lenceria-erotica\/"},"wordCount":481,"publisher":{"@id":"https:\/\/apuntesdesanluis.com\/#\/schema\/person\/b55151d52296fcce64d1a72538a70b90"},"image":{"@id":"https:\/\/apuntesdesanluis.com\/index.php\/2025\/03\/31\/por-reiterancia-disponen-prision-preventiva-al-hombre-que-hurto-lenceria-erotica\/#primaryimage"},"thumbnailUrl":"https:\/\/apuntesdesanluis.com\/wp-content\/uploads\/2025\/03\/LENCERIA.png","articleSection":["Ciudad\/Provincia"],"inLanguage":"es-AR"},{"@type":"WebPage","@id":"https:\/\/apuntesdesanluis.com\/index.php\/2025\/03\/31\/por-reiterancia-disponen-prision-preventiva-al-hombre-que-hurto-lenceria-erotica\/","url":"https:\/\/apuntesdesanluis.com\/index.php\/2025\/03\/31\/por-reiterancia-disponen-prision-preventiva-al-hombre-que-hurto-lenceria-erotica\/","name":"POR REITERANCIA, DISPONEN PRISI\u00d3N PREVENTIVA AL HOMBRE QUE HURT\u00d3 LENCERIA ER\u00d3TICA - Apuntes de San Luis","isPartOf":{"@id":"https:\/\/apuntesdesanluis.com\/#website"},"primaryImageOfPage":{"@id":"https:\/\/apuntesdesanluis.com\/index.php\/2025\/03\/31\/por-reiterancia-disponen-prision-preventiva-al-hombre-que-hurto-lenceria-erotica\/#primaryimage"},"image":{"@id":"https:\/\/apuntesdesanluis.com\/index.php\/2025\/03\/31\/por-reiterancia-disponen-prision-preventiva-al-hombre-que-hurto-lenceria-erotica\/#primaryimage"},"thumbnailUrl":"https:\/\/apuntesdesanluis.com\/wp-content\/uploads\/2025\/03\/LENCERIA.png","datePublished":"2025-03-31T17:12:22+00:00","breadcrumb":{"@id":"https:\/\/apuntesdesanluis.com\/index.php\/2025\/03\/31\/por-reiterancia-disponen-prision-preventiva-al-hombre-que-hurto-lenceria-erotica\/#breadcrumb"},"inLanguage":"es-AR","potentialAction":[{"@type":"ReadAction","target":["https:\/\/apuntesdesanluis.com\/index.php\/2025\/03\/31\/por-reiterancia-disponen-prision-preventiva-al-hombre-que-hurto-lenceria-erotica\/"]}]},{"@type":"ImageObject","inLanguage":"es-AR","@id":"https:\/\/apuntesdesanluis.com\/index.php\/2025\/03\/31\/por-reiterancia-disponen-prision-preventiva-al-hombre-que-hurto-lenceria-erotica\/#primaryimage","url":"https:\/\/apuntesdesanluis.com\/wp-content\/uploads\/2025\/03\/LENCERIA.png","contentUrl":"https:\/\/apuntesdesanluis.com\/wp-content\/uploads\/2025\/03\/LENCERIA.png","width":800,"height":526},{"@type":"BreadcrumbList","@id":"https:\/\/apuntesdesanluis.com\/index.php\/2025\/03\/31\/por-reiterancia-disponen-prision-preventiva-al-hombre-que-hurto-lenceria-erotica\/#breadcrumb","itemListElement":[{"@type":"ListItem","position":1,"name":"Inicio","item":"https:\/\/apuntesdesanluis.com\/"},{"@type":"ListItem","position":2,"name":"POR REITERANCIA, DISPONEN PRISI\u00d3N PREVENTIVA AL HOMBRE QUE HURT\u00d3 LENCERIA ER\u00d3TICA"}]},{"@type":"WebSite","@id":"https:\/\/apuntesdesanluis.com\/#website","url":"https:\/\/apuntesdesanluis.com\/","name":"Apuntes de San Luis","description":"","publisher":{"@id":"https:\/\/apuntesdesanluis.com\/#\/schema\/person\/b55151d52296fcce64d1a72538a70b90"},"potentialAction":[{"@type":"SearchAction","target":{"@type":"EntryPoint","urlTemplate":"https:\/\/apuntesdesanluis.com\/?s={search_term_string}"},"query-input":{"@type":"PropertyValueSpecification","valueRequired":true,"valueName":"search_term_string"}}],"inLanguage":"es-AR"},{"@type":["Person","Organization"],"@id":"https:\/\/apuntesdesanluis.com\/#\/schema\/person\/b55151d52296fcce64d1a72538a70b90","name":"apuntesdesanluis.com","image":{"@type":"ImageObject","inLanguage":"es-AR","@id":"https:\/\/apuntesdesanluis.com\/#\/schema\/person\/image\/","url":"https:\/\/apuntesdesanluis.com\/wp-content\/uploads\/2023\/07\/cropped-apuntesdesanluis.png","contentUrl":"https:\/\/apuntesdesanluis.com\/wp-content\/uploads\/2023\/07\/cropped-apuntesdesanluis.png","width":450,"height":112,"caption":"apuntesdesanluis.com"},"logo":{"@id":"https:\/\/apuntesdesanluis.com\/#\/schema\/person\/image\/"},"sameAs":["https:\/\/apuntesdesanluis.com"],"url":"https:\/\/apuntesdesanluis.com\/index.php\/author\/apuntesdesanluis-com\/"}]}},"featured_image_urls":{"full":["https:\/\/apuntesdesanluis.com\/wp-content\/uploads\/2025\/03\/LENCERIA.png",800,526,false],"thumbnail":["https:\/\/apuntesdesanluis.com\/wp-content\/uploads\/2025\/03\/LENCERIA-150x150.png",150,150,true],"medium":["https:\/\/apuntesdesanluis.com\/wp-content\/uploads\/2025\/03\/LENCERIA-300x197.png",300,197,true],"medium_large":["https:\/\/apuntesdesanluis.com\/wp-content\/uploads\/2025\/03\/LENCERIA-768x505.png",640,421,true],"large":["https:\/\/apuntesdesanluis.com\/wp-content\/uploads\/2025\/03\/LENCERIA.png",640,421,false],"1536x1536":["https:\/\/apuntesdesanluis.com\/wp-content\/uploads\/2025\/03\/LENCERIA.png",800,526,false],"2048x2048":["https:\/\/apuntesdesanluis.com\/wp-content\/uploads\/2025\/03\/LENCERIA.png",800,526,false],"newsever-slider-full":["https:\/\/apuntesdesanluis.com\/wp-content\/uploads\/2025\/03\/LENCERIA.png",800,526,false],"newsever-featured":["https:\/\/apuntesdesanluis.com\/wp-content\/uploads\/2025\/03\/LENCERIA.png",800,526,false],"newsever-medium":["https:\/\/apuntesdesanluis.com\/wp-content\/uploads\/2025\/03\/LENCERIA-720x475.png",720,475,true]},"author_info":{"display_name":"apuntesdesanluis.com","author_link":"https:\/\/apuntesdesanluis.com\/index.php\/author\/apuntesdesanluis-com\/"},"category_info":"<a href=\"https:\/\/apuntesdesanluis.com\/index.php\/category\/ciudad-provincia\/\" rel=\"category tag\">Ciudad\/Provincia<\/a>","tag_info":"Ciudad\/Provincia","comment_count":"0","_links":{"self":[{"href":"https:\/\/apuntesdesanluis.com\/index.php\/wp-json\/wp\/v2\/posts\/31042","targetHints":{"allow":["GET"]}}],"collection":[{"href":"https:\/\/apuntesdesanluis.com\/index.php\/wp-json\/wp\/v2\/posts"}],"about":[{"href":"https:\/\/apuntesdesanluis.com\/index.php\/wp-json\/wp\/v2\/types\/post"}],"author":[{"embeddable":true,"href":"https:\/\/apuntesdesanluis.com\/index.php\/wp-json\/wp\/v2\/users\/1"}],"replies":[{"embeddable":true,"href":"https:\/\/apuntesdesanluis.com\/index.php\/wp-json\/wp\/v2\/comments?post=31042"}],"version-history":[{"count":1,"href":"https:\/\/apuntesdesanluis.com\/index.php\/wp-json\/wp\/v2\/posts\/31042\/revisions"}],"predecessor-version":[{"id":31044,"href":"https:\/\/apuntesdesanluis.com\/index.php\/wp-json\/wp\/v2\/posts\/31042\/revisions\/31044"}],"wp:featuredmedia":[{"embeddable":true,"href":"https:\/\/apuntesdesanluis.com\/index.php\/wp-json\/wp\/v2\/media\/31043"}],"wp:attachment":[{"href":"https:\/\/apuntesdesanluis.com\/index.php\/wp-json\/wp\/v2\/media?parent=31042"}],"wp:term":[{"taxonomy":"category","embeddable":true,"href":"https:\/\/apuntesdesanluis.com\/index.php\/wp-json\/wp\/v2\/categories?post=31042"},{"taxonomy":"post_tag","embeddable":true,"href":"https:\/\/apuntesdesanluis.com\/index.php\/wp-json\/wp\/v2\/tags?post=31042"}],"curies":[{"name":"wp","href":"https:\/\/api.w.org\/{rel}","templated":true}]}}