{"id":31045,"date":"2025-03-31T14:25:52","date_gmt":"2025-03-31T17:25:52","guid":{"rendered":"https:\/\/apuntesdesanluis.com\/?p=31045"},"modified":"2025-03-31T14:25:52","modified_gmt":"2025-03-31T17:25:52","slug":"tilisarao-imputan-por-homicidio-culposo-agravado-en-accidente-de-transito","status":"publish","type":"post","link":"https:\/\/apuntesdesanluis.com\/index.php\/2025\/03\/31\/tilisarao-imputan-por-homicidio-culposo-agravado-en-accidente-de-transito\/","title":{"rendered":"TILISARAO: IMPUTAN POR HOMICIDIO CULPOSO AGRAVADO EN ACCIDENTE DE TR\u00c1NSITO"},"content":{"rendered":"<h3>En la audiencia de formulaci\u00f3n de cargos se imput\u00f3 a <strong>Maximiliano Andr\u00e9s Rodr\u00edguez<\/strong> por el accidente de tr\u00e1nsito en el que muri\u00f3 <strong>Yanina Soledad Adaro<\/strong> y resultaron heridos <strong>Gabriel Simonetti, Milagros Molina, Mario Iv\u00e1n Mu\u00f1oz<\/strong> y <strong>Mario Joel L\u00f3pez.<\/strong><\/h3>\n<h3>La audiencia fue encabezada por el juez de Garant\u00eda N\u00b0 1 de Concar\u00e1n, Nicol\u00e1s Coppola. En representaci\u00f3n del Ministerio P\u00fablico Fiscal intervinieron el Fiscal de Instrucci\u00f3n N\u00b0 1 -Cesar Hugo Salazar Molina- y la Fiscal Adjunta -Andrea Yamil Aguilar-. El imputado fue defendido por los abogados Luis Gatica y Elba Liliana Fernandez. Tambi\u00e9n estuvieron presentes los abogados querellantes -que representan a las v\u00edctimas y a sus familias- el abogado Osvaldo Jorge Albet por Yanina Soledad Adaro, y en representaci\u00f3n de Gabriel Simonetti, Milagros Molina, Mario Iv\u00e1n Mu\u00f1oz y Mario Joel L\u00f3pez, el abogado Eloy Mart\u00edn S\u00e1nchez.<\/h3>\n<h3>A Rodr\u00edguez lo acusan de ser el autor de los delitos de homicidio culposo y lesiones graves culposas, con el agravante de estar alcoholizado al momento del hecho. El accidente ocurri\u00f3 el domingo 12 de enero de este a\u00f1o, en la autopista 55 cerca de Tilisarao.<\/h3>\n<h3>Luego de escuchar a las partes, el Juez orden\u00f3 para el imputado, la prohibici\u00f3n de salida de la provincia durante 90 d\u00edas mientras se desarrolla la investigaci\u00f3n de la causa. Asimismo, tendr\u00e1 que firmar cada 15 d\u00edas el libro de comparecencia en la comisar\u00eda m\u00e1s cercana a su domicilio.<\/h3>\n<h3>Si bien la Fiscal\u00eda solicit\u00f3 la inhabilitaci\u00f3n de Rodr\u00edguez para conducir cualquier tipo de veh\u00edculo automotor, el Juez lo rechaz\u00f3. La investigaci\u00f3n penal se deber\u00e1 concluir en un plazo de 90 d\u00edas.<\/h3>\n<p>&nbsp;<\/p>\n<p>&nbsp;<\/p>\n<p>&nbsp;<\/p>\n<h3><\/h3>\n<h3><\/h3>\n<p>&nbsp;<\/p>\n","protected":false},"excerpt":{"rendered":"<p>En la audiencia de formulaci\u00f3n de cargos se imput\u00f3 a Maximiliano Andr\u00e9s Rodr\u00edguez por el&#8230;<\/p>\n","protected":false},"author":1,"featured_media":31046,"comment_status":"closed","ping_status":"closed","sticky":false,"template":"","format":"standard","meta":{"footnotes":""},"categories":[6],"tags":[],"class_list":["post-31045","post","type-post","status-publish","format-standard","has-post-thumbnail","hentry","category-ciudad-provincia"],"yoast_head":"<!-- This site is optimized with the Yoast SEO plugin v26.1.1 - https:\/\/yoast.com\/wordpress\/plugins\/seo\/ -->\n<title>TILISARAO: IMPUTAN POR HOMICIDIO CULPOSO AGRAVADO EN ACCIDENTE DE TR\u00c1NSITO - Apuntes de San Luis<\/title>\n<meta name=\"robots\" content=\"index, follow, max-snippet:-1, max-image-preview:large, max-video-preview:-1\" \/>\n<link rel=\"canonical\" href=\"https:\/\/apuntesdesanluis.com\/index.php\/2025\/03\/31\/tilisarao-imputan-por-homicidio-culposo-agravado-en-accidente-de-transito\/\" \/>\n<meta property=\"og:locale\" content=\"es_ES\" \/>\n<meta property=\"og:type\" content=\"article\" \/>\n<meta property=\"og:title\" content=\"TILISARAO: IMPUTAN POR HOMICIDIO CULPOSO AGRAVADO EN ACCIDENTE DE TR\u00c1NSITO - Apuntes de San Luis\" \/>\n<meta property=\"og:description\" content=\"En la audiencia de formulaci\u00f3n de cargos se imput\u00f3 a Maximiliano Andr\u00e9s Rodr\u00edguez por el...\" \/>\n<meta property=\"og:url\" content=\"https:\/\/apuntesdesanluis.com\/index.php\/2025\/03\/31\/tilisarao-imputan-por-homicidio-culposo-agravado-en-accidente-de-transito\/\" \/>\n<meta property=\"og:site_name\" content=\"Apuntes de San Luis\" \/>\n<meta property=\"article:published_time\" content=\"2025-03-31T17:25:52+00:00\" \/>\n<meta property=\"og:image\" content=\"https:\/\/apuntesdesanluis.com\/wp-content\/uploads\/2025\/03\/audiencia-concaran.jpg\" \/>\n\t<meta property=\"og:image:width\" content=\"700\" \/>\n\t<meta property=\"og:image:height\" content=\"413\" \/>\n\t<meta property=\"og:image:type\" content=\"image\/jpeg\" \/>\n<meta name=\"author\" content=\"apuntesdesanluis.com\" \/>\n<meta name=\"twitter:card\" content=\"summary_large_image\" \/>\n<meta name=\"twitter:label1\" content=\"Escrito por\" \/>\n\t<meta name=\"twitter:data1\" content=\"apuntesdesanluis.com\" \/>\n\t<meta name=\"twitter:label2\" content=\"Tiempo de lectura\" \/>\n\t<meta name=\"twitter:data2\" content=\"2 minutos\" \/>\n<script type=\"application\/ld+json\" class=\"yoast-schema-graph\">{\"@context\":\"https:\/\/schema.org\",\"@graph\":[{\"@type\":\"Article\",\"@id\":\"https:\/\/apuntesdesanluis.com\/index.php\/2025\/03\/31\/tilisarao-imputan-por-homicidio-culposo-agravado-en-accidente-de-transito\/#article\",\"isPartOf\":{\"@id\":\"https:\/\/apuntesdesanluis.com\/index.php\/2025\/03\/31\/tilisarao-imputan-por-homicidio-culposo-agravado-en-accidente-de-transito\/\"},\"author\":{\"name\":\"apuntesdesanluis.com\",\"@id\":\"https:\/\/apuntesdesanluis.com\/#\/schema\/person\/b55151d52296fcce64d1a72538a70b90\"},\"headline\":\"TILISARAO: IMPUTAN POR HOMICIDIO CULPOSO AGRAVADO EN ACCIDENTE DE TR\u00c1NSITO\",\"datePublished\":\"2025-03-31T17:25:52+00:00\",\"mainEntityOfPage\":{\"@id\":\"https:\/\/apuntesdesanluis.com\/index.php\/2025\/03\/31\/tilisarao-imputan-por-homicidio-culposo-agravado-en-accidente-de-transito\/\"},\"wordCount\":305,\"publisher\":{\"@id\":\"https:\/\/apuntesdesanluis.com\/#\/schema\/person\/b55151d52296fcce64d1a72538a70b90\"},\"image\":{\"@id\":\"https:\/\/apuntesdesanluis.com\/index.php\/2025\/03\/31\/tilisarao-imputan-por-homicidio-culposo-agravado-en-accidente-de-transito\/#primaryimage\"},\"thumbnailUrl\":\"https:\/\/apuntesdesanluis.com\/wp-content\/uploads\/2025\/03\/audiencia-concaran.jpg\",\"articleSection\":[\"Ciudad\/Provincia\"],\"inLanguage\":\"es-AR\"},{\"@type\":\"WebPage\",\"@id\":\"https:\/\/apuntesdesanluis.com\/index.php\/2025\/03\/31\/tilisarao-imputan-por-homicidio-culposo-agravado-en-accidente-de-transito\/\",\"url\":\"https:\/\/apuntesdesanluis.com\/index.php\/2025\/03\/31\/tilisarao-imputan-por-homicidio-culposo-agravado-en-accidente-de-transito\/\",\"name\":\"TILISARAO: IMPUTAN POR HOMICIDIO CULPOSO AGRAVADO EN ACCIDENTE DE TR\u00c1NSITO - Apuntes de San Luis\",\"isPartOf\":{\"@id\":\"https:\/\/apuntesdesanluis.com\/#website\"},\"primaryImageOfPage\":{\"@id\":\"https:\/\/apuntesdesanluis.com\/index.php\/2025\/03\/31\/tilisarao-imputan-por-homicidio-culposo-agravado-en-accidente-de-transito\/#primaryimage\"},\"image\":{\"@id\":\"https:\/\/apuntesdesanluis.com\/index.php\/2025\/03\/31\/tilisarao-imputan-por-homicidio-culposo-agravado-en-accidente-de-transito\/#primaryimage\"},\"thumbnailUrl\":\"https:\/\/apuntesdesanluis.com\/wp-content\/uploads\/2025\/03\/audiencia-concaran.jpg\",\"datePublished\":\"2025-03-31T17:25:52+00:00\",\"breadcrumb\":{\"@id\":\"https:\/\/apuntesdesanluis.com\/index.php\/2025\/03\/31\/tilisarao-imputan-por-homicidio-culposo-agravado-en-accidente-de-transito\/#breadcrumb\"},\"inLanguage\":\"es-AR\",\"potentialAction\":[{\"@type\":\"ReadAction\",\"target\":[\"https:\/\/apuntesdesanluis.com\/index.php\/2025\/03\/31\/tilisarao-imputan-por-homicidio-culposo-agravado-en-accidente-de-transito\/\"]}]},{\"@type\":\"ImageObject\",\"inLanguage\":\"es-AR\",\"@id\":\"https:\/\/apuntesdesanluis.com\/index.php\/2025\/03\/31\/tilisarao-imputan-por-homicidio-culposo-agravado-en-accidente-de-transito\/#primaryimage\",\"url\":\"https:\/\/apuntesdesanluis.com\/wp-content\/uploads\/2025\/03\/audiencia-concaran.jpg\",\"contentUrl\":\"https:\/\/apuntesdesanluis.com\/wp-content\/uploads\/2025\/03\/audiencia-concaran.jpg\",\"width\":700,\"height\":413},{\"@type\":\"BreadcrumbList\",\"@id\":\"https:\/\/apuntesdesanluis.com\/index.php\/2025\/03\/31\/tilisarao-imputan-por-homicidio-culposo-agravado-en-accidente-de-transito\/#breadcrumb\",\"itemListElement\":[{\"@type\":\"ListItem\",\"position\":1,\"name\":\"Inicio\",\"item\":\"https:\/\/apuntesdesanluis.com\/\"},{\"@type\":\"ListItem\",\"position\":2,\"name\":\"TILISARAO: IMPUTAN POR HOMICIDIO CULPOSO AGRAVADO EN ACCIDENTE DE TR\u00c1NSITO\"}]},{\"@type\":\"WebSite\",\"@id\":\"https:\/\/apuntesdesanluis.com\/#website\",\"url\":\"https:\/\/apuntesdesanluis.com\/\",\"name\":\"Apuntes de San Luis\",\"description\":\"\",\"publisher\":{\"@id\":\"https:\/\/apuntesdesanluis.com\/#\/schema\/person\/b55151d52296fcce64d1a72538a70b90\"},\"potentialAction\":[{\"@type\":\"SearchAction\",\"target\":{\"@type\":\"EntryPoint\",\"urlTemplate\":\"https:\/\/apuntesdesanluis.com\/?s={search_term_string}\"},\"query-input\":{\"@type\":\"PropertyValueSpecification\",\"valueRequired\":true,\"valueName\":\"search_term_string\"}}],\"inLanguage\":\"es-AR\"},{\"@type\":[\"Person\",\"Organization\"],\"@id\":\"https:\/\/apuntesdesanluis.com\/#\/schema\/person\/b55151d52296fcce64d1a72538a70b90\",\"name\":\"apuntesdesanluis.com\",\"image\":{\"@type\":\"ImageObject\",\"inLanguage\":\"es-AR\",\"@id\":\"https:\/\/apuntesdesanluis.com\/#\/schema\/person\/image\/\",\"url\":\"https:\/\/apuntesdesanluis.com\/wp-content\/uploads\/2023\/07\/cropped-apuntesdesanluis.png\",\"contentUrl\":\"https:\/\/apuntesdesanluis.com\/wp-content\/uploads\/2023\/07\/cropped-apuntesdesanluis.png\",\"width\":450,\"height\":112,\"caption\":\"apuntesdesanluis.com\"},\"logo\":{\"@id\":\"https:\/\/apuntesdesanluis.com\/#\/schema\/person\/image\/\"},\"sameAs\":[\"https:\/\/apuntesdesanluis.com\"],\"url\":\"https:\/\/apuntesdesanluis.com\/index.php\/author\/apuntesdesanluis-com\/\"}]}<\/script>\n<!-- \/ Yoast SEO plugin. -->","yoast_head_json":{"title":"TILISARAO: IMPUTAN POR HOMICIDIO CULPOSO AGRAVADO EN ACCIDENTE DE TR\u00c1NSITO - Apuntes de San Luis","robots":{"index":"index","follow":"follow","max-snippet":"max-snippet:-1","max-image-preview":"max-image-preview:large","max-video-preview":"max-video-preview:-1"},"canonical":"https:\/\/apuntesdesanluis.com\/index.php\/2025\/03\/31\/tilisarao-imputan-por-homicidio-culposo-agravado-en-accidente-de-transito\/","og_locale":"es_ES","og_type":"article","og_title":"TILISARAO: IMPUTAN POR HOMICIDIO CULPOSO AGRAVADO EN ACCIDENTE DE TR\u00c1NSITO - Apuntes de San Luis","og_description":"En la audiencia de formulaci\u00f3n de cargos se imput\u00f3 a Maximiliano Andr\u00e9s Rodr\u00edguez por el...","og_url":"https:\/\/apuntesdesanluis.com\/index.php\/2025\/03\/31\/tilisarao-imputan-por-homicidio-culposo-agravado-en-accidente-de-transito\/","og_site_name":"Apuntes de San Luis","article_published_time":"2025-03-31T17:25:52+00:00","og_image":[{"width":700,"height":413,"url":"https:\/\/apuntesdesanluis.com\/wp-content\/uploads\/2025\/03\/audiencia-concaran.jpg","type":"image\/jpeg"}],"author":"apuntesdesanluis.com","twitter_card":"summary_large_image","twitter_misc":{"Escrito por":"apuntesdesanluis.com","Tiempo de lectura":"2 minutos"},"schema":{"@context":"https:\/\/schema.org","@graph":[{"@type":"Article","@id":"https:\/\/apuntesdesanluis.com\/index.php\/2025\/03\/31\/tilisarao-imputan-por-homicidio-culposo-agravado-en-accidente-de-transito\/#article","isPartOf":{"@id":"https:\/\/apuntesdesanluis.com\/index.php\/2025\/03\/31\/tilisarao-imputan-por-homicidio-culposo-agravado-en-accidente-de-transito\/"},"author":{"name":"apuntesdesanluis.com","@id":"https:\/\/apuntesdesanluis.com\/#\/schema\/person\/b55151d52296fcce64d1a72538a70b90"},"headline":"TILISARAO: IMPUTAN POR HOMICIDIO CULPOSO AGRAVADO EN ACCIDENTE DE TR\u00c1NSITO","datePublished":"2025-03-31T17:25:52+00:00","mainEntityOfPage":{"@id":"https:\/\/apuntesdesanluis.com\/index.php\/2025\/03\/31\/tilisarao-imputan-por-homicidio-culposo-agravado-en-accidente-de-transito\/"},"wordCount":305,"publisher":{"@id":"https:\/\/apuntesdesanluis.com\/#\/schema\/person\/b55151d52296fcce64d1a72538a70b90"},"image":{"@id":"https:\/\/apuntesdesanluis.com\/index.php\/2025\/03\/31\/tilisarao-imputan-por-homicidio-culposo-agravado-en-accidente-de-transito\/#primaryimage"},"thumbnailUrl":"https:\/\/apuntesdesanluis.com\/wp-content\/uploads\/2025\/03\/audiencia-concaran.jpg","articleSection":["Ciudad\/Provincia"],"inLanguage":"es-AR"},{"@type":"WebPage","@id":"https:\/\/apuntesdesanluis.com\/index.php\/2025\/03\/31\/tilisarao-imputan-por-homicidio-culposo-agravado-en-accidente-de-transito\/","url":"https:\/\/apuntesdesanluis.com\/index.php\/2025\/03\/31\/tilisarao-imputan-por-homicidio-culposo-agravado-en-accidente-de-transito\/","name":"TILISARAO: IMPUTAN POR HOMICIDIO CULPOSO AGRAVADO EN ACCIDENTE DE TR\u00c1NSITO - Apuntes de San Luis","isPartOf":{"@id":"https:\/\/apuntesdesanluis.com\/#website"},"primaryImageOfPage":{"@id":"https:\/\/apuntesdesanluis.com\/index.php\/2025\/03\/31\/tilisarao-imputan-por-homicidio-culposo-agravado-en-accidente-de-transito\/#primaryimage"},"image":{"@id":"https:\/\/apuntesdesanluis.com\/index.php\/2025\/03\/31\/tilisarao-imputan-por-homicidio-culposo-agravado-en-accidente-de-transito\/#primaryimage"},"thumbnailUrl":"https:\/\/apuntesdesanluis.com\/wp-content\/uploads\/2025\/03\/audiencia-concaran.jpg","datePublished":"2025-03-31T17:25:52+00:00","breadcrumb":{"@id":"https:\/\/apuntesdesanluis.com\/index.php\/2025\/03\/31\/tilisarao-imputan-por-homicidio-culposo-agravado-en-accidente-de-transito\/#breadcrumb"},"inLanguage":"es-AR","potentialAction":[{"@type":"ReadAction","target":["https:\/\/apuntesdesanluis.com\/index.php\/2025\/03\/31\/tilisarao-imputan-por-homicidio-culposo-agravado-en-accidente-de-transito\/"]}]},{"@type":"ImageObject","inLanguage":"es-AR","@id":"https:\/\/apuntesdesanluis.com\/index.php\/2025\/03\/31\/tilisarao-imputan-por-homicidio-culposo-agravado-en-accidente-de-transito\/#primaryimage","url":"https:\/\/apuntesdesanluis.com\/wp-content\/uploads\/2025\/03\/audiencia-concaran.jpg","contentUrl":"https:\/\/apuntesdesanluis.com\/wp-content\/uploads\/2025\/03\/audiencia-concaran.jpg","width":700,"height":413},{"@type":"BreadcrumbList","@id":"https:\/\/apuntesdesanluis.com\/index.php\/2025\/03\/31\/tilisarao-imputan-por-homicidio-culposo-agravado-en-accidente-de-transito\/#breadcrumb","itemListElement":[{"@type":"ListItem","position":1,"name":"Inicio","item":"https:\/\/apuntesdesanluis.com\/"},{"@type":"ListItem","position":2,"name":"TILISARAO: IMPUTAN POR HOMICIDIO CULPOSO AGRAVADO EN ACCIDENTE DE TR\u00c1NSITO"}]},{"@type":"WebSite","@id":"https:\/\/apuntesdesanluis.com\/#website","url":"https:\/\/apuntesdesanluis.com\/","name":"Apuntes de San Luis","description":"","publisher":{"@id":"https:\/\/apuntesdesanluis.com\/#\/schema\/person\/b55151d52296fcce64d1a72538a70b90"},"potentialAction":[{"@type":"SearchAction","target":{"@type":"EntryPoint","urlTemplate":"https:\/\/apuntesdesanluis.com\/?s={search_term_string}"},"query-input":{"@type":"PropertyValueSpecification","valueRequired":true,"valueName":"search_term_string"}}],"inLanguage":"es-AR"},{"@type":["Person","Organization"],"@id":"https:\/\/apuntesdesanluis.com\/#\/schema\/person\/b55151d52296fcce64d1a72538a70b90","name":"apuntesdesanluis.com","image":{"@type":"ImageObject","inLanguage":"es-AR","@id":"https:\/\/apuntesdesanluis.com\/#\/schema\/person\/image\/","url":"https:\/\/apuntesdesanluis.com\/wp-content\/uploads\/2023\/07\/cropped-apuntesdesanluis.png","contentUrl":"https:\/\/apuntesdesanluis.com\/wp-content\/uploads\/2023\/07\/cropped-apuntesdesanluis.png","width":450,"height":112,"caption":"apuntesdesanluis.com"},"logo":{"@id":"https:\/\/apuntesdesanluis.com\/#\/schema\/person\/image\/"},"sameAs":["https:\/\/apuntesdesanluis.com"],"url":"https:\/\/apuntesdesanluis.com\/index.php\/author\/apuntesdesanluis-com\/"}]}},"featured_image_urls":{"full":["https:\/\/apuntesdesanluis.com\/wp-content\/uploads\/2025\/03\/audiencia-concaran.jpg",700,413,false],"thumbnail":["https:\/\/apuntesdesanluis.com\/wp-content\/uploads\/2025\/03\/audiencia-concaran-150x150.jpg",150,150,true],"medium":["https:\/\/apuntesdesanluis.com\/wp-content\/uploads\/2025\/03\/audiencia-concaran-300x177.jpg",300,177,true],"medium_large":["https:\/\/apuntesdesanluis.com\/wp-content\/uploads\/2025\/03\/audiencia-concaran.jpg",640,378,false],"large":["https:\/\/apuntesdesanluis.com\/wp-content\/uploads\/2025\/03\/audiencia-concaran.jpg",640,378,false],"1536x1536":["https:\/\/apuntesdesanluis.com\/wp-content\/uploads\/2025\/03\/audiencia-concaran.jpg",700,413,false],"2048x2048":["https:\/\/apuntesdesanluis.com\/wp-content\/uploads\/2025\/03\/audiencia-concaran.jpg",700,413,false],"newsever-slider-full":["https:\/\/apuntesdesanluis.com\/wp-content\/uploads\/2025\/03\/audiencia-concaran.jpg",700,413,false],"newsever-featured":["https:\/\/apuntesdesanluis.com\/wp-content\/uploads\/2025\/03\/audiencia-concaran.jpg",700,413,false],"newsever-medium":["https:\/\/apuntesdesanluis.com\/wp-content\/uploads\/2025\/03\/audiencia-concaran.jpg",700,413,false]},"author_info":{"display_name":"apuntesdesanluis.com","author_link":"https:\/\/apuntesdesanluis.com\/index.php\/author\/apuntesdesanluis-com\/"},"category_info":"<a href=\"https:\/\/apuntesdesanluis.com\/index.php\/category\/ciudad-provincia\/\" rel=\"category tag\">Ciudad\/Provincia<\/a>","tag_info":"Ciudad\/Provincia","comment_count":"0","_links":{"self":[{"href":"https:\/\/apuntesdesanluis.com\/index.php\/wp-json\/wp\/v2\/posts\/31045","targetHints":{"allow":["GET"]}}],"collection":[{"href":"https:\/\/apuntesdesanluis.com\/index.php\/wp-json\/wp\/v2\/posts"}],"about":[{"href":"https:\/\/apuntesdesanluis.com\/index.php\/wp-json\/wp\/v2\/types\/post"}],"author":[{"embeddable":true,"href":"https:\/\/apuntesdesanluis.com\/index.php\/wp-json\/wp\/v2\/users\/1"}],"replies":[{"embeddable":true,"href":"https:\/\/apuntesdesanluis.com\/index.php\/wp-json\/wp\/v2\/comments?post=31045"}],"version-history":[{"count":1,"href":"https:\/\/apuntesdesanluis.com\/index.php\/wp-json\/wp\/v2\/posts\/31045\/revisions"}],"predecessor-version":[{"id":31047,"href":"https:\/\/apuntesdesanluis.com\/index.php\/wp-json\/wp\/v2\/posts\/31045\/revisions\/31047"}],"wp:featuredmedia":[{"embeddable":true,"href":"https:\/\/apuntesdesanluis.com\/index.php\/wp-json\/wp\/v2\/media\/31046"}],"wp:attachment":[{"href":"https:\/\/apuntesdesanluis.com\/index.php\/wp-json\/wp\/v2\/media?parent=31045"}],"wp:term":[{"taxonomy":"category","embeddable":true,"href":"https:\/\/apuntesdesanluis.com\/index.php\/wp-json\/wp\/v2\/categories?post=31045"},{"taxonomy":"post_tag","embeddable":true,"href":"https:\/\/apuntesdesanluis.com\/index.php\/wp-json\/wp\/v2\/tags?post=31045"}],"curies":[{"name":"wp","href":"https:\/\/api.w.org\/{rel}","templated":true}]}}