{"id":31048,"date":"2025-03-31T17:57:36","date_gmt":"2025-03-31T20:57:36","guid":{"rendered":"https:\/\/apuntesdesanluis.com\/?p=31048"},"modified":"2025-03-31T17:57:36","modified_gmt":"2025-03-31T20:57:36","slug":"expectativa-por-los-anuncios-del-gobernador-claudio-poggi","status":"publish","type":"post","link":"https:\/\/apuntesdesanluis.com\/index.php\/2025\/03\/31\/expectativa-por-los-anuncios-del-gobernador-claudio-poggi\/","title":{"rendered":"EXPECTATIVA POR LOS ANUNCIOS DEL GOBERNADOR CLAUDIO POGGI"},"content":{"rendered":"<h3>El primer mandatario brindar\u00e1 este martes al mediod\u00eda su mensaje ante legisladores provinciales, invitados especiales, la prensa y el p\u00fablico que se acerque a las escalinatas del Palacio Legislativo, en la apertura del 149\u00b0 Per\u00edodo de Sesiones Ordinarias de la Legislatura.<\/h3>\n<h3>En uno de los mayores actos que provee la democracia, el gobernador <strong>Claudio Poggi <\/strong>ofrecer\u00e1 este martes 1\u00b0 de abril su informe de gesti\u00f3n, exponiendo la situaci\u00f3n econ\u00f3mica y financiera de la provincia, las acciones concretadas, los proyectos y planes para el a\u00f1o en curso y las principales iniciativas legislativas que promover\u00e1.<\/h3>\n<p><img fetchpriority=\"high\" decoding=\"async\" class=\"wp-image-31050 aligncenter\" src=\"https:\/\/apuntesdesanluis.com\/wp-content\/uploads\/2025\/03\/asamblea-legislativa-300x174.png\" alt=\"\" width=\"733\" height=\"425\" srcset=\"https:\/\/apuntesdesanluis.com\/wp-content\/uploads\/2025\/03\/asamblea-legislativa-300x174.png 300w, https:\/\/apuntesdesanluis.com\/wp-content\/uploads\/2025\/03\/asamblea-legislativa-768x444.png 768w, https:\/\/apuntesdesanluis.com\/wp-content\/uploads\/2025\/03\/asamblea-legislativa.png 800w\" sizes=\"(max-width: 733px) 100vw, 733px\" \/><\/p>\n<h3>A partir de las 12:30, la ceremonia se transmitir\u00e1 en vivo desde la Legislatura provincial a trav\u00e9s de la Agencia de Noticias San Luis, San Luis + y las redes sociales del Gobierno de San Luis.<\/h3>\n<h3>En San Luis, la Legislatura provincial se compone de dos c\u00e1maras: la de Diputados con 43 representantes, y la de Senadores con nueve miembros. El per\u00edodo de sesiones ordinarias comienza el 1\u00b0 de abril y se extiende hasta el 30 de noviembre.<\/h3>\n<p>&nbsp;<\/p>\n<p>&nbsp;<\/p>\n<p>&nbsp;<\/p>\n<h3><\/h3>\n<h3><\/h3>\n<p>&nbsp;<\/p>\n","protected":false},"excerpt":{"rendered":"<p>El primer mandatario brindar\u00e1 este martes al mediod\u00eda su mensaje ante legisladores provinciales, invitados especiales,&#8230;<\/p>\n","protected":false},"author":1,"featured_media":31049,"comment_status":"closed","ping_status":"closed","sticky":false,"template":"","format":"standard","meta":{"footnotes":""},"categories":[6],"tags":[],"class_list":["post-31048","post","type-post","status-publish","format-standard","has-post-thumbnail","hentry","category-ciudad-provincia"],"yoast_head":"<!-- This site is optimized with the Yoast SEO plugin v26.1.1 - https:\/\/yoast.com\/wordpress\/plugins\/seo\/ -->\n<title>EXPECTATIVA POR LOS ANUNCIOS DEL GOBERNADOR CLAUDIO POGGI - Apuntes de San Luis<\/title>\n<meta name=\"robots\" content=\"index, follow, max-snippet:-1, max-image-preview:large, max-video-preview:-1\" \/>\n<link rel=\"canonical\" href=\"https:\/\/apuntesdesanluis.com\/index.php\/2025\/03\/31\/expectativa-por-los-anuncios-del-gobernador-claudio-poggi\/\" \/>\n<meta property=\"og:locale\" content=\"es_ES\" \/>\n<meta property=\"og:type\" content=\"article\" \/>\n<meta property=\"og:title\" content=\"EXPECTATIVA POR LOS ANUNCIOS DEL GOBERNADOR CLAUDIO POGGI - Apuntes de San Luis\" \/>\n<meta property=\"og:description\" content=\"El primer mandatario brindar\u00e1 este martes al mediod\u00eda su mensaje ante legisladores provinciales, invitados especiales,...\" \/>\n<meta property=\"og:url\" content=\"https:\/\/apuntesdesanluis.com\/index.php\/2025\/03\/31\/expectativa-por-los-anuncios-del-gobernador-claudio-poggi\/\" \/>\n<meta property=\"og:site_name\" content=\"Apuntes de San Luis\" \/>\n<meta property=\"article:published_time\" content=\"2025-03-31T20:57:36+00:00\" \/>\n<meta property=\"og:image\" content=\"https:\/\/apuntesdesanluis.com\/wp-content\/uploads\/2025\/03\/claudio-poggi-1.png\" \/>\n\t<meta property=\"og:image:width\" content=\"700\" \/>\n\t<meta property=\"og:image:height\" content=\"467\" \/>\n\t<meta property=\"og:image:type\" content=\"image\/png\" \/>\n<meta name=\"author\" content=\"apuntesdesanluis.com\" \/>\n<meta name=\"twitter:card\" content=\"summary_large_image\" \/>\n<meta name=\"twitter:label1\" content=\"Escrito por\" \/>\n\t<meta name=\"twitter:data1\" content=\"apuntesdesanluis.com\" \/>\n\t<meta name=\"twitter:label2\" content=\"Tiempo de lectura\" \/>\n\t<meta name=\"twitter:data2\" content=\"2 minutos\" \/>\n<script type=\"application\/ld+json\" class=\"yoast-schema-graph\">{\"@context\":\"https:\/\/schema.org\",\"@graph\":[{\"@type\":\"Article\",\"@id\":\"https:\/\/apuntesdesanluis.com\/index.php\/2025\/03\/31\/expectativa-por-los-anuncios-del-gobernador-claudio-poggi\/#article\",\"isPartOf\":{\"@id\":\"https:\/\/apuntesdesanluis.com\/index.php\/2025\/03\/31\/expectativa-por-los-anuncios-del-gobernador-claudio-poggi\/\"},\"author\":{\"name\":\"apuntesdesanluis.com\",\"@id\":\"https:\/\/apuntesdesanluis.com\/#\/schema\/person\/b55151d52296fcce64d1a72538a70b90\"},\"headline\":\"EXPECTATIVA POR LOS ANUNCIOS DEL GOBERNADOR CLAUDIO POGGI\",\"datePublished\":\"2025-03-31T20:57:36+00:00\",\"mainEntityOfPage\":{\"@id\":\"https:\/\/apuntesdesanluis.com\/index.php\/2025\/03\/31\/expectativa-por-los-anuncios-del-gobernador-claudio-poggi\/\"},\"wordCount\":186,\"publisher\":{\"@id\":\"https:\/\/apuntesdesanluis.com\/#\/schema\/person\/b55151d52296fcce64d1a72538a70b90\"},\"image\":{\"@id\":\"https:\/\/apuntesdesanluis.com\/index.php\/2025\/03\/31\/expectativa-por-los-anuncios-del-gobernador-claudio-poggi\/#primaryimage\"},\"thumbnailUrl\":\"https:\/\/apuntesdesanluis.com\/wp-content\/uploads\/2025\/03\/claudio-poggi-1.png\",\"articleSection\":[\"Ciudad\/Provincia\"],\"inLanguage\":\"es-AR\"},{\"@type\":\"WebPage\",\"@id\":\"https:\/\/apuntesdesanluis.com\/index.php\/2025\/03\/31\/expectativa-por-los-anuncios-del-gobernador-claudio-poggi\/\",\"url\":\"https:\/\/apuntesdesanluis.com\/index.php\/2025\/03\/31\/expectativa-por-los-anuncios-del-gobernador-claudio-poggi\/\",\"name\":\"EXPECTATIVA POR LOS ANUNCIOS DEL GOBERNADOR CLAUDIO POGGI - Apuntes de San Luis\",\"isPartOf\":{\"@id\":\"https:\/\/apuntesdesanluis.com\/#website\"},\"primaryImageOfPage\":{\"@id\":\"https:\/\/apuntesdesanluis.com\/index.php\/2025\/03\/31\/expectativa-por-los-anuncios-del-gobernador-claudio-poggi\/#primaryimage\"},\"image\":{\"@id\":\"https:\/\/apuntesdesanluis.com\/index.php\/2025\/03\/31\/expectativa-por-los-anuncios-del-gobernador-claudio-poggi\/#primaryimage\"},\"thumbnailUrl\":\"https:\/\/apuntesdesanluis.com\/wp-content\/uploads\/2025\/03\/claudio-poggi-1.png\",\"datePublished\":\"2025-03-31T20:57:36+00:00\",\"breadcrumb\":{\"@id\":\"https:\/\/apuntesdesanluis.com\/index.php\/2025\/03\/31\/expectativa-por-los-anuncios-del-gobernador-claudio-poggi\/#breadcrumb\"},\"inLanguage\":\"es-AR\",\"potentialAction\":[{\"@type\":\"ReadAction\",\"target\":[\"https:\/\/apuntesdesanluis.com\/index.php\/2025\/03\/31\/expectativa-por-los-anuncios-del-gobernador-claudio-poggi\/\"]}]},{\"@type\":\"ImageObject\",\"inLanguage\":\"es-AR\",\"@id\":\"https:\/\/apuntesdesanluis.com\/index.php\/2025\/03\/31\/expectativa-por-los-anuncios-del-gobernador-claudio-poggi\/#primaryimage\",\"url\":\"https:\/\/apuntesdesanluis.com\/wp-content\/uploads\/2025\/03\/claudio-poggi-1.png\",\"contentUrl\":\"https:\/\/apuntesdesanluis.com\/wp-content\/uploads\/2025\/03\/claudio-poggi-1.png\",\"width\":700,\"height\":467},{\"@type\":\"BreadcrumbList\",\"@id\":\"https:\/\/apuntesdesanluis.com\/index.php\/2025\/03\/31\/expectativa-por-los-anuncios-del-gobernador-claudio-poggi\/#breadcrumb\",\"itemListElement\":[{\"@type\":\"ListItem\",\"position\":1,\"name\":\"Inicio\",\"item\":\"https:\/\/apuntesdesanluis.com\/\"},{\"@type\":\"ListItem\",\"position\":2,\"name\":\"EXPECTATIVA POR LOS ANUNCIOS DEL GOBERNADOR CLAUDIO POGGI\"}]},{\"@type\":\"WebSite\",\"@id\":\"https:\/\/apuntesdesanluis.com\/#website\",\"url\":\"https:\/\/apuntesdesanluis.com\/\",\"name\":\"Apuntes de San Luis\",\"description\":\"\",\"publisher\":{\"@id\":\"https:\/\/apuntesdesanluis.com\/#\/schema\/person\/b55151d52296fcce64d1a72538a70b90\"},\"potentialAction\":[{\"@type\":\"SearchAction\",\"target\":{\"@type\":\"EntryPoint\",\"urlTemplate\":\"https:\/\/apuntesdesanluis.com\/?s={search_term_string}\"},\"query-input\":{\"@type\":\"PropertyValueSpecification\",\"valueRequired\":true,\"valueName\":\"search_term_string\"}}],\"inLanguage\":\"es-AR\"},{\"@type\":[\"Person\",\"Organization\"],\"@id\":\"https:\/\/apuntesdesanluis.com\/#\/schema\/person\/b55151d52296fcce64d1a72538a70b90\",\"name\":\"apuntesdesanluis.com\",\"image\":{\"@type\":\"ImageObject\",\"inLanguage\":\"es-AR\",\"@id\":\"https:\/\/apuntesdesanluis.com\/#\/schema\/person\/image\/\",\"url\":\"https:\/\/apuntesdesanluis.com\/wp-content\/uploads\/2023\/07\/cropped-apuntesdesanluis.png\",\"contentUrl\":\"https:\/\/apuntesdesanluis.com\/wp-content\/uploads\/2023\/07\/cropped-apuntesdesanluis.png\",\"width\":450,\"height\":112,\"caption\":\"apuntesdesanluis.com\"},\"logo\":{\"@id\":\"https:\/\/apuntesdesanluis.com\/#\/schema\/person\/image\/\"},\"sameAs\":[\"https:\/\/apuntesdesanluis.com\"],\"url\":\"https:\/\/apuntesdesanluis.com\/index.php\/author\/apuntesdesanluis-com\/\"}]}<\/script>\n<!-- \/ Yoast SEO plugin. -->","yoast_head_json":{"title":"EXPECTATIVA POR LOS ANUNCIOS DEL GOBERNADOR CLAUDIO POGGI - Apuntes de San Luis","robots":{"index":"index","follow":"follow","max-snippet":"max-snippet:-1","max-image-preview":"max-image-preview:large","max-video-preview":"max-video-preview:-1"},"canonical":"https:\/\/apuntesdesanluis.com\/index.php\/2025\/03\/31\/expectativa-por-los-anuncios-del-gobernador-claudio-poggi\/","og_locale":"es_ES","og_type":"article","og_title":"EXPECTATIVA POR LOS ANUNCIOS DEL GOBERNADOR CLAUDIO POGGI - Apuntes de San Luis","og_description":"El primer mandatario brindar\u00e1 este martes al mediod\u00eda su mensaje ante legisladores provinciales, invitados especiales,...","og_url":"https:\/\/apuntesdesanluis.com\/index.php\/2025\/03\/31\/expectativa-por-los-anuncios-del-gobernador-claudio-poggi\/","og_site_name":"Apuntes de San Luis","article_published_time":"2025-03-31T20:57:36+00:00","og_image":[{"width":700,"height":467,"url":"https:\/\/apuntesdesanluis.com\/wp-content\/uploads\/2025\/03\/claudio-poggi-1.png","type":"image\/png"}],"author":"apuntesdesanluis.com","twitter_card":"summary_large_image","twitter_misc":{"Escrito por":"apuntesdesanluis.com","Tiempo de lectura":"2 minutos"},"schema":{"@context":"https:\/\/schema.org","@graph":[{"@type":"Article","@id":"https:\/\/apuntesdesanluis.com\/index.php\/2025\/03\/31\/expectativa-por-los-anuncios-del-gobernador-claudio-poggi\/#article","isPartOf":{"@id":"https:\/\/apuntesdesanluis.com\/index.php\/2025\/03\/31\/expectativa-por-los-anuncios-del-gobernador-claudio-poggi\/"},"author":{"name":"apuntesdesanluis.com","@id":"https:\/\/apuntesdesanluis.com\/#\/schema\/person\/b55151d52296fcce64d1a72538a70b90"},"headline":"EXPECTATIVA POR LOS ANUNCIOS DEL GOBERNADOR CLAUDIO POGGI","datePublished":"2025-03-31T20:57:36+00:00","mainEntityOfPage":{"@id":"https:\/\/apuntesdesanluis.com\/index.php\/2025\/03\/31\/expectativa-por-los-anuncios-del-gobernador-claudio-poggi\/"},"wordCount":186,"publisher":{"@id":"https:\/\/apuntesdesanluis.com\/#\/schema\/person\/b55151d52296fcce64d1a72538a70b90"},"image":{"@id":"https:\/\/apuntesdesanluis.com\/index.php\/2025\/03\/31\/expectativa-por-los-anuncios-del-gobernador-claudio-poggi\/#primaryimage"},"thumbnailUrl":"https:\/\/apuntesdesanluis.com\/wp-content\/uploads\/2025\/03\/claudio-poggi-1.png","articleSection":["Ciudad\/Provincia"],"inLanguage":"es-AR"},{"@type":"WebPage","@id":"https:\/\/apuntesdesanluis.com\/index.php\/2025\/03\/31\/expectativa-por-los-anuncios-del-gobernador-claudio-poggi\/","url":"https:\/\/apuntesdesanluis.com\/index.php\/2025\/03\/31\/expectativa-por-los-anuncios-del-gobernador-claudio-poggi\/","name":"EXPECTATIVA POR LOS ANUNCIOS DEL GOBERNADOR CLAUDIO POGGI - Apuntes de San Luis","isPartOf":{"@id":"https:\/\/apuntesdesanluis.com\/#website"},"primaryImageOfPage":{"@id":"https:\/\/apuntesdesanluis.com\/index.php\/2025\/03\/31\/expectativa-por-los-anuncios-del-gobernador-claudio-poggi\/#primaryimage"},"image":{"@id":"https:\/\/apuntesdesanluis.com\/index.php\/2025\/03\/31\/expectativa-por-los-anuncios-del-gobernador-claudio-poggi\/#primaryimage"},"thumbnailUrl":"https:\/\/apuntesdesanluis.com\/wp-content\/uploads\/2025\/03\/claudio-poggi-1.png","datePublished":"2025-03-31T20:57:36+00:00","breadcrumb":{"@id":"https:\/\/apuntesdesanluis.com\/index.php\/2025\/03\/31\/expectativa-por-los-anuncios-del-gobernador-claudio-poggi\/#breadcrumb"},"inLanguage":"es-AR","potentialAction":[{"@type":"ReadAction","target":["https:\/\/apuntesdesanluis.com\/index.php\/2025\/03\/31\/expectativa-por-los-anuncios-del-gobernador-claudio-poggi\/"]}]},{"@type":"ImageObject","inLanguage":"es-AR","@id":"https:\/\/apuntesdesanluis.com\/index.php\/2025\/03\/31\/expectativa-por-los-anuncios-del-gobernador-claudio-poggi\/#primaryimage","url":"https:\/\/apuntesdesanluis.com\/wp-content\/uploads\/2025\/03\/claudio-poggi-1.png","contentUrl":"https:\/\/apuntesdesanluis.com\/wp-content\/uploads\/2025\/03\/claudio-poggi-1.png","width":700,"height":467},{"@type":"BreadcrumbList","@id":"https:\/\/apuntesdesanluis.com\/index.php\/2025\/03\/31\/expectativa-por-los-anuncios-del-gobernador-claudio-poggi\/#breadcrumb","itemListElement":[{"@type":"ListItem","position":1,"name":"Inicio","item":"https:\/\/apuntesdesanluis.com\/"},{"@type":"ListItem","position":2,"name":"EXPECTATIVA POR LOS ANUNCIOS DEL GOBERNADOR CLAUDIO POGGI"}]},{"@type":"WebSite","@id":"https:\/\/apuntesdesanluis.com\/#website","url":"https:\/\/apuntesdesanluis.com\/","name":"Apuntes de San Luis","description":"","publisher":{"@id":"https:\/\/apuntesdesanluis.com\/#\/schema\/person\/b55151d52296fcce64d1a72538a70b90"},"potentialAction":[{"@type":"SearchAction","target":{"@type":"EntryPoint","urlTemplate":"https:\/\/apuntesdesanluis.com\/?s={search_term_string}"},"query-input":{"@type":"PropertyValueSpecification","valueRequired":true,"valueName":"search_term_string"}}],"inLanguage":"es-AR"},{"@type":["Person","Organization"],"@id":"https:\/\/apuntesdesanluis.com\/#\/schema\/person\/b55151d52296fcce64d1a72538a70b90","name":"apuntesdesanluis.com","image":{"@type":"ImageObject","inLanguage":"es-AR","@id":"https:\/\/apuntesdesanluis.com\/#\/schema\/person\/image\/","url":"https:\/\/apuntesdesanluis.com\/wp-content\/uploads\/2023\/07\/cropped-apuntesdesanluis.png","contentUrl":"https:\/\/apuntesdesanluis.com\/wp-content\/uploads\/2023\/07\/cropped-apuntesdesanluis.png","width":450,"height":112,"caption":"apuntesdesanluis.com"},"logo":{"@id":"https:\/\/apuntesdesanluis.com\/#\/schema\/person\/image\/"},"sameAs":["https:\/\/apuntesdesanluis.com"],"url":"https:\/\/apuntesdesanluis.com\/index.php\/author\/apuntesdesanluis-com\/"}]}},"featured_image_urls":{"full":["https:\/\/apuntesdesanluis.com\/wp-content\/uploads\/2025\/03\/claudio-poggi-1.png",700,467,false],"thumbnail":["https:\/\/apuntesdesanluis.com\/wp-content\/uploads\/2025\/03\/claudio-poggi-1-150x150.png",150,150,true],"medium":["https:\/\/apuntesdesanluis.com\/wp-content\/uploads\/2025\/03\/claudio-poggi-1-300x200.png",300,200,true],"medium_large":["https:\/\/apuntesdesanluis.com\/wp-content\/uploads\/2025\/03\/claudio-poggi-1.png",640,427,false],"large":["https:\/\/apuntesdesanluis.com\/wp-content\/uploads\/2025\/03\/claudio-poggi-1.png",640,427,false],"1536x1536":["https:\/\/apuntesdesanluis.com\/wp-content\/uploads\/2025\/03\/claudio-poggi-1.png",700,467,false],"2048x2048":["https:\/\/apuntesdesanluis.com\/wp-content\/uploads\/2025\/03\/claudio-poggi-1.png",700,467,false],"newsever-slider-full":["https:\/\/apuntesdesanluis.com\/wp-content\/uploads\/2025\/03\/claudio-poggi-1.png",700,467,false],"newsever-featured":["https:\/\/apuntesdesanluis.com\/wp-content\/uploads\/2025\/03\/claudio-poggi-1.png",700,467,false],"newsever-medium":["https:\/\/apuntesdesanluis.com\/wp-content\/uploads\/2025\/03\/claudio-poggi-1.png",700,467,false]},"author_info":{"display_name":"apuntesdesanluis.com","author_link":"https:\/\/apuntesdesanluis.com\/index.php\/author\/apuntesdesanluis-com\/"},"category_info":"<a href=\"https:\/\/apuntesdesanluis.com\/index.php\/category\/ciudad-provincia\/\" rel=\"category tag\">Ciudad\/Provincia<\/a>","tag_info":"Ciudad\/Provincia","comment_count":"0","_links":{"self":[{"href":"https:\/\/apuntesdesanluis.com\/index.php\/wp-json\/wp\/v2\/posts\/31048","targetHints":{"allow":["GET"]}}],"collection":[{"href":"https:\/\/apuntesdesanluis.com\/index.php\/wp-json\/wp\/v2\/posts"}],"about":[{"href":"https:\/\/apuntesdesanluis.com\/index.php\/wp-json\/wp\/v2\/types\/post"}],"author":[{"embeddable":true,"href":"https:\/\/apuntesdesanluis.com\/index.php\/wp-json\/wp\/v2\/users\/1"}],"replies":[{"embeddable":true,"href":"https:\/\/apuntesdesanluis.com\/index.php\/wp-json\/wp\/v2\/comments?post=31048"}],"version-history":[{"count":1,"href":"https:\/\/apuntesdesanluis.com\/index.php\/wp-json\/wp\/v2\/posts\/31048\/revisions"}],"predecessor-version":[{"id":31051,"href":"https:\/\/apuntesdesanluis.com\/index.php\/wp-json\/wp\/v2\/posts\/31048\/revisions\/31051"}],"wp:featuredmedia":[{"embeddable":true,"href":"https:\/\/apuntesdesanluis.com\/index.php\/wp-json\/wp\/v2\/media\/31049"}],"wp:attachment":[{"href":"https:\/\/apuntesdesanluis.com\/index.php\/wp-json\/wp\/v2\/media?parent=31048"}],"wp:term":[{"taxonomy":"category","embeddable":true,"href":"https:\/\/apuntesdesanluis.com\/index.php\/wp-json\/wp\/v2\/categories?post=31048"},{"taxonomy":"post_tag","embeddable":true,"href":"https:\/\/apuntesdesanluis.com\/index.php\/wp-json\/wp\/v2\/tags?post=31048"}],"curies":[{"name":"wp","href":"https:\/\/api.w.org\/{rel}","templated":true}]}}