{"id":31061,"date":"2025-03-31T20:26:28","date_gmt":"2025-03-31T23:26:28","guid":{"rendered":"https:\/\/apuntesdesanluis.com\/?p=31061"},"modified":"2025-03-31T20:26:28","modified_gmt":"2025-03-31T23:26:28","slug":"segun-el-indec-la-pobreza-bajo-a-381-en-el-segundo-semestre","status":"publish","type":"post","link":"https:\/\/apuntesdesanluis.com\/index.php\/2025\/03\/31\/segun-el-indec-la-pobreza-bajo-a-381-en-el-segundo-semestre\/","title":{"rendered":"SEG\u00daN EL INDEC, LA POBREZA BAJ\u00d3 A 38,1% EN EL SEGUNDO SEMESTRE"},"content":{"rendered":"<h3>La pobreza alcanz\u00f3 al <strong>38,1% de las personas y al 28,6% de los hogares en el segundo semestre de 2024<\/strong>, seg\u00fan la Encuesta Permanente de Hogares en 31 aglomerados urbanos publicada hoy por el Indec.<\/h3>\n<h3>En tanto, 8,2% de las personas en el pa\u00eds se encuentra en situaci\u00f3n de indigencia.<\/h3>\n<h3>El segundo semestre 2024 cerr\u00f3 con aproximadamente 17,9 millones de personas en situaci\u00f3n de pobreza, si se proyecta el n\u00famero oficial de 31 aglomerados, a todo el pa\u00eds.<\/h3>\n<h3>De este modo, la pobreza registr\u00f3 una baja respecto del primer semestre 2024, cuando el Indec hab\u00eda medido que alcanzaba a 52,9% de las personas.<\/h3>\n<h3>Con respecto al primer semestre de 2024, la incidencia de la pobreza registr\u00f3 un descenso tanto en los hogares como en las personas, de 13,9 y 14,8 puntos porcentuales, respectivamente.<\/h3>\n<h3>En el caso de la indigencia, mostr\u00f3 una disminuci\u00f3n de 7,2 puntos porcentuales en los hogares y de 9,9 puntos porcentuales en las personas.<\/h3>\n<h3>Dado que la incidencia de la pobreza y la indigencia resultan de la capacidad de los hogares de acceder a la canasta b\u00e1sica alimentaria (CBA) y a la canasta b\u00e1sica total (CBT) mediante sus ingresos monetarios, se observ\u00f3 que, con respecto al semestre anterior:<\/h3>\n<h3>En promedio, el ingreso total familiar aument\u00f3 un 64,5%. Las canastas regionales promedio aumentaron 22,2% (CBA) y 26,7% (CBT).<\/h3>\n<h3>Los ingresos en el per\u00edodo estudiado aumentaron a un nivel superior tanto con respecto a la CBT como a la CBA. As\u00ed, ambas tasas, pobreza e indigencia, presentan una disminuci\u00f3n en el presente semestre, en relaci\u00f3n al semestre anterior.<\/h3>\n<h3><\/h3>\n<h3><\/h3>\n<p>&nbsp;<\/p>\n","protected":false},"excerpt":{"rendered":"<p>La pobreza alcanz\u00f3 al 38,1% de las personas y al 28,6% de los hogares en&#8230;<\/p>\n","protected":false},"author":1,"featured_media":31062,"comment_status":"closed","ping_status":"closed","sticky":false,"template":"","format":"standard","meta":{"footnotes":""},"categories":[5],"tags":[],"class_list":["post-31061","post","type-post","status-publish","format-standard","has-post-thumbnail","hentry","category-nacionales-internacionales"],"yoast_head":"<!-- This site is optimized with the Yoast SEO plugin v26.1.1 - https:\/\/yoast.com\/wordpress\/plugins\/seo\/ -->\n<title>SEG\u00daN EL INDEC, LA POBREZA BAJ\u00d3 A 38,1% EN EL SEGUNDO SEMESTRE - Apuntes de San Luis<\/title>\n<meta name=\"robots\" content=\"index, follow, max-snippet:-1, max-image-preview:large, max-video-preview:-1\" \/>\n<link rel=\"canonical\" href=\"https:\/\/apuntesdesanluis.com\/index.php\/2025\/03\/31\/segun-el-indec-la-pobreza-bajo-a-381-en-el-segundo-semestre\/\" \/>\n<meta property=\"og:locale\" content=\"es_ES\" \/>\n<meta property=\"og:type\" content=\"article\" \/>\n<meta property=\"og:title\" content=\"SEG\u00daN EL INDEC, LA POBREZA BAJ\u00d3 A 38,1% EN EL SEGUNDO SEMESTRE - Apuntes de San Luis\" \/>\n<meta property=\"og:description\" content=\"La pobreza alcanz\u00f3 al 38,1% de las personas y al 28,6% de los hogares en...\" \/>\n<meta property=\"og:url\" content=\"https:\/\/apuntesdesanluis.com\/index.php\/2025\/03\/31\/segun-el-indec-la-pobreza-bajo-a-381-en-el-segundo-semestre\/\" \/>\n<meta property=\"og:site_name\" content=\"Apuntes de San Luis\" \/>\n<meta property=\"article:published_time\" content=\"2025-03-31T23:26:28+00:00\" \/>\n<meta property=\"og:image\" content=\"https:\/\/apuntesdesanluis.com\/wp-content\/uploads\/2025\/03\/POBREZA.png\" \/>\n\t<meta property=\"og:image:width\" content=\"665\" \/>\n\t<meta property=\"og:image:height\" content=\"449\" \/>\n\t<meta property=\"og:image:type\" content=\"image\/png\" \/>\n<meta name=\"author\" content=\"apuntesdesanluis.com\" \/>\n<meta name=\"twitter:card\" content=\"summary_large_image\" \/>\n<meta name=\"twitter:label1\" content=\"Escrito por\" \/>\n\t<meta name=\"twitter:data1\" content=\"apuntesdesanluis.com\" \/>\n\t<meta name=\"twitter:label2\" content=\"Tiempo de lectura\" \/>\n\t<meta name=\"twitter:data2\" content=\"2 minutos\" \/>\n<script type=\"application\/ld+json\" class=\"yoast-schema-graph\">{\"@context\":\"https:\/\/schema.org\",\"@graph\":[{\"@type\":\"Article\",\"@id\":\"https:\/\/apuntesdesanluis.com\/index.php\/2025\/03\/31\/segun-el-indec-la-pobreza-bajo-a-381-en-el-segundo-semestre\/#article\",\"isPartOf\":{\"@id\":\"https:\/\/apuntesdesanluis.com\/index.php\/2025\/03\/31\/segun-el-indec-la-pobreza-bajo-a-381-en-el-segundo-semestre\/\"},\"author\":{\"name\":\"apuntesdesanluis.com\",\"@id\":\"https:\/\/apuntesdesanluis.com\/#\/schema\/person\/b55151d52296fcce64d1a72538a70b90\"},\"headline\":\"SEG\u00daN EL INDEC, LA POBREZA BAJ\u00d3 A 38,1% EN EL SEGUNDO SEMESTRE\",\"datePublished\":\"2025-03-31T23:26:28+00:00\",\"mainEntityOfPage\":{\"@id\":\"https:\/\/apuntesdesanluis.com\/index.php\/2025\/03\/31\/segun-el-indec-la-pobreza-bajo-a-381-en-el-segundo-semestre\/\"},\"wordCount\":267,\"publisher\":{\"@id\":\"https:\/\/apuntesdesanluis.com\/#\/schema\/person\/b55151d52296fcce64d1a72538a70b90\"},\"image\":{\"@id\":\"https:\/\/apuntesdesanluis.com\/index.php\/2025\/03\/31\/segun-el-indec-la-pobreza-bajo-a-381-en-el-segundo-semestre\/#primaryimage\"},\"thumbnailUrl\":\"https:\/\/apuntesdesanluis.com\/wp-content\/uploads\/2025\/03\/POBREZA.png\",\"articleSection\":[\"Nacionales\/Internacionales\"],\"inLanguage\":\"es-AR\"},{\"@type\":\"WebPage\",\"@id\":\"https:\/\/apuntesdesanluis.com\/index.php\/2025\/03\/31\/segun-el-indec-la-pobreza-bajo-a-381-en-el-segundo-semestre\/\",\"url\":\"https:\/\/apuntesdesanluis.com\/index.php\/2025\/03\/31\/segun-el-indec-la-pobreza-bajo-a-381-en-el-segundo-semestre\/\",\"name\":\"SEG\u00daN EL INDEC, LA POBREZA BAJ\u00d3 A 38,1% EN EL SEGUNDO SEMESTRE - Apuntes de San Luis\",\"isPartOf\":{\"@id\":\"https:\/\/apuntesdesanluis.com\/#website\"},\"primaryImageOfPage\":{\"@id\":\"https:\/\/apuntesdesanluis.com\/index.php\/2025\/03\/31\/segun-el-indec-la-pobreza-bajo-a-381-en-el-segundo-semestre\/#primaryimage\"},\"image\":{\"@id\":\"https:\/\/apuntesdesanluis.com\/index.php\/2025\/03\/31\/segun-el-indec-la-pobreza-bajo-a-381-en-el-segundo-semestre\/#primaryimage\"},\"thumbnailUrl\":\"https:\/\/apuntesdesanluis.com\/wp-content\/uploads\/2025\/03\/POBREZA.png\",\"datePublished\":\"2025-03-31T23:26:28+00:00\",\"breadcrumb\":{\"@id\":\"https:\/\/apuntesdesanluis.com\/index.php\/2025\/03\/31\/segun-el-indec-la-pobreza-bajo-a-381-en-el-segundo-semestre\/#breadcrumb\"},\"inLanguage\":\"es-AR\",\"potentialAction\":[{\"@type\":\"ReadAction\",\"target\":[\"https:\/\/apuntesdesanluis.com\/index.php\/2025\/03\/31\/segun-el-indec-la-pobreza-bajo-a-381-en-el-segundo-semestre\/\"]}]},{\"@type\":\"ImageObject\",\"inLanguage\":\"es-AR\",\"@id\":\"https:\/\/apuntesdesanluis.com\/index.php\/2025\/03\/31\/segun-el-indec-la-pobreza-bajo-a-381-en-el-segundo-semestre\/#primaryimage\",\"url\":\"https:\/\/apuntesdesanluis.com\/wp-content\/uploads\/2025\/03\/POBREZA.png\",\"contentUrl\":\"https:\/\/apuntesdesanluis.com\/wp-content\/uploads\/2025\/03\/POBREZA.png\",\"width\":665,\"height\":449},{\"@type\":\"BreadcrumbList\",\"@id\":\"https:\/\/apuntesdesanluis.com\/index.php\/2025\/03\/31\/segun-el-indec-la-pobreza-bajo-a-381-en-el-segundo-semestre\/#breadcrumb\",\"itemListElement\":[{\"@type\":\"ListItem\",\"position\":1,\"name\":\"Inicio\",\"item\":\"https:\/\/apuntesdesanluis.com\/\"},{\"@type\":\"ListItem\",\"position\":2,\"name\":\"SEG\u00daN EL INDEC, LA POBREZA BAJ\u00d3 A 38,1% EN EL SEGUNDO SEMESTRE\"}]},{\"@type\":\"WebSite\",\"@id\":\"https:\/\/apuntesdesanluis.com\/#website\",\"url\":\"https:\/\/apuntesdesanluis.com\/\",\"name\":\"Apuntes de San Luis\",\"description\":\"\",\"publisher\":{\"@id\":\"https:\/\/apuntesdesanluis.com\/#\/schema\/person\/b55151d52296fcce64d1a72538a70b90\"},\"potentialAction\":[{\"@type\":\"SearchAction\",\"target\":{\"@type\":\"EntryPoint\",\"urlTemplate\":\"https:\/\/apuntesdesanluis.com\/?s={search_term_string}\"},\"query-input\":{\"@type\":\"PropertyValueSpecification\",\"valueRequired\":true,\"valueName\":\"search_term_string\"}}],\"inLanguage\":\"es-AR\"},{\"@type\":[\"Person\",\"Organization\"],\"@id\":\"https:\/\/apuntesdesanluis.com\/#\/schema\/person\/b55151d52296fcce64d1a72538a70b90\",\"name\":\"apuntesdesanluis.com\",\"image\":{\"@type\":\"ImageObject\",\"inLanguage\":\"es-AR\",\"@id\":\"https:\/\/apuntesdesanluis.com\/#\/schema\/person\/image\/\",\"url\":\"https:\/\/apuntesdesanluis.com\/wp-content\/uploads\/2023\/07\/cropped-apuntesdesanluis.png\",\"contentUrl\":\"https:\/\/apuntesdesanluis.com\/wp-content\/uploads\/2023\/07\/cropped-apuntesdesanluis.png\",\"width\":450,\"height\":112,\"caption\":\"apuntesdesanluis.com\"},\"logo\":{\"@id\":\"https:\/\/apuntesdesanluis.com\/#\/schema\/person\/image\/\"},\"sameAs\":[\"https:\/\/apuntesdesanluis.com\"],\"url\":\"https:\/\/apuntesdesanluis.com\/index.php\/author\/apuntesdesanluis-com\/\"}]}<\/script>\n<!-- \/ Yoast SEO plugin. -->","yoast_head_json":{"title":"SEG\u00daN EL INDEC, LA POBREZA BAJ\u00d3 A 38,1% EN EL SEGUNDO SEMESTRE - Apuntes de San Luis","robots":{"index":"index","follow":"follow","max-snippet":"max-snippet:-1","max-image-preview":"max-image-preview:large","max-video-preview":"max-video-preview:-1"},"canonical":"https:\/\/apuntesdesanluis.com\/index.php\/2025\/03\/31\/segun-el-indec-la-pobreza-bajo-a-381-en-el-segundo-semestre\/","og_locale":"es_ES","og_type":"article","og_title":"SEG\u00daN EL INDEC, LA POBREZA BAJ\u00d3 A 38,1% EN EL SEGUNDO SEMESTRE - Apuntes de San Luis","og_description":"La pobreza alcanz\u00f3 al 38,1% de las personas y al 28,6% de los hogares en...","og_url":"https:\/\/apuntesdesanluis.com\/index.php\/2025\/03\/31\/segun-el-indec-la-pobreza-bajo-a-381-en-el-segundo-semestre\/","og_site_name":"Apuntes de San Luis","article_published_time":"2025-03-31T23:26:28+00:00","og_image":[{"width":665,"height":449,"url":"https:\/\/apuntesdesanluis.com\/wp-content\/uploads\/2025\/03\/POBREZA.png","type":"image\/png"}],"author":"apuntesdesanluis.com","twitter_card":"summary_large_image","twitter_misc":{"Escrito por":"apuntesdesanluis.com","Tiempo de lectura":"2 minutos"},"schema":{"@context":"https:\/\/schema.org","@graph":[{"@type":"Article","@id":"https:\/\/apuntesdesanluis.com\/index.php\/2025\/03\/31\/segun-el-indec-la-pobreza-bajo-a-381-en-el-segundo-semestre\/#article","isPartOf":{"@id":"https:\/\/apuntesdesanluis.com\/index.php\/2025\/03\/31\/segun-el-indec-la-pobreza-bajo-a-381-en-el-segundo-semestre\/"},"author":{"name":"apuntesdesanluis.com","@id":"https:\/\/apuntesdesanluis.com\/#\/schema\/person\/b55151d52296fcce64d1a72538a70b90"},"headline":"SEG\u00daN EL INDEC, LA POBREZA BAJ\u00d3 A 38,1% EN EL SEGUNDO SEMESTRE","datePublished":"2025-03-31T23:26:28+00:00","mainEntityOfPage":{"@id":"https:\/\/apuntesdesanluis.com\/index.php\/2025\/03\/31\/segun-el-indec-la-pobreza-bajo-a-381-en-el-segundo-semestre\/"},"wordCount":267,"publisher":{"@id":"https:\/\/apuntesdesanluis.com\/#\/schema\/person\/b55151d52296fcce64d1a72538a70b90"},"image":{"@id":"https:\/\/apuntesdesanluis.com\/index.php\/2025\/03\/31\/segun-el-indec-la-pobreza-bajo-a-381-en-el-segundo-semestre\/#primaryimage"},"thumbnailUrl":"https:\/\/apuntesdesanluis.com\/wp-content\/uploads\/2025\/03\/POBREZA.png","articleSection":["Nacionales\/Internacionales"],"inLanguage":"es-AR"},{"@type":"WebPage","@id":"https:\/\/apuntesdesanluis.com\/index.php\/2025\/03\/31\/segun-el-indec-la-pobreza-bajo-a-381-en-el-segundo-semestre\/","url":"https:\/\/apuntesdesanluis.com\/index.php\/2025\/03\/31\/segun-el-indec-la-pobreza-bajo-a-381-en-el-segundo-semestre\/","name":"SEG\u00daN EL INDEC, LA POBREZA BAJ\u00d3 A 38,1% EN EL SEGUNDO SEMESTRE - Apuntes de San Luis","isPartOf":{"@id":"https:\/\/apuntesdesanluis.com\/#website"},"primaryImageOfPage":{"@id":"https:\/\/apuntesdesanluis.com\/index.php\/2025\/03\/31\/segun-el-indec-la-pobreza-bajo-a-381-en-el-segundo-semestre\/#primaryimage"},"image":{"@id":"https:\/\/apuntesdesanluis.com\/index.php\/2025\/03\/31\/segun-el-indec-la-pobreza-bajo-a-381-en-el-segundo-semestre\/#primaryimage"},"thumbnailUrl":"https:\/\/apuntesdesanluis.com\/wp-content\/uploads\/2025\/03\/POBREZA.png","datePublished":"2025-03-31T23:26:28+00:00","breadcrumb":{"@id":"https:\/\/apuntesdesanluis.com\/index.php\/2025\/03\/31\/segun-el-indec-la-pobreza-bajo-a-381-en-el-segundo-semestre\/#breadcrumb"},"inLanguage":"es-AR","potentialAction":[{"@type":"ReadAction","target":["https:\/\/apuntesdesanluis.com\/index.php\/2025\/03\/31\/segun-el-indec-la-pobreza-bajo-a-381-en-el-segundo-semestre\/"]}]},{"@type":"ImageObject","inLanguage":"es-AR","@id":"https:\/\/apuntesdesanluis.com\/index.php\/2025\/03\/31\/segun-el-indec-la-pobreza-bajo-a-381-en-el-segundo-semestre\/#primaryimage","url":"https:\/\/apuntesdesanluis.com\/wp-content\/uploads\/2025\/03\/POBREZA.png","contentUrl":"https:\/\/apuntesdesanluis.com\/wp-content\/uploads\/2025\/03\/POBREZA.png","width":665,"height":449},{"@type":"BreadcrumbList","@id":"https:\/\/apuntesdesanluis.com\/index.php\/2025\/03\/31\/segun-el-indec-la-pobreza-bajo-a-381-en-el-segundo-semestre\/#breadcrumb","itemListElement":[{"@type":"ListItem","position":1,"name":"Inicio","item":"https:\/\/apuntesdesanluis.com\/"},{"@type":"ListItem","position":2,"name":"SEG\u00daN EL INDEC, LA POBREZA BAJ\u00d3 A 38,1% EN EL SEGUNDO SEMESTRE"}]},{"@type":"WebSite","@id":"https:\/\/apuntesdesanluis.com\/#website","url":"https:\/\/apuntesdesanluis.com\/","name":"Apuntes de San Luis","description":"","publisher":{"@id":"https:\/\/apuntesdesanluis.com\/#\/schema\/person\/b55151d52296fcce64d1a72538a70b90"},"potentialAction":[{"@type":"SearchAction","target":{"@type":"EntryPoint","urlTemplate":"https:\/\/apuntesdesanluis.com\/?s={search_term_string}"},"query-input":{"@type":"PropertyValueSpecification","valueRequired":true,"valueName":"search_term_string"}}],"inLanguage":"es-AR"},{"@type":["Person","Organization"],"@id":"https:\/\/apuntesdesanluis.com\/#\/schema\/person\/b55151d52296fcce64d1a72538a70b90","name":"apuntesdesanluis.com","image":{"@type":"ImageObject","inLanguage":"es-AR","@id":"https:\/\/apuntesdesanluis.com\/#\/schema\/person\/image\/","url":"https:\/\/apuntesdesanluis.com\/wp-content\/uploads\/2023\/07\/cropped-apuntesdesanluis.png","contentUrl":"https:\/\/apuntesdesanluis.com\/wp-content\/uploads\/2023\/07\/cropped-apuntesdesanluis.png","width":450,"height":112,"caption":"apuntesdesanluis.com"},"logo":{"@id":"https:\/\/apuntesdesanluis.com\/#\/schema\/person\/image\/"},"sameAs":["https:\/\/apuntesdesanluis.com"],"url":"https:\/\/apuntesdesanluis.com\/index.php\/author\/apuntesdesanluis-com\/"}]}},"featured_image_urls":{"full":["https:\/\/apuntesdesanluis.com\/wp-content\/uploads\/2025\/03\/POBREZA.png",665,449,false],"thumbnail":["https:\/\/apuntesdesanluis.com\/wp-content\/uploads\/2025\/03\/POBREZA-150x150.png",150,150,true],"medium":["https:\/\/apuntesdesanluis.com\/wp-content\/uploads\/2025\/03\/POBREZA-300x203.png",300,203,true],"medium_large":["https:\/\/apuntesdesanluis.com\/wp-content\/uploads\/2025\/03\/POBREZA.png",640,432,false],"large":["https:\/\/apuntesdesanluis.com\/wp-content\/uploads\/2025\/03\/POBREZA.png",640,432,false],"1536x1536":["https:\/\/apuntesdesanluis.com\/wp-content\/uploads\/2025\/03\/POBREZA.png",665,449,false],"2048x2048":["https:\/\/apuntesdesanluis.com\/wp-content\/uploads\/2025\/03\/POBREZA.png",665,449,false],"newsever-slider-full":["https:\/\/apuntesdesanluis.com\/wp-content\/uploads\/2025\/03\/POBREZA.png",665,449,false],"newsever-featured":["https:\/\/apuntesdesanluis.com\/wp-content\/uploads\/2025\/03\/POBREZA.png",665,449,false],"newsever-medium":["https:\/\/apuntesdesanluis.com\/wp-content\/uploads\/2025\/03\/POBREZA.png",665,449,false]},"author_info":{"display_name":"apuntesdesanluis.com","author_link":"https:\/\/apuntesdesanluis.com\/index.php\/author\/apuntesdesanluis-com\/"},"category_info":"<a href=\"https:\/\/apuntesdesanluis.com\/index.php\/category\/nacionales-internacionales\/\" rel=\"category tag\">Nacionales\/Internacionales<\/a>","tag_info":"Nacionales\/Internacionales","comment_count":"0","_links":{"self":[{"href":"https:\/\/apuntesdesanluis.com\/index.php\/wp-json\/wp\/v2\/posts\/31061","targetHints":{"allow":["GET"]}}],"collection":[{"href":"https:\/\/apuntesdesanluis.com\/index.php\/wp-json\/wp\/v2\/posts"}],"about":[{"href":"https:\/\/apuntesdesanluis.com\/index.php\/wp-json\/wp\/v2\/types\/post"}],"author":[{"embeddable":true,"href":"https:\/\/apuntesdesanluis.com\/index.php\/wp-json\/wp\/v2\/users\/1"}],"replies":[{"embeddable":true,"href":"https:\/\/apuntesdesanluis.com\/index.php\/wp-json\/wp\/v2\/comments?post=31061"}],"version-history":[{"count":1,"href":"https:\/\/apuntesdesanluis.com\/index.php\/wp-json\/wp\/v2\/posts\/31061\/revisions"}],"predecessor-version":[{"id":31063,"href":"https:\/\/apuntesdesanluis.com\/index.php\/wp-json\/wp\/v2\/posts\/31061\/revisions\/31063"}],"wp:featuredmedia":[{"embeddable":true,"href":"https:\/\/apuntesdesanluis.com\/index.php\/wp-json\/wp\/v2\/media\/31062"}],"wp:attachment":[{"href":"https:\/\/apuntesdesanluis.com\/index.php\/wp-json\/wp\/v2\/media?parent=31061"}],"wp:term":[{"taxonomy":"category","embeddable":true,"href":"https:\/\/apuntesdesanluis.com\/index.php\/wp-json\/wp\/v2\/categories?post=31061"},{"taxonomy":"post_tag","embeddable":true,"href":"https:\/\/apuntesdesanluis.com\/index.php\/wp-json\/wp\/v2\/tags?post=31061"}],"curies":[{"name":"wp","href":"https:\/\/api.w.org\/{rel}","templated":true}]}}