{"id":31066,"date":"2025-03-31T23:18:37","date_gmt":"2025-04-01T02:18:37","guid":{"rendered":"https:\/\/apuntesdesanluis.com\/?p=31066"},"modified":"2025-03-31T23:53:58","modified_gmt":"2025-04-01T02:53:58","slug":"la-justicia-habilito-la-inscripcion-de-la-alianza-la-libertad-avanza","status":"publish","type":"post","link":"https:\/\/apuntesdesanluis.com\/index.php\/2025\/03\/31\/la-justicia-habilito-la-inscripcion-de-la-alianza-la-libertad-avanza\/","title":{"rendered":"LA JUSTICIA HABILIT\u00d3 LA INSCRIPCI\u00d3N DE LA ALIANZA \u201cLA LIBERTAD AVANZA\u201d"},"content":{"rendered":"<h3>La peor noticia para el gobierno provincial, en t\u00e9rminos pol\u00edticos, la produjo esta tarde la justicia electoral, que convalid\u00f3 la presentaci\u00f3n de uno de los frentes que responde al presidente <strong>Javier Milei<\/strong>, para los comicios que se realizan en 40 d\u00edas.<\/h3>\n<h3>Con las firmas del presidente de la Justicia Electoral, <strong>Jorge Levingston<\/strong>, y los vocales <strong>Guillermo Zavala Rodr\u00edguez<\/strong> y <strong>Mar\u00eda Eugenia Zabala Chacur<\/strong>, la resoluci\u00f3n resuelve hacer lugar al recurso de apelaci\u00f3n de la Alianza Transitoria <strong>\u201cLa Libertad Avanza\u201d<\/strong>, revoca el auto interlocutorio de fecha 20\/03\/2025 y rechaza el planteo de nulidad articulado en fecha 17\/03\/2025, debido a que las impugnaciones en su contra se hicieron en forma extempor\u00e1nea.<\/h3>\n<h3>De esta manera, autoriza la inscripci\u00f3n del frente impulsado por el dirigente <strong>Rodolfo Negri<\/strong>, que integran los partidos <strong>Movimiento de Acci\u00f3n Vecinal<\/strong> y el <strong>Partido Libertario del Departamento Jun\u00edn<\/strong>, para participar en la elecci\u00f3n legislativa del 11 de mayo en nuestra provincia.<\/h3>\n<h3><strong>FALLO<\/strong><\/h3>\n<h3>El Tribunal Electoral Provincial (T.E.P.) resolvi\u00f3 a favor de la alianza &#8220;La Libertad Avanza&#8221;, permitiendo su participaci\u00f3n en las elecciones generales provinciales y municipales del 11 de mayo de 2025. La decisi\u00f3n revoca la nulidad que hab\u00eda sido dictada previamente por la jueza electoral y rechaza el planteo de impugnaci\u00f3n por considerarlo extempor\u00e1neo.<\/h3>\n<h3>El 22 de marzo, el apoderado de la alianza, Dr. <strong>H\u00e9ctor Oca\u00f1a<\/strong>, present\u00f3 un recurso de apelaci\u00f3n contra la resoluci\u00f3n del 20 de marzo, en la que la jueza electoral anul\u00f3 su propio fallo previo que hab\u00eda reconocido la conformaci\u00f3n de &#8220;La Libertad Avanza&#8221; como una alianza transitoria entre el &#8220;Movimiento de Acci\u00f3n Vecinal&#8221; y el &#8220;Partido Libertario Departamento Jun\u00edn&#8221;.<\/h3>\n<h3>La nulidad fue solicitada por el apoderado de este \u00faltimo partido, Dr. <strong>Adri\u00e1n Posca<\/strong>, quien argument\u00f3 que la decisi\u00f3n de integrarse a la alianza se tom\u00f3 sin la aprobaci\u00f3n de la asamblea partidaria, en contravenci\u00f3n a su carta org\u00e1nica.<\/h3>\n<h3>El recurso presentado por la alianza expuso cinco agravios principales:<\/h3>\n<ul>\n<li>\n<h3>Legitimidad del impugnante: Se cuestion\u00f3 la validez de la presentaci\u00f3n de Posca, ya que su poder de representaci\u00f3n hab\u00eda sido revocado el 14 de marzo, aunque la comunicaci\u00f3n oficial al juzgado se hizo el 17 de marzo.<\/h3>\n<\/li>\n<li>\n<h3>Extemporaneidad de la impugnaci\u00f3n: Se argument\u00f3 que la nulidad fue presentada fuera del plazo establecido por el C\u00f3digo Electoral Provincial, que fija un l\u00edmite de 48 horas posteriores a la notificaci\u00f3n de la resoluci\u00f3n.<\/h3>\n<\/li>\n<li>\n<h3>Validez del acta partidaria: Se impugn\u00f3 la invalidaci\u00f3n del acta n\u00famero 12, en la que la asamblea del &#8220;Partido Libertario&#8221; aprob\u00f3 la alianza electoral.<\/h3>\n<\/li>\n<li>\n<h3>Vulneraci\u00f3n del debido proceso: Se denunci\u00f3 que la vista al Fiscal fue concedida sin esperar la contestaci\u00f3n del traslado, impidiendo que tuviera en cuenta los argumentos de la defensa.<\/h3>\n<\/li>\n<li>\n<h3>Intervenci\u00f3n judicial excesiva: Se sostuvo que la jueza electoral habr\u00eda interferido indebidamente en la voluntad pol\u00edtica del partido.<\/h3>\n<\/li>\n<\/ul>\n<h3><strong>FUNDAMENTO<\/strong><\/h3>\n<h3>El Tribunal Electoral analiz\u00f3 el caso y determin\u00f3 que la impugnaci\u00f3n presentada el 17 de marzo era extempor\u00e1nea, ya que el reconocimiento de la alianza hab\u00eda quedado firme el 14 de marzo, conforme al C\u00f3digo Electoral Provincial. Asimismo, destac\u00f3 que en materia electoral, los plazos deben ser estrictos para garantizar el cumplimiento del cronograma electoral.<\/h3>\n<h3>De manera complementaria, el Tribunal valid\u00f3 el acta de la asamblea partidaria del 18 de marzo, confirmando que se realiz\u00f3 con el qu\u00f3rum necesario en un segundo llamado, conforme a la carta org\u00e1nica del partido.<\/h3>\n<h3><strong>RESOLUCI\u00d3N FINAL<\/strong><\/h3>\n<h3>El Tribunal resolvi\u00f3:<\/h3>\n<h3>&#8211; Hacer lugar al recurso de apelaci\u00f3n de &#8220;La Libertad Avanza&#8221;, revocando la nulidad de la resoluci\u00f3n previa.<\/h3>\n<h3>&#8211; Confirmar la validez de la alianza transitoria, permitiendo su participaci\u00f3n en las elecciones del 11 de mayo.<\/h3>\n<h3>&#8211; Ordenar la readecuaci\u00f3n del proceso electoral en funci\u00f3n del fallo.<\/h3>\n<h3>El fallo fue firmado digitalmente por los magistrados Jorge Alberto Levingston, Horacio Guillermo Zavala Rodr\u00edguez y Mar\u00eda Eugenia Zabala Chacur.<\/h3>\n<h3>Con esta decisi\u00f3n, &#8220;La Libertad Avanza&#8221; podr\u00e1 competir en los comicios, asegurando su presencia en la contienda electoral de la provincia.<\/h3>\n<p>&nbsp;<\/p>\n<p>&nbsp;<\/p>\n<p>&nbsp;<\/p>\n<p>&nbsp;<\/p>\n","protected":false},"excerpt":{"rendered":"<p>La peor noticia para el gobierno provincial, en t\u00e9rminos pol\u00edticos, la produjo esta tarde la&#8230;<\/p>\n","protected":false},"author":1,"featured_media":31067,"comment_status":"closed","ping_status":"closed","sticky":false,"template":"","format":"standard","meta":{"footnotes":""},"categories":[9],"tags":[],"class_list":["post-31066","post","type-post","status-publish","format-standard","has-post-thumbnail","hentry","category-opinion"],"yoast_head":"<!-- This site is optimized with the Yoast SEO plugin v26.1.1 - https:\/\/yoast.com\/wordpress\/plugins\/seo\/ -->\n<title>LA JUSTICIA HABILIT\u00d3 LA INSCRIPCI\u00d3N DE LA ALIANZA \u201cLA LIBERTAD AVANZA\u201d - Apuntes de San Luis<\/title>\n<meta name=\"robots\" content=\"index, follow, max-snippet:-1, max-image-preview:large, max-video-preview:-1\" \/>\n<link rel=\"canonical\" href=\"https:\/\/apuntesdesanluis.com\/index.php\/2025\/03\/31\/la-justicia-habilito-la-inscripcion-de-la-alianza-la-libertad-avanza\/\" \/>\n<meta property=\"og:locale\" content=\"es_ES\" \/>\n<meta property=\"og:type\" content=\"article\" \/>\n<meta property=\"og:title\" content=\"LA JUSTICIA HABILIT\u00d3 LA INSCRIPCI\u00d3N DE LA ALIANZA \u201cLA LIBERTAD AVANZA\u201d - Apuntes de San Luis\" \/>\n<meta property=\"og:description\" content=\"La peor noticia para el gobierno provincial, en t\u00e9rminos pol\u00edticos, la produjo esta tarde la...\" \/>\n<meta property=\"og:url\" content=\"https:\/\/apuntesdesanluis.com\/index.php\/2025\/03\/31\/la-justicia-habilito-la-inscripcion-de-la-alianza-la-libertad-avanza\/\" \/>\n<meta property=\"og:site_name\" content=\"Apuntes de San Luis\" \/>\n<meta property=\"article:published_time\" content=\"2025-04-01T02:18:37+00:00\" \/>\n<meta property=\"article:modified_time\" content=\"2025-04-01T02:53:58+00:00\" \/>\n<meta property=\"og:image\" content=\"https:\/\/apuntesdesanluis.com\/wp-content\/uploads\/2025\/03\/rodolfo-negri.png\" \/>\n\t<meta property=\"og:image:width\" content=\"800\" \/>\n\t<meta property=\"og:image:height\" content=\"509\" \/>\n\t<meta property=\"og:image:type\" content=\"image\/png\" \/>\n<meta name=\"author\" content=\"apuntesdesanluis.com\" \/>\n<meta name=\"twitter:card\" content=\"summary_large_image\" \/>\n<meta name=\"twitter:label1\" content=\"Escrito por\" \/>\n\t<meta name=\"twitter:data1\" content=\"apuntesdesanluis.com\" \/>\n\t<meta name=\"twitter:label2\" content=\"Tiempo de lectura\" \/>\n\t<meta name=\"twitter:data2\" content=\"4 minutos\" \/>\n<script type=\"application\/ld+json\" class=\"yoast-schema-graph\">{\"@context\":\"https:\/\/schema.org\",\"@graph\":[{\"@type\":\"Article\",\"@id\":\"https:\/\/apuntesdesanluis.com\/index.php\/2025\/03\/31\/la-justicia-habilito-la-inscripcion-de-la-alianza-la-libertad-avanza\/#article\",\"isPartOf\":{\"@id\":\"https:\/\/apuntesdesanluis.com\/index.php\/2025\/03\/31\/la-justicia-habilito-la-inscripcion-de-la-alianza-la-libertad-avanza\/\"},\"author\":{\"name\":\"apuntesdesanluis.com\",\"@id\":\"https:\/\/apuntesdesanluis.com\/#\/schema\/person\/b55151d52296fcce64d1a72538a70b90\"},\"headline\":\"LA JUSTICIA HABILIT\u00d3 LA INSCRIPCI\u00d3N DE LA ALIANZA \u201cLA LIBERTAD AVANZA\u201d\",\"datePublished\":\"2025-04-01T02:18:37+00:00\",\"dateModified\":\"2025-04-01T02:53:58+00:00\",\"mainEntityOfPage\":{\"@id\":\"https:\/\/apuntesdesanluis.com\/index.php\/2025\/03\/31\/la-justicia-habilito-la-inscripcion-de-la-alianza-la-libertad-avanza\/\"},\"wordCount\":704,\"publisher\":{\"@id\":\"https:\/\/apuntesdesanluis.com\/#\/schema\/person\/b55151d52296fcce64d1a72538a70b90\"},\"image\":{\"@id\":\"https:\/\/apuntesdesanluis.com\/index.php\/2025\/03\/31\/la-justicia-habilito-la-inscripcion-de-la-alianza-la-libertad-avanza\/#primaryimage\"},\"thumbnailUrl\":\"https:\/\/apuntesdesanluis.com\/wp-content\/uploads\/2025\/03\/rodolfo-negri.png\",\"articleSection\":[\"Opini\u00f3n\"],\"inLanguage\":\"es-AR\"},{\"@type\":\"WebPage\",\"@id\":\"https:\/\/apuntesdesanluis.com\/index.php\/2025\/03\/31\/la-justicia-habilito-la-inscripcion-de-la-alianza-la-libertad-avanza\/\",\"url\":\"https:\/\/apuntesdesanluis.com\/index.php\/2025\/03\/31\/la-justicia-habilito-la-inscripcion-de-la-alianza-la-libertad-avanza\/\",\"name\":\"LA JUSTICIA HABILIT\u00d3 LA INSCRIPCI\u00d3N DE LA ALIANZA \u201cLA LIBERTAD AVANZA\u201d - Apuntes de San Luis\",\"isPartOf\":{\"@id\":\"https:\/\/apuntesdesanluis.com\/#website\"},\"primaryImageOfPage\":{\"@id\":\"https:\/\/apuntesdesanluis.com\/index.php\/2025\/03\/31\/la-justicia-habilito-la-inscripcion-de-la-alianza-la-libertad-avanza\/#primaryimage\"},\"image\":{\"@id\":\"https:\/\/apuntesdesanluis.com\/index.php\/2025\/03\/31\/la-justicia-habilito-la-inscripcion-de-la-alianza-la-libertad-avanza\/#primaryimage\"},\"thumbnailUrl\":\"https:\/\/apuntesdesanluis.com\/wp-content\/uploads\/2025\/03\/rodolfo-negri.png\",\"datePublished\":\"2025-04-01T02:18:37+00:00\",\"dateModified\":\"2025-04-01T02:53:58+00:00\",\"breadcrumb\":{\"@id\":\"https:\/\/apuntesdesanluis.com\/index.php\/2025\/03\/31\/la-justicia-habilito-la-inscripcion-de-la-alianza-la-libertad-avanza\/#breadcrumb\"},\"inLanguage\":\"es-AR\",\"potentialAction\":[{\"@type\":\"ReadAction\",\"target\":[\"https:\/\/apuntesdesanluis.com\/index.php\/2025\/03\/31\/la-justicia-habilito-la-inscripcion-de-la-alianza-la-libertad-avanza\/\"]}]},{\"@type\":\"ImageObject\",\"inLanguage\":\"es-AR\",\"@id\":\"https:\/\/apuntesdesanluis.com\/index.php\/2025\/03\/31\/la-justicia-habilito-la-inscripcion-de-la-alianza-la-libertad-avanza\/#primaryimage\",\"url\":\"https:\/\/apuntesdesanluis.com\/wp-content\/uploads\/2025\/03\/rodolfo-negri.png\",\"contentUrl\":\"https:\/\/apuntesdesanluis.com\/wp-content\/uploads\/2025\/03\/rodolfo-negri.png\",\"width\":800,\"height\":509},{\"@type\":\"BreadcrumbList\",\"@id\":\"https:\/\/apuntesdesanluis.com\/index.php\/2025\/03\/31\/la-justicia-habilito-la-inscripcion-de-la-alianza-la-libertad-avanza\/#breadcrumb\",\"itemListElement\":[{\"@type\":\"ListItem\",\"position\":1,\"name\":\"Inicio\",\"item\":\"https:\/\/apuntesdesanluis.com\/\"},{\"@type\":\"ListItem\",\"position\":2,\"name\":\"LA JUSTICIA HABILIT\u00d3 LA INSCRIPCI\u00d3N DE LA ALIANZA \u201cLA LIBERTAD AVANZA\u201d\"}]},{\"@type\":\"WebSite\",\"@id\":\"https:\/\/apuntesdesanluis.com\/#website\",\"url\":\"https:\/\/apuntesdesanluis.com\/\",\"name\":\"Apuntes de San Luis\",\"description\":\"\",\"publisher\":{\"@id\":\"https:\/\/apuntesdesanluis.com\/#\/schema\/person\/b55151d52296fcce64d1a72538a70b90\"},\"potentialAction\":[{\"@type\":\"SearchAction\",\"target\":{\"@type\":\"EntryPoint\",\"urlTemplate\":\"https:\/\/apuntesdesanluis.com\/?s={search_term_string}\"},\"query-input\":{\"@type\":\"PropertyValueSpecification\",\"valueRequired\":true,\"valueName\":\"search_term_string\"}}],\"inLanguage\":\"es-AR\"},{\"@type\":[\"Person\",\"Organization\"],\"@id\":\"https:\/\/apuntesdesanluis.com\/#\/schema\/person\/b55151d52296fcce64d1a72538a70b90\",\"name\":\"apuntesdesanluis.com\",\"image\":{\"@type\":\"ImageObject\",\"inLanguage\":\"es-AR\",\"@id\":\"https:\/\/apuntesdesanluis.com\/#\/schema\/person\/image\/\",\"url\":\"https:\/\/apuntesdesanluis.com\/wp-content\/uploads\/2023\/07\/cropped-apuntesdesanluis.png\",\"contentUrl\":\"https:\/\/apuntesdesanluis.com\/wp-content\/uploads\/2023\/07\/cropped-apuntesdesanluis.png\",\"width\":450,\"height\":112,\"caption\":\"apuntesdesanluis.com\"},\"logo\":{\"@id\":\"https:\/\/apuntesdesanluis.com\/#\/schema\/person\/image\/\"},\"sameAs\":[\"https:\/\/apuntesdesanluis.com\"],\"url\":\"https:\/\/apuntesdesanluis.com\/index.php\/author\/apuntesdesanluis-com\/\"}]}<\/script>\n<!-- \/ Yoast SEO plugin. -->","yoast_head_json":{"title":"LA JUSTICIA HABILIT\u00d3 LA INSCRIPCI\u00d3N DE LA ALIANZA \u201cLA LIBERTAD AVANZA\u201d - Apuntes de San Luis","robots":{"index":"index","follow":"follow","max-snippet":"max-snippet:-1","max-image-preview":"max-image-preview:large","max-video-preview":"max-video-preview:-1"},"canonical":"https:\/\/apuntesdesanluis.com\/index.php\/2025\/03\/31\/la-justicia-habilito-la-inscripcion-de-la-alianza-la-libertad-avanza\/","og_locale":"es_ES","og_type":"article","og_title":"LA JUSTICIA HABILIT\u00d3 LA INSCRIPCI\u00d3N DE LA ALIANZA \u201cLA LIBERTAD AVANZA\u201d - Apuntes de San Luis","og_description":"La peor noticia para el gobierno provincial, en t\u00e9rminos pol\u00edticos, la produjo esta tarde la...","og_url":"https:\/\/apuntesdesanluis.com\/index.php\/2025\/03\/31\/la-justicia-habilito-la-inscripcion-de-la-alianza-la-libertad-avanza\/","og_site_name":"Apuntes de San Luis","article_published_time":"2025-04-01T02:18:37+00:00","article_modified_time":"2025-04-01T02:53:58+00:00","og_image":[{"width":800,"height":509,"url":"https:\/\/apuntesdesanluis.com\/wp-content\/uploads\/2025\/03\/rodolfo-negri.png","type":"image\/png"}],"author":"apuntesdesanluis.com","twitter_card":"summary_large_image","twitter_misc":{"Escrito por":"apuntesdesanluis.com","Tiempo de lectura":"4 minutos"},"schema":{"@context":"https:\/\/schema.org","@graph":[{"@type":"Article","@id":"https:\/\/apuntesdesanluis.com\/index.php\/2025\/03\/31\/la-justicia-habilito-la-inscripcion-de-la-alianza-la-libertad-avanza\/#article","isPartOf":{"@id":"https:\/\/apuntesdesanluis.com\/index.php\/2025\/03\/31\/la-justicia-habilito-la-inscripcion-de-la-alianza-la-libertad-avanza\/"},"author":{"name":"apuntesdesanluis.com","@id":"https:\/\/apuntesdesanluis.com\/#\/schema\/person\/b55151d52296fcce64d1a72538a70b90"},"headline":"LA JUSTICIA HABILIT\u00d3 LA INSCRIPCI\u00d3N DE LA ALIANZA \u201cLA LIBERTAD AVANZA\u201d","datePublished":"2025-04-01T02:18:37+00:00","dateModified":"2025-04-01T02:53:58+00:00","mainEntityOfPage":{"@id":"https:\/\/apuntesdesanluis.com\/index.php\/2025\/03\/31\/la-justicia-habilito-la-inscripcion-de-la-alianza-la-libertad-avanza\/"},"wordCount":704,"publisher":{"@id":"https:\/\/apuntesdesanluis.com\/#\/schema\/person\/b55151d52296fcce64d1a72538a70b90"},"image":{"@id":"https:\/\/apuntesdesanluis.com\/index.php\/2025\/03\/31\/la-justicia-habilito-la-inscripcion-de-la-alianza-la-libertad-avanza\/#primaryimage"},"thumbnailUrl":"https:\/\/apuntesdesanluis.com\/wp-content\/uploads\/2025\/03\/rodolfo-negri.png","articleSection":["Opini\u00f3n"],"inLanguage":"es-AR"},{"@type":"WebPage","@id":"https:\/\/apuntesdesanluis.com\/index.php\/2025\/03\/31\/la-justicia-habilito-la-inscripcion-de-la-alianza-la-libertad-avanza\/","url":"https:\/\/apuntesdesanluis.com\/index.php\/2025\/03\/31\/la-justicia-habilito-la-inscripcion-de-la-alianza-la-libertad-avanza\/","name":"LA JUSTICIA HABILIT\u00d3 LA INSCRIPCI\u00d3N DE LA ALIANZA \u201cLA LIBERTAD AVANZA\u201d - Apuntes de San Luis","isPartOf":{"@id":"https:\/\/apuntesdesanluis.com\/#website"},"primaryImageOfPage":{"@id":"https:\/\/apuntesdesanluis.com\/index.php\/2025\/03\/31\/la-justicia-habilito-la-inscripcion-de-la-alianza-la-libertad-avanza\/#primaryimage"},"image":{"@id":"https:\/\/apuntesdesanluis.com\/index.php\/2025\/03\/31\/la-justicia-habilito-la-inscripcion-de-la-alianza-la-libertad-avanza\/#primaryimage"},"thumbnailUrl":"https:\/\/apuntesdesanluis.com\/wp-content\/uploads\/2025\/03\/rodolfo-negri.png","datePublished":"2025-04-01T02:18:37+00:00","dateModified":"2025-04-01T02:53:58+00:00","breadcrumb":{"@id":"https:\/\/apuntesdesanluis.com\/index.php\/2025\/03\/31\/la-justicia-habilito-la-inscripcion-de-la-alianza-la-libertad-avanza\/#breadcrumb"},"inLanguage":"es-AR","potentialAction":[{"@type":"ReadAction","target":["https:\/\/apuntesdesanluis.com\/index.php\/2025\/03\/31\/la-justicia-habilito-la-inscripcion-de-la-alianza-la-libertad-avanza\/"]}]},{"@type":"ImageObject","inLanguage":"es-AR","@id":"https:\/\/apuntesdesanluis.com\/index.php\/2025\/03\/31\/la-justicia-habilito-la-inscripcion-de-la-alianza-la-libertad-avanza\/#primaryimage","url":"https:\/\/apuntesdesanluis.com\/wp-content\/uploads\/2025\/03\/rodolfo-negri.png","contentUrl":"https:\/\/apuntesdesanluis.com\/wp-content\/uploads\/2025\/03\/rodolfo-negri.png","width":800,"height":509},{"@type":"BreadcrumbList","@id":"https:\/\/apuntesdesanluis.com\/index.php\/2025\/03\/31\/la-justicia-habilito-la-inscripcion-de-la-alianza-la-libertad-avanza\/#breadcrumb","itemListElement":[{"@type":"ListItem","position":1,"name":"Inicio","item":"https:\/\/apuntesdesanluis.com\/"},{"@type":"ListItem","position":2,"name":"LA JUSTICIA HABILIT\u00d3 LA INSCRIPCI\u00d3N DE LA ALIANZA \u201cLA LIBERTAD AVANZA\u201d"}]},{"@type":"WebSite","@id":"https:\/\/apuntesdesanluis.com\/#website","url":"https:\/\/apuntesdesanluis.com\/","name":"Apuntes de San Luis","description":"","publisher":{"@id":"https:\/\/apuntesdesanluis.com\/#\/schema\/person\/b55151d52296fcce64d1a72538a70b90"},"potentialAction":[{"@type":"SearchAction","target":{"@type":"EntryPoint","urlTemplate":"https:\/\/apuntesdesanluis.com\/?s={search_term_string}"},"query-input":{"@type":"PropertyValueSpecification","valueRequired":true,"valueName":"search_term_string"}}],"inLanguage":"es-AR"},{"@type":["Person","Organization"],"@id":"https:\/\/apuntesdesanluis.com\/#\/schema\/person\/b55151d52296fcce64d1a72538a70b90","name":"apuntesdesanluis.com","image":{"@type":"ImageObject","inLanguage":"es-AR","@id":"https:\/\/apuntesdesanluis.com\/#\/schema\/person\/image\/","url":"https:\/\/apuntesdesanluis.com\/wp-content\/uploads\/2023\/07\/cropped-apuntesdesanluis.png","contentUrl":"https:\/\/apuntesdesanluis.com\/wp-content\/uploads\/2023\/07\/cropped-apuntesdesanluis.png","width":450,"height":112,"caption":"apuntesdesanluis.com"},"logo":{"@id":"https:\/\/apuntesdesanluis.com\/#\/schema\/person\/image\/"},"sameAs":["https:\/\/apuntesdesanluis.com"],"url":"https:\/\/apuntesdesanluis.com\/index.php\/author\/apuntesdesanluis-com\/"}]}},"featured_image_urls":{"full":["https:\/\/apuntesdesanluis.com\/wp-content\/uploads\/2025\/03\/rodolfo-negri.png",800,509,false],"thumbnail":["https:\/\/apuntesdesanluis.com\/wp-content\/uploads\/2025\/03\/rodolfo-negri-150x150.png",150,150,true],"medium":["https:\/\/apuntesdesanluis.com\/wp-content\/uploads\/2025\/03\/rodolfo-negri-300x191.png",300,191,true],"medium_large":["https:\/\/apuntesdesanluis.com\/wp-content\/uploads\/2025\/03\/rodolfo-negri-768x489.png",640,408,true],"large":["https:\/\/apuntesdesanluis.com\/wp-content\/uploads\/2025\/03\/rodolfo-negri.png",640,407,false],"1536x1536":["https:\/\/apuntesdesanluis.com\/wp-content\/uploads\/2025\/03\/rodolfo-negri.png",800,509,false],"2048x2048":["https:\/\/apuntesdesanluis.com\/wp-content\/uploads\/2025\/03\/rodolfo-negri.png",800,509,false],"newsever-slider-full":["https:\/\/apuntesdesanluis.com\/wp-content\/uploads\/2025\/03\/rodolfo-negri.png",800,509,false],"newsever-featured":["https:\/\/apuntesdesanluis.com\/wp-content\/uploads\/2025\/03\/rodolfo-negri.png",800,509,false],"newsever-medium":["https:\/\/apuntesdesanluis.com\/wp-content\/uploads\/2025\/03\/rodolfo-negri-720x475.png",720,475,true]},"author_info":{"display_name":"apuntesdesanluis.com","author_link":"https:\/\/apuntesdesanluis.com\/index.php\/author\/apuntesdesanluis-com\/"},"category_info":"<a href=\"https:\/\/apuntesdesanluis.com\/index.php\/category\/opinion\/\" rel=\"category tag\">Opini\u00f3n<\/a>","tag_info":"Opini\u00f3n","comment_count":"0","_links":{"self":[{"href":"https:\/\/apuntesdesanluis.com\/index.php\/wp-json\/wp\/v2\/posts\/31066","targetHints":{"allow":["GET"]}}],"collection":[{"href":"https:\/\/apuntesdesanluis.com\/index.php\/wp-json\/wp\/v2\/posts"}],"about":[{"href":"https:\/\/apuntesdesanluis.com\/index.php\/wp-json\/wp\/v2\/types\/post"}],"author":[{"embeddable":true,"href":"https:\/\/apuntesdesanluis.com\/index.php\/wp-json\/wp\/v2\/users\/1"}],"replies":[{"embeddable":true,"href":"https:\/\/apuntesdesanluis.com\/index.php\/wp-json\/wp\/v2\/comments?post=31066"}],"version-history":[{"count":5,"href":"https:\/\/apuntesdesanluis.com\/index.php\/wp-json\/wp\/v2\/posts\/31066\/revisions"}],"predecessor-version":[{"id":31072,"href":"https:\/\/apuntesdesanluis.com\/index.php\/wp-json\/wp\/v2\/posts\/31066\/revisions\/31072"}],"wp:featuredmedia":[{"embeddable":true,"href":"https:\/\/apuntesdesanluis.com\/index.php\/wp-json\/wp\/v2\/media\/31067"}],"wp:attachment":[{"href":"https:\/\/apuntesdesanluis.com\/index.php\/wp-json\/wp\/v2\/media?parent=31066"}],"wp:term":[{"taxonomy":"category","embeddable":true,"href":"https:\/\/apuntesdesanluis.com\/index.php\/wp-json\/wp\/v2\/categories?post=31066"},{"taxonomy":"post_tag","embeddable":true,"href":"https:\/\/apuntesdesanluis.com\/index.php\/wp-json\/wp\/v2\/tags?post=31066"}],"curies":[{"name":"wp","href":"https:\/\/api.w.org\/{rel}","templated":true}]}}