{"id":31095,"date":"2025-04-01T23:12:13","date_gmt":"2025-04-02T02:12:13","guid":{"rendered":"https:\/\/apuntesdesanluis.com\/?p=31095"},"modified":"2025-04-01T23:13:10","modified_gmt":"2025-04-02T02:13:10","slug":"y-dale-con-las-renuncias-en-el-gobierno-nacional-se-fue-el-secretario-de-legal-y-tecnica","status":"publish","type":"post","link":"https:\/\/apuntesdesanluis.com\/index.php\/2025\/04\/01\/y-dale-con-las-renuncias-en-el-gobierno-nacional-se-fue-el-secretario-de-legal-y-tecnica\/","title":{"rendered":"Y DALE CON LAS RENUNCIAS EN EL GOBIERNO NACIONAL: SE FUE EL SECRETARIO DE LEGAL Y T\u00c9CNICA"},"content":{"rendered":"<h3>El presidente <strong>Javier Milei<\/strong> acept\u00f3 la renuncia y unific\u00f3 funciones con Planeamiento Estrat\u00e9gico. Milei design\u00f3 a <strong>Mar\u00eda Ibarzabal Murphy<\/strong> en lugar del <strong>Dr. Dante Javier Herrera Bravo<\/strong>, quien dimiti\u00f3 por \u201cmotivos personales\u201d<\/h3>\n<h3>Ibarzabal Murphy es una de las funcionarias m\u00e1s cercanas al presidente y tuvo un papel central en la redacci\u00f3n jur\u00eddica de iniciativas clave del Gobierno, como la Ley de Bases y Puntos de Partida para la Libertad de los Argentinos, la creaci\u00f3n de la Agencia de Recaudaci\u00f3n y Control Aduanero (ARCA), la ley de Boleta \u00danica de Papel, la suspensi\u00f3n de las PASO, y la eliminaci\u00f3n de privilegios en empresas p\u00fablicas, entre otros.<\/h3>\n<h3>Tambi\u00e9n particip\u00f3 en la redacci\u00f3n del \u00faltimo Decreto de Necesidad y Urgencia relacionado con el acuerdo con el Fondo Monetario Internacional (FMI), seg\u00fan destac\u00f3 el comunicado oficial.<\/h3>\n<h3>El jefe de Estado agradeci\u00f3 al Dr. Herrera Bravo por los servicios prestados y ratific\u00f3 su confianza en la nueva funcionaria.<\/h3>\n<h3>Por \u00faltimo, el Gobierno reafirm\u00f3 su compromiso de \u201ccontinuar trabajando con eficiencia, austeridad y los mejores profesionales para consolidar una administraci\u00f3n p\u00fablica al servicio de todos los argentinos\u201d.<\/h3>\n<h3><\/h3>\n<h3><\/h3>\n<p>&nbsp;<\/p>\n","protected":false},"excerpt":{"rendered":"<p>El presidente Javier Milei acept\u00f3 la renuncia y unific\u00f3 funciones con Planeamiento Estrat\u00e9gico. Milei design\u00f3&#8230;<\/p>\n","protected":false},"author":1,"featured_media":31096,"comment_status":"closed","ping_status":"closed","sticky":false,"template":"","format":"standard","meta":{"footnotes":""},"categories":[5],"tags":[],"class_list":["post-31095","post","type-post","status-publish","format-standard","has-post-thumbnail","hentry","category-nacionales-internacionales"],"yoast_head":"<!-- This site is optimized with the Yoast SEO plugin v26.1.1 - https:\/\/yoast.com\/wordpress\/plugins\/seo\/ -->\n<title>Y DALE CON LAS RENUNCIAS EN EL GOBIERNO NACIONAL: SE FUE EL SECRETARIO DE LEGAL Y T\u00c9CNICA - Apuntes de San Luis<\/title>\n<meta name=\"robots\" content=\"index, follow, max-snippet:-1, max-image-preview:large, max-video-preview:-1\" \/>\n<link rel=\"canonical\" href=\"https:\/\/apuntesdesanluis.com\/index.php\/2025\/04\/01\/y-dale-con-las-renuncias-en-el-gobierno-nacional-se-fue-el-secretario-de-legal-y-tecnica\/\" \/>\n<meta property=\"og:locale\" content=\"es_ES\" \/>\n<meta property=\"og:type\" content=\"article\" \/>\n<meta property=\"og:title\" content=\"Y DALE CON LAS RENUNCIAS EN EL GOBIERNO NACIONAL: SE FUE EL SECRETARIO DE LEGAL Y T\u00c9CNICA - Apuntes de San Luis\" \/>\n<meta property=\"og:description\" content=\"El presidente Javier Milei acept\u00f3 la renuncia y unific\u00f3 funciones con Planeamiento Estrat\u00e9gico. Milei design\u00f3...\" \/>\n<meta property=\"og:url\" content=\"https:\/\/apuntesdesanluis.com\/index.php\/2025\/04\/01\/y-dale-con-las-renuncias-en-el-gobierno-nacional-se-fue-el-secretario-de-legal-y-tecnica\/\" \/>\n<meta property=\"og:site_name\" content=\"Apuntes de San Luis\" \/>\n<meta property=\"article:published_time\" content=\"2025-04-02T02:12:13+00:00\" \/>\n<meta property=\"article:modified_time\" content=\"2025-04-02T02:13:10+00:00\" \/>\n<meta property=\"og:image\" content=\"https:\/\/apuntesdesanluis.com\/wp-content\/uploads\/2025\/04\/legal-y-tecnica.png\" \/>\n\t<meta property=\"og:image:width\" content=\"769\" \/>\n\t<meta property=\"og:image:height\" content=\"440\" \/>\n\t<meta property=\"og:image:type\" content=\"image\/png\" \/>\n<meta name=\"author\" content=\"apuntesdesanluis.com\" \/>\n<meta name=\"twitter:card\" content=\"summary_large_image\" \/>\n<meta name=\"twitter:label1\" content=\"Escrito por\" \/>\n\t<meta name=\"twitter:data1\" content=\"apuntesdesanluis.com\" \/>\n\t<meta name=\"twitter:label2\" content=\"Tiempo de lectura\" \/>\n\t<meta name=\"twitter:data2\" content=\"2 minutos\" \/>\n<script type=\"application\/ld+json\" class=\"yoast-schema-graph\">{\"@context\":\"https:\/\/schema.org\",\"@graph\":[{\"@type\":\"Article\",\"@id\":\"https:\/\/apuntesdesanluis.com\/index.php\/2025\/04\/01\/y-dale-con-las-renuncias-en-el-gobierno-nacional-se-fue-el-secretario-de-legal-y-tecnica\/#article\",\"isPartOf\":{\"@id\":\"https:\/\/apuntesdesanluis.com\/index.php\/2025\/04\/01\/y-dale-con-las-renuncias-en-el-gobierno-nacional-se-fue-el-secretario-de-legal-y-tecnica\/\"},\"author\":{\"name\":\"apuntesdesanluis.com\",\"@id\":\"https:\/\/apuntesdesanluis.com\/#\/schema\/person\/b55151d52296fcce64d1a72538a70b90\"},\"headline\":\"Y DALE CON LAS RENUNCIAS EN EL GOBIERNO NACIONAL: SE FUE EL SECRETARIO DE LEGAL Y T\u00c9CNICA\",\"datePublished\":\"2025-04-02T02:12:13+00:00\",\"dateModified\":\"2025-04-02T02:13:10+00:00\",\"mainEntityOfPage\":{\"@id\":\"https:\/\/apuntesdesanluis.com\/index.php\/2025\/04\/01\/y-dale-con-las-renuncias-en-el-gobierno-nacional-se-fue-el-secretario-de-legal-y-tecnica\/\"},\"wordCount\":215,\"publisher\":{\"@id\":\"https:\/\/apuntesdesanluis.com\/#\/schema\/person\/b55151d52296fcce64d1a72538a70b90\"},\"image\":{\"@id\":\"https:\/\/apuntesdesanluis.com\/index.php\/2025\/04\/01\/y-dale-con-las-renuncias-en-el-gobierno-nacional-se-fue-el-secretario-de-legal-y-tecnica\/#primaryimage\"},\"thumbnailUrl\":\"https:\/\/apuntesdesanluis.com\/wp-content\/uploads\/2025\/04\/legal-y-tecnica.png\",\"articleSection\":[\"Nacionales\/Internacionales\"],\"inLanguage\":\"es-AR\"},{\"@type\":\"WebPage\",\"@id\":\"https:\/\/apuntesdesanluis.com\/index.php\/2025\/04\/01\/y-dale-con-las-renuncias-en-el-gobierno-nacional-se-fue-el-secretario-de-legal-y-tecnica\/\",\"url\":\"https:\/\/apuntesdesanluis.com\/index.php\/2025\/04\/01\/y-dale-con-las-renuncias-en-el-gobierno-nacional-se-fue-el-secretario-de-legal-y-tecnica\/\",\"name\":\"Y DALE CON LAS RENUNCIAS EN EL GOBIERNO NACIONAL: SE FUE EL SECRETARIO DE LEGAL Y T\u00c9CNICA - Apuntes de San Luis\",\"isPartOf\":{\"@id\":\"https:\/\/apuntesdesanluis.com\/#website\"},\"primaryImageOfPage\":{\"@id\":\"https:\/\/apuntesdesanluis.com\/index.php\/2025\/04\/01\/y-dale-con-las-renuncias-en-el-gobierno-nacional-se-fue-el-secretario-de-legal-y-tecnica\/#primaryimage\"},\"image\":{\"@id\":\"https:\/\/apuntesdesanluis.com\/index.php\/2025\/04\/01\/y-dale-con-las-renuncias-en-el-gobierno-nacional-se-fue-el-secretario-de-legal-y-tecnica\/#primaryimage\"},\"thumbnailUrl\":\"https:\/\/apuntesdesanluis.com\/wp-content\/uploads\/2025\/04\/legal-y-tecnica.png\",\"datePublished\":\"2025-04-02T02:12:13+00:00\",\"dateModified\":\"2025-04-02T02:13:10+00:00\",\"breadcrumb\":{\"@id\":\"https:\/\/apuntesdesanluis.com\/index.php\/2025\/04\/01\/y-dale-con-las-renuncias-en-el-gobierno-nacional-se-fue-el-secretario-de-legal-y-tecnica\/#breadcrumb\"},\"inLanguage\":\"es-AR\",\"potentialAction\":[{\"@type\":\"ReadAction\",\"target\":[\"https:\/\/apuntesdesanluis.com\/index.php\/2025\/04\/01\/y-dale-con-las-renuncias-en-el-gobierno-nacional-se-fue-el-secretario-de-legal-y-tecnica\/\"]}]},{\"@type\":\"ImageObject\",\"inLanguage\":\"es-AR\",\"@id\":\"https:\/\/apuntesdesanluis.com\/index.php\/2025\/04\/01\/y-dale-con-las-renuncias-en-el-gobierno-nacional-se-fue-el-secretario-de-legal-y-tecnica\/#primaryimage\",\"url\":\"https:\/\/apuntesdesanluis.com\/wp-content\/uploads\/2025\/04\/legal-y-tecnica.png\",\"contentUrl\":\"https:\/\/apuntesdesanluis.com\/wp-content\/uploads\/2025\/04\/legal-y-tecnica.png\",\"width\":769,\"height\":440},{\"@type\":\"BreadcrumbList\",\"@id\":\"https:\/\/apuntesdesanluis.com\/index.php\/2025\/04\/01\/y-dale-con-las-renuncias-en-el-gobierno-nacional-se-fue-el-secretario-de-legal-y-tecnica\/#breadcrumb\",\"itemListElement\":[{\"@type\":\"ListItem\",\"position\":1,\"name\":\"Inicio\",\"item\":\"https:\/\/apuntesdesanluis.com\/\"},{\"@type\":\"ListItem\",\"position\":2,\"name\":\"Y DALE CON LAS RENUNCIAS EN EL GOBIERNO NACIONAL: SE FUE EL SECRETARIO DE LEGAL Y T\u00c9CNICA\"}]},{\"@type\":\"WebSite\",\"@id\":\"https:\/\/apuntesdesanluis.com\/#website\",\"url\":\"https:\/\/apuntesdesanluis.com\/\",\"name\":\"Apuntes de San Luis\",\"description\":\"\",\"publisher\":{\"@id\":\"https:\/\/apuntesdesanluis.com\/#\/schema\/person\/b55151d52296fcce64d1a72538a70b90\"},\"potentialAction\":[{\"@type\":\"SearchAction\",\"target\":{\"@type\":\"EntryPoint\",\"urlTemplate\":\"https:\/\/apuntesdesanluis.com\/?s={search_term_string}\"},\"query-input\":{\"@type\":\"PropertyValueSpecification\",\"valueRequired\":true,\"valueName\":\"search_term_string\"}}],\"inLanguage\":\"es-AR\"},{\"@type\":[\"Person\",\"Organization\"],\"@id\":\"https:\/\/apuntesdesanluis.com\/#\/schema\/person\/b55151d52296fcce64d1a72538a70b90\",\"name\":\"apuntesdesanluis.com\",\"image\":{\"@type\":\"ImageObject\",\"inLanguage\":\"es-AR\",\"@id\":\"https:\/\/apuntesdesanluis.com\/#\/schema\/person\/image\/\",\"url\":\"https:\/\/apuntesdesanluis.com\/wp-content\/uploads\/2023\/07\/cropped-apuntesdesanluis.png\",\"contentUrl\":\"https:\/\/apuntesdesanluis.com\/wp-content\/uploads\/2023\/07\/cropped-apuntesdesanluis.png\",\"width\":450,\"height\":112,\"caption\":\"apuntesdesanluis.com\"},\"logo\":{\"@id\":\"https:\/\/apuntesdesanluis.com\/#\/schema\/person\/image\/\"},\"sameAs\":[\"https:\/\/apuntesdesanluis.com\"],\"url\":\"https:\/\/apuntesdesanluis.com\/index.php\/author\/apuntesdesanluis-com\/\"}]}<\/script>\n<!-- \/ Yoast SEO plugin. -->","yoast_head_json":{"title":"Y DALE CON LAS RENUNCIAS EN EL GOBIERNO NACIONAL: SE FUE EL SECRETARIO DE LEGAL Y T\u00c9CNICA - Apuntes de San Luis","robots":{"index":"index","follow":"follow","max-snippet":"max-snippet:-1","max-image-preview":"max-image-preview:large","max-video-preview":"max-video-preview:-1"},"canonical":"https:\/\/apuntesdesanluis.com\/index.php\/2025\/04\/01\/y-dale-con-las-renuncias-en-el-gobierno-nacional-se-fue-el-secretario-de-legal-y-tecnica\/","og_locale":"es_ES","og_type":"article","og_title":"Y DALE CON LAS RENUNCIAS EN EL GOBIERNO NACIONAL: SE FUE EL SECRETARIO DE LEGAL Y T\u00c9CNICA - Apuntes de San Luis","og_description":"El presidente Javier Milei acept\u00f3 la renuncia y unific\u00f3 funciones con Planeamiento Estrat\u00e9gico. Milei design\u00f3...","og_url":"https:\/\/apuntesdesanluis.com\/index.php\/2025\/04\/01\/y-dale-con-las-renuncias-en-el-gobierno-nacional-se-fue-el-secretario-de-legal-y-tecnica\/","og_site_name":"Apuntes de San Luis","article_published_time":"2025-04-02T02:12:13+00:00","article_modified_time":"2025-04-02T02:13:10+00:00","og_image":[{"width":769,"height":440,"url":"https:\/\/apuntesdesanluis.com\/wp-content\/uploads\/2025\/04\/legal-y-tecnica.png","type":"image\/png"}],"author":"apuntesdesanluis.com","twitter_card":"summary_large_image","twitter_misc":{"Escrito por":"apuntesdesanluis.com","Tiempo de lectura":"2 minutos"},"schema":{"@context":"https:\/\/schema.org","@graph":[{"@type":"Article","@id":"https:\/\/apuntesdesanluis.com\/index.php\/2025\/04\/01\/y-dale-con-las-renuncias-en-el-gobierno-nacional-se-fue-el-secretario-de-legal-y-tecnica\/#article","isPartOf":{"@id":"https:\/\/apuntesdesanluis.com\/index.php\/2025\/04\/01\/y-dale-con-las-renuncias-en-el-gobierno-nacional-se-fue-el-secretario-de-legal-y-tecnica\/"},"author":{"name":"apuntesdesanluis.com","@id":"https:\/\/apuntesdesanluis.com\/#\/schema\/person\/b55151d52296fcce64d1a72538a70b90"},"headline":"Y DALE CON LAS RENUNCIAS EN EL GOBIERNO NACIONAL: SE FUE EL SECRETARIO DE LEGAL Y T\u00c9CNICA","datePublished":"2025-04-02T02:12:13+00:00","dateModified":"2025-04-02T02:13:10+00:00","mainEntityOfPage":{"@id":"https:\/\/apuntesdesanluis.com\/index.php\/2025\/04\/01\/y-dale-con-las-renuncias-en-el-gobierno-nacional-se-fue-el-secretario-de-legal-y-tecnica\/"},"wordCount":215,"publisher":{"@id":"https:\/\/apuntesdesanluis.com\/#\/schema\/person\/b55151d52296fcce64d1a72538a70b90"},"image":{"@id":"https:\/\/apuntesdesanluis.com\/index.php\/2025\/04\/01\/y-dale-con-las-renuncias-en-el-gobierno-nacional-se-fue-el-secretario-de-legal-y-tecnica\/#primaryimage"},"thumbnailUrl":"https:\/\/apuntesdesanluis.com\/wp-content\/uploads\/2025\/04\/legal-y-tecnica.png","articleSection":["Nacionales\/Internacionales"],"inLanguage":"es-AR"},{"@type":"WebPage","@id":"https:\/\/apuntesdesanluis.com\/index.php\/2025\/04\/01\/y-dale-con-las-renuncias-en-el-gobierno-nacional-se-fue-el-secretario-de-legal-y-tecnica\/","url":"https:\/\/apuntesdesanluis.com\/index.php\/2025\/04\/01\/y-dale-con-las-renuncias-en-el-gobierno-nacional-se-fue-el-secretario-de-legal-y-tecnica\/","name":"Y DALE CON LAS RENUNCIAS EN EL GOBIERNO NACIONAL: SE FUE EL SECRETARIO DE LEGAL Y T\u00c9CNICA - Apuntes de San Luis","isPartOf":{"@id":"https:\/\/apuntesdesanluis.com\/#website"},"primaryImageOfPage":{"@id":"https:\/\/apuntesdesanluis.com\/index.php\/2025\/04\/01\/y-dale-con-las-renuncias-en-el-gobierno-nacional-se-fue-el-secretario-de-legal-y-tecnica\/#primaryimage"},"image":{"@id":"https:\/\/apuntesdesanluis.com\/index.php\/2025\/04\/01\/y-dale-con-las-renuncias-en-el-gobierno-nacional-se-fue-el-secretario-de-legal-y-tecnica\/#primaryimage"},"thumbnailUrl":"https:\/\/apuntesdesanluis.com\/wp-content\/uploads\/2025\/04\/legal-y-tecnica.png","datePublished":"2025-04-02T02:12:13+00:00","dateModified":"2025-04-02T02:13:10+00:00","breadcrumb":{"@id":"https:\/\/apuntesdesanluis.com\/index.php\/2025\/04\/01\/y-dale-con-las-renuncias-en-el-gobierno-nacional-se-fue-el-secretario-de-legal-y-tecnica\/#breadcrumb"},"inLanguage":"es-AR","potentialAction":[{"@type":"ReadAction","target":["https:\/\/apuntesdesanluis.com\/index.php\/2025\/04\/01\/y-dale-con-las-renuncias-en-el-gobierno-nacional-se-fue-el-secretario-de-legal-y-tecnica\/"]}]},{"@type":"ImageObject","inLanguage":"es-AR","@id":"https:\/\/apuntesdesanluis.com\/index.php\/2025\/04\/01\/y-dale-con-las-renuncias-en-el-gobierno-nacional-se-fue-el-secretario-de-legal-y-tecnica\/#primaryimage","url":"https:\/\/apuntesdesanluis.com\/wp-content\/uploads\/2025\/04\/legal-y-tecnica.png","contentUrl":"https:\/\/apuntesdesanluis.com\/wp-content\/uploads\/2025\/04\/legal-y-tecnica.png","width":769,"height":440},{"@type":"BreadcrumbList","@id":"https:\/\/apuntesdesanluis.com\/index.php\/2025\/04\/01\/y-dale-con-las-renuncias-en-el-gobierno-nacional-se-fue-el-secretario-de-legal-y-tecnica\/#breadcrumb","itemListElement":[{"@type":"ListItem","position":1,"name":"Inicio","item":"https:\/\/apuntesdesanluis.com\/"},{"@type":"ListItem","position":2,"name":"Y DALE CON LAS RENUNCIAS EN EL GOBIERNO NACIONAL: SE FUE EL SECRETARIO DE LEGAL Y T\u00c9CNICA"}]},{"@type":"WebSite","@id":"https:\/\/apuntesdesanluis.com\/#website","url":"https:\/\/apuntesdesanluis.com\/","name":"Apuntes de San Luis","description":"","publisher":{"@id":"https:\/\/apuntesdesanluis.com\/#\/schema\/person\/b55151d52296fcce64d1a72538a70b90"},"potentialAction":[{"@type":"SearchAction","target":{"@type":"EntryPoint","urlTemplate":"https:\/\/apuntesdesanluis.com\/?s={search_term_string}"},"query-input":{"@type":"PropertyValueSpecification","valueRequired":true,"valueName":"search_term_string"}}],"inLanguage":"es-AR"},{"@type":["Person","Organization"],"@id":"https:\/\/apuntesdesanluis.com\/#\/schema\/person\/b55151d52296fcce64d1a72538a70b90","name":"apuntesdesanluis.com","image":{"@type":"ImageObject","inLanguage":"es-AR","@id":"https:\/\/apuntesdesanluis.com\/#\/schema\/person\/image\/","url":"https:\/\/apuntesdesanluis.com\/wp-content\/uploads\/2023\/07\/cropped-apuntesdesanluis.png","contentUrl":"https:\/\/apuntesdesanluis.com\/wp-content\/uploads\/2023\/07\/cropped-apuntesdesanluis.png","width":450,"height":112,"caption":"apuntesdesanluis.com"},"logo":{"@id":"https:\/\/apuntesdesanluis.com\/#\/schema\/person\/image\/"},"sameAs":["https:\/\/apuntesdesanluis.com"],"url":"https:\/\/apuntesdesanluis.com\/index.php\/author\/apuntesdesanluis-com\/"}]}},"featured_image_urls":{"full":["https:\/\/apuntesdesanluis.com\/wp-content\/uploads\/2025\/04\/legal-y-tecnica.png",769,440,false],"thumbnail":["https:\/\/apuntesdesanluis.com\/wp-content\/uploads\/2025\/04\/legal-y-tecnica-150x150.png",150,150,true],"medium":["https:\/\/apuntesdesanluis.com\/wp-content\/uploads\/2025\/04\/legal-y-tecnica-300x172.png",300,172,true],"medium_large":["https:\/\/apuntesdesanluis.com\/wp-content\/uploads\/2025\/04\/legal-y-tecnica.png",640,366,false],"large":["https:\/\/apuntesdesanluis.com\/wp-content\/uploads\/2025\/04\/legal-y-tecnica.png",640,366,false],"1536x1536":["https:\/\/apuntesdesanluis.com\/wp-content\/uploads\/2025\/04\/legal-y-tecnica.png",769,440,false],"2048x2048":["https:\/\/apuntesdesanluis.com\/wp-content\/uploads\/2025\/04\/legal-y-tecnica.png",769,440,false],"newsever-slider-full":["https:\/\/apuntesdesanluis.com\/wp-content\/uploads\/2025\/04\/legal-y-tecnica.png",769,440,false],"newsever-featured":["https:\/\/apuntesdesanluis.com\/wp-content\/uploads\/2025\/04\/legal-y-tecnica.png",769,440,false],"newsever-medium":["https:\/\/apuntesdesanluis.com\/wp-content\/uploads\/2025\/04\/legal-y-tecnica-720x440.png",720,440,true]},"author_info":{"display_name":"apuntesdesanluis.com","author_link":"https:\/\/apuntesdesanluis.com\/index.php\/author\/apuntesdesanluis-com\/"},"category_info":"<a href=\"https:\/\/apuntesdesanluis.com\/index.php\/category\/nacionales-internacionales\/\" rel=\"category tag\">Nacionales\/Internacionales<\/a>","tag_info":"Nacionales\/Internacionales","comment_count":"0","_links":{"self":[{"href":"https:\/\/apuntesdesanluis.com\/index.php\/wp-json\/wp\/v2\/posts\/31095","targetHints":{"allow":["GET"]}}],"collection":[{"href":"https:\/\/apuntesdesanluis.com\/index.php\/wp-json\/wp\/v2\/posts"}],"about":[{"href":"https:\/\/apuntesdesanluis.com\/index.php\/wp-json\/wp\/v2\/types\/post"}],"author":[{"embeddable":true,"href":"https:\/\/apuntesdesanluis.com\/index.php\/wp-json\/wp\/v2\/users\/1"}],"replies":[{"embeddable":true,"href":"https:\/\/apuntesdesanluis.com\/index.php\/wp-json\/wp\/v2\/comments?post=31095"}],"version-history":[{"count":2,"href":"https:\/\/apuntesdesanluis.com\/index.php\/wp-json\/wp\/v2\/posts\/31095\/revisions"}],"predecessor-version":[{"id":31098,"href":"https:\/\/apuntesdesanluis.com\/index.php\/wp-json\/wp\/v2\/posts\/31095\/revisions\/31098"}],"wp:featuredmedia":[{"embeddable":true,"href":"https:\/\/apuntesdesanluis.com\/index.php\/wp-json\/wp\/v2\/media\/31096"}],"wp:attachment":[{"href":"https:\/\/apuntesdesanluis.com\/index.php\/wp-json\/wp\/v2\/media?parent=31095"}],"wp:term":[{"taxonomy":"category","embeddable":true,"href":"https:\/\/apuntesdesanluis.com\/index.php\/wp-json\/wp\/v2\/categories?post=31095"},{"taxonomy":"post_tag","embeddable":true,"href":"https:\/\/apuntesdesanluis.com\/index.php\/wp-json\/wp\/v2\/tags?post=31095"}],"curies":[{"name":"wp","href":"https:\/\/api.w.org\/{rel}","templated":true}]}}