{"id":31099,"date":"2025-04-01T12:22:13","date_gmt":"2025-04-01T15:22:13","guid":{"rendered":"https:\/\/apuntesdesanluis.com\/?p=31099"},"modified":"2025-04-01T23:22:28","modified_gmt":"2025-04-02T02:22:28","slug":"una-camioneta-se-incendio-en-la-autopista-55-y-felizmente-no-hubo-heridos","status":"publish","type":"post","link":"https:\/\/apuntesdesanluis.com\/index.php\/2025\/04\/01\/una-camioneta-se-incendio-en-la-autopista-55-y-felizmente-no-hubo-heridos\/","title":{"rendered":"UNA CAMIONETA SE INCENDI\u00d3 EN LA AUTOPISTA 55 Y FELIZMENTE NO HUBO HERIDOS"},"content":{"rendered":"<h3>Este martes alrededor de las 10:30, polic\u00edas de la Subcomisar\u00eda 7\u00b0 de Juan Llerena, conjuntamente con personal de Bomberos de la Polic\u00eda y Bomberos Voluntarios, acudieron al kil\u00f3metro N\u00b0 807 de Autopista 55, a unos 15 kil\u00f3metros al sur de San Jos\u00e9 del Morro, por un veh\u00edculo que se incendi\u00f3 completamente.<\/h3>\n<h3>Personal de Bomberos de la Polic\u00eda de La Toma y de Bomberos Voluntarios de San Jos\u00e9 del Morro fueron los primeros en arribar al lugar, logrando extinguir las llamas de una camioneta Ford Ranger, la cual se encontraba sobre la banquina de la autopista.<\/h3>\n<p><img fetchpriority=\"high\" decoding=\"async\" class=\"wp-image-31100 aligncenter\" src=\"https:\/\/apuntesdesanluis.com\/wp-content\/uploads\/2025\/04\/Imagen-de-WhatsApp-2025-04-01-a-las-22.25.02_5073614e-300x192.jpg\" alt=\"\" width=\"692\" height=\"443\" srcset=\"https:\/\/apuntesdesanluis.com\/wp-content\/uploads\/2025\/04\/Imagen-de-WhatsApp-2025-04-01-a-las-22.25.02_5073614e-300x192.jpg 300w, https:\/\/apuntesdesanluis.com\/wp-content\/uploads\/2025\/04\/Imagen-de-WhatsApp-2025-04-01-a-las-22.25.02_5073614e-1024x654.jpg 1024w, https:\/\/apuntesdesanluis.com\/wp-content\/uploads\/2025\/04\/Imagen-de-WhatsApp-2025-04-01-a-las-22.25.02_5073614e-768x491.jpg 768w, https:\/\/apuntesdesanluis.com\/wp-content\/uploads\/2025\/04\/Imagen-de-WhatsApp-2025-04-01-a-las-22.25.02_5073614e.jpg 1160w\" sizes=\"(max-width: 692px) 100vw, 692px\" \/><\/p>\n<h3>El conductor, un hombre de 63 a\u00f1os de edad, \u00fanico ocupante del rodado, result\u00f3 ileso. El hombre manifest\u00f3 que detuvo la marcha del veh\u00edculo luego de notar fallas en el tablero del mismo, observando desde afuera c\u00f3mo repentinamente comenz\u00f3 a incendiarse.<\/h3>\n<h3>Se hizo presente en el lugar personal del Ente Control de Rutas, quienes procedieron a ocuparse del traslado de la camioneta, utilizando para ello la gr\u00faa perteneciente a dicha entidad.<\/h3>\n<p>&nbsp;<\/p>\n<p>&nbsp;<\/p>\n<p>&nbsp;<\/p>\n","protected":false},"excerpt":{"rendered":"<p>Este martes alrededor de las 10:30, polic\u00edas de la Subcomisar\u00eda 7\u00b0 de Juan Llerena, conjuntamente&#8230;<\/p>\n","protected":false},"author":1,"featured_media":31101,"comment_status":"closed","ping_status":"closed","sticky":false,"template":"","format":"standard","meta":{"footnotes":""},"categories":[6],"tags":[],"class_list":["post-31099","post","type-post","status-publish","format-standard","has-post-thumbnail","hentry","category-ciudad-provincia"],"yoast_head":"<!-- This site is optimized with the Yoast SEO plugin v26.1.1 - https:\/\/yoast.com\/wordpress\/plugins\/seo\/ -->\n<title>UNA CAMIONETA SE INCENDI\u00d3 EN LA AUTOPISTA 55 Y FELIZMENTE NO HUBO HERIDOS - Apuntes de San Luis<\/title>\n<meta name=\"robots\" content=\"index, follow, max-snippet:-1, max-image-preview:large, max-video-preview:-1\" \/>\n<link rel=\"canonical\" href=\"https:\/\/apuntesdesanluis.com\/index.php\/2025\/04\/01\/una-camioneta-se-incendio-en-la-autopista-55-y-felizmente-no-hubo-heridos\/\" \/>\n<meta property=\"og:locale\" content=\"es_ES\" \/>\n<meta property=\"og:type\" content=\"article\" \/>\n<meta property=\"og:title\" content=\"UNA CAMIONETA SE INCENDI\u00d3 EN LA AUTOPISTA 55 Y FELIZMENTE NO HUBO HERIDOS - Apuntes de San Luis\" \/>\n<meta property=\"og:description\" content=\"Este martes alrededor de las 10:30, polic\u00edas de la Subcomisar\u00eda 7\u00b0 de Juan Llerena, conjuntamente...\" \/>\n<meta property=\"og:url\" content=\"https:\/\/apuntesdesanluis.com\/index.php\/2025\/04\/01\/una-camioneta-se-incendio-en-la-autopista-55-y-felizmente-no-hubo-heridos\/\" \/>\n<meta property=\"og:site_name\" content=\"Apuntes de San Luis\" \/>\n<meta property=\"article:published_time\" content=\"2025-04-01T15:22:13+00:00\" \/>\n<meta property=\"article:modified_time\" content=\"2025-04-02T02:22:28+00:00\" \/>\n<meta property=\"og:image\" content=\"https:\/\/apuntesdesanluis.com\/wp-content\/uploads\/2025\/04\/Imagen-de-WhatsApp-2025-04-01-a-las-22.25.02_f29a15d5.jpg\" \/>\n\t<meta property=\"og:image:width\" content=\"1148\" \/>\n\t<meta property=\"og:image:height\" content=\"625\" \/>\n\t<meta property=\"og:image:type\" content=\"image\/jpeg\" \/>\n<meta name=\"author\" content=\"apuntesdesanluis.com\" \/>\n<meta name=\"twitter:card\" content=\"summary_large_image\" \/>\n<meta name=\"twitter:label1\" content=\"Escrito por\" \/>\n\t<meta name=\"twitter:data1\" content=\"apuntesdesanluis.com\" \/>\n\t<meta name=\"twitter:label2\" content=\"Tiempo de lectura\" \/>\n\t<meta name=\"twitter:data2\" content=\"2 minutos\" \/>\n<script type=\"application\/ld+json\" class=\"yoast-schema-graph\">{\"@context\":\"https:\/\/schema.org\",\"@graph\":[{\"@type\":\"Article\",\"@id\":\"https:\/\/apuntesdesanluis.com\/index.php\/2025\/04\/01\/una-camioneta-se-incendio-en-la-autopista-55-y-felizmente-no-hubo-heridos\/#article\",\"isPartOf\":{\"@id\":\"https:\/\/apuntesdesanluis.com\/index.php\/2025\/04\/01\/una-camioneta-se-incendio-en-la-autopista-55-y-felizmente-no-hubo-heridos\/\"},\"author\":{\"name\":\"apuntesdesanluis.com\",\"@id\":\"https:\/\/apuntesdesanluis.com\/#\/schema\/person\/b55151d52296fcce64d1a72538a70b90\"},\"headline\":\"UNA CAMIONETA SE INCENDI\u00d3 EN LA AUTOPISTA 55 Y FELIZMENTE NO HUBO HERIDOS\",\"datePublished\":\"2025-04-01T15:22:13+00:00\",\"dateModified\":\"2025-04-02T02:22:28+00:00\",\"mainEntityOfPage\":{\"@id\":\"https:\/\/apuntesdesanluis.com\/index.php\/2025\/04\/01\/una-camioneta-se-incendio-en-la-autopista-55-y-felizmente-no-hubo-heridos\/\"},\"wordCount\":186,\"publisher\":{\"@id\":\"https:\/\/apuntesdesanluis.com\/#\/schema\/person\/b55151d52296fcce64d1a72538a70b90\"},\"image\":{\"@id\":\"https:\/\/apuntesdesanluis.com\/index.php\/2025\/04\/01\/una-camioneta-se-incendio-en-la-autopista-55-y-felizmente-no-hubo-heridos\/#primaryimage\"},\"thumbnailUrl\":\"https:\/\/apuntesdesanluis.com\/wp-content\/uploads\/2025\/04\/Imagen-de-WhatsApp-2025-04-01-a-las-22.25.02_f29a15d5.jpg\",\"articleSection\":[\"Ciudad\/Provincia\"],\"inLanguage\":\"es-AR\"},{\"@type\":\"WebPage\",\"@id\":\"https:\/\/apuntesdesanluis.com\/index.php\/2025\/04\/01\/una-camioneta-se-incendio-en-la-autopista-55-y-felizmente-no-hubo-heridos\/\",\"url\":\"https:\/\/apuntesdesanluis.com\/index.php\/2025\/04\/01\/una-camioneta-se-incendio-en-la-autopista-55-y-felizmente-no-hubo-heridos\/\",\"name\":\"UNA CAMIONETA SE INCENDI\u00d3 EN LA AUTOPISTA 55 Y FELIZMENTE NO HUBO HERIDOS - Apuntes de San Luis\",\"isPartOf\":{\"@id\":\"https:\/\/apuntesdesanluis.com\/#website\"},\"primaryImageOfPage\":{\"@id\":\"https:\/\/apuntesdesanluis.com\/index.php\/2025\/04\/01\/una-camioneta-se-incendio-en-la-autopista-55-y-felizmente-no-hubo-heridos\/#primaryimage\"},\"image\":{\"@id\":\"https:\/\/apuntesdesanluis.com\/index.php\/2025\/04\/01\/una-camioneta-se-incendio-en-la-autopista-55-y-felizmente-no-hubo-heridos\/#primaryimage\"},\"thumbnailUrl\":\"https:\/\/apuntesdesanluis.com\/wp-content\/uploads\/2025\/04\/Imagen-de-WhatsApp-2025-04-01-a-las-22.25.02_f29a15d5.jpg\",\"datePublished\":\"2025-04-01T15:22:13+00:00\",\"dateModified\":\"2025-04-02T02:22:28+00:00\",\"breadcrumb\":{\"@id\":\"https:\/\/apuntesdesanluis.com\/index.php\/2025\/04\/01\/una-camioneta-se-incendio-en-la-autopista-55-y-felizmente-no-hubo-heridos\/#breadcrumb\"},\"inLanguage\":\"es-AR\",\"potentialAction\":[{\"@type\":\"ReadAction\",\"target\":[\"https:\/\/apuntesdesanluis.com\/index.php\/2025\/04\/01\/una-camioneta-se-incendio-en-la-autopista-55-y-felizmente-no-hubo-heridos\/\"]}]},{\"@type\":\"ImageObject\",\"inLanguage\":\"es-AR\",\"@id\":\"https:\/\/apuntesdesanluis.com\/index.php\/2025\/04\/01\/una-camioneta-se-incendio-en-la-autopista-55-y-felizmente-no-hubo-heridos\/#primaryimage\",\"url\":\"https:\/\/apuntesdesanluis.com\/wp-content\/uploads\/2025\/04\/Imagen-de-WhatsApp-2025-04-01-a-las-22.25.02_f29a15d5.jpg\",\"contentUrl\":\"https:\/\/apuntesdesanluis.com\/wp-content\/uploads\/2025\/04\/Imagen-de-WhatsApp-2025-04-01-a-las-22.25.02_f29a15d5.jpg\",\"width\":1148,\"height\":625},{\"@type\":\"BreadcrumbList\",\"@id\":\"https:\/\/apuntesdesanluis.com\/index.php\/2025\/04\/01\/una-camioneta-se-incendio-en-la-autopista-55-y-felizmente-no-hubo-heridos\/#breadcrumb\",\"itemListElement\":[{\"@type\":\"ListItem\",\"position\":1,\"name\":\"Inicio\",\"item\":\"https:\/\/apuntesdesanluis.com\/\"},{\"@type\":\"ListItem\",\"position\":2,\"name\":\"UNA CAMIONETA SE INCENDI\u00d3 EN LA AUTOPISTA 55 Y FELIZMENTE NO HUBO HERIDOS\"}]},{\"@type\":\"WebSite\",\"@id\":\"https:\/\/apuntesdesanluis.com\/#website\",\"url\":\"https:\/\/apuntesdesanluis.com\/\",\"name\":\"Apuntes de San Luis\",\"description\":\"\",\"publisher\":{\"@id\":\"https:\/\/apuntesdesanluis.com\/#\/schema\/person\/b55151d52296fcce64d1a72538a70b90\"},\"potentialAction\":[{\"@type\":\"SearchAction\",\"target\":{\"@type\":\"EntryPoint\",\"urlTemplate\":\"https:\/\/apuntesdesanluis.com\/?s={search_term_string}\"},\"query-input\":{\"@type\":\"PropertyValueSpecification\",\"valueRequired\":true,\"valueName\":\"search_term_string\"}}],\"inLanguage\":\"es-AR\"},{\"@type\":[\"Person\",\"Organization\"],\"@id\":\"https:\/\/apuntesdesanluis.com\/#\/schema\/person\/b55151d52296fcce64d1a72538a70b90\",\"name\":\"apuntesdesanluis.com\",\"image\":{\"@type\":\"ImageObject\",\"inLanguage\":\"es-AR\",\"@id\":\"https:\/\/apuntesdesanluis.com\/#\/schema\/person\/image\/\",\"url\":\"https:\/\/apuntesdesanluis.com\/wp-content\/uploads\/2023\/07\/cropped-apuntesdesanluis.png\",\"contentUrl\":\"https:\/\/apuntesdesanluis.com\/wp-content\/uploads\/2023\/07\/cropped-apuntesdesanluis.png\",\"width\":450,\"height\":112,\"caption\":\"apuntesdesanluis.com\"},\"logo\":{\"@id\":\"https:\/\/apuntesdesanluis.com\/#\/schema\/person\/image\/\"},\"sameAs\":[\"https:\/\/apuntesdesanluis.com\"],\"url\":\"https:\/\/apuntesdesanluis.com\/index.php\/author\/apuntesdesanluis-com\/\"}]}<\/script>\n<!-- \/ Yoast SEO plugin. -->","yoast_head_json":{"title":"UNA CAMIONETA SE INCENDI\u00d3 EN LA AUTOPISTA 55 Y FELIZMENTE NO HUBO HERIDOS - Apuntes de San Luis","robots":{"index":"index","follow":"follow","max-snippet":"max-snippet:-1","max-image-preview":"max-image-preview:large","max-video-preview":"max-video-preview:-1"},"canonical":"https:\/\/apuntesdesanluis.com\/index.php\/2025\/04\/01\/una-camioneta-se-incendio-en-la-autopista-55-y-felizmente-no-hubo-heridos\/","og_locale":"es_ES","og_type":"article","og_title":"UNA CAMIONETA SE INCENDI\u00d3 EN LA AUTOPISTA 55 Y FELIZMENTE NO HUBO HERIDOS - Apuntes de San Luis","og_description":"Este martes alrededor de las 10:30, polic\u00edas de la Subcomisar\u00eda 7\u00b0 de Juan Llerena, conjuntamente...","og_url":"https:\/\/apuntesdesanluis.com\/index.php\/2025\/04\/01\/una-camioneta-se-incendio-en-la-autopista-55-y-felizmente-no-hubo-heridos\/","og_site_name":"Apuntes de San Luis","article_published_time":"2025-04-01T15:22:13+00:00","article_modified_time":"2025-04-02T02:22:28+00:00","og_image":[{"width":1148,"height":625,"url":"https:\/\/apuntesdesanluis.com\/wp-content\/uploads\/2025\/04\/Imagen-de-WhatsApp-2025-04-01-a-las-22.25.02_f29a15d5.jpg","type":"image\/jpeg"}],"author":"apuntesdesanluis.com","twitter_card":"summary_large_image","twitter_misc":{"Escrito por":"apuntesdesanluis.com","Tiempo de lectura":"2 minutos"},"schema":{"@context":"https:\/\/schema.org","@graph":[{"@type":"Article","@id":"https:\/\/apuntesdesanluis.com\/index.php\/2025\/04\/01\/una-camioneta-se-incendio-en-la-autopista-55-y-felizmente-no-hubo-heridos\/#article","isPartOf":{"@id":"https:\/\/apuntesdesanluis.com\/index.php\/2025\/04\/01\/una-camioneta-se-incendio-en-la-autopista-55-y-felizmente-no-hubo-heridos\/"},"author":{"name":"apuntesdesanluis.com","@id":"https:\/\/apuntesdesanluis.com\/#\/schema\/person\/b55151d52296fcce64d1a72538a70b90"},"headline":"UNA CAMIONETA SE INCENDI\u00d3 EN LA AUTOPISTA 55 Y FELIZMENTE NO HUBO HERIDOS","datePublished":"2025-04-01T15:22:13+00:00","dateModified":"2025-04-02T02:22:28+00:00","mainEntityOfPage":{"@id":"https:\/\/apuntesdesanluis.com\/index.php\/2025\/04\/01\/una-camioneta-se-incendio-en-la-autopista-55-y-felizmente-no-hubo-heridos\/"},"wordCount":186,"publisher":{"@id":"https:\/\/apuntesdesanluis.com\/#\/schema\/person\/b55151d52296fcce64d1a72538a70b90"},"image":{"@id":"https:\/\/apuntesdesanluis.com\/index.php\/2025\/04\/01\/una-camioneta-se-incendio-en-la-autopista-55-y-felizmente-no-hubo-heridos\/#primaryimage"},"thumbnailUrl":"https:\/\/apuntesdesanluis.com\/wp-content\/uploads\/2025\/04\/Imagen-de-WhatsApp-2025-04-01-a-las-22.25.02_f29a15d5.jpg","articleSection":["Ciudad\/Provincia"],"inLanguage":"es-AR"},{"@type":"WebPage","@id":"https:\/\/apuntesdesanluis.com\/index.php\/2025\/04\/01\/una-camioneta-se-incendio-en-la-autopista-55-y-felizmente-no-hubo-heridos\/","url":"https:\/\/apuntesdesanluis.com\/index.php\/2025\/04\/01\/una-camioneta-se-incendio-en-la-autopista-55-y-felizmente-no-hubo-heridos\/","name":"UNA CAMIONETA SE INCENDI\u00d3 EN LA AUTOPISTA 55 Y FELIZMENTE NO HUBO HERIDOS - Apuntes de San Luis","isPartOf":{"@id":"https:\/\/apuntesdesanluis.com\/#website"},"primaryImageOfPage":{"@id":"https:\/\/apuntesdesanluis.com\/index.php\/2025\/04\/01\/una-camioneta-se-incendio-en-la-autopista-55-y-felizmente-no-hubo-heridos\/#primaryimage"},"image":{"@id":"https:\/\/apuntesdesanluis.com\/index.php\/2025\/04\/01\/una-camioneta-se-incendio-en-la-autopista-55-y-felizmente-no-hubo-heridos\/#primaryimage"},"thumbnailUrl":"https:\/\/apuntesdesanluis.com\/wp-content\/uploads\/2025\/04\/Imagen-de-WhatsApp-2025-04-01-a-las-22.25.02_f29a15d5.jpg","datePublished":"2025-04-01T15:22:13+00:00","dateModified":"2025-04-02T02:22:28+00:00","breadcrumb":{"@id":"https:\/\/apuntesdesanluis.com\/index.php\/2025\/04\/01\/una-camioneta-se-incendio-en-la-autopista-55-y-felizmente-no-hubo-heridos\/#breadcrumb"},"inLanguage":"es-AR","potentialAction":[{"@type":"ReadAction","target":["https:\/\/apuntesdesanluis.com\/index.php\/2025\/04\/01\/una-camioneta-se-incendio-en-la-autopista-55-y-felizmente-no-hubo-heridos\/"]}]},{"@type":"ImageObject","inLanguage":"es-AR","@id":"https:\/\/apuntesdesanluis.com\/index.php\/2025\/04\/01\/una-camioneta-se-incendio-en-la-autopista-55-y-felizmente-no-hubo-heridos\/#primaryimage","url":"https:\/\/apuntesdesanluis.com\/wp-content\/uploads\/2025\/04\/Imagen-de-WhatsApp-2025-04-01-a-las-22.25.02_f29a15d5.jpg","contentUrl":"https:\/\/apuntesdesanluis.com\/wp-content\/uploads\/2025\/04\/Imagen-de-WhatsApp-2025-04-01-a-las-22.25.02_f29a15d5.jpg","width":1148,"height":625},{"@type":"BreadcrumbList","@id":"https:\/\/apuntesdesanluis.com\/index.php\/2025\/04\/01\/una-camioneta-se-incendio-en-la-autopista-55-y-felizmente-no-hubo-heridos\/#breadcrumb","itemListElement":[{"@type":"ListItem","position":1,"name":"Inicio","item":"https:\/\/apuntesdesanluis.com\/"},{"@type":"ListItem","position":2,"name":"UNA CAMIONETA SE INCENDI\u00d3 EN LA AUTOPISTA 55 Y FELIZMENTE NO HUBO HERIDOS"}]},{"@type":"WebSite","@id":"https:\/\/apuntesdesanluis.com\/#website","url":"https:\/\/apuntesdesanluis.com\/","name":"Apuntes de San Luis","description":"","publisher":{"@id":"https:\/\/apuntesdesanluis.com\/#\/schema\/person\/b55151d52296fcce64d1a72538a70b90"},"potentialAction":[{"@type":"SearchAction","target":{"@type":"EntryPoint","urlTemplate":"https:\/\/apuntesdesanluis.com\/?s={search_term_string}"},"query-input":{"@type":"PropertyValueSpecification","valueRequired":true,"valueName":"search_term_string"}}],"inLanguage":"es-AR"},{"@type":["Person","Organization"],"@id":"https:\/\/apuntesdesanluis.com\/#\/schema\/person\/b55151d52296fcce64d1a72538a70b90","name":"apuntesdesanluis.com","image":{"@type":"ImageObject","inLanguage":"es-AR","@id":"https:\/\/apuntesdesanluis.com\/#\/schema\/person\/image\/","url":"https:\/\/apuntesdesanluis.com\/wp-content\/uploads\/2023\/07\/cropped-apuntesdesanluis.png","contentUrl":"https:\/\/apuntesdesanluis.com\/wp-content\/uploads\/2023\/07\/cropped-apuntesdesanluis.png","width":450,"height":112,"caption":"apuntesdesanluis.com"},"logo":{"@id":"https:\/\/apuntesdesanluis.com\/#\/schema\/person\/image\/"},"sameAs":["https:\/\/apuntesdesanluis.com"],"url":"https:\/\/apuntesdesanluis.com\/index.php\/author\/apuntesdesanluis-com\/"}]}},"featured_image_urls":{"full":["https:\/\/apuntesdesanluis.com\/wp-content\/uploads\/2025\/04\/Imagen-de-WhatsApp-2025-04-01-a-las-22.25.02_f29a15d5.jpg",1148,625,false],"thumbnail":["https:\/\/apuntesdesanluis.com\/wp-content\/uploads\/2025\/04\/Imagen-de-WhatsApp-2025-04-01-a-las-22.25.02_f29a15d5-150x150.jpg",150,150,true],"medium":["https:\/\/apuntesdesanluis.com\/wp-content\/uploads\/2025\/04\/Imagen-de-WhatsApp-2025-04-01-a-las-22.25.02_f29a15d5-300x163.jpg",300,163,true],"medium_large":["https:\/\/apuntesdesanluis.com\/wp-content\/uploads\/2025\/04\/Imagen-de-WhatsApp-2025-04-01-a-las-22.25.02_f29a15d5-768x418.jpg",640,348,true],"large":["https:\/\/apuntesdesanluis.com\/wp-content\/uploads\/2025\/04\/Imagen-de-WhatsApp-2025-04-01-a-las-22.25.02_f29a15d5-1024x557.jpg",640,348,true],"1536x1536":["https:\/\/apuntesdesanluis.com\/wp-content\/uploads\/2025\/04\/Imagen-de-WhatsApp-2025-04-01-a-las-22.25.02_f29a15d5.jpg",1148,625,false],"2048x2048":["https:\/\/apuntesdesanluis.com\/wp-content\/uploads\/2025\/04\/Imagen-de-WhatsApp-2025-04-01-a-las-22.25.02_f29a15d5.jpg",1148,625,false],"newsever-slider-full":["https:\/\/apuntesdesanluis.com\/wp-content\/uploads\/2025\/04\/Imagen-de-WhatsApp-2025-04-01-a-las-22.25.02_f29a15d5.jpg",1148,625,false],"newsever-featured":["https:\/\/apuntesdesanluis.com\/wp-content\/uploads\/2025\/04\/Imagen-de-WhatsApp-2025-04-01-a-las-22.25.02_f29a15d5-1024x557.jpg",1024,557,true],"newsever-medium":["https:\/\/apuntesdesanluis.com\/wp-content\/uploads\/2025\/04\/Imagen-de-WhatsApp-2025-04-01-a-las-22.25.02_f29a15d5-720x475.jpg",720,475,true]},"author_info":{"display_name":"apuntesdesanluis.com","author_link":"https:\/\/apuntesdesanluis.com\/index.php\/author\/apuntesdesanluis-com\/"},"category_info":"<a href=\"https:\/\/apuntesdesanluis.com\/index.php\/category\/ciudad-provincia\/\" rel=\"category tag\">Ciudad\/Provincia<\/a>","tag_info":"Ciudad\/Provincia","comment_count":"0","_links":{"self":[{"href":"https:\/\/apuntesdesanluis.com\/index.php\/wp-json\/wp\/v2\/posts\/31099","targetHints":{"allow":["GET"]}}],"collection":[{"href":"https:\/\/apuntesdesanluis.com\/index.php\/wp-json\/wp\/v2\/posts"}],"about":[{"href":"https:\/\/apuntesdesanluis.com\/index.php\/wp-json\/wp\/v2\/types\/post"}],"author":[{"embeddable":true,"href":"https:\/\/apuntesdesanluis.com\/index.php\/wp-json\/wp\/v2\/users\/1"}],"replies":[{"embeddable":true,"href":"https:\/\/apuntesdesanluis.com\/index.php\/wp-json\/wp\/v2\/comments?post=31099"}],"version-history":[{"count":1,"href":"https:\/\/apuntesdesanluis.com\/index.php\/wp-json\/wp\/v2\/posts\/31099\/revisions"}],"predecessor-version":[{"id":31102,"href":"https:\/\/apuntesdesanluis.com\/index.php\/wp-json\/wp\/v2\/posts\/31099\/revisions\/31102"}],"wp:featuredmedia":[{"embeddable":true,"href":"https:\/\/apuntesdesanluis.com\/index.php\/wp-json\/wp\/v2\/media\/31101"}],"wp:attachment":[{"href":"https:\/\/apuntesdesanluis.com\/index.php\/wp-json\/wp\/v2\/media?parent=31099"}],"wp:term":[{"taxonomy":"category","embeddable":true,"href":"https:\/\/apuntesdesanluis.com\/index.php\/wp-json\/wp\/v2\/categories?post=31099"},{"taxonomy":"post_tag","embeddable":true,"href":"https:\/\/apuntesdesanluis.com\/index.php\/wp-json\/wp\/v2\/tags?post=31099"}],"curies":[{"name":"wp","href":"https:\/\/api.w.org\/{rel}","templated":true}]}}