{"id":3111,"date":"2023-09-11T20:52:52","date_gmt":"2023-09-11T23:52:52","guid":{"rendered":"https:\/\/apuntesdesanluis.com\/?p=3111"},"modified":"2023-09-11T22:04:28","modified_gmt":"2023-09-12T01:04:28","slug":"satisfaccion-gremial-con-el-anuncio-de-la-suba-del-minimo-de-ganancias","status":"publish","type":"post","link":"https:\/\/apuntesdesanluis.com\/index.php\/2023\/09\/11\/satisfaccion-gremial-con-el-anuncio-de-la-suba-del-minimo-de-ganancias\/","title":{"rendered":"SATISFACCI\u00d3N GREMIAL CON EL ANUNCIO DE LA SUBA DEL M\u00cdNIMO DE GANANCIAS"},"content":{"rendered":"<h3 class=\"yiv7409174924ydp6329976emsonormal\" style=\"text-align: justify; background: white;\"><span style=\"font-family: 'Arial','sans-serif'; color: #1d2228;\">Tras el anuncio formulado este lunes por el ministro de Econom\u00eda <strong>Sergio Massa<\/strong>, de disponer un aumento del m\u00ednimo no imponible en el impuesto a las Ganancias para llevarlo a $1.770.000 millones mensuales, es decir, unos 15 Salarios M\u00ednimo Vital y M\u00f3vil, numerosas voces sindicales en nuestra provincia manifestaron su benepl\u00e1cito.<\/span><\/h3>\n<h3><span style=\"font-family: 'Arial','sans-serif'; color: #1d2228;\">&#8211; \u201cCon el anuncio que ha efectuado el ministro de Econom\u00eda Sergio Massa, sentimos que estamos coronando el esfuerzo de much\u00edsimo tiempo, todos aquellos que venimos repitiendo que el salario no es ganancia\u201d, expres\u00f3 el Secretario General de ADOI, <strong>Arnoldo Pucci<\/strong>.<\/span><\/h3>\n<h3 class=\"yiv7409174924ydp6329976emsonormal\" style=\"text-align: justify; background: white;\"><span style=\"font-family: 'Arial','sans-serif'; color: #1d2228;\">Record\u00f3 en este sentido que \u201crecientemente hab\u00edamos dado un paso fundamental, al lograr que el proyecto que presentamos a Conadu fuera aceptado por el Ministerio de Educaci\u00f3n y luego por la Secretar\u00eda de Ingresos P\u00fablicos de la naci\u00f3n, reconociendo deducciones especiales para la docencia universitaria. Este anuncio de elevar el piso a $1.770.000 naturalmente que es superador\u201d, admiti\u00f3.<\/span><\/h3>\n<h3 class=\"yiv7409174924ydp6329976emsonormal\" style=\"text-align: justify; background: white;\"><span style=\"font-family: 'Arial','sans-serif'; color: #1d2228;\">\u201cEsta medida tendr\u00e1 un impacto directo sobre los salarios m\u00e1s altos, e implicar\u00e1 una mejora sustancial en los ingresos netos de los mismos, que se incrementar\u00e1n m\u00e1s del 20%\u201d, calcul\u00f3 el ing. Pucci.<\/span><\/h3>\n<h3 class=\"yiv7409174924ydp6329976emsonormal\" style=\"text-align: justify; background: white;\"><span style=\"font-family: 'Arial','sans-serif'; color: #1d2228;\">&#8211; Por su lado el Secretario General del Sindicato de la Carne, <strong>Marcelo Periale<\/strong>, tambi\u00e9n expres\u00f3 su satisfacci\u00f3n con el anuncio del candidato a presidente por Uni\u00f3n por la Patria: \u201cSiempre desde el movimiento trabajador hemos afirmado que el salario es una retribuci\u00f3n por el esfuerzo del trabajador, la contraparte, nunca puede ser considerado ganancia, como si fuera una renta o producto de un margen como tienen las empresas. Pero asimismo, fuimos prudentes con todos los gobiernos porque entendemos que el contexto econ\u00f3mico era y es delicado. Pero esta decisi\u00f3n la esper\u00e1bamos y se funda en un claro principio de justicia social, que es una de las tres banderas del peronismo\u201d. <\/span><\/h3>\n<h3 class=\"yiv7409174924ydp6329976emsonormal\" style=\"text-align: justify; background: white;\"><span style=\"font-family: 'Arial','sans-serif'; color: #1d2228;\">\u201cSin dudas, este anuncio de Sergio Massa marca un hito hist\u00f3rico para todos los trabajadores de nuestro pa\u00eds y soluciona el problema que ten\u00edan no solo los compa\u00f1eros sino las propias empresas, dado que muchas veces en algunos sectores no conven\u00eda hacer horas extras porque se daba el contrasentido que se terminaba ganando menos, por el hachazo del impuesto a las ganancias\u201d, explic\u00f3.<\/span><\/h3>\n<h3 class=\"yiv7409174924ydp6329976emsonormal\" style=\"text-align: justify; background: white;\"><span style=\"font-family: 'Arial','sans-serif'; color: #1d2228;\">Consultado si considera oportunista el anuncio de Sergio Massa, respondi\u00f3 tajante: \u201cNo, para nada. Oportunista y mentiroso fue Macri, que cuando era candidato a presidente dijo que iba a eliminar el impuesto a las ganancias y no s\u00f3lo no cumpli\u00f3, sino que despu\u00e9s no actualiz\u00f3 el m\u00ednimo y se sumaron otros 800 mil trabajadores que quedaron alcanzados. Massa, m\u00e1s all\u00e1 que es candidato, tambi\u00e9n es ministro de econom\u00eda. Opin\u00f3 que hab\u00eda que hacerlo y lo criticaron dici\u00e9ndole que porqu\u00e9 no lo hac\u00eda siendo que actualmente es ministro. Y ahora que lo lleva a la pr\u00e1ctica, le dicen oportunista. Esas son chicanas. Hoy es un d\u00eda de fiesta para todos los trabajadores, eso es innegable\u201d, concluy\u00f3. <\/span><\/h3>\n<h3 class=\"yiv7409174924ydp6329976emsonormal\" style=\"text-align: justify; background: white;\"><span style=\"font-family: 'Arial','sans-serif'; color: #1d2228;\">&#8211; Por su parte el Secretario General de OSM, <strong>Jos\u00e9 Ucelay<\/strong>, indic\u00f3 que \u201csin dudas el anuncio de Sergio Massa satisface ampliamente un pedido que expresamos desde siempre los sindicatos, que es reconocer que el salario no es ganancia, sino una retribuci\u00f3n de la patronal al esfuerzo que entrega el trabajador. Esta medida, interpreto que representa un respeto hacia todos los trabajadores que aportan su esfuerzo y sacrificio todos los d\u00edas. Tengo la esperanza de que es un paso fundamental que est\u00e1 dando Sergio Massa en pos de establecer un sistema m\u00e1s justo y solidario de reparto de la riqueza, donde los sectores m\u00e1s castigados por una vez son reconocidos, para que el esfuerzo lo hagan aquellos que realmente se han favorecido con la especulaci\u00f3n, la renta financiera y los negocios\u201d.<\/span><\/h3>\n<h3 class=\"yiv7409174924ydp6329976emsonormal\" style=\"text-align: justify; background: white;\"><span style=\"font-family: 'Arial','sans-serif'; color: #1d2228;\">\u201cCon este proyecto que se ha enviado al Congreso y que esperemos se convierta en ley, los trabajadores mejor remunerados no deber\u00e1n estar especulando si les conviene trabajar m\u00e1s, hacer horas extras, o quedarse en su casa, que era un verdadero contrasentido. A\u00fan recuerdo cuando Macri era candidato y lanz\u00f3 su propuesta de eliminar el impuesto a las ganancias y luego qued\u00f3 en promesa, minti\u00f3, porque nunca cumpli\u00f3 y encima nos endeud\u00f3 en 45 mil millones de d\u00f3lares. Para todos los trabajadores, esta medida lleva tranquilidad y representa un incentivo, porque las escalas m\u00e1s altas o quienes trabajen m\u00e1s, ver\u00e1n una mejora concreta en sus ingresos\u201d, explic\u00f3.<\/span><\/h3>\n<h3 class=\"yiv7409174924ydp6329976emsonormal\" style=\"text-align: justify; background: white;\"><span style=\"font-family: 'Arial','sans-serif'; color: #1d2228;\">&#8211; Finalmente, el Secretario General del Sindicato Judiciales Puntanos (SIJUPU), <strong>Luciano Cardarelli<\/strong>, tambi\u00e9n manifest\u00f3 su \u201cbenepl\u00e1cito por el anuncio de la suba del m\u00ednimo no imponible para el c\u00e1lculo del Impuesto a las Ganancias, que permitir\u00e1 compensar tambi\u00e9n el impacto de la devaluaci\u00f3n sobre los ingresos de los trabajadores\u201d..<\/span><\/h3>\n<h3 class=\"yiv7409174924ydp6329976emsonormal\" style=\"text-align: justify; background: white;\"><span style=\"font-family: 'Arial','sans-serif'; color: #1d2228;\">\u201cHist\u00f3ricamente, nosotros llevamos adelante una lucha en el orden nacional, con el fundamento de que el salario no es ganancia. Y eso no es s\u00f3lo una consigna o un slogan, sino un convencimiento que se fundamenta en m\u00faltiples fundamentos de orden econ\u00f3mico, filos\u00f3fico y de sentido com\u00fan. No obstante, estamos contentos con el anuncio que ha dado el ministro de Econom\u00eda, porque con esta elevaci\u00f3n del m\u00ednimo de Ganancias, ning\u00fan trabajador del Poder Judicial quedar\u00e1 alcanzado por este injusto impuesto\u201d, enfatiz\u00f3.<\/span><\/h3>\n<p>&nbsp;<\/p>\n<p>&nbsp;<\/p>\n","protected":false},"excerpt":{"rendered":"<p>Tras el anuncio formulado este lunes por el ministro de Econom\u00eda Sergio Massa, de disponer&#8230;<\/p>\n","protected":false},"author":1,"featured_media":3112,"comment_status":"closed","ping_status":"closed","sticky":false,"template":"","format":"standard","meta":{"footnotes":""},"categories":[6],"tags":[],"class_list":["post-3111","post","type-post","status-publish","format-standard","has-post-thumbnail","hentry","category-ciudad-provincia"],"yoast_head":"<!-- This site is optimized with the Yoast SEO plugin v26.1.1 - https:\/\/yoast.com\/wordpress\/plugins\/seo\/ -->\n<title>SATISFACCI\u00d3N GREMIAL CON EL ANUNCIO DE LA SUBA DEL M\u00cdNIMO DE GANANCIAS - Apuntes de San Luis<\/title>\n<meta name=\"robots\" content=\"index, follow, max-snippet:-1, max-image-preview:large, max-video-preview:-1\" \/>\n<link rel=\"canonical\" href=\"https:\/\/apuntesdesanluis.com\/index.php\/2023\/09\/11\/satisfaccion-gremial-con-el-anuncio-de-la-suba-del-minimo-de-ganancias\/\" \/>\n<meta property=\"og:locale\" content=\"es_ES\" \/>\n<meta property=\"og:type\" content=\"article\" \/>\n<meta property=\"og:title\" content=\"SATISFACCI\u00d3N GREMIAL CON EL ANUNCIO DE LA SUBA DEL M\u00cdNIMO DE GANANCIAS - Apuntes de San Luis\" \/>\n<meta property=\"og:description\" content=\"Tras el anuncio formulado este lunes por el ministro de Econom\u00eda Sergio Massa, de disponer...\" \/>\n<meta property=\"og:url\" content=\"https:\/\/apuntesdesanluis.com\/index.php\/2023\/09\/11\/satisfaccion-gremial-con-el-anuncio-de-la-suba-del-minimo-de-ganancias\/\" \/>\n<meta property=\"og:site_name\" content=\"Apuntes de San Luis\" \/>\n<meta property=\"article:published_time\" content=\"2023-09-11T23:52:52+00:00\" \/>\n<meta property=\"article:modified_time\" content=\"2023-09-12T01:04:28+00:00\" \/>\n<meta property=\"og:image\" content=\"https:\/\/apuntesdesanluis.com\/wp-content\/uploads\/2023\/09\/daer-massa.png\" \/>\n\t<meta property=\"og:image:width\" content=\"829\" \/>\n\t<meta property=\"og:image:height\" content=\"478\" \/>\n\t<meta property=\"og:image:type\" content=\"image\/png\" \/>\n<meta name=\"author\" content=\"apuntesdesanluis.com\" \/>\n<meta name=\"twitter:card\" content=\"summary_large_image\" \/>\n<meta name=\"twitter:label1\" content=\"Escrito por\" \/>\n\t<meta name=\"twitter:data1\" content=\"apuntesdesanluis.com\" \/>\n\t<meta name=\"twitter:label2\" content=\"Tiempo de lectura\" \/>\n\t<meta name=\"twitter:data2\" content=\"5 minutos\" \/>\n<script type=\"application\/ld+json\" class=\"yoast-schema-graph\">{\"@context\":\"https:\/\/schema.org\",\"@graph\":[{\"@type\":\"Article\",\"@id\":\"https:\/\/apuntesdesanluis.com\/index.php\/2023\/09\/11\/satisfaccion-gremial-con-el-anuncio-de-la-suba-del-minimo-de-ganancias\/#article\",\"isPartOf\":{\"@id\":\"https:\/\/apuntesdesanluis.com\/index.php\/2023\/09\/11\/satisfaccion-gremial-con-el-anuncio-de-la-suba-del-minimo-de-ganancias\/\"},\"author\":{\"name\":\"apuntesdesanluis.com\",\"@id\":\"https:\/\/apuntesdesanluis.com\/#\/schema\/person\/b55151d52296fcce64d1a72538a70b90\"},\"headline\":\"SATISFACCI\u00d3N GREMIAL CON EL ANUNCIO DE LA SUBA DEL M\u00cdNIMO DE GANANCIAS\",\"datePublished\":\"2023-09-11T23:52:52+00:00\",\"dateModified\":\"2023-09-12T01:04:28+00:00\",\"mainEntityOfPage\":{\"@id\":\"https:\/\/apuntesdesanluis.com\/index.php\/2023\/09\/11\/satisfaccion-gremial-con-el-anuncio-de-la-suba-del-minimo-de-ganancias\/\"},\"wordCount\":916,\"publisher\":{\"@id\":\"https:\/\/apuntesdesanluis.com\/#\/schema\/person\/b55151d52296fcce64d1a72538a70b90\"},\"image\":{\"@id\":\"https:\/\/apuntesdesanluis.com\/index.php\/2023\/09\/11\/satisfaccion-gremial-con-el-anuncio-de-la-suba-del-minimo-de-ganancias\/#primaryimage\"},\"thumbnailUrl\":\"https:\/\/apuntesdesanluis.com\/wp-content\/uploads\/2023\/09\/daer-massa.png\",\"articleSection\":[\"Ciudad\/Provincia\"],\"inLanguage\":\"es-AR\"},{\"@type\":\"WebPage\",\"@id\":\"https:\/\/apuntesdesanluis.com\/index.php\/2023\/09\/11\/satisfaccion-gremial-con-el-anuncio-de-la-suba-del-minimo-de-ganancias\/\",\"url\":\"https:\/\/apuntesdesanluis.com\/index.php\/2023\/09\/11\/satisfaccion-gremial-con-el-anuncio-de-la-suba-del-minimo-de-ganancias\/\",\"name\":\"SATISFACCI\u00d3N GREMIAL CON EL ANUNCIO DE LA SUBA DEL M\u00cdNIMO DE GANANCIAS - Apuntes de San Luis\",\"isPartOf\":{\"@id\":\"https:\/\/apuntesdesanluis.com\/#website\"},\"primaryImageOfPage\":{\"@id\":\"https:\/\/apuntesdesanluis.com\/index.php\/2023\/09\/11\/satisfaccion-gremial-con-el-anuncio-de-la-suba-del-minimo-de-ganancias\/#primaryimage\"},\"image\":{\"@id\":\"https:\/\/apuntesdesanluis.com\/index.php\/2023\/09\/11\/satisfaccion-gremial-con-el-anuncio-de-la-suba-del-minimo-de-ganancias\/#primaryimage\"},\"thumbnailUrl\":\"https:\/\/apuntesdesanluis.com\/wp-content\/uploads\/2023\/09\/daer-massa.png\",\"datePublished\":\"2023-09-11T23:52:52+00:00\",\"dateModified\":\"2023-09-12T01:04:28+00:00\",\"breadcrumb\":{\"@id\":\"https:\/\/apuntesdesanluis.com\/index.php\/2023\/09\/11\/satisfaccion-gremial-con-el-anuncio-de-la-suba-del-minimo-de-ganancias\/#breadcrumb\"},\"inLanguage\":\"es-AR\",\"potentialAction\":[{\"@type\":\"ReadAction\",\"target\":[\"https:\/\/apuntesdesanluis.com\/index.php\/2023\/09\/11\/satisfaccion-gremial-con-el-anuncio-de-la-suba-del-minimo-de-ganancias\/\"]}]},{\"@type\":\"ImageObject\",\"inLanguage\":\"es-AR\",\"@id\":\"https:\/\/apuntesdesanluis.com\/index.php\/2023\/09\/11\/satisfaccion-gremial-con-el-anuncio-de-la-suba-del-minimo-de-ganancias\/#primaryimage\",\"url\":\"https:\/\/apuntesdesanluis.com\/wp-content\/uploads\/2023\/09\/daer-massa.png\",\"contentUrl\":\"https:\/\/apuntesdesanluis.com\/wp-content\/uploads\/2023\/09\/daer-massa.png\",\"width\":829,\"height\":478},{\"@type\":\"BreadcrumbList\",\"@id\":\"https:\/\/apuntesdesanluis.com\/index.php\/2023\/09\/11\/satisfaccion-gremial-con-el-anuncio-de-la-suba-del-minimo-de-ganancias\/#breadcrumb\",\"itemListElement\":[{\"@type\":\"ListItem\",\"position\":1,\"name\":\"Inicio\",\"item\":\"https:\/\/apuntesdesanluis.com\/\"},{\"@type\":\"ListItem\",\"position\":2,\"name\":\"SATISFACCI\u00d3N GREMIAL CON EL ANUNCIO DE LA SUBA DEL M\u00cdNIMO DE GANANCIAS\"}]},{\"@type\":\"WebSite\",\"@id\":\"https:\/\/apuntesdesanluis.com\/#website\",\"url\":\"https:\/\/apuntesdesanluis.com\/\",\"name\":\"Apuntes de San Luis\",\"description\":\"\",\"publisher\":{\"@id\":\"https:\/\/apuntesdesanluis.com\/#\/schema\/person\/b55151d52296fcce64d1a72538a70b90\"},\"potentialAction\":[{\"@type\":\"SearchAction\",\"target\":{\"@type\":\"EntryPoint\",\"urlTemplate\":\"https:\/\/apuntesdesanluis.com\/?s={search_term_string}\"},\"query-input\":{\"@type\":\"PropertyValueSpecification\",\"valueRequired\":true,\"valueName\":\"search_term_string\"}}],\"inLanguage\":\"es-AR\"},{\"@type\":[\"Person\",\"Organization\"],\"@id\":\"https:\/\/apuntesdesanluis.com\/#\/schema\/person\/b55151d52296fcce64d1a72538a70b90\",\"name\":\"apuntesdesanluis.com\",\"image\":{\"@type\":\"ImageObject\",\"inLanguage\":\"es-AR\",\"@id\":\"https:\/\/apuntesdesanluis.com\/#\/schema\/person\/image\/\",\"url\":\"https:\/\/apuntesdesanluis.com\/wp-content\/uploads\/2023\/07\/cropped-apuntesdesanluis.png\",\"contentUrl\":\"https:\/\/apuntesdesanluis.com\/wp-content\/uploads\/2023\/07\/cropped-apuntesdesanluis.png\",\"width\":450,\"height\":112,\"caption\":\"apuntesdesanluis.com\"},\"logo\":{\"@id\":\"https:\/\/apuntesdesanluis.com\/#\/schema\/person\/image\/\"},\"sameAs\":[\"https:\/\/apuntesdesanluis.com\"],\"url\":\"https:\/\/apuntesdesanluis.com\/index.php\/author\/apuntesdesanluis-com\/\"}]}<\/script>\n<!-- \/ Yoast SEO plugin. -->","yoast_head_json":{"title":"SATISFACCI\u00d3N GREMIAL CON EL ANUNCIO DE LA SUBA DEL M\u00cdNIMO DE GANANCIAS - Apuntes de San Luis","robots":{"index":"index","follow":"follow","max-snippet":"max-snippet:-1","max-image-preview":"max-image-preview:large","max-video-preview":"max-video-preview:-1"},"canonical":"https:\/\/apuntesdesanluis.com\/index.php\/2023\/09\/11\/satisfaccion-gremial-con-el-anuncio-de-la-suba-del-minimo-de-ganancias\/","og_locale":"es_ES","og_type":"article","og_title":"SATISFACCI\u00d3N GREMIAL CON EL ANUNCIO DE LA SUBA DEL M\u00cdNIMO DE GANANCIAS - Apuntes de San Luis","og_description":"Tras el anuncio formulado este lunes por el ministro de Econom\u00eda Sergio Massa, de disponer...","og_url":"https:\/\/apuntesdesanluis.com\/index.php\/2023\/09\/11\/satisfaccion-gremial-con-el-anuncio-de-la-suba-del-minimo-de-ganancias\/","og_site_name":"Apuntes de San Luis","article_published_time":"2023-09-11T23:52:52+00:00","article_modified_time":"2023-09-12T01:04:28+00:00","og_image":[{"width":829,"height":478,"url":"https:\/\/apuntesdesanluis.com\/wp-content\/uploads\/2023\/09\/daer-massa.png","type":"image\/png"}],"author":"apuntesdesanluis.com","twitter_card":"summary_large_image","twitter_misc":{"Escrito por":"apuntesdesanluis.com","Tiempo de lectura":"5 minutos"},"schema":{"@context":"https:\/\/schema.org","@graph":[{"@type":"Article","@id":"https:\/\/apuntesdesanluis.com\/index.php\/2023\/09\/11\/satisfaccion-gremial-con-el-anuncio-de-la-suba-del-minimo-de-ganancias\/#article","isPartOf":{"@id":"https:\/\/apuntesdesanluis.com\/index.php\/2023\/09\/11\/satisfaccion-gremial-con-el-anuncio-de-la-suba-del-minimo-de-ganancias\/"},"author":{"name":"apuntesdesanluis.com","@id":"https:\/\/apuntesdesanluis.com\/#\/schema\/person\/b55151d52296fcce64d1a72538a70b90"},"headline":"SATISFACCI\u00d3N GREMIAL CON EL ANUNCIO DE LA SUBA DEL M\u00cdNIMO DE GANANCIAS","datePublished":"2023-09-11T23:52:52+00:00","dateModified":"2023-09-12T01:04:28+00:00","mainEntityOfPage":{"@id":"https:\/\/apuntesdesanluis.com\/index.php\/2023\/09\/11\/satisfaccion-gremial-con-el-anuncio-de-la-suba-del-minimo-de-ganancias\/"},"wordCount":916,"publisher":{"@id":"https:\/\/apuntesdesanluis.com\/#\/schema\/person\/b55151d52296fcce64d1a72538a70b90"},"image":{"@id":"https:\/\/apuntesdesanluis.com\/index.php\/2023\/09\/11\/satisfaccion-gremial-con-el-anuncio-de-la-suba-del-minimo-de-ganancias\/#primaryimage"},"thumbnailUrl":"https:\/\/apuntesdesanluis.com\/wp-content\/uploads\/2023\/09\/daer-massa.png","articleSection":["Ciudad\/Provincia"],"inLanguage":"es-AR"},{"@type":"WebPage","@id":"https:\/\/apuntesdesanluis.com\/index.php\/2023\/09\/11\/satisfaccion-gremial-con-el-anuncio-de-la-suba-del-minimo-de-ganancias\/","url":"https:\/\/apuntesdesanluis.com\/index.php\/2023\/09\/11\/satisfaccion-gremial-con-el-anuncio-de-la-suba-del-minimo-de-ganancias\/","name":"SATISFACCI\u00d3N GREMIAL CON EL ANUNCIO DE LA SUBA DEL M\u00cdNIMO DE GANANCIAS - Apuntes de San Luis","isPartOf":{"@id":"https:\/\/apuntesdesanluis.com\/#website"},"primaryImageOfPage":{"@id":"https:\/\/apuntesdesanluis.com\/index.php\/2023\/09\/11\/satisfaccion-gremial-con-el-anuncio-de-la-suba-del-minimo-de-ganancias\/#primaryimage"},"image":{"@id":"https:\/\/apuntesdesanluis.com\/index.php\/2023\/09\/11\/satisfaccion-gremial-con-el-anuncio-de-la-suba-del-minimo-de-ganancias\/#primaryimage"},"thumbnailUrl":"https:\/\/apuntesdesanluis.com\/wp-content\/uploads\/2023\/09\/daer-massa.png","datePublished":"2023-09-11T23:52:52+00:00","dateModified":"2023-09-12T01:04:28+00:00","breadcrumb":{"@id":"https:\/\/apuntesdesanluis.com\/index.php\/2023\/09\/11\/satisfaccion-gremial-con-el-anuncio-de-la-suba-del-minimo-de-ganancias\/#breadcrumb"},"inLanguage":"es-AR","potentialAction":[{"@type":"ReadAction","target":["https:\/\/apuntesdesanluis.com\/index.php\/2023\/09\/11\/satisfaccion-gremial-con-el-anuncio-de-la-suba-del-minimo-de-ganancias\/"]}]},{"@type":"ImageObject","inLanguage":"es-AR","@id":"https:\/\/apuntesdesanluis.com\/index.php\/2023\/09\/11\/satisfaccion-gremial-con-el-anuncio-de-la-suba-del-minimo-de-ganancias\/#primaryimage","url":"https:\/\/apuntesdesanluis.com\/wp-content\/uploads\/2023\/09\/daer-massa.png","contentUrl":"https:\/\/apuntesdesanluis.com\/wp-content\/uploads\/2023\/09\/daer-massa.png","width":829,"height":478},{"@type":"BreadcrumbList","@id":"https:\/\/apuntesdesanluis.com\/index.php\/2023\/09\/11\/satisfaccion-gremial-con-el-anuncio-de-la-suba-del-minimo-de-ganancias\/#breadcrumb","itemListElement":[{"@type":"ListItem","position":1,"name":"Inicio","item":"https:\/\/apuntesdesanluis.com\/"},{"@type":"ListItem","position":2,"name":"SATISFACCI\u00d3N GREMIAL CON EL ANUNCIO DE LA SUBA DEL M\u00cdNIMO DE GANANCIAS"}]},{"@type":"WebSite","@id":"https:\/\/apuntesdesanluis.com\/#website","url":"https:\/\/apuntesdesanluis.com\/","name":"Apuntes de San Luis","description":"","publisher":{"@id":"https:\/\/apuntesdesanluis.com\/#\/schema\/person\/b55151d52296fcce64d1a72538a70b90"},"potentialAction":[{"@type":"SearchAction","target":{"@type":"EntryPoint","urlTemplate":"https:\/\/apuntesdesanluis.com\/?s={search_term_string}"},"query-input":{"@type":"PropertyValueSpecification","valueRequired":true,"valueName":"search_term_string"}}],"inLanguage":"es-AR"},{"@type":["Person","Organization"],"@id":"https:\/\/apuntesdesanluis.com\/#\/schema\/person\/b55151d52296fcce64d1a72538a70b90","name":"apuntesdesanluis.com","image":{"@type":"ImageObject","inLanguage":"es-AR","@id":"https:\/\/apuntesdesanluis.com\/#\/schema\/person\/image\/","url":"https:\/\/apuntesdesanluis.com\/wp-content\/uploads\/2023\/07\/cropped-apuntesdesanluis.png","contentUrl":"https:\/\/apuntesdesanluis.com\/wp-content\/uploads\/2023\/07\/cropped-apuntesdesanluis.png","width":450,"height":112,"caption":"apuntesdesanluis.com"},"logo":{"@id":"https:\/\/apuntesdesanluis.com\/#\/schema\/person\/image\/"},"sameAs":["https:\/\/apuntesdesanluis.com"],"url":"https:\/\/apuntesdesanluis.com\/index.php\/author\/apuntesdesanluis-com\/"}]}},"featured_image_urls":{"full":["https:\/\/apuntesdesanluis.com\/wp-content\/uploads\/2023\/09\/daer-massa.png",829,478,false],"thumbnail":["https:\/\/apuntesdesanluis.com\/wp-content\/uploads\/2023\/09\/daer-massa-150x150.png",150,150,true],"medium":["https:\/\/apuntesdesanluis.com\/wp-content\/uploads\/2023\/09\/daer-massa-300x173.png",300,173,true],"medium_large":["https:\/\/apuntesdesanluis.com\/wp-content\/uploads\/2023\/09\/daer-massa-768x443.png",640,369,true],"large":["https:\/\/apuntesdesanluis.com\/wp-content\/uploads\/2023\/09\/daer-massa.png",640,369,false],"1536x1536":["https:\/\/apuntesdesanluis.com\/wp-content\/uploads\/2023\/09\/daer-massa.png",829,478,false],"2048x2048":["https:\/\/apuntesdesanluis.com\/wp-content\/uploads\/2023\/09\/daer-massa.png",829,478,false],"newsever-slider-full":["https:\/\/apuntesdesanluis.com\/wp-content\/uploads\/2023\/09\/daer-massa.png",829,478,false],"newsever-featured":["https:\/\/apuntesdesanluis.com\/wp-content\/uploads\/2023\/09\/daer-massa.png",829,478,false],"newsever-medium":["https:\/\/apuntesdesanluis.com\/wp-content\/uploads\/2023\/09\/daer-massa-720x475.png",720,475,true]},"author_info":{"display_name":"apuntesdesanluis.com","author_link":"https:\/\/apuntesdesanluis.com\/index.php\/author\/apuntesdesanluis-com\/"},"category_info":"<a href=\"https:\/\/apuntesdesanluis.com\/index.php\/category\/ciudad-provincia\/\" rel=\"category tag\">Ciudad\/Provincia<\/a>","tag_info":"Ciudad\/Provincia","comment_count":"0","_links":{"self":[{"href":"https:\/\/apuntesdesanluis.com\/index.php\/wp-json\/wp\/v2\/posts\/3111","targetHints":{"allow":["GET"]}}],"collection":[{"href":"https:\/\/apuntesdesanluis.com\/index.php\/wp-json\/wp\/v2\/posts"}],"about":[{"href":"https:\/\/apuntesdesanluis.com\/index.php\/wp-json\/wp\/v2\/types\/post"}],"author":[{"embeddable":true,"href":"https:\/\/apuntesdesanluis.com\/index.php\/wp-json\/wp\/v2\/users\/1"}],"replies":[{"embeddable":true,"href":"https:\/\/apuntesdesanluis.com\/index.php\/wp-json\/wp\/v2\/comments?post=3111"}],"version-history":[{"count":7,"href":"https:\/\/apuntesdesanluis.com\/index.php\/wp-json\/wp\/v2\/posts\/3111\/revisions"}],"predecessor-version":[{"id":3133,"href":"https:\/\/apuntesdesanluis.com\/index.php\/wp-json\/wp\/v2\/posts\/3111\/revisions\/3133"}],"wp:featuredmedia":[{"embeddable":true,"href":"https:\/\/apuntesdesanluis.com\/index.php\/wp-json\/wp\/v2\/media\/3112"}],"wp:attachment":[{"href":"https:\/\/apuntesdesanluis.com\/index.php\/wp-json\/wp\/v2\/media?parent=3111"}],"wp:term":[{"taxonomy":"category","embeddable":true,"href":"https:\/\/apuntesdesanluis.com\/index.php\/wp-json\/wp\/v2\/categories?post=3111"},{"taxonomy":"post_tag","embeddable":true,"href":"https:\/\/apuntesdesanluis.com\/index.php\/wp-json\/wp\/v2\/tags?post=3111"}],"curies":[{"name":"wp","href":"https:\/\/api.w.org\/{rel}","templated":true}]}}