{"id":31145,"date":"2025-04-02T22:21:17","date_gmt":"2025-04-03T01:21:17","guid":{"rendered":"https:\/\/apuntesdesanluis.com\/?p=31145"},"modified":"2025-04-02T22:22:09","modified_gmt":"2025-04-03T01:22:09","slug":"poggi-delineo-la-hoja-de-ruta-para-sacarnos-de-la-peor-tragedia-social-y-economica","status":"publish","type":"post","link":"https:\/\/apuntesdesanluis.com\/index.php\/2025\/04\/02\/poggi-delineo-la-hoja-de-ruta-para-sacarnos-de-la-peor-tragedia-social-y-economica\/","title":{"rendered":"\u201cPOGGI DELINE\u00d3 LA HOJA DE RUTA PARA SACARNOS DE LA PEOR TRAGEDIA SOCIAL Y ECON\u00d3MICA\u201d"},"content":{"rendered":"<h3>As\u00ed defini\u00f3 el discurso del gobernador <strong>Claudio Poggi<\/strong>, ante la Asamblea legislativa, el diputado provincial <strong>Charly Pereyra<\/strong>, al analizar los conceptos formulados por el primer mandatario.<\/h3>\n<h3>A trav\u00e9s de un posteo en Instagram, el legislador se refiri\u00f3 al informe sobre el estado de la administraci\u00f3n que brind\u00f3 el jefe de estado el pasado martes, al dejar inaugurado un nuevo per\u00edodo de sesiones ordinarias.<\/h3>\n<h3>\u201cEl mensaje de este a\u00f1o fue especial. En un <strong>contexto de emergencia<\/strong>, escuchamos el programa de Gobierno que sacar\u00e1, gradualmente, a nuestra comunidad de San Luis de la <strong>peor tragedia social y econ\u00f3mica<\/strong> que nos ha tocado sufrir desde regreso de la democracia a esta parte\u201d, enfatiz\u00f3 el diputado Pereyra.<\/h3>\n<h3>Con respecto a los ejes que destac\u00f3 del discurso de Poggi, rese\u00f1\u00f3: \u201cEducaci\u00f3n, seguridad, lucha contra el narcotr\u00e1fico, nutrici\u00f3n para los ni\u00f1os en edad escolar, el sector privado como principal generador de empleo, nuevo plan de viviendas y reforma constitucional y judicial\u201d.<\/h3>\n<h3>El gobierno est\u00e1 haciendo \u201cun esfuerzo denodado para volver a los indicadores del Estado de Bienestar que supo tener la Provincia. No tengo dudas que esta ma\u00f1ana, al menos los hombres y mujeres de buena voluntad, amanecimos entusiasmados y esperanzados. Cuente con nosotros gobernador\u201d, concluy\u00f3.<\/h3>\n<h3><\/h3>\n<h3><\/h3>\n<p>&nbsp;<\/p>\n","protected":false},"excerpt":{"rendered":"<p>As\u00ed defini\u00f3 el discurso del gobernador Claudio Poggi, ante la Asamblea legislativa, el diputado provincial&#8230;<\/p>\n","protected":false},"author":1,"featured_media":31146,"comment_status":"closed","ping_status":"closed","sticky":false,"template":"","format":"standard","meta":{"footnotes":""},"categories":[6],"tags":[],"class_list":["post-31145","post","type-post","status-publish","format-standard","has-post-thumbnail","hentry","category-ciudad-provincia"],"yoast_head":"<!-- This site is optimized with the Yoast SEO plugin v26.1.1 - https:\/\/yoast.com\/wordpress\/plugins\/seo\/ -->\n<title>\u201cPOGGI DELINE\u00d3 LA HOJA DE RUTA PARA SACARNOS DE LA PEOR TRAGEDIA SOCIAL Y ECON\u00d3MICA\u201d - Apuntes de San Luis<\/title>\n<meta name=\"robots\" content=\"index, follow, max-snippet:-1, max-image-preview:large, max-video-preview:-1\" \/>\n<link rel=\"canonical\" href=\"https:\/\/apuntesdesanluis.com\/index.php\/2025\/04\/02\/poggi-delineo-la-hoja-de-ruta-para-sacarnos-de-la-peor-tragedia-social-y-economica\/\" \/>\n<meta property=\"og:locale\" content=\"es_ES\" \/>\n<meta property=\"og:type\" content=\"article\" \/>\n<meta property=\"og:title\" content=\"\u201cPOGGI DELINE\u00d3 LA HOJA DE RUTA PARA SACARNOS DE LA PEOR TRAGEDIA SOCIAL Y ECON\u00d3MICA\u201d - Apuntes de San Luis\" \/>\n<meta property=\"og:description\" content=\"As\u00ed defini\u00f3 el discurso del gobernador Claudio Poggi, ante la Asamblea legislativa, el diputado provincial...\" \/>\n<meta property=\"og:url\" content=\"https:\/\/apuntesdesanluis.com\/index.php\/2025\/04\/02\/poggi-delineo-la-hoja-de-ruta-para-sacarnos-de-la-peor-tragedia-social-y-economica\/\" \/>\n<meta property=\"og:site_name\" content=\"Apuntes de San Luis\" \/>\n<meta property=\"article:published_time\" content=\"2025-04-03T01:21:17+00:00\" \/>\n<meta property=\"article:modified_time\" content=\"2025-04-03T01:22:09+00:00\" \/>\n<meta property=\"og:image\" content=\"https:\/\/apuntesdesanluis.com\/wp-content\/uploads\/2025\/04\/charly-pereyra.png\" \/>\n\t<meta property=\"og:image:width\" content=\"549\" \/>\n\t<meta property=\"og:image:height\" content=\"365\" \/>\n\t<meta property=\"og:image:type\" content=\"image\/png\" \/>\n<meta name=\"author\" content=\"apuntesdesanluis.com\" \/>\n<meta name=\"twitter:card\" content=\"summary_large_image\" \/>\n<meta name=\"twitter:label1\" content=\"Escrito por\" \/>\n\t<meta name=\"twitter:data1\" content=\"apuntesdesanluis.com\" \/>\n\t<meta name=\"twitter:label2\" content=\"Tiempo de lectura\" \/>\n\t<meta name=\"twitter:data2\" content=\"2 minutos\" \/>\n<script type=\"application\/ld+json\" class=\"yoast-schema-graph\">{\"@context\":\"https:\/\/schema.org\",\"@graph\":[{\"@type\":\"Article\",\"@id\":\"https:\/\/apuntesdesanluis.com\/index.php\/2025\/04\/02\/poggi-delineo-la-hoja-de-ruta-para-sacarnos-de-la-peor-tragedia-social-y-economica\/#article\",\"isPartOf\":{\"@id\":\"https:\/\/apuntesdesanluis.com\/index.php\/2025\/04\/02\/poggi-delineo-la-hoja-de-ruta-para-sacarnos-de-la-peor-tragedia-social-y-economica\/\"},\"author\":{\"name\":\"apuntesdesanluis.com\",\"@id\":\"https:\/\/apuntesdesanluis.com\/#\/schema\/person\/b55151d52296fcce64d1a72538a70b90\"},\"headline\":\"\u201cPOGGI DELINE\u00d3 LA HOJA DE RUTA PARA SACARNOS DE LA PEOR TRAGEDIA SOCIAL Y ECON\u00d3MICA\u201d\",\"datePublished\":\"2025-04-03T01:21:17+00:00\",\"dateModified\":\"2025-04-03T01:22:09+00:00\",\"mainEntityOfPage\":{\"@id\":\"https:\/\/apuntesdesanluis.com\/index.php\/2025\/04\/02\/poggi-delineo-la-hoja-de-ruta-para-sacarnos-de-la-peor-tragedia-social-y-economica\/\"},\"wordCount\":227,\"publisher\":{\"@id\":\"https:\/\/apuntesdesanluis.com\/#\/schema\/person\/b55151d52296fcce64d1a72538a70b90\"},\"image\":{\"@id\":\"https:\/\/apuntesdesanluis.com\/index.php\/2025\/04\/02\/poggi-delineo-la-hoja-de-ruta-para-sacarnos-de-la-peor-tragedia-social-y-economica\/#primaryimage\"},\"thumbnailUrl\":\"https:\/\/apuntesdesanluis.com\/wp-content\/uploads\/2025\/04\/charly-pereyra.png\",\"articleSection\":[\"Ciudad\/Provincia\"],\"inLanguage\":\"es-AR\"},{\"@type\":\"WebPage\",\"@id\":\"https:\/\/apuntesdesanluis.com\/index.php\/2025\/04\/02\/poggi-delineo-la-hoja-de-ruta-para-sacarnos-de-la-peor-tragedia-social-y-economica\/\",\"url\":\"https:\/\/apuntesdesanluis.com\/index.php\/2025\/04\/02\/poggi-delineo-la-hoja-de-ruta-para-sacarnos-de-la-peor-tragedia-social-y-economica\/\",\"name\":\"\u201cPOGGI DELINE\u00d3 LA HOJA DE RUTA PARA SACARNOS DE LA PEOR TRAGEDIA SOCIAL Y ECON\u00d3MICA\u201d - Apuntes de San Luis\",\"isPartOf\":{\"@id\":\"https:\/\/apuntesdesanluis.com\/#website\"},\"primaryImageOfPage\":{\"@id\":\"https:\/\/apuntesdesanluis.com\/index.php\/2025\/04\/02\/poggi-delineo-la-hoja-de-ruta-para-sacarnos-de-la-peor-tragedia-social-y-economica\/#primaryimage\"},\"image\":{\"@id\":\"https:\/\/apuntesdesanluis.com\/index.php\/2025\/04\/02\/poggi-delineo-la-hoja-de-ruta-para-sacarnos-de-la-peor-tragedia-social-y-economica\/#primaryimage\"},\"thumbnailUrl\":\"https:\/\/apuntesdesanluis.com\/wp-content\/uploads\/2025\/04\/charly-pereyra.png\",\"datePublished\":\"2025-04-03T01:21:17+00:00\",\"dateModified\":\"2025-04-03T01:22:09+00:00\",\"breadcrumb\":{\"@id\":\"https:\/\/apuntesdesanluis.com\/index.php\/2025\/04\/02\/poggi-delineo-la-hoja-de-ruta-para-sacarnos-de-la-peor-tragedia-social-y-economica\/#breadcrumb\"},\"inLanguage\":\"es-AR\",\"potentialAction\":[{\"@type\":\"ReadAction\",\"target\":[\"https:\/\/apuntesdesanluis.com\/index.php\/2025\/04\/02\/poggi-delineo-la-hoja-de-ruta-para-sacarnos-de-la-peor-tragedia-social-y-economica\/\"]}]},{\"@type\":\"ImageObject\",\"inLanguage\":\"es-AR\",\"@id\":\"https:\/\/apuntesdesanluis.com\/index.php\/2025\/04\/02\/poggi-delineo-la-hoja-de-ruta-para-sacarnos-de-la-peor-tragedia-social-y-economica\/#primaryimage\",\"url\":\"https:\/\/apuntesdesanluis.com\/wp-content\/uploads\/2025\/04\/charly-pereyra.png\",\"contentUrl\":\"https:\/\/apuntesdesanluis.com\/wp-content\/uploads\/2025\/04\/charly-pereyra.png\",\"width\":549,\"height\":365},{\"@type\":\"BreadcrumbList\",\"@id\":\"https:\/\/apuntesdesanluis.com\/index.php\/2025\/04\/02\/poggi-delineo-la-hoja-de-ruta-para-sacarnos-de-la-peor-tragedia-social-y-economica\/#breadcrumb\",\"itemListElement\":[{\"@type\":\"ListItem\",\"position\":1,\"name\":\"Inicio\",\"item\":\"https:\/\/apuntesdesanluis.com\/\"},{\"@type\":\"ListItem\",\"position\":2,\"name\":\"\u201cPOGGI DELINE\u00d3 LA HOJA DE RUTA PARA SACARNOS DE LA PEOR TRAGEDIA SOCIAL Y ECON\u00d3MICA\u201d\"}]},{\"@type\":\"WebSite\",\"@id\":\"https:\/\/apuntesdesanluis.com\/#website\",\"url\":\"https:\/\/apuntesdesanluis.com\/\",\"name\":\"Apuntes de San Luis\",\"description\":\"\",\"publisher\":{\"@id\":\"https:\/\/apuntesdesanluis.com\/#\/schema\/person\/b55151d52296fcce64d1a72538a70b90\"},\"potentialAction\":[{\"@type\":\"SearchAction\",\"target\":{\"@type\":\"EntryPoint\",\"urlTemplate\":\"https:\/\/apuntesdesanluis.com\/?s={search_term_string}\"},\"query-input\":{\"@type\":\"PropertyValueSpecification\",\"valueRequired\":true,\"valueName\":\"search_term_string\"}}],\"inLanguage\":\"es-AR\"},{\"@type\":[\"Person\",\"Organization\"],\"@id\":\"https:\/\/apuntesdesanluis.com\/#\/schema\/person\/b55151d52296fcce64d1a72538a70b90\",\"name\":\"apuntesdesanluis.com\",\"image\":{\"@type\":\"ImageObject\",\"inLanguage\":\"es-AR\",\"@id\":\"https:\/\/apuntesdesanluis.com\/#\/schema\/person\/image\/\",\"url\":\"https:\/\/apuntesdesanluis.com\/wp-content\/uploads\/2023\/07\/cropped-apuntesdesanluis.png\",\"contentUrl\":\"https:\/\/apuntesdesanluis.com\/wp-content\/uploads\/2023\/07\/cropped-apuntesdesanluis.png\",\"width\":450,\"height\":112,\"caption\":\"apuntesdesanluis.com\"},\"logo\":{\"@id\":\"https:\/\/apuntesdesanluis.com\/#\/schema\/person\/image\/\"},\"sameAs\":[\"https:\/\/apuntesdesanluis.com\"],\"url\":\"https:\/\/apuntesdesanluis.com\/index.php\/author\/apuntesdesanluis-com\/\"}]}<\/script>\n<!-- \/ Yoast SEO plugin. -->","yoast_head_json":{"title":"\u201cPOGGI DELINE\u00d3 LA HOJA DE RUTA PARA SACARNOS DE LA PEOR TRAGEDIA SOCIAL Y ECON\u00d3MICA\u201d - Apuntes de San Luis","robots":{"index":"index","follow":"follow","max-snippet":"max-snippet:-1","max-image-preview":"max-image-preview:large","max-video-preview":"max-video-preview:-1"},"canonical":"https:\/\/apuntesdesanluis.com\/index.php\/2025\/04\/02\/poggi-delineo-la-hoja-de-ruta-para-sacarnos-de-la-peor-tragedia-social-y-economica\/","og_locale":"es_ES","og_type":"article","og_title":"\u201cPOGGI DELINE\u00d3 LA HOJA DE RUTA PARA SACARNOS DE LA PEOR TRAGEDIA SOCIAL Y ECON\u00d3MICA\u201d - Apuntes de San Luis","og_description":"As\u00ed defini\u00f3 el discurso del gobernador Claudio Poggi, ante la Asamblea legislativa, el diputado provincial...","og_url":"https:\/\/apuntesdesanluis.com\/index.php\/2025\/04\/02\/poggi-delineo-la-hoja-de-ruta-para-sacarnos-de-la-peor-tragedia-social-y-economica\/","og_site_name":"Apuntes de San Luis","article_published_time":"2025-04-03T01:21:17+00:00","article_modified_time":"2025-04-03T01:22:09+00:00","og_image":[{"width":549,"height":365,"url":"https:\/\/apuntesdesanluis.com\/wp-content\/uploads\/2025\/04\/charly-pereyra.png","type":"image\/png"}],"author":"apuntesdesanluis.com","twitter_card":"summary_large_image","twitter_misc":{"Escrito por":"apuntesdesanluis.com","Tiempo de lectura":"2 minutos"},"schema":{"@context":"https:\/\/schema.org","@graph":[{"@type":"Article","@id":"https:\/\/apuntesdesanluis.com\/index.php\/2025\/04\/02\/poggi-delineo-la-hoja-de-ruta-para-sacarnos-de-la-peor-tragedia-social-y-economica\/#article","isPartOf":{"@id":"https:\/\/apuntesdesanluis.com\/index.php\/2025\/04\/02\/poggi-delineo-la-hoja-de-ruta-para-sacarnos-de-la-peor-tragedia-social-y-economica\/"},"author":{"name":"apuntesdesanluis.com","@id":"https:\/\/apuntesdesanluis.com\/#\/schema\/person\/b55151d52296fcce64d1a72538a70b90"},"headline":"\u201cPOGGI DELINE\u00d3 LA HOJA DE RUTA PARA SACARNOS DE LA PEOR TRAGEDIA SOCIAL Y ECON\u00d3MICA\u201d","datePublished":"2025-04-03T01:21:17+00:00","dateModified":"2025-04-03T01:22:09+00:00","mainEntityOfPage":{"@id":"https:\/\/apuntesdesanluis.com\/index.php\/2025\/04\/02\/poggi-delineo-la-hoja-de-ruta-para-sacarnos-de-la-peor-tragedia-social-y-economica\/"},"wordCount":227,"publisher":{"@id":"https:\/\/apuntesdesanluis.com\/#\/schema\/person\/b55151d52296fcce64d1a72538a70b90"},"image":{"@id":"https:\/\/apuntesdesanluis.com\/index.php\/2025\/04\/02\/poggi-delineo-la-hoja-de-ruta-para-sacarnos-de-la-peor-tragedia-social-y-economica\/#primaryimage"},"thumbnailUrl":"https:\/\/apuntesdesanluis.com\/wp-content\/uploads\/2025\/04\/charly-pereyra.png","articleSection":["Ciudad\/Provincia"],"inLanguage":"es-AR"},{"@type":"WebPage","@id":"https:\/\/apuntesdesanluis.com\/index.php\/2025\/04\/02\/poggi-delineo-la-hoja-de-ruta-para-sacarnos-de-la-peor-tragedia-social-y-economica\/","url":"https:\/\/apuntesdesanluis.com\/index.php\/2025\/04\/02\/poggi-delineo-la-hoja-de-ruta-para-sacarnos-de-la-peor-tragedia-social-y-economica\/","name":"\u201cPOGGI DELINE\u00d3 LA HOJA DE RUTA PARA SACARNOS DE LA PEOR TRAGEDIA SOCIAL Y ECON\u00d3MICA\u201d - Apuntes de San Luis","isPartOf":{"@id":"https:\/\/apuntesdesanluis.com\/#website"},"primaryImageOfPage":{"@id":"https:\/\/apuntesdesanluis.com\/index.php\/2025\/04\/02\/poggi-delineo-la-hoja-de-ruta-para-sacarnos-de-la-peor-tragedia-social-y-economica\/#primaryimage"},"image":{"@id":"https:\/\/apuntesdesanluis.com\/index.php\/2025\/04\/02\/poggi-delineo-la-hoja-de-ruta-para-sacarnos-de-la-peor-tragedia-social-y-economica\/#primaryimage"},"thumbnailUrl":"https:\/\/apuntesdesanluis.com\/wp-content\/uploads\/2025\/04\/charly-pereyra.png","datePublished":"2025-04-03T01:21:17+00:00","dateModified":"2025-04-03T01:22:09+00:00","breadcrumb":{"@id":"https:\/\/apuntesdesanluis.com\/index.php\/2025\/04\/02\/poggi-delineo-la-hoja-de-ruta-para-sacarnos-de-la-peor-tragedia-social-y-economica\/#breadcrumb"},"inLanguage":"es-AR","potentialAction":[{"@type":"ReadAction","target":["https:\/\/apuntesdesanluis.com\/index.php\/2025\/04\/02\/poggi-delineo-la-hoja-de-ruta-para-sacarnos-de-la-peor-tragedia-social-y-economica\/"]}]},{"@type":"ImageObject","inLanguage":"es-AR","@id":"https:\/\/apuntesdesanluis.com\/index.php\/2025\/04\/02\/poggi-delineo-la-hoja-de-ruta-para-sacarnos-de-la-peor-tragedia-social-y-economica\/#primaryimage","url":"https:\/\/apuntesdesanluis.com\/wp-content\/uploads\/2025\/04\/charly-pereyra.png","contentUrl":"https:\/\/apuntesdesanluis.com\/wp-content\/uploads\/2025\/04\/charly-pereyra.png","width":549,"height":365},{"@type":"BreadcrumbList","@id":"https:\/\/apuntesdesanluis.com\/index.php\/2025\/04\/02\/poggi-delineo-la-hoja-de-ruta-para-sacarnos-de-la-peor-tragedia-social-y-economica\/#breadcrumb","itemListElement":[{"@type":"ListItem","position":1,"name":"Inicio","item":"https:\/\/apuntesdesanluis.com\/"},{"@type":"ListItem","position":2,"name":"\u201cPOGGI DELINE\u00d3 LA HOJA DE RUTA PARA SACARNOS DE LA PEOR TRAGEDIA SOCIAL Y ECON\u00d3MICA\u201d"}]},{"@type":"WebSite","@id":"https:\/\/apuntesdesanluis.com\/#website","url":"https:\/\/apuntesdesanluis.com\/","name":"Apuntes de San Luis","description":"","publisher":{"@id":"https:\/\/apuntesdesanluis.com\/#\/schema\/person\/b55151d52296fcce64d1a72538a70b90"},"potentialAction":[{"@type":"SearchAction","target":{"@type":"EntryPoint","urlTemplate":"https:\/\/apuntesdesanluis.com\/?s={search_term_string}"},"query-input":{"@type":"PropertyValueSpecification","valueRequired":true,"valueName":"search_term_string"}}],"inLanguage":"es-AR"},{"@type":["Person","Organization"],"@id":"https:\/\/apuntesdesanluis.com\/#\/schema\/person\/b55151d52296fcce64d1a72538a70b90","name":"apuntesdesanluis.com","image":{"@type":"ImageObject","inLanguage":"es-AR","@id":"https:\/\/apuntesdesanluis.com\/#\/schema\/person\/image\/","url":"https:\/\/apuntesdesanluis.com\/wp-content\/uploads\/2023\/07\/cropped-apuntesdesanluis.png","contentUrl":"https:\/\/apuntesdesanluis.com\/wp-content\/uploads\/2023\/07\/cropped-apuntesdesanluis.png","width":450,"height":112,"caption":"apuntesdesanluis.com"},"logo":{"@id":"https:\/\/apuntesdesanluis.com\/#\/schema\/person\/image\/"},"sameAs":["https:\/\/apuntesdesanluis.com"],"url":"https:\/\/apuntesdesanluis.com\/index.php\/author\/apuntesdesanluis-com\/"}]}},"featured_image_urls":{"full":["https:\/\/apuntesdesanluis.com\/wp-content\/uploads\/2025\/04\/charly-pereyra.png",549,365,false],"thumbnail":["https:\/\/apuntesdesanluis.com\/wp-content\/uploads\/2025\/04\/charly-pereyra-150x150.png",150,150,true],"medium":["https:\/\/apuntesdesanluis.com\/wp-content\/uploads\/2025\/04\/charly-pereyra-300x199.png",300,199,true],"medium_large":["https:\/\/apuntesdesanluis.com\/wp-content\/uploads\/2025\/04\/charly-pereyra.png",549,365,false],"large":["https:\/\/apuntesdesanluis.com\/wp-content\/uploads\/2025\/04\/charly-pereyra.png",549,365,false],"1536x1536":["https:\/\/apuntesdesanluis.com\/wp-content\/uploads\/2025\/04\/charly-pereyra.png",549,365,false],"2048x2048":["https:\/\/apuntesdesanluis.com\/wp-content\/uploads\/2025\/04\/charly-pereyra.png",549,365,false],"newsever-slider-full":["https:\/\/apuntesdesanluis.com\/wp-content\/uploads\/2025\/04\/charly-pereyra.png",549,365,false],"newsever-featured":["https:\/\/apuntesdesanluis.com\/wp-content\/uploads\/2025\/04\/charly-pereyra.png",549,365,false],"newsever-medium":["https:\/\/apuntesdesanluis.com\/wp-content\/uploads\/2025\/04\/charly-pereyra.png",549,365,false]},"author_info":{"display_name":"apuntesdesanluis.com","author_link":"https:\/\/apuntesdesanluis.com\/index.php\/author\/apuntesdesanluis-com\/"},"category_info":"<a href=\"https:\/\/apuntesdesanluis.com\/index.php\/category\/ciudad-provincia\/\" rel=\"category tag\">Ciudad\/Provincia<\/a>","tag_info":"Ciudad\/Provincia","comment_count":"0","_links":{"self":[{"href":"https:\/\/apuntesdesanluis.com\/index.php\/wp-json\/wp\/v2\/posts\/31145","targetHints":{"allow":["GET"]}}],"collection":[{"href":"https:\/\/apuntesdesanluis.com\/index.php\/wp-json\/wp\/v2\/posts"}],"about":[{"href":"https:\/\/apuntesdesanluis.com\/index.php\/wp-json\/wp\/v2\/types\/post"}],"author":[{"embeddable":true,"href":"https:\/\/apuntesdesanluis.com\/index.php\/wp-json\/wp\/v2\/users\/1"}],"replies":[{"embeddable":true,"href":"https:\/\/apuntesdesanluis.com\/index.php\/wp-json\/wp\/v2\/comments?post=31145"}],"version-history":[{"count":2,"href":"https:\/\/apuntesdesanluis.com\/index.php\/wp-json\/wp\/v2\/posts\/31145\/revisions"}],"predecessor-version":[{"id":31148,"href":"https:\/\/apuntesdesanluis.com\/index.php\/wp-json\/wp\/v2\/posts\/31145\/revisions\/31148"}],"wp:featuredmedia":[{"embeddable":true,"href":"https:\/\/apuntesdesanluis.com\/index.php\/wp-json\/wp\/v2\/media\/31146"}],"wp:attachment":[{"href":"https:\/\/apuntesdesanluis.com\/index.php\/wp-json\/wp\/v2\/media?parent=31145"}],"wp:term":[{"taxonomy":"category","embeddable":true,"href":"https:\/\/apuntesdesanluis.com\/index.php\/wp-json\/wp\/v2\/categories?post=31145"},{"taxonomy":"post_tag","embeddable":true,"href":"https:\/\/apuntesdesanluis.com\/index.php\/wp-json\/wp\/v2\/tags?post=31145"}],"curies":[{"name":"wp","href":"https:\/\/api.w.org\/{rel}","templated":true}]}}