{"id":31149,"date":"2025-04-02T22:49:10","date_gmt":"2025-04-03T01:49:10","guid":{"rendered":"https:\/\/apuntesdesanluis.com\/?p=31149"},"modified":"2025-04-02T22:49:10","modified_gmt":"2025-04-03T01:49:10","slug":"se-realiza-este-jueves-el-desfile-civico-militar-en-la-punta","status":"publish","type":"post","link":"https:\/\/apuntesdesanluis.com\/index.php\/2025\/04\/02\/se-realiza-este-jueves-el-desfile-civico-militar-en-la-punta\/","title":{"rendered":"SE REALIZA ESTE JUEVES EL DESFILE C\u00cdVICO MILITAR EN LA PUNTA"},"content":{"rendered":"<h3>Luego de haberse suspendido la semana pasada por las condiciones clim\u00e1ticas, la municipalidad confirm\u00f3 que el tradicional desfile c\u00edvico previsto para conmemorar los 22 a\u00f1os de la fundaci\u00f3n de la ciudad de <strong>La Punta, <\/strong>se realizar\u00e1 este jueves 3 de abril.<\/h3>\n<h3>Ser\u00e1 a partir de las 17:00 h, en Avenida Serana, esq. Calle 9 Norte.<\/h3>\n<h3><img fetchpriority=\"high\" decoding=\"async\" class=\"wp-image-31150 aligncenter\" src=\"https:\/\/apuntesdesanluis.com\/wp-content\/uploads\/2025\/04\/Imagen-de-WhatsApp-2025-04-02-a-las-20.56.04_c25a035c-300x201.jpg\" alt=\"\" width=\"664\" height=\"445\" srcset=\"https:\/\/apuntesdesanluis.com\/wp-content\/uploads\/2025\/04\/Imagen-de-WhatsApp-2025-04-02-a-las-20.56.04_c25a035c-300x201.jpg 300w, https:\/\/apuntesdesanluis.com\/wp-content\/uploads\/2025\/04\/Imagen-de-WhatsApp-2025-04-02-a-las-20.56.04_c25a035c-768x516.jpg 768w, https:\/\/apuntesdesanluis.com\/wp-content\/uploads\/2025\/04\/Imagen-de-WhatsApp-2025-04-02-a-las-20.56.04_c25a035c.jpg 800w\" sizes=\"(max-width: 664px) 100vw, 664px\" \/><\/h3>\n<h3>Ubicada en un lugar privilegiado de la geograf\u00eda sanluise\u00f1a, La Punta es de las localidades que m\u00e1s ha crecido en toda la provincia y se proyecta a estar entre las tres con mayor importancia por su infraestructura y cantidad de habitantes.<\/h3>\n<h3>Cada vecino guarda en su coraz\u00f3n los primeros pasos en esta tierra de so\u00f1adores; del mismo modo proyecta un futuro lleno de esperanza y sue\u00f1os, los mismos que en alg\u00fan momento lo trajeron a esta pr\u00f3spera y moderna ciudad, la m\u00e1s joven del siglo XXI.<\/h3>\n<p>&nbsp;<\/p>\n<p>&nbsp;<\/p>\n<p>&nbsp;<\/p>\n<p>&nbsp;<\/p>\n<p>&nbsp;<\/p>\n<p>&nbsp;<\/p>\n<p>&nbsp;<\/p>\n<p>&nbsp;<\/p>\n<p>&nbsp;<\/p>\n<p>&nbsp;<\/p>\n<p>&nbsp;<\/p>\n","protected":false},"excerpt":{"rendered":"<p>Luego de haberse suspendido la semana pasada por las condiciones clim\u00e1ticas, la municipalidad confirm\u00f3 que&#8230;<\/p>\n","protected":false},"author":1,"featured_media":29800,"comment_status":"closed","ping_status":"closed","sticky":false,"template":"","format":"standard","meta":{"footnotes":""},"categories":[6],"tags":[],"class_list":["post-31149","post","type-post","status-publish","format-standard","has-post-thumbnail","hentry","category-ciudad-provincia"],"yoast_head":"<!-- This site is optimized with the Yoast SEO plugin v26.1.1 - https:\/\/yoast.com\/wordpress\/plugins\/seo\/ -->\n<title>SE REALIZA ESTE JUEVES EL DESFILE C\u00cdVICO MILITAR EN LA PUNTA - Apuntes de San Luis<\/title>\n<meta name=\"robots\" content=\"index, follow, max-snippet:-1, max-image-preview:large, max-video-preview:-1\" \/>\n<link rel=\"canonical\" href=\"https:\/\/apuntesdesanluis.com\/index.php\/2025\/04\/02\/se-realiza-este-jueves-el-desfile-civico-militar-en-la-punta\/\" \/>\n<meta property=\"og:locale\" content=\"es_ES\" \/>\n<meta property=\"og:type\" content=\"article\" \/>\n<meta property=\"og:title\" content=\"SE REALIZA ESTE JUEVES EL DESFILE C\u00cdVICO MILITAR EN LA PUNTA - Apuntes de San Luis\" \/>\n<meta property=\"og:description\" content=\"Luego de haberse suspendido la semana pasada por las condiciones clim\u00e1ticas, la municipalidad confirm\u00f3 que...\" \/>\n<meta property=\"og:url\" content=\"https:\/\/apuntesdesanluis.com\/index.php\/2025\/04\/02\/se-realiza-este-jueves-el-desfile-civico-militar-en-la-punta\/\" \/>\n<meta property=\"og:site_name\" content=\"Apuntes de San Luis\" \/>\n<meta property=\"article:published_time\" content=\"2025-04-03T01:49:10+00:00\" \/>\n<meta property=\"og:image\" content=\"https:\/\/apuntesdesanluis.com\/wp-content\/uploads\/2025\/02\/ciudad-de-la-punta.png\" \/>\n\t<meta property=\"og:image:width\" content=\"800\" \/>\n\t<meta property=\"og:image:height\" content=\"489\" \/>\n\t<meta property=\"og:image:type\" content=\"image\/png\" \/>\n<meta name=\"author\" content=\"apuntesdesanluis.com\" \/>\n<meta name=\"twitter:card\" content=\"summary_large_image\" \/>\n<meta name=\"twitter:label1\" content=\"Escrito por\" \/>\n\t<meta name=\"twitter:data1\" content=\"apuntesdesanluis.com\" \/>\n\t<meta name=\"twitter:label2\" content=\"Tiempo de lectura\" \/>\n\t<meta name=\"twitter:data2\" content=\"2 minutos\" \/>\n<script type=\"application\/ld+json\" class=\"yoast-schema-graph\">{\"@context\":\"https:\/\/schema.org\",\"@graph\":[{\"@type\":\"Article\",\"@id\":\"https:\/\/apuntesdesanluis.com\/index.php\/2025\/04\/02\/se-realiza-este-jueves-el-desfile-civico-militar-en-la-punta\/#article\",\"isPartOf\":{\"@id\":\"https:\/\/apuntesdesanluis.com\/index.php\/2025\/04\/02\/se-realiza-este-jueves-el-desfile-civico-militar-en-la-punta\/\"},\"author\":{\"name\":\"apuntesdesanluis.com\",\"@id\":\"https:\/\/apuntesdesanluis.com\/#\/schema\/person\/b55151d52296fcce64d1a72538a70b90\"},\"headline\":\"SE REALIZA ESTE JUEVES EL DESFILE C\u00cdVICO MILITAR EN LA PUNTA\",\"datePublished\":\"2025-04-03T01:49:10+00:00\",\"mainEntityOfPage\":{\"@id\":\"https:\/\/apuntesdesanluis.com\/index.php\/2025\/04\/02\/se-realiza-este-jueves-el-desfile-civico-militar-en-la-punta\/\"},\"wordCount\":173,\"publisher\":{\"@id\":\"https:\/\/apuntesdesanluis.com\/#\/schema\/person\/b55151d52296fcce64d1a72538a70b90\"},\"image\":{\"@id\":\"https:\/\/apuntesdesanluis.com\/index.php\/2025\/04\/02\/se-realiza-este-jueves-el-desfile-civico-militar-en-la-punta\/#primaryimage\"},\"thumbnailUrl\":\"https:\/\/apuntesdesanluis.com\/wp-content\/uploads\/2025\/02\/ciudad-de-la-punta.png\",\"articleSection\":[\"Ciudad\/Provincia\"],\"inLanguage\":\"es-AR\"},{\"@type\":\"WebPage\",\"@id\":\"https:\/\/apuntesdesanluis.com\/index.php\/2025\/04\/02\/se-realiza-este-jueves-el-desfile-civico-militar-en-la-punta\/\",\"url\":\"https:\/\/apuntesdesanluis.com\/index.php\/2025\/04\/02\/se-realiza-este-jueves-el-desfile-civico-militar-en-la-punta\/\",\"name\":\"SE REALIZA ESTE JUEVES EL DESFILE C\u00cdVICO MILITAR EN LA PUNTA - Apuntes de San Luis\",\"isPartOf\":{\"@id\":\"https:\/\/apuntesdesanluis.com\/#website\"},\"primaryImageOfPage\":{\"@id\":\"https:\/\/apuntesdesanluis.com\/index.php\/2025\/04\/02\/se-realiza-este-jueves-el-desfile-civico-militar-en-la-punta\/#primaryimage\"},\"image\":{\"@id\":\"https:\/\/apuntesdesanluis.com\/index.php\/2025\/04\/02\/se-realiza-este-jueves-el-desfile-civico-militar-en-la-punta\/#primaryimage\"},\"thumbnailUrl\":\"https:\/\/apuntesdesanluis.com\/wp-content\/uploads\/2025\/02\/ciudad-de-la-punta.png\",\"datePublished\":\"2025-04-03T01:49:10+00:00\",\"breadcrumb\":{\"@id\":\"https:\/\/apuntesdesanluis.com\/index.php\/2025\/04\/02\/se-realiza-este-jueves-el-desfile-civico-militar-en-la-punta\/#breadcrumb\"},\"inLanguage\":\"es-AR\",\"potentialAction\":[{\"@type\":\"ReadAction\",\"target\":[\"https:\/\/apuntesdesanluis.com\/index.php\/2025\/04\/02\/se-realiza-este-jueves-el-desfile-civico-militar-en-la-punta\/\"]}]},{\"@type\":\"ImageObject\",\"inLanguage\":\"es-AR\",\"@id\":\"https:\/\/apuntesdesanluis.com\/index.php\/2025\/04\/02\/se-realiza-este-jueves-el-desfile-civico-militar-en-la-punta\/#primaryimage\",\"url\":\"https:\/\/apuntesdesanluis.com\/wp-content\/uploads\/2025\/02\/ciudad-de-la-punta.png\",\"contentUrl\":\"https:\/\/apuntesdesanluis.com\/wp-content\/uploads\/2025\/02\/ciudad-de-la-punta.png\",\"width\":800,\"height\":489},{\"@type\":\"BreadcrumbList\",\"@id\":\"https:\/\/apuntesdesanluis.com\/index.php\/2025\/04\/02\/se-realiza-este-jueves-el-desfile-civico-militar-en-la-punta\/#breadcrumb\",\"itemListElement\":[{\"@type\":\"ListItem\",\"position\":1,\"name\":\"Inicio\",\"item\":\"https:\/\/apuntesdesanluis.com\/\"},{\"@type\":\"ListItem\",\"position\":2,\"name\":\"SE REALIZA ESTE JUEVES EL DESFILE C\u00cdVICO MILITAR EN LA PUNTA\"}]},{\"@type\":\"WebSite\",\"@id\":\"https:\/\/apuntesdesanluis.com\/#website\",\"url\":\"https:\/\/apuntesdesanluis.com\/\",\"name\":\"Apuntes de San Luis\",\"description\":\"\",\"publisher\":{\"@id\":\"https:\/\/apuntesdesanluis.com\/#\/schema\/person\/b55151d52296fcce64d1a72538a70b90\"},\"potentialAction\":[{\"@type\":\"SearchAction\",\"target\":{\"@type\":\"EntryPoint\",\"urlTemplate\":\"https:\/\/apuntesdesanluis.com\/?s={search_term_string}\"},\"query-input\":{\"@type\":\"PropertyValueSpecification\",\"valueRequired\":true,\"valueName\":\"search_term_string\"}}],\"inLanguage\":\"es-AR\"},{\"@type\":[\"Person\",\"Organization\"],\"@id\":\"https:\/\/apuntesdesanluis.com\/#\/schema\/person\/b55151d52296fcce64d1a72538a70b90\",\"name\":\"apuntesdesanluis.com\",\"image\":{\"@type\":\"ImageObject\",\"inLanguage\":\"es-AR\",\"@id\":\"https:\/\/apuntesdesanluis.com\/#\/schema\/person\/image\/\",\"url\":\"https:\/\/apuntesdesanluis.com\/wp-content\/uploads\/2023\/07\/cropped-apuntesdesanluis.png\",\"contentUrl\":\"https:\/\/apuntesdesanluis.com\/wp-content\/uploads\/2023\/07\/cropped-apuntesdesanluis.png\",\"width\":450,\"height\":112,\"caption\":\"apuntesdesanluis.com\"},\"logo\":{\"@id\":\"https:\/\/apuntesdesanluis.com\/#\/schema\/person\/image\/\"},\"sameAs\":[\"https:\/\/apuntesdesanluis.com\"],\"url\":\"https:\/\/apuntesdesanluis.com\/index.php\/author\/apuntesdesanluis-com\/\"}]}<\/script>\n<!-- \/ Yoast SEO plugin. -->","yoast_head_json":{"title":"SE REALIZA ESTE JUEVES EL DESFILE C\u00cdVICO MILITAR EN LA PUNTA - Apuntes de San Luis","robots":{"index":"index","follow":"follow","max-snippet":"max-snippet:-1","max-image-preview":"max-image-preview:large","max-video-preview":"max-video-preview:-1"},"canonical":"https:\/\/apuntesdesanluis.com\/index.php\/2025\/04\/02\/se-realiza-este-jueves-el-desfile-civico-militar-en-la-punta\/","og_locale":"es_ES","og_type":"article","og_title":"SE REALIZA ESTE JUEVES EL DESFILE C\u00cdVICO MILITAR EN LA PUNTA - Apuntes de San Luis","og_description":"Luego de haberse suspendido la semana pasada por las condiciones clim\u00e1ticas, la municipalidad confirm\u00f3 que...","og_url":"https:\/\/apuntesdesanluis.com\/index.php\/2025\/04\/02\/se-realiza-este-jueves-el-desfile-civico-militar-en-la-punta\/","og_site_name":"Apuntes de San Luis","article_published_time":"2025-04-03T01:49:10+00:00","og_image":[{"width":800,"height":489,"url":"https:\/\/apuntesdesanluis.com\/wp-content\/uploads\/2025\/02\/ciudad-de-la-punta.png","type":"image\/png"}],"author":"apuntesdesanluis.com","twitter_card":"summary_large_image","twitter_misc":{"Escrito por":"apuntesdesanluis.com","Tiempo de lectura":"2 minutos"},"schema":{"@context":"https:\/\/schema.org","@graph":[{"@type":"Article","@id":"https:\/\/apuntesdesanluis.com\/index.php\/2025\/04\/02\/se-realiza-este-jueves-el-desfile-civico-militar-en-la-punta\/#article","isPartOf":{"@id":"https:\/\/apuntesdesanluis.com\/index.php\/2025\/04\/02\/se-realiza-este-jueves-el-desfile-civico-militar-en-la-punta\/"},"author":{"name":"apuntesdesanluis.com","@id":"https:\/\/apuntesdesanluis.com\/#\/schema\/person\/b55151d52296fcce64d1a72538a70b90"},"headline":"SE REALIZA ESTE JUEVES EL DESFILE C\u00cdVICO MILITAR EN LA PUNTA","datePublished":"2025-04-03T01:49:10+00:00","mainEntityOfPage":{"@id":"https:\/\/apuntesdesanluis.com\/index.php\/2025\/04\/02\/se-realiza-este-jueves-el-desfile-civico-militar-en-la-punta\/"},"wordCount":173,"publisher":{"@id":"https:\/\/apuntesdesanluis.com\/#\/schema\/person\/b55151d52296fcce64d1a72538a70b90"},"image":{"@id":"https:\/\/apuntesdesanluis.com\/index.php\/2025\/04\/02\/se-realiza-este-jueves-el-desfile-civico-militar-en-la-punta\/#primaryimage"},"thumbnailUrl":"https:\/\/apuntesdesanluis.com\/wp-content\/uploads\/2025\/02\/ciudad-de-la-punta.png","articleSection":["Ciudad\/Provincia"],"inLanguage":"es-AR"},{"@type":"WebPage","@id":"https:\/\/apuntesdesanluis.com\/index.php\/2025\/04\/02\/se-realiza-este-jueves-el-desfile-civico-militar-en-la-punta\/","url":"https:\/\/apuntesdesanluis.com\/index.php\/2025\/04\/02\/se-realiza-este-jueves-el-desfile-civico-militar-en-la-punta\/","name":"SE REALIZA ESTE JUEVES EL DESFILE C\u00cdVICO MILITAR EN LA PUNTA - Apuntes de San Luis","isPartOf":{"@id":"https:\/\/apuntesdesanluis.com\/#website"},"primaryImageOfPage":{"@id":"https:\/\/apuntesdesanluis.com\/index.php\/2025\/04\/02\/se-realiza-este-jueves-el-desfile-civico-militar-en-la-punta\/#primaryimage"},"image":{"@id":"https:\/\/apuntesdesanluis.com\/index.php\/2025\/04\/02\/se-realiza-este-jueves-el-desfile-civico-militar-en-la-punta\/#primaryimage"},"thumbnailUrl":"https:\/\/apuntesdesanluis.com\/wp-content\/uploads\/2025\/02\/ciudad-de-la-punta.png","datePublished":"2025-04-03T01:49:10+00:00","breadcrumb":{"@id":"https:\/\/apuntesdesanluis.com\/index.php\/2025\/04\/02\/se-realiza-este-jueves-el-desfile-civico-militar-en-la-punta\/#breadcrumb"},"inLanguage":"es-AR","potentialAction":[{"@type":"ReadAction","target":["https:\/\/apuntesdesanluis.com\/index.php\/2025\/04\/02\/se-realiza-este-jueves-el-desfile-civico-militar-en-la-punta\/"]}]},{"@type":"ImageObject","inLanguage":"es-AR","@id":"https:\/\/apuntesdesanluis.com\/index.php\/2025\/04\/02\/se-realiza-este-jueves-el-desfile-civico-militar-en-la-punta\/#primaryimage","url":"https:\/\/apuntesdesanluis.com\/wp-content\/uploads\/2025\/02\/ciudad-de-la-punta.png","contentUrl":"https:\/\/apuntesdesanluis.com\/wp-content\/uploads\/2025\/02\/ciudad-de-la-punta.png","width":800,"height":489},{"@type":"BreadcrumbList","@id":"https:\/\/apuntesdesanluis.com\/index.php\/2025\/04\/02\/se-realiza-este-jueves-el-desfile-civico-militar-en-la-punta\/#breadcrumb","itemListElement":[{"@type":"ListItem","position":1,"name":"Inicio","item":"https:\/\/apuntesdesanluis.com\/"},{"@type":"ListItem","position":2,"name":"SE REALIZA ESTE JUEVES EL DESFILE C\u00cdVICO MILITAR EN LA PUNTA"}]},{"@type":"WebSite","@id":"https:\/\/apuntesdesanluis.com\/#website","url":"https:\/\/apuntesdesanluis.com\/","name":"Apuntes de San Luis","description":"","publisher":{"@id":"https:\/\/apuntesdesanluis.com\/#\/schema\/person\/b55151d52296fcce64d1a72538a70b90"},"potentialAction":[{"@type":"SearchAction","target":{"@type":"EntryPoint","urlTemplate":"https:\/\/apuntesdesanluis.com\/?s={search_term_string}"},"query-input":{"@type":"PropertyValueSpecification","valueRequired":true,"valueName":"search_term_string"}}],"inLanguage":"es-AR"},{"@type":["Person","Organization"],"@id":"https:\/\/apuntesdesanluis.com\/#\/schema\/person\/b55151d52296fcce64d1a72538a70b90","name":"apuntesdesanluis.com","image":{"@type":"ImageObject","inLanguage":"es-AR","@id":"https:\/\/apuntesdesanluis.com\/#\/schema\/person\/image\/","url":"https:\/\/apuntesdesanluis.com\/wp-content\/uploads\/2023\/07\/cropped-apuntesdesanluis.png","contentUrl":"https:\/\/apuntesdesanluis.com\/wp-content\/uploads\/2023\/07\/cropped-apuntesdesanluis.png","width":450,"height":112,"caption":"apuntesdesanluis.com"},"logo":{"@id":"https:\/\/apuntesdesanluis.com\/#\/schema\/person\/image\/"},"sameAs":["https:\/\/apuntesdesanluis.com"],"url":"https:\/\/apuntesdesanluis.com\/index.php\/author\/apuntesdesanluis-com\/"}]}},"featured_image_urls":{"full":["https:\/\/apuntesdesanluis.com\/wp-content\/uploads\/2025\/02\/ciudad-de-la-punta.png",800,489,false],"thumbnail":["https:\/\/apuntesdesanluis.com\/wp-content\/uploads\/2025\/02\/ciudad-de-la-punta-150x150.png",150,150,true],"medium":["https:\/\/apuntesdesanluis.com\/wp-content\/uploads\/2025\/02\/ciudad-de-la-punta-300x183.png",300,183,true],"medium_large":["https:\/\/apuntesdesanluis.com\/wp-content\/uploads\/2025\/02\/ciudad-de-la-punta-768x469.png",640,391,true],"large":["https:\/\/apuntesdesanluis.com\/wp-content\/uploads\/2025\/02\/ciudad-de-la-punta.png",640,391,false],"1536x1536":["https:\/\/apuntesdesanluis.com\/wp-content\/uploads\/2025\/02\/ciudad-de-la-punta.png",800,489,false],"2048x2048":["https:\/\/apuntesdesanluis.com\/wp-content\/uploads\/2025\/02\/ciudad-de-la-punta.png",800,489,false],"newsever-slider-full":["https:\/\/apuntesdesanluis.com\/wp-content\/uploads\/2025\/02\/ciudad-de-la-punta.png",800,489,false],"newsever-featured":["https:\/\/apuntesdesanluis.com\/wp-content\/uploads\/2025\/02\/ciudad-de-la-punta.png",800,489,false],"newsever-medium":["https:\/\/apuntesdesanluis.com\/wp-content\/uploads\/2025\/02\/ciudad-de-la-punta-720x475.png",720,475,true]},"author_info":{"display_name":"apuntesdesanluis.com","author_link":"https:\/\/apuntesdesanluis.com\/index.php\/author\/apuntesdesanluis-com\/"},"category_info":"<a href=\"https:\/\/apuntesdesanluis.com\/index.php\/category\/ciudad-provincia\/\" rel=\"category tag\">Ciudad\/Provincia<\/a>","tag_info":"Ciudad\/Provincia","comment_count":"0","_links":{"self":[{"href":"https:\/\/apuntesdesanluis.com\/index.php\/wp-json\/wp\/v2\/posts\/31149","targetHints":{"allow":["GET"]}}],"collection":[{"href":"https:\/\/apuntesdesanluis.com\/index.php\/wp-json\/wp\/v2\/posts"}],"about":[{"href":"https:\/\/apuntesdesanluis.com\/index.php\/wp-json\/wp\/v2\/types\/post"}],"author":[{"embeddable":true,"href":"https:\/\/apuntesdesanluis.com\/index.php\/wp-json\/wp\/v2\/users\/1"}],"replies":[{"embeddable":true,"href":"https:\/\/apuntesdesanluis.com\/index.php\/wp-json\/wp\/v2\/comments?post=31149"}],"version-history":[{"count":1,"href":"https:\/\/apuntesdesanluis.com\/index.php\/wp-json\/wp\/v2\/posts\/31149\/revisions"}],"predecessor-version":[{"id":31151,"href":"https:\/\/apuntesdesanluis.com\/index.php\/wp-json\/wp\/v2\/posts\/31149\/revisions\/31151"}],"wp:featuredmedia":[{"embeddable":true,"href":"https:\/\/apuntesdesanluis.com\/index.php\/wp-json\/wp\/v2\/media\/29800"}],"wp:attachment":[{"href":"https:\/\/apuntesdesanluis.com\/index.php\/wp-json\/wp\/v2\/media?parent=31149"}],"wp:term":[{"taxonomy":"category","embeddable":true,"href":"https:\/\/apuntesdesanluis.com\/index.php\/wp-json\/wp\/v2\/categories?post=31149"},{"taxonomy":"post_tag","embeddable":true,"href":"https:\/\/apuntesdesanluis.com\/index.php\/wp-json\/wp\/v2\/tags?post=31149"}],"curies":[{"name":"wp","href":"https:\/\/api.w.org\/{rel}","templated":true}]}}