{"id":31157,"date":"2025-04-03T08:09:25","date_gmt":"2025-04-03T11:09:25","guid":{"rendered":"https:\/\/apuntesdesanluis.com\/?p=31157"},"modified":"2025-04-03T08:10:15","modified_gmt":"2025-04-03T11:10:15","slug":"trump-declaro-la-guerra-comercial-al-mundo-con-un-arancel-universal-del-10","status":"publish","type":"post","link":"https:\/\/apuntesdesanluis.com\/index.php\/2025\/04\/03\/trump-declaro-la-guerra-comercial-al-mundo-con-un-arancel-universal-del-10\/","title":{"rendered":"TRUMP DECLAR\u00d3 LA GUERRA COMERCIAL AL MUNDO CON UN ARANCEL UNIVERSAL DEL 10%"},"content":{"rendered":"<h3>El presidente de Estados Unidos anunci\u00f3 los impuestos a la importaci\u00f3n m\u00e1s altos en un siglo con un recargo del 20% a los productos de la UE.<\/h3>\n<h3>La historia de la econom\u00eda mundial dio un giro este mi\u00e9rcoles en la Rosaleda de la Casa Blanca, en el exterior del Despacho Oval. El presidente de Estados Unidos, <strong>Donald Trump<\/strong>, quiso conceder una solemnidad especial al anuncio de los aranceles en la tercera fecha bautizada por \u00e9l como \u201cD\u00eda de la Liberaci\u00f3n\u201d en los \u00faltimos meses.<\/h3>\n<h3>En una tarde primaveral fresca y con el cielo cubierto, Trump llen\u00f3 de nubarrones el horizonte econ\u00f3mico con los aranceles m\u00e1s altos en un siglo. Estados Unidos impondr\u00e1 un arancel universal m\u00ednimo del 10% a todas las importaciones y castigar\u00e1 m\u00e1s a los pa\u00edses y bloques con los que tiene un mayor d\u00e9ficit comercial, entre ellos la Uni\u00f3n Europea, a la que aplicar\u00e1 un 20%.<\/h3>\n<h3>Trump ense\u00f1\u00f3 un cartel con los aranceles de los principales socios comerciales: Uni\u00f3n Europea (20%); China (34%); Jap\u00f3n (24%); Vietnam (46%); Taiw\u00e1n (32%); India (26%); Corea del Sur (25%); Tailandia (36%); Suiza (31%); Indonesia (32%); Brasil y Reino Unido (10%), entre ellos.<\/h3>\n<h3>La lista cubre cerca de 200 pa\u00edses. El presidente alega sin fundamento que los aranceles son la mitad de las cargas que esos pa\u00edses imponen a Estados Unidos por sus productos.<\/h3>\n<h3>Por ahora, Canad\u00e1 y M\u00e9xico siguen sujetos a la emergencia nacional relacionada con el fentanilo y la migraci\u00f3n, de modo que no se les aplica el nuevo r\u00e9gimen. Se mantiene el 25% para las importaciones que no cumplen el Tratado entre M\u00e9xico, Estados Unidos y Canad\u00e1 (TMEC) y est\u00e1n exentas las que s\u00ed cumplen. En el caso de China, en cambio, el 34% se a\u00f1ade al 20% que le aplica con la excusa del fentanilo, lo que eleva el total al 54%, m\u00e1s los aranceles a productos espec\u00edficos impuestos por Trump en su primer mandato y por Joe Biden.<\/h3>\n<h3>Tras un discurso lleno de resentimiento y \u00e1nimo de revancha, Trump firm\u00f3 un decreto que levanta un muro a las importaciones de otros pa\u00edses. \u201cNuestro pa\u00eds ha sido saqueado, expoliado, violado y robado\u201d, afirm\u00f3 el presidente de la primera potencia mundial, cuya econom\u00eda era la envidia del mundo hace solo unos meses.<\/h3>\n<h3>Trump cree que su medida permitir\u00e1 a Estados Unidos inaugurar una edad de oro. En cambio, los economistas temen que desate una guerra comercial que meta a Estados Unidos y a parte de sus socios comerciales en recesi\u00f3n.<\/h3>\n<h3>Los aranceles de Trump son un ataque incluso a los tradicionales aliados de Estados Unidos. En ese sentido, suponen tambi\u00e9n un nuevo manotazo en el tablero geopol\u00edtico y un golpe a la globalizaci\u00f3n. \u201cEl 2 de abril ser\u00e1 recordado como el d\u00eda en que la industria de Estados Unidos volvi\u00f3 a nacer. Nos han enga\u00f1ado durante m\u00e1s de 50 a\u00f1os, pero no va a volver a ocurrir\u201d, enfatiz\u00f3.<\/h3>\n<h3>El presidente se detuvo antes de referirse a los aranceles a la Uni\u00f3n Europea que, como el resto, mostr\u00f3 en un gran tabl\u00f3n. \u201cNunca le cobramos nada a nadie, pero ahora le vamos a cobrar a la Uni\u00f3n Europea. Son negociadores muy, muy duros. Uno piensa que la Uni\u00f3n Europea es muy amigable. Nos estafan. Es muy triste decirlo. Es muy pat\u00e9tico\u201d, dijo antes de anunciar que pondr\u00eda un impuesto del 20% a esas importaciones, un duro golpe a sus aliados.<\/h3>\n<h3>Trump dio su discurso, de 48 minutos, con miembros de su gabinete, congresistas, autoridades y trabajadores industriales como invitados. Tras \u00e9l ten\u00eda grandes banderas de Estados Unidos. Trump proclam\u00f3 el \u201cd\u00eda de la independencia econ\u00f3mica de Estados Unidos\u201d mientras lanzaba datos falsos para justificar sus medidas.<\/h3>\n<h3>El republicano decidi\u00f3 poner los aranceles en el centro de su pol\u00edtica econ\u00f3mica, en una especie de viaje al siglo XIX, una \u00e9poca en que eran la principal fuente de ingresos del Tesoro de Estados Unidos. El presidente quiere que los impuestos a la importaci\u00f3n recauden cientos de miles de millones de d\u00f3lares anuales, lo que le facilitar\u00eda financiar otras rebajas de impuestos. \u201cLos contribuyentes llevan m\u00e1s de 50 a\u00f1os siendo estafados. Pero eso se va a acabar\u201d, dijo. Al tiempo, quiere que sirvan para revitalizar la producci\u00f3n industrial del pa\u00eds, al hacer m\u00e1s caros los productos importados. Ambos objetivos entran en conflicto entre s\u00ed.<\/h3>\n<h3>El aparato de propaganda de la Casa Blanca bautiz\u00f3 el evento de este mi\u00e9rcoles como \u201cMake America Wealthy Again\u201d (Hacer que Estados Unidos vuelva a ser rico), una de las variaciones del principal lema trumpista. El presidente aprovech\u00f3 para lanzar su mayor andanada proteccionista, con lo que de forma impropia denomina aranceles \u201crec\u00edprocos\u201d.<\/h3>\n<h3>Los aranceles no son rec\u00edprocos, por m\u00e1s que Trump insista en ello. Altos cargos de la Casa Blanca admitieron bajo compromiso de anonimato la metodolog\u00eda empleada: \u201cEl modelo se basa en el concepto de que el d\u00e9ficit comercial que tenemos con un pa\u00eds determinado es la suma de todas las pr\u00e1cticas comerciales desleales, la suma de las trampas\u201d. Ese concepto no se sostiene. Lo que pretende Estados Unidos es reducir significativamente o eliminar el elevado d\u00e9ficit comercial que tiene, de 1,2 billones de d\u00f3lares en 2024. Trump declara que el d\u00e9ficit constituye una emergencia nacional, lo que le da poderes para aprobar los aranceles sin pasar por el Congreso.<\/h3>\n<h3>En su falsa narrativa, todos los pa\u00edses han estado estafando a Estados Unidos durante d\u00e9cadas y lo que hace su Gobierno es responder de forma \u201cbenevolente\u201d. De hecho, fuentes de la Casa Blanca sostienen sin fundamento que los aranceles impuestos son la mitad de los que corresponder\u00edan para la reciprocidad de trato. En realidad, Trump hace saltar por los aires las reglas del comercio global, desatando un terremoto de consecuencias imprevisibles. Los gobiernos de todo el mundo preparan su respuesta en forma de represalias, ayudas a sectores afectados o concesiones a Washington, dependiendo de su estrategia negociadora.<\/h3>\n<p>&nbsp;<\/p>\n<p>&nbsp;<\/p>\n<p>&nbsp;<\/p>\n","protected":false},"excerpt":{"rendered":"<p>El presidente de Estados Unidos anunci\u00f3 los impuestos a la importaci\u00f3n m\u00e1s altos en un&#8230;<\/p>\n","protected":false},"author":1,"featured_media":31158,"comment_status":"closed","ping_status":"closed","sticky":false,"template":"","format":"standard","meta":{"footnotes":""},"categories":[5],"tags":[],"class_list":["post-31157","post","type-post","status-publish","format-standard","has-post-thumbnail","hentry","category-nacionales-internacionales"],"yoast_head":"<!-- This site is optimized with the Yoast SEO plugin v26.1.1 - https:\/\/yoast.com\/wordpress\/plugins\/seo\/ -->\n<title>TRUMP DECLAR\u00d3 LA GUERRA COMERCIAL AL MUNDO CON UN ARANCEL UNIVERSAL DEL 10% - Apuntes de San Luis<\/title>\n<meta name=\"robots\" content=\"index, follow, max-snippet:-1, max-image-preview:large, max-video-preview:-1\" \/>\n<link rel=\"canonical\" href=\"https:\/\/apuntesdesanluis.com\/index.php\/2025\/04\/03\/trump-declaro-la-guerra-comercial-al-mundo-con-un-arancel-universal-del-10\/\" \/>\n<meta property=\"og:locale\" content=\"es_ES\" \/>\n<meta property=\"og:type\" content=\"article\" \/>\n<meta property=\"og:title\" content=\"TRUMP DECLAR\u00d3 LA GUERRA COMERCIAL AL MUNDO CON UN ARANCEL UNIVERSAL DEL 10% - Apuntes de San Luis\" \/>\n<meta property=\"og:description\" content=\"El presidente de Estados Unidos anunci\u00f3 los impuestos a la importaci\u00f3n m\u00e1s altos en un...\" \/>\n<meta property=\"og:url\" content=\"https:\/\/apuntesdesanluis.com\/index.php\/2025\/04\/03\/trump-declaro-la-guerra-comercial-al-mundo-con-un-arancel-universal-del-10\/\" \/>\n<meta property=\"og:site_name\" content=\"Apuntes de San Luis\" \/>\n<meta property=\"article:published_time\" content=\"2025-04-03T11:09:25+00:00\" \/>\n<meta property=\"article:modified_time\" content=\"2025-04-03T11:10:15+00:00\" \/>\n<meta property=\"og:image\" content=\"https:\/\/apuntesdesanluis.com\/wp-content\/uploads\/2025\/04\/Trump.png\" \/>\n\t<meta property=\"og:image:width\" content=\"650\" \/>\n\t<meta property=\"og:image:height\" content=\"448\" \/>\n\t<meta property=\"og:image:type\" content=\"image\/png\" \/>\n<meta name=\"author\" content=\"apuntesdesanluis.com\" \/>\n<meta name=\"twitter:card\" content=\"summary_large_image\" \/>\n<meta name=\"twitter:label1\" content=\"Escrito por\" \/>\n\t<meta name=\"twitter:data1\" content=\"apuntesdesanluis.com\" \/>\n\t<meta name=\"twitter:label2\" content=\"Tiempo de lectura\" \/>\n\t<meta name=\"twitter:data2\" content=\"5 minutos\" \/>\n<script type=\"application\/ld+json\" class=\"yoast-schema-graph\">{\"@context\":\"https:\/\/schema.org\",\"@graph\":[{\"@type\":\"Article\",\"@id\":\"https:\/\/apuntesdesanluis.com\/index.php\/2025\/04\/03\/trump-declaro-la-guerra-comercial-al-mundo-con-un-arancel-universal-del-10\/#article\",\"isPartOf\":{\"@id\":\"https:\/\/apuntesdesanluis.com\/index.php\/2025\/04\/03\/trump-declaro-la-guerra-comercial-al-mundo-con-un-arancel-universal-del-10\/\"},\"author\":{\"name\":\"apuntesdesanluis.com\",\"@id\":\"https:\/\/apuntesdesanluis.com\/#\/schema\/person\/b55151d52296fcce64d1a72538a70b90\"},\"headline\":\"TRUMP DECLAR\u00d3 LA GUERRA COMERCIAL AL MUNDO CON UN ARANCEL UNIVERSAL DEL 10%\",\"datePublished\":\"2025-04-03T11:09:25+00:00\",\"dateModified\":\"2025-04-03T11:10:15+00:00\",\"mainEntityOfPage\":{\"@id\":\"https:\/\/apuntesdesanluis.com\/index.php\/2025\/04\/03\/trump-declaro-la-guerra-comercial-al-mundo-con-un-arancel-universal-del-10\/\"},\"wordCount\":1029,\"publisher\":{\"@id\":\"https:\/\/apuntesdesanluis.com\/#\/schema\/person\/b55151d52296fcce64d1a72538a70b90\"},\"image\":{\"@id\":\"https:\/\/apuntesdesanluis.com\/index.php\/2025\/04\/03\/trump-declaro-la-guerra-comercial-al-mundo-con-un-arancel-universal-del-10\/#primaryimage\"},\"thumbnailUrl\":\"https:\/\/apuntesdesanluis.com\/wp-content\/uploads\/2025\/04\/Trump.png\",\"articleSection\":[\"Nacionales\/Internacionales\"],\"inLanguage\":\"es-AR\"},{\"@type\":\"WebPage\",\"@id\":\"https:\/\/apuntesdesanluis.com\/index.php\/2025\/04\/03\/trump-declaro-la-guerra-comercial-al-mundo-con-un-arancel-universal-del-10\/\",\"url\":\"https:\/\/apuntesdesanluis.com\/index.php\/2025\/04\/03\/trump-declaro-la-guerra-comercial-al-mundo-con-un-arancel-universal-del-10\/\",\"name\":\"TRUMP DECLAR\u00d3 LA GUERRA COMERCIAL AL MUNDO CON UN ARANCEL UNIVERSAL DEL 10% - Apuntes de San Luis\",\"isPartOf\":{\"@id\":\"https:\/\/apuntesdesanluis.com\/#website\"},\"primaryImageOfPage\":{\"@id\":\"https:\/\/apuntesdesanluis.com\/index.php\/2025\/04\/03\/trump-declaro-la-guerra-comercial-al-mundo-con-un-arancel-universal-del-10\/#primaryimage\"},\"image\":{\"@id\":\"https:\/\/apuntesdesanluis.com\/index.php\/2025\/04\/03\/trump-declaro-la-guerra-comercial-al-mundo-con-un-arancel-universal-del-10\/#primaryimage\"},\"thumbnailUrl\":\"https:\/\/apuntesdesanluis.com\/wp-content\/uploads\/2025\/04\/Trump.png\",\"datePublished\":\"2025-04-03T11:09:25+00:00\",\"dateModified\":\"2025-04-03T11:10:15+00:00\",\"breadcrumb\":{\"@id\":\"https:\/\/apuntesdesanluis.com\/index.php\/2025\/04\/03\/trump-declaro-la-guerra-comercial-al-mundo-con-un-arancel-universal-del-10\/#breadcrumb\"},\"inLanguage\":\"es-AR\",\"potentialAction\":[{\"@type\":\"ReadAction\",\"target\":[\"https:\/\/apuntesdesanluis.com\/index.php\/2025\/04\/03\/trump-declaro-la-guerra-comercial-al-mundo-con-un-arancel-universal-del-10\/\"]}]},{\"@type\":\"ImageObject\",\"inLanguage\":\"es-AR\",\"@id\":\"https:\/\/apuntesdesanluis.com\/index.php\/2025\/04\/03\/trump-declaro-la-guerra-comercial-al-mundo-con-un-arancel-universal-del-10\/#primaryimage\",\"url\":\"https:\/\/apuntesdesanluis.com\/wp-content\/uploads\/2025\/04\/Trump.png\",\"contentUrl\":\"https:\/\/apuntesdesanluis.com\/wp-content\/uploads\/2025\/04\/Trump.png\",\"width\":650,\"height\":448},{\"@type\":\"BreadcrumbList\",\"@id\":\"https:\/\/apuntesdesanluis.com\/index.php\/2025\/04\/03\/trump-declaro-la-guerra-comercial-al-mundo-con-un-arancel-universal-del-10\/#breadcrumb\",\"itemListElement\":[{\"@type\":\"ListItem\",\"position\":1,\"name\":\"Inicio\",\"item\":\"https:\/\/apuntesdesanluis.com\/\"},{\"@type\":\"ListItem\",\"position\":2,\"name\":\"TRUMP DECLAR\u00d3 LA GUERRA COMERCIAL AL MUNDO CON UN ARANCEL UNIVERSAL DEL 10%\"}]},{\"@type\":\"WebSite\",\"@id\":\"https:\/\/apuntesdesanluis.com\/#website\",\"url\":\"https:\/\/apuntesdesanluis.com\/\",\"name\":\"Apuntes de San Luis\",\"description\":\"\",\"publisher\":{\"@id\":\"https:\/\/apuntesdesanluis.com\/#\/schema\/person\/b55151d52296fcce64d1a72538a70b90\"},\"potentialAction\":[{\"@type\":\"SearchAction\",\"target\":{\"@type\":\"EntryPoint\",\"urlTemplate\":\"https:\/\/apuntesdesanluis.com\/?s={search_term_string}\"},\"query-input\":{\"@type\":\"PropertyValueSpecification\",\"valueRequired\":true,\"valueName\":\"search_term_string\"}}],\"inLanguage\":\"es-AR\"},{\"@type\":[\"Person\",\"Organization\"],\"@id\":\"https:\/\/apuntesdesanluis.com\/#\/schema\/person\/b55151d52296fcce64d1a72538a70b90\",\"name\":\"apuntesdesanluis.com\",\"image\":{\"@type\":\"ImageObject\",\"inLanguage\":\"es-AR\",\"@id\":\"https:\/\/apuntesdesanluis.com\/#\/schema\/person\/image\/\",\"url\":\"https:\/\/apuntesdesanluis.com\/wp-content\/uploads\/2023\/07\/cropped-apuntesdesanluis.png\",\"contentUrl\":\"https:\/\/apuntesdesanluis.com\/wp-content\/uploads\/2023\/07\/cropped-apuntesdesanluis.png\",\"width\":450,\"height\":112,\"caption\":\"apuntesdesanluis.com\"},\"logo\":{\"@id\":\"https:\/\/apuntesdesanluis.com\/#\/schema\/person\/image\/\"},\"sameAs\":[\"https:\/\/apuntesdesanluis.com\"],\"url\":\"https:\/\/apuntesdesanluis.com\/index.php\/author\/apuntesdesanluis-com\/\"}]}<\/script>\n<!-- \/ Yoast SEO plugin. -->","yoast_head_json":{"title":"TRUMP DECLAR\u00d3 LA GUERRA COMERCIAL AL MUNDO CON UN ARANCEL UNIVERSAL DEL 10% - Apuntes de San Luis","robots":{"index":"index","follow":"follow","max-snippet":"max-snippet:-1","max-image-preview":"max-image-preview:large","max-video-preview":"max-video-preview:-1"},"canonical":"https:\/\/apuntesdesanluis.com\/index.php\/2025\/04\/03\/trump-declaro-la-guerra-comercial-al-mundo-con-un-arancel-universal-del-10\/","og_locale":"es_ES","og_type":"article","og_title":"TRUMP DECLAR\u00d3 LA GUERRA COMERCIAL AL MUNDO CON UN ARANCEL UNIVERSAL DEL 10% - Apuntes de San Luis","og_description":"El presidente de Estados Unidos anunci\u00f3 los impuestos a la importaci\u00f3n m\u00e1s altos en un...","og_url":"https:\/\/apuntesdesanluis.com\/index.php\/2025\/04\/03\/trump-declaro-la-guerra-comercial-al-mundo-con-un-arancel-universal-del-10\/","og_site_name":"Apuntes de San Luis","article_published_time":"2025-04-03T11:09:25+00:00","article_modified_time":"2025-04-03T11:10:15+00:00","og_image":[{"width":650,"height":448,"url":"https:\/\/apuntesdesanluis.com\/wp-content\/uploads\/2025\/04\/Trump.png","type":"image\/png"}],"author":"apuntesdesanluis.com","twitter_card":"summary_large_image","twitter_misc":{"Escrito por":"apuntesdesanluis.com","Tiempo de lectura":"5 minutos"},"schema":{"@context":"https:\/\/schema.org","@graph":[{"@type":"Article","@id":"https:\/\/apuntesdesanluis.com\/index.php\/2025\/04\/03\/trump-declaro-la-guerra-comercial-al-mundo-con-un-arancel-universal-del-10\/#article","isPartOf":{"@id":"https:\/\/apuntesdesanluis.com\/index.php\/2025\/04\/03\/trump-declaro-la-guerra-comercial-al-mundo-con-un-arancel-universal-del-10\/"},"author":{"name":"apuntesdesanluis.com","@id":"https:\/\/apuntesdesanluis.com\/#\/schema\/person\/b55151d52296fcce64d1a72538a70b90"},"headline":"TRUMP DECLAR\u00d3 LA GUERRA COMERCIAL AL MUNDO CON UN ARANCEL UNIVERSAL DEL 10%","datePublished":"2025-04-03T11:09:25+00:00","dateModified":"2025-04-03T11:10:15+00:00","mainEntityOfPage":{"@id":"https:\/\/apuntesdesanluis.com\/index.php\/2025\/04\/03\/trump-declaro-la-guerra-comercial-al-mundo-con-un-arancel-universal-del-10\/"},"wordCount":1029,"publisher":{"@id":"https:\/\/apuntesdesanluis.com\/#\/schema\/person\/b55151d52296fcce64d1a72538a70b90"},"image":{"@id":"https:\/\/apuntesdesanluis.com\/index.php\/2025\/04\/03\/trump-declaro-la-guerra-comercial-al-mundo-con-un-arancel-universal-del-10\/#primaryimage"},"thumbnailUrl":"https:\/\/apuntesdesanluis.com\/wp-content\/uploads\/2025\/04\/Trump.png","articleSection":["Nacionales\/Internacionales"],"inLanguage":"es-AR"},{"@type":"WebPage","@id":"https:\/\/apuntesdesanluis.com\/index.php\/2025\/04\/03\/trump-declaro-la-guerra-comercial-al-mundo-con-un-arancel-universal-del-10\/","url":"https:\/\/apuntesdesanluis.com\/index.php\/2025\/04\/03\/trump-declaro-la-guerra-comercial-al-mundo-con-un-arancel-universal-del-10\/","name":"TRUMP DECLAR\u00d3 LA GUERRA COMERCIAL AL MUNDO CON UN ARANCEL UNIVERSAL DEL 10% - Apuntes de San Luis","isPartOf":{"@id":"https:\/\/apuntesdesanluis.com\/#website"},"primaryImageOfPage":{"@id":"https:\/\/apuntesdesanluis.com\/index.php\/2025\/04\/03\/trump-declaro-la-guerra-comercial-al-mundo-con-un-arancel-universal-del-10\/#primaryimage"},"image":{"@id":"https:\/\/apuntesdesanluis.com\/index.php\/2025\/04\/03\/trump-declaro-la-guerra-comercial-al-mundo-con-un-arancel-universal-del-10\/#primaryimage"},"thumbnailUrl":"https:\/\/apuntesdesanluis.com\/wp-content\/uploads\/2025\/04\/Trump.png","datePublished":"2025-04-03T11:09:25+00:00","dateModified":"2025-04-03T11:10:15+00:00","breadcrumb":{"@id":"https:\/\/apuntesdesanluis.com\/index.php\/2025\/04\/03\/trump-declaro-la-guerra-comercial-al-mundo-con-un-arancel-universal-del-10\/#breadcrumb"},"inLanguage":"es-AR","potentialAction":[{"@type":"ReadAction","target":["https:\/\/apuntesdesanluis.com\/index.php\/2025\/04\/03\/trump-declaro-la-guerra-comercial-al-mundo-con-un-arancel-universal-del-10\/"]}]},{"@type":"ImageObject","inLanguage":"es-AR","@id":"https:\/\/apuntesdesanluis.com\/index.php\/2025\/04\/03\/trump-declaro-la-guerra-comercial-al-mundo-con-un-arancel-universal-del-10\/#primaryimage","url":"https:\/\/apuntesdesanluis.com\/wp-content\/uploads\/2025\/04\/Trump.png","contentUrl":"https:\/\/apuntesdesanluis.com\/wp-content\/uploads\/2025\/04\/Trump.png","width":650,"height":448},{"@type":"BreadcrumbList","@id":"https:\/\/apuntesdesanluis.com\/index.php\/2025\/04\/03\/trump-declaro-la-guerra-comercial-al-mundo-con-un-arancel-universal-del-10\/#breadcrumb","itemListElement":[{"@type":"ListItem","position":1,"name":"Inicio","item":"https:\/\/apuntesdesanluis.com\/"},{"@type":"ListItem","position":2,"name":"TRUMP DECLAR\u00d3 LA GUERRA COMERCIAL AL MUNDO CON UN ARANCEL UNIVERSAL DEL 10%"}]},{"@type":"WebSite","@id":"https:\/\/apuntesdesanluis.com\/#website","url":"https:\/\/apuntesdesanluis.com\/","name":"Apuntes de San Luis","description":"","publisher":{"@id":"https:\/\/apuntesdesanluis.com\/#\/schema\/person\/b55151d52296fcce64d1a72538a70b90"},"potentialAction":[{"@type":"SearchAction","target":{"@type":"EntryPoint","urlTemplate":"https:\/\/apuntesdesanluis.com\/?s={search_term_string}"},"query-input":{"@type":"PropertyValueSpecification","valueRequired":true,"valueName":"search_term_string"}}],"inLanguage":"es-AR"},{"@type":["Person","Organization"],"@id":"https:\/\/apuntesdesanluis.com\/#\/schema\/person\/b55151d52296fcce64d1a72538a70b90","name":"apuntesdesanluis.com","image":{"@type":"ImageObject","inLanguage":"es-AR","@id":"https:\/\/apuntesdesanluis.com\/#\/schema\/person\/image\/","url":"https:\/\/apuntesdesanluis.com\/wp-content\/uploads\/2023\/07\/cropped-apuntesdesanluis.png","contentUrl":"https:\/\/apuntesdesanluis.com\/wp-content\/uploads\/2023\/07\/cropped-apuntesdesanluis.png","width":450,"height":112,"caption":"apuntesdesanluis.com"},"logo":{"@id":"https:\/\/apuntesdesanluis.com\/#\/schema\/person\/image\/"},"sameAs":["https:\/\/apuntesdesanluis.com"],"url":"https:\/\/apuntesdesanluis.com\/index.php\/author\/apuntesdesanluis-com\/"}]}},"featured_image_urls":{"full":["https:\/\/apuntesdesanluis.com\/wp-content\/uploads\/2025\/04\/Trump.png",650,448,false],"thumbnail":["https:\/\/apuntesdesanluis.com\/wp-content\/uploads\/2025\/04\/Trump-150x150.png",150,150,true],"medium":["https:\/\/apuntesdesanluis.com\/wp-content\/uploads\/2025\/04\/Trump-300x207.png",300,207,true],"medium_large":["https:\/\/apuntesdesanluis.com\/wp-content\/uploads\/2025\/04\/Trump.png",640,441,false],"large":["https:\/\/apuntesdesanluis.com\/wp-content\/uploads\/2025\/04\/Trump.png",640,441,false],"1536x1536":["https:\/\/apuntesdesanluis.com\/wp-content\/uploads\/2025\/04\/Trump.png",650,448,false],"2048x2048":["https:\/\/apuntesdesanluis.com\/wp-content\/uploads\/2025\/04\/Trump.png",650,448,false],"newsever-slider-full":["https:\/\/apuntesdesanluis.com\/wp-content\/uploads\/2025\/04\/Trump.png",650,448,false],"newsever-featured":["https:\/\/apuntesdesanluis.com\/wp-content\/uploads\/2025\/04\/Trump.png",650,448,false],"newsever-medium":["https:\/\/apuntesdesanluis.com\/wp-content\/uploads\/2025\/04\/Trump.png",650,448,false]},"author_info":{"display_name":"apuntesdesanluis.com","author_link":"https:\/\/apuntesdesanluis.com\/index.php\/author\/apuntesdesanluis-com\/"},"category_info":"<a href=\"https:\/\/apuntesdesanluis.com\/index.php\/category\/nacionales-internacionales\/\" rel=\"category tag\">Nacionales\/Internacionales<\/a>","tag_info":"Nacionales\/Internacionales","comment_count":"0","_links":{"self":[{"href":"https:\/\/apuntesdesanluis.com\/index.php\/wp-json\/wp\/v2\/posts\/31157","targetHints":{"allow":["GET"]}}],"collection":[{"href":"https:\/\/apuntesdesanluis.com\/index.php\/wp-json\/wp\/v2\/posts"}],"about":[{"href":"https:\/\/apuntesdesanluis.com\/index.php\/wp-json\/wp\/v2\/types\/post"}],"author":[{"embeddable":true,"href":"https:\/\/apuntesdesanluis.com\/index.php\/wp-json\/wp\/v2\/users\/1"}],"replies":[{"embeddable":true,"href":"https:\/\/apuntesdesanluis.com\/index.php\/wp-json\/wp\/v2\/comments?post=31157"}],"version-history":[{"count":2,"href":"https:\/\/apuntesdesanluis.com\/index.php\/wp-json\/wp\/v2\/posts\/31157\/revisions"}],"predecessor-version":[{"id":31160,"href":"https:\/\/apuntesdesanluis.com\/index.php\/wp-json\/wp\/v2\/posts\/31157\/revisions\/31160"}],"wp:featuredmedia":[{"embeddable":true,"href":"https:\/\/apuntesdesanluis.com\/index.php\/wp-json\/wp\/v2\/media\/31158"}],"wp:attachment":[{"href":"https:\/\/apuntesdesanluis.com\/index.php\/wp-json\/wp\/v2\/media?parent=31157"}],"wp:term":[{"taxonomy":"category","embeddable":true,"href":"https:\/\/apuntesdesanluis.com\/index.php\/wp-json\/wp\/v2\/categories?post=31157"},{"taxonomy":"post_tag","embeddable":true,"href":"https:\/\/apuntesdesanluis.com\/index.php\/wp-json\/wp\/v2\/tags?post=31157"}],"curies":[{"name":"wp","href":"https:\/\/api.w.org\/{rel}","templated":true}]}}