{"id":31173,"date":"2025-04-03T16:23:19","date_gmt":"2025-04-03T19:23:19","guid":{"rendered":"https:\/\/apuntesdesanluis.com\/?p=31173"},"modified":"2025-04-03T16:23:52","modified_gmt":"2025-04-03T19:23:52","slug":"lanzan-los-juegos-intercolegiales-deportivos-y-culturales","status":"publish","type":"post","link":"https:\/\/apuntesdesanluis.com\/index.php\/2025\/04\/03\/lanzan-los-juegos-intercolegiales-deportivos-y-culturales\/","title":{"rendered":"LANZAN LOS JUEGOS INTERCOLEGIALES DEPORTIVOS Y CULTURALES"},"content":{"rendered":"<h3>Este viernes 4 de abril, el vel\u00f3dromo de la ciudad de San Luis reunir\u00e1 a alumnos del nivel Primario y Secundario para dar comienzo a los <strong>Juegos Intercolegiales Deportivos y Culturales<\/strong>. Los ni\u00f1os y j\u00f3venes fueron citados a las 9:30 para acreditarse y formar parte del acto inaugural, que se realizar\u00e1 a las 11:00.<\/h3>\n<h3>\u201cLa verdad que hay una expectativa muy grande porque ya han confirmado muchas escuelas su participaci\u00f3n\u201d, expres\u00f3 Juan \u00c1lvarez Pinto, ministro de Turismo y Cultura. Por su parte, la secretaria de Deportes, Mar\u00eda Adelaida Mu\u00f1iz, dijo que la actividad de los Juegos Intercolegiales se desarrollar\u00e1 durante todo el a\u00f1o, tanto los deportivos como los culturales, hasta probablemente noviembre del 2025. \u201cLos chicos van a disfrutar y nosotros los vamos a premiar al final del certamen\u201d, adelant\u00f3.<\/h3>\n<h3>Los funcionarios hablaron sobre las inscripciones para sumarse a la iniciativa. El ministerio de Educaci\u00f3n dispuso una circular en la cual se invit\u00f3 a todas las escuelas. Las instituciones deb\u00edan confirmar su asistencia y, de acuerdo a todas las confirmaciones, se elabor\u00f3 una log\u00edstica para entregar pulseras identificatorias a todos los establecimientos.<\/h3>\n<h3>\u201cVamos a tener un box de ingreso. Habr\u00e1 una boleter\u00eda al lado de la entrada del vel\u00f3dromo, por la avenida IV Centenario, donde se les entregar\u00e1 un sobrecito a todos los profesores del interior que confirmaron a \u00faltimo momento. En este sentido, quer\u00eda informar a toda la comunidad educativa que, a pedido de los directores y profesores escolares, vamos a extender las inscripciones de los intercolegiales deportivos hasta el d\u00eda 15 de abril. En estos d\u00edas estaremos brindando m\u00e1s informaci\u00f3n a trav\u00e9s de las redes y v\u00eda mail por circular del ministerio de Educaci\u00f3n\u201d, afirm\u00f3 Miguel Moyano, director de Deporte Estudiantil.<\/h3>\n<h3>La convocatoria de los chicos fue pautada a las 9:30, pero el acto protocolar empezar\u00e1 a las 11:00. \u201cHemos coordinado con el ministerio de Turismo y de Educaci\u00f3n, como tambi\u00e9n la secretar\u00eda de Deportes, un festival para todos los chicos. Queremos romper con la tem\u00e1tica de lo que es el acto oficial, que siempre hemos manejado en las aperturas de los Intercolegiales\u201d, adelant\u00f3 Moyano.<\/h3>\n<h3>Al d\u00eda de la fecha, han confirmado la asistencia de 6.800 chicos en la competencia, que ser\u00e1n admitidos en el ingreso con el uso de una pulsera. \u201cEsta semana, desde la secretar\u00eda de Deportes, nos hemos encargado de acercarnos a todas las instituciones educativas y hacerles llegar las pulseras a todos los colegios inscriptos\u201d, precis\u00f3. Tambi\u00e9n mencion\u00f3 que las disciplinas deportivas abarcar\u00e1n handball, b\u00e1squet, v\u00f3ley, f\u00fatbol y atletismo para personas con discapacidad.<\/h3>\n<h3>Por otro lado, la inscripci\u00f3n para los Intercolegiales Culturales estar\u00e1 disponible del 4 al 30 de abril para el nivel Secundario y del 5 al 31 de mayo para el nivel Primario. \u201cEl ministerio de Educaci\u00f3n les envi\u00f3 una circular a todos los directivos escolares de la provincia. A su vez, en la p\u00e1gina oficial encontrar\u00e1n un link para acceder al formulario y a los reglamentos. Los docentes anexados a los circulares podr\u00e1n revisar toda la informaci\u00f3n que necesiten. Tambi\u00e9n pueden contactarse por nuestras redes sociales\u201d, comunic\u00f3 el subdirector de Intercolegiales Culturales, Pablo Mu\u00f1oz.<\/h3>\n<h3>Sobre la apertura de los Intercolegiales, Mu\u00f1oz brind\u00f3 detalles: \u201cHemos preparado un mega festival porque pensamos y deseamos que todos los estudiantes vivan este lanzamiento como una fiesta. Habr\u00e1 n\u00fameros art\u00edsticos locales y nacionales: contamos con la presencia de \u2018Beba\u2019, la banda Q\u2019 Lokura y talentos emergentes como Valentina Spurgin, que son artistas adolescentes surgidos de estos Intercolegiales Culturales. Hemos colaborado en sus grabaciones y ella pronto va a sacar su \u00e1lbum. Vamos a tener unas producciones art\u00edsticas integrales con la Academia \u2018Danfer\u2019 y la Academia de Danzas Folkl\u00f3ricas \u2018La Sajuriana\u2019, que llevar\u00e1n a cabo un ensamble conjunto como para romper un poco y crear una producci\u00f3n art\u00edstica que salga de lo tradicional. Inclusive se acoplaran a una canci\u00f3n in\u00e9dita de Valentina Spurgin, que resalta todos los valores culturales y tur\u00edsticos de nuestra provincia. Ha sido grabada en la Casa de la M\u00fasica y, para nosotros, es como un himno de la provincia\u201d.<\/h3>\n<h3>El festival, que tendr\u00e1 como protagonistas a las promociones de este a\u00f1o, durar\u00e1 hasta las 13:00 aproximadamente y tendr\u00e1 un sorteo con premios. \u201cTenemos previsto el cierre, a cargo de Q\u2019 Lokura, a las 12:00. Queremos informarle a la comunidad que la avenida IV Centenario, desde la Ruta 3 hasta la Legislatura, estar\u00e1 cortada por la afluencia de personas. Seguramente el ministerio de Seguridad, en el transcurso del d\u00eda, comentar\u00e1 c\u00f3mo va ser el operativo policial\u201d, anticip\u00f3 Moyano.<\/h3>\n<h3>Sobre las disciplinas que abordar\u00e1n los Intercolegiales, el subdirector de Intercolegiales Culturales coment\u00f3 que se agreg\u00f3 una categor\u00eda nueva para las promociones. \u201cPodr\u00e1n participar como promoci\u00f3n por un mismo curso, una misma divisi\u00f3n y un mismo colegio, en la categor\u00eda de Producci\u00f3n Art\u00edstica Integral en Vivo. Tendr\u00e1 un premio aparte que ser\u00e1 un viaje. Dentro de poco vamos a proporcionar los pormenores, pero es diferente de la categor\u00eda competitiva de Secundaria y Primaria\u201d, apunt\u00f3 Mu\u00f1oz.<\/h3>\n<h3>\u201cSe agreg\u00f3 el eje tem\u00e1tico de Malvinas, que se suma a los tres del a\u00f1o pasado: autores sanluise\u00f1os, ambiente y desarrollo sustentable y la gesta del Libertador. Las disciplinas siguen siendo las mismas: artes visuales, audiovisuales, literatura, danza, m\u00fasica, teatro y producci\u00f3n art\u00edstica integral en vivo, que combina tres o m\u00e1s de las otras disciplinas\u201d, agreg\u00f3.<\/h3>\n<h3>\u201cCon respecto a los destacados, formulados por la secretar\u00eda de Deportes, hemos invitado a todos los que resultaron ganadores en la edici\u00f3n 2024. Por lo tanto, los destacados en los Intercolegiales Culturales tambi\u00e9n estar\u00e1n presentes ma\u00f1ana en el lanzamiento. El nivel Inicial sigue con la modalidad participativa, no obstante tambi\u00e9n van a ser destacados\u201d, concluy\u00f3.<\/h3>\n<h3><\/h3>\n<h3><\/h3>\n<h3><\/h3>\n","protected":false},"excerpt":{"rendered":"<p>Este viernes 4 de abril, el vel\u00f3dromo de la ciudad de San Luis reunir\u00e1 a&#8230;<\/p>\n","protected":false},"author":1,"featured_media":31174,"comment_status":"closed","ping_status":"closed","sticky":false,"template":"","format":"standard","meta":{"footnotes":""},"categories":[6],"tags":[],"class_list":["post-31173","post","type-post","status-publish","format-standard","has-post-thumbnail","hentry","category-ciudad-provincia"],"yoast_head":"<!-- This site is optimized with the Yoast SEO plugin v26.1.1 - https:\/\/yoast.com\/wordpress\/plugins\/seo\/ -->\n<title>LANZAN LOS JUEGOS INTERCOLEGIALES DEPORTIVOS Y CULTURALES - Apuntes de San Luis<\/title>\n<meta name=\"robots\" content=\"index, follow, max-snippet:-1, max-image-preview:large, max-video-preview:-1\" \/>\n<link rel=\"canonical\" href=\"https:\/\/apuntesdesanluis.com\/index.php\/2025\/04\/03\/lanzan-los-juegos-intercolegiales-deportivos-y-culturales\/\" \/>\n<meta property=\"og:locale\" content=\"es_ES\" \/>\n<meta property=\"og:type\" content=\"article\" \/>\n<meta property=\"og:title\" content=\"LANZAN LOS JUEGOS INTERCOLEGIALES DEPORTIVOS Y CULTURALES - Apuntes de San Luis\" \/>\n<meta property=\"og:description\" content=\"Este viernes 4 de abril, el vel\u00f3dromo de la ciudad de San Luis reunir\u00e1 a...\" \/>\n<meta property=\"og:url\" content=\"https:\/\/apuntesdesanluis.com\/index.php\/2025\/04\/03\/lanzan-los-juegos-intercolegiales-deportivos-y-culturales\/\" \/>\n<meta property=\"og:site_name\" content=\"Apuntes de San Luis\" \/>\n<meta property=\"article:published_time\" content=\"2025-04-03T19:23:19+00:00\" \/>\n<meta property=\"article:modified_time\" content=\"2025-04-03T19:23:52+00:00\" \/>\n<meta property=\"og:image\" content=\"https:\/\/apuntesdesanluis.com\/wp-content\/uploads\/2025\/04\/juegos-deportivos.png\" \/>\n\t<meta property=\"og:image:width\" content=\"700\" \/>\n\t<meta property=\"og:image:height\" content=\"385\" \/>\n\t<meta property=\"og:image:type\" content=\"image\/png\" \/>\n<meta name=\"author\" content=\"apuntesdesanluis.com\" \/>\n<meta name=\"twitter:card\" content=\"summary_large_image\" \/>\n<meta name=\"twitter:label1\" content=\"Escrito por\" \/>\n\t<meta name=\"twitter:data1\" content=\"apuntesdesanluis.com\" \/>\n\t<meta name=\"twitter:label2\" content=\"Tiempo de lectura\" \/>\n\t<meta name=\"twitter:data2\" content=\"5 minutos\" \/>\n<script type=\"application\/ld+json\" class=\"yoast-schema-graph\">{\"@context\":\"https:\/\/schema.org\",\"@graph\":[{\"@type\":\"Article\",\"@id\":\"https:\/\/apuntesdesanluis.com\/index.php\/2025\/04\/03\/lanzan-los-juegos-intercolegiales-deportivos-y-culturales\/#article\",\"isPartOf\":{\"@id\":\"https:\/\/apuntesdesanluis.com\/index.php\/2025\/04\/03\/lanzan-los-juegos-intercolegiales-deportivos-y-culturales\/\"},\"author\":{\"name\":\"apuntesdesanluis.com\",\"@id\":\"https:\/\/apuntesdesanluis.com\/#\/schema\/person\/b55151d52296fcce64d1a72538a70b90\"},\"headline\":\"LANZAN LOS JUEGOS INTERCOLEGIALES DEPORTIVOS Y CULTURALES\",\"datePublished\":\"2025-04-03T19:23:19+00:00\",\"dateModified\":\"2025-04-03T19:23:52+00:00\",\"mainEntityOfPage\":{\"@id\":\"https:\/\/apuntesdesanluis.com\/index.php\/2025\/04\/03\/lanzan-los-juegos-intercolegiales-deportivos-y-culturales\/\"},\"wordCount\":999,\"publisher\":{\"@id\":\"https:\/\/apuntesdesanluis.com\/#\/schema\/person\/b55151d52296fcce64d1a72538a70b90\"},\"image\":{\"@id\":\"https:\/\/apuntesdesanluis.com\/index.php\/2025\/04\/03\/lanzan-los-juegos-intercolegiales-deportivos-y-culturales\/#primaryimage\"},\"thumbnailUrl\":\"https:\/\/apuntesdesanluis.com\/wp-content\/uploads\/2025\/04\/juegos-deportivos.png\",\"articleSection\":[\"Ciudad\/Provincia\"],\"inLanguage\":\"es-AR\"},{\"@type\":\"WebPage\",\"@id\":\"https:\/\/apuntesdesanluis.com\/index.php\/2025\/04\/03\/lanzan-los-juegos-intercolegiales-deportivos-y-culturales\/\",\"url\":\"https:\/\/apuntesdesanluis.com\/index.php\/2025\/04\/03\/lanzan-los-juegos-intercolegiales-deportivos-y-culturales\/\",\"name\":\"LANZAN LOS JUEGOS INTERCOLEGIALES DEPORTIVOS Y CULTURALES - Apuntes de San Luis\",\"isPartOf\":{\"@id\":\"https:\/\/apuntesdesanluis.com\/#website\"},\"primaryImageOfPage\":{\"@id\":\"https:\/\/apuntesdesanluis.com\/index.php\/2025\/04\/03\/lanzan-los-juegos-intercolegiales-deportivos-y-culturales\/#primaryimage\"},\"image\":{\"@id\":\"https:\/\/apuntesdesanluis.com\/index.php\/2025\/04\/03\/lanzan-los-juegos-intercolegiales-deportivos-y-culturales\/#primaryimage\"},\"thumbnailUrl\":\"https:\/\/apuntesdesanluis.com\/wp-content\/uploads\/2025\/04\/juegos-deportivos.png\",\"datePublished\":\"2025-04-03T19:23:19+00:00\",\"dateModified\":\"2025-04-03T19:23:52+00:00\",\"breadcrumb\":{\"@id\":\"https:\/\/apuntesdesanluis.com\/index.php\/2025\/04\/03\/lanzan-los-juegos-intercolegiales-deportivos-y-culturales\/#breadcrumb\"},\"inLanguage\":\"es-AR\",\"potentialAction\":[{\"@type\":\"ReadAction\",\"target\":[\"https:\/\/apuntesdesanluis.com\/index.php\/2025\/04\/03\/lanzan-los-juegos-intercolegiales-deportivos-y-culturales\/\"]}]},{\"@type\":\"ImageObject\",\"inLanguage\":\"es-AR\",\"@id\":\"https:\/\/apuntesdesanluis.com\/index.php\/2025\/04\/03\/lanzan-los-juegos-intercolegiales-deportivos-y-culturales\/#primaryimage\",\"url\":\"https:\/\/apuntesdesanluis.com\/wp-content\/uploads\/2025\/04\/juegos-deportivos.png\",\"contentUrl\":\"https:\/\/apuntesdesanluis.com\/wp-content\/uploads\/2025\/04\/juegos-deportivos.png\",\"width\":700,\"height\":385},{\"@type\":\"BreadcrumbList\",\"@id\":\"https:\/\/apuntesdesanluis.com\/index.php\/2025\/04\/03\/lanzan-los-juegos-intercolegiales-deportivos-y-culturales\/#breadcrumb\",\"itemListElement\":[{\"@type\":\"ListItem\",\"position\":1,\"name\":\"Inicio\",\"item\":\"https:\/\/apuntesdesanluis.com\/\"},{\"@type\":\"ListItem\",\"position\":2,\"name\":\"LANZAN LOS JUEGOS INTERCOLEGIALES DEPORTIVOS Y CULTURALES\"}]},{\"@type\":\"WebSite\",\"@id\":\"https:\/\/apuntesdesanluis.com\/#website\",\"url\":\"https:\/\/apuntesdesanluis.com\/\",\"name\":\"Apuntes de San Luis\",\"description\":\"\",\"publisher\":{\"@id\":\"https:\/\/apuntesdesanluis.com\/#\/schema\/person\/b55151d52296fcce64d1a72538a70b90\"},\"potentialAction\":[{\"@type\":\"SearchAction\",\"target\":{\"@type\":\"EntryPoint\",\"urlTemplate\":\"https:\/\/apuntesdesanluis.com\/?s={search_term_string}\"},\"query-input\":{\"@type\":\"PropertyValueSpecification\",\"valueRequired\":true,\"valueName\":\"search_term_string\"}}],\"inLanguage\":\"es-AR\"},{\"@type\":[\"Person\",\"Organization\"],\"@id\":\"https:\/\/apuntesdesanluis.com\/#\/schema\/person\/b55151d52296fcce64d1a72538a70b90\",\"name\":\"apuntesdesanluis.com\",\"image\":{\"@type\":\"ImageObject\",\"inLanguage\":\"es-AR\",\"@id\":\"https:\/\/apuntesdesanluis.com\/#\/schema\/person\/image\/\",\"url\":\"https:\/\/apuntesdesanluis.com\/wp-content\/uploads\/2023\/07\/cropped-apuntesdesanluis.png\",\"contentUrl\":\"https:\/\/apuntesdesanluis.com\/wp-content\/uploads\/2023\/07\/cropped-apuntesdesanluis.png\",\"width\":450,\"height\":112,\"caption\":\"apuntesdesanluis.com\"},\"logo\":{\"@id\":\"https:\/\/apuntesdesanluis.com\/#\/schema\/person\/image\/\"},\"sameAs\":[\"https:\/\/apuntesdesanluis.com\"],\"url\":\"https:\/\/apuntesdesanluis.com\/index.php\/author\/apuntesdesanluis-com\/\"}]}<\/script>\n<!-- \/ Yoast SEO plugin. -->","yoast_head_json":{"title":"LANZAN LOS JUEGOS INTERCOLEGIALES DEPORTIVOS Y CULTURALES - Apuntes de San Luis","robots":{"index":"index","follow":"follow","max-snippet":"max-snippet:-1","max-image-preview":"max-image-preview:large","max-video-preview":"max-video-preview:-1"},"canonical":"https:\/\/apuntesdesanluis.com\/index.php\/2025\/04\/03\/lanzan-los-juegos-intercolegiales-deportivos-y-culturales\/","og_locale":"es_ES","og_type":"article","og_title":"LANZAN LOS JUEGOS INTERCOLEGIALES DEPORTIVOS Y CULTURALES - Apuntes de San Luis","og_description":"Este viernes 4 de abril, el vel\u00f3dromo de la ciudad de San Luis reunir\u00e1 a...","og_url":"https:\/\/apuntesdesanluis.com\/index.php\/2025\/04\/03\/lanzan-los-juegos-intercolegiales-deportivos-y-culturales\/","og_site_name":"Apuntes de San Luis","article_published_time":"2025-04-03T19:23:19+00:00","article_modified_time":"2025-04-03T19:23:52+00:00","og_image":[{"width":700,"height":385,"url":"https:\/\/apuntesdesanluis.com\/wp-content\/uploads\/2025\/04\/juegos-deportivos.png","type":"image\/png"}],"author":"apuntesdesanluis.com","twitter_card":"summary_large_image","twitter_misc":{"Escrito por":"apuntesdesanluis.com","Tiempo de lectura":"5 minutos"},"schema":{"@context":"https:\/\/schema.org","@graph":[{"@type":"Article","@id":"https:\/\/apuntesdesanluis.com\/index.php\/2025\/04\/03\/lanzan-los-juegos-intercolegiales-deportivos-y-culturales\/#article","isPartOf":{"@id":"https:\/\/apuntesdesanluis.com\/index.php\/2025\/04\/03\/lanzan-los-juegos-intercolegiales-deportivos-y-culturales\/"},"author":{"name":"apuntesdesanluis.com","@id":"https:\/\/apuntesdesanluis.com\/#\/schema\/person\/b55151d52296fcce64d1a72538a70b90"},"headline":"LANZAN LOS JUEGOS INTERCOLEGIALES DEPORTIVOS Y CULTURALES","datePublished":"2025-04-03T19:23:19+00:00","dateModified":"2025-04-03T19:23:52+00:00","mainEntityOfPage":{"@id":"https:\/\/apuntesdesanluis.com\/index.php\/2025\/04\/03\/lanzan-los-juegos-intercolegiales-deportivos-y-culturales\/"},"wordCount":999,"publisher":{"@id":"https:\/\/apuntesdesanluis.com\/#\/schema\/person\/b55151d52296fcce64d1a72538a70b90"},"image":{"@id":"https:\/\/apuntesdesanluis.com\/index.php\/2025\/04\/03\/lanzan-los-juegos-intercolegiales-deportivos-y-culturales\/#primaryimage"},"thumbnailUrl":"https:\/\/apuntesdesanluis.com\/wp-content\/uploads\/2025\/04\/juegos-deportivos.png","articleSection":["Ciudad\/Provincia"],"inLanguage":"es-AR"},{"@type":"WebPage","@id":"https:\/\/apuntesdesanluis.com\/index.php\/2025\/04\/03\/lanzan-los-juegos-intercolegiales-deportivos-y-culturales\/","url":"https:\/\/apuntesdesanluis.com\/index.php\/2025\/04\/03\/lanzan-los-juegos-intercolegiales-deportivos-y-culturales\/","name":"LANZAN LOS JUEGOS INTERCOLEGIALES DEPORTIVOS Y CULTURALES - Apuntes de San Luis","isPartOf":{"@id":"https:\/\/apuntesdesanluis.com\/#website"},"primaryImageOfPage":{"@id":"https:\/\/apuntesdesanluis.com\/index.php\/2025\/04\/03\/lanzan-los-juegos-intercolegiales-deportivos-y-culturales\/#primaryimage"},"image":{"@id":"https:\/\/apuntesdesanluis.com\/index.php\/2025\/04\/03\/lanzan-los-juegos-intercolegiales-deportivos-y-culturales\/#primaryimage"},"thumbnailUrl":"https:\/\/apuntesdesanluis.com\/wp-content\/uploads\/2025\/04\/juegos-deportivos.png","datePublished":"2025-04-03T19:23:19+00:00","dateModified":"2025-04-03T19:23:52+00:00","breadcrumb":{"@id":"https:\/\/apuntesdesanluis.com\/index.php\/2025\/04\/03\/lanzan-los-juegos-intercolegiales-deportivos-y-culturales\/#breadcrumb"},"inLanguage":"es-AR","potentialAction":[{"@type":"ReadAction","target":["https:\/\/apuntesdesanluis.com\/index.php\/2025\/04\/03\/lanzan-los-juegos-intercolegiales-deportivos-y-culturales\/"]}]},{"@type":"ImageObject","inLanguage":"es-AR","@id":"https:\/\/apuntesdesanluis.com\/index.php\/2025\/04\/03\/lanzan-los-juegos-intercolegiales-deportivos-y-culturales\/#primaryimage","url":"https:\/\/apuntesdesanluis.com\/wp-content\/uploads\/2025\/04\/juegos-deportivos.png","contentUrl":"https:\/\/apuntesdesanluis.com\/wp-content\/uploads\/2025\/04\/juegos-deportivos.png","width":700,"height":385},{"@type":"BreadcrumbList","@id":"https:\/\/apuntesdesanluis.com\/index.php\/2025\/04\/03\/lanzan-los-juegos-intercolegiales-deportivos-y-culturales\/#breadcrumb","itemListElement":[{"@type":"ListItem","position":1,"name":"Inicio","item":"https:\/\/apuntesdesanluis.com\/"},{"@type":"ListItem","position":2,"name":"LANZAN LOS JUEGOS INTERCOLEGIALES DEPORTIVOS Y CULTURALES"}]},{"@type":"WebSite","@id":"https:\/\/apuntesdesanluis.com\/#website","url":"https:\/\/apuntesdesanluis.com\/","name":"Apuntes de San Luis","description":"","publisher":{"@id":"https:\/\/apuntesdesanluis.com\/#\/schema\/person\/b55151d52296fcce64d1a72538a70b90"},"potentialAction":[{"@type":"SearchAction","target":{"@type":"EntryPoint","urlTemplate":"https:\/\/apuntesdesanluis.com\/?s={search_term_string}"},"query-input":{"@type":"PropertyValueSpecification","valueRequired":true,"valueName":"search_term_string"}}],"inLanguage":"es-AR"},{"@type":["Person","Organization"],"@id":"https:\/\/apuntesdesanluis.com\/#\/schema\/person\/b55151d52296fcce64d1a72538a70b90","name":"apuntesdesanluis.com","image":{"@type":"ImageObject","inLanguage":"es-AR","@id":"https:\/\/apuntesdesanluis.com\/#\/schema\/person\/image\/","url":"https:\/\/apuntesdesanluis.com\/wp-content\/uploads\/2023\/07\/cropped-apuntesdesanluis.png","contentUrl":"https:\/\/apuntesdesanluis.com\/wp-content\/uploads\/2023\/07\/cropped-apuntesdesanluis.png","width":450,"height":112,"caption":"apuntesdesanluis.com"},"logo":{"@id":"https:\/\/apuntesdesanluis.com\/#\/schema\/person\/image\/"},"sameAs":["https:\/\/apuntesdesanluis.com"],"url":"https:\/\/apuntesdesanluis.com\/index.php\/author\/apuntesdesanluis-com\/"}]}},"featured_image_urls":{"full":["https:\/\/apuntesdesanluis.com\/wp-content\/uploads\/2025\/04\/juegos-deportivos.png",700,385,false],"thumbnail":["https:\/\/apuntesdesanluis.com\/wp-content\/uploads\/2025\/04\/juegos-deportivos-150x150.png",150,150,true],"medium":["https:\/\/apuntesdesanluis.com\/wp-content\/uploads\/2025\/04\/juegos-deportivos-300x165.png",300,165,true],"medium_large":["https:\/\/apuntesdesanluis.com\/wp-content\/uploads\/2025\/04\/juegos-deportivos.png",640,352,false],"large":["https:\/\/apuntesdesanluis.com\/wp-content\/uploads\/2025\/04\/juegos-deportivos.png",640,352,false],"1536x1536":["https:\/\/apuntesdesanluis.com\/wp-content\/uploads\/2025\/04\/juegos-deportivos.png",700,385,false],"2048x2048":["https:\/\/apuntesdesanluis.com\/wp-content\/uploads\/2025\/04\/juegos-deportivos.png",700,385,false],"newsever-slider-full":["https:\/\/apuntesdesanluis.com\/wp-content\/uploads\/2025\/04\/juegos-deportivos.png",700,385,false],"newsever-featured":["https:\/\/apuntesdesanluis.com\/wp-content\/uploads\/2025\/04\/juegos-deportivos.png",700,385,false],"newsever-medium":["https:\/\/apuntesdesanluis.com\/wp-content\/uploads\/2025\/04\/juegos-deportivos.png",700,385,false]},"author_info":{"display_name":"apuntesdesanluis.com","author_link":"https:\/\/apuntesdesanluis.com\/index.php\/author\/apuntesdesanluis-com\/"},"category_info":"<a href=\"https:\/\/apuntesdesanluis.com\/index.php\/category\/ciudad-provincia\/\" rel=\"category tag\">Ciudad\/Provincia<\/a>","tag_info":"Ciudad\/Provincia","comment_count":"0","_links":{"self":[{"href":"https:\/\/apuntesdesanluis.com\/index.php\/wp-json\/wp\/v2\/posts\/31173","targetHints":{"allow":["GET"]}}],"collection":[{"href":"https:\/\/apuntesdesanluis.com\/index.php\/wp-json\/wp\/v2\/posts"}],"about":[{"href":"https:\/\/apuntesdesanluis.com\/index.php\/wp-json\/wp\/v2\/types\/post"}],"author":[{"embeddable":true,"href":"https:\/\/apuntesdesanluis.com\/index.php\/wp-json\/wp\/v2\/users\/1"}],"replies":[{"embeddable":true,"href":"https:\/\/apuntesdesanluis.com\/index.php\/wp-json\/wp\/v2\/comments?post=31173"}],"version-history":[{"count":1,"href":"https:\/\/apuntesdesanluis.com\/index.php\/wp-json\/wp\/v2\/posts\/31173\/revisions"}],"predecessor-version":[{"id":31175,"href":"https:\/\/apuntesdesanluis.com\/index.php\/wp-json\/wp\/v2\/posts\/31173\/revisions\/31175"}],"wp:featuredmedia":[{"embeddable":true,"href":"https:\/\/apuntesdesanluis.com\/index.php\/wp-json\/wp\/v2\/media\/31174"}],"wp:attachment":[{"href":"https:\/\/apuntesdesanluis.com\/index.php\/wp-json\/wp\/v2\/media?parent=31173"}],"wp:term":[{"taxonomy":"category","embeddable":true,"href":"https:\/\/apuntesdesanluis.com\/index.php\/wp-json\/wp\/v2\/categories?post=31173"},{"taxonomy":"post_tag","embeddable":true,"href":"https:\/\/apuntesdesanluis.com\/index.php\/wp-json\/wp\/v2\/tags?post=31173"}],"curies":[{"name":"wp","href":"https:\/\/api.w.org\/{rel}","templated":true}]}}