{"id":31176,"date":"2025-04-03T16:38:41","date_gmt":"2025-04-03T19:38:41","guid":{"rendered":"https:\/\/apuntesdesanluis.com\/?p=31176"},"modified":"2025-04-03T16:38:41","modified_gmt":"2025-04-03T19:38:41","slug":"condenan-a-un-hombre-a-seis-anos-y-medio-de-prision-por-violencia-de-genero","status":"publish","type":"post","link":"https:\/\/apuntesdesanluis.com\/index.php\/2025\/04\/03\/condenan-a-un-hombre-a-seis-anos-y-medio-de-prision-por-violencia-de-genero\/","title":{"rendered":"CONDENAN A UN HOMBRE A SEIS A\u00d1OS Y MEDIO DE PRISI\u00d3N POR VIOLENCIA DE G\u00c9NERO"},"content":{"rendered":"<h3>Un tribunal del Colegio de Jueces de la Primera Circunscripci\u00f3n hizo lugar a un acuerdo de juicio abreviado y conden\u00f3 a seis a\u00f1os y seis meses de prisi\u00f3n a <strong>Ariel Miranda<\/strong> por privaci\u00f3n ileg\u00edtima de la libertad, lesiones graves agravadas por el v\u00ednculo y por violencia de g\u00e9nero, y por desobedecer una orden judicial. Adem\u00e1s, se lo acus\u00f3 de violaci\u00f3n de domicilio y abuso sexual con acceso carnal, sumado a una nueva violaci\u00f3n de una orden judicial. Todas estas conductas fueron consideradas en concurso real, lo que signific\u00f3 que cada delito se juzg\u00f3 de manera independiente dentro de la misma causa.<\/h3>\n<h3>La Fiscal\u00eda de Juicio N\u00b0 1 y la Defensor\u00eda de Juicio N\u00b0 2 acordaron la aplicaci\u00f3n del procedimiento abreviado, porque consideraron que se reun\u00edan las condiciones legales y f\u00e1cticas necesarias. La fiscal Virginia Palacios Gonella, expres\u00f3 que, tras consultar a la v\u00edctima, entend\u00eda que esta modalidad procesal resultaba lo m\u00e1s conveniente para evitar los efectos de la revictimizaci\u00f3n. El pedido de las partes para que la causa concluyera bajo el procedimiento abreviado se bas\u00f3 en lo establecido en el art\u00edculo 234 del C\u00f3digo Procesal Penal, dado que la pena en expectativa se encontraba dentro de los m\u00e1rgenes legales.<\/h3>\n<h3>Los hechos denunciados ocurrieron entre diciembre de 2023 y abril de 2024.<\/h3>\n<h3>La presentaci\u00f3n del acuerdo arribado entre la Fiscal\u00eda y la defensa del acusado, representada por el Defensor de Juicio N\u00b0 2, Jos\u00e9 Luis Gui\u00f1az\u00fa, se realiz\u00f3 en la audiencia del 14 de marzo donde el imputado reconoci\u00f3 los hechos tal como fueron descriptos por la Fiscal, admiti\u00f3 su participaci\u00f3n y acept\u00f3 la calificaci\u00f3n legal y la pena solicitada. Asimismo, manifest\u00f3 su pedido de disculpas a la v\u00edctima, quien en su momento fuera su pareja. En este contexto, el juicio abreviado permite la resoluci\u00f3n del caso sin necesidad de un debate oral extenso, y evita que la v\u00edctima deba revivir los hechos a trav\u00e9s de la producci\u00f3n de prueba testimonial.<\/h3>\n<h3>El tribunal, compuesto por Jos\u00e9 Luis Flores, Hugo S\u00e1a Petrino y Mar\u00eda Eugenia Zabala Chacur, escuch\u00f3 a las partes y a la damnificada y luego pas\u00f3 a cuarto intermedio a resolver. La decisi\u00f3n fue emitida el 28 de marzo.<\/h3>\n<h3>Los integrantes del Colegio de Jueces analizaron la procedencia del juicio abreviado, verificaron que se cumplieran los requisitos formales y destacaron que el procedimiento no es un mero tr\u00e1mite de homologaci\u00f3n, sino que implica una evaluaci\u00f3n de los hechos, las pruebas y el derecho aplicable. Incluso, los jueces hasta tienen la facultad de rechazar la propuesta en caso de considerar necesario el debate oral. En esta causa, el tribunal entendi\u00f3 que \u201cel acuerdo expuesto contiene todos los elementos formales necesarios\u201d y que \u201cla solicitud ha sido presentada en tiempo y forma por lo que corresponde dar curso favorable a su tratamiento\u201d, dice el voto del juez Flores, con adhesi\u00f3n de los otros dos integrantes.<\/h3>\n<h3>Y agreg\u00f3: \u201cTambi\u00e9n se ha encontrado presente la parte damnificada por los hechos, a quien, luego de proporcionarle condiciones cuidadas para que pudiera expresar su parecer, fue escuchada por el Tribunal, al que dio a conocer su opini\u00f3n sobre el tr\u00e1mite, no oponi\u00e9ndose al mismo, y expresando que lo considera bueno para su bienestar y evitar el dolor y preocupaci\u00f3n que le provoca la causa\u201d.<\/h3>\n<h3><\/h3>\n<h3><\/h3>\n<h3><\/h3>\n","protected":false},"excerpt":{"rendered":"<p>Un tribunal del Colegio de Jueces de la Primera Circunscripci\u00f3n hizo lugar a un acuerdo&#8230;<\/p>\n","protected":false},"author":1,"featured_media":31177,"comment_status":"closed","ping_status":"closed","sticky":false,"template":"","format":"standard","meta":{"footnotes":""},"categories":[6],"tags":[],"class_list":["post-31176","post","type-post","status-publish","format-standard","has-post-thumbnail","hentry","category-ciudad-provincia"],"yoast_head":"<!-- This site is optimized with the Yoast SEO plugin v26.1.1 - https:\/\/yoast.com\/wordpress\/plugins\/seo\/ -->\n<title>CONDENAN A UN HOMBRE A SEIS A\u00d1OS Y MEDIO DE PRISI\u00d3N POR VIOLENCIA DE G\u00c9NERO - Apuntes de San Luis<\/title>\n<meta name=\"robots\" content=\"index, follow, max-snippet:-1, max-image-preview:large, max-video-preview:-1\" \/>\n<link rel=\"canonical\" href=\"https:\/\/apuntesdesanluis.com\/index.php\/2025\/04\/03\/condenan-a-un-hombre-a-seis-anos-y-medio-de-prision-por-violencia-de-genero\/\" \/>\n<meta property=\"og:locale\" content=\"es_ES\" \/>\n<meta property=\"og:type\" content=\"article\" \/>\n<meta property=\"og:title\" content=\"CONDENAN A UN HOMBRE A SEIS A\u00d1OS Y MEDIO DE PRISI\u00d3N POR VIOLENCIA DE G\u00c9NERO - Apuntes de San Luis\" \/>\n<meta property=\"og:description\" content=\"Un tribunal del Colegio de Jueces de la Primera Circunscripci\u00f3n hizo lugar a un acuerdo...\" \/>\n<meta property=\"og:url\" content=\"https:\/\/apuntesdesanluis.com\/index.php\/2025\/04\/03\/condenan-a-un-hombre-a-seis-anos-y-medio-de-prision-por-violencia-de-genero\/\" \/>\n<meta property=\"og:site_name\" content=\"Apuntes de San Luis\" \/>\n<meta property=\"article:published_time\" content=\"2025-04-03T19:38:41+00:00\" \/>\n<meta property=\"og:image\" content=\"https:\/\/apuntesdesanluis.com\/wp-content\/uploads\/2025\/04\/JUICIO.png\" \/>\n\t<meta property=\"og:image:width\" content=\"700\" \/>\n\t<meta property=\"og:image:height\" content=\"379\" \/>\n\t<meta property=\"og:image:type\" content=\"image\/png\" \/>\n<meta name=\"author\" content=\"apuntesdesanluis.com\" \/>\n<meta name=\"twitter:card\" content=\"summary_large_image\" \/>\n<meta name=\"twitter:label1\" content=\"Escrito por\" \/>\n\t<meta name=\"twitter:data1\" content=\"apuntesdesanluis.com\" \/>\n\t<meta name=\"twitter:label2\" content=\"Tiempo de lectura\" \/>\n\t<meta name=\"twitter:data2\" content=\"3 minutos\" \/>\n<script type=\"application\/ld+json\" class=\"yoast-schema-graph\">{\"@context\":\"https:\/\/schema.org\",\"@graph\":[{\"@type\":\"Article\",\"@id\":\"https:\/\/apuntesdesanluis.com\/index.php\/2025\/04\/03\/condenan-a-un-hombre-a-seis-anos-y-medio-de-prision-por-violencia-de-genero\/#article\",\"isPartOf\":{\"@id\":\"https:\/\/apuntesdesanluis.com\/index.php\/2025\/04\/03\/condenan-a-un-hombre-a-seis-anos-y-medio-de-prision-por-violencia-de-genero\/\"},\"author\":{\"name\":\"apuntesdesanluis.com\",\"@id\":\"https:\/\/apuntesdesanluis.com\/#\/schema\/person\/b55151d52296fcce64d1a72538a70b90\"},\"headline\":\"CONDENAN A UN HOMBRE A SEIS A\u00d1OS Y MEDIO DE PRISI\u00d3N POR VIOLENCIA DE G\u00c9NERO\",\"datePublished\":\"2025-04-03T19:38:41+00:00\",\"mainEntityOfPage\":{\"@id\":\"https:\/\/apuntesdesanluis.com\/index.php\/2025\/04\/03\/condenan-a-un-hombre-a-seis-anos-y-medio-de-prision-por-violencia-de-genero\/\"},\"wordCount\":592,\"publisher\":{\"@id\":\"https:\/\/apuntesdesanluis.com\/#\/schema\/person\/b55151d52296fcce64d1a72538a70b90\"},\"image\":{\"@id\":\"https:\/\/apuntesdesanluis.com\/index.php\/2025\/04\/03\/condenan-a-un-hombre-a-seis-anos-y-medio-de-prision-por-violencia-de-genero\/#primaryimage\"},\"thumbnailUrl\":\"https:\/\/apuntesdesanluis.com\/wp-content\/uploads\/2025\/04\/JUICIO.png\",\"articleSection\":[\"Ciudad\/Provincia\"],\"inLanguage\":\"es-AR\"},{\"@type\":\"WebPage\",\"@id\":\"https:\/\/apuntesdesanluis.com\/index.php\/2025\/04\/03\/condenan-a-un-hombre-a-seis-anos-y-medio-de-prision-por-violencia-de-genero\/\",\"url\":\"https:\/\/apuntesdesanluis.com\/index.php\/2025\/04\/03\/condenan-a-un-hombre-a-seis-anos-y-medio-de-prision-por-violencia-de-genero\/\",\"name\":\"CONDENAN A UN HOMBRE A SEIS A\u00d1OS Y MEDIO DE PRISI\u00d3N POR VIOLENCIA DE G\u00c9NERO - Apuntes de San Luis\",\"isPartOf\":{\"@id\":\"https:\/\/apuntesdesanluis.com\/#website\"},\"primaryImageOfPage\":{\"@id\":\"https:\/\/apuntesdesanluis.com\/index.php\/2025\/04\/03\/condenan-a-un-hombre-a-seis-anos-y-medio-de-prision-por-violencia-de-genero\/#primaryimage\"},\"image\":{\"@id\":\"https:\/\/apuntesdesanluis.com\/index.php\/2025\/04\/03\/condenan-a-un-hombre-a-seis-anos-y-medio-de-prision-por-violencia-de-genero\/#primaryimage\"},\"thumbnailUrl\":\"https:\/\/apuntesdesanluis.com\/wp-content\/uploads\/2025\/04\/JUICIO.png\",\"datePublished\":\"2025-04-03T19:38:41+00:00\",\"breadcrumb\":{\"@id\":\"https:\/\/apuntesdesanluis.com\/index.php\/2025\/04\/03\/condenan-a-un-hombre-a-seis-anos-y-medio-de-prision-por-violencia-de-genero\/#breadcrumb\"},\"inLanguage\":\"es-AR\",\"potentialAction\":[{\"@type\":\"ReadAction\",\"target\":[\"https:\/\/apuntesdesanluis.com\/index.php\/2025\/04\/03\/condenan-a-un-hombre-a-seis-anos-y-medio-de-prision-por-violencia-de-genero\/\"]}]},{\"@type\":\"ImageObject\",\"inLanguage\":\"es-AR\",\"@id\":\"https:\/\/apuntesdesanluis.com\/index.php\/2025\/04\/03\/condenan-a-un-hombre-a-seis-anos-y-medio-de-prision-por-violencia-de-genero\/#primaryimage\",\"url\":\"https:\/\/apuntesdesanluis.com\/wp-content\/uploads\/2025\/04\/JUICIO.png\",\"contentUrl\":\"https:\/\/apuntesdesanluis.com\/wp-content\/uploads\/2025\/04\/JUICIO.png\",\"width\":700,\"height\":379},{\"@type\":\"BreadcrumbList\",\"@id\":\"https:\/\/apuntesdesanluis.com\/index.php\/2025\/04\/03\/condenan-a-un-hombre-a-seis-anos-y-medio-de-prision-por-violencia-de-genero\/#breadcrumb\",\"itemListElement\":[{\"@type\":\"ListItem\",\"position\":1,\"name\":\"Inicio\",\"item\":\"https:\/\/apuntesdesanluis.com\/\"},{\"@type\":\"ListItem\",\"position\":2,\"name\":\"CONDENAN A UN HOMBRE A SEIS A\u00d1OS Y MEDIO DE PRISI\u00d3N POR VIOLENCIA DE G\u00c9NERO\"}]},{\"@type\":\"WebSite\",\"@id\":\"https:\/\/apuntesdesanluis.com\/#website\",\"url\":\"https:\/\/apuntesdesanluis.com\/\",\"name\":\"Apuntes de San Luis\",\"description\":\"\",\"publisher\":{\"@id\":\"https:\/\/apuntesdesanluis.com\/#\/schema\/person\/b55151d52296fcce64d1a72538a70b90\"},\"potentialAction\":[{\"@type\":\"SearchAction\",\"target\":{\"@type\":\"EntryPoint\",\"urlTemplate\":\"https:\/\/apuntesdesanluis.com\/?s={search_term_string}\"},\"query-input\":{\"@type\":\"PropertyValueSpecification\",\"valueRequired\":true,\"valueName\":\"search_term_string\"}}],\"inLanguage\":\"es-AR\"},{\"@type\":[\"Person\",\"Organization\"],\"@id\":\"https:\/\/apuntesdesanluis.com\/#\/schema\/person\/b55151d52296fcce64d1a72538a70b90\",\"name\":\"apuntesdesanluis.com\",\"image\":{\"@type\":\"ImageObject\",\"inLanguage\":\"es-AR\",\"@id\":\"https:\/\/apuntesdesanluis.com\/#\/schema\/person\/image\/\",\"url\":\"https:\/\/apuntesdesanluis.com\/wp-content\/uploads\/2023\/07\/cropped-apuntesdesanluis.png\",\"contentUrl\":\"https:\/\/apuntesdesanluis.com\/wp-content\/uploads\/2023\/07\/cropped-apuntesdesanluis.png\",\"width\":450,\"height\":112,\"caption\":\"apuntesdesanluis.com\"},\"logo\":{\"@id\":\"https:\/\/apuntesdesanluis.com\/#\/schema\/person\/image\/\"},\"sameAs\":[\"https:\/\/apuntesdesanluis.com\"],\"url\":\"https:\/\/apuntesdesanluis.com\/index.php\/author\/apuntesdesanluis-com\/\"}]}<\/script>\n<!-- \/ Yoast SEO plugin. -->","yoast_head_json":{"title":"CONDENAN A UN HOMBRE A SEIS A\u00d1OS Y MEDIO DE PRISI\u00d3N POR VIOLENCIA DE G\u00c9NERO - Apuntes de San Luis","robots":{"index":"index","follow":"follow","max-snippet":"max-snippet:-1","max-image-preview":"max-image-preview:large","max-video-preview":"max-video-preview:-1"},"canonical":"https:\/\/apuntesdesanluis.com\/index.php\/2025\/04\/03\/condenan-a-un-hombre-a-seis-anos-y-medio-de-prision-por-violencia-de-genero\/","og_locale":"es_ES","og_type":"article","og_title":"CONDENAN A UN HOMBRE A SEIS A\u00d1OS Y MEDIO DE PRISI\u00d3N POR VIOLENCIA DE G\u00c9NERO - Apuntes de San Luis","og_description":"Un tribunal del Colegio de Jueces de la Primera Circunscripci\u00f3n hizo lugar a un acuerdo...","og_url":"https:\/\/apuntesdesanluis.com\/index.php\/2025\/04\/03\/condenan-a-un-hombre-a-seis-anos-y-medio-de-prision-por-violencia-de-genero\/","og_site_name":"Apuntes de San Luis","article_published_time":"2025-04-03T19:38:41+00:00","og_image":[{"width":700,"height":379,"url":"https:\/\/apuntesdesanluis.com\/wp-content\/uploads\/2025\/04\/JUICIO.png","type":"image\/png"}],"author":"apuntesdesanluis.com","twitter_card":"summary_large_image","twitter_misc":{"Escrito por":"apuntesdesanluis.com","Tiempo de lectura":"3 minutos"},"schema":{"@context":"https:\/\/schema.org","@graph":[{"@type":"Article","@id":"https:\/\/apuntesdesanluis.com\/index.php\/2025\/04\/03\/condenan-a-un-hombre-a-seis-anos-y-medio-de-prision-por-violencia-de-genero\/#article","isPartOf":{"@id":"https:\/\/apuntesdesanluis.com\/index.php\/2025\/04\/03\/condenan-a-un-hombre-a-seis-anos-y-medio-de-prision-por-violencia-de-genero\/"},"author":{"name":"apuntesdesanluis.com","@id":"https:\/\/apuntesdesanluis.com\/#\/schema\/person\/b55151d52296fcce64d1a72538a70b90"},"headline":"CONDENAN A UN HOMBRE A SEIS A\u00d1OS Y MEDIO DE PRISI\u00d3N POR VIOLENCIA DE G\u00c9NERO","datePublished":"2025-04-03T19:38:41+00:00","mainEntityOfPage":{"@id":"https:\/\/apuntesdesanluis.com\/index.php\/2025\/04\/03\/condenan-a-un-hombre-a-seis-anos-y-medio-de-prision-por-violencia-de-genero\/"},"wordCount":592,"publisher":{"@id":"https:\/\/apuntesdesanluis.com\/#\/schema\/person\/b55151d52296fcce64d1a72538a70b90"},"image":{"@id":"https:\/\/apuntesdesanluis.com\/index.php\/2025\/04\/03\/condenan-a-un-hombre-a-seis-anos-y-medio-de-prision-por-violencia-de-genero\/#primaryimage"},"thumbnailUrl":"https:\/\/apuntesdesanluis.com\/wp-content\/uploads\/2025\/04\/JUICIO.png","articleSection":["Ciudad\/Provincia"],"inLanguage":"es-AR"},{"@type":"WebPage","@id":"https:\/\/apuntesdesanluis.com\/index.php\/2025\/04\/03\/condenan-a-un-hombre-a-seis-anos-y-medio-de-prision-por-violencia-de-genero\/","url":"https:\/\/apuntesdesanluis.com\/index.php\/2025\/04\/03\/condenan-a-un-hombre-a-seis-anos-y-medio-de-prision-por-violencia-de-genero\/","name":"CONDENAN A UN HOMBRE A SEIS A\u00d1OS Y MEDIO DE PRISI\u00d3N POR VIOLENCIA DE G\u00c9NERO - Apuntes de San Luis","isPartOf":{"@id":"https:\/\/apuntesdesanluis.com\/#website"},"primaryImageOfPage":{"@id":"https:\/\/apuntesdesanluis.com\/index.php\/2025\/04\/03\/condenan-a-un-hombre-a-seis-anos-y-medio-de-prision-por-violencia-de-genero\/#primaryimage"},"image":{"@id":"https:\/\/apuntesdesanluis.com\/index.php\/2025\/04\/03\/condenan-a-un-hombre-a-seis-anos-y-medio-de-prision-por-violencia-de-genero\/#primaryimage"},"thumbnailUrl":"https:\/\/apuntesdesanluis.com\/wp-content\/uploads\/2025\/04\/JUICIO.png","datePublished":"2025-04-03T19:38:41+00:00","breadcrumb":{"@id":"https:\/\/apuntesdesanluis.com\/index.php\/2025\/04\/03\/condenan-a-un-hombre-a-seis-anos-y-medio-de-prision-por-violencia-de-genero\/#breadcrumb"},"inLanguage":"es-AR","potentialAction":[{"@type":"ReadAction","target":["https:\/\/apuntesdesanluis.com\/index.php\/2025\/04\/03\/condenan-a-un-hombre-a-seis-anos-y-medio-de-prision-por-violencia-de-genero\/"]}]},{"@type":"ImageObject","inLanguage":"es-AR","@id":"https:\/\/apuntesdesanluis.com\/index.php\/2025\/04\/03\/condenan-a-un-hombre-a-seis-anos-y-medio-de-prision-por-violencia-de-genero\/#primaryimage","url":"https:\/\/apuntesdesanluis.com\/wp-content\/uploads\/2025\/04\/JUICIO.png","contentUrl":"https:\/\/apuntesdesanluis.com\/wp-content\/uploads\/2025\/04\/JUICIO.png","width":700,"height":379},{"@type":"BreadcrumbList","@id":"https:\/\/apuntesdesanluis.com\/index.php\/2025\/04\/03\/condenan-a-un-hombre-a-seis-anos-y-medio-de-prision-por-violencia-de-genero\/#breadcrumb","itemListElement":[{"@type":"ListItem","position":1,"name":"Inicio","item":"https:\/\/apuntesdesanluis.com\/"},{"@type":"ListItem","position":2,"name":"CONDENAN A UN HOMBRE A SEIS A\u00d1OS Y MEDIO DE PRISI\u00d3N POR VIOLENCIA DE G\u00c9NERO"}]},{"@type":"WebSite","@id":"https:\/\/apuntesdesanluis.com\/#website","url":"https:\/\/apuntesdesanluis.com\/","name":"Apuntes de San Luis","description":"","publisher":{"@id":"https:\/\/apuntesdesanluis.com\/#\/schema\/person\/b55151d52296fcce64d1a72538a70b90"},"potentialAction":[{"@type":"SearchAction","target":{"@type":"EntryPoint","urlTemplate":"https:\/\/apuntesdesanluis.com\/?s={search_term_string}"},"query-input":{"@type":"PropertyValueSpecification","valueRequired":true,"valueName":"search_term_string"}}],"inLanguage":"es-AR"},{"@type":["Person","Organization"],"@id":"https:\/\/apuntesdesanluis.com\/#\/schema\/person\/b55151d52296fcce64d1a72538a70b90","name":"apuntesdesanluis.com","image":{"@type":"ImageObject","inLanguage":"es-AR","@id":"https:\/\/apuntesdesanluis.com\/#\/schema\/person\/image\/","url":"https:\/\/apuntesdesanluis.com\/wp-content\/uploads\/2023\/07\/cropped-apuntesdesanluis.png","contentUrl":"https:\/\/apuntesdesanluis.com\/wp-content\/uploads\/2023\/07\/cropped-apuntesdesanluis.png","width":450,"height":112,"caption":"apuntesdesanluis.com"},"logo":{"@id":"https:\/\/apuntesdesanluis.com\/#\/schema\/person\/image\/"},"sameAs":["https:\/\/apuntesdesanluis.com"],"url":"https:\/\/apuntesdesanluis.com\/index.php\/author\/apuntesdesanluis-com\/"}]}},"featured_image_urls":{"full":["https:\/\/apuntesdesanluis.com\/wp-content\/uploads\/2025\/04\/JUICIO.png",700,379,false],"thumbnail":["https:\/\/apuntesdesanluis.com\/wp-content\/uploads\/2025\/04\/JUICIO-150x150.png",150,150,true],"medium":["https:\/\/apuntesdesanluis.com\/wp-content\/uploads\/2025\/04\/JUICIO-300x162.png",300,162,true],"medium_large":["https:\/\/apuntesdesanluis.com\/wp-content\/uploads\/2025\/04\/JUICIO.png",640,347,false],"large":["https:\/\/apuntesdesanluis.com\/wp-content\/uploads\/2025\/04\/JUICIO.png",640,347,false],"1536x1536":["https:\/\/apuntesdesanluis.com\/wp-content\/uploads\/2025\/04\/JUICIO.png",700,379,false],"2048x2048":["https:\/\/apuntesdesanluis.com\/wp-content\/uploads\/2025\/04\/JUICIO.png",700,379,false],"newsever-slider-full":["https:\/\/apuntesdesanluis.com\/wp-content\/uploads\/2025\/04\/JUICIO.png",700,379,false],"newsever-featured":["https:\/\/apuntesdesanluis.com\/wp-content\/uploads\/2025\/04\/JUICIO.png",700,379,false],"newsever-medium":["https:\/\/apuntesdesanluis.com\/wp-content\/uploads\/2025\/04\/JUICIO.png",700,379,false]},"author_info":{"display_name":"apuntesdesanluis.com","author_link":"https:\/\/apuntesdesanluis.com\/index.php\/author\/apuntesdesanluis-com\/"},"category_info":"<a href=\"https:\/\/apuntesdesanluis.com\/index.php\/category\/ciudad-provincia\/\" rel=\"category tag\">Ciudad\/Provincia<\/a>","tag_info":"Ciudad\/Provincia","comment_count":"0","_links":{"self":[{"href":"https:\/\/apuntesdesanluis.com\/index.php\/wp-json\/wp\/v2\/posts\/31176","targetHints":{"allow":["GET"]}}],"collection":[{"href":"https:\/\/apuntesdesanluis.com\/index.php\/wp-json\/wp\/v2\/posts"}],"about":[{"href":"https:\/\/apuntesdesanluis.com\/index.php\/wp-json\/wp\/v2\/types\/post"}],"author":[{"embeddable":true,"href":"https:\/\/apuntesdesanluis.com\/index.php\/wp-json\/wp\/v2\/users\/1"}],"replies":[{"embeddable":true,"href":"https:\/\/apuntesdesanluis.com\/index.php\/wp-json\/wp\/v2\/comments?post=31176"}],"version-history":[{"count":1,"href":"https:\/\/apuntesdesanluis.com\/index.php\/wp-json\/wp\/v2\/posts\/31176\/revisions"}],"predecessor-version":[{"id":31178,"href":"https:\/\/apuntesdesanluis.com\/index.php\/wp-json\/wp\/v2\/posts\/31176\/revisions\/31178"}],"wp:featuredmedia":[{"embeddable":true,"href":"https:\/\/apuntesdesanluis.com\/index.php\/wp-json\/wp\/v2\/media\/31177"}],"wp:attachment":[{"href":"https:\/\/apuntesdesanluis.com\/index.php\/wp-json\/wp\/v2\/media?parent=31176"}],"wp:term":[{"taxonomy":"category","embeddable":true,"href":"https:\/\/apuntesdesanluis.com\/index.php\/wp-json\/wp\/v2\/categories?post=31176"},{"taxonomy":"post_tag","embeddable":true,"href":"https:\/\/apuntesdesanluis.com\/index.php\/wp-json\/wp\/v2\/tags?post=31176"}],"curies":[{"name":"wp","href":"https:\/\/api.w.org\/{rel}","templated":true}]}}