{"id":31179,"date":"2025-04-03T15:00:25","date_gmt":"2025-04-03T18:00:25","guid":{"rendered":"https:\/\/apuntesdesanluis.com\/?p=31179"},"modified":"2025-04-03T16:55:21","modified_gmt":"2025-04-03T19:55:21","slug":"la-unvime-adquirio-bibliografia-especializada-para-la-carrera-de-medicina","status":"publish","type":"post","link":"https:\/\/apuntesdesanluis.com\/index.php\/2025\/04\/03\/la-unvime-adquirio-bibliografia-especializada-para-la-carrera-de-medicina\/","title":{"rendered":"LA UNVIME ADQUIRI\u00d3 BIBLIOGRAF\u00cdA ESPECIALIZADA PARA LA CARRERA DE MEDICINA"},"content":{"rendered":"<h3>Despu\u00e9s de ocho a\u00f1os de espera, la Universidad Nacional de Villa Mercedes renov\u00f3 su compromiso con la excelencia acad\u00e9mica al sumar nuevas obras especializadas para la carrera de Medicina, con una inversi\u00f3n cercana a los 4 millones de pesos.<\/h3>\n<h3>Este jueves, en un encuentro cargado de emoci\u00f3n y gratitud, el rector <strong>Marcelo Sosa<\/strong> hizo entrega formal del nuevo material de estudio. Lo acompa\u00f1aron la Dra. <strong>Milagros Gonz\u00e1lez<\/strong>, la primera egresada de Medicina, y estudiantes de 3ro. y 4to. a\u00f1o de la carrera, quienes recibir\u00e1n este valioso recurso para su formaci\u00f3n.<\/h3>\n<h3>\u00abEstamos muy contentos, igual que ustedes. Nuestra misi\u00f3n es asegurarles una educaci\u00f3n de calidad y darles acceso a la bibliograf\u00eda m\u00e1s actualizada en cada disciplina de la Medicina. Esta inversi\u00f3n es la mejor apuesta que podemos hacer por su futuro y por la salud de nuestra comunidad\u00bb, expres\u00f3 el rector con orgullo.<\/h3>\n<p><img fetchpriority=\"high\" decoding=\"async\" class=\"wp-image-31181 aligncenter\" src=\"https:\/\/apuntesdesanluis.com\/wp-content\/uploads\/2025\/04\/MEDICINA-300x141.png\" alt=\"\" width=\"647\" height=\"304\" srcset=\"https:\/\/apuntesdesanluis.com\/wp-content\/uploads\/2025\/04\/MEDICINA-300x141.png 300w, https:\/\/apuntesdesanluis.com\/wp-content\/uploads\/2025\/04\/MEDICINA-768x362.png 768w, https:\/\/apuntesdesanluis.com\/wp-content\/uploads\/2025\/04\/MEDICINA.png 803w\" sizes=\"(max-width: 647px) 100vw, 647px\" \/><\/p>\n<h3>Desde 2017, la universidad no realizaba una compra de libros de esta magnitud. La necesidad era evidente: en noviembre del a\u00f1o pasado, los propios estudiantes manifestaron la falta de material bibliogr\u00e1fico, dando inicio a un proceso para fortalecer los recursos disponibles. Gracias al trabajo conjunto con la Coordinaci\u00f3n de la carrera y la Direcci\u00f3n de la Escuela de Ciencias de la Salud, hoy ese pedido se hace realidad.<\/h3>\n<h3>Entre aplausos y palabras de agradecimiento, Milagros y los alumnos destacaron la importancia de esta incorporaci\u00f3n, que les permitir\u00e1 profundizar su aprendizaje y prepararse mejor para los desaf\u00edos de la profesi\u00f3n m\u00e9dica.<\/h3>\n<h3>El encuentro cont\u00f3 con la presencia del vicerrector Santiago Farenga, la Directora de la Escuela de Ciencias de la Salud Paola Mu\u00f1oz, la Directora del Departamento de Ciencias B\u00e1sicas Marisa Puebla, el secretario Acad\u00e9mico Enrique Chiesa y la responsable de la Biblioteca \u201cDr. Ren\u00e9 Favaloro\u201d, Mariel Rodr\u00edguez.<\/h3>\n<p><img decoding=\"async\" class=\"wp-image-31182 aligncenter\" src=\"https:\/\/apuntesdesanluis.com\/wp-content\/uploads\/2025\/04\/LIBROS-300x217.png\" alt=\"\" width=\"658\" height=\"476\" srcset=\"https:\/\/apuntesdesanluis.com\/wp-content\/uploads\/2025\/04\/LIBROS-300x217.png 300w, https:\/\/apuntesdesanluis.com\/wp-content\/uploads\/2025\/04\/LIBROS.png 746w\" sizes=\"(max-width: 658px) 100vw, 658px\" \/><\/p>\n<h3>A trav\u00e9s de la resoluci\u00f3n rectoral N\u00b0 28\/2025, se aprob\u00f3 la compra de 19 obras fundamentales en diversas disciplinas m\u00e9dicas, desde Anatom\u00eda Humana y Semiolog\u00eda hasta Cirug\u00eda, Pediatr\u00eda y Ginecolog\u00eda, en formatos tanto f\u00edsicos como digitales.<\/h3>\n<p>&nbsp;<\/p>\n<p>&nbsp;<\/p>\n<p>&nbsp;<\/p>\n<h3><\/h3>\n<h3><\/h3>\n<p>&nbsp;<\/p>\n","protected":false},"excerpt":{"rendered":"<p>Despu\u00e9s de ocho a\u00f1os de espera, la Universidad Nacional de Villa Mercedes renov\u00f3 su compromiso&#8230;<\/p>\n","protected":false},"author":1,"featured_media":31180,"comment_status":"closed","ping_status":"closed","sticky":false,"template":"","format":"standard","meta":{"footnotes":""},"categories":[6],"tags":[],"class_list":["post-31179","post","type-post","status-publish","format-standard","has-post-thumbnail","hentry","category-ciudad-provincia"],"yoast_head":"<!-- This site is optimized with the Yoast SEO plugin v26.1.1 - https:\/\/yoast.com\/wordpress\/plugins\/seo\/ -->\n<title>LA UNVIME ADQUIRI\u00d3 BIBLIOGRAF\u00cdA ESPECIALIZADA PARA LA CARRERA DE MEDICINA - Apuntes de San Luis<\/title>\n<meta name=\"robots\" content=\"index, follow, max-snippet:-1, max-image-preview:large, max-video-preview:-1\" \/>\n<link rel=\"canonical\" href=\"https:\/\/apuntesdesanluis.com\/index.php\/2025\/04\/03\/la-unvime-adquirio-bibliografia-especializada-para-la-carrera-de-medicina\/\" \/>\n<meta property=\"og:locale\" content=\"es_ES\" \/>\n<meta property=\"og:type\" content=\"article\" \/>\n<meta property=\"og:title\" content=\"LA UNVIME ADQUIRI\u00d3 BIBLIOGRAF\u00cdA ESPECIALIZADA PARA LA CARRERA DE MEDICINA - Apuntes de San Luis\" \/>\n<meta property=\"og:description\" content=\"Despu\u00e9s de ocho a\u00f1os de espera, la Universidad Nacional de Villa Mercedes renov\u00f3 su compromiso...\" \/>\n<meta property=\"og:url\" content=\"https:\/\/apuntesdesanluis.com\/index.php\/2025\/04\/03\/la-unvime-adquirio-bibliografia-especializada-para-la-carrera-de-medicina\/\" \/>\n<meta property=\"og:site_name\" content=\"Apuntes de San Luis\" \/>\n<meta property=\"article:published_time\" content=\"2025-04-03T18:00:25+00:00\" \/>\n<meta property=\"article:modified_time\" content=\"2025-04-03T19:55:21+00:00\" \/>\n<meta property=\"og:image\" content=\"https:\/\/apuntesdesanluis.com\/wp-content\/uploads\/2025\/04\/RECTOR-MARCELO-SOSA-CON-ESTUDIANTES-DE-MEDICINA.png\" \/>\n\t<meta property=\"og:image:width\" content=\"800\" \/>\n\t<meta property=\"og:image:height\" content=\"452\" \/>\n\t<meta property=\"og:image:type\" content=\"image\/png\" \/>\n<meta name=\"author\" content=\"apuntesdesanluis.com\" \/>\n<meta name=\"twitter:card\" content=\"summary_large_image\" \/>\n<meta name=\"twitter:label1\" content=\"Escrito por\" \/>\n\t<meta name=\"twitter:data1\" content=\"apuntesdesanluis.com\" \/>\n\t<meta name=\"twitter:label2\" content=\"Tiempo de lectura\" \/>\n\t<meta name=\"twitter:data2\" content=\"3 minutos\" \/>\n<script type=\"application\/ld+json\" class=\"yoast-schema-graph\">{\"@context\":\"https:\/\/schema.org\",\"@graph\":[{\"@type\":\"Article\",\"@id\":\"https:\/\/apuntesdesanluis.com\/index.php\/2025\/04\/03\/la-unvime-adquirio-bibliografia-especializada-para-la-carrera-de-medicina\/#article\",\"isPartOf\":{\"@id\":\"https:\/\/apuntesdesanluis.com\/index.php\/2025\/04\/03\/la-unvime-adquirio-bibliografia-especializada-para-la-carrera-de-medicina\/\"},\"author\":{\"name\":\"apuntesdesanluis.com\",\"@id\":\"https:\/\/apuntesdesanluis.com\/#\/schema\/person\/b55151d52296fcce64d1a72538a70b90\"},\"headline\":\"LA UNVIME ADQUIRI\u00d3 BIBLIOGRAF\u00cdA ESPECIALIZADA PARA LA CARRERA DE MEDICINA\",\"datePublished\":\"2025-04-03T18:00:25+00:00\",\"dateModified\":\"2025-04-03T19:55:21+00:00\",\"mainEntityOfPage\":{\"@id\":\"https:\/\/apuntesdesanluis.com\/index.php\/2025\/04\/03\/la-unvime-adquirio-bibliografia-especializada-para-la-carrera-de-medicina\/\"},\"wordCount\":372,\"publisher\":{\"@id\":\"https:\/\/apuntesdesanluis.com\/#\/schema\/person\/b55151d52296fcce64d1a72538a70b90\"},\"image\":{\"@id\":\"https:\/\/apuntesdesanluis.com\/index.php\/2025\/04\/03\/la-unvime-adquirio-bibliografia-especializada-para-la-carrera-de-medicina\/#primaryimage\"},\"thumbnailUrl\":\"https:\/\/apuntesdesanluis.com\/wp-content\/uploads\/2025\/04\/RECTOR-MARCELO-SOSA-CON-ESTUDIANTES-DE-MEDICINA.png\",\"articleSection\":[\"Ciudad\/Provincia\"],\"inLanguage\":\"es-AR\"},{\"@type\":\"WebPage\",\"@id\":\"https:\/\/apuntesdesanluis.com\/index.php\/2025\/04\/03\/la-unvime-adquirio-bibliografia-especializada-para-la-carrera-de-medicina\/\",\"url\":\"https:\/\/apuntesdesanluis.com\/index.php\/2025\/04\/03\/la-unvime-adquirio-bibliografia-especializada-para-la-carrera-de-medicina\/\",\"name\":\"LA UNVIME ADQUIRI\u00d3 BIBLIOGRAF\u00cdA ESPECIALIZADA PARA LA CARRERA DE MEDICINA - Apuntes de San Luis\",\"isPartOf\":{\"@id\":\"https:\/\/apuntesdesanluis.com\/#website\"},\"primaryImageOfPage\":{\"@id\":\"https:\/\/apuntesdesanluis.com\/index.php\/2025\/04\/03\/la-unvime-adquirio-bibliografia-especializada-para-la-carrera-de-medicina\/#primaryimage\"},\"image\":{\"@id\":\"https:\/\/apuntesdesanluis.com\/index.php\/2025\/04\/03\/la-unvime-adquirio-bibliografia-especializada-para-la-carrera-de-medicina\/#primaryimage\"},\"thumbnailUrl\":\"https:\/\/apuntesdesanluis.com\/wp-content\/uploads\/2025\/04\/RECTOR-MARCELO-SOSA-CON-ESTUDIANTES-DE-MEDICINA.png\",\"datePublished\":\"2025-04-03T18:00:25+00:00\",\"dateModified\":\"2025-04-03T19:55:21+00:00\",\"breadcrumb\":{\"@id\":\"https:\/\/apuntesdesanluis.com\/index.php\/2025\/04\/03\/la-unvime-adquirio-bibliografia-especializada-para-la-carrera-de-medicina\/#breadcrumb\"},\"inLanguage\":\"es-AR\",\"potentialAction\":[{\"@type\":\"ReadAction\",\"target\":[\"https:\/\/apuntesdesanluis.com\/index.php\/2025\/04\/03\/la-unvime-adquirio-bibliografia-especializada-para-la-carrera-de-medicina\/\"]}]},{\"@type\":\"ImageObject\",\"inLanguage\":\"es-AR\",\"@id\":\"https:\/\/apuntesdesanluis.com\/index.php\/2025\/04\/03\/la-unvime-adquirio-bibliografia-especializada-para-la-carrera-de-medicina\/#primaryimage\",\"url\":\"https:\/\/apuntesdesanluis.com\/wp-content\/uploads\/2025\/04\/RECTOR-MARCELO-SOSA-CON-ESTUDIANTES-DE-MEDICINA.png\",\"contentUrl\":\"https:\/\/apuntesdesanluis.com\/wp-content\/uploads\/2025\/04\/RECTOR-MARCELO-SOSA-CON-ESTUDIANTES-DE-MEDICINA.png\",\"width\":800,\"height\":452},{\"@type\":\"BreadcrumbList\",\"@id\":\"https:\/\/apuntesdesanluis.com\/index.php\/2025\/04\/03\/la-unvime-adquirio-bibliografia-especializada-para-la-carrera-de-medicina\/#breadcrumb\",\"itemListElement\":[{\"@type\":\"ListItem\",\"position\":1,\"name\":\"Inicio\",\"item\":\"https:\/\/apuntesdesanluis.com\/\"},{\"@type\":\"ListItem\",\"position\":2,\"name\":\"LA UNVIME ADQUIRI\u00d3 BIBLIOGRAF\u00cdA ESPECIALIZADA PARA LA CARRERA DE MEDICINA\"}]},{\"@type\":\"WebSite\",\"@id\":\"https:\/\/apuntesdesanluis.com\/#website\",\"url\":\"https:\/\/apuntesdesanluis.com\/\",\"name\":\"Apuntes de San Luis\",\"description\":\"\",\"publisher\":{\"@id\":\"https:\/\/apuntesdesanluis.com\/#\/schema\/person\/b55151d52296fcce64d1a72538a70b90\"},\"potentialAction\":[{\"@type\":\"SearchAction\",\"target\":{\"@type\":\"EntryPoint\",\"urlTemplate\":\"https:\/\/apuntesdesanluis.com\/?s={search_term_string}\"},\"query-input\":{\"@type\":\"PropertyValueSpecification\",\"valueRequired\":true,\"valueName\":\"search_term_string\"}}],\"inLanguage\":\"es-AR\"},{\"@type\":[\"Person\",\"Organization\"],\"@id\":\"https:\/\/apuntesdesanluis.com\/#\/schema\/person\/b55151d52296fcce64d1a72538a70b90\",\"name\":\"apuntesdesanluis.com\",\"image\":{\"@type\":\"ImageObject\",\"inLanguage\":\"es-AR\",\"@id\":\"https:\/\/apuntesdesanluis.com\/#\/schema\/person\/image\/\",\"url\":\"https:\/\/apuntesdesanluis.com\/wp-content\/uploads\/2023\/07\/cropped-apuntesdesanluis.png\",\"contentUrl\":\"https:\/\/apuntesdesanluis.com\/wp-content\/uploads\/2023\/07\/cropped-apuntesdesanluis.png\",\"width\":450,\"height\":112,\"caption\":\"apuntesdesanluis.com\"},\"logo\":{\"@id\":\"https:\/\/apuntesdesanluis.com\/#\/schema\/person\/image\/\"},\"sameAs\":[\"https:\/\/apuntesdesanluis.com\"],\"url\":\"https:\/\/apuntesdesanluis.com\/index.php\/author\/apuntesdesanluis-com\/\"}]}<\/script>\n<!-- \/ Yoast SEO plugin. -->","yoast_head_json":{"title":"LA UNVIME ADQUIRI\u00d3 BIBLIOGRAF\u00cdA ESPECIALIZADA PARA LA CARRERA DE MEDICINA - Apuntes de San Luis","robots":{"index":"index","follow":"follow","max-snippet":"max-snippet:-1","max-image-preview":"max-image-preview:large","max-video-preview":"max-video-preview:-1"},"canonical":"https:\/\/apuntesdesanluis.com\/index.php\/2025\/04\/03\/la-unvime-adquirio-bibliografia-especializada-para-la-carrera-de-medicina\/","og_locale":"es_ES","og_type":"article","og_title":"LA UNVIME ADQUIRI\u00d3 BIBLIOGRAF\u00cdA ESPECIALIZADA PARA LA CARRERA DE MEDICINA - Apuntes de San Luis","og_description":"Despu\u00e9s de ocho a\u00f1os de espera, la Universidad Nacional de Villa Mercedes renov\u00f3 su compromiso...","og_url":"https:\/\/apuntesdesanluis.com\/index.php\/2025\/04\/03\/la-unvime-adquirio-bibliografia-especializada-para-la-carrera-de-medicina\/","og_site_name":"Apuntes de San Luis","article_published_time":"2025-04-03T18:00:25+00:00","article_modified_time":"2025-04-03T19:55:21+00:00","og_image":[{"width":800,"height":452,"url":"https:\/\/apuntesdesanluis.com\/wp-content\/uploads\/2025\/04\/RECTOR-MARCELO-SOSA-CON-ESTUDIANTES-DE-MEDICINA.png","type":"image\/png"}],"author":"apuntesdesanluis.com","twitter_card":"summary_large_image","twitter_misc":{"Escrito por":"apuntesdesanluis.com","Tiempo de lectura":"3 minutos"},"schema":{"@context":"https:\/\/schema.org","@graph":[{"@type":"Article","@id":"https:\/\/apuntesdesanluis.com\/index.php\/2025\/04\/03\/la-unvime-adquirio-bibliografia-especializada-para-la-carrera-de-medicina\/#article","isPartOf":{"@id":"https:\/\/apuntesdesanluis.com\/index.php\/2025\/04\/03\/la-unvime-adquirio-bibliografia-especializada-para-la-carrera-de-medicina\/"},"author":{"name":"apuntesdesanluis.com","@id":"https:\/\/apuntesdesanluis.com\/#\/schema\/person\/b55151d52296fcce64d1a72538a70b90"},"headline":"LA UNVIME ADQUIRI\u00d3 BIBLIOGRAF\u00cdA ESPECIALIZADA PARA LA CARRERA DE MEDICINA","datePublished":"2025-04-03T18:00:25+00:00","dateModified":"2025-04-03T19:55:21+00:00","mainEntityOfPage":{"@id":"https:\/\/apuntesdesanluis.com\/index.php\/2025\/04\/03\/la-unvime-adquirio-bibliografia-especializada-para-la-carrera-de-medicina\/"},"wordCount":372,"publisher":{"@id":"https:\/\/apuntesdesanluis.com\/#\/schema\/person\/b55151d52296fcce64d1a72538a70b90"},"image":{"@id":"https:\/\/apuntesdesanluis.com\/index.php\/2025\/04\/03\/la-unvime-adquirio-bibliografia-especializada-para-la-carrera-de-medicina\/#primaryimage"},"thumbnailUrl":"https:\/\/apuntesdesanluis.com\/wp-content\/uploads\/2025\/04\/RECTOR-MARCELO-SOSA-CON-ESTUDIANTES-DE-MEDICINA.png","articleSection":["Ciudad\/Provincia"],"inLanguage":"es-AR"},{"@type":"WebPage","@id":"https:\/\/apuntesdesanluis.com\/index.php\/2025\/04\/03\/la-unvime-adquirio-bibliografia-especializada-para-la-carrera-de-medicina\/","url":"https:\/\/apuntesdesanluis.com\/index.php\/2025\/04\/03\/la-unvime-adquirio-bibliografia-especializada-para-la-carrera-de-medicina\/","name":"LA UNVIME ADQUIRI\u00d3 BIBLIOGRAF\u00cdA ESPECIALIZADA PARA LA CARRERA DE MEDICINA - Apuntes de San Luis","isPartOf":{"@id":"https:\/\/apuntesdesanluis.com\/#website"},"primaryImageOfPage":{"@id":"https:\/\/apuntesdesanluis.com\/index.php\/2025\/04\/03\/la-unvime-adquirio-bibliografia-especializada-para-la-carrera-de-medicina\/#primaryimage"},"image":{"@id":"https:\/\/apuntesdesanluis.com\/index.php\/2025\/04\/03\/la-unvime-adquirio-bibliografia-especializada-para-la-carrera-de-medicina\/#primaryimage"},"thumbnailUrl":"https:\/\/apuntesdesanluis.com\/wp-content\/uploads\/2025\/04\/RECTOR-MARCELO-SOSA-CON-ESTUDIANTES-DE-MEDICINA.png","datePublished":"2025-04-03T18:00:25+00:00","dateModified":"2025-04-03T19:55:21+00:00","breadcrumb":{"@id":"https:\/\/apuntesdesanluis.com\/index.php\/2025\/04\/03\/la-unvime-adquirio-bibliografia-especializada-para-la-carrera-de-medicina\/#breadcrumb"},"inLanguage":"es-AR","potentialAction":[{"@type":"ReadAction","target":["https:\/\/apuntesdesanluis.com\/index.php\/2025\/04\/03\/la-unvime-adquirio-bibliografia-especializada-para-la-carrera-de-medicina\/"]}]},{"@type":"ImageObject","inLanguage":"es-AR","@id":"https:\/\/apuntesdesanluis.com\/index.php\/2025\/04\/03\/la-unvime-adquirio-bibliografia-especializada-para-la-carrera-de-medicina\/#primaryimage","url":"https:\/\/apuntesdesanluis.com\/wp-content\/uploads\/2025\/04\/RECTOR-MARCELO-SOSA-CON-ESTUDIANTES-DE-MEDICINA.png","contentUrl":"https:\/\/apuntesdesanluis.com\/wp-content\/uploads\/2025\/04\/RECTOR-MARCELO-SOSA-CON-ESTUDIANTES-DE-MEDICINA.png","width":800,"height":452},{"@type":"BreadcrumbList","@id":"https:\/\/apuntesdesanluis.com\/index.php\/2025\/04\/03\/la-unvime-adquirio-bibliografia-especializada-para-la-carrera-de-medicina\/#breadcrumb","itemListElement":[{"@type":"ListItem","position":1,"name":"Inicio","item":"https:\/\/apuntesdesanluis.com\/"},{"@type":"ListItem","position":2,"name":"LA UNVIME ADQUIRI\u00d3 BIBLIOGRAF\u00cdA ESPECIALIZADA PARA LA CARRERA DE MEDICINA"}]},{"@type":"WebSite","@id":"https:\/\/apuntesdesanluis.com\/#website","url":"https:\/\/apuntesdesanluis.com\/","name":"Apuntes de San Luis","description":"","publisher":{"@id":"https:\/\/apuntesdesanluis.com\/#\/schema\/person\/b55151d52296fcce64d1a72538a70b90"},"potentialAction":[{"@type":"SearchAction","target":{"@type":"EntryPoint","urlTemplate":"https:\/\/apuntesdesanluis.com\/?s={search_term_string}"},"query-input":{"@type":"PropertyValueSpecification","valueRequired":true,"valueName":"search_term_string"}}],"inLanguage":"es-AR"},{"@type":["Person","Organization"],"@id":"https:\/\/apuntesdesanluis.com\/#\/schema\/person\/b55151d52296fcce64d1a72538a70b90","name":"apuntesdesanluis.com","image":{"@type":"ImageObject","inLanguage":"es-AR","@id":"https:\/\/apuntesdesanluis.com\/#\/schema\/person\/image\/","url":"https:\/\/apuntesdesanluis.com\/wp-content\/uploads\/2023\/07\/cropped-apuntesdesanluis.png","contentUrl":"https:\/\/apuntesdesanluis.com\/wp-content\/uploads\/2023\/07\/cropped-apuntesdesanluis.png","width":450,"height":112,"caption":"apuntesdesanluis.com"},"logo":{"@id":"https:\/\/apuntesdesanluis.com\/#\/schema\/person\/image\/"},"sameAs":["https:\/\/apuntesdesanluis.com"],"url":"https:\/\/apuntesdesanluis.com\/index.php\/author\/apuntesdesanluis-com\/"}]}},"featured_image_urls":{"full":["https:\/\/apuntesdesanluis.com\/wp-content\/uploads\/2025\/04\/RECTOR-MARCELO-SOSA-CON-ESTUDIANTES-DE-MEDICINA.png",800,452,false],"thumbnail":["https:\/\/apuntesdesanluis.com\/wp-content\/uploads\/2025\/04\/RECTOR-MARCELO-SOSA-CON-ESTUDIANTES-DE-MEDICINA-150x150.png",150,150,true],"medium":["https:\/\/apuntesdesanluis.com\/wp-content\/uploads\/2025\/04\/RECTOR-MARCELO-SOSA-CON-ESTUDIANTES-DE-MEDICINA-300x170.png",300,170,true],"medium_large":["https:\/\/apuntesdesanluis.com\/wp-content\/uploads\/2025\/04\/RECTOR-MARCELO-SOSA-CON-ESTUDIANTES-DE-MEDICINA-768x434.png",640,362,true],"large":["https:\/\/apuntesdesanluis.com\/wp-content\/uploads\/2025\/04\/RECTOR-MARCELO-SOSA-CON-ESTUDIANTES-DE-MEDICINA.png",640,362,false],"1536x1536":["https:\/\/apuntesdesanluis.com\/wp-content\/uploads\/2025\/04\/RECTOR-MARCELO-SOSA-CON-ESTUDIANTES-DE-MEDICINA.png",800,452,false],"2048x2048":["https:\/\/apuntesdesanluis.com\/wp-content\/uploads\/2025\/04\/RECTOR-MARCELO-SOSA-CON-ESTUDIANTES-DE-MEDICINA.png",800,452,false],"newsever-slider-full":["https:\/\/apuntesdesanluis.com\/wp-content\/uploads\/2025\/04\/RECTOR-MARCELO-SOSA-CON-ESTUDIANTES-DE-MEDICINA.png",800,452,false],"newsever-featured":["https:\/\/apuntesdesanluis.com\/wp-content\/uploads\/2025\/04\/RECTOR-MARCELO-SOSA-CON-ESTUDIANTES-DE-MEDICINA.png",800,452,false],"newsever-medium":["https:\/\/apuntesdesanluis.com\/wp-content\/uploads\/2025\/04\/RECTOR-MARCELO-SOSA-CON-ESTUDIANTES-DE-MEDICINA-720x452.png",720,452,true]},"author_info":{"display_name":"apuntesdesanluis.com","author_link":"https:\/\/apuntesdesanluis.com\/index.php\/author\/apuntesdesanluis-com\/"},"category_info":"<a href=\"https:\/\/apuntesdesanluis.com\/index.php\/category\/ciudad-provincia\/\" rel=\"category tag\">Ciudad\/Provincia<\/a>","tag_info":"Ciudad\/Provincia","comment_count":"0","_links":{"self":[{"href":"https:\/\/apuntesdesanluis.com\/index.php\/wp-json\/wp\/v2\/posts\/31179","targetHints":{"allow":["GET"]}}],"collection":[{"href":"https:\/\/apuntesdesanluis.com\/index.php\/wp-json\/wp\/v2\/posts"}],"about":[{"href":"https:\/\/apuntesdesanluis.com\/index.php\/wp-json\/wp\/v2\/types\/post"}],"author":[{"embeddable":true,"href":"https:\/\/apuntesdesanluis.com\/index.php\/wp-json\/wp\/v2\/users\/1"}],"replies":[{"embeddable":true,"href":"https:\/\/apuntesdesanluis.com\/index.php\/wp-json\/wp\/v2\/comments?post=31179"}],"version-history":[{"count":1,"href":"https:\/\/apuntesdesanluis.com\/index.php\/wp-json\/wp\/v2\/posts\/31179\/revisions"}],"predecessor-version":[{"id":31183,"href":"https:\/\/apuntesdesanluis.com\/index.php\/wp-json\/wp\/v2\/posts\/31179\/revisions\/31183"}],"wp:featuredmedia":[{"embeddable":true,"href":"https:\/\/apuntesdesanluis.com\/index.php\/wp-json\/wp\/v2\/media\/31180"}],"wp:attachment":[{"href":"https:\/\/apuntesdesanluis.com\/index.php\/wp-json\/wp\/v2\/media?parent=31179"}],"wp:term":[{"taxonomy":"category","embeddable":true,"href":"https:\/\/apuntesdesanluis.com\/index.php\/wp-json\/wp\/v2\/categories?post=31179"},{"taxonomy":"post_tag","embeddable":true,"href":"https:\/\/apuntesdesanluis.com\/index.php\/wp-json\/wp\/v2\/tags?post=31179"}],"curies":[{"name":"wp","href":"https:\/\/api.w.org\/{rel}","templated":true}]}}