{"id":31184,"date":"2025-04-03T16:12:19","date_gmt":"2025-04-03T19:12:19","guid":{"rendered":"https:\/\/apuntesdesanluis.com\/?p=31184"},"modified":"2025-04-03T17:16:26","modified_gmt":"2025-04-03T20:16:26","slug":"justo-daract-primer-dia-de-paro-y-movilizacion-de-trabajadores-sanitaristas","status":"publish","type":"post","link":"https:\/\/apuntesdesanluis.com\/index.php\/2025\/04\/03\/justo-daract-primer-dia-de-paro-y-movilizacion-de-trabajadores-sanitaristas\/","title":{"rendered":"JUSTO DARACT: PRIMER D\u00cdA DE PARO Y MOVILIZACI\u00d3N DE TRABAJADORES SANITARISTAS"},"content":{"rendered":"<h3>Este jueves se cumpli\u00f3 la primera jornada de paro que declararon los trabajadores de <strong>Obras Sanitarias de Justo Daract<\/strong>, en reclamo de la correcta liquidaci\u00f3n de sus haberes por parte del intendente <strong>Alfredo Dom\u00ednguez<\/strong>.<\/h3>\n<h3>\u201cLos trabajadores est\u00e1n cansados y angustiados por la falta de respuesta de la intendencia municipal, y la insensibilidad de Alfredo Dom\u00ednguez. Por eso hoy salimos a la calle junto a ellos, acompa\u00f1\u00e1ndolos en su justo reclamo\u201d, indic\u00f3 el Secretario General del Sindicato de Trabajadores de Obras Sanitarias, <strong>Jos\u00e9 Ucelay<\/strong>.<\/h3>\n<p><img fetchpriority=\"high\" decoding=\"async\" class=\"wp-image-31186 aligncenter\" src=\"https:\/\/apuntesdesanluis.com\/wp-content\/uploads\/2025\/04\/MOV.-OBRAS-SAN-296x300.png\" alt=\"\" width=\"547\" height=\"554\" srcset=\"https:\/\/apuntesdesanluis.com\/wp-content\/uploads\/2025\/04\/MOV.-OBRAS-SAN-296x300.png 296w, https:\/\/apuntesdesanluis.com\/wp-content\/uploads\/2025\/04\/MOV.-OBRAS-SAN.png 650w\" sizes=\"(max-width: 547px) 100vw, 547px\" \/><\/p>\n<h3>Record\u00f3 que el conflicto se inici\u00f3 en el a\u00f1o 2021, cuando el entonces intendente Dom\u00ednguez decidi\u00f3 en conjunto con el Concejo Deliberante de Justo Daract, sancionar una ordenanza dejando sin efecto el Convenio Colectivo de los trabajadores de Obras Sanitarias, y pasarlos al Estatuto del Empleado P\u00fablico provincial, con lo cual vulner\u00f3 sus derechos adquiridos.<\/h3>\n<h3>\u201cEl sindicato inici\u00f3 una acci\u00f3n judicial pasando por todas las instancias y el a\u00f1o pasado precisamente en el mes de agosto, en la \u00faltima apelaci\u00f3n judicial, el Superior Tribunal de Justicia dej\u00f3 sin efecto y declar\u00f3 inconstitucional la mencionada ordenanza, orden\u00e1ndole al municipio que vuelva a aplicar el convenio\u201d.<\/h3>\n<p><img decoding=\"async\" class=\"wp-image-31187 aligncenter\" src=\"https:\/\/apuntesdesanluis.com\/wp-content\/uploads\/2025\/04\/MOV.-OBRAS-SANITARIAS-300x147.png\" alt=\"\" width=\"557\" height=\"273\" srcset=\"https:\/\/apuntesdesanluis.com\/wp-content\/uploads\/2025\/04\/MOV.-OBRAS-SANITARIAS-300x147.png 300w, https:\/\/apuntesdesanluis.com\/wp-content\/uploads\/2025\/04\/MOV.-OBRAS-SANITARIAS-768x377.png 768w, https:\/\/apuntesdesanluis.com\/wp-content\/uploads\/2025\/04\/MOV.-OBRAS-SANITARIAS.png 770w\" sizes=\"(max-width: 557px) 100vw, 557px\" \/><\/p>\n<h3>Precis\u00f3 que \u201ccorrespond\u00eda que la intendencia volviera a liquidar los sueldos como lo hizo antes del 2021, con todos los \u00edtems que marca nuestro convenio, pero arbitrariamente lo hizo en forma parcial, omitiendo un mont\u00f3n de conceptos y perjudicando los ingresos de los trabajadores\u201d, enfatiz\u00f3.<\/h3>\n<h3>Luego de haber reclamado desde agosto del a\u00f1o pasado, sin una respuesta acorde,\u00a0el Sindicato de Trabajadores de Obras Sanitarias dispuso un paro con movilizaci\u00f3n para los jueves 3 y viernes 4 de abril, en el municipio de Justo Daract.<\/h3>\n<h3>La ruidosa protesta se cumpli\u00f3 en forma pac\u00edfica, los trabajadores portaron pancartas denunciando el atropello de la intendencia y recibieron la adhesi\u00f3n de automovilistas y vecinos, que se acercaron solidariamente en muestra de apoyo.<\/h3>\n<p><img decoding=\"async\" class=\"wp-image-31188 aligncenter\" src=\"https:\/\/apuntesdesanluis.com\/wp-content\/uploads\/2025\/04\/ATROPELLO-236x300.png\" alt=\"\" width=\"559\" height=\"711\" srcset=\"https:\/\/apuntesdesanluis.com\/wp-content\/uploads\/2025\/04\/ATROPELLO-236x300.png 236w, https:\/\/apuntesdesanluis.com\/wp-content\/uploads\/2025\/04\/ATROPELLO.png 499w\" sizes=\"(max-width: 559px) 100vw, 559px\" \/><\/p>\n<h3>&#8220;La adhesi\u00f3n de los compa\u00f1eros fue total. Los convocamos a juntarnos nuevamente ma\u00f1ana, para continuar con nuestra lucha, hasta que el intendente reflexione y se disponga a dialogar, en lugar de comportarse como patr\u00f3n de estancia&#8221;, concluy\u00f3 Ucelay.<\/h3>\n<p>&nbsp;<\/p>\n<p>&nbsp;<\/p>\n<p>&nbsp;<\/p>\n","protected":false},"excerpt":{"rendered":"<p>Este jueves se cumpli\u00f3 la primera jornada de paro que declararon los trabajadores de Obras&#8230;<\/p>\n","protected":false},"author":1,"featured_media":31185,"comment_status":"closed","ping_status":"closed","sticky":false,"template":"","format":"standard","meta":{"footnotes":""},"categories":[6],"tags":[],"class_list":["post-31184","post","type-post","status-publish","format-standard","has-post-thumbnail","hentry","category-ciudad-provincia"],"yoast_head":"<!-- This site is optimized with the Yoast SEO plugin v26.1.1 - https:\/\/yoast.com\/wordpress\/plugins\/seo\/ -->\n<title>JUSTO DARACT: PRIMER D\u00cdA DE PARO Y MOVILIZACI\u00d3N DE TRABAJADORES SANITARISTAS - Apuntes de San Luis<\/title>\n<meta name=\"robots\" content=\"index, follow, max-snippet:-1, max-image-preview:large, max-video-preview:-1\" \/>\n<link rel=\"canonical\" href=\"https:\/\/apuntesdesanluis.com\/index.php\/2025\/04\/03\/justo-daract-primer-dia-de-paro-y-movilizacion-de-trabajadores-sanitaristas\/\" \/>\n<meta property=\"og:locale\" content=\"es_ES\" \/>\n<meta property=\"og:type\" content=\"article\" \/>\n<meta property=\"og:title\" content=\"JUSTO DARACT: PRIMER D\u00cdA DE PARO Y MOVILIZACI\u00d3N DE TRABAJADORES SANITARISTAS - Apuntes de San Luis\" \/>\n<meta property=\"og:description\" content=\"Este jueves se cumpli\u00f3 la primera jornada de paro que declararon los trabajadores de Obras...\" \/>\n<meta property=\"og:url\" content=\"https:\/\/apuntesdesanluis.com\/index.php\/2025\/04\/03\/justo-daract-primer-dia-de-paro-y-movilizacion-de-trabajadores-sanitaristas\/\" \/>\n<meta property=\"og:site_name\" content=\"Apuntes de San Luis\" \/>\n<meta property=\"article:published_time\" content=\"2025-04-03T19:12:19+00:00\" \/>\n<meta property=\"article:modified_time\" content=\"2025-04-03T20:16:26+00:00\" \/>\n<meta property=\"og:image\" content=\"https:\/\/apuntesdesanluis.com\/wp-content\/uploads\/2025\/04\/MOV-OBRAS-SANITARIAS-1.png\" \/>\n\t<meta property=\"og:image:width\" content=\"696\" \/>\n\t<meta property=\"og:image:height\" content=\"423\" \/>\n\t<meta property=\"og:image:type\" content=\"image\/png\" \/>\n<meta name=\"author\" content=\"apuntesdesanluis.com\" \/>\n<meta name=\"twitter:card\" content=\"summary_large_image\" \/>\n<meta name=\"twitter:label1\" content=\"Escrito por\" \/>\n\t<meta name=\"twitter:data1\" content=\"apuntesdesanluis.com\" \/>\n\t<meta name=\"twitter:label2\" content=\"Tiempo de lectura\" \/>\n\t<meta name=\"twitter:data2\" content=\"3 minutos\" \/>\n<script type=\"application\/ld+json\" class=\"yoast-schema-graph\">{\"@context\":\"https:\/\/schema.org\",\"@graph\":[{\"@type\":\"Article\",\"@id\":\"https:\/\/apuntesdesanluis.com\/index.php\/2025\/04\/03\/justo-daract-primer-dia-de-paro-y-movilizacion-de-trabajadores-sanitaristas\/#article\",\"isPartOf\":{\"@id\":\"https:\/\/apuntesdesanluis.com\/index.php\/2025\/04\/03\/justo-daract-primer-dia-de-paro-y-movilizacion-de-trabajadores-sanitaristas\/\"},\"author\":{\"name\":\"apuntesdesanluis.com\",\"@id\":\"https:\/\/apuntesdesanluis.com\/#\/schema\/person\/b55151d52296fcce64d1a72538a70b90\"},\"headline\":\"JUSTO DARACT: PRIMER D\u00cdA DE PARO Y MOVILIZACI\u00d3N DE TRABAJADORES SANITARISTAS\",\"datePublished\":\"2025-04-03T19:12:19+00:00\",\"dateModified\":\"2025-04-03T20:16:26+00:00\",\"mainEntityOfPage\":{\"@id\":\"https:\/\/apuntesdesanluis.com\/index.php\/2025\/04\/03\/justo-daract-primer-dia-de-paro-y-movilizacion-de-trabajadores-sanitaristas\/\"},\"wordCount\":378,\"publisher\":{\"@id\":\"https:\/\/apuntesdesanluis.com\/#\/schema\/person\/b55151d52296fcce64d1a72538a70b90\"},\"image\":{\"@id\":\"https:\/\/apuntesdesanluis.com\/index.php\/2025\/04\/03\/justo-daract-primer-dia-de-paro-y-movilizacion-de-trabajadores-sanitaristas\/#primaryimage\"},\"thumbnailUrl\":\"https:\/\/apuntesdesanluis.com\/wp-content\/uploads\/2025\/04\/MOV-OBRAS-SANITARIAS-1.png\",\"articleSection\":[\"Ciudad\/Provincia\"],\"inLanguage\":\"es-AR\"},{\"@type\":\"WebPage\",\"@id\":\"https:\/\/apuntesdesanluis.com\/index.php\/2025\/04\/03\/justo-daract-primer-dia-de-paro-y-movilizacion-de-trabajadores-sanitaristas\/\",\"url\":\"https:\/\/apuntesdesanluis.com\/index.php\/2025\/04\/03\/justo-daract-primer-dia-de-paro-y-movilizacion-de-trabajadores-sanitaristas\/\",\"name\":\"JUSTO DARACT: PRIMER D\u00cdA DE PARO Y MOVILIZACI\u00d3N DE TRABAJADORES SANITARISTAS - Apuntes de San Luis\",\"isPartOf\":{\"@id\":\"https:\/\/apuntesdesanluis.com\/#website\"},\"primaryImageOfPage\":{\"@id\":\"https:\/\/apuntesdesanluis.com\/index.php\/2025\/04\/03\/justo-daract-primer-dia-de-paro-y-movilizacion-de-trabajadores-sanitaristas\/#primaryimage\"},\"image\":{\"@id\":\"https:\/\/apuntesdesanluis.com\/index.php\/2025\/04\/03\/justo-daract-primer-dia-de-paro-y-movilizacion-de-trabajadores-sanitaristas\/#primaryimage\"},\"thumbnailUrl\":\"https:\/\/apuntesdesanluis.com\/wp-content\/uploads\/2025\/04\/MOV-OBRAS-SANITARIAS-1.png\",\"datePublished\":\"2025-04-03T19:12:19+00:00\",\"dateModified\":\"2025-04-03T20:16:26+00:00\",\"breadcrumb\":{\"@id\":\"https:\/\/apuntesdesanluis.com\/index.php\/2025\/04\/03\/justo-daract-primer-dia-de-paro-y-movilizacion-de-trabajadores-sanitaristas\/#breadcrumb\"},\"inLanguage\":\"es-AR\",\"potentialAction\":[{\"@type\":\"ReadAction\",\"target\":[\"https:\/\/apuntesdesanluis.com\/index.php\/2025\/04\/03\/justo-daract-primer-dia-de-paro-y-movilizacion-de-trabajadores-sanitaristas\/\"]}]},{\"@type\":\"ImageObject\",\"inLanguage\":\"es-AR\",\"@id\":\"https:\/\/apuntesdesanluis.com\/index.php\/2025\/04\/03\/justo-daract-primer-dia-de-paro-y-movilizacion-de-trabajadores-sanitaristas\/#primaryimage\",\"url\":\"https:\/\/apuntesdesanluis.com\/wp-content\/uploads\/2025\/04\/MOV-OBRAS-SANITARIAS-1.png\",\"contentUrl\":\"https:\/\/apuntesdesanluis.com\/wp-content\/uploads\/2025\/04\/MOV-OBRAS-SANITARIAS-1.png\",\"width\":696,\"height\":423},{\"@type\":\"BreadcrumbList\",\"@id\":\"https:\/\/apuntesdesanluis.com\/index.php\/2025\/04\/03\/justo-daract-primer-dia-de-paro-y-movilizacion-de-trabajadores-sanitaristas\/#breadcrumb\",\"itemListElement\":[{\"@type\":\"ListItem\",\"position\":1,\"name\":\"Inicio\",\"item\":\"https:\/\/apuntesdesanluis.com\/\"},{\"@type\":\"ListItem\",\"position\":2,\"name\":\"JUSTO DARACT: PRIMER D\u00cdA DE PARO Y MOVILIZACI\u00d3N DE TRABAJADORES SANITARISTAS\"}]},{\"@type\":\"WebSite\",\"@id\":\"https:\/\/apuntesdesanluis.com\/#website\",\"url\":\"https:\/\/apuntesdesanluis.com\/\",\"name\":\"Apuntes de San Luis\",\"description\":\"\",\"publisher\":{\"@id\":\"https:\/\/apuntesdesanluis.com\/#\/schema\/person\/b55151d52296fcce64d1a72538a70b90\"},\"potentialAction\":[{\"@type\":\"SearchAction\",\"target\":{\"@type\":\"EntryPoint\",\"urlTemplate\":\"https:\/\/apuntesdesanluis.com\/?s={search_term_string}\"},\"query-input\":{\"@type\":\"PropertyValueSpecification\",\"valueRequired\":true,\"valueName\":\"search_term_string\"}}],\"inLanguage\":\"es-AR\"},{\"@type\":[\"Person\",\"Organization\"],\"@id\":\"https:\/\/apuntesdesanluis.com\/#\/schema\/person\/b55151d52296fcce64d1a72538a70b90\",\"name\":\"apuntesdesanluis.com\",\"image\":{\"@type\":\"ImageObject\",\"inLanguage\":\"es-AR\",\"@id\":\"https:\/\/apuntesdesanluis.com\/#\/schema\/person\/image\/\",\"url\":\"https:\/\/apuntesdesanluis.com\/wp-content\/uploads\/2023\/07\/cropped-apuntesdesanluis.png\",\"contentUrl\":\"https:\/\/apuntesdesanluis.com\/wp-content\/uploads\/2023\/07\/cropped-apuntesdesanluis.png\",\"width\":450,\"height\":112,\"caption\":\"apuntesdesanluis.com\"},\"logo\":{\"@id\":\"https:\/\/apuntesdesanluis.com\/#\/schema\/person\/image\/\"},\"sameAs\":[\"https:\/\/apuntesdesanluis.com\"],\"url\":\"https:\/\/apuntesdesanluis.com\/index.php\/author\/apuntesdesanluis-com\/\"}]}<\/script>\n<!-- \/ Yoast SEO plugin. -->","yoast_head_json":{"title":"JUSTO DARACT: PRIMER D\u00cdA DE PARO Y MOVILIZACI\u00d3N DE TRABAJADORES SANITARISTAS - Apuntes de San Luis","robots":{"index":"index","follow":"follow","max-snippet":"max-snippet:-1","max-image-preview":"max-image-preview:large","max-video-preview":"max-video-preview:-1"},"canonical":"https:\/\/apuntesdesanluis.com\/index.php\/2025\/04\/03\/justo-daract-primer-dia-de-paro-y-movilizacion-de-trabajadores-sanitaristas\/","og_locale":"es_ES","og_type":"article","og_title":"JUSTO DARACT: PRIMER D\u00cdA DE PARO Y MOVILIZACI\u00d3N DE TRABAJADORES SANITARISTAS - Apuntes de San Luis","og_description":"Este jueves se cumpli\u00f3 la primera jornada de paro que declararon los trabajadores de Obras...","og_url":"https:\/\/apuntesdesanluis.com\/index.php\/2025\/04\/03\/justo-daract-primer-dia-de-paro-y-movilizacion-de-trabajadores-sanitaristas\/","og_site_name":"Apuntes de San Luis","article_published_time":"2025-04-03T19:12:19+00:00","article_modified_time":"2025-04-03T20:16:26+00:00","og_image":[{"width":696,"height":423,"url":"https:\/\/apuntesdesanluis.com\/wp-content\/uploads\/2025\/04\/MOV-OBRAS-SANITARIAS-1.png","type":"image\/png"}],"author":"apuntesdesanluis.com","twitter_card":"summary_large_image","twitter_misc":{"Escrito por":"apuntesdesanluis.com","Tiempo de lectura":"3 minutos"},"schema":{"@context":"https:\/\/schema.org","@graph":[{"@type":"Article","@id":"https:\/\/apuntesdesanluis.com\/index.php\/2025\/04\/03\/justo-daract-primer-dia-de-paro-y-movilizacion-de-trabajadores-sanitaristas\/#article","isPartOf":{"@id":"https:\/\/apuntesdesanluis.com\/index.php\/2025\/04\/03\/justo-daract-primer-dia-de-paro-y-movilizacion-de-trabajadores-sanitaristas\/"},"author":{"name":"apuntesdesanluis.com","@id":"https:\/\/apuntesdesanluis.com\/#\/schema\/person\/b55151d52296fcce64d1a72538a70b90"},"headline":"JUSTO DARACT: PRIMER D\u00cdA DE PARO Y MOVILIZACI\u00d3N DE TRABAJADORES SANITARISTAS","datePublished":"2025-04-03T19:12:19+00:00","dateModified":"2025-04-03T20:16:26+00:00","mainEntityOfPage":{"@id":"https:\/\/apuntesdesanluis.com\/index.php\/2025\/04\/03\/justo-daract-primer-dia-de-paro-y-movilizacion-de-trabajadores-sanitaristas\/"},"wordCount":378,"publisher":{"@id":"https:\/\/apuntesdesanluis.com\/#\/schema\/person\/b55151d52296fcce64d1a72538a70b90"},"image":{"@id":"https:\/\/apuntesdesanluis.com\/index.php\/2025\/04\/03\/justo-daract-primer-dia-de-paro-y-movilizacion-de-trabajadores-sanitaristas\/#primaryimage"},"thumbnailUrl":"https:\/\/apuntesdesanluis.com\/wp-content\/uploads\/2025\/04\/MOV-OBRAS-SANITARIAS-1.png","articleSection":["Ciudad\/Provincia"],"inLanguage":"es-AR"},{"@type":"WebPage","@id":"https:\/\/apuntesdesanluis.com\/index.php\/2025\/04\/03\/justo-daract-primer-dia-de-paro-y-movilizacion-de-trabajadores-sanitaristas\/","url":"https:\/\/apuntesdesanluis.com\/index.php\/2025\/04\/03\/justo-daract-primer-dia-de-paro-y-movilizacion-de-trabajadores-sanitaristas\/","name":"JUSTO DARACT: PRIMER D\u00cdA DE PARO Y MOVILIZACI\u00d3N DE TRABAJADORES SANITARISTAS - Apuntes de San Luis","isPartOf":{"@id":"https:\/\/apuntesdesanluis.com\/#website"},"primaryImageOfPage":{"@id":"https:\/\/apuntesdesanluis.com\/index.php\/2025\/04\/03\/justo-daract-primer-dia-de-paro-y-movilizacion-de-trabajadores-sanitaristas\/#primaryimage"},"image":{"@id":"https:\/\/apuntesdesanluis.com\/index.php\/2025\/04\/03\/justo-daract-primer-dia-de-paro-y-movilizacion-de-trabajadores-sanitaristas\/#primaryimage"},"thumbnailUrl":"https:\/\/apuntesdesanluis.com\/wp-content\/uploads\/2025\/04\/MOV-OBRAS-SANITARIAS-1.png","datePublished":"2025-04-03T19:12:19+00:00","dateModified":"2025-04-03T20:16:26+00:00","breadcrumb":{"@id":"https:\/\/apuntesdesanluis.com\/index.php\/2025\/04\/03\/justo-daract-primer-dia-de-paro-y-movilizacion-de-trabajadores-sanitaristas\/#breadcrumb"},"inLanguage":"es-AR","potentialAction":[{"@type":"ReadAction","target":["https:\/\/apuntesdesanluis.com\/index.php\/2025\/04\/03\/justo-daract-primer-dia-de-paro-y-movilizacion-de-trabajadores-sanitaristas\/"]}]},{"@type":"ImageObject","inLanguage":"es-AR","@id":"https:\/\/apuntesdesanluis.com\/index.php\/2025\/04\/03\/justo-daract-primer-dia-de-paro-y-movilizacion-de-trabajadores-sanitaristas\/#primaryimage","url":"https:\/\/apuntesdesanluis.com\/wp-content\/uploads\/2025\/04\/MOV-OBRAS-SANITARIAS-1.png","contentUrl":"https:\/\/apuntesdesanluis.com\/wp-content\/uploads\/2025\/04\/MOV-OBRAS-SANITARIAS-1.png","width":696,"height":423},{"@type":"BreadcrumbList","@id":"https:\/\/apuntesdesanluis.com\/index.php\/2025\/04\/03\/justo-daract-primer-dia-de-paro-y-movilizacion-de-trabajadores-sanitaristas\/#breadcrumb","itemListElement":[{"@type":"ListItem","position":1,"name":"Inicio","item":"https:\/\/apuntesdesanluis.com\/"},{"@type":"ListItem","position":2,"name":"JUSTO DARACT: PRIMER D\u00cdA DE PARO Y MOVILIZACI\u00d3N DE TRABAJADORES SANITARISTAS"}]},{"@type":"WebSite","@id":"https:\/\/apuntesdesanluis.com\/#website","url":"https:\/\/apuntesdesanluis.com\/","name":"Apuntes de San Luis","description":"","publisher":{"@id":"https:\/\/apuntesdesanluis.com\/#\/schema\/person\/b55151d52296fcce64d1a72538a70b90"},"potentialAction":[{"@type":"SearchAction","target":{"@type":"EntryPoint","urlTemplate":"https:\/\/apuntesdesanluis.com\/?s={search_term_string}"},"query-input":{"@type":"PropertyValueSpecification","valueRequired":true,"valueName":"search_term_string"}}],"inLanguage":"es-AR"},{"@type":["Person","Organization"],"@id":"https:\/\/apuntesdesanluis.com\/#\/schema\/person\/b55151d52296fcce64d1a72538a70b90","name":"apuntesdesanluis.com","image":{"@type":"ImageObject","inLanguage":"es-AR","@id":"https:\/\/apuntesdesanluis.com\/#\/schema\/person\/image\/","url":"https:\/\/apuntesdesanluis.com\/wp-content\/uploads\/2023\/07\/cropped-apuntesdesanluis.png","contentUrl":"https:\/\/apuntesdesanluis.com\/wp-content\/uploads\/2023\/07\/cropped-apuntesdesanluis.png","width":450,"height":112,"caption":"apuntesdesanluis.com"},"logo":{"@id":"https:\/\/apuntesdesanluis.com\/#\/schema\/person\/image\/"},"sameAs":["https:\/\/apuntesdesanluis.com"],"url":"https:\/\/apuntesdesanluis.com\/index.php\/author\/apuntesdesanluis-com\/"}]}},"featured_image_urls":{"full":["https:\/\/apuntesdesanluis.com\/wp-content\/uploads\/2025\/04\/MOV-OBRAS-SANITARIAS-1.png",696,423,false],"thumbnail":["https:\/\/apuntesdesanluis.com\/wp-content\/uploads\/2025\/04\/MOV-OBRAS-SANITARIAS-1-150x150.png",150,150,true],"medium":["https:\/\/apuntesdesanluis.com\/wp-content\/uploads\/2025\/04\/MOV-OBRAS-SANITARIAS-1-300x182.png",300,182,true],"medium_large":["https:\/\/apuntesdesanluis.com\/wp-content\/uploads\/2025\/04\/MOV-OBRAS-SANITARIAS-1.png",640,389,false],"large":["https:\/\/apuntesdesanluis.com\/wp-content\/uploads\/2025\/04\/MOV-OBRAS-SANITARIAS-1.png",640,389,false],"1536x1536":["https:\/\/apuntesdesanluis.com\/wp-content\/uploads\/2025\/04\/MOV-OBRAS-SANITARIAS-1.png",696,423,false],"2048x2048":["https:\/\/apuntesdesanluis.com\/wp-content\/uploads\/2025\/04\/MOV-OBRAS-SANITARIAS-1.png",696,423,false],"newsever-slider-full":["https:\/\/apuntesdesanluis.com\/wp-content\/uploads\/2025\/04\/MOV-OBRAS-SANITARIAS-1.png",696,423,false],"newsever-featured":["https:\/\/apuntesdesanluis.com\/wp-content\/uploads\/2025\/04\/MOV-OBRAS-SANITARIAS-1.png",696,423,false],"newsever-medium":["https:\/\/apuntesdesanluis.com\/wp-content\/uploads\/2025\/04\/MOV-OBRAS-SANITARIAS-1.png",696,423,false]},"author_info":{"display_name":"apuntesdesanluis.com","author_link":"https:\/\/apuntesdesanluis.com\/index.php\/author\/apuntesdesanluis-com\/"},"category_info":"<a href=\"https:\/\/apuntesdesanluis.com\/index.php\/category\/ciudad-provincia\/\" rel=\"category tag\">Ciudad\/Provincia<\/a>","tag_info":"Ciudad\/Provincia","comment_count":"0","_links":{"self":[{"href":"https:\/\/apuntesdesanluis.com\/index.php\/wp-json\/wp\/v2\/posts\/31184","targetHints":{"allow":["GET"]}}],"collection":[{"href":"https:\/\/apuntesdesanluis.com\/index.php\/wp-json\/wp\/v2\/posts"}],"about":[{"href":"https:\/\/apuntesdesanluis.com\/index.php\/wp-json\/wp\/v2\/types\/post"}],"author":[{"embeddable":true,"href":"https:\/\/apuntesdesanluis.com\/index.php\/wp-json\/wp\/v2\/users\/1"}],"replies":[{"embeddable":true,"href":"https:\/\/apuntesdesanluis.com\/index.php\/wp-json\/wp\/v2\/comments?post=31184"}],"version-history":[{"count":1,"href":"https:\/\/apuntesdesanluis.com\/index.php\/wp-json\/wp\/v2\/posts\/31184\/revisions"}],"predecessor-version":[{"id":31189,"href":"https:\/\/apuntesdesanluis.com\/index.php\/wp-json\/wp\/v2\/posts\/31184\/revisions\/31189"}],"wp:featuredmedia":[{"embeddable":true,"href":"https:\/\/apuntesdesanluis.com\/index.php\/wp-json\/wp\/v2\/media\/31185"}],"wp:attachment":[{"href":"https:\/\/apuntesdesanluis.com\/index.php\/wp-json\/wp\/v2\/media?parent=31184"}],"wp:term":[{"taxonomy":"category","embeddable":true,"href":"https:\/\/apuntesdesanluis.com\/index.php\/wp-json\/wp\/v2\/categories?post=31184"},{"taxonomy":"post_tag","embeddable":true,"href":"https:\/\/apuntesdesanluis.com\/index.php\/wp-json\/wp\/v2\/tags?post=31184"}],"curies":[{"name":"wp","href":"https:\/\/api.w.org\/{rel}","templated":true}]}}