{"id":31205,"date":"2025-04-04T19:35:42","date_gmt":"2025-04-04T22:35:42","guid":{"rendered":"https:\/\/apuntesdesanluis.com\/?p=31205"},"modified":"2025-04-04T19:35:42","modified_gmt":"2025-04-04T22:35:42","slug":"rectores-de-todo-el-pais-formularon-una-enfatica-defensa-de-la-universidad-publica-y-la-ciencia-nacional","status":"publish","type":"post","link":"https:\/\/apuntesdesanluis.com\/index.php\/2025\/04\/04\/rectores-de-todo-el-pais-formularon-una-enfatica-defensa-de-la-universidad-publica-y-la-ciencia-nacional\/","title":{"rendered":"RECTORES DE TODO EL PA\u00cdS FORMULARON UNA ENF\u00c1TICA DEFENSA DE LA UNIVERSIDAD P\u00daBLICA Y LA CIENCIA NACIONAL"},"content":{"rendered":"<h3>Este viernes se realiz\u00f3 en San Luis el <strong>93\u00b0 Plenario del Consejo Interuniversitario Nacional<\/strong>, donde tambi\u00e9n se ratific\u00f3 el compromiso por la causa Malvinas y se renov\u00f3 autoridades. El rector <strong>Oscar Alpa<\/strong> (UNLP) es el nuevo presidente del CIN, acompa\u00f1ado por el Lic. <strong>Franco Bartolacci<\/strong> (UNR) como vice.<\/h3>\n<h3>La actividad se desarroll\u00f3 en el Sal\u00f3n Malvinas Argentinas de Terrazas del Portezuelo y la apertura estuvo a cargo del rector anfitri\u00f3n y presidente saliente del CIN, <strong>V\u00edctor Mori\u00f1igo<\/strong>, quien luego de dar la bienvenida, cedi\u00f3 la palabra al gobernador de la provincia, <strong>Claudio Poggi<\/strong>.<\/h3>\n<p><img fetchpriority=\"high\" decoding=\"async\" class=\"wp-image-31209 aligncenter\" src=\"https:\/\/apuntesdesanluis.com\/wp-content\/uploads\/2025\/04\/gobernador-300x178.jpg\" alt=\"\" width=\"608\" height=\"361\" srcset=\"https:\/\/apuntesdesanluis.com\/wp-content\/uploads\/2025\/04\/gobernador-300x178.jpg 300w, https:\/\/apuntesdesanluis.com\/wp-content\/uploads\/2025\/04\/gobernador-1024x607.jpg 1024w, https:\/\/apuntesdesanluis.com\/wp-content\/uploads\/2025\/04\/gobernador-768x456.jpg 768w, https:\/\/apuntesdesanluis.com\/wp-content\/uploads\/2025\/04\/gobernador-1536x911.jpg 1536w, https:\/\/apuntesdesanluis.com\/wp-content\/uploads\/2025\/04\/gobernador.jpg 1600w\" sizes=\"(max-width: 608px) 100vw, 608px\" \/><\/p>\n<h3>En la ocasi\u00f3n, el Primer Mandatario reafirm\u00f3 el compromiso con la educaci\u00f3n en general y con la superior en particular, y coment\u00f3 a las autoridades universitarias sobre las acciones desarrolladas a trav\u00e9s de la Comisi\u00f3n Provincial de Articulaci\u00f3n con el Nivel Superior (CoProANS), de la que forma parte la UNViMe junto con UNSL, UNLC, UPrO, ULP, universidades privadas e institutos de educaci\u00f3n superior de la provincia.<\/h3>\n<p><img decoding=\"async\" class=\"wp-image-31208 aligncenter\" src=\"https:\/\/apuntesdesanluis.com\/wp-content\/uploads\/2025\/04\/morinigo-300x148.jpg\" alt=\"\" width=\"608\" height=\"300\" srcset=\"https:\/\/apuntesdesanluis.com\/wp-content\/uploads\/2025\/04\/morinigo-300x148.jpg 300w, https:\/\/apuntesdesanluis.com\/wp-content\/uploads\/2025\/04\/morinigo-768x380.jpg 768w, https:\/\/apuntesdesanluis.com\/wp-content\/uploads\/2025\/04\/morinigo.jpg 916w\" sizes=\"(max-width: 608px) 100vw, 608px\" \/><\/p>\n<h3>Al emitir su informe como presidente saliente, el rector Mori\u00f1igo destac\u00f3 que el a\u00f1o 2024 ha sido un a\u00f1o de resistencia de las universidades argentinas. \u00abEstoy convencido que dir\u00e1 tambi\u00e9n la historia que la Universidad P\u00fablica, a pesar de todo lo que pas\u00f3, ha seguido abierta y funcionando\u00bb.<\/h3>\n<h3>En esta l\u00ednea, acentu\u00f3 que ese a\u00f1o fue una prueba de fuego para la unidad del sistema y eso ser\u00e1 la llave de sostenibilidad de la universidad argentina. \u00abFue el a\u00f1o de la fundaci\u00f3n de una unidad que est\u00e1 llamada a no romperse, que es la unidad entre el frente gremial, la Federaci\u00f3n Universitaria Argentina de estudiantes y el Consejo de Rectores de las Universidades Argentinas\u00bb, dijo.<\/h3>\n<p><img decoding=\"async\" class=\"wp-image-31210 aligncenter\" src=\"https:\/\/apuntesdesanluis.com\/wp-content\/uploads\/2025\/04\/rector-sosa-300x187.jpg\" alt=\"\" width=\"614\" height=\"383\" srcset=\"https:\/\/apuntesdesanluis.com\/wp-content\/uploads\/2025\/04\/rector-sosa-300x187.jpg 300w, https:\/\/apuntesdesanluis.com\/wp-content\/uploads\/2025\/04\/rector-sosa-1024x639.jpg 1024w, https:\/\/apuntesdesanluis.com\/wp-content\/uploads\/2025\/04\/rector-sosa-768x479.jpg 768w, https:\/\/apuntesdesanluis.com\/wp-content\/uploads\/2025\/04\/rector-sosa-1536x958.jpg 1536w, https:\/\/apuntesdesanluis.com\/wp-content\/uploads\/2025\/04\/rector-sosa.jpg 1600w\" sizes=\"(max-width: 614px) 100vw, 614px\" \/><\/p>\n<h3>El plenario denunci\u00f3 \u201clas condiciones precarias a las que fue sometido el sistema universitario y cient\u00edfico nacional a lo largo del 2024 y que se profundizaron en los primeros meses de este nuevo a\u00f1o\u201d. Asimismo, solicit\u00f3 al gobierno nacional una \u201crecomposici\u00f3n del presupuesto de gastos de funcionamiento, la transferencia de fondos previstos en el presupuesto reconducido para programas espec\u00edficos, la actualizaci\u00f3n de las becas estudiantiles, la reactivaci\u00f3n de la inversi\u00f3n en infraestructura y equipamiento, la reapertura del \u00e1mbito paritario nacional y una propuesta salarial razonable y consensuada en ese espacio\u201d.<\/h3>\n<h3>En su pronunciamiento, el CIN se\u00f1al\u00f3: \u201cCreemos que lo que nos salva y nos hace libres es la educaci\u00f3n. A 40 a\u00f1os de la creaci\u00f3n del Consejo Interuniversitario Nacional (CIN), ratificamos nuestro inclaudicable compromiso en defensa de la universidad p\u00fablica y la ciencia nacional\u201d. (<a href=\"https:\/\/www.cin.edu.ar\/la-universidad-publica-y-la-ciencia-en-crisis-profunda\/\" target=\"_blank\" rel=\"noopener\"><span style=\"color: #3366ff;\"><strong>Declaraci\u00f3n<\/strong><\/span><\/a>)<\/h3>\n<h3>Tras el tratamiento de los diferentes puntos previstos en el temario aprobado este jueves por el Comit\u00e9 Ejecutivo, se procedi\u00f3 a la renovaci\u00f3n de las autoridades del cuerpo, siendo aprobados por unanimidad los nombramientos del Esp. Oscar Alpa, rector de la Universidad Nacional de La Pampa, como nuevo presidente, y del Lic. Franco Bartolacci, de la Universidad Nacional de Rosario, en la vicepresidencia. Asimismo, quedaron conformadas las <span style=\"color: #3366ff;\"><a style=\"color: #3366ff;\" href=\"https:\/\/www.cin.edu.ar\/comisiones\/\" target=\"_blank\" rel=\"noopener\"><strong>comisiones de trabajo del CIN<\/strong><\/a><\/span>, entre las que se distribuye el estudio de los temas que les asigna el Comit\u00e9 Ejecutivo y la dependencia de las redes interuniversitarias.<\/h3>\n<p><img loading=\"lazy\" decoding=\"async\" class=\"wp-image-31211 aligncenter\" src=\"https:\/\/apuntesdesanluis.com\/wp-content\/uploads\/2025\/04\/alpa-300x215.jpg\" alt=\"\" width=\"652\" height=\"467\" srcset=\"https:\/\/apuntesdesanluis.com\/wp-content\/uploads\/2025\/04\/alpa-300x215.jpg 300w, https:\/\/apuntesdesanluis.com\/wp-content\/uploads\/2025\/04\/alpa-1024x734.jpg 1024w, https:\/\/apuntesdesanluis.com\/wp-content\/uploads\/2025\/04\/alpa-768x551.jpg 768w, https:\/\/apuntesdesanluis.com\/wp-content\/uploads\/2025\/04\/alpa-1536x1101.jpg 1536w, https:\/\/apuntesdesanluis.com\/wp-content\/uploads\/2025\/04\/alpa.jpg 1600w\" sizes=\"(max-width: 652px) 100vw, 652px\" \/><\/p>\n<h4 style=\"text-align: center;\"><em>Oscar Alpa, nuevo presidente del CIN, con el saliente V\u00edctor Mori\u00f1igo.<\/em><\/h4>\n<h3>Adem\u00e1s, en el marco de las conmemoraciones por un nuevo Aniversario de la Gesta de Malvinas, el pasado 2 de abril, el Consejo Interuniversitario Nacional reunido en la provincia de San Luis se expres\u00f3 a trav\u00e9s de un <a href=\"https:\/\/www.cin.edu.ar\/las-malvinas-son-argentinas-declaracion-del-plenario-del-cin\/\" target=\"_blank\" rel=\"noopener\"><strong><span style=\"color: #3366ff;\">Comunicado<\/span><\/strong><\/a>.<\/h3>\n<p>&nbsp;<\/p>\n<p>&nbsp;<\/p>\n<p>&nbsp;<\/p>\n","protected":false},"excerpt":{"rendered":"<p>Este viernes se realiz\u00f3 en San Luis el 93\u00b0 Plenario del Consejo Interuniversitario Nacional, donde&#8230;<\/p>\n","protected":false},"author":1,"featured_media":31206,"comment_status":"closed","ping_status":"closed","sticky":false,"template":"","format":"standard","meta":{"footnotes":""},"categories":[5],"tags":[],"class_list":["post-31205","post","type-post","status-publish","format-standard","has-post-thumbnail","hentry","category-nacionales-internacionales"],"yoast_head":"<!-- This site is optimized with the Yoast SEO plugin v26.1.1 - https:\/\/yoast.com\/wordpress\/plugins\/seo\/ -->\n<title>RECTORES DE TODO EL PA\u00cdS FORMULARON UNA ENF\u00c1TICA DEFENSA DE LA UNIVERSIDAD P\u00daBLICA Y LA CIENCIA NACIONAL - Apuntes de San Luis<\/title>\n<meta name=\"robots\" content=\"index, follow, max-snippet:-1, max-image-preview:large, max-video-preview:-1\" \/>\n<link rel=\"canonical\" href=\"https:\/\/apuntesdesanluis.com\/index.php\/2025\/04\/04\/rectores-de-todo-el-pais-formularon-una-enfatica-defensa-de-la-universidad-publica-y-la-ciencia-nacional\/\" \/>\n<meta property=\"og:locale\" content=\"es_ES\" \/>\n<meta property=\"og:type\" content=\"article\" \/>\n<meta property=\"og:title\" content=\"RECTORES DE TODO EL PA\u00cdS FORMULARON UNA ENF\u00c1TICA DEFENSA DE LA UNIVERSIDAD P\u00daBLICA Y LA CIENCIA NACIONAL - Apuntes de San Luis\" \/>\n<meta property=\"og:description\" content=\"Este viernes se realiz\u00f3 en San Luis el 93\u00b0 Plenario del Consejo Interuniversitario Nacional, donde...\" \/>\n<meta property=\"og:url\" content=\"https:\/\/apuntesdesanluis.com\/index.php\/2025\/04\/04\/rectores-de-todo-el-pais-formularon-una-enfatica-defensa-de-la-universidad-publica-y-la-ciencia-nacional\/\" \/>\n<meta property=\"og:site_name\" content=\"Apuntes de San Luis\" \/>\n<meta property=\"article:published_time\" content=\"2025-04-04T22:35:42+00:00\" \/>\n<meta property=\"og:image\" content=\"https:\/\/apuntesdesanluis.com\/wp-content\/uploads\/2025\/04\/rectores-93-plenario.png\" \/>\n\t<meta property=\"og:image:width\" content=\"800\" \/>\n\t<meta property=\"og:image:height\" content=\"434\" \/>\n\t<meta property=\"og:image:type\" content=\"image\/png\" \/>\n<meta name=\"author\" content=\"apuntesdesanluis.com\" \/>\n<meta name=\"twitter:card\" content=\"summary_large_image\" \/>\n<meta name=\"twitter:label1\" content=\"Escrito por\" \/>\n\t<meta name=\"twitter:data1\" content=\"apuntesdesanluis.com\" \/>\n\t<meta name=\"twitter:label2\" content=\"Tiempo de lectura\" \/>\n\t<meta name=\"twitter:data2\" content=\"4 minutos\" \/>\n<script type=\"application\/ld+json\" class=\"yoast-schema-graph\">{\"@context\":\"https:\/\/schema.org\",\"@graph\":[{\"@type\":\"Article\",\"@id\":\"https:\/\/apuntesdesanluis.com\/index.php\/2025\/04\/04\/rectores-de-todo-el-pais-formularon-una-enfatica-defensa-de-la-universidad-publica-y-la-ciencia-nacional\/#article\",\"isPartOf\":{\"@id\":\"https:\/\/apuntesdesanluis.com\/index.php\/2025\/04\/04\/rectores-de-todo-el-pais-formularon-una-enfatica-defensa-de-la-universidad-publica-y-la-ciencia-nacional\/\"},\"author\":{\"name\":\"apuntesdesanluis.com\",\"@id\":\"https:\/\/apuntesdesanluis.com\/#\/schema\/person\/b55151d52296fcce64d1a72538a70b90\"},\"headline\":\"RECTORES DE TODO EL PA\u00cdS FORMULARON UNA ENF\u00c1TICA DEFENSA DE LA UNIVERSIDAD P\u00daBLICA Y LA CIENCIA NACIONAL\",\"datePublished\":\"2025-04-04T22:35:42+00:00\",\"mainEntityOfPage\":{\"@id\":\"https:\/\/apuntesdesanluis.com\/index.php\/2025\/04\/04\/rectores-de-todo-el-pais-formularon-una-enfatica-defensa-de-la-universidad-publica-y-la-ciencia-nacional\/\"},\"wordCount\":612,\"publisher\":{\"@id\":\"https:\/\/apuntesdesanluis.com\/#\/schema\/person\/b55151d52296fcce64d1a72538a70b90\"},\"image\":{\"@id\":\"https:\/\/apuntesdesanluis.com\/index.php\/2025\/04\/04\/rectores-de-todo-el-pais-formularon-una-enfatica-defensa-de-la-universidad-publica-y-la-ciencia-nacional\/#primaryimage\"},\"thumbnailUrl\":\"https:\/\/apuntesdesanluis.com\/wp-content\/uploads\/2025\/04\/rectores-93-plenario.png\",\"articleSection\":[\"Nacionales\/Internacionales\"],\"inLanguage\":\"es-AR\"},{\"@type\":\"WebPage\",\"@id\":\"https:\/\/apuntesdesanluis.com\/index.php\/2025\/04\/04\/rectores-de-todo-el-pais-formularon-una-enfatica-defensa-de-la-universidad-publica-y-la-ciencia-nacional\/\",\"url\":\"https:\/\/apuntesdesanluis.com\/index.php\/2025\/04\/04\/rectores-de-todo-el-pais-formularon-una-enfatica-defensa-de-la-universidad-publica-y-la-ciencia-nacional\/\",\"name\":\"RECTORES DE TODO EL PA\u00cdS FORMULARON UNA ENF\u00c1TICA DEFENSA DE LA UNIVERSIDAD P\u00daBLICA Y LA CIENCIA NACIONAL - Apuntes de San Luis\",\"isPartOf\":{\"@id\":\"https:\/\/apuntesdesanluis.com\/#website\"},\"primaryImageOfPage\":{\"@id\":\"https:\/\/apuntesdesanluis.com\/index.php\/2025\/04\/04\/rectores-de-todo-el-pais-formularon-una-enfatica-defensa-de-la-universidad-publica-y-la-ciencia-nacional\/#primaryimage\"},\"image\":{\"@id\":\"https:\/\/apuntesdesanluis.com\/index.php\/2025\/04\/04\/rectores-de-todo-el-pais-formularon-una-enfatica-defensa-de-la-universidad-publica-y-la-ciencia-nacional\/#primaryimage\"},\"thumbnailUrl\":\"https:\/\/apuntesdesanluis.com\/wp-content\/uploads\/2025\/04\/rectores-93-plenario.png\",\"datePublished\":\"2025-04-04T22:35:42+00:00\",\"breadcrumb\":{\"@id\":\"https:\/\/apuntesdesanluis.com\/index.php\/2025\/04\/04\/rectores-de-todo-el-pais-formularon-una-enfatica-defensa-de-la-universidad-publica-y-la-ciencia-nacional\/#breadcrumb\"},\"inLanguage\":\"es-AR\",\"potentialAction\":[{\"@type\":\"ReadAction\",\"target\":[\"https:\/\/apuntesdesanluis.com\/index.php\/2025\/04\/04\/rectores-de-todo-el-pais-formularon-una-enfatica-defensa-de-la-universidad-publica-y-la-ciencia-nacional\/\"]}]},{\"@type\":\"ImageObject\",\"inLanguage\":\"es-AR\",\"@id\":\"https:\/\/apuntesdesanluis.com\/index.php\/2025\/04\/04\/rectores-de-todo-el-pais-formularon-una-enfatica-defensa-de-la-universidad-publica-y-la-ciencia-nacional\/#primaryimage\",\"url\":\"https:\/\/apuntesdesanluis.com\/wp-content\/uploads\/2025\/04\/rectores-93-plenario.png\",\"contentUrl\":\"https:\/\/apuntesdesanluis.com\/wp-content\/uploads\/2025\/04\/rectores-93-plenario.png\",\"width\":800,\"height\":434},{\"@type\":\"BreadcrumbList\",\"@id\":\"https:\/\/apuntesdesanluis.com\/index.php\/2025\/04\/04\/rectores-de-todo-el-pais-formularon-una-enfatica-defensa-de-la-universidad-publica-y-la-ciencia-nacional\/#breadcrumb\",\"itemListElement\":[{\"@type\":\"ListItem\",\"position\":1,\"name\":\"Inicio\",\"item\":\"https:\/\/apuntesdesanluis.com\/\"},{\"@type\":\"ListItem\",\"position\":2,\"name\":\"RECTORES DE TODO EL PA\u00cdS FORMULARON UNA ENF\u00c1TICA DEFENSA DE LA UNIVERSIDAD P\u00daBLICA Y LA CIENCIA NACIONAL\"}]},{\"@type\":\"WebSite\",\"@id\":\"https:\/\/apuntesdesanluis.com\/#website\",\"url\":\"https:\/\/apuntesdesanluis.com\/\",\"name\":\"Apuntes de San Luis\",\"description\":\"\",\"publisher\":{\"@id\":\"https:\/\/apuntesdesanluis.com\/#\/schema\/person\/b55151d52296fcce64d1a72538a70b90\"},\"potentialAction\":[{\"@type\":\"SearchAction\",\"target\":{\"@type\":\"EntryPoint\",\"urlTemplate\":\"https:\/\/apuntesdesanluis.com\/?s={search_term_string}\"},\"query-input\":{\"@type\":\"PropertyValueSpecification\",\"valueRequired\":true,\"valueName\":\"search_term_string\"}}],\"inLanguage\":\"es-AR\"},{\"@type\":[\"Person\",\"Organization\"],\"@id\":\"https:\/\/apuntesdesanluis.com\/#\/schema\/person\/b55151d52296fcce64d1a72538a70b90\",\"name\":\"apuntesdesanluis.com\",\"image\":{\"@type\":\"ImageObject\",\"inLanguage\":\"es-AR\",\"@id\":\"https:\/\/apuntesdesanluis.com\/#\/schema\/person\/image\/\",\"url\":\"https:\/\/apuntesdesanluis.com\/wp-content\/uploads\/2023\/07\/cropped-apuntesdesanluis.png\",\"contentUrl\":\"https:\/\/apuntesdesanluis.com\/wp-content\/uploads\/2023\/07\/cropped-apuntesdesanluis.png\",\"width\":450,\"height\":112,\"caption\":\"apuntesdesanluis.com\"},\"logo\":{\"@id\":\"https:\/\/apuntesdesanluis.com\/#\/schema\/person\/image\/\"},\"sameAs\":[\"https:\/\/apuntesdesanluis.com\"],\"url\":\"https:\/\/apuntesdesanluis.com\/index.php\/author\/apuntesdesanluis-com\/\"}]}<\/script>\n<!-- \/ Yoast SEO plugin. -->","yoast_head_json":{"title":"RECTORES DE TODO EL PA\u00cdS FORMULARON UNA ENF\u00c1TICA DEFENSA DE LA UNIVERSIDAD P\u00daBLICA Y LA CIENCIA NACIONAL - Apuntes de San Luis","robots":{"index":"index","follow":"follow","max-snippet":"max-snippet:-1","max-image-preview":"max-image-preview:large","max-video-preview":"max-video-preview:-1"},"canonical":"https:\/\/apuntesdesanluis.com\/index.php\/2025\/04\/04\/rectores-de-todo-el-pais-formularon-una-enfatica-defensa-de-la-universidad-publica-y-la-ciencia-nacional\/","og_locale":"es_ES","og_type":"article","og_title":"RECTORES DE TODO EL PA\u00cdS FORMULARON UNA ENF\u00c1TICA DEFENSA DE LA UNIVERSIDAD P\u00daBLICA Y LA CIENCIA NACIONAL - Apuntes de San Luis","og_description":"Este viernes se realiz\u00f3 en San Luis el 93\u00b0 Plenario del Consejo Interuniversitario Nacional, donde...","og_url":"https:\/\/apuntesdesanluis.com\/index.php\/2025\/04\/04\/rectores-de-todo-el-pais-formularon-una-enfatica-defensa-de-la-universidad-publica-y-la-ciencia-nacional\/","og_site_name":"Apuntes de San Luis","article_published_time":"2025-04-04T22:35:42+00:00","og_image":[{"width":800,"height":434,"url":"https:\/\/apuntesdesanluis.com\/wp-content\/uploads\/2025\/04\/rectores-93-plenario.png","type":"image\/png"}],"author":"apuntesdesanluis.com","twitter_card":"summary_large_image","twitter_misc":{"Escrito por":"apuntesdesanluis.com","Tiempo de lectura":"4 minutos"},"schema":{"@context":"https:\/\/schema.org","@graph":[{"@type":"Article","@id":"https:\/\/apuntesdesanluis.com\/index.php\/2025\/04\/04\/rectores-de-todo-el-pais-formularon-una-enfatica-defensa-de-la-universidad-publica-y-la-ciencia-nacional\/#article","isPartOf":{"@id":"https:\/\/apuntesdesanluis.com\/index.php\/2025\/04\/04\/rectores-de-todo-el-pais-formularon-una-enfatica-defensa-de-la-universidad-publica-y-la-ciencia-nacional\/"},"author":{"name":"apuntesdesanluis.com","@id":"https:\/\/apuntesdesanluis.com\/#\/schema\/person\/b55151d52296fcce64d1a72538a70b90"},"headline":"RECTORES DE TODO EL PA\u00cdS FORMULARON UNA ENF\u00c1TICA DEFENSA DE LA UNIVERSIDAD P\u00daBLICA Y LA CIENCIA NACIONAL","datePublished":"2025-04-04T22:35:42+00:00","mainEntityOfPage":{"@id":"https:\/\/apuntesdesanluis.com\/index.php\/2025\/04\/04\/rectores-de-todo-el-pais-formularon-una-enfatica-defensa-de-la-universidad-publica-y-la-ciencia-nacional\/"},"wordCount":612,"publisher":{"@id":"https:\/\/apuntesdesanluis.com\/#\/schema\/person\/b55151d52296fcce64d1a72538a70b90"},"image":{"@id":"https:\/\/apuntesdesanluis.com\/index.php\/2025\/04\/04\/rectores-de-todo-el-pais-formularon-una-enfatica-defensa-de-la-universidad-publica-y-la-ciencia-nacional\/#primaryimage"},"thumbnailUrl":"https:\/\/apuntesdesanluis.com\/wp-content\/uploads\/2025\/04\/rectores-93-plenario.png","articleSection":["Nacionales\/Internacionales"],"inLanguage":"es-AR"},{"@type":"WebPage","@id":"https:\/\/apuntesdesanluis.com\/index.php\/2025\/04\/04\/rectores-de-todo-el-pais-formularon-una-enfatica-defensa-de-la-universidad-publica-y-la-ciencia-nacional\/","url":"https:\/\/apuntesdesanluis.com\/index.php\/2025\/04\/04\/rectores-de-todo-el-pais-formularon-una-enfatica-defensa-de-la-universidad-publica-y-la-ciencia-nacional\/","name":"RECTORES DE TODO EL PA\u00cdS FORMULARON UNA ENF\u00c1TICA DEFENSA DE LA UNIVERSIDAD P\u00daBLICA Y LA CIENCIA NACIONAL - Apuntes de San Luis","isPartOf":{"@id":"https:\/\/apuntesdesanluis.com\/#website"},"primaryImageOfPage":{"@id":"https:\/\/apuntesdesanluis.com\/index.php\/2025\/04\/04\/rectores-de-todo-el-pais-formularon-una-enfatica-defensa-de-la-universidad-publica-y-la-ciencia-nacional\/#primaryimage"},"image":{"@id":"https:\/\/apuntesdesanluis.com\/index.php\/2025\/04\/04\/rectores-de-todo-el-pais-formularon-una-enfatica-defensa-de-la-universidad-publica-y-la-ciencia-nacional\/#primaryimage"},"thumbnailUrl":"https:\/\/apuntesdesanluis.com\/wp-content\/uploads\/2025\/04\/rectores-93-plenario.png","datePublished":"2025-04-04T22:35:42+00:00","breadcrumb":{"@id":"https:\/\/apuntesdesanluis.com\/index.php\/2025\/04\/04\/rectores-de-todo-el-pais-formularon-una-enfatica-defensa-de-la-universidad-publica-y-la-ciencia-nacional\/#breadcrumb"},"inLanguage":"es-AR","potentialAction":[{"@type":"ReadAction","target":["https:\/\/apuntesdesanluis.com\/index.php\/2025\/04\/04\/rectores-de-todo-el-pais-formularon-una-enfatica-defensa-de-la-universidad-publica-y-la-ciencia-nacional\/"]}]},{"@type":"ImageObject","inLanguage":"es-AR","@id":"https:\/\/apuntesdesanluis.com\/index.php\/2025\/04\/04\/rectores-de-todo-el-pais-formularon-una-enfatica-defensa-de-la-universidad-publica-y-la-ciencia-nacional\/#primaryimage","url":"https:\/\/apuntesdesanluis.com\/wp-content\/uploads\/2025\/04\/rectores-93-plenario.png","contentUrl":"https:\/\/apuntesdesanluis.com\/wp-content\/uploads\/2025\/04\/rectores-93-plenario.png","width":800,"height":434},{"@type":"BreadcrumbList","@id":"https:\/\/apuntesdesanluis.com\/index.php\/2025\/04\/04\/rectores-de-todo-el-pais-formularon-una-enfatica-defensa-de-la-universidad-publica-y-la-ciencia-nacional\/#breadcrumb","itemListElement":[{"@type":"ListItem","position":1,"name":"Inicio","item":"https:\/\/apuntesdesanluis.com\/"},{"@type":"ListItem","position":2,"name":"RECTORES DE TODO EL PA\u00cdS FORMULARON UNA ENF\u00c1TICA DEFENSA DE LA UNIVERSIDAD P\u00daBLICA Y LA CIENCIA NACIONAL"}]},{"@type":"WebSite","@id":"https:\/\/apuntesdesanluis.com\/#website","url":"https:\/\/apuntesdesanluis.com\/","name":"Apuntes de San Luis","description":"","publisher":{"@id":"https:\/\/apuntesdesanluis.com\/#\/schema\/person\/b55151d52296fcce64d1a72538a70b90"},"potentialAction":[{"@type":"SearchAction","target":{"@type":"EntryPoint","urlTemplate":"https:\/\/apuntesdesanluis.com\/?s={search_term_string}"},"query-input":{"@type":"PropertyValueSpecification","valueRequired":true,"valueName":"search_term_string"}}],"inLanguage":"es-AR"},{"@type":["Person","Organization"],"@id":"https:\/\/apuntesdesanluis.com\/#\/schema\/person\/b55151d52296fcce64d1a72538a70b90","name":"apuntesdesanluis.com","image":{"@type":"ImageObject","inLanguage":"es-AR","@id":"https:\/\/apuntesdesanluis.com\/#\/schema\/person\/image\/","url":"https:\/\/apuntesdesanluis.com\/wp-content\/uploads\/2023\/07\/cropped-apuntesdesanluis.png","contentUrl":"https:\/\/apuntesdesanluis.com\/wp-content\/uploads\/2023\/07\/cropped-apuntesdesanluis.png","width":450,"height":112,"caption":"apuntesdesanluis.com"},"logo":{"@id":"https:\/\/apuntesdesanluis.com\/#\/schema\/person\/image\/"},"sameAs":["https:\/\/apuntesdesanluis.com"],"url":"https:\/\/apuntesdesanluis.com\/index.php\/author\/apuntesdesanluis-com\/"}]}},"featured_image_urls":{"full":["https:\/\/apuntesdesanluis.com\/wp-content\/uploads\/2025\/04\/rectores-93-plenario.png",800,434,false],"thumbnail":["https:\/\/apuntesdesanluis.com\/wp-content\/uploads\/2025\/04\/rectores-93-plenario-150x150.png",150,150,true],"medium":["https:\/\/apuntesdesanluis.com\/wp-content\/uploads\/2025\/04\/rectores-93-plenario-300x163.png",300,163,true],"medium_large":["https:\/\/apuntesdesanluis.com\/wp-content\/uploads\/2025\/04\/rectores-93-plenario-768x417.png",640,348,true],"large":["https:\/\/apuntesdesanluis.com\/wp-content\/uploads\/2025\/04\/rectores-93-plenario.png",640,347,false],"1536x1536":["https:\/\/apuntesdesanluis.com\/wp-content\/uploads\/2025\/04\/rectores-93-plenario.png",800,434,false],"2048x2048":["https:\/\/apuntesdesanluis.com\/wp-content\/uploads\/2025\/04\/rectores-93-plenario.png",800,434,false],"newsever-slider-full":["https:\/\/apuntesdesanluis.com\/wp-content\/uploads\/2025\/04\/rectores-93-plenario.png",800,434,false],"newsever-featured":["https:\/\/apuntesdesanluis.com\/wp-content\/uploads\/2025\/04\/rectores-93-plenario.png",800,434,false],"newsever-medium":["https:\/\/apuntesdesanluis.com\/wp-content\/uploads\/2025\/04\/rectores-93-plenario-720x434.png",720,434,true]},"author_info":{"display_name":"apuntesdesanluis.com","author_link":"https:\/\/apuntesdesanluis.com\/index.php\/author\/apuntesdesanluis-com\/"},"category_info":"<a href=\"https:\/\/apuntesdesanluis.com\/index.php\/category\/nacionales-internacionales\/\" rel=\"category tag\">Nacionales\/Internacionales<\/a>","tag_info":"Nacionales\/Internacionales","comment_count":"0","_links":{"self":[{"href":"https:\/\/apuntesdesanluis.com\/index.php\/wp-json\/wp\/v2\/posts\/31205","targetHints":{"allow":["GET"]}}],"collection":[{"href":"https:\/\/apuntesdesanluis.com\/index.php\/wp-json\/wp\/v2\/posts"}],"about":[{"href":"https:\/\/apuntesdesanluis.com\/index.php\/wp-json\/wp\/v2\/types\/post"}],"author":[{"embeddable":true,"href":"https:\/\/apuntesdesanluis.com\/index.php\/wp-json\/wp\/v2\/users\/1"}],"replies":[{"embeddable":true,"href":"https:\/\/apuntesdesanluis.com\/index.php\/wp-json\/wp\/v2\/comments?post=31205"}],"version-history":[{"count":1,"href":"https:\/\/apuntesdesanluis.com\/index.php\/wp-json\/wp\/v2\/posts\/31205\/revisions"}],"predecessor-version":[{"id":31212,"href":"https:\/\/apuntesdesanluis.com\/index.php\/wp-json\/wp\/v2\/posts\/31205\/revisions\/31212"}],"wp:featuredmedia":[{"embeddable":true,"href":"https:\/\/apuntesdesanluis.com\/index.php\/wp-json\/wp\/v2\/media\/31206"}],"wp:attachment":[{"href":"https:\/\/apuntesdesanluis.com\/index.php\/wp-json\/wp\/v2\/media?parent=31205"}],"wp:term":[{"taxonomy":"category","embeddable":true,"href":"https:\/\/apuntesdesanluis.com\/index.php\/wp-json\/wp\/v2\/categories?post=31205"},{"taxonomy":"post_tag","embeddable":true,"href":"https:\/\/apuntesdesanluis.com\/index.php\/wp-json\/wp\/v2\/tags?post=31205"}],"curies":[{"name":"wp","href":"https:\/\/api.w.org\/{rel}","templated":true}]}}