{"id":31213,"date":"2025-04-04T20:01:26","date_gmt":"2025-04-04T23:01:26","guid":{"rendered":"https:\/\/apuntesdesanluis.com\/?p=31213"},"modified":"2025-04-04T20:01:26","modified_gmt":"2025-04-04T23:01:26","slug":"condenaron-a-diez-anos-de-prision-a-un-padre-que-abuso-de-su-hija","status":"publish","type":"post","link":"https:\/\/apuntesdesanluis.com\/index.php\/2025\/04\/04\/condenaron-a-diez-anos-de-prision-a-un-padre-que-abuso-de-su-hija\/","title":{"rendered":"CONDENARON A DIEZ A\u00d1OS DE PRISI\u00d3N A UN PADRE QUE ABUS\u00d3 DE SU HIJA"},"content":{"rendered":"<h3>La jueza Mar\u00eda Eugenia Zabala Chacur, en integraci\u00f3n unipersonal del Tribunal de Juicio de la Primera Circunscripci\u00f3n, conden\u00f3 a 10 a\u00f1os de prisi\u00f3n a D.E.F. como autor penalmente responsable del delito de abuso sexual gravemente ultrajante agravado por el vinculo en perjuicio de su hija menor de edad. El veredicto fue dictado este viernes al mediod\u00eda en la Sala Oral N\u00b0 2 del segundo piso de los tribunales de San Luis.<\/h3>\n<h3>Como circunstancias atenuantes, la magistrada consider\u00f3 la falta de antecedentes condenatorios y como agravantes \u201cla extensi\u00f3n del da\u00f1o causado en la v\u00edctima y la disgregaci\u00f3n del n\u00facleo familiar como consecuencia de la conducta asumida por el imputado\u201d. Seg\u00fan lo acreditado en el debate, los abusos se cometieron entre los 9 y 11 a\u00f1os de la v\u00edctima y ocurrieron cuando la ni\u00f1a iba a visitar a su padre a la localidad de San Francisco del Monte de Oro, donde el acusado de 36 a\u00f1os resid\u00eda, en el marco del r\u00e9gimen de visitas que la pareja hab\u00eda acordado.<\/h3>\n<h3>\u201cEl relato de la v\u00edctima en C\u00e1mara Gesell estuvo marcado por la angustia. All\u00ed cont\u00f3 lo que le hac\u00eda su propio padre en distintos horarios entre los a\u00f1os 2019 y fines del 2021, y a lo largo del debate hemos podido acreditar cabalmente que el acusado es el \u00fanico responsable de los ultrajes reiterados que hubiesen de vulnerar la integridad f\u00edsica, ps\u00edquica, sexual de la ni\u00f1a\u201d, dijo en sus alegatos de clausura la fiscal de Juicio, Virginia Palacios Gonella.<\/h3>\n<h3>Y agreg\u00f3: \u201cTodo el material probatorio acumulado y producido durante este debate ha sido categ\u00f3rico. Conforma el grado de certeza necesaria para los dictados de una condena donde se pueda ubicar a cada quien en su lugar. \u00bfEn qu\u00e9 lugar? A la v\u00edctima en el lugar de v\u00edctima y al agresor en el lugar que le compete\u201d.<\/h3>\n<h3>El abogado del acusado, Facundo Sosa, dijo que las declaraciones tanto de la ni\u00f1a como de la madre eran contradictorias y solicit\u00f3 el beneficio de la duda por la insuficiencia probatoria en la causa.<\/h3>\n<h3>Del debate tambi\u00e9n participaron la Defensora Oficial de Ni\u00f1ez, Adolescencia e Incapaces, Marcela Torres Capiello, en representaci\u00f3n de la v\u00edctima y la abogada de la querella, Keila Gonz\u00e1lez.<\/h3>\n<p>&nbsp;<\/p>\n<p>&nbsp;<\/p>\n<p>&nbsp;<\/p>\n<h3><\/h3>\n<h3><\/h3>\n<p>&nbsp;<\/p>\n","protected":false},"excerpt":{"rendered":"<p>La jueza Mar\u00eda Eugenia Zabala Chacur, en integraci\u00f3n unipersonal del Tribunal de Juicio de la&#8230;<\/p>\n","protected":false},"author":1,"featured_media":31214,"comment_status":"closed","ping_status":"closed","sticky":false,"template":"","format":"standard","meta":{"footnotes":""},"categories":[6],"tags":[],"class_list":["post-31213","post","type-post","status-publish","format-standard","has-post-thumbnail","hentry","category-ciudad-provincia"],"yoast_head":"<!-- This site is optimized with the Yoast SEO plugin v26.1.1 - https:\/\/yoast.com\/wordpress\/plugins\/seo\/ -->\n<title>CONDENARON A DIEZ A\u00d1OS DE PRISI\u00d3N A UN PADRE QUE ABUS\u00d3 DE SU HIJA - Apuntes de San Luis<\/title>\n<meta name=\"robots\" content=\"index, follow, max-snippet:-1, max-image-preview:large, max-video-preview:-1\" \/>\n<link rel=\"canonical\" href=\"https:\/\/apuntesdesanluis.com\/index.php\/2025\/04\/04\/condenaron-a-diez-anos-de-prision-a-un-padre-que-abuso-de-su-hija\/\" \/>\n<meta property=\"og:locale\" content=\"es_ES\" \/>\n<meta property=\"og:type\" content=\"article\" \/>\n<meta property=\"og:title\" content=\"CONDENARON A DIEZ A\u00d1OS DE PRISI\u00d3N A UN PADRE QUE ABUS\u00d3 DE SU HIJA - Apuntes de San Luis\" \/>\n<meta property=\"og:description\" content=\"La jueza Mar\u00eda Eugenia Zabala Chacur, en integraci\u00f3n unipersonal del Tribunal de Juicio de la...\" \/>\n<meta property=\"og:url\" content=\"https:\/\/apuntesdesanluis.com\/index.php\/2025\/04\/04\/condenaron-a-diez-anos-de-prision-a-un-padre-que-abuso-de-su-hija\/\" \/>\n<meta property=\"og:site_name\" content=\"Apuntes de San Luis\" \/>\n<meta property=\"article:published_time\" content=\"2025-04-04T23:01:26+00:00\" \/>\n<meta property=\"og:image\" content=\"https:\/\/apuntesdesanluis.com\/wp-content\/uploads\/2025\/04\/AUDIENCIA.png\" \/>\n\t<meta property=\"og:image:width\" content=\"543\" \/>\n\t<meta property=\"og:image:height\" content=\"378\" \/>\n\t<meta property=\"og:image:type\" content=\"image\/png\" \/>\n<meta name=\"author\" content=\"apuntesdesanluis.com\" \/>\n<meta name=\"twitter:card\" content=\"summary_large_image\" \/>\n<meta name=\"twitter:label1\" content=\"Escrito por\" \/>\n\t<meta name=\"twitter:data1\" content=\"apuntesdesanluis.com\" \/>\n\t<meta name=\"twitter:label2\" content=\"Tiempo de lectura\" \/>\n\t<meta name=\"twitter:data2\" content=\"2 minutos\" \/>\n<script type=\"application\/ld+json\" class=\"yoast-schema-graph\">{\"@context\":\"https:\/\/schema.org\",\"@graph\":[{\"@type\":\"Article\",\"@id\":\"https:\/\/apuntesdesanluis.com\/index.php\/2025\/04\/04\/condenaron-a-diez-anos-de-prision-a-un-padre-que-abuso-de-su-hija\/#article\",\"isPartOf\":{\"@id\":\"https:\/\/apuntesdesanluis.com\/index.php\/2025\/04\/04\/condenaron-a-diez-anos-de-prision-a-un-padre-que-abuso-de-su-hija\/\"},\"author\":{\"name\":\"apuntesdesanluis.com\",\"@id\":\"https:\/\/apuntesdesanluis.com\/#\/schema\/person\/b55151d52296fcce64d1a72538a70b90\"},\"headline\":\"CONDENARON A DIEZ A\u00d1OS DE PRISI\u00d3N A UN PADRE QUE ABUS\u00d3 DE SU HIJA\",\"datePublished\":\"2025-04-04T23:01:26+00:00\",\"mainEntityOfPage\":{\"@id\":\"https:\/\/apuntesdesanluis.com\/index.php\/2025\/04\/04\/condenaron-a-diez-anos-de-prision-a-un-padre-que-abuso-de-su-hija\/\"},\"wordCount\":415,\"publisher\":{\"@id\":\"https:\/\/apuntesdesanluis.com\/#\/schema\/person\/b55151d52296fcce64d1a72538a70b90\"},\"image\":{\"@id\":\"https:\/\/apuntesdesanluis.com\/index.php\/2025\/04\/04\/condenaron-a-diez-anos-de-prision-a-un-padre-que-abuso-de-su-hija\/#primaryimage\"},\"thumbnailUrl\":\"https:\/\/apuntesdesanluis.com\/wp-content\/uploads\/2025\/04\/AUDIENCIA.png\",\"articleSection\":[\"Ciudad\/Provincia\"],\"inLanguage\":\"es-AR\"},{\"@type\":\"WebPage\",\"@id\":\"https:\/\/apuntesdesanluis.com\/index.php\/2025\/04\/04\/condenaron-a-diez-anos-de-prision-a-un-padre-que-abuso-de-su-hija\/\",\"url\":\"https:\/\/apuntesdesanluis.com\/index.php\/2025\/04\/04\/condenaron-a-diez-anos-de-prision-a-un-padre-que-abuso-de-su-hija\/\",\"name\":\"CONDENARON A DIEZ A\u00d1OS DE PRISI\u00d3N A UN PADRE QUE ABUS\u00d3 DE SU HIJA - Apuntes de San Luis\",\"isPartOf\":{\"@id\":\"https:\/\/apuntesdesanluis.com\/#website\"},\"primaryImageOfPage\":{\"@id\":\"https:\/\/apuntesdesanluis.com\/index.php\/2025\/04\/04\/condenaron-a-diez-anos-de-prision-a-un-padre-que-abuso-de-su-hija\/#primaryimage\"},\"image\":{\"@id\":\"https:\/\/apuntesdesanluis.com\/index.php\/2025\/04\/04\/condenaron-a-diez-anos-de-prision-a-un-padre-que-abuso-de-su-hija\/#primaryimage\"},\"thumbnailUrl\":\"https:\/\/apuntesdesanluis.com\/wp-content\/uploads\/2025\/04\/AUDIENCIA.png\",\"datePublished\":\"2025-04-04T23:01:26+00:00\",\"breadcrumb\":{\"@id\":\"https:\/\/apuntesdesanluis.com\/index.php\/2025\/04\/04\/condenaron-a-diez-anos-de-prision-a-un-padre-que-abuso-de-su-hija\/#breadcrumb\"},\"inLanguage\":\"es-AR\",\"potentialAction\":[{\"@type\":\"ReadAction\",\"target\":[\"https:\/\/apuntesdesanluis.com\/index.php\/2025\/04\/04\/condenaron-a-diez-anos-de-prision-a-un-padre-que-abuso-de-su-hija\/\"]}]},{\"@type\":\"ImageObject\",\"inLanguage\":\"es-AR\",\"@id\":\"https:\/\/apuntesdesanluis.com\/index.php\/2025\/04\/04\/condenaron-a-diez-anos-de-prision-a-un-padre-que-abuso-de-su-hija\/#primaryimage\",\"url\":\"https:\/\/apuntesdesanluis.com\/wp-content\/uploads\/2025\/04\/AUDIENCIA.png\",\"contentUrl\":\"https:\/\/apuntesdesanluis.com\/wp-content\/uploads\/2025\/04\/AUDIENCIA.png\",\"width\":543,\"height\":378},{\"@type\":\"BreadcrumbList\",\"@id\":\"https:\/\/apuntesdesanluis.com\/index.php\/2025\/04\/04\/condenaron-a-diez-anos-de-prision-a-un-padre-que-abuso-de-su-hija\/#breadcrumb\",\"itemListElement\":[{\"@type\":\"ListItem\",\"position\":1,\"name\":\"Inicio\",\"item\":\"https:\/\/apuntesdesanluis.com\/\"},{\"@type\":\"ListItem\",\"position\":2,\"name\":\"CONDENARON A DIEZ A\u00d1OS DE PRISI\u00d3N A UN PADRE QUE ABUS\u00d3 DE SU HIJA\"}]},{\"@type\":\"WebSite\",\"@id\":\"https:\/\/apuntesdesanluis.com\/#website\",\"url\":\"https:\/\/apuntesdesanluis.com\/\",\"name\":\"Apuntes de San Luis\",\"description\":\"\",\"publisher\":{\"@id\":\"https:\/\/apuntesdesanluis.com\/#\/schema\/person\/b55151d52296fcce64d1a72538a70b90\"},\"potentialAction\":[{\"@type\":\"SearchAction\",\"target\":{\"@type\":\"EntryPoint\",\"urlTemplate\":\"https:\/\/apuntesdesanluis.com\/?s={search_term_string}\"},\"query-input\":{\"@type\":\"PropertyValueSpecification\",\"valueRequired\":true,\"valueName\":\"search_term_string\"}}],\"inLanguage\":\"es-AR\"},{\"@type\":[\"Person\",\"Organization\"],\"@id\":\"https:\/\/apuntesdesanluis.com\/#\/schema\/person\/b55151d52296fcce64d1a72538a70b90\",\"name\":\"apuntesdesanluis.com\",\"image\":{\"@type\":\"ImageObject\",\"inLanguage\":\"es-AR\",\"@id\":\"https:\/\/apuntesdesanluis.com\/#\/schema\/person\/image\/\",\"url\":\"https:\/\/apuntesdesanluis.com\/wp-content\/uploads\/2023\/07\/cropped-apuntesdesanluis.png\",\"contentUrl\":\"https:\/\/apuntesdesanluis.com\/wp-content\/uploads\/2023\/07\/cropped-apuntesdesanluis.png\",\"width\":450,\"height\":112,\"caption\":\"apuntesdesanluis.com\"},\"logo\":{\"@id\":\"https:\/\/apuntesdesanluis.com\/#\/schema\/person\/image\/\"},\"sameAs\":[\"https:\/\/apuntesdesanluis.com\"],\"url\":\"https:\/\/apuntesdesanluis.com\/index.php\/author\/apuntesdesanluis-com\/\"}]}<\/script>\n<!-- \/ Yoast SEO plugin. -->","yoast_head_json":{"title":"CONDENARON A DIEZ A\u00d1OS DE PRISI\u00d3N A UN PADRE QUE ABUS\u00d3 DE SU HIJA - Apuntes de San Luis","robots":{"index":"index","follow":"follow","max-snippet":"max-snippet:-1","max-image-preview":"max-image-preview:large","max-video-preview":"max-video-preview:-1"},"canonical":"https:\/\/apuntesdesanluis.com\/index.php\/2025\/04\/04\/condenaron-a-diez-anos-de-prision-a-un-padre-que-abuso-de-su-hija\/","og_locale":"es_ES","og_type":"article","og_title":"CONDENARON A DIEZ A\u00d1OS DE PRISI\u00d3N A UN PADRE QUE ABUS\u00d3 DE SU HIJA - Apuntes de San Luis","og_description":"La jueza Mar\u00eda Eugenia Zabala Chacur, en integraci\u00f3n unipersonal del Tribunal de Juicio de la...","og_url":"https:\/\/apuntesdesanluis.com\/index.php\/2025\/04\/04\/condenaron-a-diez-anos-de-prision-a-un-padre-que-abuso-de-su-hija\/","og_site_name":"Apuntes de San Luis","article_published_time":"2025-04-04T23:01:26+00:00","og_image":[{"width":543,"height":378,"url":"https:\/\/apuntesdesanluis.com\/wp-content\/uploads\/2025\/04\/AUDIENCIA.png","type":"image\/png"}],"author":"apuntesdesanluis.com","twitter_card":"summary_large_image","twitter_misc":{"Escrito por":"apuntesdesanluis.com","Tiempo de lectura":"2 minutos"},"schema":{"@context":"https:\/\/schema.org","@graph":[{"@type":"Article","@id":"https:\/\/apuntesdesanluis.com\/index.php\/2025\/04\/04\/condenaron-a-diez-anos-de-prision-a-un-padre-que-abuso-de-su-hija\/#article","isPartOf":{"@id":"https:\/\/apuntesdesanluis.com\/index.php\/2025\/04\/04\/condenaron-a-diez-anos-de-prision-a-un-padre-que-abuso-de-su-hija\/"},"author":{"name":"apuntesdesanluis.com","@id":"https:\/\/apuntesdesanluis.com\/#\/schema\/person\/b55151d52296fcce64d1a72538a70b90"},"headline":"CONDENARON A DIEZ A\u00d1OS DE PRISI\u00d3N A UN PADRE QUE ABUS\u00d3 DE SU HIJA","datePublished":"2025-04-04T23:01:26+00:00","mainEntityOfPage":{"@id":"https:\/\/apuntesdesanluis.com\/index.php\/2025\/04\/04\/condenaron-a-diez-anos-de-prision-a-un-padre-que-abuso-de-su-hija\/"},"wordCount":415,"publisher":{"@id":"https:\/\/apuntesdesanluis.com\/#\/schema\/person\/b55151d52296fcce64d1a72538a70b90"},"image":{"@id":"https:\/\/apuntesdesanluis.com\/index.php\/2025\/04\/04\/condenaron-a-diez-anos-de-prision-a-un-padre-que-abuso-de-su-hija\/#primaryimage"},"thumbnailUrl":"https:\/\/apuntesdesanluis.com\/wp-content\/uploads\/2025\/04\/AUDIENCIA.png","articleSection":["Ciudad\/Provincia"],"inLanguage":"es-AR"},{"@type":"WebPage","@id":"https:\/\/apuntesdesanluis.com\/index.php\/2025\/04\/04\/condenaron-a-diez-anos-de-prision-a-un-padre-que-abuso-de-su-hija\/","url":"https:\/\/apuntesdesanluis.com\/index.php\/2025\/04\/04\/condenaron-a-diez-anos-de-prision-a-un-padre-que-abuso-de-su-hija\/","name":"CONDENARON A DIEZ A\u00d1OS DE PRISI\u00d3N A UN PADRE QUE ABUS\u00d3 DE SU HIJA - Apuntes de San Luis","isPartOf":{"@id":"https:\/\/apuntesdesanluis.com\/#website"},"primaryImageOfPage":{"@id":"https:\/\/apuntesdesanluis.com\/index.php\/2025\/04\/04\/condenaron-a-diez-anos-de-prision-a-un-padre-que-abuso-de-su-hija\/#primaryimage"},"image":{"@id":"https:\/\/apuntesdesanluis.com\/index.php\/2025\/04\/04\/condenaron-a-diez-anos-de-prision-a-un-padre-que-abuso-de-su-hija\/#primaryimage"},"thumbnailUrl":"https:\/\/apuntesdesanluis.com\/wp-content\/uploads\/2025\/04\/AUDIENCIA.png","datePublished":"2025-04-04T23:01:26+00:00","breadcrumb":{"@id":"https:\/\/apuntesdesanluis.com\/index.php\/2025\/04\/04\/condenaron-a-diez-anos-de-prision-a-un-padre-que-abuso-de-su-hija\/#breadcrumb"},"inLanguage":"es-AR","potentialAction":[{"@type":"ReadAction","target":["https:\/\/apuntesdesanluis.com\/index.php\/2025\/04\/04\/condenaron-a-diez-anos-de-prision-a-un-padre-que-abuso-de-su-hija\/"]}]},{"@type":"ImageObject","inLanguage":"es-AR","@id":"https:\/\/apuntesdesanluis.com\/index.php\/2025\/04\/04\/condenaron-a-diez-anos-de-prision-a-un-padre-que-abuso-de-su-hija\/#primaryimage","url":"https:\/\/apuntesdesanluis.com\/wp-content\/uploads\/2025\/04\/AUDIENCIA.png","contentUrl":"https:\/\/apuntesdesanluis.com\/wp-content\/uploads\/2025\/04\/AUDIENCIA.png","width":543,"height":378},{"@type":"BreadcrumbList","@id":"https:\/\/apuntesdesanluis.com\/index.php\/2025\/04\/04\/condenaron-a-diez-anos-de-prision-a-un-padre-que-abuso-de-su-hija\/#breadcrumb","itemListElement":[{"@type":"ListItem","position":1,"name":"Inicio","item":"https:\/\/apuntesdesanluis.com\/"},{"@type":"ListItem","position":2,"name":"CONDENARON A DIEZ A\u00d1OS DE PRISI\u00d3N A UN PADRE QUE ABUS\u00d3 DE SU HIJA"}]},{"@type":"WebSite","@id":"https:\/\/apuntesdesanluis.com\/#website","url":"https:\/\/apuntesdesanluis.com\/","name":"Apuntes de San Luis","description":"","publisher":{"@id":"https:\/\/apuntesdesanluis.com\/#\/schema\/person\/b55151d52296fcce64d1a72538a70b90"},"potentialAction":[{"@type":"SearchAction","target":{"@type":"EntryPoint","urlTemplate":"https:\/\/apuntesdesanluis.com\/?s={search_term_string}"},"query-input":{"@type":"PropertyValueSpecification","valueRequired":true,"valueName":"search_term_string"}}],"inLanguage":"es-AR"},{"@type":["Person","Organization"],"@id":"https:\/\/apuntesdesanluis.com\/#\/schema\/person\/b55151d52296fcce64d1a72538a70b90","name":"apuntesdesanluis.com","image":{"@type":"ImageObject","inLanguage":"es-AR","@id":"https:\/\/apuntesdesanluis.com\/#\/schema\/person\/image\/","url":"https:\/\/apuntesdesanluis.com\/wp-content\/uploads\/2023\/07\/cropped-apuntesdesanluis.png","contentUrl":"https:\/\/apuntesdesanluis.com\/wp-content\/uploads\/2023\/07\/cropped-apuntesdesanluis.png","width":450,"height":112,"caption":"apuntesdesanluis.com"},"logo":{"@id":"https:\/\/apuntesdesanluis.com\/#\/schema\/person\/image\/"},"sameAs":["https:\/\/apuntesdesanluis.com"],"url":"https:\/\/apuntesdesanluis.com\/index.php\/author\/apuntesdesanluis-com\/"}]}},"featured_image_urls":{"full":["https:\/\/apuntesdesanluis.com\/wp-content\/uploads\/2025\/04\/AUDIENCIA.png",543,378,false],"thumbnail":["https:\/\/apuntesdesanluis.com\/wp-content\/uploads\/2025\/04\/AUDIENCIA-150x150.png",150,150,true],"medium":["https:\/\/apuntesdesanluis.com\/wp-content\/uploads\/2025\/04\/AUDIENCIA-300x209.png",300,209,true],"medium_large":["https:\/\/apuntesdesanluis.com\/wp-content\/uploads\/2025\/04\/AUDIENCIA.png",543,378,false],"large":["https:\/\/apuntesdesanluis.com\/wp-content\/uploads\/2025\/04\/AUDIENCIA.png",543,378,false],"1536x1536":["https:\/\/apuntesdesanluis.com\/wp-content\/uploads\/2025\/04\/AUDIENCIA.png",543,378,false],"2048x2048":["https:\/\/apuntesdesanluis.com\/wp-content\/uploads\/2025\/04\/AUDIENCIA.png",543,378,false],"newsever-slider-full":["https:\/\/apuntesdesanluis.com\/wp-content\/uploads\/2025\/04\/AUDIENCIA.png",543,378,false],"newsever-featured":["https:\/\/apuntesdesanluis.com\/wp-content\/uploads\/2025\/04\/AUDIENCIA.png",543,378,false],"newsever-medium":["https:\/\/apuntesdesanluis.com\/wp-content\/uploads\/2025\/04\/AUDIENCIA.png",543,378,false]},"author_info":{"display_name":"apuntesdesanluis.com","author_link":"https:\/\/apuntesdesanluis.com\/index.php\/author\/apuntesdesanluis-com\/"},"category_info":"<a href=\"https:\/\/apuntesdesanluis.com\/index.php\/category\/ciudad-provincia\/\" rel=\"category tag\">Ciudad\/Provincia<\/a>","tag_info":"Ciudad\/Provincia","comment_count":"0","_links":{"self":[{"href":"https:\/\/apuntesdesanluis.com\/index.php\/wp-json\/wp\/v2\/posts\/31213","targetHints":{"allow":["GET"]}}],"collection":[{"href":"https:\/\/apuntesdesanluis.com\/index.php\/wp-json\/wp\/v2\/posts"}],"about":[{"href":"https:\/\/apuntesdesanluis.com\/index.php\/wp-json\/wp\/v2\/types\/post"}],"author":[{"embeddable":true,"href":"https:\/\/apuntesdesanluis.com\/index.php\/wp-json\/wp\/v2\/users\/1"}],"replies":[{"embeddable":true,"href":"https:\/\/apuntesdesanluis.com\/index.php\/wp-json\/wp\/v2\/comments?post=31213"}],"version-history":[{"count":1,"href":"https:\/\/apuntesdesanluis.com\/index.php\/wp-json\/wp\/v2\/posts\/31213\/revisions"}],"predecessor-version":[{"id":31215,"href":"https:\/\/apuntesdesanluis.com\/index.php\/wp-json\/wp\/v2\/posts\/31213\/revisions\/31215"}],"wp:featuredmedia":[{"embeddable":true,"href":"https:\/\/apuntesdesanluis.com\/index.php\/wp-json\/wp\/v2\/media\/31214"}],"wp:attachment":[{"href":"https:\/\/apuntesdesanluis.com\/index.php\/wp-json\/wp\/v2\/media?parent=31213"}],"wp:term":[{"taxonomy":"category","embeddable":true,"href":"https:\/\/apuntesdesanluis.com\/index.php\/wp-json\/wp\/v2\/categories?post=31213"},{"taxonomy":"post_tag","embeddable":true,"href":"https:\/\/apuntesdesanluis.com\/index.php\/wp-json\/wp\/v2\/tags?post=31213"}],"curies":[{"name":"wp","href":"https:\/\/api.w.org\/{rel}","templated":true}]}}