{"id":31216,"date":"2025-04-04T10:07:38","date_gmt":"2025-04-04T13:07:38","guid":{"rendered":"https:\/\/apuntesdesanluis.com\/?p=31216"},"modified":"2025-04-04T20:11:04","modified_gmt":"2025-04-04T23:11:04","slug":"insolito-un-menor-de-13-anos-colisiono-a-un-patrullero-en-la-toma","status":"publish","type":"post","link":"https:\/\/apuntesdesanluis.com\/index.php\/2025\/04\/04\/insolito-un-menor-de-13-anos-colisiono-a-un-patrullero-en-la-toma\/","title":{"rendered":"INS\u00d3LITO: UN MENOR DE 13 A\u00d1OS COLISION\u00d3 A UN PATRULLERO EN LA TOMA"},"content":{"rendered":"<h3>Sucedi\u00f3 este jueves, minutos despu\u00e9s de las 23:15 h, cuando en el marco de uno de los recorridos preventivos realizados por m\u00f3viles policiales de la localidad, un patrullero fue embestido por un auto.<\/h3>\n<h3>El auto de la polic\u00eda circulaba por calle Pedro Graciarena en sentido Oeste-Este, y al llegar a la intersecci\u00f3n con calle 9 de Julio y tras atravesar una loma de burro, fue colisionado de forma imprevista por un veh\u00edculo que transitaba por calle 9 de Julio en sentido Sur-Norte, el cual circulaba sin luces reglamentarias.<\/h3>\n<h3>Como resultado del impacto, ambos veh\u00edculos finalizaron su marcha sobre la vereda, impactando contra postes all\u00ed instalados.<\/h3>\n<h3><img fetchpriority=\"high\" decoding=\"async\" class=\"wp-image-31218 aligncenter\" src=\"https:\/\/apuntesdesanluis.com\/wp-content\/uploads\/2025\/04\/Imagen-de-WhatsApp-2025-04-04-a-las-09.03.43_0275bec4-300x195.jpg\" alt=\"\" width=\"688\" height=\"447\" srcset=\"https:\/\/apuntesdesanluis.com\/wp-content\/uploads\/2025\/04\/Imagen-de-WhatsApp-2025-04-04-a-las-09.03.43_0275bec4-300x195.jpg 300w, https:\/\/apuntesdesanluis.com\/wp-content\/uploads\/2025\/04\/Imagen-de-WhatsApp-2025-04-04-a-las-09.03.43_0275bec4-768x499.jpg 768w, https:\/\/apuntesdesanluis.com\/wp-content\/uploads\/2025\/04\/Imagen-de-WhatsApp-2025-04-04-a-las-09.03.43_0275bec4.jpg 806w\" sizes=\"(max-width: 688px) 100vw, 688px\" \/><\/h3>\n<h3>Una vez constatado que ninguno de los ocupantes presentaba lesiones ni requer\u00eda atenci\u00f3n m\u00e9dica, se procedi\u00f3 a solicitar la documentaci\u00f3n del veh\u00edculo involucrado, la cual no fue aportada.<\/h3>\n<h3>El autom\u00f3vil, un Volkswagen Gacel, era conducido por un menor de 13 a\u00f1os de edad, quien se encontraba acompa\u00f1ado por un hombre de 59 a\u00f1os y una mujer de 51, todos domiciliados en la localidad de La Toma.<\/h3>\n<h3>Posteriormente, el menor se retir\u00f3 del lugar por sus propios medios. En tanto, el personal policial involucrado se encuentra en buen estado de salud, sin necesidad de asistencia m\u00e9dica. Se contin\u00faan las diligencias correspondientes.<\/h3>\n<p>&nbsp;<\/p>\n<p>&nbsp;<\/p>\n<p>&nbsp;<\/p>\n<h3><\/h3>\n<h3><\/h3>\n<p>&nbsp;<\/p>\n","protected":false},"excerpt":{"rendered":"<p>Sucedi\u00f3 este jueves, minutos despu\u00e9s de las 23:15 h, cuando en el marco de uno&#8230;<\/p>\n","protected":false},"author":1,"featured_media":31217,"comment_status":"closed","ping_status":"closed","sticky":false,"template":"","format":"standard","meta":{"footnotes":""},"categories":[6],"tags":[],"class_list":["post-31216","post","type-post","status-publish","format-standard","has-post-thumbnail","hentry","category-ciudad-provincia"],"yoast_head":"<!-- This site is optimized with the Yoast SEO plugin v26.1.1 - https:\/\/yoast.com\/wordpress\/plugins\/seo\/ -->\n<title>INS\u00d3LITO: UN MENOR DE 13 A\u00d1OS COLISION\u00d3 A UN PATRULLERO EN LA TOMA - Apuntes de San Luis<\/title>\n<meta name=\"robots\" content=\"index, follow, max-snippet:-1, max-image-preview:large, max-video-preview:-1\" \/>\n<link rel=\"canonical\" href=\"https:\/\/apuntesdesanluis.com\/index.php\/2025\/04\/04\/insolito-un-menor-de-13-anos-colisiono-a-un-patrullero-en-la-toma\/\" \/>\n<meta property=\"og:locale\" content=\"es_ES\" \/>\n<meta property=\"og:type\" content=\"article\" \/>\n<meta property=\"og:title\" content=\"INS\u00d3LITO: UN MENOR DE 13 A\u00d1OS COLISION\u00d3 A UN PATRULLERO EN LA TOMA - Apuntes de San Luis\" \/>\n<meta property=\"og:description\" content=\"Sucedi\u00f3 este jueves, minutos despu\u00e9s de las 23:15 h, cuando en el marco de uno...\" \/>\n<meta property=\"og:url\" content=\"https:\/\/apuntesdesanluis.com\/index.php\/2025\/04\/04\/insolito-un-menor-de-13-anos-colisiono-a-un-patrullero-en-la-toma\/\" \/>\n<meta property=\"og:site_name\" content=\"Apuntes de San Luis\" \/>\n<meta property=\"article:published_time\" content=\"2025-04-04T13:07:38+00:00\" \/>\n<meta property=\"article:modified_time\" content=\"2025-04-04T23:11:04+00:00\" \/>\n<meta property=\"og:image\" content=\"https:\/\/apuntesdesanluis.com\/wp-content\/uploads\/2025\/04\/Imagen-de-WhatsApp-2025-04-04-a-las-09.03.14_65b2499a.jpg\" \/>\n\t<meta property=\"og:image:width\" content=\"800\" \/>\n\t<meta property=\"og:image:height\" content=\"507\" \/>\n\t<meta property=\"og:image:type\" content=\"image\/jpeg\" \/>\n<meta name=\"author\" content=\"apuntesdesanluis.com\" \/>\n<meta name=\"twitter:card\" content=\"summary_large_image\" \/>\n<meta name=\"twitter:label1\" content=\"Escrito por\" \/>\n\t<meta name=\"twitter:data1\" content=\"apuntesdesanluis.com\" \/>\n\t<meta name=\"twitter:label2\" content=\"Tiempo de lectura\" \/>\n\t<meta name=\"twitter:data2\" content=\"2 minutos\" \/>\n<script type=\"application\/ld+json\" class=\"yoast-schema-graph\">{\"@context\":\"https:\/\/schema.org\",\"@graph\":[{\"@type\":\"Article\",\"@id\":\"https:\/\/apuntesdesanluis.com\/index.php\/2025\/04\/04\/insolito-un-menor-de-13-anos-colisiono-a-un-patrullero-en-la-toma\/#article\",\"isPartOf\":{\"@id\":\"https:\/\/apuntesdesanluis.com\/index.php\/2025\/04\/04\/insolito-un-menor-de-13-anos-colisiono-a-un-patrullero-en-la-toma\/\"},\"author\":{\"name\":\"apuntesdesanluis.com\",\"@id\":\"https:\/\/apuntesdesanluis.com\/#\/schema\/person\/b55151d52296fcce64d1a72538a70b90\"},\"headline\":\"INS\u00d3LITO: UN MENOR DE 13 A\u00d1OS COLISION\u00d3 A UN PATRULLERO EN LA TOMA\",\"datePublished\":\"2025-04-04T13:07:38+00:00\",\"dateModified\":\"2025-04-04T23:11:04+00:00\",\"mainEntityOfPage\":{\"@id\":\"https:\/\/apuntesdesanluis.com\/index.php\/2025\/04\/04\/insolito-un-menor-de-13-anos-colisiono-a-un-patrullero-en-la-toma\/\"},\"wordCount\":234,\"publisher\":{\"@id\":\"https:\/\/apuntesdesanluis.com\/#\/schema\/person\/b55151d52296fcce64d1a72538a70b90\"},\"image\":{\"@id\":\"https:\/\/apuntesdesanluis.com\/index.php\/2025\/04\/04\/insolito-un-menor-de-13-anos-colisiono-a-un-patrullero-en-la-toma\/#primaryimage\"},\"thumbnailUrl\":\"https:\/\/apuntesdesanluis.com\/wp-content\/uploads\/2025\/04\/Imagen-de-WhatsApp-2025-04-04-a-las-09.03.14_65b2499a.jpg\",\"articleSection\":[\"Ciudad\/Provincia\"],\"inLanguage\":\"es-AR\"},{\"@type\":\"WebPage\",\"@id\":\"https:\/\/apuntesdesanluis.com\/index.php\/2025\/04\/04\/insolito-un-menor-de-13-anos-colisiono-a-un-patrullero-en-la-toma\/\",\"url\":\"https:\/\/apuntesdesanluis.com\/index.php\/2025\/04\/04\/insolito-un-menor-de-13-anos-colisiono-a-un-patrullero-en-la-toma\/\",\"name\":\"INS\u00d3LITO: UN MENOR DE 13 A\u00d1OS COLISION\u00d3 A UN PATRULLERO EN LA TOMA - Apuntes de San Luis\",\"isPartOf\":{\"@id\":\"https:\/\/apuntesdesanluis.com\/#website\"},\"primaryImageOfPage\":{\"@id\":\"https:\/\/apuntesdesanluis.com\/index.php\/2025\/04\/04\/insolito-un-menor-de-13-anos-colisiono-a-un-patrullero-en-la-toma\/#primaryimage\"},\"image\":{\"@id\":\"https:\/\/apuntesdesanluis.com\/index.php\/2025\/04\/04\/insolito-un-menor-de-13-anos-colisiono-a-un-patrullero-en-la-toma\/#primaryimage\"},\"thumbnailUrl\":\"https:\/\/apuntesdesanluis.com\/wp-content\/uploads\/2025\/04\/Imagen-de-WhatsApp-2025-04-04-a-las-09.03.14_65b2499a.jpg\",\"datePublished\":\"2025-04-04T13:07:38+00:00\",\"dateModified\":\"2025-04-04T23:11:04+00:00\",\"breadcrumb\":{\"@id\":\"https:\/\/apuntesdesanluis.com\/index.php\/2025\/04\/04\/insolito-un-menor-de-13-anos-colisiono-a-un-patrullero-en-la-toma\/#breadcrumb\"},\"inLanguage\":\"es-AR\",\"potentialAction\":[{\"@type\":\"ReadAction\",\"target\":[\"https:\/\/apuntesdesanluis.com\/index.php\/2025\/04\/04\/insolito-un-menor-de-13-anos-colisiono-a-un-patrullero-en-la-toma\/\"]}]},{\"@type\":\"ImageObject\",\"inLanguage\":\"es-AR\",\"@id\":\"https:\/\/apuntesdesanluis.com\/index.php\/2025\/04\/04\/insolito-un-menor-de-13-anos-colisiono-a-un-patrullero-en-la-toma\/#primaryimage\",\"url\":\"https:\/\/apuntesdesanluis.com\/wp-content\/uploads\/2025\/04\/Imagen-de-WhatsApp-2025-04-04-a-las-09.03.14_65b2499a.jpg\",\"contentUrl\":\"https:\/\/apuntesdesanluis.com\/wp-content\/uploads\/2025\/04\/Imagen-de-WhatsApp-2025-04-04-a-las-09.03.14_65b2499a.jpg\",\"width\":800,\"height\":507},{\"@type\":\"BreadcrumbList\",\"@id\":\"https:\/\/apuntesdesanluis.com\/index.php\/2025\/04\/04\/insolito-un-menor-de-13-anos-colisiono-a-un-patrullero-en-la-toma\/#breadcrumb\",\"itemListElement\":[{\"@type\":\"ListItem\",\"position\":1,\"name\":\"Inicio\",\"item\":\"https:\/\/apuntesdesanluis.com\/\"},{\"@type\":\"ListItem\",\"position\":2,\"name\":\"INS\u00d3LITO: UN MENOR DE 13 A\u00d1OS COLISION\u00d3 A UN PATRULLERO EN LA TOMA\"}]},{\"@type\":\"WebSite\",\"@id\":\"https:\/\/apuntesdesanluis.com\/#website\",\"url\":\"https:\/\/apuntesdesanluis.com\/\",\"name\":\"Apuntes de San Luis\",\"description\":\"\",\"publisher\":{\"@id\":\"https:\/\/apuntesdesanluis.com\/#\/schema\/person\/b55151d52296fcce64d1a72538a70b90\"},\"potentialAction\":[{\"@type\":\"SearchAction\",\"target\":{\"@type\":\"EntryPoint\",\"urlTemplate\":\"https:\/\/apuntesdesanluis.com\/?s={search_term_string}\"},\"query-input\":{\"@type\":\"PropertyValueSpecification\",\"valueRequired\":true,\"valueName\":\"search_term_string\"}}],\"inLanguage\":\"es-AR\"},{\"@type\":[\"Person\",\"Organization\"],\"@id\":\"https:\/\/apuntesdesanluis.com\/#\/schema\/person\/b55151d52296fcce64d1a72538a70b90\",\"name\":\"apuntesdesanluis.com\",\"image\":{\"@type\":\"ImageObject\",\"inLanguage\":\"es-AR\",\"@id\":\"https:\/\/apuntesdesanluis.com\/#\/schema\/person\/image\/\",\"url\":\"https:\/\/apuntesdesanluis.com\/wp-content\/uploads\/2023\/07\/cropped-apuntesdesanluis.png\",\"contentUrl\":\"https:\/\/apuntesdesanluis.com\/wp-content\/uploads\/2023\/07\/cropped-apuntesdesanluis.png\",\"width\":450,\"height\":112,\"caption\":\"apuntesdesanluis.com\"},\"logo\":{\"@id\":\"https:\/\/apuntesdesanluis.com\/#\/schema\/person\/image\/\"},\"sameAs\":[\"https:\/\/apuntesdesanluis.com\"],\"url\":\"https:\/\/apuntesdesanluis.com\/index.php\/author\/apuntesdesanluis-com\/\"}]}<\/script>\n<!-- \/ Yoast SEO plugin. -->","yoast_head_json":{"title":"INS\u00d3LITO: UN MENOR DE 13 A\u00d1OS COLISION\u00d3 A UN PATRULLERO EN LA TOMA - Apuntes de San Luis","robots":{"index":"index","follow":"follow","max-snippet":"max-snippet:-1","max-image-preview":"max-image-preview:large","max-video-preview":"max-video-preview:-1"},"canonical":"https:\/\/apuntesdesanluis.com\/index.php\/2025\/04\/04\/insolito-un-menor-de-13-anos-colisiono-a-un-patrullero-en-la-toma\/","og_locale":"es_ES","og_type":"article","og_title":"INS\u00d3LITO: UN MENOR DE 13 A\u00d1OS COLISION\u00d3 A UN PATRULLERO EN LA TOMA - Apuntes de San Luis","og_description":"Sucedi\u00f3 este jueves, minutos despu\u00e9s de las 23:15 h, cuando en el marco de uno...","og_url":"https:\/\/apuntesdesanluis.com\/index.php\/2025\/04\/04\/insolito-un-menor-de-13-anos-colisiono-a-un-patrullero-en-la-toma\/","og_site_name":"Apuntes de San Luis","article_published_time":"2025-04-04T13:07:38+00:00","article_modified_time":"2025-04-04T23:11:04+00:00","og_image":[{"width":800,"height":507,"url":"https:\/\/apuntesdesanluis.com\/wp-content\/uploads\/2025\/04\/Imagen-de-WhatsApp-2025-04-04-a-las-09.03.14_65b2499a.jpg","type":"image\/jpeg"}],"author":"apuntesdesanluis.com","twitter_card":"summary_large_image","twitter_misc":{"Escrito por":"apuntesdesanluis.com","Tiempo de lectura":"2 minutos"},"schema":{"@context":"https:\/\/schema.org","@graph":[{"@type":"Article","@id":"https:\/\/apuntesdesanluis.com\/index.php\/2025\/04\/04\/insolito-un-menor-de-13-anos-colisiono-a-un-patrullero-en-la-toma\/#article","isPartOf":{"@id":"https:\/\/apuntesdesanluis.com\/index.php\/2025\/04\/04\/insolito-un-menor-de-13-anos-colisiono-a-un-patrullero-en-la-toma\/"},"author":{"name":"apuntesdesanluis.com","@id":"https:\/\/apuntesdesanluis.com\/#\/schema\/person\/b55151d52296fcce64d1a72538a70b90"},"headline":"INS\u00d3LITO: UN MENOR DE 13 A\u00d1OS COLISION\u00d3 A UN PATRULLERO EN LA TOMA","datePublished":"2025-04-04T13:07:38+00:00","dateModified":"2025-04-04T23:11:04+00:00","mainEntityOfPage":{"@id":"https:\/\/apuntesdesanluis.com\/index.php\/2025\/04\/04\/insolito-un-menor-de-13-anos-colisiono-a-un-patrullero-en-la-toma\/"},"wordCount":234,"publisher":{"@id":"https:\/\/apuntesdesanluis.com\/#\/schema\/person\/b55151d52296fcce64d1a72538a70b90"},"image":{"@id":"https:\/\/apuntesdesanluis.com\/index.php\/2025\/04\/04\/insolito-un-menor-de-13-anos-colisiono-a-un-patrullero-en-la-toma\/#primaryimage"},"thumbnailUrl":"https:\/\/apuntesdesanluis.com\/wp-content\/uploads\/2025\/04\/Imagen-de-WhatsApp-2025-04-04-a-las-09.03.14_65b2499a.jpg","articleSection":["Ciudad\/Provincia"],"inLanguage":"es-AR"},{"@type":"WebPage","@id":"https:\/\/apuntesdesanluis.com\/index.php\/2025\/04\/04\/insolito-un-menor-de-13-anos-colisiono-a-un-patrullero-en-la-toma\/","url":"https:\/\/apuntesdesanluis.com\/index.php\/2025\/04\/04\/insolito-un-menor-de-13-anos-colisiono-a-un-patrullero-en-la-toma\/","name":"INS\u00d3LITO: UN MENOR DE 13 A\u00d1OS COLISION\u00d3 A UN PATRULLERO EN LA TOMA - Apuntes de San Luis","isPartOf":{"@id":"https:\/\/apuntesdesanluis.com\/#website"},"primaryImageOfPage":{"@id":"https:\/\/apuntesdesanluis.com\/index.php\/2025\/04\/04\/insolito-un-menor-de-13-anos-colisiono-a-un-patrullero-en-la-toma\/#primaryimage"},"image":{"@id":"https:\/\/apuntesdesanluis.com\/index.php\/2025\/04\/04\/insolito-un-menor-de-13-anos-colisiono-a-un-patrullero-en-la-toma\/#primaryimage"},"thumbnailUrl":"https:\/\/apuntesdesanluis.com\/wp-content\/uploads\/2025\/04\/Imagen-de-WhatsApp-2025-04-04-a-las-09.03.14_65b2499a.jpg","datePublished":"2025-04-04T13:07:38+00:00","dateModified":"2025-04-04T23:11:04+00:00","breadcrumb":{"@id":"https:\/\/apuntesdesanluis.com\/index.php\/2025\/04\/04\/insolito-un-menor-de-13-anos-colisiono-a-un-patrullero-en-la-toma\/#breadcrumb"},"inLanguage":"es-AR","potentialAction":[{"@type":"ReadAction","target":["https:\/\/apuntesdesanluis.com\/index.php\/2025\/04\/04\/insolito-un-menor-de-13-anos-colisiono-a-un-patrullero-en-la-toma\/"]}]},{"@type":"ImageObject","inLanguage":"es-AR","@id":"https:\/\/apuntesdesanluis.com\/index.php\/2025\/04\/04\/insolito-un-menor-de-13-anos-colisiono-a-un-patrullero-en-la-toma\/#primaryimage","url":"https:\/\/apuntesdesanluis.com\/wp-content\/uploads\/2025\/04\/Imagen-de-WhatsApp-2025-04-04-a-las-09.03.14_65b2499a.jpg","contentUrl":"https:\/\/apuntesdesanluis.com\/wp-content\/uploads\/2025\/04\/Imagen-de-WhatsApp-2025-04-04-a-las-09.03.14_65b2499a.jpg","width":800,"height":507},{"@type":"BreadcrumbList","@id":"https:\/\/apuntesdesanluis.com\/index.php\/2025\/04\/04\/insolito-un-menor-de-13-anos-colisiono-a-un-patrullero-en-la-toma\/#breadcrumb","itemListElement":[{"@type":"ListItem","position":1,"name":"Inicio","item":"https:\/\/apuntesdesanluis.com\/"},{"@type":"ListItem","position":2,"name":"INS\u00d3LITO: UN MENOR DE 13 A\u00d1OS COLISION\u00d3 A UN PATRULLERO EN LA TOMA"}]},{"@type":"WebSite","@id":"https:\/\/apuntesdesanluis.com\/#website","url":"https:\/\/apuntesdesanluis.com\/","name":"Apuntes de San Luis","description":"","publisher":{"@id":"https:\/\/apuntesdesanluis.com\/#\/schema\/person\/b55151d52296fcce64d1a72538a70b90"},"potentialAction":[{"@type":"SearchAction","target":{"@type":"EntryPoint","urlTemplate":"https:\/\/apuntesdesanluis.com\/?s={search_term_string}"},"query-input":{"@type":"PropertyValueSpecification","valueRequired":true,"valueName":"search_term_string"}}],"inLanguage":"es-AR"},{"@type":["Person","Organization"],"@id":"https:\/\/apuntesdesanluis.com\/#\/schema\/person\/b55151d52296fcce64d1a72538a70b90","name":"apuntesdesanluis.com","image":{"@type":"ImageObject","inLanguage":"es-AR","@id":"https:\/\/apuntesdesanluis.com\/#\/schema\/person\/image\/","url":"https:\/\/apuntesdesanluis.com\/wp-content\/uploads\/2023\/07\/cropped-apuntesdesanluis.png","contentUrl":"https:\/\/apuntesdesanluis.com\/wp-content\/uploads\/2023\/07\/cropped-apuntesdesanluis.png","width":450,"height":112,"caption":"apuntesdesanluis.com"},"logo":{"@id":"https:\/\/apuntesdesanluis.com\/#\/schema\/person\/image\/"},"sameAs":["https:\/\/apuntesdesanluis.com"],"url":"https:\/\/apuntesdesanluis.com\/index.php\/author\/apuntesdesanluis-com\/"}]}},"featured_image_urls":{"full":["https:\/\/apuntesdesanluis.com\/wp-content\/uploads\/2025\/04\/Imagen-de-WhatsApp-2025-04-04-a-las-09.03.14_65b2499a.jpg",800,507,false],"thumbnail":["https:\/\/apuntesdesanluis.com\/wp-content\/uploads\/2025\/04\/Imagen-de-WhatsApp-2025-04-04-a-las-09.03.14_65b2499a-150x150.jpg",150,150,true],"medium":["https:\/\/apuntesdesanluis.com\/wp-content\/uploads\/2025\/04\/Imagen-de-WhatsApp-2025-04-04-a-las-09.03.14_65b2499a-300x190.jpg",300,190,true],"medium_large":["https:\/\/apuntesdesanluis.com\/wp-content\/uploads\/2025\/04\/Imagen-de-WhatsApp-2025-04-04-a-las-09.03.14_65b2499a-768x487.jpg",640,406,true],"large":["https:\/\/apuntesdesanluis.com\/wp-content\/uploads\/2025\/04\/Imagen-de-WhatsApp-2025-04-04-a-las-09.03.14_65b2499a.jpg",640,406,false],"1536x1536":["https:\/\/apuntesdesanluis.com\/wp-content\/uploads\/2025\/04\/Imagen-de-WhatsApp-2025-04-04-a-las-09.03.14_65b2499a.jpg",800,507,false],"2048x2048":["https:\/\/apuntesdesanluis.com\/wp-content\/uploads\/2025\/04\/Imagen-de-WhatsApp-2025-04-04-a-las-09.03.14_65b2499a.jpg",800,507,false],"newsever-slider-full":["https:\/\/apuntesdesanluis.com\/wp-content\/uploads\/2025\/04\/Imagen-de-WhatsApp-2025-04-04-a-las-09.03.14_65b2499a.jpg",800,507,false],"newsever-featured":["https:\/\/apuntesdesanluis.com\/wp-content\/uploads\/2025\/04\/Imagen-de-WhatsApp-2025-04-04-a-las-09.03.14_65b2499a.jpg",800,507,false],"newsever-medium":["https:\/\/apuntesdesanluis.com\/wp-content\/uploads\/2025\/04\/Imagen-de-WhatsApp-2025-04-04-a-las-09.03.14_65b2499a-720x475.jpg",720,475,true]},"author_info":{"display_name":"apuntesdesanluis.com","author_link":"https:\/\/apuntesdesanluis.com\/index.php\/author\/apuntesdesanluis-com\/"},"category_info":"<a href=\"https:\/\/apuntesdesanluis.com\/index.php\/category\/ciudad-provincia\/\" rel=\"category tag\">Ciudad\/Provincia<\/a>","tag_info":"Ciudad\/Provincia","comment_count":"0","_links":{"self":[{"href":"https:\/\/apuntesdesanluis.com\/index.php\/wp-json\/wp\/v2\/posts\/31216","targetHints":{"allow":["GET"]}}],"collection":[{"href":"https:\/\/apuntesdesanluis.com\/index.php\/wp-json\/wp\/v2\/posts"}],"about":[{"href":"https:\/\/apuntesdesanluis.com\/index.php\/wp-json\/wp\/v2\/types\/post"}],"author":[{"embeddable":true,"href":"https:\/\/apuntesdesanluis.com\/index.php\/wp-json\/wp\/v2\/users\/1"}],"replies":[{"embeddable":true,"href":"https:\/\/apuntesdesanluis.com\/index.php\/wp-json\/wp\/v2\/comments?post=31216"}],"version-history":[{"count":1,"href":"https:\/\/apuntesdesanluis.com\/index.php\/wp-json\/wp\/v2\/posts\/31216\/revisions"}],"predecessor-version":[{"id":31219,"href":"https:\/\/apuntesdesanluis.com\/index.php\/wp-json\/wp\/v2\/posts\/31216\/revisions\/31219"}],"wp:featuredmedia":[{"embeddable":true,"href":"https:\/\/apuntesdesanluis.com\/index.php\/wp-json\/wp\/v2\/media\/31217"}],"wp:attachment":[{"href":"https:\/\/apuntesdesanluis.com\/index.php\/wp-json\/wp\/v2\/media?parent=31216"}],"wp:term":[{"taxonomy":"category","embeddable":true,"href":"https:\/\/apuntesdesanluis.com\/index.php\/wp-json\/wp\/v2\/categories?post=31216"},{"taxonomy":"post_tag","embeddable":true,"href":"https:\/\/apuntesdesanluis.com\/index.php\/wp-json\/wp\/v2\/tags?post=31216"}],"curies":[{"name":"wp","href":"https:\/\/api.w.org\/{rel}","templated":true}]}}