{"id":31225,"date":"2025-04-04T21:55:54","date_gmt":"2025-04-05T00:55:54","guid":{"rendered":"https:\/\/apuntesdesanluis.com\/?p=31225"},"modified":"2025-04-04T21:55:54","modified_gmt":"2025-04-05T00:55:54","slug":"de-no-creer-reclamo-el-certificado-de-defuncion-de-su-suegra-a-la-que-enterro-en-el-patio","status":"publish","type":"post","link":"https:\/\/apuntesdesanluis.com\/index.php\/2025\/04\/04\/de-no-creer-reclamo-el-certificado-de-defuncion-de-su-suegra-a-la-que-enterro-en-el-patio\/","title":{"rendered":"DE NO CREER: RECLAM\u00d3 EL CERTIFICADO DE DEFUNCI\u00d3N DE SU SUEGRA, A LA QUE ENTERR\u00d3 EN EL PATIO"},"content":{"rendered":"<h3>La informaci\u00f3n es escueta y dif\u00edcil de creer. No se sabe por qu\u00e9 raz\u00f3n, un hombre se present\u00f3 en la delegaci\u00f3n del Registro Civil de Santa Rosa del Conlara y pidi\u00f3 si le pod\u00edan entregar el certificado de defunci\u00f3n de una mujer que hab\u00eda fallecido, a la que defini\u00f3 como su suegra.<\/h3>\n<h3>Fue entonces cuando los empleados le solicitaron la documentaci\u00f3n necesaria para emitir dicho certificado y el relato que escucharon los estremeci\u00f3 por completo. El hombre relat\u00f3 que la mujer hab\u00eda fallecido hace varios meses atr\u00e1s, aparentemente \u201cde vejez\u201d, y como no ten\u00eda dinero para los gastos del servicio f\u00fanebre decidi\u00f3 enterrarla en el patio de la casa.<\/h3>\n<h3>Cuando le pidieron detalles, se justific\u00f3 en que \u201cla envolvi\u00f3 como una momia\u201d, para depositarla en un pozo de unos dos metros que hab\u00eda cavado.<\/h3>\n<h3>Inmediatamente el personal del Registro Civil dio aviso a la polic\u00eda, y desde la comisar\u00eda hicieron lo propio con la justicia, para investigar si los dichos del vecino eran parte de un delirio o ten\u00edan alg\u00fan viso de veracidad.<\/h3>\n<h3>En horas de la tarde se inform\u00f3 que efectivamente personal policial llev\u00f3 adelante un procedimiento en una vivienda ubicada sobre la Ruta Provincial N\u00b0 5, en jurisdicci\u00f3n de Santa Rosa del Conlara, camino a la localidad de Merlo, el cual arroj\u00f3 resultado positivo. Durante la inspecci\u00f3n se hall\u00f3 un cuerpo enterrado en el patio del domicilio, con caracter\u00edsticas humanas.<\/h3>\n<h3>Cabe destacar que la intervenci\u00f3n de la fuerza policial fue dispuesta por la Justicia, a requerimiento del Fiscal Dr. Marcelo Salda\u00f1o, en virtud de una denuncia radicada exclusivamente en esa instituci\u00f3n.<\/h3>\n<h3>Lo que parec\u00eda un hecho inveros\u00edmil se transform\u00f3 en realidad. La informaci\u00f3n tampoco da cuenta si el hombre vive con su esposa y si tienen hijos.<\/h3>\n<h3>Se aguardan detalles de este escabroso hecho que ha conmocionado la tranquila localidad del departamento Jun\u00edn y sus alrededores. Por el momento los datos identificatorios de los protagonistas se mantienen en reserva.<\/h3>\n<h4><span style=\"color: #3366ff;\">(Imagen: Gentileza El Chorrillero)<\/span><\/h4>\n<p>&nbsp;<\/p>\n<p>&nbsp;<\/p>\n<p>&nbsp;<\/p>\n<p>&nbsp;<\/p>\n<p>&nbsp;<\/p>\n<p>&nbsp;<\/p>\n","protected":false},"excerpt":{"rendered":"<p>La informaci\u00f3n es escueta y dif\u00edcil de creer. No se sabe por qu\u00e9 raz\u00f3n, un&#8230;<\/p>\n","protected":false},"author":1,"featured_media":31226,"comment_status":"closed","ping_status":"closed","sticky":false,"template":"","format":"standard","meta":{"footnotes":""},"categories":[6],"tags":[],"class_list":["post-31225","post","type-post","status-publish","format-standard","has-post-thumbnail","hentry","category-ciudad-provincia"],"yoast_head":"<!-- This site is optimized with the Yoast SEO plugin v26.1.1 - https:\/\/yoast.com\/wordpress\/plugins\/seo\/ -->\n<title>DE NO CREER: RECLAM\u00d3 EL CERTIFICADO DE DEFUNCI\u00d3N DE SU SUEGRA, A LA QUE ENTERR\u00d3 EN EL PATIO - Apuntes de San Luis<\/title>\n<meta name=\"robots\" content=\"index, follow, max-snippet:-1, max-image-preview:large, max-video-preview:-1\" \/>\n<link rel=\"canonical\" href=\"https:\/\/apuntesdesanluis.com\/index.php\/2025\/04\/04\/de-no-creer-reclamo-el-certificado-de-defuncion-de-su-suegra-a-la-que-enterro-en-el-patio\/\" \/>\n<meta property=\"og:locale\" content=\"es_ES\" \/>\n<meta property=\"og:type\" content=\"article\" \/>\n<meta property=\"og:title\" content=\"DE NO CREER: RECLAM\u00d3 EL CERTIFICADO DE DEFUNCI\u00d3N DE SU SUEGRA, A LA QUE ENTERR\u00d3 EN EL PATIO - Apuntes de San Luis\" \/>\n<meta property=\"og:description\" content=\"La informaci\u00f3n es escueta y dif\u00edcil de creer. No se sabe por qu\u00e9 raz\u00f3n, un...\" \/>\n<meta property=\"og:url\" content=\"https:\/\/apuntesdesanluis.com\/index.php\/2025\/04\/04\/de-no-creer-reclamo-el-certificado-de-defuncion-de-su-suegra-a-la-que-enterro-en-el-patio\/\" \/>\n<meta property=\"og:site_name\" content=\"Apuntes de San Luis\" \/>\n<meta property=\"article:published_time\" content=\"2025-04-05T00:55:54+00:00\" \/>\n<meta property=\"og:image\" content=\"https:\/\/apuntesdesanluis.com\/wp-content\/uploads\/2025\/04\/mujer-enterrada.png\" \/>\n\t<meta property=\"og:image:width\" content=\"503\" \/>\n\t<meta property=\"og:image:height\" content=\"270\" \/>\n\t<meta property=\"og:image:type\" content=\"image\/png\" \/>\n<meta name=\"author\" content=\"apuntesdesanluis.com\" \/>\n<meta name=\"twitter:card\" content=\"summary_large_image\" \/>\n<meta name=\"twitter:label1\" content=\"Escrito por\" \/>\n\t<meta name=\"twitter:data1\" content=\"apuntesdesanluis.com\" \/>\n\t<meta name=\"twitter:label2\" content=\"Tiempo de lectura\" \/>\n\t<meta name=\"twitter:data2\" content=\"2 minutos\" \/>\n<script type=\"application\/ld+json\" class=\"yoast-schema-graph\">{\"@context\":\"https:\/\/schema.org\",\"@graph\":[{\"@type\":\"Article\",\"@id\":\"https:\/\/apuntesdesanluis.com\/index.php\/2025\/04\/04\/de-no-creer-reclamo-el-certificado-de-defuncion-de-su-suegra-a-la-que-enterro-en-el-patio\/#article\",\"isPartOf\":{\"@id\":\"https:\/\/apuntesdesanluis.com\/index.php\/2025\/04\/04\/de-no-creer-reclamo-el-certificado-de-defuncion-de-su-suegra-a-la-que-enterro-en-el-patio\/\"},\"author\":{\"name\":\"apuntesdesanluis.com\",\"@id\":\"https:\/\/apuntesdesanluis.com\/#\/schema\/person\/b55151d52296fcce64d1a72538a70b90\"},\"headline\":\"DE NO CREER: RECLAM\u00d3 EL CERTIFICADO DE DEFUNCI\u00d3N DE SU SUEGRA, A LA QUE ENTERR\u00d3 EN EL PATIO\",\"datePublished\":\"2025-04-05T00:55:54+00:00\",\"mainEntityOfPage\":{\"@id\":\"https:\/\/apuntesdesanluis.com\/index.php\/2025\/04\/04\/de-no-creer-reclamo-el-certificado-de-defuncion-de-su-suegra-a-la-que-enterro-en-el-patio\/\"},\"wordCount\":376,\"publisher\":{\"@id\":\"https:\/\/apuntesdesanluis.com\/#\/schema\/person\/b55151d52296fcce64d1a72538a70b90\"},\"image\":{\"@id\":\"https:\/\/apuntesdesanluis.com\/index.php\/2025\/04\/04\/de-no-creer-reclamo-el-certificado-de-defuncion-de-su-suegra-a-la-que-enterro-en-el-patio\/#primaryimage\"},\"thumbnailUrl\":\"https:\/\/apuntesdesanluis.com\/wp-content\/uploads\/2025\/04\/mujer-enterrada.png\",\"articleSection\":[\"Ciudad\/Provincia\"],\"inLanguage\":\"es-AR\"},{\"@type\":\"WebPage\",\"@id\":\"https:\/\/apuntesdesanluis.com\/index.php\/2025\/04\/04\/de-no-creer-reclamo-el-certificado-de-defuncion-de-su-suegra-a-la-que-enterro-en-el-patio\/\",\"url\":\"https:\/\/apuntesdesanluis.com\/index.php\/2025\/04\/04\/de-no-creer-reclamo-el-certificado-de-defuncion-de-su-suegra-a-la-que-enterro-en-el-patio\/\",\"name\":\"DE NO CREER: RECLAM\u00d3 EL CERTIFICADO DE DEFUNCI\u00d3N DE SU SUEGRA, A LA QUE ENTERR\u00d3 EN EL PATIO - Apuntes de San Luis\",\"isPartOf\":{\"@id\":\"https:\/\/apuntesdesanluis.com\/#website\"},\"primaryImageOfPage\":{\"@id\":\"https:\/\/apuntesdesanluis.com\/index.php\/2025\/04\/04\/de-no-creer-reclamo-el-certificado-de-defuncion-de-su-suegra-a-la-que-enterro-en-el-patio\/#primaryimage\"},\"image\":{\"@id\":\"https:\/\/apuntesdesanluis.com\/index.php\/2025\/04\/04\/de-no-creer-reclamo-el-certificado-de-defuncion-de-su-suegra-a-la-que-enterro-en-el-patio\/#primaryimage\"},\"thumbnailUrl\":\"https:\/\/apuntesdesanluis.com\/wp-content\/uploads\/2025\/04\/mujer-enterrada.png\",\"datePublished\":\"2025-04-05T00:55:54+00:00\",\"breadcrumb\":{\"@id\":\"https:\/\/apuntesdesanluis.com\/index.php\/2025\/04\/04\/de-no-creer-reclamo-el-certificado-de-defuncion-de-su-suegra-a-la-que-enterro-en-el-patio\/#breadcrumb\"},\"inLanguage\":\"es-AR\",\"potentialAction\":[{\"@type\":\"ReadAction\",\"target\":[\"https:\/\/apuntesdesanluis.com\/index.php\/2025\/04\/04\/de-no-creer-reclamo-el-certificado-de-defuncion-de-su-suegra-a-la-que-enterro-en-el-patio\/\"]}]},{\"@type\":\"ImageObject\",\"inLanguage\":\"es-AR\",\"@id\":\"https:\/\/apuntesdesanluis.com\/index.php\/2025\/04\/04\/de-no-creer-reclamo-el-certificado-de-defuncion-de-su-suegra-a-la-que-enterro-en-el-patio\/#primaryimage\",\"url\":\"https:\/\/apuntesdesanluis.com\/wp-content\/uploads\/2025\/04\/mujer-enterrada.png\",\"contentUrl\":\"https:\/\/apuntesdesanluis.com\/wp-content\/uploads\/2025\/04\/mujer-enterrada.png\",\"width\":503,\"height\":270},{\"@type\":\"BreadcrumbList\",\"@id\":\"https:\/\/apuntesdesanluis.com\/index.php\/2025\/04\/04\/de-no-creer-reclamo-el-certificado-de-defuncion-de-su-suegra-a-la-que-enterro-en-el-patio\/#breadcrumb\",\"itemListElement\":[{\"@type\":\"ListItem\",\"position\":1,\"name\":\"Inicio\",\"item\":\"https:\/\/apuntesdesanluis.com\/\"},{\"@type\":\"ListItem\",\"position\":2,\"name\":\"DE NO CREER: RECLAM\u00d3 EL CERTIFICADO DE DEFUNCI\u00d3N DE SU SUEGRA, A LA QUE ENTERR\u00d3 EN EL PATIO\"}]},{\"@type\":\"WebSite\",\"@id\":\"https:\/\/apuntesdesanluis.com\/#website\",\"url\":\"https:\/\/apuntesdesanluis.com\/\",\"name\":\"Apuntes de San Luis\",\"description\":\"\",\"publisher\":{\"@id\":\"https:\/\/apuntesdesanluis.com\/#\/schema\/person\/b55151d52296fcce64d1a72538a70b90\"},\"potentialAction\":[{\"@type\":\"SearchAction\",\"target\":{\"@type\":\"EntryPoint\",\"urlTemplate\":\"https:\/\/apuntesdesanluis.com\/?s={search_term_string}\"},\"query-input\":{\"@type\":\"PropertyValueSpecification\",\"valueRequired\":true,\"valueName\":\"search_term_string\"}}],\"inLanguage\":\"es-AR\"},{\"@type\":[\"Person\",\"Organization\"],\"@id\":\"https:\/\/apuntesdesanluis.com\/#\/schema\/person\/b55151d52296fcce64d1a72538a70b90\",\"name\":\"apuntesdesanluis.com\",\"image\":{\"@type\":\"ImageObject\",\"inLanguage\":\"es-AR\",\"@id\":\"https:\/\/apuntesdesanluis.com\/#\/schema\/person\/image\/\",\"url\":\"https:\/\/apuntesdesanluis.com\/wp-content\/uploads\/2023\/07\/cropped-apuntesdesanluis.png\",\"contentUrl\":\"https:\/\/apuntesdesanluis.com\/wp-content\/uploads\/2023\/07\/cropped-apuntesdesanluis.png\",\"width\":450,\"height\":112,\"caption\":\"apuntesdesanluis.com\"},\"logo\":{\"@id\":\"https:\/\/apuntesdesanluis.com\/#\/schema\/person\/image\/\"},\"sameAs\":[\"https:\/\/apuntesdesanluis.com\"],\"url\":\"https:\/\/apuntesdesanluis.com\/index.php\/author\/apuntesdesanluis-com\/\"}]}<\/script>\n<!-- \/ Yoast SEO plugin. -->","yoast_head_json":{"title":"DE NO CREER: RECLAM\u00d3 EL CERTIFICADO DE DEFUNCI\u00d3N DE SU SUEGRA, A LA QUE ENTERR\u00d3 EN EL PATIO - Apuntes de San Luis","robots":{"index":"index","follow":"follow","max-snippet":"max-snippet:-1","max-image-preview":"max-image-preview:large","max-video-preview":"max-video-preview:-1"},"canonical":"https:\/\/apuntesdesanluis.com\/index.php\/2025\/04\/04\/de-no-creer-reclamo-el-certificado-de-defuncion-de-su-suegra-a-la-que-enterro-en-el-patio\/","og_locale":"es_ES","og_type":"article","og_title":"DE NO CREER: RECLAM\u00d3 EL CERTIFICADO DE DEFUNCI\u00d3N DE SU SUEGRA, A LA QUE ENTERR\u00d3 EN EL PATIO - Apuntes de San Luis","og_description":"La informaci\u00f3n es escueta y dif\u00edcil de creer. No se sabe por qu\u00e9 raz\u00f3n, un...","og_url":"https:\/\/apuntesdesanluis.com\/index.php\/2025\/04\/04\/de-no-creer-reclamo-el-certificado-de-defuncion-de-su-suegra-a-la-que-enterro-en-el-patio\/","og_site_name":"Apuntes de San Luis","article_published_time":"2025-04-05T00:55:54+00:00","og_image":[{"width":503,"height":270,"url":"https:\/\/apuntesdesanluis.com\/wp-content\/uploads\/2025\/04\/mujer-enterrada.png","type":"image\/png"}],"author":"apuntesdesanluis.com","twitter_card":"summary_large_image","twitter_misc":{"Escrito por":"apuntesdesanluis.com","Tiempo de lectura":"2 minutos"},"schema":{"@context":"https:\/\/schema.org","@graph":[{"@type":"Article","@id":"https:\/\/apuntesdesanluis.com\/index.php\/2025\/04\/04\/de-no-creer-reclamo-el-certificado-de-defuncion-de-su-suegra-a-la-que-enterro-en-el-patio\/#article","isPartOf":{"@id":"https:\/\/apuntesdesanluis.com\/index.php\/2025\/04\/04\/de-no-creer-reclamo-el-certificado-de-defuncion-de-su-suegra-a-la-que-enterro-en-el-patio\/"},"author":{"name":"apuntesdesanluis.com","@id":"https:\/\/apuntesdesanluis.com\/#\/schema\/person\/b55151d52296fcce64d1a72538a70b90"},"headline":"DE NO CREER: RECLAM\u00d3 EL CERTIFICADO DE DEFUNCI\u00d3N DE SU SUEGRA, A LA QUE ENTERR\u00d3 EN EL PATIO","datePublished":"2025-04-05T00:55:54+00:00","mainEntityOfPage":{"@id":"https:\/\/apuntesdesanluis.com\/index.php\/2025\/04\/04\/de-no-creer-reclamo-el-certificado-de-defuncion-de-su-suegra-a-la-que-enterro-en-el-patio\/"},"wordCount":376,"publisher":{"@id":"https:\/\/apuntesdesanluis.com\/#\/schema\/person\/b55151d52296fcce64d1a72538a70b90"},"image":{"@id":"https:\/\/apuntesdesanluis.com\/index.php\/2025\/04\/04\/de-no-creer-reclamo-el-certificado-de-defuncion-de-su-suegra-a-la-que-enterro-en-el-patio\/#primaryimage"},"thumbnailUrl":"https:\/\/apuntesdesanluis.com\/wp-content\/uploads\/2025\/04\/mujer-enterrada.png","articleSection":["Ciudad\/Provincia"],"inLanguage":"es-AR"},{"@type":"WebPage","@id":"https:\/\/apuntesdesanluis.com\/index.php\/2025\/04\/04\/de-no-creer-reclamo-el-certificado-de-defuncion-de-su-suegra-a-la-que-enterro-en-el-patio\/","url":"https:\/\/apuntesdesanluis.com\/index.php\/2025\/04\/04\/de-no-creer-reclamo-el-certificado-de-defuncion-de-su-suegra-a-la-que-enterro-en-el-patio\/","name":"DE NO CREER: RECLAM\u00d3 EL CERTIFICADO DE DEFUNCI\u00d3N DE SU SUEGRA, A LA QUE ENTERR\u00d3 EN EL PATIO - Apuntes de San Luis","isPartOf":{"@id":"https:\/\/apuntesdesanluis.com\/#website"},"primaryImageOfPage":{"@id":"https:\/\/apuntesdesanluis.com\/index.php\/2025\/04\/04\/de-no-creer-reclamo-el-certificado-de-defuncion-de-su-suegra-a-la-que-enterro-en-el-patio\/#primaryimage"},"image":{"@id":"https:\/\/apuntesdesanluis.com\/index.php\/2025\/04\/04\/de-no-creer-reclamo-el-certificado-de-defuncion-de-su-suegra-a-la-que-enterro-en-el-patio\/#primaryimage"},"thumbnailUrl":"https:\/\/apuntesdesanluis.com\/wp-content\/uploads\/2025\/04\/mujer-enterrada.png","datePublished":"2025-04-05T00:55:54+00:00","breadcrumb":{"@id":"https:\/\/apuntesdesanluis.com\/index.php\/2025\/04\/04\/de-no-creer-reclamo-el-certificado-de-defuncion-de-su-suegra-a-la-que-enterro-en-el-patio\/#breadcrumb"},"inLanguage":"es-AR","potentialAction":[{"@type":"ReadAction","target":["https:\/\/apuntesdesanluis.com\/index.php\/2025\/04\/04\/de-no-creer-reclamo-el-certificado-de-defuncion-de-su-suegra-a-la-que-enterro-en-el-patio\/"]}]},{"@type":"ImageObject","inLanguage":"es-AR","@id":"https:\/\/apuntesdesanluis.com\/index.php\/2025\/04\/04\/de-no-creer-reclamo-el-certificado-de-defuncion-de-su-suegra-a-la-que-enterro-en-el-patio\/#primaryimage","url":"https:\/\/apuntesdesanluis.com\/wp-content\/uploads\/2025\/04\/mujer-enterrada.png","contentUrl":"https:\/\/apuntesdesanluis.com\/wp-content\/uploads\/2025\/04\/mujer-enterrada.png","width":503,"height":270},{"@type":"BreadcrumbList","@id":"https:\/\/apuntesdesanluis.com\/index.php\/2025\/04\/04\/de-no-creer-reclamo-el-certificado-de-defuncion-de-su-suegra-a-la-que-enterro-en-el-patio\/#breadcrumb","itemListElement":[{"@type":"ListItem","position":1,"name":"Inicio","item":"https:\/\/apuntesdesanluis.com\/"},{"@type":"ListItem","position":2,"name":"DE NO CREER: RECLAM\u00d3 EL CERTIFICADO DE DEFUNCI\u00d3N DE SU SUEGRA, A LA QUE ENTERR\u00d3 EN EL PATIO"}]},{"@type":"WebSite","@id":"https:\/\/apuntesdesanluis.com\/#website","url":"https:\/\/apuntesdesanluis.com\/","name":"Apuntes de San Luis","description":"","publisher":{"@id":"https:\/\/apuntesdesanluis.com\/#\/schema\/person\/b55151d52296fcce64d1a72538a70b90"},"potentialAction":[{"@type":"SearchAction","target":{"@type":"EntryPoint","urlTemplate":"https:\/\/apuntesdesanluis.com\/?s={search_term_string}"},"query-input":{"@type":"PropertyValueSpecification","valueRequired":true,"valueName":"search_term_string"}}],"inLanguage":"es-AR"},{"@type":["Person","Organization"],"@id":"https:\/\/apuntesdesanluis.com\/#\/schema\/person\/b55151d52296fcce64d1a72538a70b90","name":"apuntesdesanluis.com","image":{"@type":"ImageObject","inLanguage":"es-AR","@id":"https:\/\/apuntesdesanluis.com\/#\/schema\/person\/image\/","url":"https:\/\/apuntesdesanluis.com\/wp-content\/uploads\/2023\/07\/cropped-apuntesdesanluis.png","contentUrl":"https:\/\/apuntesdesanluis.com\/wp-content\/uploads\/2023\/07\/cropped-apuntesdesanluis.png","width":450,"height":112,"caption":"apuntesdesanluis.com"},"logo":{"@id":"https:\/\/apuntesdesanluis.com\/#\/schema\/person\/image\/"},"sameAs":["https:\/\/apuntesdesanluis.com"],"url":"https:\/\/apuntesdesanluis.com\/index.php\/author\/apuntesdesanluis-com\/"}]}},"featured_image_urls":{"full":["https:\/\/apuntesdesanluis.com\/wp-content\/uploads\/2025\/04\/mujer-enterrada.png",503,270,false],"thumbnail":["https:\/\/apuntesdesanluis.com\/wp-content\/uploads\/2025\/04\/mujer-enterrada-150x150.png",150,150,true],"medium":["https:\/\/apuntesdesanluis.com\/wp-content\/uploads\/2025\/04\/mujer-enterrada-300x161.png",300,161,true],"medium_large":["https:\/\/apuntesdesanluis.com\/wp-content\/uploads\/2025\/04\/mujer-enterrada.png",503,270,false],"large":["https:\/\/apuntesdesanluis.com\/wp-content\/uploads\/2025\/04\/mujer-enterrada.png",503,270,false],"1536x1536":["https:\/\/apuntesdesanluis.com\/wp-content\/uploads\/2025\/04\/mujer-enterrada.png",503,270,false],"2048x2048":["https:\/\/apuntesdesanluis.com\/wp-content\/uploads\/2025\/04\/mujer-enterrada.png",503,270,false],"newsever-slider-full":["https:\/\/apuntesdesanluis.com\/wp-content\/uploads\/2025\/04\/mujer-enterrada.png",503,270,false],"newsever-featured":["https:\/\/apuntesdesanluis.com\/wp-content\/uploads\/2025\/04\/mujer-enterrada.png",503,270,false],"newsever-medium":["https:\/\/apuntesdesanluis.com\/wp-content\/uploads\/2025\/04\/mujer-enterrada.png",503,270,false]},"author_info":{"display_name":"apuntesdesanluis.com","author_link":"https:\/\/apuntesdesanluis.com\/index.php\/author\/apuntesdesanluis-com\/"},"category_info":"<a href=\"https:\/\/apuntesdesanluis.com\/index.php\/category\/ciudad-provincia\/\" rel=\"category tag\">Ciudad\/Provincia<\/a>","tag_info":"Ciudad\/Provincia","comment_count":"0","_links":{"self":[{"href":"https:\/\/apuntesdesanluis.com\/index.php\/wp-json\/wp\/v2\/posts\/31225","targetHints":{"allow":["GET"]}}],"collection":[{"href":"https:\/\/apuntesdesanluis.com\/index.php\/wp-json\/wp\/v2\/posts"}],"about":[{"href":"https:\/\/apuntesdesanluis.com\/index.php\/wp-json\/wp\/v2\/types\/post"}],"author":[{"embeddable":true,"href":"https:\/\/apuntesdesanluis.com\/index.php\/wp-json\/wp\/v2\/users\/1"}],"replies":[{"embeddable":true,"href":"https:\/\/apuntesdesanluis.com\/index.php\/wp-json\/wp\/v2\/comments?post=31225"}],"version-history":[{"count":1,"href":"https:\/\/apuntesdesanluis.com\/index.php\/wp-json\/wp\/v2\/posts\/31225\/revisions"}],"predecessor-version":[{"id":31227,"href":"https:\/\/apuntesdesanluis.com\/index.php\/wp-json\/wp\/v2\/posts\/31225\/revisions\/31227"}],"wp:featuredmedia":[{"embeddable":true,"href":"https:\/\/apuntesdesanluis.com\/index.php\/wp-json\/wp\/v2\/media\/31226"}],"wp:attachment":[{"href":"https:\/\/apuntesdesanluis.com\/index.php\/wp-json\/wp\/v2\/media?parent=31225"}],"wp:term":[{"taxonomy":"category","embeddable":true,"href":"https:\/\/apuntesdesanluis.com\/index.php\/wp-json\/wp\/v2\/categories?post=31225"},{"taxonomy":"post_tag","embeddable":true,"href":"https:\/\/apuntesdesanluis.com\/index.php\/wp-json\/wp\/v2\/tags?post=31225"}],"curies":[{"name":"wp","href":"https:\/\/api.w.org\/{rel}","templated":true}]}}