{"id":3134,"date":"2023-09-11T22:31:08","date_gmt":"2023-09-12T01:31:08","guid":{"rendered":"https:\/\/apuntesdesanluis.com\/?p=3134"},"modified":"2023-09-11T22:31:37","modified_gmt":"2023-09-12T01:31:37","slug":"el-senador-rodriguez-saa-asistio-a-la-misa-del-aniversario-del-asesinato-del-oficial-diego-gatica","status":"publish","type":"post","link":"https:\/\/apuntesdesanluis.com\/index.php\/2023\/09\/11\/el-senador-rodriguez-saa-asistio-a-la-misa-del-aniversario-del-asesinato-del-oficial-diego-gatica\/","title":{"rendered":"EL SENADOR RODRIGUEZ SA\u00c1 ASISTI\u00d3 A LA MISA DEL  ANIVERSARIO DEL ASESINATO DEL OFICIAL DIEGO GATICA"},"content":{"rendered":"<h3 class=\"yiv7409174924ydp6329976emsonormal\" style=\"text-align: justify; background: white;\"><span style=\"font-family: 'Arial','sans-serif'; color: #1d2228;\">El senador nacional <strong>Adolfo Rodriguez Sa\u00e1<\/strong> particip\u00f3 este lunes de la misa en homenaje al Oficial <strong>Diego Gatica Ledesma<\/strong>, que ofici\u00f3 el Obispo Diocesano de San Luis Monse\u00f1or <strong>Gabriel Barba<\/strong> en la Iglesia Catedral, al cumplirse un a\u00f1o del asesinato, con la presencia de familiares de la v\u00edctima y el gobernador electo Claudio Poggi.<\/span><\/h3>\n<p><img fetchpriority=\"high\" decoding=\"async\" class=\"wp-image-3136 aligncenter\" src=\"https:\/\/apuntesdesanluis.com\/wp-content\/uploads\/2023\/09\/adolfo-poggi-300x170.png\" alt=\"\" width=\"664\" height=\"376\" srcset=\"https:\/\/apuntesdesanluis.com\/wp-content\/uploads\/2023\/09\/adolfo-poggi-300x170.png 300w, https:\/\/apuntesdesanluis.com\/wp-content\/uploads\/2023\/09\/adolfo-poggi-768x434.png 768w, https:\/\/apuntesdesanluis.com\/wp-content\/uploads\/2023\/09\/adolfo-poggi.png 803w\" sizes=\"(max-width: 664px) 100vw, 664px\" \/><\/p>\n<h3 class=\"yiv7409174924ydp6329976emsonormal\" style=\"text-align: justify; background: white;\"><span style=\"font-family: 'Arial','sans-serif'; color: #1d2228;\">Rodriguez Sa\u00e1 salud\u00f3 a Poggi y acompa\u00f1\u00f3 durante el oficio religioso a Carina Ledesma (madre) y Ana Mar\u00eda Peralta (t\u00eda), con quienes se fundi\u00f3 en un abrazo al momento de la liturgia de la paz en la ceremonia cat\u00f3lica.<\/span><\/h3>\n<p><img decoding=\"async\" class=\"wp-image-3137 aligncenter\" src=\"https:\/\/apuntesdesanluis.com\/wp-content\/uploads\/2023\/09\/adlfo-besa-300x245.png\" alt=\"\" width=\"664\" height=\"542\" srcset=\"https:\/\/apuntesdesanluis.com\/wp-content\/uploads\/2023\/09\/adlfo-besa-300x245.png 300w, https:\/\/apuntesdesanluis.com\/wp-content\/uploads\/2023\/09\/adlfo-besa.png 492w\" sizes=\"(max-width: 664px) 100vw, 664px\" \/><\/p>\n<h3 class=\"yiv7409174924ydp6329976emsonormal\" style=\"text-align: justify; background: white;\"><span style=\"font-family: 'Arial','sans-serif'; color: #1d2228;\">El legislador, adem\u00e1s salud\u00f3 al padre Miguel Gatica y los hermanos (Ana y Bruno) del efectivo de la Polic\u00eda Provincial asesinado en la zona del Barrio Tibiletti de la ciudad\u00a0de\u00a0San\u00a0Luis.<\/span><\/h3>\n<p>&nbsp;<\/p>\n<p>&nbsp;<\/p>\n<p>&nbsp;<\/p>\n","protected":false},"excerpt":{"rendered":"<p>El senador nacional Adolfo Rodriguez Sa\u00e1 particip\u00f3 este lunes de la misa en homenaje al&#8230;<\/p>\n","protected":false},"author":1,"featured_media":3135,"comment_status":"closed","ping_status":"closed","sticky":false,"template":"","format":"standard","meta":{"footnotes":""},"categories":[6],"tags":[],"class_list":["post-3134","post","type-post","status-publish","format-standard","has-post-thumbnail","hentry","category-ciudad-provincia"],"yoast_head":"<!-- This site is optimized with the Yoast SEO plugin v26.1.1 - https:\/\/yoast.com\/wordpress\/plugins\/seo\/ -->\n<title>EL SENADOR RODRIGUEZ SA\u00c1 ASISTI\u00d3 A LA MISA DEL ANIVERSARIO DEL ASESINATO DEL OFICIAL DIEGO GATICA - Apuntes de San Luis<\/title>\n<meta name=\"robots\" content=\"index, follow, max-snippet:-1, max-image-preview:large, max-video-preview:-1\" \/>\n<link rel=\"canonical\" href=\"https:\/\/apuntesdesanluis.com\/index.php\/2023\/09\/11\/el-senador-rodriguez-saa-asistio-a-la-misa-del-aniversario-del-asesinato-del-oficial-diego-gatica\/\" \/>\n<meta property=\"og:locale\" content=\"es_ES\" \/>\n<meta property=\"og:type\" content=\"article\" \/>\n<meta property=\"og:title\" content=\"EL SENADOR RODRIGUEZ SA\u00c1 ASISTI\u00d3 A LA MISA DEL ANIVERSARIO DEL ASESINATO DEL OFICIAL DIEGO GATICA - Apuntes de San Luis\" \/>\n<meta property=\"og:description\" content=\"El senador nacional Adolfo Rodriguez Sa\u00e1 particip\u00f3 este lunes de la misa en homenaje al...\" \/>\n<meta property=\"og:url\" content=\"https:\/\/apuntesdesanluis.com\/index.php\/2023\/09\/11\/el-senador-rodriguez-saa-asistio-a-la-misa-del-aniversario-del-asesinato-del-oficial-diego-gatica\/\" \/>\n<meta property=\"og:site_name\" content=\"Apuntes de San Luis\" \/>\n<meta property=\"article:published_time\" content=\"2023-09-12T01:31:08+00:00\" \/>\n<meta property=\"article:modified_time\" content=\"2023-09-12T01:31:37+00:00\" \/>\n<meta property=\"og:image\" content=\"https:\/\/apuntesdesanluis.com\/wp-content\/uploads\/2023\/09\/adolfo-en-misa.png\" \/>\n\t<meta property=\"og:image:width\" content=\"712\" \/>\n\t<meta property=\"og:image:height\" content=\"404\" \/>\n\t<meta property=\"og:image:type\" content=\"image\/png\" \/>\n<meta name=\"author\" content=\"apuntesdesanluis.com\" \/>\n<meta name=\"twitter:card\" content=\"summary_large_image\" \/>\n<meta name=\"twitter:label1\" content=\"Escrito por\" \/>\n\t<meta name=\"twitter:data1\" content=\"apuntesdesanluis.com\" \/>\n\t<meta name=\"twitter:label2\" content=\"Tiempo de lectura\" \/>\n\t<meta name=\"twitter:data2\" content=\"1 minuto\" \/>\n<script type=\"application\/ld+json\" class=\"yoast-schema-graph\">{\"@context\":\"https:\/\/schema.org\",\"@graph\":[{\"@type\":\"Article\",\"@id\":\"https:\/\/apuntesdesanluis.com\/index.php\/2023\/09\/11\/el-senador-rodriguez-saa-asistio-a-la-misa-del-aniversario-del-asesinato-del-oficial-diego-gatica\/#article\",\"isPartOf\":{\"@id\":\"https:\/\/apuntesdesanluis.com\/index.php\/2023\/09\/11\/el-senador-rodriguez-saa-asistio-a-la-misa-del-aniversario-del-asesinato-del-oficial-diego-gatica\/\"},\"author\":{\"name\":\"apuntesdesanluis.com\",\"@id\":\"https:\/\/apuntesdesanluis.com\/#\/schema\/person\/b55151d52296fcce64d1a72538a70b90\"},\"headline\":\"EL SENADOR RODRIGUEZ SA\u00c1 ASISTI\u00d3 A LA MISA DEL ANIVERSARIO DEL ASESINATO DEL OFICIAL DIEGO GATICA\",\"datePublished\":\"2023-09-12T01:31:08+00:00\",\"dateModified\":\"2023-09-12T01:31:37+00:00\",\"mainEntityOfPage\":{\"@id\":\"https:\/\/apuntesdesanluis.com\/index.php\/2023\/09\/11\/el-senador-rodriguez-saa-asistio-a-la-misa-del-aniversario-del-asesinato-del-oficial-diego-gatica\/\"},\"wordCount\":153,\"publisher\":{\"@id\":\"https:\/\/apuntesdesanluis.com\/#\/schema\/person\/b55151d52296fcce64d1a72538a70b90\"},\"image\":{\"@id\":\"https:\/\/apuntesdesanluis.com\/index.php\/2023\/09\/11\/el-senador-rodriguez-saa-asistio-a-la-misa-del-aniversario-del-asesinato-del-oficial-diego-gatica\/#primaryimage\"},\"thumbnailUrl\":\"https:\/\/apuntesdesanluis.com\/wp-content\/uploads\/2023\/09\/adolfo-en-misa.png\",\"articleSection\":[\"Ciudad\/Provincia\"],\"inLanguage\":\"es-AR\"},{\"@type\":\"WebPage\",\"@id\":\"https:\/\/apuntesdesanluis.com\/index.php\/2023\/09\/11\/el-senador-rodriguez-saa-asistio-a-la-misa-del-aniversario-del-asesinato-del-oficial-diego-gatica\/\",\"url\":\"https:\/\/apuntesdesanluis.com\/index.php\/2023\/09\/11\/el-senador-rodriguez-saa-asistio-a-la-misa-del-aniversario-del-asesinato-del-oficial-diego-gatica\/\",\"name\":\"EL SENADOR RODRIGUEZ SA\u00c1 ASISTI\u00d3 A LA MISA DEL ANIVERSARIO DEL ASESINATO DEL OFICIAL DIEGO GATICA - Apuntes de San Luis\",\"isPartOf\":{\"@id\":\"https:\/\/apuntesdesanluis.com\/#website\"},\"primaryImageOfPage\":{\"@id\":\"https:\/\/apuntesdesanluis.com\/index.php\/2023\/09\/11\/el-senador-rodriguez-saa-asistio-a-la-misa-del-aniversario-del-asesinato-del-oficial-diego-gatica\/#primaryimage\"},\"image\":{\"@id\":\"https:\/\/apuntesdesanluis.com\/index.php\/2023\/09\/11\/el-senador-rodriguez-saa-asistio-a-la-misa-del-aniversario-del-asesinato-del-oficial-diego-gatica\/#primaryimage\"},\"thumbnailUrl\":\"https:\/\/apuntesdesanluis.com\/wp-content\/uploads\/2023\/09\/adolfo-en-misa.png\",\"datePublished\":\"2023-09-12T01:31:08+00:00\",\"dateModified\":\"2023-09-12T01:31:37+00:00\",\"breadcrumb\":{\"@id\":\"https:\/\/apuntesdesanluis.com\/index.php\/2023\/09\/11\/el-senador-rodriguez-saa-asistio-a-la-misa-del-aniversario-del-asesinato-del-oficial-diego-gatica\/#breadcrumb\"},\"inLanguage\":\"es-AR\",\"potentialAction\":[{\"@type\":\"ReadAction\",\"target\":[\"https:\/\/apuntesdesanluis.com\/index.php\/2023\/09\/11\/el-senador-rodriguez-saa-asistio-a-la-misa-del-aniversario-del-asesinato-del-oficial-diego-gatica\/\"]}]},{\"@type\":\"ImageObject\",\"inLanguage\":\"es-AR\",\"@id\":\"https:\/\/apuntesdesanluis.com\/index.php\/2023\/09\/11\/el-senador-rodriguez-saa-asistio-a-la-misa-del-aniversario-del-asesinato-del-oficial-diego-gatica\/#primaryimage\",\"url\":\"https:\/\/apuntesdesanluis.com\/wp-content\/uploads\/2023\/09\/adolfo-en-misa.png\",\"contentUrl\":\"https:\/\/apuntesdesanluis.com\/wp-content\/uploads\/2023\/09\/adolfo-en-misa.png\",\"width\":712,\"height\":404},{\"@type\":\"BreadcrumbList\",\"@id\":\"https:\/\/apuntesdesanluis.com\/index.php\/2023\/09\/11\/el-senador-rodriguez-saa-asistio-a-la-misa-del-aniversario-del-asesinato-del-oficial-diego-gatica\/#breadcrumb\",\"itemListElement\":[{\"@type\":\"ListItem\",\"position\":1,\"name\":\"Inicio\",\"item\":\"https:\/\/apuntesdesanluis.com\/\"},{\"@type\":\"ListItem\",\"position\":2,\"name\":\"EL SENADOR RODRIGUEZ SA\u00c1 ASISTI\u00d3 A LA MISA DEL ANIVERSARIO DEL ASESINATO DEL OFICIAL DIEGO GATICA\"}]},{\"@type\":\"WebSite\",\"@id\":\"https:\/\/apuntesdesanluis.com\/#website\",\"url\":\"https:\/\/apuntesdesanluis.com\/\",\"name\":\"Apuntes de San Luis\",\"description\":\"\",\"publisher\":{\"@id\":\"https:\/\/apuntesdesanluis.com\/#\/schema\/person\/b55151d52296fcce64d1a72538a70b90\"},\"potentialAction\":[{\"@type\":\"SearchAction\",\"target\":{\"@type\":\"EntryPoint\",\"urlTemplate\":\"https:\/\/apuntesdesanluis.com\/?s={search_term_string}\"},\"query-input\":{\"@type\":\"PropertyValueSpecification\",\"valueRequired\":true,\"valueName\":\"search_term_string\"}}],\"inLanguage\":\"es-AR\"},{\"@type\":[\"Person\",\"Organization\"],\"@id\":\"https:\/\/apuntesdesanluis.com\/#\/schema\/person\/b55151d52296fcce64d1a72538a70b90\",\"name\":\"apuntesdesanluis.com\",\"image\":{\"@type\":\"ImageObject\",\"inLanguage\":\"es-AR\",\"@id\":\"https:\/\/apuntesdesanluis.com\/#\/schema\/person\/image\/\",\"url\":\"https:\/\/apuntesdesanluis.com\/wp-content\/uploads\/2023\/07\/cropped-apuntesdesanluis.png\",\"contentUrl\":\"https:\/\/apuntesdesanluis.com\/wp-content\/uploads\/2023\/07\/cropped-apuntesdesanluis.png\",\"width\":450,\"height\":112,\"caption\":\"apuntesdesanluis.com\"},\"logo\":{\"@id\":\"https:\/\/apuntesdesanluis.com\/#\/schema\/person\/image\/\"},\"sameAs\":[\"https:\/\/apuntesdesanluis.com\"],\"url\":\"https:\/\/apuntesdesanluis.com\/index.php\/author\/apuntesdesanluis-com\/\"}]}<\/script>\n<!-- \/ Yoast SEO plugin. -->","yoast_head_json":{"title":"EL SENADOR RODRIGUEZ SA\u00c1 ASISTI\u00d3 A LA MISA DEL ANIVERSARIO DEL ASESINATO DEL OFICIAL DIEGO GATICA - Apuntes de San Luis","robots":{"index":"index","follow":"follow","max-snippet":"max-snippet:-1","max-image-preview":"max-image-preview:large","max-video-preview":"max-video-preview:-1"},"canonical":"https:\/\/apuntesdesanluis.com\/index.php\/2023\/09\/11\/el-senador-rodriguez-saa-asistio-a-la-misa-del-aniversario-del-asesinato-del-oficial-diego-gatica\/","og_locale":"es_ES","og_type":"article","og_title":"EL SENADOR RODRIGUEZ SA\u00c1 ASISTI\u00d3 A LA MISA DEL ANIVERSARIO DEL ASESINATO DEL OFICIAL DIEGO GATICA - Apuntes de San Luis","og_description":"El senador nacional Adolfo Rodriguez Sa\u00e1 particip\u00f3 este lunes de la misa en homenaje al...","og_url":"https:\/\/apuntesdesanluis.com\/index.php\/2023\/09\/11\/el-senador-rodriguez-saa-asistio-a-la-misa-del-aniversario-del-asesinato-del-oficial-diego-gatica\/","og_site_name":"Apuntes de San Luis","article_published_time":"2023-09-12T01:31:08+00:00","article_modified_time":"2023-09-12T01:31:37+00:00","og_image":[{"width":712,"height":404,"url":"https:\/\/apuntesdesanluis.com\/wp-content\/uploads\/2023\/09\/adolfo-en-misa.png","type":"image\/png"}],"author":"apuntesdesanluis.com","twitter_card":"summary_large_image","twitter_misc":{"Escrito por":"apuntesdesanluis.com","Tiempo de lectura":"1 minuto"},"schema":{"@context":"https:\/\/schema.org","@graph":[{"@type":"Article","@id":"https:\/\/apuntesdesanluis.com\/index.php\/2023\/09\/11\/el-senador-rodriguez-saa-asistio-a-la-misa-del-aniversario-del-asesinato-del-oficial-diego-gatica\/#article","isPartOf":{"@id":"https:\/\/apuntesdesanluis.com\/index.php\/2023\/09\/11\/el-senador-rodriguez-saa-asistio-a-la-misa-del-aniversario-del-asesinato-del-oficial-diego-gatica\/"},"author":{"name":"apuntesdesanluis.com","@id":"https:\/\/apuntesdesanluis.com\/#\/schema\/person\/b55151d52296fcce64d1a72538a70b90"},"headline":"EL SENADOR RODRIGUEZ SA\u00c1 ASISTI\u00d3 A LA MISA DEL ANIVERSARIO DEL ASESINATO DEL OFICIAL DIEGO GATICA","datePublished":"2023-09-12T01:31:08+00:00","dateModified":"2023-09-12T01:31:37+00:00","mainEntityOfPage":{"@id":"https:\/\/apuntesdesanluis.com\/index.php\/2023\/09\/11\/el-senador-rodriguez-saa-asistio-a-la-misa-del-aniversario-del-asesinato-del-oficial-diego-gatica\/"},"wordCount":153,"publisher":{"@id":"https:\/\/apuntesdesanluis.com\/#\/schema\/person\/b55151d52296fcce64d1a72538a70b90"},"image":{"@id":"https:\/\/apuntesdesanluis.com\/index.php\/2023\/09\/11\/el-senador-rodriguez-saa-asistio-a-la-misa-del-aniversario-del-asesinato-del-oficial-diego-gatica\/#primaryimage"},"thumbnailUrl":"https:\/\/apuntesdesanluis.com\/wp-content\/uploads\/2023\/09\/adolfo-en-misa.png","articleSection":["Ciudad\/Provincia"],"inLanguage":"es-AR"},{"@type":"WebPage","@id":"https:\/\/apuntesdesanluis.com\/index.php\/2023\/09\/11\/el-senador-rodriguez-saa-asistio-a-la-misa-del-aniversario-del-asesinato-del-oficial-diego-gatica\/","url":"https:\/\/apuntesdesanluis.com\/index.php\/2023\/09\/11\/el-senador-rodriguez-saa-asistio-a-la-misa-del-aniversario-del-asesinato-del-oficial-diego-gatica\/","name":"EL SENADOR RODRIGUEZ SA\u00c1 ASISTI\u00d3 A LA MISA DEL ANIVERSARIO DEL ASESINATO DEL OFICIAL DIEGO GATICA - Apuntes de San Luis","isPartOf":{"@id":"https:\/\/apuntesdesanluis.com\/#website"},"primaryImageOfPage":{"@id":"https:\/\/apuntesdesanluis.com\/index.php\/2023\/09\/11\/el-senador-rodriguez-saa-asistio-a-la-misa-del-aniversario-del-asesinato-del-oficial-diego-gatica\/#primaryimage"},"image":{"@id":"https:\/\/apuntesdesanluis.com\/index.php\/2023\/09\/11\/el-senador-rodriguez-saa-asistio-a-la-misa-del-aniversario-del-asesinato-del-oficial-diego-gatica\/#primaryimage"},"thumbnailUrl":"https:\/\/apuntesdesanluis.com\/wp-content\/uploads\/2023\/09\/adolfo-en-misa.png","datePublished":"2023-09-12T01:31:08+00:00","dateModified":"2023-09-12T01:31:37+00:00","breadcrumb":{"@id":"https:\/\/apuntesdesanluis.com\/index.php\/2023\/09\/11\/el-senador-rodriguez-saa-asistio-a-la-misa-del-aniversario-del-asesinato-del-oficial-diego-gatica\/#breadcrumb"},"inLanguage":"es-AR","potentialAction":[{"@type":"ReadAction","target":["https:\/\/apuntesdesanluis.com\/index.php\/2023\/09\/11\/el-senador-rodriguez-saa-asistio-a-la-misa-del-aniversario-del-asesinato-del-oficial-diego-gatica\/"]}]},{"@type":"ImageObject","inLanguage":"es-AR","@id":"https:\/\/apuntesdesanluis.com\/index.php\/2023\/09\/11\/el-senador-rodriguez-saa-asistio-a-la-misa-del-aniversario-del-asesinato-del-oficial-diego-gatica\/#primaryimage","url":"https:\/\/apuntesdesanluis.com\/wp-content\/uploads\/2023\/09\/adolfo-en-misa.png","contentUrl":"https:\/\/apuntesdesanluis.com\/wp-content\/uploads\/2023\/09\/adolfo-en-misa.png","width":712,"height":404},{"@type":"BreadcrumbList","@id":"https:\/\/apuntesdesanluis.com\/index.php\/2023\/09\/11\/el-senador-rodriguez-saa-asistio-a-la-misa-del-aniversario-del-asesinato-del-oficial-diego-gatica\/#breadcrumb","itemListElement":[{"@type":"ListItem","position":1,"name":"Inicio","item":"https:\/\/apuntesdesanluis.com\/"},{"@type":"ListItem","position":2,"name":"EL SENADOR RODRIGUEZ SA\u00c1 ASISTI\u00d3 A LA MISA DEL ANIVERSARIO DEL ASESINATO DEL OFICIAL DIEGO GATICA"}]},{"@type":"WebSite","@id":"https:\/\/apuntesdesanluis.com\/#website","url":"https:\/\/apuntesdesanluis.com\/","name":"Apuntes de San Luis","description":"","publisher":{"@id":"https:\/\/apuntesdesanluis.com\/#\/schema\/person\/b55151d52296fcce64d1a72538a70b90"},"potentialAction":[{"@type":"SearchAction","target":{"@type":"EntryPoint","urlTemplate":"https:\/\/apuntesdesanluis.com\/?s={search_term_string}"},"query-input":{"@type":"PropertyValueSpecification","valueRequired":true,"valueName":"search_term_string"}}],"inLanguage":"es-AR"},{"@type":["Person","Organization"],"@id":"https:\/\/apuntesdesanluis.com\/#\/schema\/person\/b55151d52296fcce64d1a72538a70b90","name":"apuntesdesanluis.com","image":{"@type":"ImageObject","inLanguage":"es-AR","@id":"https:\/\/apuntesdesanluis.com\/#\/schema\/person\/image\/","url":"https:\/\/apuntesdesanluis.com\/wp-content\/uploads\/2023\/07\/cropped-apuntesdesanluis.png","contentUrl":"https:\/\/apuntesdesanluis.com\/wp-content\/uploads\/2023\/07\/cropped-apuntesdesanluis.png","width":450,"height":112,"caption":"apuntesdesanluis.com"},"logo":{"@id":"https:\/\/apuntesdesanluis.com\/#\/schema\/person\/image\/"},"sameAs":["https:\/\/apuntesdesanluis.com"],"url":"https:\/\/apuntesdesanluis.com\/index.php\/author\/apuntesdesanluis-com\/"}]}},"featured_image_urls":{"full":["https:\/\/apuntesdesanluis.com\/wp-content\/uploads\/2023\/09\/adolfo-en-misa.png",712,404,false],"thumbnail":["https:\/\/apuntesdesanluis.com\/wp-content\/uploads\/2023\/09\/adolfo-en-misa-150x150.png",150,150,true],"medium":["https:\/\/apuntesdesanluis.com\/wp-content\/uploads\/2023\/09\/adolfo-en-misa-300x170.png",300,170,true],"medium_large":["https:\/\/apuntesdesanluis.com\/wp-content\/uploads\/2023\/09\/adolfo-en-misa.png",640,363,false],"large":["https:\/\/apuntesdesanluis.com\/wp-content\/uploads\/2023\/09\/adolfo-en-misa.png",640,363,false],"1536x1536":["https:\/\/apuntesdesanluis.com\/wp-content\/uploads\/2023\/09\/adolfo-en-misa.png",712,404,false],"2048x2048":["https:\/\/apuntesdesanluis.com\/wp-content\/uploads\/2023\/09\/adolfo-en-misa.png",712,404,false],"newsever-slider-full":["https:\/\/apuntesdesanluis.com\/wp-content\/uploads\/2023\/09\/adolfo-en-misa.png",712,404,false],"newsever-featured":["https:\/\/apuntesdesanluis.com\/wp-content\/uploads\/2023\/09\/adolfo-en-misa.png",712,404,false],"newsever-medium":["https:\/\/apuntesdesanluis.com\/wp-content\/uploads\/2023\/09\/adolfo-en-misa.png",712,404,false]},"author_info":{"display_name":"apuntesdesanluis.com","author_link":"https:\/\/apuntesdesanluis.com\/index.php\/author\/apuntesdesanluis-com\/"},"category_info":"<a href=\"https:\/\/apuntesdesanluis.com\/index.php\/category\/ciudad-provincia\/\" rel=\"category tag\">Ciudad\/Provincia<\/a>","tag_info":"Ciudad\/Provincia","comment_count":"0","_links":{"self":[{"href":"https:\/\/apuntesdesanluis.com\/index.php\/wp-json\/wp\/v2\/posts\/3134","targetHints":{"allow":["GET"]}}],"collection":[{"href":"https:\/\/apuntesdesanluis.com\/index.php\/wp-json\/wp\/v2\/posts"}],"about":[{"href":"https:\/\/apuntesdesanluis.com\/index.php\/wp-json\/wp\/v2\/types\/post"}],"author":[{"embeddable":true,"href":"https:\/\/apuntesdesanluis.com\/index.php\/wp-json\/wp\/v2\/users\/1"}],"replies":[{"embeddable":true,"href":"https:\/\/apuntesdesanluis.com\/index.php\/wp-json\/wp\/v2\/comments?post=3134"}],"version-history":[{"count":2,"href":"https:\/\/apuntesdesanluis.com\/index.php\/wp-json\/wp\/v2\/posts\/3134\/revisions"}],"predecessor-version":[{"id":3139,"href":"https:\/\/apuntesdesanluis.com\/index.php\/wp-json\/wp\/v2\/posts\/3134\/revisions\/3139"}],"wp:featuredmedia":[{"embeddable":true,"href":"https:\/\/apuntesdesanluis.com\/index.php\/wp-json\/wp\/v2\/media\/3135"}],"wp:attachment":[{"href":"https:\/\/apuntesdesanluis.com\/index.php\/wp-json\/wp\/v2\/media?parent=3134"}],"wp:term":[{"taxonomy":"category","embeddable":true,"href":"https:\/\/apuntesdesanluis.com\/index.php\/wp-json\/wp\/v2\/categories?post=3134"},{"taxonomy":"post_tag","embeddable":true,"href":"https:\/\/apuntesdesanluis.com\/index.php\/wp-json\/wp\/v2\/tags?post=3134"}],"curies":[{"name":"wp","href":"https:\/\/api.w.org\/{rel}","templated":true}]}}