{"id":3166,"date":"2023-09-12T13:03:36","date_gmt":"2023-09-12T16:03:36","guid":{"rendered":"https:\/\/apuntesdesanluis.com\/?p=3166"},"modified":"2023-09-12T22:44:12","modified_gmt":"2023-09-13T01:44:12","slug":"ultimo-momento-se-partio-el-bloque-oficialista-en-diputados-y-pierde-el-quorum","status":"publish","type":"post","link":"https:\/\/apuntesdesanluis.com\/index.php\/2023\/09\/12\/ultimo-momento-se-partio-el-bloque-oficialista-en-diputados-y-pierde-el-quorum\/","title":{"rendered":"\u00daLTIMO MOMENTO: SE PARTI\u00d3 EL BLOQUE OFICIALISTA EN DIPUTADOS Y PIERDE EL QU\u00d3RUM"},"content":{"rendered":"<h3>Como derivaci\u00f3n de las desavenencias internas en el seno de la bancada justicialista en la C\u00e1mara de Diputados, cuatro legisladores del interior resolvieron escindirse y conformar un bloque propio, al que denominaron \u201cFuerza Independiente\u201d, y que se transformar\u00e1n en la llave de futuras negociaciones entre el gobierno y la oposici\u00f3n.<\/h3>\n<h3>La principal consecuencia de esta ruptura es que la bancada mayoritaria, que contaba con 25 integrantes, pierde el qu\u00f3rum propio del que dispon\u00eda. Hasta diciembre deber\u00e1 \u201cremarla\u201d con 21 legisladores, quedando el interbloque opositor que conforman Avanzar-UCR-Todos Unidos y Mercedinos por el Cambio con 18, a los que se suma este nuevo sector integrado por los diputados Adri\u00e1n Ag\u00fcero y Ver\u00f3nica Garro (Departamento San Martin), Francisco \u201cTengo\u201d Irusta (Departamento Pedernera) y Ram\u00f3n Leyes (Departamento Belgrano).<\/h3>\n<h3>Como se recordar\u00e1, el mi\u00e9rcoles pasado la sesi\u00f3n de la C\u00e1mara Baja se dispon\u00eda a aprobar la modificaci\u00f3n del presupuesto provincial 2023, cuyo despacho hab\u00eda recibido media sanci\u00f3n del Senado, para permitir que el Ejecutivo pueda ampliar la n\u00f3mina de personal de la administraci\u00f3n p\u00fablica y pasar a planta contratada a trabajadores del Plan de Inclusi\u00f3n Social y otros, pero sin establecer la cantidad.<\/h3>\n<h3>En ese contexto se produjo la ausencia de seis diputados oficialistas y la oposici\u00f3n se neg\u00f3 a dar qu\u00f3rum para que la iniciativa pudiera tratarse, por lo que la reuni\u00f3n legislativa debi\u00f3 levantarse por falta de qu\u00f3rum. Desde ese d\u00eda se instal\u00f3 la sospecha sobre una probable ruptura del monol\u00edtico bloque del PJ y aliados, que termin\u00f3 por cristalizarse ayer, cuando cuatro diputados comunicaron formalmente a la titular del cuerpo, Silvia Sosa Araujo, su decisi\u00f3n de conformar una nueva bancada.<\/h3>\n<h3>Luego de concretar la escisi\u00f3n, los \u201crebeldes\u201d emitieron el siguiente comunicado a la sociedad:<\/h3>\n<h3>\u201cPor medio de la presente, queremos poner en conocimiento al pueblo de San Luis, que hemos tomado una decisi\u00f3n muy trascendente para nosotros y para la provincia. \u00a0En el d\u00eda de la fecha presentamos a la presidente de la C\u00e1mara de Diputados Silvia Sosa Araujo, la conformaci\u00f3n del bloque &#8220;Fuerza Independiente&#8221; en la Legislatura de la Provincia de San Luis.<\/h3>\n<h3>El bloque se conforma con la firme convicci\u00f3n de defender los derechos y el bienestar de todos los habitantes de la Provincia de San Luis. A trav\u00e9s de principios y bases independientes y transparentes, nos comprometemos a trabajar incansablemente en nombre de la comunidad, sin ataduras partidistas que puedan obstaculizar la toma de decisiones en beneficio del pueblo.<\/h3>\n<h3>Fomentaremos el di\u00e1logo constructivo y la colaboraci\u00f3n con todas las fuerzas pol\u00edticas y la sociedad civil para alcanzar soluciones efectivas a los desaf\u00edos que enfrentamos.<\/h3>\n<h3>Son momentos dif\u00edciles que requieren templanza y prudencia y es nuestro deber como legisladores trabajar para el bien com\u00fan del pueblo de San Luis<\/h3>\n<h3>Los miembros del bloque &#8220;Fuerza Independiente&#8221; est\u00e1n comprometidos con la unidad y la b\u00fasqueda de consensos para construir un futuro mejor para San Luis. Nuestro objetivo es servir de voz y representaci\u00f3n para todos los ciudadanos, sin distinci\u00f3n de afiliaci\u00f3n pol\u00edtica.<\/h3>\n<h3>Agradecemos el apoyo de la comunidad y esperamos trabajar juntos para forjar un camino de prosperidad y justicia para la Provincia de San Luis\u201d.<\/h3>\n<h3>Firman: Ag\u00fcero, Adri\u00e1n &#8211;\u00a0 Dip. Prov. Dto. San Martin; Garro, Ver\u00f3nica \u2013 Dip. Prov. Dto. San Martin; Irusta, Ibar \u2013 Dip. Prov. Dto. Pedernera; Leyes, Alberto \u2013 Dip. Prov. Dto. Belgrano.<\/h3>\n<p><img fetchpriority=\"high\" decoding=\"async\" class=\"wp-image-3168 aligncenter\" src=\"https:\/\/apuntesdesanluis.com\/wp-content\/uploads\/2023\/09\/0327c4ca-ce9e-4f71-8591-4aa3b82c17be-227x300.jpg\" alt=\"\" width=\"462\" height=\"611\" srcset=\"https:\/\/apuntesdesanluis.com\/wp-content\/uploads\/2023\/09\/0327c4ca-ce9e-4f71-8591-4aa3b82c17be-227x300.jpg 227w, https:\/\/apuntesdesanluis.com\/wp-content\/uploads\/2023\/09\/0327c4ca-ce9e-4f71-8591-4aa3b82c17be.jpg 700w\" sizes=\"(max-width: 462px) 100vw, 462px\" \/><\/p>\n<p><img decoding=\"async\" class=\"wp-image-3169 aligncenter\" src=\"https:\/\/apuntesdesanluis.com\/wp-content\/uploads\/2023\/09\/068e58e2-b797-46d9-b451-9e3a85e7bee4-227x300.jpg\" alt=\"\" width=\"462\" height=\"611\" srcset=\"https:\/\/apuntesdesanluis.com\/wp-content\/uploads\/2023\/09\/068e58e2-b797-46d9-b451-9e3a85e7bee4-227x300.jpg 227w, https:\/\/apuntesdesanluis.com\/wp-content\/uploads\/2023\/09\/068e58e2-b797-46d9-b451-9e3a85e7bee4.jpg 600w\" sizes=\"(max-width: 462px) 100vw, 462px\" \/><\/p>\n","protected":false},"excerpt":{"rendered":"<p>Como derivaci\u00f3n de las desavenencias internas en el seno de la bancada justicialista en la&#8230;<\/p>\n","protected":false},"author":1,"featured_media":3167,"comment_status":"closed","ping_status":"closed","sticky":false,"template":"","format":"standard","meta":{"footnotes":""},"categories":[6],"tags":[],"class_list":["post-3166","post","type-post","status-publish","format-standard","has-post-thumbnail","hentry","category-ciudad-provincia"],"yoast_head":"<!-- This site is optimized with the Yoast SEO plugin v26.1.1 - https:\/\/yoast.com\/wordpress\/plugins\/seo\/ -->\n<title>\u00daLTIMO MOMENTO: SE PARTI\u00d3 EL BLOQUE OFICIALISTA EN DIPUTADOS Y PIERDE EL QU\u00d3RUM - Apuntes de San Luis<\/title>\n<meta name=\"robots\" content=\"index, follow, max-snippet:-1, max-image-preview:large, max-video-preview:-1\" \/>\n<link rel=\"canonical\" href=\"https:\/\/apuntesdesanluis.com\/index.php\/2023\/09\/12\/ultimo-momento-se-partio-el-bloque-oficialista-en-diputados-y-pierde-el-quorum\/\" \/>\n<meta property=\"og:locale\" content=\"es_ES\" \/>\n<meta property=\"og:type\" content=\"article\" \/>\n<meta property=\"og:title\" content=\"\u00daLTIMO MOMENTO: SE PARTI\u00d3 EL BLOQUE OFICIALISTA EN DIPUTADOS Y PIERDE EL QU\u00d3RUM - Apuntes de San Luis\" \/>\n<meta property=\"og:description\" content=\"Como derivaci\u00f3n de las desavenencias internas en el seno de la bancada justicialista en la...\" \/>\n<meta property=\"og:url\" content=\"https:\/\/apuntesdesanluis.com\/index.php\/2023\/09\/12\/ultimo-momento-se-partio-el-bloque-oficialista-en-diputados-y-pierde-el-quorum\/\" \/>\n<meta property=\"og:site_name\" content=\"Apuntes de San Luis\" \/>\n<meta property=\"article:published_time\" content=\"2023-09-12T16:03:36+00:00\" \/>\n<meta property=\"article:modified_time\" content=\"2023-09-13T01:44:12+00:00\" \/>\n<meta property=\"og:image\" content=\"https:\/\/apuntesdesanluis.com\/wp-content\/uploads\/2023\/09\/cuatro.png\" \/>\n\t<meta property=\"og:image:width\" content=\"600\" \/>\n\t<meta property=\"og:image:height\" content=\"282\" \/>\n\t<meta property=\"og:image:type\" content=\"image\/png\" \/>\n<meta name=\"author\" content=\"apuntesdesanluis.com\" \/>\n<meta name=\"twitter:card\" content=\"summary_large_image\" \/>\n<meta name=\"twitter:label1\" content=\"Escrito por\" \/>\n\t<meta name=\"twitter:data1\" content=\"apuntesdesanluis.com\" \/>\n\t<meta name=\"twitter:label2\" content=\"Tiempo de lectura\" \/>\n\t<meta name=\"twitter:data2\" content=\"3 minutos\" \/>\n<script type=\"application\/ld+json\" class=\"yoast-schema-graph\">{\"@context\":\"https:\/\/schema.org\",\"@graph\":[{\"@type\":\"Article\",\"@id\":\"https:\/\/apuntesdesanluis.com\/index.php\/2023\/09\/12\/ultimo-momento-se-partio-el-bloque-oficialista-en-diputados-y-pierde-el-quorum\/#article\",\"isPartOf\":{\"@id\":\"https:\/\/apuntesdesanluis.com\/index.php\/2023\/09\/12\/ultimo-momento-se-partio-el-bloque-oficialista-en-diputados-y-pierde-el-quorum\/\"},\"author\":{\"name\":\"apuntesdesanluis.com\",\"@id\":\"https:\/\/apuntesdesanluis.com\/#\/schema\/person\/b55151d52296fcce64d1a72538a70b90\"},\"headline\":\"\u00daLTIMO MOMENTO: SE PARTI\u00d3 EL BLOQUE OFICIALISTA EN DIPUTADOS Y PIERDE EL QU\u00d3RUM\",\"datePublished\":\"2023-09-12T16:03:36+00:00\",\"dateModified\":\"2023-09-13T01:44:12+00:00\",\"mainEntityOfPage\":{\"@id\":\"https:\/\/apuntesdesanluis.com\/index.php\/2023\/09\/12\/ultimo-momento-se-partio-el-bloque-oficialista-en-diputados-y-pierde-el-quorum\/\"},\"wordCount\":603,\"publisher\":{\"@id\":\"https:\/\/apuntesdesanluis.com\/#\/schema\/person\/b55151d52296fcce64d1a72538a70b90\"},\"image\":{\"@id\":\"https:\/\/apuntesdesanluis.com\/index.php\/2023\/09\/12\/ultimo-momento-se-partio-el-bloque-oficialista-en-diputados-y-pierde-el-quorum\/#primaryimage\"},\"thumbnailUrl\":\"https:\/\/apuntesdesanluis.com\/wp-content\/uploads\/2023\/09\/cuatro.png\",\"articleSection\":[\"Ciudad\/Provincia\"],\"inLanguage\":\"es-AR\"},{\"@type\":\"WebPage\",\"@id\":\"https:\/\/apuntesdesanluis.com\/index.php\/2023\/09\/12\/ultimo-momento-se-partio-el-bloque-oficialista-en-diputados-y-pierde-el-quorum\/\",\"url\":\"https:\/\/apuntesdesanluis.com\/index.php\/2023\/09\/12\/ultimo-momento-se-partio-el-bloque-oficialista-en-diputados-y-pierde-el-quorum\/\",\"name\":\"\u00daLTIMO MOMENTO: SE PARTI\u00d3 EL BLOQUE OFICIALISTA EN DIPUTADOS Y PIERDE EL QU\u00d3RUM - Apuntes de San Luis\",\"isPartOf\":{\"@id\":\"https:\/\/apuntesdesanluis.com\/#website\"},\"primaryImageOfPage\":{\"@id\":\"https:\/\/apuntesdesanluis.com\/index.php\/2023\/09\/12\/ultimo-momento-se-partio-el-bloque-oficialista-en-diputados-y-pierde-el-quorum\/#primaryimage\"},\"image\":{\"@id\":\"https:\/\/apuntesdesanluis.com\/index.php\/2023\/09\/12\/ultimo-momento-se-partio-el-bloque-oficialista-en-diputados-y-pierde-el-quorum\/#primaryimage\"},\"thumbnailUrl\":\"https:\/\/apuntesdesanluis.com\/wp-content\/uploads\/2023\/09\/cuatro.png\",\"datePublished\":\"2023-09-12T16:03:36+00:00\",\"dateModified\":\"2023-09-13T01:44:12+00:00\",\"breadcrumb\":{\"@id\":\"https:\/\/apuntesdesanluis.com\/index.php\/2023\/09\/12\/ultimo-momento-se-partio-el-bloque-oficialista-en-diputados-y-pierde-el-quorum\/#breadcrumb\"},\"inLanguage\":\"es-AR\",\"potentialAction\":[{\"@type\":\"ReadAction\",\"target\":[\"https:\/\/apuntesdesanluis.com\/index.php\/2023\/09\/12\/ultimo-momento-se-partio-el-bloque-oficialista-en-diputados-y-pierde-el-quorum\/\"]}]},{\"@type\":\"ImageObject\",\"inLanguage\":\"es-AR\",\"@id\":\"https:\/\/apuntesdesanluis.com\/index.php\/2023\/09\/12\/ultimo-momento-se-partio-el-bloque-oficialista-en-diputados-y-pierde-el-quorum\/#primaryimage\",\"url\":\"https:\/\/apuntesdesanluis.com\/wp-content\/uploads\/2023\/09\/cuatro.png\",\"contentUrl\":\"https:\/\/apuntesdesanluis.com\/wp-content\/uploads\/2023\/09\/cuatro.png\",\"width\":600,\"height\":282},{\"@type\":\"BreadcrumbList\",\"@id\":\"https:\/\/apuntesdesanluis.com\/index.php\/2023\/09\/12\/ultimo-momento-se-partio-el-bloque-oficialista-en-diputados-y-pierde-el-quorum\/#breadcrumb\",\"itemListElement\":[{\"@type\":\"ListItem\",\"position\":1,\"name\":\"Inicio\",\"item\":\"https:\/\/apuntesdesanluis.com\/\"},{\"@type\":\"ListItem\",\"position\":2,\"name\":\"\u00daLTIMO MOMENTO: SE PARTI\u00d3 EL BLOQUE OFICIALISTA EN DIPUTADOS Y PIERDE EL QU\u00d3RUM\"}]},{\"@type\":\"WebSite\",\"@id\":\"https:\/\/apuntesdesanluis.com\/#website\",\"url\":\"https:\/\/apuntesdesanluis.com\/\",\"name\":\"Apuntes de San Luis\",\"description\":\"\",\"publisher\":{\"@id\":\"https:\/\/apuntesdesanluis.com\/#\/schema\/person\/b55151d52296fcce64d1a72538a70b90\"},\"potentialAction\":[{\"@type\":\"SearchAction\",\"target\":{\"@type\":\"EntryPoint\",\"urlTemplate\":\"https:\/\/apuntesdesanluis.com\/?s={search_term_string}\"},\"query-input\":{\"@type\":\"PropertyValueSpecification\",\"valueRequired\":true,\"valueName\":\"search_term_string\"}}],\"inLanguage\":\"es-AR\"},{\"@type\":[\"Person\",\"Organization\"],\"@id\":\"https:\/\/apuntesdesanluis.com\/#\/schema\/person\/b55151d52296fcce64d1a72538a70b90\",\"name\":\"apuntesdesanluis.com\",\"image\":{\"@type\":\"ImageObject\",\"inLanguage\":\"es-AR\",\"@id\":\"https:\/\/apuntesdesanluis.com\/#\/schema\/person\/image\/\",\"url\":\"https:\/\/apuntesdesanluis.com\/wp-content\/uploads\/2023\/07\/cropped-apuntesdesanluis.png\",\"contentUrl\":\"https:\/\/apuntesdesanluis.com\/wp-content\/uploads\/2023\/07\/cropped-apuntesdesanluis.png\",\"width\":450,\"height\":112,\"caption\":\"apuntesdesanluis.com\"},\"logo\":{\"@id\":\"https:\/\/apuntesdesanluis.com\/#\/schema\/person\/image\/\"},\"sameAs\":[\"https:\/\/apuntesdesanluis.com\"],\"url\":\"https:\/\/apuntesdesanluis.com\/index.php\/author\/apuntesdesanluis-com\/\"}]}<\/script>\n<!-- \/ Yoast SEO plugin. -->","yoast_head_json":{"title":"\u00daLTIMO MOMENTO: SE PARTI\u00d3 EL BLOQUE OFICIALISTA EN DIPUTADOS Y PIERDE EL QU\u00d3RUM - Apuntes de San Luis","robots":{"index":"index","follow":"follow","max-snippet":"max-snippet:-1","max-image-preview":"max-image-preview:large","max-video-preview":"max-video-preview:-1"},"canonical":"https:\/\/apuntesdesanluis.com\/index.php\/2023\/09\/12\/ultimo-momento-se-partio-el-bloque-oficialista-en-diputados-y-pierde-el-quorum\/","og_locale":"es_ES","og_type":"article","og_title":"\u00daLTIMO MOMENTO: SE PARTI\u00d3 EL BLOQUE OFICIALISTA EN DIPUTADOS Y PIERDE EL QU\u00d3RUM - Apuntes de San Luis","og_description":"Como derivaci\u00f3n de las desavenencias internas en el seno de la bancada justicialista en la...","og_url":"https:\/\/apuntesdesanluis.com\/index.php\/2023\/09\/12\/ultimo-momento-se-partio-el-bloque-oficialista-en-diputados-y-pierde-el-quorum\/","og_site_name":"Apuntes de San Luis","article_published_time":"2023-09-12T16:03:36+00:00","article_modified_time":"2023-09-13T01:44:12+00:00","og_image":[{"width":600,"height":282,"url":"https:\/\/apuntesdesanluis.com\/wp-content\/uploads\/2023\/09\/cuatro.png","type":"image\/png"}],"author":"apuntesdesanluis.com","twitter_card":"summary_large_image","twitter_misc":{"Escrito por":"apuntesdesanluis.com","Tiempo de lectura":"3 minutos"},"schema":{"@context":"https:\/\/schema.org","@graph":[{"@type":"Article","@id":"https:\/\/apuntesdesanluis.com\/index.php\/2023\/09\/12\/ultimo-momento-se-partio-el-bloque-oficialista-en-diputados-y-pierde-el-quorum\/#article","isPartOf":{"@id":"https:\/\/apuntesdesanluis.com\/index.php\/2023\/09\/12\/ultimo-momento-se-partio-el-bloque-oficialista-en-diputados-y-pierde-el-quorum\/"},"author":{"name":"apuntesdesanluis.com","@id":"https:\/\/apuntesdesanluis.com\/#\/schema\/person\/b55151d52296fcce64d1a72538a70b90"},"headline":"\u00daLTIMO MOMENTO: SE PARTI\u00d3 EL BLOQUE OFICIALISTA EN DIPUTADOS Y PIERDE EL QU\u00d3RUM","datePublished":"2023-09-12T16:03:36+00:00","dateModified":"2023-09-13T01:44:12+00:00","mainEntityOfPage":{"@id":"https:\/\/apuntesdesanluis.com\/index.php\/2023\/09\/12\/ultimo-momento-se-partio-el-bloque-oficialista-en-diputados-y-pierde-el-quorum\/"},"wordCount":603,"publisher":{"@id":"https:\/\/apuntesdesanluis.com\/#\/schema\/person\/b55151d52296fcce64d1a72538a70b90"},"image":{"@id":"https:\/\/apuntesdesanluis.com\/index.php\/2023\/09\/12\/ultimo-momento-se-partio-el-bloque-oficialista-en-diputados-y-pierde-el-quorum\/#primaryimage"},"thumbnailUrl":"https:\/\/apuntesdesanluis.com\/wp-content\/uploads\/2023\/09\/cuatro.png","articleSection":["Ciudad\/Provincia"],"inLanguage":"es-AR"},{"@type":"WebPage","@id":"https:\/\/apuntesdesanluis.com\/index.php\/2023\/09\/12\/ultimo-momento-se-partio-el-bloque-oficialista-en-diputados-y-pierde-el-quorum\/","url":"https:\/\/apuntesdesanluis.com\/index.php\/2023\/09\/12\/ultimo-momento-se-partio-el-bloque-oficialista-en-diputados-y-pierde-el-quorum\/","name":"\u00daLTIMO MOMENTO: SE PARTI\u00d3 EL BLOQUE OFICIALISTA EN DIPUTADOS Y PIERDE EL QU\u00d3RUM - Apuntes de San Luis","isPartOf":{"@id":"https:\/\/apuntesdesanluis.com\/#website"},"primaryImageOfPage":{"@id":"https:\/\/apuntesdesanluis.com\/index.php\/2023\/09\/12\/ultimo-momento-se-partio-el-bloque-oficialista-en-diputados-y-pierde-el-quorum\/#primaryimage"},"image":{"@id":"https:\/\/apuntesdesanluis.com\/index.php\/2023\/09\/12\/ultimo-momento-se-partio-el-bloque-oficialista-en-diputados-y-pierde-el-quorum\/#primaryimage"},"thumbnailUrl":"https:\/\/apuntesdesanluis.com\/wp-content\/uploads\/2023\/09\/cuatro.png","datePublished":"2023-09-12T16:03:36+00:00","dateModified":"2023-09-13T01:44:12+00:00","breadcrumb":{"@id":"https:\/\/apuntesdesanluis.com\/index.php\/2023\/09\/12\/ultimo-momento-se-partio-el-bloque-oficialista-en-diputados-y-pierde-el-quorum\/#breadcrumb"},"inLanguage":"es-AR","potentialAction":[{"@type":"ReadAction","target":["https:\/\/apuntesdesanluis.com\/index.php\/2023\/09\/12\/ultimo-momento-se-partio-el-bloque-oficialista-en-diputados-y-pierde-el-quorum\/"]}]},{"@type":"ImageObject","inLanguage":"es-AR","@id":"https:\/\/apuntesdesanluis.com\/index.php\/2023\/09\/12\/ultimo-momento-se-partio-el-bloque-oficialista-en-diputados-y-pierde-el-quorum\/#primaryimage","url":"https:\/\/apuntesdesanluis.com\/wp-content\/uploads\/2023\/09\/cuatro.png","contentUrl":"https:\/\/apuntesdesanluis.com\/wp-content\/uploads\/2023\/09\/cuatro.png","width":600,"height":282},{"@type":"BreadcrumbList","@id":"https:\/\/apuntesdesanluis.com\/index.php\/2023\/09\/12\/ultimo-momento-se-partio-el-bloque-oficialista-en-diputados-y-pierde-el-quorum\/#breadcrumb","itemListElement":[{"@type":"ListItem","position":1,"name":"Inicio","item":"https:\/\/apuntesdesanluis.com\/"},{"@type":"ListItem","position":2,"name":"\u00daLTIMO MOMENTO: SE PARTI\u00d3 EL BLOQUE OFICIALISTA EN DIPUTADOS Y PIERDE EL QU\u00d3RUM"}]},{"@type":"WebSite","@id":"https:\/\/apuntesdesanluis.com\/#website","url":"https:\/\/apuntesdesanluis.com\/","name":"Apuntes de San Luis","description":"","publisher":{"@id":"https:\/\/apuntesdesanluis.com\/#\/schema\/person\/b55151d52296fcce64d1a72538a70b90"},"potentialAction":[{"@type":"SearchAction","target":{"@type":"EntryPoint","urlTemplate":"https:\/\/apuntesdesanluis.com\/?s={search_term_string}"},"query-input":{"@type":"PropertyValueSpecification","valueRequired":true,"valueName":"search_term_string"}}],"inLanguage":"es-AR"},{"@type":["Person","Organization"],"@id":"https:\/\/apuntesdesanluis.com\/#\/schema\/person\/b55151d52296fcce64d1a72538a70b90","name":"apuntesdesanluis.com","image":{"@type":"ImageObject","inLanguage":"es-AR","@id":"https:\/\/apuntesdesanluis.com\/#\/schema\/person\/image\/","url":"https:\/\/apuntesdesanluis.com\/wp-content\/uploads\/2023\/07\/cropped-apuntesdesanluis.png","contentUrl":"https:\/\/apuntesdesanluis.com\/wp-content\/uploads\/2023\/07\/cropped-apuntesdesanluis.png","width":450,"height":112,"caption":"apuntesdesanluis.com"},"logo":{"@id":"https:\/\/apuntesdesanluis.com\/#\/schema\/person\/image\/"},"sameAs":["https:\/\/apuntesdesanluis.com"],"url":"https:\/\/apuntesdesanluis.com\/index.php\/author\/apuntesdesanluis-com\/"}]}},"featured_image_urls":{"full":["https:\/\/apuntesdesanluis.com\/wp-content\/uploads\/2023\/09\/cuatro.png",600,282,false],"thumbnail":["https:\/\/apuntesdesanluis.com\/wp-content\/uploads\/2023\/09\/cuatro-150x150.png",150,150,true],"medium":["https:\/\/apuntesdesanluis.com\/wp-content\/uploads\/2023\/09\/cuatro-300x141.png",300,141,true],"medium_large":["https:\/\/apuntesdesanluis.com\/wp-content\/uploads\/2023\/09\/cuatro.png",600,282,false],"large":["https:\/\/apuntesdesanluis.com\/wp-content\/uploads\/2023\/09\/cuatro.png",600,282,false],"1536x1536":["https:\/\/apuntesdesanluis.com\/wp-content\/uploads\/2023\/09\/cuatro.png",600,282,false],"2048x2048":["https:\/\/apuntesdesanluis.com\/wp-content\/uploads\/2023\/09\/cuatro.png",600,282,false],"newsever-slider-full":["https:\/\/apuntesdesanluis.com\/wp-content\/uploads\/2023\/09\/cuatro.png",600,282,false],"newsever-featured":["https:\/\/apuntesdesanluis.com\/wp-content\/uploads\/2023\/09\/cuatro.png",600,282,false],"newsever-medium":["https:\/\/apuntesdesanluis.com\/wp-content\/uploads\/2023\/09\/cuatro.png",600,282,false]},"author_info":{"display_name":"apuntesdesanluis.com","author_link":"https:\/\/apuntesdesanluis.com\/index.php\/author\/apuntesdesanluis-com\/"},"category_info":"<a href=\"https:\/\/apuntesdesanluis.com\/index.php\/category\/ciudad-provincia\/\" rel=\"category tag\">Ciudad\/Provincia<\/a>","tag_info":"Ciudad\/Provincia","comment_count":"0","_links":{"self":[{"href":"https:\/\/apuntesdesanluis.com\/index.php\/wp-json\/wp\/v2\/posts\/3166","targetHints":{"allow":["GET"]}}],"collection":[{"href":"https:\/\/apuntesdesanluis.com\/index.php\/wp-json\/wp\/v2\/posts"}],"about":[{"href":"https:\/\/apuntesdesanluis.com\/index.php\/wp-json\/wp\/v2\/types\/post"}],"author":[{"embeddable":true,"href":"https:\/\/apuntesdesanluis.com\/index.php\/wp-json\/wp\/v2\/users\/1"}],"replies":[{"embeddable":true,"href":"https:\/\/apuntesdesanluis.com\/index.php\/wp-json\/wp\/v2\/comments?post=3166"}],"version-history":[{"count":4,"href":"https:\/\/apuntesdesanluis.com\/index.php\/wp-json\/wp\/v2\/posts\/3166\/revisions"}],"predecessor-version":[{"id":3242,"href":"https:\/\/apuntesdesanluis.com\/index.php\/wp-json\/wp\/v2\/posts\/3166\/revisions\/3242"}],"wp:featuredmedia":[{"embeddable":true,"href":"https:\/\/apuntesdesanluis.com\/index.php\/wp-json\/wp\/v2\/media\/3167"}],"wp:attachment":[{"href":"https:\/\/apuntesdesanluis.com\/index.php\/wp-json\/wp\/v2\/media?parent=3166"}],"wp:term":[{"taxonomy":"category","embeddable":true,"href":"https:\/\/apuntesdesanluis.com\/index.php\/wp-json\/wp\/v2\/categories?post=3166"},{"taxonomy":"post_tag","embeddable":true,"href":"https:\/\/apuntesdesanluis.com\/index.php\/wp-json\/wp\/v2\/tags?post=3166"}],"curies":[{"name":"wp","href":"https:\/\/api.w.org\/{rel}","templated":true}]}}