{"id":3180,"date":"2023-09-12T14:50:30","date_gmt":"2023-09-12T17:50:30","guid":{"rendered":"https:\/\/apuntesdesanluis.com\/?p=3180"},"modified":"2023-09-12T14:51:50","modified_gmt":"2023-09-12T17:51:50","slug":"unsl-y-gobierno-electo-articulan-acciones-para-la-lucha-contra-el-hambre","status":"publish","type":"post","link":"https:\/\/apuntesdesanluis.com\/index.php\/2023\/09\/12\/unsl-y-gobierno-electo-articulan-acciones-para-la-lucha-contra-el-hambre\/","title":{"rendered":"UNSL Y GOBIERNO ELECTO ARTICULAN ACCIONES PARA LA LUCHA CONTRA EL HAMBRE"},"content":{"rendered":"<h3>La <strong>Universidad Nacional de San Luis<\/strong> (UNSL) fue convocada por el gobierno provincial electo para conformar un <strong>Consejo Social, Consultivo y Ejecutivo<\/strong> para trabajar de manera interdisciplinaria acciones que busquen revertir la emergencia alimentaria. A partir de ello, la Instituci\u00f3n confeccionar\u00e1 en un mes un plan integral para el desarrollo de productos, y as\u00ed elaborar un m\u00f3dulo nutricional equilibrado con un recetario, pensado por las autoridades gubernamentales para ser entregado de manera semanal o quincenal.<\/h3>\n<h3>En conjunto con representantes de las Facultades de Ingenier\u00eda y Ciencias Agropecuarias (FICA), de Ciencias de la Salud (FCS), de Qu\u00edmica, Bioqu\u00edmica y Farmacia (FQByF) y de Psicolog\u00eda (FaPsi), a partir de distintos proyectos, abordajes y carreras de la Universidad, el gobernador electo, C.P.N. <strong>Claudio Poggi<\/strong>, se reuni\u00f3 con el rector de la UNSL, C.P.N. <strong>V\u00edctor Mori\u00f1igo<\/strong>, para invitarlos a desarrollar un plan de trabajo colectivo. Uno de los puntos a tratar ser\u00e1 la lucha contra el hambre a trav\u00e9s del alimento nutritivo.<\/h3>\n<h3>Poggi elev\u00f3 que hay un 63% de la poblaci\u00f3n de San Luis que es pobre y, de ese porcentaje, un 10% es indigente. En cuanto a esto, expres\u00f3: \u00abhay una emergencia alimentaria feroz. Es urgente que haya una inversi\u00f3n en el abordaje integral de la pobreza. Desde generar trabajo hasta el h\u00e1bitat digno, pero fundamentalmente el hambre. Esto es prioridad porque hay crisis social y alimentaria. No podemos ignorar esa realidad\u00bb.<\/h3>\n<h3><img fetchpriority=\"high\" decoding=\"async\" class=\"wp-image-3182 aligncenter\" src=\"https:\/\/apuntesdesanluis.com\/wp-content\/uploads\/2023\/09\/poggi-unsl-300x192.png\" alt=\"\" width=\"498\" height=\"319\" srcset=\"https:\/\/apuntesdesanluis.com\/wp-content\/uploads\/2023\/09\/poggi-unsl-300x192.png 300w, https:\/\/apuntesdesanluis.com\/wp-content\/uploads\/2023\/09\/poggi-unsl.png 600w\" sizes=\"(max-width: 498px) 100vw, 498px\" \/><\/h3>\n<h3>El funcionario destac\u00f3 que una de sus pol\u00edticas ser\u00e1 conformar un Consejo Social, Consultivo y Ejecutivo para poder articular las diferentes iniciativas de la UNSL en extensi\u00f3n e investigaci\u00f3n, sumado a las acciones de las diferentes Organizaciones No Gubernamentales (ONGs) con presencia de territorialidad en zonas vulnerables.<\/h3>\n<h3>Por su parte, el Rector de la UNSL agradeci\u00f3 esta convocatoria y dijo: \u00abAsumimos el desaf\u00edo y aceptamos la invitaci\u00f3n de trabajar juntos para colaborar humildemente con esta pol\u00edtica de Estado\u00bb.<\/h3>\n<h3>A trav\u00e9s de las carreras relacionadas a los alimentos, el desarrollo cient\u00edfico-tecnol\u00f3gico y el abordaje en barrios y escuelas de sectores populares, las cuatro (4) Facultades se complementar\u00e1n para producir y abastecer a las zonas m\u00e1s vulnerables.<\/h3>\n<h3>Mori\u00f1igo resalt\u00f3 que se trabajar\u00e1 en un mes en un plan integral para el desarrollo de productos donde habr\u00e1 una conexi\u00f3n entre los proyectos existentes, la tecnolog\u00eda y el conocimiento de las distintas disciplinas. A su vez, dej\u00f3 a disposici\u00f3n todos los espacios f\u00edsicos de la Universidad como compromiso de brindar soluciones a las problem\u00e1ticas enunciadas.<\/h3>\n<h3>Finalmente, Poggi manifest\u00f3 que la Universidad es clave y que es necesario no solo articular con instituciones de la sociedad civil sino, tambi\u00e9n, unir esfuerzos en favor del bien com\u00fan.<\/h3>\n<p>&nbsp;<\/p>\n<p>&nbsp;<\/p>\n<p>&nbsp;<\/p>\n","protected":false},"excerpt":{"rendered":"<p>La Universidad Nacional de San Luis (UNSL) fue convocada por el gobierno provincial electo para&#8230;<\/p>\n","protected":false},"author":1,"featured_media":3181,"comment_status":"closed","ping_status":"closed","sticky":false,"template":"","format":"standard","meta":{"footnotes":""},"categories":[6],"tags":[],"class_list":["post-3180","post","type-post","status-publish","format-standard","has-post-thumbnail","hentry","category-ciudad-provincia"],"yoast_head":"<!-- This site is optimized with the Yoast SEO plugin v26.1.1 - https:\/\/yoast.com\/wordpress\/plugins\/seo\/ -->\n<title>UNSL Y GOBIERNO ELECTO ARTICULAN ACCIONES PARA LA LUCHA CONTRA EL HAMBRE - Apuntes de San Luis<\/title>\n<meta name=\"robots\" content=\"index, follow, max-snippet:-1, max-image-preview:large, max-video-preview:-1\" \/>\n<link rel=\"canonical\" href=\"https:\/\/apuntesdesanluis.com\/index.php\/2023\/09\/12\/unsl-y-gobierno-electo-articulan-acciones-para-la-lucha-contra-el-hambre\/\" \/>\n<meta property=\"og:locale\" content=\"es_ES\" \/>\n<meta property=\"og:type\" content=\"article\" \/>\n<meta property=\"og:title\" content=\"UNSL Y GOBIERNO ELECTO ARTICULAN ACCIONES PARA LA LUCHA CONTRA EL HAMBRE - Apuntes de San Luis\" \/>\n<meta property=\"og:description\" content=\"La Universidad Nacional de San Luis (UNSL) fue convocada por el gobierno provincial electo para...\" \/>\n<meta property=\"og:url\" content=\"https:\/\/apuntesdesanluis.com\/index.php\/2023\/09\/12\/unsl-y-gobierno-electo-articulan-acciones-para-la-lucha-contra-el-hambre\/\" \/>\n<meta property=\"og:site_name\" content=\"Apuntes de San Luis\" \/>\n<meta property=\"article:published_time\" content=\"2023-09-12T17:50:30+00:00\" \/>\n<meta property=\"article:modified_time\" content=\"2023-09-12T17:51:50+00:00\" \/>\n<meta property=\"og:image\" content=\"https:\/\/apuntesdesanluis.com\/wp-content\/uploads\/2023\/09\/poggi-morinigo.png\" \/>\n\t<meta property=\"og:image:width\" content=\"637\" \/>\n\t<meta property=\"og:image:height\" content=\"371\" \/>\n\t<meta property=\"og:image:type\" content=\"image\/png\" \/>\n<meta name=\"author\" content=\"apuntesdesanluis.com\" \/>\n<meta name=\"twitter:card\" content=\"summary_large_image\" \/>\n<meta name=\"twitter:label1\" content=\"Escrito por\" \/>\n\t<meta name=\"twitter:data1\" content=\"apuntesdesanluis.com\" \/>\n\t<meta name=\"twitter:label2\" content=\"Tiempo de lectura\" \/>\n\t<meta name=\"twitter:data2\" content=\"3 minutos\" \/>\n<script type=\"application\/ld+json\" class=\"yoast-schema-graph\">{\"@context\":\"https:\/\/schema.org\",\"@graph\":[{\"@type\":\"Article\",\"@id\":\"https:\/\/apuntesdesanluis.com\/index.php\/2023\/09\/12\/unsl-y-gobierno-electo-articulan-acciones-para-la-lucha-contra-el-hambre\/#article\",\"isPartOf\":{\"@id\":\"https:\/\/apuntesdesanluis.com\/index.php\/2023\/09\/12\/unsl-y-gobierno-electo-articulan-acciones-para-la-lucha-contra-el-hambre\/\"},\"author\":{\"name\":\"apuntesdesanluis.com\",\"@id\":\"https:\/\/apuntesdesanluis.com\/#\/schema\/person\/b55151d52296fcce64d1a72538a70b90\"},\"headline\":\"UNSL Y GOBIERNO ELECTO ARTICULAN ACCIONES PARA LA LUCHA CONTRA EL HAMBRE\",\"datePublished\":\"2023-09-12T17:50:30+00:00\",\"dateModified\":\"2023-09-12T17:51:50+00:00\",\"mainEntityOfPage\":{\"@id\":\"https:\/\/apuntesdesanluis.com\/index.php\/2023\/09\/12\/unsl-y-gobierno-electo-articulan-acciones-para-la-lucha-contra-el-hambre\/\"},\"wordCount\":477,\"publisher\":{\"@id\":\"https:\/\/apuntesdesanluis.com\/#\/schema\/person\/b55151d52296fcce64d1a72538a70b90\"},\"image\":{\"@id\":\"https:\/\/apuntesdesanluis.com\/index.php\/2023\/09\/12\/unsl-y-gobierno-electo-articulan-acciones-para-la-lucha-contra-el-hambre\/#primaryimage\"},\"thumbnailUrl\":\"https:\/\/apuntesdesanluis.com\/wp-content\/uploads\/2023\/09\/poggi-morinigo.png\",\"articleSection\":[\"Ciudad\/Provincia\"],\"inLanguage\":\"es-AR\"},{\"@type\":\"WebPage\",\"@id\":\"https:\/\/apuntesdesanluis.com\/index.php\/2023\/09\/12\/unsl-y-gobierno-electo-articulan-acciones-para-la-lucha-contra-el-hambre\/\",\"url\":\"https:\/\/apuntesdesanluis.com\/index.php\/2023\/09\/12\/unsl-y-gobierno-electo-articulan-acciones-para-la-lucha-contra-el-hambre\/\",\"name\":\"UNSL Y GOBIERNO ELECTO ARTICULAN ACCIONES PARA LA LUCHA CONTRA EL HAMBRE - Apuntes de San Luis\",\"isPartOf\":{\"@id\":\"https:\/\/apuntesdesanluis.com\/#website\"},\"primaryImageOfPage\":{\"@id\":\"https:\/\/apuntesdesanluis.com\/index.php\/2023\/09\/12\/unsl-y-gobierno-electo-articulan-acciones-para-la-lucha-contra-el-hambre\/#primaryimage\"},\"image\":{\"@id\":\"https:\/\/apuntesdesanluis.com\/index.php\/2023\/09\/12\/unsl-y-gobierno-electo-articulan-acciones-para-la-lucha-contra-el-hambre\/#primaryimage\"},\"thumbnailUrl\":\"https:\/\/apuntesdesanluis.com\/wp-content\/uploads\/2023\/09\/poggi-morinigo.png\",\"datePublished\":\"2023-09-12T17:50:30+00:00\",\"dateModified\":\"2023-09-12T17:51:50+00:00\",\"breadcrumb\":{\"@id\":\"https:\/\/apuntesdesanluis.com\/index.php\/2023\/09\/12\/unsl-y-gobierno-electo-articulan-acciones-para-la-lucha-contra-el-hambre\/#breadcrumb\"},\"inLanguage\":\"es-AR\",\"potentialAction\":[{\"@type\":\"ReadAction\",\"target\":[\"https:\/\/apuntesdesanluis.com\/index.php\/2023\/09\/12\/unsl-y-gobierno-electo-articulan-acciones-para-la-lucha-contra-el-hambre\/\"]}]},{\"@type\":\"ImageObject\",\"inLanguage\":\"es-AR\",\"@id\":\"https:\/\/apuntesdesanluis.com\/index.php\/2023\/09\/12\/unsl-y-gobierno-electo-articulan-acciones-para-la-lucha-contra-el-hambre\/#primaryimage\",\"url\":\"https:\/\/apuntesdesanluis.com\/wp-content\/uploads\/2023\/09\/poggi-morinigo.png\",\"contentUrl\":\"https:\/\/apuntesdesanluis.com\/wp-content\/uploads\/2023\/09\/poggi-morinigo.png\",\"width\":637,\"height\":371},{\"@type\":\"BreadcrumbList\",\"@id\":\"https:\/\/apuntesdesanluis.com\/index.php\/2023\/09\/12\/unsl-y-gobierno-electo-articulan-acciones-para-la-lucha-contra-el-hambre\/#breadcrumb\",\"itemListElement\":[{\"@type\":\"ListItem\",\"position\":1,\"name\":\"Inicio\",\"item\":\"https:\/\/apuntesdesanluis.com\/\"},{\"@type\":\"ListItem\",\"position\":2,\"name\":\"UNSL Y GOBIERNO ELECTO ARTICULAN ACCIONES PARA LA LUCHA CONTRA EL HAMBRE\"}]},{\"@type\":\"WebSite\",\"@id\":\"https:\/\/apuntesdesanluis.com\/#website\",\"url\":\"https:\/\/apuntesdesanluis.com\/\",\"name\":\"Apuntes de San Luis\",\"description\":\"\",\"publisher\":{\"@id\":\"https:\/\/apuntesdesanluis.com\/#\/schema\/person\/b55151d52296fcce64d1a72538a70b90\"},\"potentialAction\":[{\"@type\":\"SearchAction\",\"target\":{\"@type\":\"EntryPoint\",\"urlTemplate\":\"https:\/\/apuntesdesanluis.com\/?s={search_term_string}\"},\"query-input\":{\"@type\":\"PropertyValueSpecification\",\"valueRequired\":true,\"valueName\":\"search_term_string\"}}],\"inLanguage\":\"es-AR\"},{\"@type\":[\"Person\",\"Organization\"],\"@id\":\"https:\/\/apuntesdesanluis.com\/#\/schema\/person\/b55151d52296fcce64d1a72538a70b90\",\"name\":\"apuntesdesanluis.com\",\"image\":{\"@type\":\"ImageObject\",\"inLanguage\":\"es-AR\",\"@id\":\"https:\/\/apuntesdesanluis.com\/#\/schema\/person\/image\/\",\"url\":\"https:\/\/apuntesdesanluis.com\/wp-content\/uploads\/2023\/07\/cropped-apuntesdesanluis.png\",\"contentUrl\":\"https:\/\/apuntesdesanluis.com\/wp-content\/uploads\/2023\/07\/cropped-apuntesdesanluis.png\",\"width\":450,\"height\":112,\"caption\":\"apuntesdesanluis.com\"},\"logo\":{\"@id\":\"https:\/\/apuntesdesanluis.com\/#\/schema\/person\/image\/\"},\"sameAs\":[\"https:\/\/apuntesdesanluis.com\"],\"url\":\"https:\/\/apuntesdesanluis.com\/index.php\/author\/apuntesdesanluis-com\/\"}]}<\/script>\n<!-- \/ Yoast SEO plugin. -->","yoast_head_json":{"title":"UNSL Y GOBIERNO ELECTO ARTICULAN ACCIONES PARA LA LUCHA CONTRA EL HAMBRE - Apuntes de San Luis","robots":{"index":"index","follow":"follow","max-snippet":"max-snippet:-1","max-image-preview":"max-image-preview:large","max-video-preview":"max-video-preview:-1"},"canonical":"https:\/\/apuntesdesanluis.com\/index.php\/2023\/09\/12\/unsl-y-gobierno-electo-articulan-acciones-para-la-lucha-contra-el-hambre\/","og_locale":"es_ES","og_type":"article","og_title":"UNSL Y GOBIERNO ELECTO ARTICULAN ACCIONES PARA LA LUCHA CONTRA EL HAMBRE - Apuntes de San Luis","og_description":"La Universidad Nacional de San Luis (UNSL) fue convocada por el gobierno provincial electo para...","og_url":"https:\/\/apuntesdesanluis.com\/index.php\/2023\/09\/12\/unsl-y-gobierno-electo-articulan-acciones-para-la-lucha-contra-el-hambre\/","og_site_name":"Apuntes de San Luis","article_published_time":"2023-09-12T17:50:30+00:00","article_modified_time":"2023-09-12T17:51:50+00:00","og_image":[{"width":637,"height":371,"url":"https:\/\/apuntesdesanluis.com\/wp-content\/uploads\/2023\/09\/poggi-morinigo.png","type":"image\/png"}],"author":"apuntesdesanluis.com","twitter_card":"summary_large_image","twitter_misc":{"Escrito por":"apuntesdesanluis.com","Tiempo de lectura":"3 minutos"},"schema":{"@context":"https:\/\/schema.org","@graph":[{"@type":"Article","@id":"https:\/\/apuntesdesanluis.com\/index.php\/2023\/09\/12\/unsl-y-gobierno-electo-articulan-acciones-para-la-lucha-contra-el-hambre\/#article","isPartOf":{"@id":"https:\/\/apuntesdesanluis.com\/index.php\/2023\/09\/12\/unsl-y-gobierno-electo-articulan-acciones-para-la-lucha-contra-el-hambre\/"},"author":{"name":"apuntesdesanluis.com","@id":"https:\/\/apuntesdesanluis.com\/#\/schema\/person\/b55151d52296fcce64d1a72538a70b90"},"headline":"UNSL Y GOBIERNO ELECTO ARTICULAN ACCIONES PARA LA LUCHA CONTRA EL HAMBRE","datePublished":"2023-09-12T17:50:30+00:00","dateModified":"2023-09-12T17:51:50+00:00","mainEntityOfPage":{"@id":"https:\/\/apuntesdesanluis.com\/index.php\/2023\/09\/12\/unsl-y-gobierno-electo-articulan-acciones-para-la-lucha-contra-el-hambre\/"},"wordCount":477,"publisher":{"@id":"https:\/\/apuntesdesanluis.com\/#\/schema\/person\/b55151d52296fcce64d1a72538a70b90"},"image":{"@id":"https:\/\/apuntesdesanluis.com\/index.php\/2023\/09\/12\/unsl-y-gobierno-electo-articulan-acciones-para-la-lucha-contra-el-hambre\/#primaryimage"},"thumbnailUrl":"https:\/\/apuntesdesanluis.com\/wp-content\/uploads\/2023\/09\/poggi-morinigo.png","articleSection":["Ciudad\/Provincia"],"inLanguage":"es-AR"},{"@type":"WebPage","@id":"https:\/\/apuntesdesanluis.com\/index.php\/2023\/09\/12\/unsl-y-gobierno-electo-articulan-acciones-para-la-lucha-contra-el-hambre\/","url":"https:\/\/apuntesdesanluis.com\/index.php\/2023\/09\/12\/unsl-y-gobierno-electo-articulan-acciones-para-la-lucha-contra-el-hambre\/","name":"UNSL Y GOBIERNO ELECTO ARTICULAN ACCIONES PARA LA LUCHA CONTRA EL HAMBRE - Apuntes de San Luis","isPartOf":{"@id":"https:\/\/apuntesdesanluis.com\/#website"},"primaryImageOfPage":{"@id":"https:\/\/apuntesdesanluis.com\/index.php\/2023\/09\/12\/unsl-y-gobierno-electo-articulan-acciones-para-la-lucha-contra-el-hambre\/#primaryimage"},"image":{"@id":"https:\/\/apuntesdesanluis.com\/index.php\/2023\/09\/12\/unsl-y-gobierno-electo-articulan-acciones-para-la-lucha-contra-el-hambre\/#primaryimage"},"thumbnailUrl":"https:\/\/apuntesdesanluis.com\/wp-content\/uploads\/2023\/09\/poggi-morinigo.png","datePublished":"2023-09-12T17:50:30+00:00","dateModified":"2023-09-12T17:51:50+00:00","breadcrumb":{"@id":"https:\/\/apuntesdesanluis.com\/index.php\/2023\/09\/12\/unsl-y-gobierno-electo-articulan-acciones-para-la-lucha-contra-el-hambre\/#breadcrumb"},"inLanguage":"es-AR","potentialAction":[{"@type":"ReadAction","target":["https:\/\/apuntesdesanluis.com\/index.php\/2023\/09\/12\/unsl-y-gobierno-electo-articulan-acciones-para-la-lucha-contra-el-hambre\/"]}]},{"@type":"ImageObject","inLanguage":"es-AR","@id":"https:\/\/apuntesdesanluis.com\/index.php\/2023\/09\/12\/unsl-y-gobierno-electo-articulan-acciones-para-la-lucha-contra-el-hambre\/#primaryimage","url":"https:\/\/apuntesdesanluis.com\/wp-content\/uploads\/2023\/09\/poggi-morinigo.png","contentUrl":"https:\/\/apuntesdesanluis.com\/wp-content\/uploads\/2023\/09\/poggi-morinigo.png","width":637,"height":371},{"@type":"BreadcrumbList","@id":"https:\/\/apuntesdesanluis.com\/index.php\/2023\/09\/12\/unsl-y-gobierno-electo-articulan-acciones-para-la-lucha-contra-el-hambre\/#breadcrumb","itemListElement":[{"@type":"ListItem","position":1,"name":"Inicio","item":"https:\/\/apuntesdesanluis.com\/"},{"@type":"ListItem","position":2,"name":"UNSL Y GOBIERNO ELECTO ARTICULAN ACCIONES PARA LA LUCHA CONTRA EL HAMBRE"}]},{"@type":"WebSite","@id":"https:\/\/apuntesdesanluis.com\/#website","url":"https:\/\/apuntesdesanluis.com\/","name":"Apuntes de San Luis","description":"","publisher":{"@id":"https:\/\/apuntesdesanluis.com\/#\/schema\/person\/b55151d52296fcce64d1a72538a70b90"},"potentialAction":[{"@type":"SearchAction","target":{"@type":"EntryPoint","urlTemplate":"https:\/\/apuntesdesanluis.com\/?s={search_term_string}"},"query-input":{"@type":"PropertyValueSpecification","valueRequired":true,"valueName":"search_term_string"}}],"inLanguage":"es-AR"},{"@type":["Person","Organization"],"@id":"https:\/\/apuntesdesanluis.com\/#\/schema\/person\/b55151d52296fcce64d1a72538a70b90","name":"apuntesdesanluis.com","image":{"@type":"ImageObject","inLanguage":"es-AR","@id":"https:\/\/apuntesdesanluis.com\/#\/schema\/person\/image\/","url":"https:\/\/apuntesdesanluis.com\/wp-content\/uploads\/2023\/07\/cropped-apuntesdesanluis.png","contentUrl":"https:\/\/apuntesdesanluis.com\/wp-content\/uploads\/2023\/07\/cropped-apuntesdesanluis.png","width":450,"height":112,"caption":"apuntesdesanluis.com"},"logo":{"@id":"https:\/\/apuntesdesanluis.com\/#\/schema\/person\/image\/"},"sameAs":["https:\/\/apuntesdesanluis.com"],"url":"https:\/\/apuntesdesanluis.com\/index.php\/author\/apuntesdesanluis-com\/"}]}},"featured_image_urls":{"full":["https:\/\/apuntesdesanluis.com\/wp-content\/uploads\/2023\/09\/poggi-morinigo.png",637,371,false],"thumbnail":["https:\/\/apuntesdesanluis.com\/wp-content\/uploads\/2023\/09\/poggi-morinigo-150x150.png",150,150,true],"medium":["https:\/\/apuntesdesanluis.com\/wp-content\/uploads\/2023\/09\/poggi-morinigo-300x175.png",300,175,true],"medium_large":["https:\/\/apuntesdesanluis.com\/wp-content\/uploads\/2023\/09\/poggi-morinigo.png",637,371,false],"large":["https:\/\/apuntesdesanluis.com\/wp-content\/uploads\/2023\/09\/poggi-morinigo.png",637,371,false],"1536x1536":["https:\/\/apuntesdesanluis.com\/wp-content\/uploads\/2023\/09\/poggi-morinigo.png",637,371,false],"2048x2048":["https:\/\/apuntesdesanluis.com\/wp-content\/uploads\/2023\/09\/poggi-morinigo.png",637,371,false],"newsever-slider-full":["https:\/\/apuntesdesanluis.com\/wp-content\/uploads\/2023\/09\/poggi-morinigo.png",637,371,false],"newsever-featured":["https:\/\/apuntesdesanluis.com\/wp-content\/uploads\/2023\/09\/poggi-morinigo.png",637,371,false],"newsever-medium":["https:\/\/apuntesdesanluis.com\/wp-content\/uploads\/2023\/09\/poggi-morinigo.png",637,371,false]},"author_info":{"display_name":"apuntesdesanluis.com","author_link":"https:\/\/apuntesdesanluis.com\/index.php\/author\/apuntesdesanluis-com\/"},"category_info":"<a href=\"https:\/\/apuntesdesanluis.com\/index.php\/category\/ciudad-provincia\/\" rel=\"category tag\">Ciudad\/Provincia<\/a>","tag_info":"Ciudad\/Provincia","comment_count":"0","_links":{"self":[{"href":"https:\/\/apuntesdesanluis.com\/index.php\/wp-json\/wp\/v2\/posts\/3180","targetHints":{"allow":["GET"]}}],"collection":[{"href":"https:\/\/apuntesdesanluis.com\/index.php\/wp-json\/wp\/v2\/posts"}],"about":[{"href":"https:\/\/apuntesdesanluis.com\/index.php\/wp-json\/wp\/v2\/types\/post"}],"author":[{"embeddable":true,"href":"https:\/\/apuntesdesanluis.com\/index.php\/wp-json\/wp\/v2\/users\/1"}],"replies":[{"embeddable":true,"href":"https:\/\/apuntesdesanluis.com\/index.php\/wp-json\/wp\/v2\/comments?post=3180"}],"version-history":[{"count":3,"href":"https:\/\/apuntesdesanluis.com\/index.php\/wp-json\/wp\/v2\/posts\/3180\/revisions"}],"predecessor-version":[{"id":3185,"href":"https:\/\/apuntesdesanluis.com\/index.php\/wp-json\/wp\/v2\/posts\/3180\/revisions\/3185"}],"wp:featuredmedia":[{"embeddable":true,"href":"https:\/\/apuntesdesanluis.com\/index.php\/wp-json\/wp\/v2\/media\/3181"}],"wp:attachment":[{"href":"https:\/\/apuntesdesanluis.com\/index.php\/wp-json\/wp\/v2\/media?parent=3180"}],"wp:term":[{"taxonomy":"category","embeddable":true,"href":"https:\/\/apuntesdesanluis.com\/index.php\/wp-json\/wp\/v2\/categories?post=3180"},{"taxonomy":"post_tag","embeddable":true,"href":"https:\/\/apuntesdesanluis.com\/index.php\/wp-json\/wp\/v2\/tags?post=3180"}],"curies":[{"name":"wp","href":"https:\/\/api.w.org\/{rel}","templated":true}]}}