{"id":3186,"date":"2023-09-12T15:03:18","date_gmt":"2023-09-12T18:03:18","guid":{"rendered":"https:\/\/apuntesdesanluis.com\/?p=3186"},"modified":"2023-09-12T15:03:18","modified_gmt":"2023-09-12T18:03:18","slug":"un-chico-de-doce-anos-le-robo-la-moto-a-su-mama-atropello-a-un-jubilado-y-lo-mato","status":"publish","type":"post","link":"https:\/\/apuntesdesanluis.com\/index.php\/2023\/09\/12\/un-chico-de-doce-anos-le-robo-la-moto-a-su-mama-atropello-a-un-jubilado-y-lo-mato\/","title":{"rendered":"UN CHICO DE DOCE A\u00d1OS LE ROB\u00d3 LA MOTO A SU MAM\u00c1, ATROPELL\u00d3 A UN JUBILADO Y LO MAT\u00d3"},"content":{"rendered":"<h3>El menor de edad viajaba con otros dos chicos cuando embisti\u00f3 al hombre mayor, provoc\u00e1ndole un &#8220;fuerte traumatismo de cr\u00e1neo&#8221;, por el que falleci\u00f3 un d\u00eda despu\u00e9s del accidente.<\/h3>\n<h3>El hecho ocurri\u00f3 durante el fin de semana cuando la v\u00edctima, <strong>Oscar Alberto Luna<\/strong>, caminaba de regreso a su casa en la localidad de Suncho Corral, Santiago del Estero.<\/h3>\n<h3>En el camino, sobre la Ruta Nacional 89, fue embestido por una moto Zanella en el que viajaban tres menores de edad de 12, 13 y 14 a\u00f1os: el m\u00e1s chico del grupo le hab\u00eda sacado el veh\u00edculo sin permiso a su madre.<\/h3>\n<h3>Por el accidente, Luna qued\u00f3 tendido sobre el asfalto y una ambulancia lo traslad\u00f3 al hospital zonal. Aun as\u00ed, por la gravedad de sus heridas fue llevado hasta el Centro Integral de Salud de la ciudad de La Banda donde confirmaron que sufri\u00f3 un &#8220;fuerte traumatismo de cr\u00e1neo&#8221;.<\/h3>\n<h3>Al d\u00eda siguiente los m\u00e9dicos informaron que el paciente de 66 a\u00f1os hab\u00eda fallecido y la autopsia comprob\u00f3 que su muerte fue como consecuencia del fuerte golpe que sufri\u00f3 en su cabeza.<\/h3>\n<h3>Con respecto a la situaci\u00f3n de los menores se indic\u00f3 que sufrieron golpes pero que est\u00e1n fuera de peligro. Al tener 12,13 y 14 a\u00f1os no pueden ser condenados pero s\u00ed ser\u00e1n sometidos a una C\u00e1mara Gesell para determinar las responsabilidades en cada caso.<\/h3>\n<h3>La causa qued\u00f3 en manos del fiscal Mart\u00edn Silva, quien solicit\u00f3 la intervenci\u00f3n del personal de la Comisar\u00eda 28a de Suncho Corral y orden\u00f3 pericias a la moto secuestrada.<\/h3>\n<h3>\u201cA mi viejo Oscar Alberto Luna lo mataron 3 pibes andando en moto en Suncho Corral, SANTIAGO DEL ESTERO, y s\u00f3lo quiero justicia. POR FAVOR. QUE ESTO NO MUERA, HOY POR MI MA\u00d1ANA POR TI\u201d, expres\u00f3 Alejandro, hijo de la v\u00edctima en redes sociales.<\/h3>\n","protected":false},"excerpt":{"rendered":"<p>El menor de edad viajaba con otros dos chicos cuando embisti\u00f3 al hombre mayor, provoc\u00e1ndole&#8230;<\/p>\n","protected":false},"author":1,"featured_media":3187,"comment_status":"closed","ping_status":"closed","sticky":false,"template":"","format":"standard","meta":{"footnotes":""},"categories":[5],"tags":[],"class_list":["post-3186","post","type-post","status-publish","format-standard","has-post-thumbnail","hentry","category-nacionales-internacionales"],"yoast_head":"<!-- This site is optimized with the Yoast SEO plugin v26.1.1 - https:\/\/yoast.com\/wordpress\/plugins\/seo\/ -->\n<title>UN CHICO DE DOCE A\u00d1OS LE ROB\u00d3 LA MOTO A SU MAM\u00c1, ATROPELL\u00d3 A UN JUBILADO Y LO MAT\u00d3 - Apuntes de San Luis<\/title>\n<meta name=\"robots\" content=\"index, follow, max-snippet:-1, max-image-preview:large, max-video-preview:-1\" \/>\n<link rel=\"canonical\" href=\"https:\/\/apuntesdesanluis.com\/index.php\/2023\/09\/12\/un-chico-de-doce-anos-le-robo-la-moto-a-su-mama-atropello-a-un-jubilado-y-lo-mato\/\" \/>\n<meta property=\"og:locale\" content=\"es_ES\" \/>\n<meta property=\"og:type\" content=\"article\" \/>\n<meta property=\"og:title\" content=\"UN CHICO DE DOCE A\u00d1OS LE ROB\u00d3 LA MOTO A SU MAM\u00c1, ATROPELL\u00d3 A UN JUBILADO Y LO MAT\u00d3 - Apuntes de San Luis\" \/>\n<meta property=\"og:description\" content=\"El menor de edad viajaba con otros dos chicos cuando embisti\u00f3 al hombre mayor, provoc\u00e1ndole...\" \/>\n<meta property=\"og:url\" content=\"https:\/\/apuntesdesanluis.com\/index.php\/2023\/09\/12\/un-chico-de-doce-anos-le-robo-la-moto-a-su-mama-atropello-a-un-jubilado-y-lo-mato\/\" \/>\n<meta property=\"og:site_name\" content=\"Apuntes de San Luis\" \/>\n<meta property=\"article:published_time\" content=\"2023-09-12T18:03:18+00:00\" \/>\n<meta property=\"og:image\" content=\"https:\/\/apuntesdesanluis.com\/wp-content\/uploads\/2023\/09\/jubilado.png\" \/>\n\t<meta property=\"og:image:width\" content=\"717\" \/>\n\t<meta property=\"og:image:height\" content=\"413\" \/>\n\t<meta property=\"og:image:type\" content=\"image\/png\" \/>\n<meta name=\"author\" content=\"apuntesdesanluis.com\" \/>\n<meta name=\"twitter:card\" content=\"summary_large_image\" \/>\n<meta name=\"twitter:label1\" content=\"Escrito por\" \/>\n\t<meta name=\"twitter:data1\" content=\"apuntesdesanluis.com\" \/>\n\t<meta name=\"twitter:label2\" content=\"Tiempo de lectura\" \/>\n\t<meta name=\"twitter:data2\" content=\"2 minutos\" \/>\n<script type=\"application\/ld+json\" class=\"yoast-schema-graph\">{\"@context\":\"https:\/\/schema.org\",\"@graph\":[{\"@type\":\"Article\",\"@id\":\"https:\/\/apuntesdesanluis.com\/index.php\/2023\/09\/12\/un-chico-de-doce-anos-le-robo-la-moto-a-su-mama-atropello-a-un-jubilado-y-lo-mato\/#article\",\"isPartOf\":{\"@id\":\"https:\/\/apuntesdesanluis.com\/index.php\/2023\/09\/12\/un-chico-de-doce-anos-le-robo-la-moto-a-su-mama-atropello-a-un-jubilado-y-lo-mato\/\"},\"author\":{\"name\":\"apuntesdesanluis.com\",\"@id\":\"https:\/\/apuntesdesanluis.com\/#\/schema\/person\/b55151d52296fcce64d1a72538a70b90\"},\"headline\":\"UN CHICO DE DOCE A\u00d1OS LE ROB\u00d3 LA MOTO A SU MAM\u00c1, ATROPELL\u00d3 A UN JUBILADO Y LO MAT\u00d3\",\"datePublished\":\"2023-09-12T18:03:18+00:00\",\"mainEntityOfPage\":{\"@id\":\"https:\/\/apuntesdesanluis.com\/index.php\/2023\/09\/12\/un-chico-de-doce-anos-le-robo-la-moto-a-su-mama-atropello-a-un-jubilado-y-lo-mato\/\"},\"wordCount\":335,\"publisher\":{\"@id\":\"https:\/\/apuntesdesanluis.com\/#\/schema\/person\/b55151d52296fcce64d1a72538a70b90\"},\"image\":{\"@id\":\"https:\/\/apuntesdesanluis.com\/index.php\/2023\/09\/12\/un-chico-de-doce-anos-le-robo-la-moto-a-su-mama-atropello-a-un-jubilado-y-lo-mato\/#primaryimage\"},\"thumbnailUrl\":\"https:\/\/apuntesdesanluis.com\/wp-content\/uploads\/2023\/09\/jubilado.png\",\"articleSection\":[\"Nacionales\/Internacionales\"],\"inLanguage\":\"es-AR\"},{\"@type\":\"WebPage\",\"@id\":\"https:\/\/apuntesdesanluis.com\/index.php\/2023\/09\/12\/un-chico-de-doce-anos-le-robo-la-moto-a-su-mama-atropello-a-un-jubilado-y-lo-mato\/\",\"url\":\"https:\/\/apuntesdesanluis.com\/index.php\/2023\/09\/12\/un-chico-de-doce-anos-le-robo-la-moto-a-su-mama-atropello-a-un-jubilado-y-lo-mato\/\",\"name\":\"UN CHICO DE DOCE A\u00d1OS LE ROB\u00d3 LA MOTO A SU MAM\u00c1, ATROPELL\u00d3 A UN JUBILADO Y LO MAT\u00d3 - Apuntes de San Luis\",\"isPartOf\":{\"@id\":\"https:\/\/apuntesdesanluis.com\/#website\"},\"primaryImageOfPage\":{\"@id\":\"https:\/\/apuntesdesanluis.com\/index.php\/2023\/09\/12\/un-chico-de-doce-anos-le-robo-la-moto-a-su-mama-atropello-a-un-jubilado-y-lo-mato\/#primaryimage\"},\"image\":{\"@id\":\"https:\/\/apuntesdesanluis.com\/index.php\/2023\/09\/12\/un-chico-de-doce-anos-le-robo-la-moto-a-su-mama-atropello-a-un-jubilado-y-lo-mato\/#primaryimage\"},\"thumbnailUrl\":\"https:\/\/apuntesdesanluis.com\/wp-content\/uploads\/2023\/09\/jubilado.png\",\"datePublished\":\"2023-09-12T18:03:18+00:00\",\"breadcrumb\":{\"@id\":\"https:\/\/apuntesdesanluis.com\/index.php\/2023\/09\/12\/un-chico-de-doce-anos-le-robo-la-moto-a-su-mama-atropello-a-un-jubilado-y-lo-mato\/#breadcrumb\"},\"inLanguage\":\"es-AR\",\"potentialAction\":[{\"@type\":\"ReadAction\",\"target\":[\"https:\/\/apuntesdesanluis.com\/index.php\/2023\/09\/12\/un-chico-de-doce-anos-le-robo-la-moto-a-su-mama-atropello-a-un-jubilado-y-lo-mato\/\"]}]},{\"@type\":\"ImageObject\",\"inLanguage\":\"es-AR\",\"@id\":\"https:\/\/apuntesdesanluis.com\/index.php\/2023\/09\/12\/un-chico-de-doce-anos-le-robo-la-moto-a-su-mama-atropello-a-un-jubilado-y-lo-mato\/#primaryimage\",\"url\":\"https:\/\/apuntesdesanluis.com\/wp-content\/uploads\/2023\/09\/jubilado.png\",\"contentUrl\":\"https:\/\/apuntesdesanluis.com\/wp-content\/uploads\/2023\/09\/jubilado.png\",\"width\":717,\"height\":413},{\"@type\":\"BreadcrumbList\",\"@id\":\"https:\/\/apuntesdesanluis.com\/index.php\/2023\/09\/12\/un-chico-de-doce-anos-le-robo-la-moto-a-su-mama-atropello-a-un-jubilado-y-lo-mato\/#breadcrumb\",\"itemListElement\":[{\"@type\":\"ListItem\",\"position\":1,\"name\":\"Inicio\",\"item\":\"https:\/\/apuntesdesanluis.com\/\"},{\"@type\":\"ListItem\",\"position\":2,\"name\":\"UN CHICO DE DOCE A\u00d1OS LE ROB\u00d3 LA MOTO A SU MAM\u00c1, ATROPELL\u00d3 A UN JUBILADO Y LO MAT\u00d3\"}]},{\"@type\":\"WebSite\",\"@id\":\"https:\/\/apuntesdesanluis.com\/#website\",\"url\":\"https:\/\/apuntesdesanluis.com\/\",\"name\":\"Apuntes de San Luis\",\"description\":\"\",\"publisher\":{\"@id\":\"https:\/\/apuntesdesanluis.com\/#\/schema\/person\/b55151d52296fcce64d1a72538a70b90\"},\"potentialAction\":[{\"@type\":\"SearchAction\",\"target\":{\"@type\":\"EntryPoint\",\"urlTemplate\":\"https:\/\/apuntesdesanluis.com\/?s={search_term_string}\"},\"query-input\":{\"@type\":\"PropertyValueSpecification\",\"valueRequired\":true,\"valueName\":\"search_term_string\"}}],\"inLanguage\":\"es-AR\"},{\"@type\":[\"Person\",\"Organization\"],\"@id\":\"https:\/\/apuntesdesanluis.com\/#\/schema\/person\/b55151d52296fcce64d1a72538a70b90\",\"name\":\"apuntesdesanluis.com\",\"image\":{\"@type\":\"ImageObject\",\"inLanguage\":\"es-AR\",\"@id\":\"https:\/\/apuntesdesanluis.com\/#\/schema\/person\/image\/\",\"url\":\"https:\/\/apuntesdesanluis.com\/wp-content\/uploads\/2023\/07\/cropped-apuntesdesanluis.png\",\"contentUrl\":\"https:\/\/apuntesdesanluis.com\/wp-content\/uploads\/2023\/07\/cropped-apuntesdesanluis.png\",\"width\":450,\"height\":112,\"caption\":\"apuntesdesanluis.com\"},\"logo\":{\"@id\":\"https:\/\/apuntesdesanluis.com\/#\/schema\/person\/image\/\"},\"sameAs\":[\"https:\/\/apuntesdesanluis.com\"],\"url\":\"https:\/\/apuntesdesanluis.com\/index.php\/author\/apuntesdesanluis-com\/\"}]}<\/script>\n<!-- \/ Yoast SEO plugin. -->","yoast_head_json":{"title":"UN CHICO DE DOCE A\u00d1OS LE ROB\u00d3 LA MOTO A SU MAM\u00c1, ATROPELL\u00d3 A UN JUBILADO Y LO MAT\u00d3 - Apuntes de San Luis","robots":{"index":"index","follow":"follow","max-snippet":"max-snippet:-1","max-image-preview":"max-image-preview:large","max-video-preview":"max-video-preview:-1"},"canonical":"https:\/\/apuntesdesanluis.com\/index.php\/2023\/09\/12\/un-chico-de-doce-anos-le-robo-la-moto-a-su-mama-atropello-a-un-jubilado-y-lo-mato\/","og_locale":"es_ES","og_type":"article","og_title":"UN CHICO DE DOCE A\u00d1OS LE ROB\u00d3 LA MOTO A SU MAM\u00c1, ATROPELL\u00d3 A UN JUBILADO Y LO MAT\u00d3 - Apuntes de San Luis","og_description":"El menor de edad viajaba con otros dos chicos cuando embisti\u00f3 al hombre mayor, provoc\u00e1ndole...","og_url":"https:\/\/apuntesdesanluis.com\/index.php\/2023\/09\/12\/un-chico-de-doce-anos-le-robo-la-moto-a-su-mama-atropello-a-un-jubilado-y-lo-mato\/","og_site_name":"Apuntes de San Luis","article_published_time":"2023-09-12T18:03:18+00:00","og_image":[{"width":717,"height":413,"url":"https:\/\/apuntesdesanluis.com\/wp-content\/uploads\/2023\/09\/jubilado.png","type":"image\/png"}],"author":"apuntesdesanluis.com","twitter_card":"summary_large_image","twitter_misc":{"Escrito por":"apuntesdesanluis.com","Tiempo de lectura":"2 minutos"},"schema":{"@context":"https:\/\/schema.org","@graph":[{"@type":"Article","@id":"https:\/\/apuntesdesanluis.com\/index.php\/2023\/09\/12\/un-chico-de-doce-anos-le-robo-la-moto-a-su-mama-atropello-a-un-jubilado-y-lo-mato\/#article","isPartOf":{"@id":"https:\/\/apuntesdesanluis.com\/index.php\/2023\/09\/12\/un-chico-de-doce-anos-le-robo-la-moto-a-su-mama-atropello-a-un-jubilado-y-lo-mato\/"},"author":{"name":"apuntesdesanluis.com","@id":"https:\/\/apuntesdesanluis.com\/#\/schema\/person\/b55151d52296fcce64d1a72538a70b90"},"headline":"UN CHICO DE DOCE A\u00d1OS LE ROB\u00d3 LA MOTO A SU MAM\u00c1, ATROPELL\u00d3 A UN JUBILADO Y LO MAT\u00d3","datePublished":"2023-09-12T18:03:18+00:00","mainEntityOfPage":{"@id":"https:\/\/apuntesdesanluis.com\/index.php\/2023\/09\/12\/un-chico-de-doce-anos-le-robo-la-moto-a-su-mama-atropello-a-un-jubilado-y-lo-mato\/"},"wordCount":335,"publisher":{"@id":"https:\/\/apuntesdesanluis.com\/#\/schema\/person\/b55151d52296fcce64d1a72538a70b90"},"image":{"@id":"https:\/\/apuntesdesanluis.com\/index.php\/2023\/09\/12\/un-chico-de-doce-anos-le-robo-la-moto-a-su-mama-atropello-a-un-jubilado-y-lo-mato\/#primaryimage"},"thumbnailUrl":"https:\/\/apuntesdesanluis.com\/wp-content\/uploads\/2023\/09\/jubilado.png","articleSection":["Nacionales\/Internacionales"],"inLanguage":"es-AR"},{"@type":"WebPage","@id":"https:\/\/apuntesdesanluis.com\/index.php\/2023\/09\/12\/un-chico-de-doce-anos-le-robo-la-moto-a-su-mama-atropello-a-un-jubilado-y-lo-mato\/","url":"https:\/\/apuntesdesanluis.com\/index.php\/2023\/09\/12\/un-chico-de-doce-anos-le-robo-la-moto-a-su-mama-atropello-a-un-jubilado-y-lo-mato\/","name":"UN CHICO DE DOCE A\u00d1OS LE ROB\u00d3 LA MOTO A SU MAM\u00c1, ATROPELL\u00d3 A UN JUBILADO Y LO MAT\u00d3 - Apuntes de San Luis","isPartOf":{"@id":"https:\/\/apuntesdesanluis.com\/#website"},"primaryImageOfPage":{"@id":"https:\/\/apuntesdesanluis.com\/index.php\/2023\/09\/12\/un-chico-de-doce-anos-le-robo-la-moto-a-su-mama-atropello-a-un-jubilado-y-lo-mato\/#primaryimage"},"image":{"@id":"https:\/\/apuntesdesanluis.com\/index.php\/2023\/09\/12\/un-chico-de-doce-anos-le-robo-la-moto-a-su-mama-atropello-a-un-jubilado-y-lo-mato\/#primaryimage"},"thumbnailUrl":"https:\/\/apuntesdesanluis.com\/wp-content\/uploads\/2023\/09\/jubilado.png","datePublished":"2023-09-12T18:03:18+00:00","breadcrumb":{"@id":"https:\/\/apuntesdesanluis.com\/index.php\/2023\/09\/12\/un-chico-de-doce-anos-le-robo-la-moto-a-su-mama-atropello-a-un-jubilado-y-lo-mato\/#breadcrumb"},"inLanguage":"es-AR","potentialAction":[{"@type":"ReadAction","target":["https:\/\/apuntesdesanluis.com\/index.php\/2023\/09\/12\/un-chico-de-doce-anos-le-robo-la-moto-a-su-mama-atropello-a-un-jubilado-y-lo-mato\/"]}]},{"@type":"ImageObject","inLanguage":"es-AR","@id":"https:\/\/apuntesdesanluis.com\/index.php\/2023\/09\/12\/un-chico-de-doce-anos-le-robo-la-moto-a-su-mama-atropello-a-un-jubilado-y-lo-mato\/#primaryimage","url":"https:\/\/apuntesdesanluis.com\/wp-content\/uploads\/2023\/09\/jubilado.png","contentUrl":"https:\/\/apuntesdesanluis.com\/wp-content\/uploads\/2023\/09\/jubilado.png","width":717,"height":413},{"@type":"BreadcrumbList","@id":"https:\/\/apuntesdesanluis.com\/index.php\/2023\/09\/12\/un-chico-de-doce-anos-le-robo-la-moto-a-su-mama-atropello-a-un-jubilado-y-lo-mato\/#breadcrumb","itemListElement":[{"@type":"ListItem","position":1,"name":"Inicio","item":"https:\/\/apuntesdesanluis.com\/"},{"@type":"ListItem","position":2,"name":"UN CHICO DE DOCE A\u00d1OS LE ROB\u00d3 LA MOTO A SU MAM\u00c1, ATROPELL\u00d3 A UN JUBILADO Y LO MAT\u00d3"}]},{"@type":"WebSite","@id":"https:\/\/apuntesdesanluis.com\/#website","url":"https:\/\/apuntesdesanluis.com\/","name":"Apuntes de San Luis","description":"","publisher":{"@id":"https:\/\/apuntesdesanluis.com\/#\/schema\/person\/b55151d52296fcce64d1a72538a70b90"},"potentialAction":[{"@type":"SearchAction","target":{"@type":"EntryPoint","urlTemplate":"https:\/\/apuntesdesanluis.com\/?s={search_term_string}"},"query-input":{"@type":"PropertyValueSpecification","valueRequired":true,"valueName":"search_term_string"}}],"inLanguage":"es-AR"},{"@type":["Person","Organization"],"@id":"https:\/\/apuntesdesanluis.com\/#\/schema\/person\/b55151d52296fcce64d1a72538a70b90","name":"apuntesdesanluis.com","image":{"@type":"ImageObject","inLanguage":"es-AR","@id":"https:\/\/apuntesdesanluis.com\/#\/schema\/person\/image\/","url":"https:\/\/apuntesdesanluis.com\/wp-content\/uploads\/2023\/07\/cropped-apuntesdesanluis.png","contentUrl":"https:\/\/apuntesdesanluis.com\/wp-content\/uploads\/2023\/07\/cropped-apuntesdesanluis.png","width":450,"height":112,"caption":"apuntesdesanluis.com"},"logo":{"@id":"https:\/\/apuntesdesanluis.com\/#\/schema\/person\/image\/"},"sameAs":["https:\/\/apuntesdesanluis.com"],"url":"https:\/\/apuntesdesanluis.com\/index.php\/author\/apuntesdesanluis-com\/"}]}},"featured_image_urls":{"full":["https:\/\/apuntesdesanluis.com\/wp-content\/uploads\/2023\/09\/jubilado.png",717,413,false],"thumbnail":["https:\/\/apuntesdesanluis.com\/wp-content\/uploads\/2023\/09\/jubilado-150x150.png",150,150,true],"medium":["https:\/\/apuntesdesanluis.com\/wp-content\/uploads\/2023\/09\/jubilado-300x173.png",300,173,true],"medium_large":["https:\/\/apuntesdesanluis.com\/wp-content\/uploads\/2023\/09\/jubilado.png",640,369,false],"large":["https:\/\/apuntesdesanluis.com\/wp-content\/uploads\/2023\/09\/jubilado.png",640,369,false],"1536x1536":["https:\/\/apuntesdesanluis.com\/wp-content\/uploads\/2023\/09\/jubilado.png",717,413,false],"2048x2048":["https:\/\/apuntesdesanluis.com\/wp-content\/uploads\/2023\/09\/jubilado.png",717,413,false],"newsever-slider-full":["https:\/\/apuntesdesanluis.com\/wp-content\/uploads\/2023\/09\/jubilado.png",717,413,false],"newsever-featured":["https:\/\/apuntesdesanluis.com\/wp-content\/uploads\/2023\/09\/jubilado.png",717,413,false],"newsever-medium":["https:\/\/apuntesdesanluis.com\/wp-content\/uploads\/2023\/09\/jubilado.png",717,413,false]},"author_info":{"display_name":"apuntesdesanluis.com","author_link":"https:\/\/apuntesdesanluis.com\/index.php\/author\/apuntesdesanluis-com\/"},"category_info":"<a href=\"https:\/\/apuntesdesanluis.com\/index.php\/category\/nacionales-internacionales\/\" rel=\"category tag\">Nacionales\/Internacionales<\/a>","tag_info":"Nacionales\/Internacionales","comment_count":"0","_links":{"self":[{"href":"https:\/\/apuntesdesanluis.com\/index.php\/wp-json\/wp\/v2\/posts\/3186","targetHints":{"allow":["GET"]}}],"collection":[{"href":"https:\/\/apuntesdesanluis.com\/index.php\/wp-json\/wp\/v2\/posts"}],"about":[{"href":"https:\/\/apuntesdesanluis.com\/index.php\/wp-json\/wp\/v2\/types\/post"}],"author":[{"embeddable":true,"href":"https:\/\/apuntesdesanluis.com\/index.php\/wp-json\/wp\/v2\/users\/1"}],"replies":[{"embeddable":true,"href":"https:\/\/apuntesdesanluis.com\/index.php\/wp-json\/wp\/v2\/comments?post=3186"}],"version-history":[{"count":1,"href":"https:\/\/apuntesdesanluis.com\/index.php\/wp-json\/wp\/v2\/posts\/3186\/revisions"}],"predecessor-version":[{"id":3188,"href":"https:\/\/apuntesdesanluis.com\/index.php\/wp-json\/wp\/v2\/posts\/3186\/revisions\/3188"}],"wp:featuredmedia":[{"embeddable":true,"href":"https:\/\/apuntesdesanluis.com\/index.php\/wp-json\/wp\/v2\/media\/3187"}],"wp:attachment":[{"href":"https:\/\/apuntesdesanluis.com\/index.php\/wp-json\/wp\/v2\/media?parent=3186"}],"wp:term":[{"taxonomy":"category","embeddable":true,"href":"https:\/\/apuntesdesanluis.com\/index.php\/wp-json\/wp\/v2\/categories?post=3186"},{"taxonomy":"post_tag","embeddable":true,"href":"https:\/\/apuntesdesanluis.com\/index.php\/wp-json\/wp\/v2\/tags?post=3186"}],"curies":[{"name":"wp","href":"https:\/\/api.w.org\/{rel}","templated":true}]}}