{"id":3192,"date":"2023-09-12T19:28:50","date_gmt":"2023-09-12T22:28:50","guid":{"rendered":"https:\/\/apuntesdesanluis.com\/?p=3192"},"modified":"2023-09-12T22:11:35","modified_gmt":"2023-09-13T01:11:35","slug":"argentina-se-hizo-fuerte-en-la-altura-de-la-paz-y-goleo-a-bolivia","status":"publish","type":"post","link":"https:\/\/apuntesdesanluis.com\/index.php\/2023\/09\/12\/argentina-se-hizo-fuerte-en-la-altura-de-la-paz-y-goleo-a-bolivia\/","title":{"rendered":"ARGENTINA SE HIZO FUERTE EN LA ALTURA DE LA PAZ Y GOLE\u00d3 A BOLIVIA"},"content":{"rendered":"<h3 class=\"yiv7409174924ydp6329976emsonormal\" style=\"text-align: justify; background: white;\"><span style=\"font-family: 'Arial','sans-serif'; color: #1d2228;\">La Selecci\u00f3n, que no cont\u00f3 con Lionel Messi, se impuso por 3 a 0 de la mano de Enzo Fern\u00e1ndez, Nicol\u00e1s Tagliafico y Nicol\u00e1s Gonz\u00e1lez.<\/span><\/h3>\n<h3 class=\"yiv7409174924ydp6329976emsonormal\" style=\"text-align: justify; background: white;\"><span style=\"font-family: 'Arial','sans-serif'; color: #1d2228;\">La Selecci\u00f3n argentina tuvo una soberbia actuaci\u00f3n en la altura de la Paz y gole\u00f3 a Bolivia por 3 a 0 en atractivo encuentro que disputaron esta tarde, en el estadio Hernando Siles, por la segunda jornada de la Eliminatorias Sudamericanas para el Mundial de Estados Unidos, M\u00e9xico y Canad\u00e1 2026.<\/span><\/h3>\n<h3 class=\"yiv7409174924ydp6329976emsonormal\" style=\"text-align: justify; background: white;\"><span style=\"font-family: 'Arial','sans-serif'; color: #1d2228;\">Enzo Fern\u00e1ndez con una sorpresiva aparici\u00f3n como centrodelantero, a los 31 minutos, Nicol\u00e1s Tagliafico con el hombro, a los 42 del primer tiempo, y Nicol\u00e1s Gonz\u00e1lez, a los 39 del complemento, le dieron el triunfo a la Selecci\u00f3n nacional.<\/span><\/h3>\n<h3 class=\"yiv7409174924ydp6329976emsonormal\" style=\"text-align: justify; background: white;\"><span style=\"font-family: 'Arial','sans-serif'; color: #1d2228;\">El defensor de Bolivia Roberto Fern\u00e1ndez fue expulsado, a los 38 minutos de la primera etapa, por juego brusco.<\/span><\/h3>\n<h3 class=\"yiv7409174924ydp6329976emsonormal\" style=\"text-align: justify; background: white;\"><span style=\"font-family: 'Arial','sans-serif'; color: #1d2228;\">Este signific\u00f3 el quinto triunfo de Argentina en La Paz y el segundo consecutivo por primera vez en la historia, ya que venci\u00f3 2 a 1 (1965), 1 a 0 (1974), 2 a 1 (2005), 2 a 1 (2020) y 3 a 0 (2023).<\/span><\/h3>\n<p><iframe title=\"Resumen de Argentina 3-0 Bolivia - Eliminatorias Sudamericanas para el Mundial 2026\" width=\"640\" height=\"360\" src=\"https:\/\/www.youtube.com\/embed\/544-dHqdvGg?feature=oembed\" frameborder=\"0\" allow=\"accelerometer; autoplay; clipboard-write; encrypted-media; gyroscope; picture-in-picture; web-share\" referrerpolicy=\"strict-origin-when-cross-origin\" allowfullscreen><\/iframe><\/p>\n<h3 class=\"yiv7409174924ydp6329976emsonormal\" style=\"text-align: justify; background: white;\"><span style=\"font-family: 'Arial','sans-serif'; color: #1d2228;\">Desde el comienzo del encuentro, Bolivia se mostr\u00f3 m\u00e1s ambicioso y profundo, aunque esto qued\u00f3 solo en insinuaciones, mientras que Argentina ralentiz\u00f3 el juego y fue pr\u00e1ctico para distribuir la pelota y evit\u00f3 sufrir la complejidad de la altura en La Paz.<\/span><\/h3>\n<h3 class=\"yiv7409174924ydp6329976emsonormal\" style=\"text-align: justify; background: white;\"><span style=\"font-family: 'Arial','sans-serif'; color: #1d2228;\">Posteriormente, los dirigidos por Lionel Scaloni -que no tuvieron a Lionel Messi- pusieron en acci\u00f3n su plan y con un sacrificado mediocampo con Fern\u00e1ndez, Alexis Mac Allister y Rodrigo De Paul, en conjunto con las apariciones punzantes de Nicol\u00e1s Gonz\u00e1lez, \u00c1ngel Di Mar\u00eda y Juli\u00e1n \u00c1lvarez puso en aprietos a los locales.<\/span><\/h3>\n<h3 class=\"yiv7409174924ydp6329976emsonormal\" style=\"text-align: justify; background: white;\"><span style=\"font-family: 'Arial','sans-serif'; color: #1d2228;\">La Selecci\u00f3n nacional tuvo varias ocasiones que no logr\u00f3 concretar por la labor del arquero Guillermo Viscarra, mientras que el conjunto de Gustavo Costas intent\u00f3 jugar con Marcelo Martins, pero este fue controlado por un Nahuel Molina de gran nivel.<\/span><\/h3>\n<h3 class=\"yiv7409174924ydp6329976emsonormal\" style=\"text-align: justify; background: white;\"><span style=\"font-family: 'Arial','sans-serif'; color: #1d2228;\">Emiliano &#8220;Dibu&#8221; Mart\u00ednez mostr\u00f3 nuevamente su solidez ante los remates de V\u00edctor Abrego y Luciano Ursino, para mantener con vida a Argentina que factur\u00f3 posteriormente: una corrida extraordinaria de De Paul por la derecha, dejando a dos hombres en el camino, cont\u00f3 con el centro preciso de Di Mar\u00eda y definici\u00f3n de Fern\u00e1ndez de zurda debajo del arco para firmar el 1 a 0.<\/span><\/h3>\n<h3 class=\"yiv7409174924ydp6329976emsonormal\" style=\"text-align: justify; background: white;\"><span style=\"font-family: 'Arial','sans-serif'; color: #1d2228;\">Ya con la expulsi\u00f3n de Roberto Fern\u00e1ndez, por un duro planchazo a Cristian &#8220;Cuti&#8221; Romero, lleg\u00f3 el segundo tanto de la &#8220;Scaloneta&#8221;: desde un tiro libre, que tuvo el centro preciso de Di Mar\u00eda, fue Tagliafico quien con el hombro -luego de un fallido cabezazo- termin\u00f3 mandando el bal\u00f3n al fondo de la red para el 2 a 0.<\/span><\/h3>\n<h3 class=\"yiv7409174924ydp6329976emsonormal\" style=\"text-align: justify; background: white;\"><span style=\"font-family: 'Arial','sans-serif'; color: #1d2228;\">En el complemento, Argentina demostr\u00f3 con un gran nivel por qu\u00e9 en es el vigente campe\u00f3n del mundo y acech\u00f3 a su rival pese a las complicaciones por la altura. De Paul, de media distancia, y Fern\u00e1ndez por la misma v\u00eda forzaron la reacci\u00f3n del arquero Viscarra.<\/span><\/h3>\n<h3 class=\"yiv7409174924ydp6329976emsonormal\" style=\"text-align: justify; background: white;\"><span style=\"font-family: 'Arial','sans-serif'; color: #1d2228;\">Con el correr de los minutos, la &#8220;Scaloneta&#8221; sin la intensidad del comienzo, pero sin sobresaltos, se las ingeni\u00f3 para sostener la ventaja y de la mano de Di Mar\u00eda -picante en el mano a mano- y \u00c1lvarez cont\u00f3 con situaciones de peligro para ampliar el marcador, pero el palo y el portero los privaron de festejar sus goles.<\/span><\/h3>\n<h3 class=\"yiv7409174924ydp6329976emsonormal\" style=\"text-align: justify; background: white;\"><span style=\"font-family: 'Arial','sans-serif'; color: #1d2228;\">Sobre el cierre del partido, Argentina fue por m\u00e1s y tras varios intentos, Gonz\u00e1lez con un violento remate sentenci\u00f3 la goleada y la victoria hist\u00f3rica para el equipo.<\/span><\/h3>\n<h3 class=\"yiv7409174924ydp6329976emsonormal\" style=\"text-align: justify; background: white;\"><span style=\"font-family: 'Arial','sans-serif'; color: #1d2228;\">La Albiceleste volver\u00e1 al estadio Monumental para la tercera jornada de las Eliminatorias el jueves 12 de octubre a las 21 horas donde recibir\u00e1 a Paraguay. Luego, viajar\u00e1 a Per\u00fa para afrontar fecha 4 el martes 17 del mismo mes desde las 23.<\/span><\/h3>\n","protected":false},"excerpt":{"rendered":"<p>La Selecci\u00f3n, que no cont\u00f3 con Lionel Messi, se impuso por 3 a 0 de&#8230;<\/p>\n","protected":false},"author":1,"featured_media":3193,"comment_status":"closed","ping_status":"closed","sticky":false,"template":"","format":"standard","meta":{"footnotes":""},"categories":[8,5],"tags":[],"class_list":["post-3192","post","type-post","status-publish","format-standard","has-post-thumbnail","hentry","category-deportes","category-nacionales-internacionales"],"yoast_head":"<!-- This site is optimized with the Yoast SEO plugin v26.1.1 - https:\/\/yoast.com\/wordpress\/plugins\/seo\/ -->\n<title>ARGENTINA SE HIZO FUERTE EN LA ALTURA DE LA PAZ Y GOLE\u00d3 A BOLIVIA - Apuntes de San Luis<\/title>\n<meta name=\"robots\" content=\"index, follow, max-snippet:-1, max-image-preview:large, max-video-preview:-1\" \/>\n<link rel=\"canonical\" href=\"https:\/\/apuntesdesanluis.com\/index.php\/2023\/09\/12\/argentina-se-hizo-fuerte-en-la-altura-de-la-paz-y-goleo-a-bolivia\/\" \/>\n<meta property=\"og:locale\" content=\"es_ES\" \/>\n<meta property=\"og:type\" content=\"article\" \/>\n<meta property=\"og:title\" content=\"ARGENTINA SE HIZO FUERTE EN LA ALTURA DE LA PAZ Y GOLE\u00d3 A BOLIVIA - Apuntes de San Luis\" \/>\n<meta property=\"og:description\" content=\"La Selecci\u00f3n, que no cont\u00f3 con Lionel Messi, se impuso por 3 a 0 de...\" \/>\n<meta property=\"og:url\" content=\"https:\/\/apuntesdesanluis.com\/index.php\/2023\/09\/12\/argentina-se-hizo-fuerte-en-la-altura-de-la-paz-y-goleo-a-bolivia\/\" \/>\n<meta property=\"og:site_name\" content=\"Apuntes de San Luis\" \/>\n<meta property=\"article:published_time\" content=\"2023-09-12T22:28:50+00:00\" \/>\n<meta property=\"article:modified_time\" content=\"2023-09-13T01:11:35+00:00\" \/>\n<meta property=\"og:image\" content=\"https:\/\/apuntesdesanluis.com\/wp-content\/uploads\/2023\/09\/argentina.png\" \/>\n\t<meta property=\"og:image:width\" content=\"700\" \/>\n\t<meta property=\"og:image:height\" content=\"418\" \/>\n\t<meta property=\"og:image:type\" content=\"image\/png\" \/>\n<meta name=\"author\" content=\"apuntesdesanluis.com\" \/>\n<meta name=\"twitter:card\" content=\"summary_large_image\" \/>\n<meta name=\"twitter:label1\" content=\"Escrito por\" \/>\n\t<meta name=\"twitter:data1\" content=\"apuntesdesanluis.com\" \/>\n\t<meta name=\"twitter:label2\" content=\"Tiempo de lectura\" \/>\n\t<meta name=\"twitter:data2\" content=\"3 minutos\" \/>\n<script type=\"application\/ld+json\" class=\"yoast-schema-graph\">{\"@context\":\"https:\/\/schema.org\",\"@graph\":[{\"@type\":\"Article\",\"@id\":\"https:\/\/apuntesdesanluis.com\/index.php\/2023\/09\/12\/argentina-se-hizo-fuerte-en-la-altura-de-la-paz-y-goleo-a-bolivia\/#article\",\"isPartOf\":{\"@id\":\"https:\/\/apuntesdesanluis.com\/index.php\/2023\/09\/12\/argentina-se-hizo-fuerte-en-la-altura-de-la-paz-y-goleo-a-bolivia\/\"},\"author\":{\"name\":\"apuntesdesanluis.com\",\"@id\":\"https:\/\/apuntesdesanluis.com\/#\/schema\/person\/b55151d52296fcce64d1a72538a70b90\"},\"headline\":\"ARGENTINA SE HIZO FUERTE EN LA ALTURA DE LA PAZ Y GOLE\u00d3 A BOLIVIA\",\"datePublished\":\"2023-09-12T22:28:50+00:00\",\"dateModified\":\"2023-09-13T01:11:35+00:00\",\"mainEntityOfPage\":{\"@id\":\"https:\/\/apuntesdesanluis.com\/index.php\/2023\/09\/12\/argentina-se-hizo-fuerte-en-la-altura-de-la-paz-y-goleo-a-bolivia\/\"},\"wordCount\":643,\"publisher\":{\"@id\":\"https:\/\/apuntesdesanluis.com\/#\/schema\/person\/b55151d52296fcce64d1a72538a70b90\"},\"image\":{\"@id\":\"https:\/\/apuntesdesanluis.com\/index.php\/2023\/09\/12\/argentina-se-hizo-fuerte-en-la-altura-de-la-paz-y-goleo-a-bolivia\/#primaryimage\"},\"thumbnailUrl\":\"https:\/\/apuntesdesanluis.com\/wp-content\/uploads\/2023\/09\/argentina.png\",\"articleSection\":[\"Deportes\",\"Nacionales\/Internacionales\"],\"inLanguage\":\"es-AR\"},{\"@type\":\"WebPage\",\"@id\":\"https:\/\/apuntesdesanluis.com\/index.php\/2023\/09\/12\/argentina-se-hizo-fuerte-en-la-altura-de-la-paz-y-goleo-a-bolivia\/\",\"url\":\"https:\/\/apuntesdesanluis.com\/index.php\/2023\/09\/12\/argentina-se-hizo-fuerte-en-la-altura-de-la-paz-y-goleo-a-bolivia\/\",\"name\":\"ARGENTINA SE HIZO FUERTE EN LA ALTURA DE LA PAZ Y GOLE\u00d3 A BOLIVIA - Apuntes de San Luis\",\"isPartOf\":{\"@id\":\"https:\/\/apuntesdesanluis.com\/#website\"},\"primaryImageOfPage\":{\"@id\":\"https:\/\/apuntesdesanluis.com\/index.php\/2023\/09\/12\/argentina-se-hizo-fuerte-en-la-altura-de-la-paz-y-goleo-a-bolivia\/#primaryimage\"},\"image\":{\"@id\":\"https:\/\/apuntesdesanluis.com\/index.php\/2023\/09\/12\/argentina-se-hizo-fuerte-en-la-altura-de-la-paz-y-goleo-a-bolivia\/#primaryimage\"},\"thumbnailUrl\":\"https:\/\/apuntesdesanluis.com\/wp-content\/uploads\/2023\/09\/argentina.png\",\"datePublished\":\"2023-09-12T22:28:50+00:00\",\"dateModified\":\"2023-09-13T01:11:35+00:00\",\"breadcrumb\":{\"@id\":\"https:\/\/apuntesdesanluis.com\/index.php\/2023\/09\/12\/argentina-se-hizo-fuerte-en-la-altura-de-la-paz-y-goleo-a-bolivia\/#breadcrumb\"},\"inLanguage\":\"es-AR\",\"potentialAction\":[{\"@type\":\"ReadAction\",\"target\":[\"https:\/\/apuntesdesanluis.com\/index.php\/2023\/09\/12\/argentina-se-hizo-fuerte-en-la-altura-de-la-paz-y-goleo-a-bolivia\/\"]}]},{\"@type\":\"ImageObject\",\"inLanguage\":\"es-AR\",\"@id\":\"https:\/\/apuntesdesanluis.com\/index.php\/2023\/09\/12\/argentina-se-hizo-fuerte-en-la-altura-de-la-paz-y-goleo-a-bolivia\/#primaryimage\",\"url\":\"https:\/\/apuntesdesanluis.com\/wp-content\/uploads\/2023\/09\/argentina.png\",\"contentUrl\":\"https:\/\/apuntesdesanluis.com\/wp-content\/uploads\/2023\/09\/argentina.png\",\"width\":700,\"height\":418},{\"@type\":\"BreadcrumbList\",\"@id\":\"https:\/\/apuntesdesanluis.com\/index.php\/2023\/09\/12\/argentina-se-hizo-fuerte-en-la-altura-de-la-paz-y-goleo-a-bolivia\/#breadcrumb\",\"itemListElement\":[{\"@type\":\"ListItem\",\"position\":1,\"name\":\"Inicio\",\"item\":\"https:\/\/apuntesdesanluis.com\/\"},{\"@type\":\"ListItem\",\"position\":2,\"name\":\"ARGENTINA SE HIZO FUERTE EN LA ALTURA DE LA PAZ Y GOLE\u00d3 A BOLIVIA\"}]},{\"@type\":\"WebSite\",\"@id\":\"https:\/\/apuntesdesanluis.com\/#website\",\"url\":\"https:\/\/apuntesdesanluis.com\/\",\"name\":\"Apuntes de San Luis\",\"description\":\"\",\"publisher\":{\"@id\":\"https:\/\/apuntesdesanluis.com\/#\/schema\/person\/b55151d52296fcce64d1a72538a70b90\"},\"potentialAction\":[{\"@type\":\"SearchAction\",\"target\":{\"@type\":\"EntryPoint\",\"urlTemplate\":\"https:\/\/apuntesdesanluis.com\/?s={search_term_string}\"},\"query-input\":{\"@type\":\"PropertyValueSpecification\",\"valueRequired\":true,\"valueName\":\"search_term_string\"}}],\"inLanguage\":\"es-AR\"},{\"@type\":[\"Person\",\"Organization\"],\"@id\":\"https:\/\/apuntesdesanluis.com\/#\/schema\/person\/b55151d52296fcce64d1a72538a70b90\",\"name\":\"apuntesdesanluis.com\",\"image\":{\"@type\":\"ImageObject\",\"inLanguage\":\"es-AR\",\"@id\":\"https:\/\/apuntesdesanluis.com\/#\/schema\/person\/image\/\",\"url\":\"https:\/\/apuntesdesanluis.com\/wp-content\/uploads\/2023\/07\/cropped-apuntesdesanluis.png\",\"contentUrl\":\"https:\/\/apuntesdesanluis.com\/wp-content\/uploads\/2023\/07\/cropped-apuntesdesanluis.png\",\"width\":450,\"height\":112,\"caption\":\"apuntesdesanluis.com\"},\"logo\":{\"@id\":\"https:\/\/apuntesdesanluis.com\/#\/schema\/person\/image\/\"},\"sameAs\":[\"https:\/\/apuntesdesanluis.com\"],\"url\":\"https:\/\/apuntesdesanluis.com\/index.php\/author\/apuntesdesanluis-com\/\"}]}<\/script>\n<!-- \/ Yoast SEO plugin. -->","yoast_head_json":{"title":"ARGENTINA SE HIZO FUERTE EN LA ALTURA DE LA PAZ Y GOLE\u00d3 A BOLIVIA - Apuntes de San Luis","robots":{"index":"index","follow":"follow","max-snippet":"max-snippet:-1","max-image-preview":"max-image-preview:large","max-video-preview":"max-video-preview:-1"},"canonical":"https:\/\/apuntesdesanluis.com\/index.php\/2023\/09\/12\/argentina-se-hizo-fuerte-en-la-altura-de-la-paz-y-goleo-a-bolivia\/","og_locale":"es_ES","og_type":"article","og_title":"ARGENTINA SE HIZO FUERTE EN LA ALTURA DE LA PAZ Y GOLE\u00d3 A BOLIVIA - Apuntes de San Luis","og_description":"La Selecci\u00f3n, que no cont\u00f3 con Lionel Messi, se impuso por 3 a 0 de...","og_url":"https:\/\/apuntesdesanluis.com\/index.php\/2023\/09\/12\/argentina-se-hizo-fuerte-en-la-altura-de-la-paz-y-goleo-a-bolivia\/","og_site_name":"Apuntes de San Luis","article_published_time":"2023-09-12T22:28:50+00:00","article_modified_time":"2023-09-13T01:11:35+00:00","og_image":[{"width":700,"height":418,"url":"https:\/\/apuntesdesanluis.com\/wp-content\/uploads\/2023\/09\/argentina.png","type":"image\/png"}],"author":"apuntesdesanluis.com","twitter_card":"summary_large_image","twitter_misc":{"Escrito por":"apuntesdesanluis.com","Tiempo de lectura":"3 minutos"},"schema":{"@context":"https:\/\/schema.org","@graph":[{"@type":"Article","@id":"https:\/\/apuntesdesanluis.com\/index.php\/2023\/09\/12\/argentina-se-hizo-fuerte-en-la-altura-de-la-paz-y-goleo-a-bolivia\/#article","isPartOf":{"@id":"https:\/\/apuntesdesanluis.com\/index.php\/2023\/09\/12\/argentina-se-hizo-fuerte-en-la-altura-de-la-paz-y-goleo-a-bolivia\/"},"author":{"name":"apuntesdesanluis.com","@id":"https:\/\/apuntesdesanluis.com\/#\/schema\/person\/b55151d52296fcce64d1a72538a70b90"},"headline":"ARGENTINA SE HIZO FUERTE EN LA ALTURA DE LA PAZ Y GOLE\u00d3 A BOLIVIA","datePublished":"2023-09-12T22:28:50+00:00","dateModified":"2023-09-13T01:11:35+00:00","mainEntityOfPage":{"@id":"https:\/\/apuntesdesanluis.com\/index.php\/2023\/09\/12\/argentina-se-hizo-fuerte-en-la-altura-de-la-paz-y-goleo-a-bolivia\/"},"wordCount":643,"publisher":{"@id":"https:\/\/apuntesdesanluis.com\/#\/schema\/person\/b55151d52296fcce64d1a72538a70b90"},"image":{"@id":"https:\/\/apuntesdesanluis.com\/index.php\/2023\/09\/12\/argentina-se-hizo-fuerte-en-la-altura-de-la-paz-y-goleo-a-bolivia\/#primaryimage"},"thumbnailUrl":"https:\/\/apuntesdesanluis.com\/wp-content\/uploads\/2023\/09\/argentina.png","articleSection":["Deportes","Nacionales\/Internacionales"],"inLanguage":"es-AR"},{"@type":"WebPage","@id":"https:\/\/apuntesdesanluis.com\/index.php\/2023\/09\/12\/argentina-se-hizo-fuerte-en-la-altura-de-la-paz-y-goleo-a-bolivia\/","url":"https:\/\/apuntesdesanluis.com\/index.php\/2023\/09\/12\/argentina-se-hizo-fuerte-en-la-altura-de-la-paz-y-goleo-a-bolivia\/","name":"ARGENTINA SE HIZO FUERTE EN LA ALTURA DE LA PAZ Y GOLE\u00d3 A BOLIVIA - Apuntes de San Luis","isPartOf":{"@id":"https:\/\/apuntesdesanluis.com\/#website"},"primaryImageOfPage":{"@id":"https:\/\/apuntesdesanluis.com\/index.php\/2023\/09\/12\/argentina-se-hizo-fuerte-en-la-altura-de-la-paz-y-goleo-a-bolivia\/#primaryimage"},"image":{"@id":"https:\/\/apuntesdesanluis.com\/index.php\/2023\/09\/12\/argentina-se-hizo-fuerte-en-la-altura-de-la-paz-y-goleo-a-bolivia\/#primaryimage"},"thumbnailUrl":"https:\/\/apuntesdesanluis.com\/wp-content\/uploads\/2023\/09\/argentina.png","datePublished":"2023-09-12T22:28:50+00:00","dateModified":"2023-09-13T01:11:35+00:00","breadcrumb":{"@id":"https:\/\/apuntesdesanluis.com\/index.php\/2023\/09\/12\/argentina-se-hizo-fuerte-en-la-altura-de-la-paz-y-goleo-a-bolivia\/#breadcrumb"},"inLanguage":"es-AR","potentialAction":[{"@type":"ReadAction","target":["https:\/\/apuntesdesanluis.com\/index.php\/2023\/09\/12\/argentina-se-hizo-fuerte-en-la-altura-de-la-paz-y-goleo-a-bolivia\/"]}]},{"@type":"ImageObject","inLanguage":"es-AR","@id":"https:\/\/apuntesdesanluis.com\/index.php\/2023\/09\/12\/argentina-se-hizo-fuerte-en-la-altura-de-la-paz-y-goleo-a-bolivia\/#primaryimage","url":"https:\/\/apuntesdesanluis.com\/wp-content\/uploads\/2023\/09\/argentina.png","contentUrl":"https:\/\/apuntesdesanluis.com\/wp-content\/uploads\/2023\/09\/argentina.png","width":700,"height":418},{"@type":"BreadcrumbList","@id":"https:\/\/apuntesdesanluis.com\/index.php\/2023\/09\/12\/argentina-se-hizo-fuerte-en-la-altura-de-la-paz-y-goleo-a-bolivia\/#breadcrumb","itemListElement":[{"@type":"ListItem","position":1,"name":"Inicio","item":"https:\/\/apuntesdesanluis.com\/"},{"@type":"ListItem","position":2,"name":"ARGENTINA SE HIZO FUERTE EN LA ALTURA DE LA PAZ Y GOLE\u00d3 A BOLIVIA"}]},{"@type":"WebSite","@id":"https:\/\/apuntesdesanluis.com\/#website","url":"https:\/\/apuntesdesanluis.com\/","name":"Apuntes de San Luis","description":"","publisher":{"@id":"https:\/\/apuntesdesanluis.com\/#\/schema\/person\/b55151d52296fcce64d1a72538a70b90"},"potentialAction":[{"@type":"SearchAction","target":{"@type":"EntryPoint","urlTemplate":"https:\/\/apuntesdesanluis.com\/?s={search_term_string}"},"query-input":{"@type":"PropertyValueSpecification","valueRequired":true,"valueName":"search_term_string"}}],"inLanguage":"es-AR"},{"@type":["Person","Organization"],"@id":"https:\/\/apuntesdesanluis.com\/#\/schema\/person\/b55151d52296fcce64d1a72538a70b90","name":"apuntesdesanluis.com","image":{"@type":"ImageObject","inLanguage":"es-AR","@id":"https:\/\/apuntesdesanluis.com\/#\/schema\/person\/image\/","url":"https:\/\/apuntesdesanluis.com\/wp-content\/uploads\/2023\/07\/cropped-apuntesdesanluis.png","contentUrl":"https:\/\/apuntesdesanluis.com\/wp-content\/uploads\/2023\/07\/cropped-apuntesdesanluis.png","width":450,"height":112,"caption":"apuntesdesanluis.com"},"logo":{"@id":"https:\/\/apuntesdesanluis.com\/#\/schema\/person\/image\/"},"sameAs":["https:\/\/apuntesdesanluis.com"],"url":"https:\/\/apuntesdesanluis.com\/index.php\/author\/apuntesdesanluis-com\/"}]}},"featured_image_urls":{"full":["https:\/\/apuntesdesanluis.com\/wp-content\/uploads\/2023\/09\/argentina.png",700,418,false],"thumbnail":["https:\/\/apuntesdesanluis.com\/wp-content\/uploads\/2023\/09\/argentina-150x150.png",150,150,true],"medium":["https:\/\/apuntesdesanluis.com\/wp-content\/uploads\/2023\/09\/argentina-300x179.png",300,179,true],"medium_large":["https:\/\/apuntesdesanluis.com\/wp-content\/uploads\/2023\/09\/argentina.png",640,382,false],"large":["https:\/\/apuntesdesanluis.com\/wp-content\/uploads\/2023\/09\/argentina.png",640,382,false],"1536x1536":["https:\/\/apuntesdesanluis.com\/wp-content\/uploads\/2023\/09\/argentina.png",700,418,false],"2048x2048":["https:\/\/apuntesdesanluis.com\/wp-content\/uploads\/2023\/09\/argentina.png",700,418,false],"newsever-slider-full":["https:\/\/apuntesdesanluis.com\/wp-content\/uploads\/2023\/09\/argentina.png",700,418,false],"newsever-featured":["https:\/\/apuntesdesanluis.com\/wp-content\/uploads\/2023\/09\/argentina.png",700,418,false],"newsever-medium":["https:\/\/apuntesdesanluis.com\/wp-content\/uploads\/2023\/09\/argentina.png",700,418,false]},"author_info":{"display_name":"apuntesdesanluis.com","author_link":"https:\/\/apuntesdesanluis.com\/index.php\/author\/apuntesdesanluis-com\/"},"category_info":"<a href=\"https:\/\/apuntesdesanluis.com\/index.php\/category\/deportes\/\" rel=\"category tag\">Deportes<\/a> <a href=\"https:\/\/apuntesdesanluis.com\/index.php\/category\/nacionales-internacionales\/\" rel=\"category tag\">Nacionales\/Internacionales<\/a>","tag_info":"Nacionales\/Internacionales","comment_count":"0","_links":{"self":[{"href":"https:\/\/apuntesdesanluis.com\/index.php\/wp-json\/wp\/v2\/posts\/3192","targetHints":{"allow":["GET"]}}],"collection":[{"href":"https:\/\/apuntesdesanluis.com\/index.php\/wp-json\/wp\/v2\/posts"}],"about":[{"href":"https:\/\/apuntesdesanluis.com\/index.php\/wp-json\/wp\/v2\/types\/post"}],"author":[{"embeddable":true,"href":"https:\/\/apuntesdesanluis.com\/index.php\/wp-json\/wp\/v2\/users\/1"}],"replies":[{"embeddable":true,"href":"https:\/\/apuntesdesanluis.com\/index.php\/wp-json\/wp\/v2\/comments?post=3192"}],"version-history":[{"count":4,"href":"https:\/\/apuntesdesanluis.com\/index.php\/wp-json\/wp\/v2\/posts\/3192\/revisions"}],"predecessor-version":[{"id":3236,"href":"https:\/\/apuntesdesanluis.com\/index.php\/wp-json\/wp\/v2\/posts\/3192\/revisions\/3236"}],"wp:featuredmedia":[{"embeddable":true,"href":"https:\/\/apuntesdesanluis.com\/index.php\/wp-json\/wp\/v2\/media\/3193"}],"wp:attachment":[{"href":"https:\/\/apuntesdesanluis.com\/index.php\/wp-json\/wp\/v2\/media?parent=3192"}],"wp:term":[{"taxonomy":"category","embeddable":true,"href":"https:\/\/apuntesdesanluis.com\/index.php\/wp-json\/wp\/v2\/categories?post=3192"},{"taxonomy":"post_tag","embeddable":true,"href":"https:\/\/apuntesdesanluis.com\/index.php\/wp-json\/wp\/v2\/tags?post=3192"}],"curies":[{"name":"wp","href":"https:\/\/api.w.org\/{rel}","templated":true}]}}