{"id":3206,"date":"2023-09-12T20:22:30","date_gmt":"2023-09-12T23:22:30","guid":{"rendered":"https:\/\/apuntesdesanluis.com\/?p=3206"},"modified":"2023-09-12T20:22:30","modified_gmt":"2023-09-12T23:22:30","slug":"mezquindad-electoral-ahora-jxc-critica-a-massa-por-la-eliminacion-de-ganancias-y-dijo-que-no-la-votara","status":"publish","type":"post","link":"https:\/\/apuntesdesanluis.com\/index.php\/2023\/09\/12\/mezquindad-electoral-ahora-jxc-critica-a-massa-por-la-eliminacion-de-ganancias-y-dijo-que-no-la-votara\/","title":{"rendered":"MEZQUINDAD ELECTORAL: AHORA JXC CRITICA A MASSA POR LA ELIMINACI\u00d3N DE GANANCIAS Y DIJO QUE NO LA VOTAR\u00c1"},"content":{"rendered":"<h3 class=\"yiv7409174924ydp6329976emsonormal\" style=\"text-align: justify; background: white;\"><span style=\"font-family: 'Arial','sans-serif'; color: #1d2228;\">El espacio que lleva a Patricia Bullrich como candidata a presidenta avis\u00f3 que no dar\u00e1 su apoyo al proyecto de ley en el Congreso, a pesar de que Mauricio Macri lo anunci\u00f3 cuando fue candidato durante su campa\u00f1a presidencial pero despu\u00e9s no cumpli\u00f3.<\/span><\/h3>\n<h3 class=\"yiv7409174924ydp6329976emsonormal\" style=\"text-align: justify; background: white;\"><span style=\"font-family: 'Arial','sans-serif'; color: #1d2228;\">El Impuesto a las Ganancias es uno de los puntos fuertes que ha utilizado discursiva y pol\u00edticamente Sergio Massa para cuestionar a Juntos por el Cambio. Ocurre que fue una de las principales promesas de campa\u00f1a que Mauricio Macri no pudo cumplir y ahora el ministro candidato de Uni\u00f3n por la Patria aprovecha para recordar cada vez que puede. Y ayer, la eliminaci\u00f3n del tributo no fue la excepci\u00f3n y tampoco qued\u00f3 exenta de cr\u00edticas opositoras.<\/span><\/h3>\n<h3 class=\"yiv7409174924ydp6329976emsonormal\" style=\"text-align: justify; background: white;\"><span style=\"font-family: 'Arial','sans-serif'; color: #1d2228;\">&#8220;Quisiera compartir con ustedes algunas reflexiones importantes. La primera es que all\u00e1 por el a\u00f1o 2015 un candidato a presidente les prometi\u00f3 a ustedes que ning\u00fan trabajador iba a pagar el impuesto a las Ganancias. Sin embargo, cuatro a\u00f1os despu\u00e9s el doble empezaron a pagarlo&#8221;, fue la frase que us\u00f3 Massa el lunes para abrir el anuncio durante el acto con sindicalistas y pol\u00edticos en la puerta del Ministerio de Econom\u00eda.<\/span><\/h3>\n<p><iframe title=\"Trabajadores sin impuesto a las ganancias. Ese es mi compromiso | Mauricio Macri\" width=\"640\" height=\"360\" src=\"https:\/\/www.youtube.com\/embed\/q7htwkzI9k0?feature=oembed\" frameborder=\"0\" allow=\"accelerometer; autoplay; clipboard-write; encrypted-media; gyroscope; picture-in-picture; web-share\" referrerpolicy=\"strict-origin-when-cross-origin\" allowfullscreen><\/iframe><\/p>\n<h3 class=\"yiv7409174924ydp6329976emsonormal\" style=\"text-align: justify; background: white;\"><span style=\"font-family: 'Arial','sans-serif'; color: #1d2228;\">Y record\u00f3 que desde que asumi\u00f3 comenz\u00f3 un camino de suba del piso para pagar ese tributo que culminar\u00eda con la sanci\u00f3n del proyecto de ley que elimina la cuarta categor\u00eda, es decir, la que abarca a trabajadores formales y jubilados. <\/span><\/h3>\n<h3 class=\"yiv7409174924ydp6329976emsonormal\" style=\"text-align: justify; background: white;\"><span style=\"font-family: 'Arial','sans-serif'; color: #1d2228;\">En plena carrera electoral rumbo a las generales de octubre, claro que esa noticia no cay\u00f3 bien en Juntos por el Cambio. &#8220;Es un mamarracho electoral. Finalmente, para darle a 700 mil empobreces a 47 millones. La verdad que creo que lo que hace falta es una reforma integral impositiva con crecimiento del empleo pero si ordenamos la econom\u00eda&#8221;, dijo ayer el expresidente Mauricio Macri en uno de sus canales preferidos, TN. <\/span><\/h3>\n<h3 class=\"yiv7409174924ydp6329976emsonormal\" style=\"text-align: justify; background: white;\"><span style=\"font-family: 'Arial','sans-serif'; color: #1d2228;\">En un contexto econ\u00f3mico diferente, el mismo Macri hab\u00eda publicado el 2 de octubre del 2015, durante la campa\u00f1a que lo catapult\u00f3 a la Presidencia, hab\u00eda publicado un video en Twitter donde expres\u00f3: &#8220;El Estado no tiene que quedarse con el fruto de tu trabajo. En mi gobierno, los trabajadores no van a pagar impuesto a las ganancias&#8221;.<\/span><\/h3>\n<h3 class=\"yiv7409174924ydp6329976emsonormal\" style=\"text-align: justify; background: white;\"><span style=\"font-family: 'Arial','sans-serif'; color: #1d2228;\">Hern\u00e1n Lacunza, exministro de Hacienda del macrismo, se pleg\u00f3 a las cr\u00edticas y dijo en Radio Rivadavia que &#8220;estamos haciendo una reforma a lo Hood Robin (sic), es decir, sac\u00e1ndole a los pobres para darle a los que m\u00e1s tienen&#8221;.<\/span><\/h3>\n<h3 class=\"yiv7409174924ydp6329976emsonormal\" style=\"text-align: justify; background: white;\"><span style=\"font-family: 'Arial','sans-serif'; color: #1d2228;\">Para el asesor econ\u00f3mico del bullrichismo, el anuncio fue un &#8220;disparate&#8221;, ya que &#8220;el salario medio de la Argentina es de 140 mil pesos en promedio y el formal ronda los 300 mil, cuando pagan ganancias los que ganan m\u00e1s de 700 mil&#8221;.<\/span><\/h3>\n<p><img fetchpriority=\"high\" decoding=\"async\" class=\"wp-image-3208 aligncenter\" src=\"https:\/\/apuntesdesanluis.com\/wp-content\/uploads\/2023\/09\/bullrich-massa-300x177.png\" alt=\"\" width=\"793\" height=\"468\" srcset=\"https:\/\/apuntesdesanluis.com\/wp-content\/uploads\/2023\/09\/bullrich-massa-300x177.png 300w, https:\/\/apuntesdesanluis.com\/wp-content\/uploads\/2023\/09\/bullrich-massa.png 600w\" sizes=\"(max-width: 793px) 100vw, 793px\" \/><\/p>\n<h3 class=\"yiv7409174924ydp6329976emsonormal\" style=\"text-align: justify; background: white;\"><span style=\"font-family: 'Arial','sans-serif'; color: #1d2228;\">Luciano Laspina, economista referente de Patricia Bullrich, tambi\u00e9n mencion\u00f3 el c\u00e1lculo de beneficiados\/perjudicados por la medida que dio Macri. &#8220;La baja del impuesto a las ganancias se financiar\u00e1 con la suba del impuesto inflacionario. Resultado: 600.000 beneficiados, 47.000.000 de perjudicados. La medida es irresponsable, inequitativa y sumamente regresiva&#8221;, dijo el economista.<\/span><\/h3>\n<h3 class=\"yiv7409174924ydp6329976emsonormal\" style=\"text-align: justify; background: white;\"><span style=\"font-family: 'Arial','sans-serif'; color: #1d2228;\">Otro dirigente opositor que se manifest\u00f3 tras el anuncio de Massa fue el economista Jos\u00e9 Luis Espert, que si bien aclar\u00f3 que &#8220;estoy a favor de toda baja de impuestos&#8221; dijo que &#8220;no solo es una medida irresponsable, sino que Ganancias es de los pocos impuestos nacionales que no hay que eliminar&#8221;. Su argumento es que &#8220;el pol\u00edtico paga de manera muy directa el costo de aumentarlo&#8221;. <\/span><\/h3>\n<h3 class=\"yiv7409174924ydp6329976emsonormal\" style=\"text-align: justify; background: white;\"><span style=\"font-family: 'Arial','sans-serif'; color: #1d2228;\">M\u00e1s abajo, en Twitter, Espert volvi\u00f3 a aclarar: &#8220;Solo digo lo que ocurre con los impuestos en el mundo civilizado que es al que quiero pertenezcamos. Solo se recaudan no m\u00e1s de una docena de impuestos (Ganancias entre ellos, obvio, a partir de niveles altos) en vez de 165 (impuestos) como ac\u00e1&#8221;.<\/span><\/h3>\n<h3 class=\"yiv7409174924ydp6329976emsonormal\" style=\"text-align: justify; background: white;\"><span style=\"font-family: 'Arial','sans-serif'; color: #1d2228;\">Lo llamativo es que la semana pasada, el 7 de septiembre, desde ese mismo dirigente dijo que el Impuesto a las Ganancias &#8220;recauda menos de 0,2% del PBI. La nada misma. Es como el 90% de los impuestos nacionales (literal); se pueden eliminar con un baj\u00edsimo costo fiscal (hay que bajar el gasto p\u00fablico y acordar con Provincias) y aliviarle mucho la vida a la gente&#8221;. <\/span><\/h3>\n<h3 class=\"yiv7409174924ydp6329976emsonormal\" style=\"text-align: justify; background: white;\"><span style=\"font-family: 'Arial','sans-serif'; color: #1d2228;\">&#8220;Estamos a favor de bajar impuestos, pero hay que hacer las cosas bien, con seriedad. La Argentina no necesita m\u00e1s humo y parches del kirchnerismo. Al pa\u00eds se lo saca adelante con propuestas serias, con un plan real de estabilizaci\u00f3n y crecimiento&#8221;, dijo Cristian Ritondo, jefe del bloque PRO en la C\u00e1mara de Diputados, al mostrarse en contra de la decisi\u00f3n de Massa. <\/span><\/h3>\n<h3 class=\"yiv7409174924ydp6329976emsonormal\" style=\"text-align: justify; background: white;\"><span style=\"font-family: 'Arial','sans-serif'; color: #1d2228;\">En sinton\u00eda con esa postura, uno de los referentes se anim\u00f3 a avisar que &#8220;no lo vamos a votar&#8221; al proyecto que Massa envi\u00f3 al Congreso. &#8220;No estamos de acuerdo con la propuesta de Massa porque se trata de una propaganda pol\u00edtica burda en el medio de la campa\u00f1a electoral. No deber\u00edamos eliminarlo por su car\u00e1cter justamente progresivo&#8221;, dijo el diputado nacional Mart\u00edn Tetaz.<\/span><\/h3>\n","protected":false},"excerpt":{"rendered":"<p>El espacio que lleva a Patricia Bullrich como candidata a presidenta avis\u00f3 que no dar\u00e1&#8230;<\/p>\n","protected":false},"author":1,"featured_media":3207,"comment_status":"closed","ping_status":"closed","sticky":false,"template":"","format":"standard","meta":{"footnotes":""},"categories":[5],"tags":[],"class_list":["post-3206","post","type-post","status-publish","format-standard","has-post-thumbnail","hentry","category-nacionales-internacionales"],"yoast_head":"<!-- This site is optimized with the Yoast SEO plugin v26.1.1 - https:\/\/yoast.com\/wordpress\/plugins\/seo\/ -->\n<title>MEZQUINDAD ELECTORAL: AHORA JXC CRITICA A MASSA POR LA ELIMINACI\u00d3N DE GANANCIAS Y DIJO QUE NO LA VOTAR\u00c1 - Apuntes de San Luis<\/title>\n<meta name=\"robots\" content=\"index, follow, max-snippet:-1, max-image-preview:large, max-video-preview:-1\" \/>\n<link rel=\"canonical\" href=\"https:\/\/apuntesdesanluis.com\/index.php\/2023\/09\/12\/mezquindad-electoral-ahora-jxc-critica-a-massa-por-la-eliminacion-de-ganancias-y-dijo-que-no-la-votara\/\" \/>\n<meta property=\"og:locale\" content=\"es_ES\" \/>\n<meta property=\"og:type\" content=\"article\" \/>\n<meta property=\"og:title\" content=\"MEZQUINDAD ELECTORAL: AHORA JXC CRITICA A MASSA POR LA ELIMINACI\u00d3N DE GANANCIAS Y DIJO QUE NO LA VOTAR\u00c1 - Apuntes de San Luis\" \/>\n<meta property=\"og:description\" content=\"El espacio que lleva a Patricia Bullrich como candidata a presidenta avis\u00f3 que no dar\u00e1...\" \/>\n<meta property=\"og:url\" content=\"https:\/\/apuntesdesanluis.com\/index.php\/2023\/09\/12\/mezquindad-electoral-ahora-jxc-critica-a-massa-por-la-eliminacion-de-ganancias-y-dijo-que-no-la-votara\/\" \/>\n<meta property=\"og:site_name\" content=\"Apuntes de San Luis\" \/>\n<meta property=\"article:published_time\" content=\"2023-09-12T23:22:30+00:00\" \/>\n<meta property=\"og:image\" content=\"https:\/\/apuntesdesanluis.com\/wp-content\/uploads\/2023\/09\/macri.png\" \/>\n\t<meta property=\"og:image:width\" content=\"700\" \/>\n\t<meta property=\"og:image:height\" content=\"416\" \/>\n\t<meta property=\"og:image:type\" content=\"image\/png\" \/>\n<meta name=\"author\" content=\"apuntesdesanluis.com\" \/>\n<meta name=\"twitter:card\" content=\"summary_large_image\" \/>\n<meta name=\"twitter:label1\" content=\"Escrito por\" \/>\n\t<meta name=\"twitter:data1\" content=\"apuntesdesanluis.com\" \/>\n\t<meta name=\"twitter:label2\" content=\"Tiempo de lectura\" \/>\n\t<meta name=\"twitter:data2\" content=\"4 minutos\" \/>\n<script type=\"application\/ld+json\" class=\"yoast-schema-graph\">{\"@context\":\"https:\/\/schema.org\",\"@graph\":[{\"@type\":\"Article\",\"@id\":\"https:\/\/apuntesdesanluis.com\/index.php\/2023\/09\/12\/mezquindad-electoral-ahora-jxc-critica-a-massa-por-la-eliminacion-de-ganancias-y-dijo-que-no-la-votara\/#article\",\"isPartOf\":{\"@id\":\"https:\/\/apuntesdesanluis.com\/index.php\/2023\/09\/12\/mezquindad-electoral-ahora-jxc-critica-a-massa-por-la-eliminacion-de-ganancias-y-dijo-que-no-la-votara\/\"},\"author\":{\"name\":\"apuntesdesanluis.com\",\"@id\":\"https:\/\/apuntesdesanluis.com\/#\/schema\/person\/b55151d52296fcce64d1a72538a70b90\"},\"headline\":\"MEZQUINDAD ELECTORAL: AHORA JXC CRITICA A MASSA POR LA ELIMINACI\u00d3N DE GANANCIAS Y DIJO QUE NO LA VOTAR\u00c1\",\"datePublished\":\"2023-09-12T23:22:30+00:00\",\"mainEntityOfPage\":{\"@id\":\"https:\/\/apuntesdesanluis.com\/index.php\/2023\/09\/12\/mezquindad-electoral-ahora-jxc-critica-a-massa-por-la-eliminacion-de-ganancias-y-dijo-que-no-la-votara\/\"},\"wordCount\":870,\"publisher\":{\"@id\":\"https:\/\/apuntesdesanluis.com\/#\/schema\/person\/b55151d52296fcce64d1a72538a70b90\"},\"image\":{\"@id\":\"https:\/\/apuntesdesanluis.com\/index.php\/2023\/09\/12\/mezquindad-electoral-ahora-jxc-critica-a-massa-por-la-eliminacion-de-ganancias-y-dijo-que-no-la-votara\/#primaryimage\"},\"thumbnailUrl\":\"https:\/\/apuntesdesanluis.com\/wp-content\/uploads\/2023\/09\/macri.png\",\"articleSection\":[\"Nacionales\/Internacionales\"],\"inLanguage\":\"es-AR\"},{\"@type\":\"WebPage\",\"@id\":\"https:\/\/apuntesdesanluis.com\/index.php\/2023\/09\/12\/mezquindad-electoral-ahora-jxc-critica-a-massa-por-la-eliminacion-de-ganancias-y-dijo-que-no-la-votara\/\",\"url\":\"https:\/\/apuntesdesanluis.com\/index.php\/2023\/09\/12\/mezquindad-electoral-ahora-jxc-critica-a-massa-por-la-eliminacion-de-ganancias-y-dijo-que-no-la-votara\/\",\"name\":\"MEZQUINDAD ELECTORAL: AHORA JXC CRITICA A MASSA POR LA ELIMINACI\u00d3N DE GANANCIAS Y DIJO QUE NO LA VOTAR\u00c1 - Apuntes de San Luis\",\"isPartOf\":{\"@id\":\"https:\/\/apuntesdesanluis.com\/#website\"},\"primaryImageOfPage\":{\"@id\":\"https:\/\/apuntesdesanluis.com\/index.php\/2023\/09\/12\/mezquindad-electoral-ahora-jxc-critica-a-massa-por-la-eliminacion-de-ganancias-y-dijo-que-no-la-votara\/#primaryimage\"},\"image\":{\"@id\":\"https:\/\/apuntesdesanluis.com\/index.php\/2023\/09\/12\/mezquindad-electoral-ahora-jxc-critica-a-massa-por-la-eliminacion-de-ganancias-y-dijo-que-no-la-votara\/#primaryimage\"},\"thumbnailUrl\":\"https:\/\/apuntesdesanluis.com\/wp-content\/uploads\/2023\/09\/macri.png\",\"datePublished\":\"2023-09-12T23:22:30+00:00\",\"breadcrumb\":{\"@id\":\"https:\/\/apuntesdesanluis.com\/index.php\/2023\/09\/12\/mezquindad-electoral-ahora-jxc-critica-a-massa-por-la-eliminacion-de-ganancias-y-dijo-que-no-la-votara\/#breadcrumb\"},\"inLanguage\":\"es-AR\",\"potentialAction\":[{\"@type\":\"ReadAction\",\"target\":[\"https:\/\/apuntesdesanluis.com\/index.php\/2023\/09\/12\/mezquindad-electoral-ahora-jxc-critica-a-massa-por-la-eliminacion-de-ganancias-y-dijo-que-no-la-votara\/\"]}]},{\"@type\":\"ImageObject\",\"inLanguage\":\"es-AR\",\"@id\":\"https:\/\/apuntesdesanluis.com\/index.php\/2023\/09\/12\/mezquindad-electoral-ahora-jxc-critica-a-massa-por-la-eliminacion-de-ganancias-y-dijo-que-no-la-votara\/#primaryimage\",\"url\":\"https:\/\/apuntesdesanluis.com\/wp-content\/uploads\/2023\/09\/macri.png\",\"contentUrl\":\"https:\/\/apuntesdesanluis.com\/wp-content\/uploads\/2023\/09\/macri.png\",\"width\":700,\"height\":416},{\"@type\":\"BreadcrumbList\",\"@id\":\"https:\/\/apuntesdesanluis.com\/index.php\/2023\/09\/12\/mezquindad-electoral-ahora-jxc-critica-a-massa-por-la-eliminacion-de-ganancias-y-dijo-que-no-la-votara\/#breadcrumb\",\"itemListElement\":[{\"@type\":\"ListItem\",\"position\":1,\"name\":\"Inicio\",\"item\":\"https:\/\/apuntesdesanluis.com\/\"},{\"@type\":\"ListItem\",\"position\":2,\"name\":\"MEZQUINDAD ELECTORAL: AHORA JXC CRITICA A MASSA POR LA ELIMINACI\u00d3N DE GANANCIAS Y DIJO QUE NO LA VOTAR\u00c1\"}]},{\"@type\":\"WebSite\",\"@id\":\"https:\/\/apuntesdesanluis.com\/#website\",\"url\":\"https:\/\/apuntesdesanluis.com\/\",\"name\":\"Apuntes de San Luis\",\"description\":\"\",\"publisher\":{\"@id\":\"https:\/\/apuntesdesanluis.com\/#\/schema\/person\/b55151d52296fcce64d1a72538a70b90\"},\"potentialAction\":[{\"@type\":\"SearchAction\",\"target\":{\"@type\":\"EntryPoint\",\"urlTemplate\":\"https:\/\/apuntesdesanluis.com\/?s={search_term_string}\"},\"query-input\":{\"@type\":\"PropertyValueSpecification\",\"valueRequired\":true,\"valueName\":\"search_term_string\"}}],\"inLanguage\":\"es-AR\"},{\"@type\":[\"Person\",\"Organization\"],\"@id\":\"https:\/\/apuntesdesanluis.com\/#\/schema\/person\/b55151d52296fcce64d1a72538a70b90\",\"name\":\"apuntesdesanluis.com\",\"image\":{\"@type\":\"ImageObject\",\"inLanguage\":\"es-AR\",\"@id\":\"https:\/\/apuntesdesanluis.com\/#\/schema\/person\/image\/\",\"url\":\"https:\/\/apuntesdesanluis.com\/wp-content\/uploads\/2023\/07\/cropped-apuntesdesanluis.png\",\"contentUrl\":\"https:\/\/apuntesdesanluis.com\/wp-content\/uploads\/2023\/07\/cropped-apuntesdesanluis.png\",\"width\":450,\"height\":112,\"caption\":\"apuntesdesanluis.com\"},\"logo\":{\"@id\":\"https:\/\/apuntesdesanluis.com\/#\/schema\/person\/image\/\"},\"sameAs\":[\"https:\/\/apuntesdesanluis.com\"],\"url\":\"https:\/\/apuntesdesanluis.com\/index.php\/author\/apuntesdesanluis-com\/\"}]}<\/script>\n<!-- \/ Yoast SEO plugin. -->","yoast_head_json":{"title":"MEZQUINDAD ELECTORAL: AHORA JXC CRITICA A MASSA POR LA ELIMINACI\u00d3N DE GANANCIAS Y DIJO QUE NO LA VOTAR\u00c1 - Apuntes de San Luis","robots":{"index":"index","follow":"follow","max-snippet":"max-snippet:-1","max-image-preview":"max-image-preview:large","max-video-preview":"max-video-preview:-1"},"canonical":"https:\/\/apuntesdesanluis.com\/index.php\/2023\/09\/12\/mezquindad-electoral-ahora-jxc-critica-a-massa-por-la-eliminacion-de-ganancias-y-dijo-que-no-la-votara\/","og_locale":"es_ES","og_type":"article","og_title":"MEZQUINDAD ELECTORAL: AHORA JXC CRITICA A MASSA POR LA ELIMINACI\u00d3N DE GANANCIAS Y DIJO QUE NO LA VOTAR\u00c1 - Apuntes de San Luis","og_description":"El espacio que lleva a Patricia Bullrich como candidata a presidenta avis\u00f3 que no dar\u00e1...","og_url":"https:\/\/apuntesdesanluis.com\/index.php\/2023\/09\/12\/mezquindad-electoral-ahora-jxc-critica-a-massa-por-la-eliminacion-de-ganancias-y-dijo-que-no-la-votara\/","og_site_name":"Apuntes de San Luis","article_published_time":"2023-09-12T23:22:30+00:00","og_image":[{"width":700,"height":416,"url":"https:\/\/apuntesdesanluis.com\/wp-content\/uploads\/2023\/09\/macri.png","type":"image\/png"}],"author":"apuntesdesanluis.com","twitter_card":"summary_large_image","twitter_misc":{"Escrito por":"apuntesdesanluis.com","Tiempo de lectura":"4 minutos"},"schema":{"@context":"https:\/\/schema.org","@graph":[{"@type":"Article","@id":"https:\/\/apuntesdesanluis.com\/index.php\/2023\/09\/12\/mezquindad-electoral-ahora-jxc-critica-a-massa-por-la-eliminacion-de-ganancias-y-dijo-que-no-la-votara\/#article","isPartOf":{"@id":"https:\/\/apuntesdesanluis.com\/index.php\/2023\/09\/12\/mezquindad-electoral-ahora-jxc-critica-a-massa-por-la-eliminacion-de-ganancias-y-dijo-que-no-la-votara\/"},"author":{"name":"apuntesdesanluis.com","@id":"https:\/\/apuntesdesanluis.com\/#\/schema\/person\/b55151d52296fcce64d1a72538a70b90"},"headline":"MEZQUINDAD ELECTORAL: AHORA JXC CRITICA A MASSA POR LA ELIMINACI\u00d3N DE GANANCIAS Y DIJO QUE NO LA VOTAR\u00c1","datePublished":"2023-09-12T23:22:30+00:00","mainEntityOfPage":{"@id":"https:\/\/apuntesdesanluis.com\/index.php\/2023\/09\/12\/mezquindad-electoral-ahora-jxc-critica-a-massa-por-la-eliminacion-de-ganancias-y-dijo-que-no-la-votara\/"},"wordCount":870,"publisher":{"@id":"https:\/\/apuntesdesanluis.com\/#\/schema\/person\/b55151d52296fcce64d1a72538a70b90"},"image":{"@id":"https:\/\/apuntesdesanluis.com\/index.php\/2023\/09\/12\/mezquindad-electoral-ahora-jxc-critica-a-massa-por-la-eliminacion-de-ganancias-y-dijo-que-no-la-votara\/#primaryimage"},"thumbnailUrl":"https:\/\/apuntesdesanluis.com\/wp-content\/uploads\/2023\/09\/macri.png","articleSection":["Nacionales\/Internacionales"],"inLanguage":"es-AR"},{"@type":"WebPage","@id":"https:\/\/apuntesdesanluis.com\/index.php\/2023\/09\/12\/mezquindad-electoral-ahora-jxc-critica-a-massa-por-la-eliminacion-de-ganancias-y-dijo-que-no-la-votara\/","url":"https:\/\/apuntesdesanluis.com\/index.php\/2023\/09\/12\/mezquindad-electoral-ahora-jxc-critica-a-massa-por-la-eliminacion-de-ganancias-y-dijo-que-no-la-votara\/","name":"MEZQUINDAD ELECTORAL: AHORA JXC CRITICA A MASSA POR LA ELIMINACI\u00d3N DE GANANCIAS Y DIJO QUE NO LA VOTAR\u00c1 - Apuntes de San Luis","isPartOf":{"@id":"https:\/\/apuntesdesanluis.com\/#website"},"primaryImageOfPage":{"@id":"https:\/\/apuntesdesanluis.com\/index.php\/2023\/09\/12\/mezquindad-electoral-ahora-jxc-critica-a-massa-por-la-eliminacion-de-ganancias-y-dijo-que-no-la-votara\/#primaryimage"},"image":{"@id":"https:\/\/apuntesdesanluis.com\/index.php\/2023\/09\/12\/mezquindad-electoral-ahora-jxc-critica-a-massa-por-la-eliminacion-de-ganancias-y-dijo-que-no-la-votara\/#primaryimage"},"thumbnailUrl":"https:\/\/apuntesdesanluis.com\/wp-content\/uploads\/2023\/09\/macri.png","datePublished":"2023-09-12T23:22:30+00:00","breadcrumb":{"@id":"https:\/\/apuntesdesanluis.com\/index.php\/2023\/09\/12\/mezquindad-electoral-ahora-jxc-critica-a-massa-por-la-eliminacion-de-ganancias-y-dijo-que-no-la-votara\/#breadcrumb"},"inLanguage":"es-AR","potentialAction":[{"@type":"ReadAction","target":["https:\/\/apuntesdesanluis.com\/index.php\/2023\/09\/12\/mezquindad-electoral-ahora-jxc-critica-a-massa-por-la-eliminacion-de-ganancias-y-dijo-que-no-la-votara\/"]}]},{"@type":"ImageObject","inLanguage":"es-AR","@id":"https:\/\/apuntesdesanluis.com\/index.php\/2023\/09\/12\/mezquindad-electoral-ahora-jxc-critica-a-massa-por-la-eliminacion-de-ganancias-y-dijo-que-no-la-votara\/#primaryimage","url":"https:\/\/apuntesdesanluis.com\/wp-content\/uploads\/2023\/09\/macri.png","contentUrl":"https:\/\/apuntesdesanluis.com\/wp-content\/uploads\/2023\/09\/macri.png","width":700,"height":416},{"@type":"BreadcrumbList","@id":"https:\/\/apuntesdesanluis.com\/index.php\/2023\/09\/12\/mezquindad-electoral-ahora-jxc-critica-a-massa-por-la-eliminacion-de-ganancias-y-dijo-que-no-la-votara\/#breadcrumb","itemListElement":[{"@type":"ListItem","position":1,"name":"Inicio","item":"https:\/\/apuntesdesanluis.com\/"},{"@type":"ListItem","position":2,"name":"MEZQUINDAD ELECTORAL: AHORA JXC CRITICA A MASSA POR LA ELIMINACI\u00d3N DE GANANCIAS Y DIJO QUE NO LA VOTAR\u00c1"}]},{"@type":"WebSite","@id":"https:\/\/apuntesdesanluis.com\/#website","url":"https:\/\/apuntesdesanluis.com\/","name":"Apuntes de San Luis","description":"","publisher":{"@id":"https:\/\/apuntesdesanluis.com\/#\/schema\/person\/b55151d52296fcce64d1a72538a70b90"},"potentialAction":[{"@type":"SearchAction","target":{"@type":"EntryPoint","urlTemplate":"https:\/\/apuntesdesanluis.com\/?s={search_term_string}"},"query-input":{"@type":"PropertyValueSpecification","valueRequired":true,"valueName":"search_term_string"}}],"inLanguage":"es-AR"},{"@type":["Person","Organization"],"@id":"https:\/\/apuntesdesanluis.com\/#\/schema\/person\/b55151d52296fcce64d1a72538a70b90","name":"apuntesdesanluis.com","image":{"@type":"ImageObject","inLanguage":"es-AR","@id":"https:\/\/apuntesdesanluis.com\/#\/schema\/person\/image\/","url":"https:\/\/apuntesdesanluis.com\/wp-content\/uploads\/2023\/07\/cropped-apuntesdesanluis.png","contentUrl":"https:\/\/apuntesdesanluis.com\/wp-content\/uploads\/2023\/07\/cropped-apuntesdesanluis.png","width":450,"height":112,"caption":"apuntesdesanluis.com"},"logo":{"@id":"https:\/\/apuntesdesanluis.com\/#\/schema\/person\/image\/"},"sameAs":["https:\/\/apuntesdesanluis.com"],"url":"https:\/\/apuntesdesanluis.com\/index.php\/author\/apuntesdesanluis-com\/"}]}},"featured_image_urls":{"full":["https:\/\/apuntesdesanluis.com\/wp-content\/uploads\/2023\/09\/macri.png",700,416,false],"thumbnail":["https:\/\/apuntesdesanluis.com\/wp-content\/uploads\/2023\/09\/macri-150x150.png",150,150,true],"medium":["https:\/\/apuntesdesanluis.com\/wp-content\/uploads\/2023\/09\/macri-300x178.png",300,178,true],"medium_large":["https:\/\/apuntesdesanluis.com\/wp-content\/uploads\/2023\/09\/macri.png",640,380,false],"large":["https:\/\/apuntesdesanluis.com\/wp-content\/uploads\/2023\/09\/macri.png",640,380,false],"1536x1536":["https:\/\/apuntesdesanluis.com\/wp-content\/uploads\/2023\/09\/macri.png",700,416,false],"2048x2048":["https:\/\/apuntesdesanluis.com\/wp-content\/uploads\/2023\/09\/macri.png",700,416,false],"newsever-slider-full":["https:\/\/apuntesdesanluis.com\/wp-content\/uploads\/2023\/09\/macri.png",700,416,false],"newsever-featured":["https:\/\/apuntesdesanluis.com\/wp-content\/uploads\/2023\/09\/macri.png",700,416,false],"newsever-medium":["https:\/\/apuntesdesanluis.com\/wp-content\/uploads\/2023\/09\/macri.png",700,416,false]},"author_info":{"display_name":"apuntesdesanluis.com","author_link":"https:\/\/apuntesdesanluis.com\/index.php\/author\/apuntesdesanluis-com\/"},"category_info":"<a href=\"https:\/\/apuntesdesanluis.com\/index.php\/category\/nacionales-internacionales\/\" rel=\"category tag\">Nacionales\/Internacionales<\/a>","tag_info":"Nacionales\/Internacionales","comment_count":"0","_links":{"self":[{"href":"https:\/\/apuntesdesanluis.com\/index.php\/wp-json\/wp\/v2\/posts\/3206","targetHints":{"allow":["GET"]}}],"collection":[{"href":"https:\/\/apuntesdesanluis.com\/index.php\/wp-json\/wp\/v2\/posts"}],"about":[{"href":"https:\/\/apuntesdesanluis.com\/index.php\/wp-json\/wp\/v2\/types\/post"}],"author":[{"embeddable":true,"href":"https:\/\/apuntesdesanluis.com\/index.php\/wp-json\/wp\/v2\/users\/1"}],"replies":[{"embeddable":true,"href":"https:\/\/apuntesdesanluis.com\/index.php\/wp-json\/wp\/v2\/comments?post=3206"}],"version-history":[{"count":1,"href":"https:\/\/apuntesdesanluis.com\/index.php\/wp-json\/wp\/v2\/posts\/3206\/revisions"}],"predecessor-version":[{"id":3209,"href":"https:\/\/apuntesdesanluis.com\/index.php\/wp-json\/wp\/v2\/posts\/3206\/revisions\/3209"}],"wp:featuredmedia":[{"embeddable":true,"href":"https:\/\/apuntesdesanluis.com\/index.php\/wp-json\/wp\/v2\/media\/3207"}],"wp:attachment":[{"href":"https:\/\/apuntesdesanluis.com\/index.php\/wp-json\/wp\/v2\/media?parent=3206"}],"wp:term":[{"taxonomy":"category","embeddable":true,"href":"https:\/\/apuntesdesanluis.com\/index.php\/wp-json\/wp\/v2\/categories?post=3206"},{"taxonomy":"post_tag","embeddable":true,"href":"https:\/\/apuntesdesanluis.com\/index.php\/wp-json\/wp\/v2\/tags?post=3206"}],"curies":[{"name":"wp","href":"https:\/\/api.w.org\/{rel}","templated":true}]}}